{"id":95638,"date":"2018-06-15T16:23:51","date_gmt":"2018-06-15T14:23:51","guid":{"rendered":"http:\/\/www.bellunopress.it\/?p=95638"},"modified":"2018-06-15T16:23:51","modified_gmt":"2018-06-15T14:23:51","slug":"la-sicurezza-sul-lavoro-tra-responsabilita-amministrativa-della-societa-e-responsabilita-penale-dei-soggetti-garanti-ieri-al-san-martino-il-convegno","status":"publish","type":"post","link":"https:\/\/www.bellunopress.it\/fr\/2018\/06\/15\/la-sicurezza-sul-lavoro-tra-responsabilita-amministrativa-della-societa-e-responsabilita-penale-dei-soggetti-garanti-ieri-al-san-martino-il-convegno\/","title":{"rendered":"La sicurezza sul lavoro tra responsabilit\u00e0 amministrativa della societ\u00e0 e responsabilit\u00e0 penale dei soggetti garanti. Ieri al San Martino il convegno"},"content":{"rendered":"<p><a href=\"http:\/\/www.bellunopress.it\/fr\/2017\/04\/12\/uova-pasquali-in-pediatria-dalla-questura-di-belluno\/ospedale-san-martino-belluno\/\" rel=\"attachment wp-att-85726\"><img loading=\"lazy\" decoding=\"async\" class=\"alignleft size-full wp-image-85726\" src=\"http:\/\/www.bellunopress.it\/wp-content\/uploads\/2017\/04\/ospedale-san-martino-belluno.jpg\" alt=\"\" width=\"280\" height=\"147\" \/><\/a>Belluno, 15 giugno 2018\u00a0 &#8211; Si \u00e8 tenuto ieri a Belluno nella sala riunioni dell\u2019Ospedale San Martino il seminario \u201cLa sicurezza sul lavoro tra responsabilit\u00e0 amministrativa della Societ\u00e0 e responsabilit\u00e0 penale dei soggetti garanti\u201d<br \/>\nL\u2019evento \u00e8 stato organizzato dal Comitato di Coordinamento provinciale per la Prevenzione e la vigilanza in materia di sicurezza sul lavoro della Provincia di Belluno (costituito da tutti gli Enti di vigilanza in materia di sicurezza sul lavoro e dalle associazioni di categoria di lavoratori e imprenditori), al fine di rendere consapevoli i datori di lavoro e i Responsabili sicurezza prevenzione protezione e le altre figure della sicurezza aziendale delle responsabilit\u00e0, non solo penali ma anche amministrative, in caso di infortuni e malattie professionali.<br \/>\nIl D.Lgs 81\/08 ha introdotto, infatti, la responsabilit\u00e0 amministrativa delle imprese a seguito di infortuni gravi e mortali avvenuti in violazione delle norme di sicurezza. Contemporaneamente, per\u00f2, ha individuato anche gli strumenti \u201cesimenti\u201d di tali responsabilit\u00e0, ossia i modelli di organizzazione e gestione (MOGS) della sicurezza aziendale.<br \/>\nL\u2019incontro ha voluto chiarire l\u2019importanza per le imprese di dotarsi di questo strumento che garantisce l\u2019attuazione della sicurezza sul lavoro, perch\u00e9 da un lato, definendo ruoli e responsabilit\u00e0 dei soggetti, rende espliciti gli obblighi stabiliti dal D.Lgs 81\/08 per ognuna delle figure aziendale dall\u2019altro, pianificando e documentando tutti i processi della prevenzione, rende concreta l\u2019azione prevenzionale.<br \/>\nLe relazioni hanno affrontato l\u2019argomento dai vari punti di vista:<br \/>\nIl procuratore della Repubblica di Belluno, dott. Paolo Luca, ha illustrato le responsabilit\u00e0 penali in materia di sicurezza sul lavoro dei soggetti aziendali, mettendo in luce l\u2019importanza dell\u2019individuazione dei loro ruoli all\u2019interno dell\u2019organizzazione aziendale.<br \/>\nLo Spisal dell\u2019Ulss 1 Dolomiti ha informato come il servizio pubblico interviene in termini di vigilanza e quali aspetti controlla in fase di ispezione.<br \/>\nA completare il quadro ci sono state le relazioni dell\u2019avvocato Marco Tonellotto, esperto in ambiente e sicurezza sul lavoro, che ha presentato diversi casi in cui la Corte di Cassazione ha affrontato la materia, e quella dell\u2019ing Chiara Anselmi, esperto in sistemi di gestione per l\u2019ambiente, la sicurezza e la qualit\u00e0 che ha illustrato i principali sistemi e modelli di organizzazione e gestione in materie di sicurezza sul lavoro utilizzabili dalle imprese.<br \/>\nL\u2019affluenza \u00e8 stata numerosa, costituita prevalentemente da imprenditori e addetti ai lavori con attiva partecipazione alla discussione conclusiva.<\/p>","protected":false},"excerpt":{"rendered":"<p>Belluno, 15 giugno 2018\u00a0 &#8211; Si \u00e8 tenuto ieri a Belluno nella sala riunioni dell\u2019Ospedale San Martino il seminario \u201cLa sicurezza sul lavoro tra responsabilit\u00e0 amministrativa della Societ\u00e0 e responsabilit\u00e0 penale dei soggetti garanti\u201d L\u2019evento \u00e8 stato organizzato dal Comitato di Coordinamento provinciale per la Prevenzione e la vigilanza in materia di sicurezza sul lavoro [&hellip;]<\/p>\n","protected":false},"author":2,"featured_media":0,"comment_status":"closed","ping_status":"open","sticky":false,"template":"","format":"standard","meta":{"footnotes":""},"categories":[36,26],"tags":[],"class_list":["post-95638","post","type-post","status-publish","format-standard","category-lavoro-economia","category-prima-pagina"],"yoast_head":"<!-- This site is optimized with the Yoast SEO plugin v28.4 - https:\/\/yoast.com\/product\/yoast-seo-wordpress\/ -->\n<title>La sicurezza sul lavoro tra responsabilit\u00e0 amministrativa della societ\u00e0 e responsabilit\u00e0 penale dei soggetti garanti. Ieri al San Martino il convegno - Bellunopress - Dolomiti<\/title>\n<meta name=\"robots\" content=\"index, follow, max-snippet:-1, max-image-preview:large, max-video-preview:-1\" \/>\n<link rel=\"canonical\" href=\"https:\/\/www.bellunopress.it\/fr\/2018\/06\/15\/la-sicurezza-sul-lavoro-tra-responsabilita-amministrativa-della-societa-e-responsabilita-penale-dei-soggetti-garanti-ieri-al-san-martino-il-convegno\/\" \/>\n<meta property=\"og:locale\" content=\"fr_FR\" \/>\n<meta property=\"og:type\" content=\"article\" \/>\n<meta property=\"og:title\" content=\"La sicurezza sul lavoro tra responsabilit\u00e0 amministrativa della societ\u00e0 e responsabilit\u00e0 penale dei soggetti garanti. Ieri al San Martino il convegno - Bellunopress - Dolomiti\" \/>\n<meta property=\"og:description\" content=\"Belluno, 15 giugno 2018\u00a0 &#8211; Si \u00e8 tenuto ieri a Belluno nella sala riunioni dell\u2019Ospedale San Martino il seminario \u201cLa sicurezza sul lavoro tra responsabilit\u00e0 amministrativa della Societ\u00e0 e responsabilit\u00e0 penale dei soggetti garanti\u201d L\u2019evento \u00e8 stato organizzato dal Comitato di Coordinamento provinciale per la Prevenzione e la vigilanza in materia di sicurezza sul lavoro [&hellip;]\" \/>\n<meta property=\"og:url\" content=\"https:\/\/www.bellunopress.it\/fr\/2018\/06\/15\/la-sicurezza-sul-lavoro-tra-responsabilita-amministrativa-della-societa-e-responsabilita-penale-dei-soggetti-garanti-ieri-al-san-martino-il-convegno\/\" \/>\n<meta property=\"og:site_name\" content=\"Bellunopress - Dolomiti\" \/>\n<meta property=\"article:publisher\" content=\"https:\/\/www.facebook.com\/profile.php?id=100008943462799\" \/>\n<meta property=\"article:published_time\" content=\"2018-06-15T14:23:51+00:00\" \/>\n<meta property=\"og:image\" content=\"http:\/\/www.bellunopress.it\/wp-content\/uploads\/2017\/04\/ospedale-san-martino-belluno.jpg\" \/>\n<meta name=\"author\" content=\"redazione\" \/>\n<meta name=\"twitter:card\" content=\"summary_large_image\" \/>\n<meta name=\"twitter:creator\" content=\"@bellunopress\" \/>\n<meta name=\"twitter:site\" content=\"@bellunopress\" \/>\n<meta name=\"twitter:label1\" content=\"\u00c9crit par\" \/>\n\t<meta name=\"twitter:data1\" content=\"redazione\" \/>\n\t<meta name=\"twitter:label2\" content=\"Dur\u00e9e de lecture estim\u00e9e\" \/>\n\t<meta name=\"twitter:data2\" content=\"2 minutes\" \/>\n<script type=\"application\/ld+json\" class=\"yoast-schema-graph\">{\"@context\":\"https:\\\/\\\/schema.org\",\"@graph\":[{\"@type\":\"Article\",\"@id\":\"https:\\\/\\\/www.bellunopress.it\\\/2018\\\/06\\\/15\\\/la-sicurezza-sul-lavoro-tra-responsabilita-amministrativa-della-societa-e-responsabilita-penale-dei-soggetti-garanti-ieri-al-san-martino-il-convegno\\\/#article\",\"isPartOf\":{\"@id\":\"https:\\\/\\\/www.bellunopress.it\\\/2018\\\/06\\\/15\\\/la-sicurezza-sul-lavoro-tra-responsabilita-amministrativa-della-societa-e-responsabilita-penale-dei-soggetti-garanti-ieri-al-san-martino-il-convegno\\\/\"},\"author\":{\"name\":\"redazione\",\"@id\":\"https:\\\/\\\/www.bellunopress.it\\\/#\\\/schema\\\/person\\\/79bb06722b37ece1c03d3e94beb30d73\"},\"headline\":\"La sicurezza sul lavoro tra responsabilit\u00e0 amministrativa della societ\u00e0 e responsabilit\u00e0 penale dei soggetti garanti. Ieri al San Martino il convegno\",\"datePublished\":\"2018-06-15T14:23:51+00:00\",\"mainEntityOfPage\":{\"@id\":\"https:\\\/\\\/www.bellunopress.it\\\/2018\\\/06\\\/15\\\/la-sicurezza-sul-lavoro-tra-responsabilita-amministrativa-della-societa-e-responsabilita-penale-dei-soggetti-garanti-ieri-al-san-martino-il-convegno\\\/\"},\"wordCount\":411,\"publisher\":{\"@id\":\"https:\\\/\\\/www.bellunopress.it\\\/#organization\"},\"image\":{\"@id\":\"https:\\\/\\\/www.bellunopress.it\\\/2018\\\/06\\\/15\\\/la-sicurezza-sul-lavoro-tra-responsabilita-amministrativa-della-societa-e-responsabilita-penale-dei-soggetti-garanti-ieri-al-san-martino-il-convegno\\\/#primaryimage\"},\"thumbnailUrl\":\"http:\\\/\\\/www.bellunopress.it\\\/wp-content\\\/uploads\\\/2017\\\/04\\\/ospedale-san-martino-belluno.jpg\",\"articleSection\":[\"Lavoro, Economia, Turismo\",\"Prima Pagina\"],\"inLanguage\":\"fr-FR\"},{\"@type\":\"WebPage\",\"@id\":\"https:\\\/\\\/www.bellunopress.it\\\/2018\\\/06\\\/15\\\/la-sicurezza-sul-lavoro-tra-responsabilita-amministrativa-della-societa-e-responsabilita-penale-dei-soggetti-garanti-ieri-al-san-martino-il-convegno\\\/\",\"url\":\"https:\\\/\\\/www.bellunopress.it\\\/2018\\\/06\\\/15\\\/la-sicurezza-sul-lavoro-tra-responsabilita-amministrativa-della-societa-e-responsabilita-penale-dei-soggetti-garanti-ieri-al-san-martino-il-convegno\\\/\",\"name\":\"La sicurezza sul lavoro tra responsabilit\u00e0 amministrativa della societ\u00e0 e responsabilit\u00e0 penale dei soggetti garanti. Ieri al San Martino il convegno - Bellunopress - Dolomiti\",\"isPartOf\":{\"@id\":\"https:\\\/\\\/www.bellunopress.it\\\/#website\"},\"primaryImageOfPage\":{\"@id\":\"https:\\\/\\\/www.bellunopress.it\\\/2018\\\/06\\\/15\\\/la-sicurezza-sul-lavoro-tra-responsabilita-amministrativa-della-societa-e-responsabilita-penale-dei-soggetti-garanti-ieri-al-san-martino-il-convegno\\\/#primaryimage\"},\"image\":{\"@id\":\"https:\\\/\\\/www.bellunopress.it\\\/2018\\\/06\\\/15\\\/la-sicurezza-sul-lavoro-tra-responsabilita-amministrativa-della-societa-e-responsabilita-penale-dei-soggetti-garanti-ieri-al-san-martino-il-convegno\\\/#primaryimage\"},\"thumbnailUrl\":\"http:\\\/\\\/www.bellunopress.it\\\/wp-content\\\/uploads\\\/2017\\\/04\\\/ospedale-san-martino-belluno.jpg\",\"datePublished\":\"2018-06-15T14:23:51+00:00\",\"breadcrumb\":{\"@id\":\"https:\\\/\\\/www.bellunopress.it\\\/2018\\\/06\\\/15\\\/la-sicurezza-sul-lavoro-tra-responsabilita-amministrativa-della-societa-e-responsabilita-penale-dei-soggetti-garanti-ieri-al-san-martino-il-convegno\\\/#breadcrumb\"},\"inLanguage\":\"fr-FR\",\"potentialAction\":[{\"@type\":\"ReadAction\",\"target\":[\"https:\\\/\\\/www.bellunopress.it\\\/2018\\\/06\\\/15\\\/la-sicurezza-sul-lavoro-tra-responsabilita-amministrativa-della-societa-e-responsabilita-penale-dei-soggetti-garanti-ieri-al-san-martino-il-convegno\\\/\"]}]},{\"@type\":\"ImageObject\",\"inLanguage\":\"fr-FR\",\"@id\":\"https:\\\/\\\/www.bellunopress.it\\\/2018\\\/06\\\/15\\\/la-sicurezza-sul-lavoro-tra-responsabilita-amministrativa-della-societa-e-responsabilita-penale-dei-soggetti-garanti-ieri-al-san-martino-il-convegno\\\/#primaryimage\",\"url\":\"http:\\\/\\\/www.bellunopress.it\\\/wp-content\\\/uploads\\\/2017\\\/04\\\/ospedale-san-martino-belluno.jpg\",\"contentUrl\":\"http:\\\/\\\/www.bellunopress.it\\\/wp-content\\\/uploads\\\/2017\\\/04\\\/ospedale-san-martino-belluno.jpg\"},{\"@type\":\"BreadcrumbList\",\"@id\":\"https:\\\/\\\/www.bellunopress.it\\\/2018\\\/06\\\/15\\\/la-sicurezza-sul-lavoro-tra-responsabilita-amministrativa-della-societa-e-responsabilita-penale-dei-soggetti-garanti-ieri-al-san-martino-il-convegno\\\/#breadcrumb\",\"itemListElement\":[{\"@type\":\"ListItem\",\"position\":1,\"name\":\"Home\",\"item\":\"https:\\\/\\\/www.bellunopress.it\\\/\"},{\"@type\":\"ListItem\",\"position\":2,\"name\":\"La sicurezza sul lavoro tra responsabilit\u00e0 amministrativa della societ\u00e0 e responsabilit\u00e0 penale dei soggetti garanti. Ieri al San Martino il convegno\"}]},{\"@type\":\"WebSite\",\"@id\":\"https:\\\/\\\/www.bellunopress.it\\\/#website\",\"url\":\"https:\\\/\\\/www.bellunopress.it\\\/\",\"name\":\"Bellunopress - Dolomiti\",\"description\":\"e-mail: redazione@bellunopress.it\",\"publisher\":{\"@id\":\"https:\\\/\\\/www.bellunopress.it\\\/#organization\"},\"potentialAction\":[{\"@type\":\"SearchAction\",\"target\":{\"@type\":\"EntryPoint\",\"urlTemplate\":\"https:\\\/\\\/www.bellunopress.it\\\/?s={search_term_string}\"},\"query-input\":{\"@type\":\"PropertyValueSpecification\",\"valueRequired\":true,\"valueName\":\"search_term_string\"}}],\"inLanguage\":\"fr-FR\"},{\"@type\":\"Organization\",\"@id\":\"https:\\\/\\\/www.bellunopress.it\\\/#organization\",\"name\":\"Bellunopress\",\"url\":\"https:\\\/\\\/www.bellunopress.it\\\/\",\"logo\":{\"@type\":\"ImageObject\",\"inLanguage\":\"fr-FR\",\"@id\":\"https:\\\/\\\/www.bellunopress.it\\\/#\\\/schema\\\/logo\\\/image\\\/\",\"url\":\"https:\\\/\\\/www.bellunopress.it\\\/wp-content\\\/uploads\\\/2011\\\/05\\\/cropped-logo-bellunopress-.jpg\",\"contentUrl\":\"https:\\\/\\\/www.bellunopress.it\\\/wp-content\\\/uploads\\\/2011\\\/05\\\/cropped-logo-bellunopress-.jpg\",\"width\":512,\"height\":512,\"caption\":\"Bellunopress\"},\"image\":{\"@id\":\"https:\\\/\\\/www.bellunopress.it\\\/#\\\/schema\\\/logo\\\/image\\\/\"},\"sameAs\":[\"https:\\\/\\\/www.facebook.com\\\/profile.php?id=100008943462799\",\"https:\\\/\\\/x.com\\\/bellunopress\",\"https:\\\/\\\/www.linkedin.com\\\/hp\\\/?dnr=JBzUWaJfMUw8vbXJJ2tVW5-I3jZKvC4wsoxE&amp;amp;amp;amp;amp;amp;trk=nav_responsive_tab_home\",\"https:\\\/\\\/www.youtube.com\\\/channel\\\/UCxL0wu1uN0_3_7hGG0306cw\"]},{\"@type\":\"Person\",\"@id\":\"https:\\\/\\\/www.bellunopress.it\\\/#\\\/schema\\\/person\\\/79bb06722b37ece1c03d3e94beb30d73\",\"name\":\"redazione\",\"image\":{\"@type\":\"ImageObject\",\"inLanguage\":\"fr-FR\",\"@id\":\"https:\\\/\\\/secure.gravatar.com\\\/avatar\\\/37d968a2e67a6fd04c169c4bdef102d0bc5d31b2546345219e348575eb80e9a0?s=96&d=mm&r=g\",\"url\":\"https:\\\/\\\/secure.gravatar.com\\\/avatar\\\/37d968a2e67a6fd04c169c4bdef102d0bc5d31b2546345219e348575eb80e9a0?s=96&d=mm&r=g\",\"contentUrl\":\"https:\\\/\\\/secure.gravatar.com\\\/avatar\\\/37d968a2e67a6fd04c169c4bdef102d0bc5d31b2546345219e348575eb80e9a0?s=96&d=mm&r=g\",\"caption\":\"redazione\"},\"sameAs\":[\"http:\\\/\\\/www.bellunopress.it\",\"https:\\\/\\\/x.com\\\/bellunopress\"],\"url\":\"https:\\\/\\\/www.bellunopress.it\\\/fr\\\/author\\\/redazione\\\/\"}]}<\/script>\n<!-- \/ Yoast SEO plugin. -->","yoast_head_json":{"title":"La sicurezza sul lavoro tra responsabilit\u00e0 amministrativa della societ\u00e0 e responsabilit\u00e0 penale dei soggetti garanti. Ieri al San Martino il convegno - Bellunopress - Dolomiti","robots":{"index":"index","follow":"follow","max-snippet":"max-snippet:-1","max-image-preview":"max-image-preview:large","max-video-preview":"max-video-preview:-1"},"canonical":"https:\/\/www.bellunopress.it\/fr\/2018\/06\/15\/la-sicurezza-sul-lavoro-tra-responsabilita-amministrativa-della-societa-e-responsabilita-penale-dei-soggetti-garanti-ieri-al-san-martino-il-convegno\/","og_locale":"fr_FR","og_type":"article","og_title":"La sicurezza sul lavoro tra responsabilit\u00e0 amministrativa della societ\u00e0 e responsabilit\u00e0 penale dei soggetti garanti. Ieri al San Martino il convegno - Bellunopress - Dolomiti","og_description":"Belluno, 15 giugno 2018\u00a0 &#8211; Si \u00e8 tenuto ieri a Belluno nella sala riunioni dell\u2019Ospedale San Martino il seminario \u201cLa sicurezza sul lavoro tra responsabilit\u00e0 amministrativa della Societ\u00e0 e responsabilit\u00e0 penale dei soggetti garanti\u201d L\u2019evento \u00e8 stato organizzato dal Comitato di Coordinamento provinciale per la Prevenzione e la vigilanza in materia di sicurezza sul lavoro [&hellip;]","og_url":"https:\/\/www.bellunopress.it\/fr\/2018\/06\/15\/la-sicurezza-sul-lavoro-tra-responsabilita-amministrativa-della-societa-e-responsabilita-penale-dei-soggetti-garanti-ieri-al-san-martino-il-convegno\/","og_site_name":"Bellunopress - Dolomiti","article_publisher":"https:\/\/www.facebook.com\/profile.php?id=100008943462799","article_published_time":"2018-06-15T14:23:51+00:00","og_image":[{"url":"http:\/\/www.bellunopress.it\/wp-content\/uploads\/2017\/04\/ospedale-san-martino-belluno.jpg","type":"","width":"","height":""}],"author":"redazione","twitter_card":"summary_large_image","twitter_creator":"@bellunopress","twitter_site":"@bellunopress","twitter_misc":{"\u00c9crit par":"redazione","Dur\u00e9e de lecture estim\u00e9e":"2 minutes"},"schema":{"@context":"https:\/\/schema.org","@graph":[{"@type":"Article","@id":"https:\/\/www.bellunopress.it\/2018\/06\/15\/la-sicurezza-sul-lavoro-tra-responsabilita-amministrativa-della-societa-e-responsabilita-penale-dei-soggetti-garanti-ieri-al-san-martino-il-convegno\/#article","isPartOf":{"@id":"https:\/\/www.bellunopress.it\/2018\/06\/15\/la-sicurezza-sul-lavoro-tra-responsabilita-amministrativa-della-societa-e-responsabilita-penale-dei-soggetti-garanti-ieri-al-san-martino-il-convegno\/"},"author":{"name":"redazione","@id":"https:\/\/www.bellunopress.it\/#\/schema\/person\/79bb06722b37ece1c03d3e94beb30d73"},"headline":"La sicurezza sul lavoro tra responsabilit\u00e0 amministrativa della societ\u00e0 e responsabilit\u00e0 penale dei soggetti garanti. Ieri al San Martino il convegno","datePublished":"2018-06-15T14:23:51+00:00","mainEntityOfPage":{"@id":"https:\/\/www.bellunopress.it\/2018\/06\/15\/la-sicurezza-sul-lavoro-tra-responsabilita-amministrativa-della-societa-e-responsabilita-penale-dei-soggetti-garanti-ieri-al-san-martino-il-convegno\/"},"wordCount":411,"publisher":{"@id":"https:\/\/www.bellunopress.it\/#organization"},"image":{"@id":"https:\/\/www.bellunopress.it\/2018\/06\/15\/la-sicurezza-sul-lavoro-tra-responsabilita-amministrativa-della-societa-e-responsabilita-penale-dei-soggetti-garanti-ieri-al-san-martino-il-convegno\/#primaryimage"},"thumbnailUrl":"http:\/\/www.bellunopress.it\/wp-content\/uploads\/2017\/04\/ospedale-san-martino-belluno.jpg","articleSection":["Lavoro, Economia, Turismo","Prima Pagina"],"inLanguage":"fr-FR"},{"@type":"WebPage","@id":"https:\/\/www.bellunopress.it\/2018\/06\/15\/la-sicurezza-sul-lavoro-tra-responsabilita-amministrativa-della-societa-e-responsabilita-penale-dei-soggetti-garanti-ieri-al-san-martino-il-convegno\/","url":"https:\/\/www.bellunopress.it\/2018\/06\/15\/la-sicurezza-sul-lavoro-tra-responsabilita-amministrativa-della-societa-e-responsabilita-penale-dei-soggetti-garanti-ieri-al-san-martino-il-convegno\/","name":"La sicurezza sul lavoro tra responsabilit\u00e0 amministrativa della societ\u00e0 e responsabilit\u00e0 penale dei soggetti garanti. Ieri al San Martino il convegno - Bellunopress - Dolomiti","isPartOf":{"@id":"https:\/\/www.bellunopress.it\/#website"},"primaryImageOfPage":{"@id":"https:\/\/www.bellunopress.it\/2018\/06\/15\/la-sicurezza-sul-lavoro-tra-responsabilita-amministrativa-della-societa-e-responsabilita-penale-dei-soggetti-garanti-ieri-al-san-martino-il-convegno\/#primaryimage"},"image":{"@id":"https:\/\/www.bellunopress.it\/2018\/06\/15\/la-sicurezza-sul-lavoro-tra-responsabilita-amministrativa-della-societa-e-responsabilita-penale-dei-soggetti-garanti-ieri-al-san-martino-il-convegno\/#primaryimage"},"thumbnailUrl":"http:\/\/www.bellunopress.it\/wp-content\/uploads\/2017\/04\/ospedale-san-martino-belluno.jpg","datePublished":"2018-06-15T14:23:51+00:00","breadcrumb":{"@id":"https:\/\/www.bellunopress.it\/2018\/06\/15\/la-sicurezza-sul-lavoro-tra-responsabilita-amministrativa-della-societa-e-responsabilita-penale-dei-soggetti-garanti-ieri-al-san-martino-il-convegno\/#breadcrumb"},"inLanguage":"fr-FR","potentialAction":[{"@type":"ReadAction","target":["https:\/\/www.bellunopress.it\/2018\/06\/15\/la-sicurezza-sul-lavoro-tra-responsabilita-amministrativa-della-societa-e-responsabilita-penale-dei-soggetti-garanti-ieri-al-san-martino-il-convegno\/"]}]},{"@type":"ImageObject","inLanguage":"fr-FR","@id":"https:\/\/www.bellunopress.it\/2018\/06\/15\/la-sicurezza-sul-lavoro-tra-responsabilita-amministrativa-della-societa-e-responsabilita-penale-dei-soggetti-garanti-ieri-al-san-martino-il-convegno\/#primaryimage","url":"http:\/\/www.bellunopress.it\/wp-content\/uploads\/2017\/04\/ospedale-san-martino-belluno.jpg","contentUrl":"http:\/\/www.bellunopress.it\/wp-content\/uploads\/2017\/04\/ospedale-san-martino-belluno.jpg"},{"@type":"BreadcrumbList","@id":"https:\/\/www.bellunopress.it\/2018\/06\/15\/la-sicurezza-sul-lavoro-tra-responsabilita-amministrativa-della-societa-e-responsabilita-penale-dei-soggetti-garanti-ieri-al-san-martino-il-convegno\/#breadcrumb","itemListElement":[{"@type":"ListItem","position":1,"name":"Home","item":"https:\/\/www.bellunopress.it\/"},{"@type":"ListItem","position":2,"name":"La sicurezza sul lavoro tra responsabilit\u00e0 amministrativa della societ\u00e0 e responsabilit\u00e0 penale dei soggetti garanti. Ieri al San Martino il convegno"}]},{"@type":"WebSite","@id":"https:\/\/www.bellunopress.it\/#website","url":"https:\/\/www.bellunopress.it\/","name":"Bellunopress - Dolomiti","description":"e-mail: redazione@bellunopress.it","publisher":{"@id":"https:\/\/www.bellunopress.it\/#organization"},"potentialAction":[{"@type":"SearchAction","target":{"@type":"EntryPoint","urlTemplate":"https:\/\/www.bellunopress.it\/?s={search_term_string}"},"query-input":{"@type":"PropertyValueSpecification","valueRequired":true,"valueName":"search_term_string"}}],"inLanguage":"fr-FR"},{"@type":"Organization","@id":"https:\/\/www.bellunopress.it\/#organization","name":"Bellunopress","url":"https:\/\/www.bellunopress.it\/","logo":{"@type":"ImageObject","inLanguage":"fr-FR","@id":"https:\/\/www.bellunopress.it\/#\/schema\/logo\/image\/","url":"https:\/\/www.bellunopress.it\/wp-content\/uploads\/2011\/05\/cropped-logo-bellunopress-.jpg","contentUrl":"https:\/\/www.bellunopress.it\/wp-content\/uploads\/2011\/05\/cropped-logo-bellunopress-.jpg","width":512,"height":512,"caption":"Bellunopress"},"image":{"@id":"https:\/\/www.bellunopress.it\/#\/schema\/logo\/image\/"},"sameAs":["https:\/\/www.facebook.com\/profile.php?id=100008943462799","https:\/\/x.com\/bellunopress","https:\/\/www.linkedin.com\/hp\/?dnr=JBzUWaJfMUw8vbXJJ2tVW5-I3jZKvC4wsoxE&amp;amp;amp;amp;amp;amp;trk=nav_responsive_tab_home","https:\/\/www.youtube.com\/channel\/UCxL0wu1uN0_3_7hGG0306cw"]},{"@type":"Person","@id":"https:\/\/www.bellunopress.it\/#\/schema\/person\/79bb06722b37ece1c03d3e94beb30d73","name":"r\u00e9daction","image":{"@type":"ImageObject","inLanguage":"fr-FR","@id":"https:\/\/secure.gravatar.com\/avatar\/37d968a2e67a6fd04c169c4bdef102d0bc5d31b2546345219e348575eb80e9a0?s=96&d=mm&r=g","url":"https:\/\/secure.gravatar.com\/avatar\/37d968a2e67a6fd04c169c4bdef102d0bc5d31b2546345219e348575eb80e9a0?s=96&d=mm&r=g","contentUrl":"https:\/\/secure.gravatar.com\/avatar\/37d968a2e67a6fd04c169c4bdef102d0bc5d31b2546345219e348575eb80e9a0?s=96&d=mm&r=g","caption":"redazione"},"sameAs":["http:\/\/www.bellunopress.it","https:\/\/x.com\/bellunopress"],"url":"https:\/\/www.bellunopress.it\/fr\/author\/redazione\/"}]}},"_links":{"self":[{"href":"https:\/\/www.bellunopress.it\/fr\/wp-json\/wp\/v2\/posts\/95638","targetHints":{"allow":["GET"]}}],"collection":[{"href":"https:\/\/www.bellunopress.it\/fr\/wp-json\/wp\/v2\/posts"}],"about":[{"href":"https:\/\/www.bellunopress.it\/fr\/wp-json\/wp\/v2\/types\/post"}],"author":[{"embeddable":true,"href":"https:\/\/www.bellunopress.it\/fr\/wp-json\/wp\/v2\/users\/2"}],"replies":[{"embeddable":true,"href":"https:\/\/www.bellunopress.it\/fr\/wp-json\/wp\/v2\/comments?post=95638"}],"version-history":[{"count":1,"href":"https:\/\/www.bellunopress.it\/fr\/wp-json\/wp\/v2\/posts\/95638\/revisions"}],"predecessor-version":[{"id":95639,"href":"https:\/\/www.bellunopress.it\/fr\/wp-json\/wp\/v2\/posts\/95638\/revisions\/95639"}],"wp:attachment":[{"href":"https:\/\/www.bellunopress.it\/fr\/wp-json\/wp\/v2\/media?parent=95638"}],"wp:term":[{"taxonomy":"category","embeddable":true,"href":"https:\/\/www.bellunopress.it\/fr\/wp-json\/wp\/v2\/categories?post=95638"},{"taxonomy":"post_tag","embeddable":true,"href":"https:\/\/www.bellunopress.it\/fr\/wp-json\/wp\/v2\/tags?post=95638"}],"curies":[{"name":"wp","href":"https:\/\/api.w.org\/{rel}","templated":true}]}}