{"id":95634,"date":"2018-06-15T15:48:40","date_gmt":"2018-06-15T13:48:40","guid":{"rendered":"http:\/\/www.bellunopress.it\/?p=95634"},"modified":"2018-06-15T15:48:40","modified_gmt":"2018-06-15T13:48:40","slug":"i-gatti-del-nevegal-di-cristiano-fant","status":"publish","type":"post","link":"https:\/\/www.bellunopress.it\/fr\/2018\/06\/15\/i-gatti-del-nevegal-di-cristiano-fant\/","title":{"rendered":"I gatti del Nevegal   * di Cristiano Fant"},"content":{"rendered":"<p><a href=\"http:\/\/www.bellunopress.it\/fr\/2018\/06\/15\/i-gatti-del-nevegal-di-cristiano-fant\/gatto-4\/\" rel=\"attachment wp-att-95635\"><img loading=\"lazy\" decoding=\"async\" class=\"alignleft size-full wp-image-95635\" src=\"http:\/\/www.bellunopress.it\/wp-content\/uploads\/2018\/06\/gatto.jpg\" alt=\"\" width=\"290\" height=\"290\" \/><\/a>Belluno, citt\u00e0 che rispetta gli animali; Belluno che vive circondata dagli animali; Belluno che fa regolamenti di tutela degli animali, regolamenti ricchi e complessi, regolamenti ripieni di articoli e norme (fin troppo); Belluno che crea commissioni per il benessere animale&#8230;. Belluno che si scorda dei suoi animali.<br \/>\nGi\u00e0, perch\u00e9 \u00e8 quello che accade con i gatti che vivono liberi nel comune, randagi legalizzati, regolarmente censiti dalla ASL, felini che sono patrimonio indisponibile dello Stato (lo dice la legge) dei quali ha la tutela e la responsabilit\u00e0 il primo cittadino, in primis, e chiunque lui deleghi allo scopo.<br \/>\nAllora vien da chiedersi perch\u00e9 la referente della colonia censita del Nevegal e suo marito vengono lasciati soli a gestire, a proprie spese, una cinquantina di gatti, da anni. Perch\u00e9 non \u00e8 cos\u00ec che funziona, non \u00e8 questo che la legge prevede.<\/p>\n<p>Il &#8220;mestiere di gattara&#8221; \u00e8 una attivit\u00e0 di volontariato riconosciuta come benemerita perch\u00e9 la persona in questione si prende cura, sfamandoli e curandoli, di animali che sono dello Stato. Fa un favore allo Stato, piaccia o meno a qualcuno; e questo fa risparmiare tempo e denaro alle casse comunali. Ma ci sono dei limiti, degli obblighi ai quali le amministrazioni devono ottemperare perch\u00e9 la Stato delega al primo cittadino la carica di massima autorit\u00e0 sanitaria e questo vale anche per gli animali (D. L. 267\/2000); lo Stato dice anche che il sindaco &#8220;vigila sull&#8217;osservanza delle leggi e dei regolamenti generali e locali relativi alla protezione degli animali ed alla difesa del patrimonio zootecnico&#8221; (Decreto del Presidente della Repubblica 31 marzo 1979); ma non basta. L&#8217;Art. 4 della Legge Nazionale 281\/91 prevede pure che &#8220;i comuni provvedono al controllo delle nascite attraverso la sterilizzazione, provvedono al risanamento dei canili comunali esistenti e costruiscono rifugi per cani, provvedono a gestire canili e gattili sanitari direttamente o in convenzione con le associazioni protezionistiche&#8221;.<\/p>\n<p>Ma questa amministrazione, al suo secondo mandato, i gatti del Nevegal non li ha mai visti n\u00e9 ha mai parlato con la referente di colonia (e a quanto risulta non ha mai parlato con nessun altra referente di colonia nel comune, nonostante le colonie siano molte).<br \/>\nLa situazione del Nevegal \u00e8 nota perch\u00e8 pi\u00f9 volte sono usciti articoli sui giornali locali. Si tratta di una condizione difficile, di disagio per la referente e il marito, costretti a non potersi allontanare da casa per pi\u00f9 di qualche ora, dato l&#8217;alto numero di gatti presenti e le difficolt\u00e0 logistiche nel gestirli.<br \/>\nServono casette che fungano da riparo, tettoie sotto le quali porre il cibo e aiuti economici per gli animali in difficolt\u00e0 sanitarie (mancando spesso il supporto del servizio pubblico).<br \/>\nPretendiamo aiuti e li pretendiamo perch\u00e8 la legge ce lo consente.<\/p>\n<p>Siamo Tutti Animali ha cominciato da qualche mese (alla luce del fallimento di altre associazioni del territorio) ad aiutare in modo costante la coppia che gestisce i felini con aiuti di cibo e, ora, con una lettera mandata al Sindaco di Belluno, al Vice Sindaco, referente dell&#8217;amministrazione per il benessere animale e per conoscenza al Prefetto di Belluno, avente funzioni di &#8220;controllore&#8221; degli organismi provinciali.<br \/>\nLettera cortese ma decisa, come sempre, che ricorda i doveri delle amministrazioni, che ribadisce la disponibilit\u00e0 di Siamo Tutti Animali a collaborare, che ricorda come il tema in questione sia gi\u00e0 stato affrontato qualche mese fa dal sottoscritto con la Vice Sindaco e che, da allora, tutto continua a tacere.<br \/>\nLa situazione \u00e8 inaccettabile ed \u00e8 doveroso per noi rendere i fatti pubblici perch\u00e8 ci siamo assunti il compito di tutelare e pretendere la tutela degli animali presenti in provincia, animali che non hanno voce ma che si fanno sentire atttraverso la nostra.<\/p>\n<p>La nostra lettera ne segue un&#8217;altra nella quale venivano richiesti aiuti economici da distribuire in forma di medicinali alle referenti di colonia del comune; anche quella lettera, vecchia oramai di un anno e mezzo non ha mai avuto risposta.<br \/>\nVien da chiedersi a cosa serva il nuovo regolamento di benessere animale del comune se in primis l&#8217;amministrazione comunale manca ai suoi doveri; vien da chiedersi a cosa serva istituire una commissione per il benessere animale se poi non la si fa lavorare sul campo.<br \/>\nTutte domande che rivolgiamo al Sindaco che, prima della sua rielezione ho personalmente incontrato pi\u00f9 volte per esporre problematiche simili ma che dopo aver ottenuto l&#8217;incarico per la seconda volta non si \u00e8 pi\u00f9 fatto sentire.<br \/>\nLascio ai lettori ogni considerazione in merito.<\/p>\n<p>Cristiano Fant &#8211; Siamo tutti animali<\/p>","protected":false},"excerpt":{"rendered":"<p>Belluno, citt\u00e0 che rispetta gli animali; Belluno che vive circondata dagli animali; Belluno che fa regolamenti di tutela degli animali, regolamenti ricchi e complessi, regolamenti ripieni di articoli e norme (fin troppo); Belluno che crea commissioni per il benessere animale&#8230;. Belluno che si scorda dei suoi animali. Gi\u00e0, perch\u00e9 \u00e8 quello che accade con i [&hellip;]<\/p>\n","protected":false},"author":2,"featured_media":0,"comment_status":"closed","ping_status":"open","sticky":false,"template":"","format":"standard","meta":{"footnotes":""},"categories":[38,26],"tags":[],"class_list":["post-95634","post","type-post","status-publish","format-standard","category-natura-ambiente","category-prima-pagina"],"yoast_head":"<!-- This site is optimized with the Yoast SEO plugin v28.4 - https:\/\/yoast.com\/product\/yoast-seo-wordpress\/ -->\n<title>I gatti del Nevegal  * di Cristiano Fant - Bellunopress - Dolomiti<\/title>\n<meta name=\"robots\" content=\"index, follow, max-snippet:-1, max-image-preview:large, max-video-preview:-1\" \/>\n<link rel=\"canonical\" href=\"https:\/\/www.bellunopress.it\/fr\/2018\/06\/15\/i-gatti-del-nevegal-di-cristiano-fant\/\" \/>\n<meta property=\"og:locale\" content=\"fr_FR\" \/>\n<meta property=\"og:type\" content=\"article\" \/>\n<meta property=\"og:title\" content=\"I gatti del Nevegal  * di Cristiano Fant - Bellunopress - Dolomiti\" \/>\n<meta property=\"og:description\" content=\"Belluno, citt\u00e0 che rispetta gli animali; Belluno che vive circondata dagli animali; Belluno che fa regolamenti di tutela degli animali, regolamenti ricchi e complessi, regolamenti ripieni di articoli e norme (fin troppo); Belluno che crea commissioni per il benessere animale&#8230;. Belluno che si scorda dei suoi animali. Gi\u00e0, perch\u00e9 \u00e8 quello che accade con i [&hellip;]\" \/>\n<meta property=\"og:url\" content=\"https:\/\/www.bellunopress.it\/fr\/2018\/06\/15\/i-gatti-del-nevegal-di-cristiano-fant\/\" \/>\n<meta property=\"og:site_name\" content=\"Bellunopress - Dolomiti\" \/>\n<meta property=\"article:publisher\" content=\"https:\/\/www.facebook.com\/profile.php?id=100008943462799\" \/>\n<meta property=\"article:published_time\" content=\"2018-06-15T13:48:40+00:00\" \/>\n<meta property=\"og:image\" content=\"http:\/\/www.bellunopress.it\/wp-content\/uploads\/2018\/06\/gatto.jpg\" \/>\n<meta name=\"author\" content=\"redazione\" \/>\n<meta name=\"twitter:card\" content=\"summary_large_image\" \/>\n<meta name=\"twitter:creator\" content=\"@bellunopress\" \/>\n<meta name=\"twitter:site\" content=\"@bellunopress\" \/>\n<meta name=\"twitter:label1\" content=\"Written by\" \/>\n\t<meta name=\"twitter:data1\" content=\"redazione\" \/>\n\t<meta name=\"twitter:label2\" content=\"Est. reading time\" \/>\n\t<meta name=\"twitter:data2\" content=\"4 minutes\" \/>\n<script type=\"application\/ld+json\" class=\"yoast-schema-graph\">{\"@context\":\"https:\\\/\\\/schema.org\",\"@graph\":[{\"@type\":\"Article\",\"@id\":\"https:\\\/\\\/www.bellunopress.it\\\/2018\\\/06\\\/15\\\/i-gatti-del-nevegal-di-cristiano-fant\\\/#article\",\"isPartOf\":{\"@id\":\"https:\\\/\\\/www.bellunopress.it\\\/2018\\\/06\\\/15\\\/i-gatti-del-nevegal-di-cristiano-fant\\\/\"},\"author\":{\"name\":\"redazione\",\"@id\":\"https:\\\/\\\/www.bellunopress.it\\\/#\\\/schema\\\/person\\\/79bb06722b37ece1c03d3e94beb30d73\"},\"headline\":\"I gatti del Nevegal * di Cristiano Fant\",\"datePublished\":\"2018-06-15T13:48:40+00:00\",\"mainEntityOfPage\":{\"@id\":\"https:\\\/\\\/www.bellunopress.it\\\/2018\\\/06\\\/15\\\/i-gatti-del-nevegal-di-cristiano-fant\\\/\"},\"wordCount\":740,\"publisher\":{\"@id\":\"https:\\\/\\\/www.bellunopress.it\\\/#organization\"},\"image\":{\"@id\":\"https:\\\/\\\/www.bellunopress.it\\\/2018\\\/06\\\/15\\\/i-gatti-del-nevegal-di-cristiano-fant\\\/#primaryimage\"},\"thumbnailUrl\":\"http:\\\/\\\/www.bellunopress.it\\\/wp-content\\\/uploads\\\/2018\\\/06\\\/gatto.jpg\",\"articleSection\":[\"Meteo, natura, ambiente, animali\",\"Prima Pagina\"],\"inLanguage\":\"fr-FR\"},{\"@type\":\"WebPage\",\"@id\":\"https:\\\/\\\/www.bellunopress.it\\\/2018\\\/06\\\/15\\\/i-gatti-del-nevegal-di-cristiano-fant\\\/\",\"url\":\"https:\\\/\\\/www.bellunopress.it\\\/2018\\\/06\\\/15\\\/i-gatti-del-nevegal-di-cristiano-fant\\\/\",\"name\":\"I gatti del Nevegal * di Cristiano Fant - Bellunopress - Dolomiti\",\"isPartOf\":{\"@id\":\"https:\\\/\\\/www.bellunopress.it\\\/#website\"},\"primaryImageOfPage\":{\"@id\":\"https:\\\/\\\/www.bellunopress.it\\\/2018\\\/06\\\/15\\\/i-gatti-del-nevegal-di-cristiano-fant\\\/#primaryimage\"},\"image\":{\"@id\":\"https:\\\/\\\/www.bellunopress.it\\\/2018\\\/06\\\/15\\\/i-gatti-del-nevegal-di-cristiano-fant\\\/#primaryimage\"},\"thumbnailUrl\":\"http:\\\/\\\/www.bellunopress.it\\\/wp-content\\\/uploads\\\/2018\\\/06\\\/gatto.jpg\",\"datePublished\":\"2018-06-15T13:48:40+00:00\",\"breadcrumb\":{\"@id\":\"https:\\\/\\\/www.bellunopress.it\\\/2018\\\/06\\\/15\\\/i-gatti-del-nevegal-di-cristiano-fant\\\/#breadcrumb\"},\"inLanguage\":\"fr-FR\",\"potentialAction\":[{\"@type\":\"ReadAction\",\"target\":[\"https:\\\/\\\/www.bellunopress.it\\\/2018\\\/06\\\/15\\\/i-gatti-del-nevegal-di-cristiano-fant\\\/\"]}]},{\"@type\":\"ImageObject\",\"inLanguage\":\"fr-FR\",\"@id\":\"https:\\\/\\\/www.bellunopress.it\\\/2018\\\/06\\\/15\\\/i-gatti-del-nevegal-di-cristiano-fant\\\/#primaryimage\",\"url\":\"http:\\\/\\\/www.bellunopress.it\\\/wp-content\\\/uploads\\\/2018\\\/06\\\/gatto.jpg\",\"contentUrl\":\"http:\\\/\\\/www.bellunopress.it\\\/wp-content\\\/uploads\\\/2018\\\/06\\\/gatto.jpg\"},{\"@type\":\"BreadcrumbList\",\"@id\":\"https:\\\/\\\/www.bellunopress.it\\\/2018\\\/06\\\/15\\\/i-gatti-del-nevegal-di-cristiano-fant\\\/#breadcrumb\",\"itemListElement\":[{\"@type\":\"ListItem\",\"position\":1,\"name\":\"Home\",\"item\":\"https:\\\/\\\/www.bellunopress.it\\\/\"},{\"@type\":\"ListItem\",\"position\":2,\"name\":\"I gatti del Nevegal * di Cristiano Fant\"}]},{\"@type\":\"WebSite\",\"@id\":\"https:\\\/\\\/www.bellunopress.it\\\/#website\",\"url\":\"https:\\\/\\\/www.bellunopress.it\\\/\",\"name\":\"Bellunopress - Dolomiti\",\"description\":\"e-mail: redazione@bellunopress.it\",\"publisher\":{\"@id\":\"https:\\\/\\\/www.bellunopress.it\\\/#organization\"},\"potentialAction\":[{\"@type\":\"SearchAction\",\"target\":{\"@type\":\"EntryPoint\",\"urlTemplate\":\"https:\\\/\\\/www.bellunopress.it\\\/?s={search_term_string}\"},\"query-input\":{\"@type\":\"PropertyValueSpecification\",\"valueRequired\":true,\"valueName\":\"search_term_string\"}}],\"inLanguage\":\"fr-FR\"},{\"@type\":\"Organization\",\"@id\":\"https:\\\/\\\/www.bellunopress.it\\\/#organization\",\"name\":\"Bellunopress\",\"url\":\"https:\\\/\\\/www.bellunopress.it\\\/\",\"logo\":{\"@type\":\"ImageObject\",\"inLanguage\":\"fr-FR\",\"@id\":\"https:\\\/\\\/www.bellunopress.it\\\/#\\\/schema\\\/logo\\\/image\\\/\",\"url\":\"https:\\\/\\\/www.bellunopress.it\\\/wp-content\\\/uploads\\\/2011\\\/05\\\/cropped-logo-bellunopress-.jpg\",\"contentUrl\":\"https:\\\/\\\/www.bellunopress.it\\\/wp-content\\\/uploads\\\/2011\\\/05\\\/cropped-logo-bellunopress-.jpg\",\"width\":512,\"height\":512,\"caption\":\"Bellunopress\"},\"image\":{\"@id\":\"https:\\\/\\\/www.bellunopress.it\\\/#\\\/schema\\\/logo\\\/image\\\/\"},\"sameAs\":[\"https:\\\/\\\/www.facebook.com\\\/profile.php?id=100008943462799\",\"https:\\\/\\\/x.com\\\/bellunopress\",\"https:\\\/\\\/www.linkedin.com\\\/hp\\\/?dnr=JBzUWaJfMUw8vbXJJ2tVW5-I3jZKvC4wsoxE&amp;amp;amp;amp;amp;amp;trk=nav_responsive_tab_home\",\"https:\\\/\\\/www.youtube.com\\\/channel\\\/UCxL0wu1uN0_3_7hGG0306cw\"]},{\"@type\":\"Person\",\"@id\":\"https:\\\/\\\/www.bellunopress.it\\\/#\\\/schema\\\/person\\\/79bb06722b37ece1c03d3e94beb30d73\",\"name\":\"redazione\",\"image\":{\"@type\":\"ImageObject\",\"inLanguage\":\"fr-FR\",\"@id\":\"https:\\\/\\\/secure.gravatar.com\\\/avatar\\\/37d968a2e67a6fd04c169c4bdef102d0bc5d31b2546345219e348575eb80e9a0?s=96&d=mm&r=g\",\"url\":\"https:\\\/\\\/secure.gravatar.com\\\/avatar\\\/37d968a2e67a6fd04c169c4bdef102d0bc5d31b2546345219e348575eb80e9a0?s=96&d=mm&r=g\",\"contentUrl\":\"https:\\\/\\\/secure.gravatar.com\\\/avatar\\\/37d968a2e67a6fd04c169c4bdef102d0bc5d31b2546345219e348575eb80e9a0?s=96&d=mm&r=g\",\"caption\":\"redazione\"},\"sameAs\":[\"http:\\\/\\\/www.bellunopress.it\",\"https:\\\/\\\/x.com\\\/bellunopress\"],\"url\":\"https:\\\/\\\/www.bellunopress.it\\\/fr\\\/author\\\/redazione\\\/\"}]}<\/script>\n<!-- \/ Yoast SEO plugin. -->","yoast_head_json":{"title":"I gatti del Nevegal  * di Cristiano Fant - Bellunopress - Dolomiti","robots":{"index":"index","follow":"follow","max-snippet":"max-snippet:-1","max-image-preview":"max-image-preview:large","max-video-preview":"max-video-preview:-1"},"canonical":"https:\/\/www.bellunopress.it\/fr\/2018\/06\/15\/i-gatti-del-nevegal-di-cristiano-fant\/","og_locale":"fr_FR","og_type":"article","og_title":"I gatti del Nevegal  * di Cristiano Fant - Bellunopress - Dolomiti","og_description":"Belluno, citt\u00e0 che rispetta gli animali; Belluno che vive circondata dagli animali; Belluno che fa regolamenti di tutela degli animali, regolamenti ricchi e complessi, regolamenti ripieni di articoli e norme (fin troppo); Belluno che crea commissioni per il benessere animale&#8230;. Belluno che si scorda dei suoi animali. Gi\u00e0, perch\u00e9 \u00e8 quello che accade con i [&hellip;]","og_url":"https:\/\/www.bellunopress.it\/fr\/2018\/06\/15\/i-gatti-del-nevegal-di-cristiano-fant\/","og_site_name":"Bellunopress - Dolomiti","article_publisher":"https:\/\/www.facebook.com\/profile.php?id=100008943462799","article_published_time":"2018-06-15T13:48:40+00:00","og_image":[{"url":"http:\/\/www.bellunopress.it\/wp-content\/uploads\/2018\/06\/gatto.jpg","type":"","width":"","height":""}],"author":"redazione","twitter_card":"summary_large_image","twitter_creator":"@bellunopress","twitter_site":"@bellunopress","twitter_misc":{"Written by":"redazione","Est. reading time":"4 minutes"},"schema":{"@context":"https:\/\/schema.org","@graph":[{"@type":"Article","@id":"https:\/\/www.bellunopress.it\/2018\/06\/15\/i-gatti-del-nevegal-di-cristiano-fant\/#article","isPartOf":{"@id":"https:\/\/www.bellunopress.it\/2018\/06\/15\/i-gatti-del-nevegal-di-cristiano-fant\/"},"author":{"name":"redazione","@id":"https:\/\/www.bellunopress.it\/#\/schema\/person\/79bb06722b37ece1c03d3e94beb30d73"},"headline":"I gatti del Nevegal * di Cristiano Fant","datePublished":"2018-06-15T13:48:40+00:00","mainEntityOfPage":{"@id":"https:\/\/www.bellunopress.it\/2018\/06\/15\/i-gatti-del-nevegal-di-cristiano-fant\/"},"wordCount":740,"publisher":{"@id":"https:\/\/www.bellunopress.it\/#organization"},"image":{"@id":"https:\/\/www.bellunopress.it\/2018\/06\/15\/i-gatti-del-nevegal-di-cristiano-fant\/#primaryimage"},"thumbnailUrl":"http:\/\/www.bellunopress.it\/wp-content\/uploads\/2018\/06\/gatto.jpg","articleSection":["Meteo, natura, ambiente, animali","Prima Pagina"],"inLanguage":"fr-FR"},{"@type":"WebPage","@id":"https:\/\/www.bellunopress.it\/2018\/06\/15\/i-gatti-del-nevegal-di-cristiano-fant\/","url":"https:\/\/www.bellunopress.it\/2018\/06\/15\/i-gatti-del-nevegal-di-cristiano-fant\/","name":"I gatti del Nevegal * di Cristiano Fant - Bellunopress - Dolomiti","isPartOf":{"@id":"https:\/\/www.bellunopress.it\/#website"},"primaryImageOfPage":{"@id":"https:\/\/www.bellunopress.it\/2018\/06\/15\/i-gatti-del-nevegal-di-cristiano-fant\/#primaryimage"},"image":{"@id":"https:\/\/www.bellunopress.it\/2018\/06\/15\/i-gatti-del-nevegal-di-cristiano-fant\/#primaryimage"},"thumbnailUrl":"http:\/\/www.bellunopress.it\/wp-content\/uploads\/2018\/06\/gatto.jpg","datePublished":"2018-06-15T13:48:40+00:00","breadcrumb":{"@id":"https:\/\/www.bellunopress.it\/2018\/06\/15\/i-gatti-del-nevegal-di-cristiano-fant\/#breadcrumb"},"inLanguage":"fr-FR","potentialAction":[{"@type":"ReadAction","target":["https:\/\/www.bellunopress.it\/2018\/06\/15\/i-gatti-del-nevegal-di-cristiano-fant\/"]}]},{"@type":"ImageObject","inLanguage":"fr-FR","@id":"https:\/\/www.bellunopress.it\/2018\/06\/15\/i-gatti-del-nevegal-di-cristiano-fant\/#primaryimage","url":"http:\/\/www.bellunopress.it\/wp-content\/uploads\/2018\/06\/gatto.jpg","contentUrl":"http:\/\/www.bellunopress.it\/wp-content\/uploads\/2018\/06\/gatto.jpg"},{"@type":"BreadcrumbList","@id":"https:\/\/www.bellunopress.it\/2018\/06\/15\/i-gatti-del-nevegal-di-cristiano-fant\/#breadcrumb","itemListElement":[{"@type":"ListItem","position":1,"name":"Home","item":"https:\/\/www.bellunopress.it\/"},{"@type":"ListItem","position":2,"name":"I gatti del Nevegal * di Cristiano Fant"}]},{"@type":"WebSite","@id":"https:\/\/www.bellunopress.it\/#website","url":"https:\/\/www.bellunopress.it\/","name":"Bellunopress - Dolomiti","description":"e-mail: redazione@bellunopress.it","publisher":{"@id":"https:\/\/www.bellunopress.it\/#organization"},"potentialAction":[{"@type":"SearchAction","target":{"@type":"EntryPoint","urlTemplate":"https:\/\/www.bellunopress.it\/?s={search_term_string}"},"query-input":{"@type":"PropertyValueSpecification","valueRequired":true,"valueName":"search_term_string"}}],"inLanguage":"fr-FR"},{"@type":"Organization","@id":"https:\/\/www.bellunopress.it\/#organization","name":"Bellunopress","url":"https:\/\/www.bellunopress.it\/","logo":{"@type":"ImageObject","inLanguage":"fr-FR","@id":"https:\/\/www.bellunopress.it\/#\/schema\/logo\/image\/","url":"https:\/\/www.bellunopress.it\/wp-content\/uploads\/2011\/05\/cropped-logo-bellunopress-.jpg","contentUrl":"https:\/\/www.bellunopress.it\/wp-content\/uploads\/2011\/05\/cropped-logo-bellunopress-.jpg","width":512,"height":512,"caption":"Bellunopress"},"image":{"@id":"https:\/\/www.bellunopress.it\/#\/schema\/logo\/image\/"},"sameAs":["https:\/\/www.facebook.com\/profile.php?id=100008943462799","https:\/\/x.com\/bellunopress","https:\/\/www.linkedin.com\/hp\/?dnr=JBzUWaJfMUw8vbXJJ2tVW5-I3jZKvC4wsoxE&amp;amp;amp;amp;amp;amp;trk=nav_responsive_tab_home","https:\/\/www.youtube.com\/channel\/UCxL0wu1uN0_3_7hGG0306cw"]},{"@type":"Person","@id":"https:\/\/www.bellunopress.it\/#\/schema\/person\/79bb06722b37ece1c03d3e94beb30d73","name":"r\u00e9daction","image":{"@type":"ImageObject","inLanguage":"fr-FR","@id":"https:\/\/secure.gravatar.com\/avatar\/37d968a2e67a6fd04c169c4bdef102d0bc5d31b2546345219e348575eb80e9a0?s=96&d=mm&r=g","url":"https:\/\/secure.gravatar.com\/avatar\/37d968a2e67a6fd04c169c4bdef102d0bc5d31b2546345219e348575eb80e9a0?s=96&d=mm&r=g","contentUrl":"https:\/\/secure.gravatar.com\/avatar\/37d968a2e67a6fd04c169c4bdef102d0bc5d31b2546345219e348575eb80e9a0?s=96&d=mm&r=g","caption":"redazione"},"sameAs":["http:\/\/www.bellunopress.it","https:\/\/x.com\/bellunopress"],"url":"https:\/\/www.bellunopress.it\/fr\/author\/redazione\/"}]}},"_links":{"self":[{"href":"https:\/\/www.bellunopress.it\/fr\/wp-json\/wp\/v2\/posts\/95634","targetHints":{"allow":["GET"]}}],"collection":[{"href":"https:\/\/www.bellunopress.it\/fr\/wp-json\/wp\/v2\/posts"}],"about":[{"href":"https:\/\/www.bellunopress.it\/fr\/wp-json\/wp\/v2\/types\/post"}],"author":[{"embeddable":true,"href":"https:\/\/www.bellunopress.it\/fr\/wp-json\/wp\/v2\/users\/2"}],"replies":[{"embeddable":true,"href":"https:\/\/www.bellunopress.it\/fr\/wp-json\/wp\/v2\/comments?post=95634"}],"version-history":[{"count":2,"href":"https:\/\/www.bellunopress.it\/fr\/wp-json\/wp\/v2\/posts\/95634\/revisions"}],"predecessor-version":[{"id":95637,"href":"https:\/\/www.bellunopress.it\/fr\/wp-json\/wp\/v2\/posts\/95634\/revisions\/95637"}],"wp:attachment":[{"href":"https:\/\/www.bellunopress.it\/fr\/wp-json\/wp\/v2\/media?parent=95634"}],"wp:term":[{"taxonomy":"category","embeddable":true,"href":"https:\/\/www.bellunopress.it\/fr\/wp-json\/wp\/v2\/categories?post=95634"},{"taxonomy":"post_tag","embeddable":true,"href":"https:\/\/www.bellunopress.it\/fr\/wp-json\/wp\/v2\/tags?post=95634"}],"curies":[{"name":"wp","href":"https:\/\/api.w.org\/{rel}","templated":true}]}}