{"id":95630,"date":"2018-06-15T14:51:37","date_gmt":"2018-06-15T12:51:37","guid":{"rendered":"http:\/\/www.bellunopress.it\/?p=95630"},"modified":"2018-08-16T14:41:55","modified_gmt":"2018-08-16T12:41:55","slug":"reintroduzione-della-leva-obbligatoria-una-legge-inutile-cosi-i-politici-rendono-omaggio-alle-associazioni-viste-come-bacino-elettorale","status":"publish","type":"post","link":"https:\/\/www.bellunopress.it\/fr\/2018\/06\/15\/reintroduzione-della-leva-obbligatoria-una-legge-inutile-cosi-i-politici-rendono-omaggio-alle-associazioni-viste-come-bacino-elettorale\/","title":{"rendered":"Reintroduzione della leva obbligatoria: una legge inutile. Cos\u00ec i politici rendono omaggio alle associazioni viste come bacino elettorale"},"content":{"rendered":"<p><a href=\"http:\/\/www.bellunopress.it\/fr\/2018\/06\/15\/reintroduzione-della-leva-obbligatoria-una-legge-inutile-cosi-i-politici-rendono-omaggio-alle-associazioni-viste-come-bacino-elettorale\/roberto-malborghetto-valbruna-1984\/\" rel=\"attachment wp-att-95631\"><img loading=\"lazy\" decoding=\"async\" class=\"alignleft size-full wp-image-95631\" src=\"http:\/\/www.bellunopress.it\/wp-content\/uploads\/2018\/06\/roberto-malborghetto-valbruna-1984.jpg\" alt=\"\" width=\"273\" height=\"284\" \/><\/a>Reintrodurre la leva obbligatoria \u00e8 probabilmente l&#8217;ultima cosa di cui ha bisogno lo Stato italiano e soprattutto i giovani, visto che saranno loro la materia prima sacrificale di questa inutile proposta di legge targata Lega. N\u00e9 vi \u00e8 alcuna necessit\u00e0 che lo giustifichi.<br \/>\nLe chiamate alle armi sono state sospese dal I\u00b0 gennaio 2005, oggi finalmente abbiamo un esercito di professionisti capaci di cui possiamo andare fieri, non gi\u00e0 l&#8217;armata brancaleone di un tempo.<br \/>\nE&#8217; grottesco che qualcuno voglia riportare indietro le lancette dell&#8217;orologio con trovate nostalgiche ed estemporanee che produrrebbero solo costi aggiuntivi allo Stato, posto che vi siano ancora strutture agibili sufficienti per il reclutamento.<\/p>\n<p>Perch\u00e9 allora queste iniziative di legge, una giacente in Parlamento e l&#8217;altra approvata dalla I^ Commissione del Consiglio regionale del Veneto? A chi giova?<\/p>\n<p>Non certo ai giovani, che hanno gi\u00e0 notevoli problemi di inserimento nel mondo del lavoro, ai quali viene fatto perdere un anno di tempo. Sicuramente alle associazioni oramai asfittiche, visto che l&#8217;et\u00e0 media dei soci in quelle combattentistiche d&#8217;Arma \u00e8 sempre pi\u00f9 elevata e anche nelle associazioni \u201ccivili\u201d, ossia nate sull&#8217;onda dell&#8217;obiezione di coscienza, non essendoci pi\u00f9 nulla da obiettare il reclutamento \u00e8 diventato pi\u00f9 difficile.<br \/>\nSecondo la proposta della Lega, sarebbero chiamati al servizio obbligatorio civile o militare, ragazzi e ragazze dai 18 ai 28 anni per un periodo di otto mesi.<\/p>\n<p>Ebbene, l&#8217;attrattivit\u00e0 dei giovani un&#8217;associazione se la dovrebbe guadagnare sul campo, con delle motivazioni forti, per quello che fa, per quelli che sono i suoi ideali, senza costrizioni di legge!<br \/>\nQueste proposte di legge hanno tutta l&#8217;aria di norme fatte da vecchi per i vecchi, con la complicit\u00e0 della politica attenta al bacino elettorale pi\u00f9 che all&#8217;utilit\u00e0 della norma.<br \/>\nSe una societ\u00e0 \u00e8 costretta ad inventare procedure coattive per alimentare il volontariato significa che ha fallito, che non \u00e8 stata capace di trasmettere i suoi valori alle nuove generazioni. E non sar\u00e0 certo una naja obbligatoria arrafazzonata alla bell&#8217; e meglio a farle restituire la credibilit\u00e0.<br \/>\nRoberto De Nart<\/p>\n<p><strong>Naja, cenni storici<\/strong><br \/>\nIl servizio di leva obbligatorio \u00e8 previsto nella Costituzione della Repubblica, ma esisteva gi\u00e0 nel 1861 con la nascita del Regno d\u2019Italia. E\u2019 stato quindi operativo per 144 anni, fino al 2004 quando venne sospeso con la Legge n.226 del 23 agosto 2004.<br \/>\nPer quanto riguarda l&#8217;obiezione di coscienza, essa venne introdotta nel 1972 con l\u2019istituzione del servizio civile per chi, dopo essere stato giudicato idoneo alla leva in seguito alle visite mediche, non volesse prestare servizio militare.<br \/>\nNel 1999 con la legge del 20 ottobre \u00e8 stato introdotto il servizio militare femminile volontario. Le donne possono quindi arruolarsi nell&#8217;Esercito.<br \/>\nPer quanto riguarda la durata del servizio di leva, fino al 1975 erano15 mesi, dal 1976 \u00e8 passato 12 per scendere poi a 10 dal 1997. L\u2019ultima chiamata alle armi \u00e8 stata per i nati nel 1985.<\/p>","protected":false},"excerpt":{"rendered":"<p>Reintrodurre la leva obbligatoria \u00e8 probabilmente l&#8217;ultima cosa di cui ha bisogno lo Stato italiano e soprattutto i giovani, visto che saranno loro la materia prima sacrificale di questa inutile proposta di legge targata Lega. N\u00e9 vi \u00e8 alcuna necessit\u00e0 che lo giustifichi. Le chiamate alle armi sono state sospese dal I\u00b0 gennaio 2005, oggi [&hellip;]<\/p>\n","protected":false},"author":2,"featured_media":0,"comment_status":"closed","ping_status":"open","sticky":false,"template":"","format":"standard","meta":{"footnotes":""},"categories":[3368,5],"tags":[],"class_list":["post-95630","post","type-post","status-publish","format-standard","category-cahiers-de-doleances","category-cronaca"],"yoast_head":"<!-- This site is optimized with the Yoast SEO plugin v28.4 - https:\/\/yoast.com\/product\/yoast-seo-wordpress\/ -->\n<title>Reintroduzione della leva obbligatoria: una legge inutile. Cos\u00ec i politici rendono omaggio alle associazioni viste come bacino elettorale - Bellunopress - Dolomiti<\/title>\n<meta name=\"robots\" content=\"index, follow, max-snippet:-1, max-image-preview:large, max-video-preview:-1\" \/>\n<link rel=\"canonical\" href=\"https:\/\/www.bellunopress.it\/fr\/2018\/06\/15\/reintroduzione-della-leva-obbligatoria-una-legge-inutile-cosi-i-politici-rendono-omaggio-alle-associazioni-viste-come-bacino-elettorale\/\" \/>\n<meta property=\"og:locale\" content=\"fr_FR\" \/>\n<meta property=\"og:type\" content=\"article\" \/>\n<meta property=\"og:title\" content=\"Reintroduzione della leva obbligatoria: una legge inutile. Cos\u00ec i politici rendono omaggio alle associazioni viste come bacino elettorale - Bellunopress - Dolomiti\" \/>\n<meta property=\"og:description\" content=\"Reintrodurre la leva obbligatoria \u00e8 probabilmente l&#8217;ultima cosa di cui ha bisogno lo Stato italiano e soprattutto i giovani, visto che saranno loro la materia prima sacrificale di questa inutile proposta di legge targata Lega. N\u00e9 vi \u00e8 alcuna necessit\u00e0 che lo giustifichi. Le chiamate alle armi sono state sospese dal I\u00b0 gennaio 2005, oggi [&hellip;]\" \/>\n<meta property=\"og:url\" content=\"https:\/\/www.bellunopress.it\/fr\/2018\/06\/15\/reintroduzione-della-leva-obbligatoria-una-legge-inutile-cosi-i-politici-rendono-omaggio-alle-associazioni-viste-come-bacino-elettorale\/\" \/>\n<meta property=\"og:site_name\" content=\"Bellunopress - Dolomiti\" \/>\n<meta property=\"article:publisher\" content=\"https:\/\/www.facebook.com\/profile.php?id=100008943462799\" \/>\n<meta property=\"article:published_time\" content=\"2018-06-15T12:51:37+00:00\" \/>\n<meta property=\"article:modified_time\" content=\"2018-08-16T12:41:55+00:00\" \/>\n<meta property=\"og:image\" content=\"http:\/\/www.bellunopress.it\/wp-content\/uploads\/2018\/06\/roberto-malborghetto-valbruna-1984.jpg\" \/>\n<meta name=\"author\" content=\"redazione\" \/>\n<meta name=\"twitter:card\" content=\"summary_large_image\" \/>\n<meta name=\"twitter:creator\" content=\"@bellunopress\" \/>\n<meta name=\"twitter:site\" content=\"@bellunopress\" \/>\n<meta name=\"twitter:label1\" content=\"Written by\" \/>\n\t<meta name=\"twitter:data1\" content=\"redazione\" \/>\n\t<meta name=\"twitter:label2\" content=\"Est. reading time\" \/>\n\t<meta name=\"twitter:data2\" content=\"2 minutes\" \/>\n<script type=\"application\/ld+json\" class=\"yoast-schema-graph\">{\"@context\":\"https:\\\/\\\/schema.org\",\"@graph\":[{\"@type\":\"Article\",\"@id\":\"https:\\\/\\\/www.bellunopress.it\\\/2018\\\/06\\\/15\\\/reintroduzione-della-leva-obbligatoria-una-legge-inutile-cosi-i-politici-rendono-omaggio-alle-associazioni-viste-come-bacino-elettorale\\\/#article\",\"isPartOf\":{\"@id\":\"https:\\\/\\\/www.bellunopress.it\\\/2018\\\/06\\\/15\\\/reintroduzione-della-leva-obbligatoria-una-legge-inutile-cosi-i-politici-rendono-omaggio-alle-associazioni-viste-come-bacino-elettorale\\\/\"},\"author\":{\"name\":\"redazione\",\"@id\":\"https:\\\/\\\/www.bellunopress.it\\\/#\\\/schema\\\/person\\\/79bb06722b37ece1c03d3e94beb30d73\"},\"headline\":\"Reintroduzione della leva obbligatoria: una legge inutile. Cos\u00ec i politici rendono omaggio alle associazioni viste come bacino elettorale\",\"datePublished\":\"2018-06-15T12:51:37+00:00\",\"dateModified\":\"2018-08-16T12:41:55+00:00\",\"mainEntityOfPage\":{\"@id\":\"https:\\\/\\\/www.bellunopress.it\\\/2018\\\/06\\\/15\\\/reintroduzione-della-leva-obbligatoria-una-legge-inutile-cosi-i-politici-rendono-omaggio-alle-associazioni-viste-come-bacino-elettorale\\\/\"},\"wordCount\":481,\"publisher\":{\"@id\":\"https:\\\/\\\/www.bellunopress.it\\\/#organization\"},\"image\":{\"@id\":\"https:\\\/\\\/www.bellunopress.it\\\/2018\\\/06\\\/15\\\/reintroduzione-della-leva-obbligatoria-una-legge-inutile-cosi-i-politici-rendono-omaggio-alle-associazioni-viste-come-bacino-elettorale\\\/#primaryimage\"},\"thumbnailUrl\":\"http:\\\/\\\/www.bellunopress.it\\\/wp-content\\\/uploads\\\/2018\\\/06\\\/roberto-malborghetto-valbruna-1984.jpg\",\"articleSection\":[\"Cahiers de dol\u00e9ances\",\"Cronaca\\\/Politica\"],\"inLanguage\":\"fr-FR\"},{\"@type\":\"WebPage\",\"@id\":\"https:\\\/\\\/www.bellunopress.it\\\/2018\\\/06\\\/15\\\/reintroduzione-della-leva-obbligatoria-una-legge-inutile-cosi-i-politici-rendono-omaggio-alle-associazioni-viste-come-bacino-elettorale\\\/\",\"url\":\"https:\\\/\\\/www.bellunopress.it\\\/2018\\\/06\\\/15\\\/reintroduzione-della-leva-obbligatoria-una-legge-inutile-cosi-i-politici-rendono-omaggio-alle-associazioni-viste-come-bacino-elettorale\\\/\",\"name\":\"Reintroduzione della leva obbligatoria: una legge inutile. Cos\u00ec i politici rendono omaggio alle associazioni viste come bacino elettorale - Bellunopress - Dolomiti\",\"isPartOf\":{\"@id\":\"https:\\\/\\\/www.bellunopress.it\\\/#website\"},\"primaryImageOfPage\":{\"@id\":\"https:\\\/\\\/www.bellunopress.it\\\/2018\\\/06\\\/15\\\/reintroduzione-della-leva-obbligatoria-una-legge-inutile-cosi-i-politici-rendono-omaggio-alle-associazioni-viste-come-bacino-elettorale\\\/#primaryimage\"},\"image\":{\"@id\":\"https:\\\/\\\/www.bellunopress.it\\\/2018\\\/06\\\/15\\\/reintroduzione-della-leva-obbligatoria-una-legge-inutile-cosi-i-politici-rendono-omaggio-alle-associazioni-viste-come-bacino-elettorale\\\/#primaryimage\"},\"thumbnailUrl\":\"http:\\\/\\\/www.bellunopress.it\\\/wp-content\\\/uploads\\\/2018\\\/06\\\/roberto-malborghetto-valbruna-1984.jpg\",\"datePublished\":\"2018-06-15T12:51:37+00:00\",\"dateModified\":\"2018-08-16T12:41:55+00:00\",\"breadcrumb\":{\"@id\":\"https:\\\/\\\/www.bellunopress.it\\\/2018\\\/06\\\/15\\\/reintroduzione-della-leva-obbligatoria-una-legge-inutile-cosi-i-politici-rendono-omaggio-alle-associazioni-viste-come-bacino-elettorale\\\/#breadcrumb\"},\"inLanguage\":\"fr-FR\",\"potentialAction\":[{\"@type\":\"ReadAction\",\"target\":[\"https:\\\/\\\/www.bellunopress.it\\\/2018\\\/06\\\/15\\\/reintroduzione-della-leva-obbligatoria-una-legge-inutile-cosi-i-politici-rendono-omaggio-alle-associazioni-viste-come-bacino-elettorale\\\/\"]}]},{\"@type\":\"ImageObject\",\"inLanguage\":\"fr-FR\",\"@id\":\"https:\\\/\\\/www.bellunopress.it\\\/2018\\\/06\\\/15\\\/reintroduzione-della-leva-obbligatoria-una-legge-inutile-cosi-i-politici-rendono-omaggio-alle-associazioni-viste-come-bacino-elettorale\\\/#primaryimage\",\"url\":\"http:\\\/\\\/www.bellunopress.it\\\/wp-content\\\/uploads\\\/2018\\\/06\\\/roberto-malborghetto-valbruna-1984.jpg\",\"contentUrl\":\"http:\\\/\\\/www.bellunopress.it\\\/wp-content\\\/uploads\\\/2018\\\/06\\\/roberto-malborghetto-valbruna-1984.jpg\"},{\"@type\":\"BreadcrumbList\",\"@id\":\"https:\\\/\\\/www.bellunopress.it\\\/2018\\\/06\\\/15\\\/reintroduzione-della-leva-obbligatoria-una-legge-inutile-cosi-i-politici-rendono-omaggio-alle-associazioni-viste-come-bacino-elettorale\\\/#breadcrumb\",\"itemListElement\":[{\"@type\":\"ListItem\",\"position\":1,\"name\":\"Home\",\"item\":\"https:\\\/\\\/www.bellunopress.it\\\/\"},{\"@type\":\"ListItem\",\"position\":2,\"name\":\"Reintroduzione della leva obbligatoria: una legge inutile. Cos\u00ec i politici rendono omaggio alle associazioni viste come bacino elettorale\"}]},{\"@type\":\"WebSite\",\"@id\":\"https:\\\/\\\/www.bellunopress.it\\\/#website\",\"url\":\"https:\\\/\\\/www.bellunopress.it\\\/\",\"name\":\"Bellunopress - Dolomiti\",\"description\":\"e-mail: redazione@bellunopress.it\",\"publisher\":{\"@id\":\"https:\\\/\\\/www.bellunopress.it\\\/#organization\"},\"potentialAction\":[{\"@type\":\"SearchAction\",\"target\":{\"@type\":\"EntryPoint\",\"urlTemplate\":\"https:\\\/\\\/www.bellunopress.it\\\/?s={search_term_string}\"},\"query-input\":{\"@type\":\"PropertyValueSpecification\",\"valueRequired\":true,\"valueName\":\"search_term_string\"}}],\"inLanguage\":\"fr-FR\"},{\"@type\":\"Organization\",\"@id\":\"https:\\\/\\\/www.bellunopress.it\\\/#organization\",\"name\":\"Bellunopress\",\"url\":\"https:\\\/\\\/www.bellunopress.it\\\/\",\"logo\":{\"@type\":\"ImageObject\",\"inLanguage\":\"fr-FR\",\"@id\":\"https:\\\/\\\/www.bellunopress.it\\\/#\\\/schema\\\/logo\\\/image\\\/\",\"url\":\"https:\\\/\\\/www.bellunopress.it\\\/wp-content\\\/uploads\\\/2011\\\/05\\\/cropped-logo-bellunopress-.jpg\",\"contentUrl\":\"https:\\\/\\\/www.bellunopress.it\\\/wp-content\\\/uploads\\\/2011\\\/05\\\/cropped-logo-bellunopress-.jpg\",\"width\":512,\"height\":512,\"caption\":\"Bellunopress\"},\"image\":{\"@id\":\"https:\\\/\\\/www.bellunopress.it\\\/#\\\/schema\\\/logo\\\/image\\\/\"},\"sameAs\":[\"https:\\\/\\\/www.facebook.com\\\/profile.php?id=100008943462799\",\"https:\\\/\\\/x.com\\\/bellunopress\",\"https:\\\/\\\/www.linkedin.com\\\/hp\\\/?dnr=JBzUWaJfMUw8vbXJJ2tVW5-I3jZKvC4wsoxE&amp;amp;amp;amp;amp;amp;trk=nav_responsive_tab_home\",\"https:\\\/\\\/www.youtube.com\\\/channel\\\/UCxL0wu1uN0_3_7hGG0306cw\"]},{\"@type\":\"Person\",\"@id\":\"https:\\\/\\\/www.bellunopress.it\\\/#\\\/schema\\\/person\\\/79bb06722b37ece1c03d3e94beb30d73\",\"name\":\"redazione\",\"image\":{\"@type\":\"ImageObject\",\"inLanguage\":\"fr-FR\",\"@id\":\"https:\\\/\\\/secure.gravatar.com\\\/avatar\\\/37d968a2e67a6fd04c169c4bdef102d0bc5d31b2546345219e348575eb80e9a0?s=96&d=mm&r=g\",\"url\":\"https:\\\/\\\/secure.gravatar.com\\\/avatar\\\/37d968a2e67a6fd04c169c4bdef102d0bc5d31b2546345219e348575eb80e9a0?s=96&d=mm&r=g\",\"contentUrl\":\"https:\\\/\\\/secure.gravatar.com\\\/avatar\\\/37d968a2e67a6fd04c169c4bdef102d0bc5d31b2546345219e348575eb80e9a0?s=96&d=mm&r=g\",\"caption\":\"redazione\"},\"sameAs\":[\"http:\\\/\\\/www.bellunopress.it\",\"https:\\\/\\\/x.com\\\/bellunopress\"],\"url\":\"https:\\\/\\\/www.bellunopress.it\\\/fr\\\/author\\\/redazione\\\/\"}]}<\/script>\n<!-- \/ Yoast SEO plugin. -->","yoast_head_json":{"title":"Reintroduzione della leva obbligatoria: una legge inutile. Cos\u00ec i politici rendono omaggio alle associazioni viste come bacino elettorale - Bellunopress - Dolomiti","robots":{"index":"index","follow":"follow","max-snippet":"max-snippet:-1","max-image-preview":"max-image-preview:large","max-video-preview":"max-video-preview:-1"},"canonical":"https:\/\/www.bellunopress.it\/fr\/2018\/06\/15\/reintroduzione-della-leva-obbligatoria-una-legge-inutile-cosi-i-politici-rendono-omaggio-alle-associazioni-viste-come-bacino-elettorale\/","og_locale":"fr_FR","og_type":"article","og_title":"Reintroduzione della leva obbligatoria: una legge inutile. Cos\u00ec i politici rendono omaggio alle associazioni viste come bacino elettorale - Bellunopress - Dolomiti","og_description":"Reintrodurre la leva obbligatoria \u00e8 probabilmente l&#8217;ultima cosa di cui ha bisogno lo Stato italiano e soprattutto i giovani, visto che saranno loro la materia prima sacrificale di questa inutile proposta di legge targata Lega. N\u00e9 vi \u00e8 alcuna necessit\u00e0 che lo giustifichi. Le chiamate alle armi sono state sospese dal I\u00b0 gennaio 2005, oggi [&hellip;]","og_url":"https:\/\/www.bellunopress.it\/fr\/2018\/06\/15\/reintroduzione-della-leva-obbligatoria-una-legge-inutile-cosi-i-politici-rendono-omaggio-alle-associazioni-viste-come-bacino-elettorale\/","og_site_name":"Bellunopress - Dolomiti","article_publisher":"https:\/\/www.facebook.com\/profile.php?id=100008943462799","article_published_time":"2018-06-15T12:51:37+00:00","article_modified_time":"2018-08-16T12:41:55+00:00","og_image":[{"url":"http:\/\/www.bellunopress.it\/wp-content\/uploads\/2018\/06\/roberto-malborghetto-valbruna-1984.jpg","type":"","width":"","height":""}],"author":"redazione","twitter_card":"summary_large_image","twitter_creator":"@bellunopress","twitter_site":"@bellunopress","twitter_misc":{"Written by":"redazione","Est. reading time":"2 minutes"},"schema":{"@context":"https:\/\/schema.org","@graph":[{"@type":"Article","@id":"https:\/\/www.bellunopress.it\/2018\/06\/15\/reintroduzione-della-leva-obbligatoria-una-legge-inutile-cosi-i-politici-rendono-omaggio-alle-associazioni-viste-come-bacino-elettorale\/#article","isPartOf":{"@id":"https:\/\/www.bellunopress.it\/2018\/06\/15\/reintroduzione-della-leva-obbligatoria-una-legge-inutile-cosi-i-politici-rendono-omaggio-alle-associazioni-viste-come-bacino-elettorale\/"},"author":{"name":"redazione","@id":"https:\/\/www.bellunopress.it\/#\/schema\/person\/79bb06722b37ece1c03d3e94beb30d73"},"headline":"Reintroduzione della leva obbligatoria: una legge inutile. Cos\u00ec i politici rendono omaggio alle associazioni viste come bacino elettorale","datePublished":"2018-06-15T12:51:37+00:00","dateModified":"2018-08-16T12:41:55+00:00","mainEntityOfPage":{"@id":"https:\/\/www.bellunopress.it\/2018\/06\/15\/reintroduzione-della-leva-obbligatoria-una-legge-inutile-cosi-i-politici-rendono-omaggio-alle-associazioni-viste-come-bacino-elettorale\/"},"wordCount":481,"publisher":{"@id":"https:\/\/www.bellunopress.it\/#organization"},"image":{"@id":"https:\/\/www.bellunopress.it\/2018\/06\/15\/reintroduzione-della-leva-obbligatoria-una-legge-inutile-cosi-i-politici-rendono-omaggio-alle-associazioni-viste-come-bacino-elettorale\/#primaryimage"},"thumbnailUrl":"http:\/\/www.bellunopress.it\/wp-content\/uploads\/2018\/06\/roberto-malborghetto-valbruna-1984.jpg","articleSection":["Cahiers de dol\u00e9ances","Cronaca\/Politica"],"inLanguage":"fr-FR"},{"@type":"WebPage","@id":"https:\/\/www.bellunopress.it\/2018\/06\/15\/reintroduzione-della-leva-obbligatoria-una-legge-inutile-cosi-i-politici-rendono-omaggio-alle-associazioni-viste-come-bacino-elettorale\/","url":"https:\/\/www.bellunopress.it\/2018\/06\/15\/reintroduzione-della-leva-obbligatoria-una-legge-inutile-cosi-i-politici-rendono-omaggio-alle-associazioni-viste-come-bacino-elettorale\/","name":"Reintroduzione della leva obbligatoria: una legge inutile. Cos\u00ec i politici rendono omaggio alle associazioni viste come bacino elettorale - Bellunopress - Dolomiti","isPartOf":{"@id":"https:\/\/www.bellunopress.it\/#website"},"primaryImageOfPage":{"@id":"https:\/\/www.bellunopress.it\/2018\/06\/15\/reintroduzione-della-leva-obbligatoria-una-legge-inutile-cosi-i-politici-rendono-omaggio-alle-associazioni-viste-come-bacino-elettorale\/#primaryimage"},"image":{"@id":"https:\/\/www.bellunopress.it\/2018\/06\/15\/reintroduzione-della-leva-obbligatoria-una-legge-inutile-cosi-i-politici-rendono-omaggio-alle-associazioni-viste-come-bacino-elettorale\/#primaryimage"},"thumbnailUrl":"http:\/\/www.bellunopress.it\/wp-content\/uploads\/2018\/06\/roberto-malborghetto-valbruna-1984.jpg","datePublished":"2018-06-15T12:51:37+00:00","dateModified":"2018-08-16T12:41:55+00:00","breadcrumb":{"@id":"https:\/\/www.bellunopress.it\/2018\/06\/15\/reintroduzione-della-leva-obbligatoria-una-legge-inutile-cosi-i-politici-rendono-omaggio-alle-associazioni-viste-come-bacino-elettorale\/#breadcrumb"},"inLanguage":"fr-FR","potentialAction":[{"@type":"ReadAction","target":["https:\/\/www.bellunopress.it\/2018\/06\/15\/reintroduzione-della-leva-obbligatoria-una-legge-inutile-cosi-i-politici-rendono-omaggio-alle-associazioni-viste-come-bacino-elettorale\/"]}]},{"@type":"ImageObject","inLanguage":"fr-FR","@id":"https:\/\/www.bellunopress.it\/2018\/06\/15\/reintroduzione-della-leva-obbligatoria-una-legge-inutile-cosi-i-politici-rendono-omaggio-alle-associazioni-viste-come-bacino-elettorale\/#primaryimage","url":"http:\/\/www.bellunopress.it\/wp-content\/uploads\/2018\/06\/roberto-malborghetto-valbruna-1984.jpg","contentUrl":"http:\/\/www.bellunopress.it\/wp-content\/uploads\/2018\/06\/roberto-malborghetto-valbruna-1984.jpg"},{"@type":"BreadcrumbList","@id":"https:\/\/www.bellunopress.it\/2018\/06\/15\/reintroduzione-della-leva-obbligatoria-una-legge-inutile-cosi-i-politici-rendono-omaggio-alle-associazioni-viste-come-bacino-elettorale\/#breadcrumb","itemListElement":[{"@type":"ListItem","position":1,"name":"Home","item":"https:\/\/www.bellunopress.it\/"},{"@type":"ListItem","position":2,"name":"Reintroduzione della leva obbligatoria: una legge inutile. Cos\u00ec i politici rendono omaggio alle associazioni viste come bacino elettorale"}]},{"@type":"WebSite","@id":"https:\/\/www.bellunopress.it\/#website","url":"https:\/\/www.bellunopress.it\/","name":"Bellunopress - Dolomiti","description":"e-mail: redazione@bellunopress.it","publisher":{"@id":"https:\/\/www.bellunopress.it\/#organization"},"potentialAction":[{"@type":"SearchAction","target":{"@type":"EntryPoint","urlTemplate":"https:\/\/www.bellunopress.it\/?s={search_term_string}"},"query-input":{"@type":"PropertyValueSpecification","valueRequired":true,"valueName":"search_term_string"}}],"inLanguage":"fr-FR"},{"@type":"Organization","@id":"https:\/\/www.bellunopress.it\/#organization","name":"Bellunopress","url":"https:\/\/www.bellunopress.it\/","logo":{"@type":"ImageObject","inLanguage":"fr-FR","@id":"https:\/\/www.bellunopress.it\/#\/schema\/logo\/image\/","url":"https:\/\/www.bellunopress.it\/wp-content\/uploads\/2011\/05\/cropped-logo-bellunopress-.jpg","contentUrl":"https:\/\/www.bellunopress.it\/wp-content\/uploads\/2011\/05\/cropped-logo-bellunopress-.jpg","width":512,"height":512,"caption":"Bellunopress"},"image":{"@id":"https:\/\/www.bellunopress.it\/#\/schema\/logo\/image\/"},"sameAs":["https:\/\/www.facebook.com\/profile.php?id=100008943462799","https:\/\/x.com\/bellunopress","https:\/\/www.linkedin.com\/hp\/?dnr=JBzUWaJfMUw8vbXJJ2tVW5-I3jZKvC4wsoxE&amp;amp;amp;amp;amp;amp;trk=nav_responsive_tab_home","https:\/\/www.youtube.com\/channel\/UCxL0wu1uN0_3_7hGG0306cw"]},{"@type":"Person","@id":"https:\/\/www.bellunopress.it\/#\/schema\/person\/79bb06722b37ece1c03d3e94beb30d73","name":"r\u00e9daction","image":{"@type":"ImageObject","inLanguage":"fr-FR","@id":"https:\/\/secure.gravatar.com\/avatar\/37d968a2e67a6fd04c169c4bdef102d0bc5d31b2546345219e348575eb80e9a0?s=96&d=mm&r=g","url":"https:\/\/secure.gravatar.com\/avatar\/37d968a2e67a6fd04c169c4bdef102d0bc5d31b2546345219e348575eb80e9a0?s=96&d=mm&r=g","contentUrl":"https:\/\/secure.gravatar.com\/avatar\/37d968a2e67a6fd04c169c4bdef102d0bc5d31b2546345219e348575eb80e9a0?s=96&d=mm&r=g","caption":"redazione"},"sameAs":["http:\/\/www.bellunopress.it","https:\/\/x.com\/bellunopress"],"url":"https:\/\/www.bellunopress.it\/fr\/author\/redazione\/"}]}},"_links":{"self":[{"href":"https:\/\/www.bellunopress.it\/fr\/wp-json\/wp\/v2\/posts\/95630","targetHints":{"allow":["GET"]}}],"collection":[{"href":"https:\/\/www.bellunopress.it\/fr\/wp-json\/wp\/v2\/posts"}],"about":[{"href":"https:\/\/www.bellunopress.it\/fr\/wp-json\/wp\/v2\/types\/post"}],"author":[{"embeddable":true,"href":"https:\/\/www.bellunopress.it\/fr\/wp-json\/wp\/v2\/users\/2"}],"replies":[{"embeddable":true,"href":"https:\/\/www.bellunopress.it\/fr\/wp-json\/wp\/v2\/comments?post=95630"}],"version-history":[{"count":4,"href":"https:\/\/www.bellunopress.it\/fr\/wp-json\/wp\/v2\/posts\/95630\/revisions"}],"predecessor-version":[{"id":97203,"href":"https:\/\/www.bellunopress.it\/fr\/wp-json\/wp\/v2\/posts\/95630\/revisions\/97203"}],"wp:attachment":[{"href":"https:\/\/www.bellunopress.it\/fr\/wp-json\/wp\/v2\/media?parent=95630"}],"wp:term":[{"taxonomy":"category","embeddable":true,"href":"https:\/\/www.bellunopress.it\/fr\/wp-json\/wp\/v2\/categories?post=95630"},{"taxonomy":"post_tag","embeddable":true,"href":"https:\/\/www.bellunopress.it\/fr\/wp-json\/wp\/v2\/tags?post=95630"}],"curies":[{"name":"wp","href":"https:\/\/api.w.org\/{rel}","templated":true}]}}