{"id":9563,"date":"2009-11-08T09:49:23","date_gmt":"2009-11-08T08:49:23","guid":{"rendered":"http:\/\/www.bellunopress.it\/?p=9563"},"modified":"2010-02-19T15:04:30","modified_gmt":"2010-02-19T14:04:30","slug":"lultima-cena-di-raffaele-morbioli-e-ada-bellus-i-due-giovani-sposi-con-il-loro-bimbo-mai-nato-vennero-uccisi-nel-febbraio-del-1945-a-santa-giustina","status":"publish","type":"post","link":"https:\/\/www.bellunopress.it\/fr\/2009\/11\/08\/lultima-cena-di-raffaele-morbioli-e-ada-bellus-i-due-giovani-sposi-con-il-loro-bimbo-mai-nato-vennero-uccisi-nel-febbraio-del-1945-a-santa-giustina\/","title":{"rendered":"L&#8217;ultima cena di Raffaele Morbioli e Ada Bellus. I due giovani sposi con il loro bimbo mai nato vennero uccisi nel febbraio del 1945 a Santa Giustina"},"content":{"rendered":"<p><a href=\"http:\/\/www.bellunopress.it\/wp-content\/uploads\/2009\/11\/ada-bellus-e-raffaele-morbioli.jpg\"><img loading=\"lazy\" decoding=\"async\" class=\"alignleft size-medium wp-image-9564\" title=\"ada-bellus-e-raffaele-morbioli\" src=\"http:\/\/www.bellunopress.it\/wp-content\/uploads\/2009\/11\/ada-bellus-e-raffaele-morbioli-300x189.jpg\" alt=\"\" width=\"300\" height=\"189\" srcset=\"https:\/\/www.bellunopress.it\/wp-content\/uploads\/2009\/11\/ada-bellus-e-raffaele-morbioli-300x189.jpg 300w, https:\/\/www.bellunopress.it\/wp-content\/uploads\/2009\/11\/ada-bellus-e-raffaele-morbioli.jpg 400w\" sizes=\"auto, (max-width: 300px) 100vw, 300px\" \/><\/a>Sono le ore 22 dell&#8217;11 febbraio 1945. Ada Bellus 28enne in attesa di un figlio sta tornando a casa insieme al marito, il 25enne Raffaele Morbioli, comandante partigiano della Compagnia &#8220;Staier\u201d. I due sposi, residenti a Santa Giustina (Belluno) in via Casabellata, erano stati a cena dal capo partigiano locale Aldo Dalla Sega, nome di battaglia \u201cRobespierre\u201d. Mancavano circa 500 metri per rientrare a casa, quando in localit\u00e0 Velos, Ada viene colpita dai proiettili di un&#8217;arma da fuoco e muore. Raffaele tenta la fuga a ritroso, ma a pochi metri dal ponticello sul Veses viene colpito anche lui e muore. L&#8217;episodio fa parte dei numerosi fatti di sangue dimenticati, che hanno afflitto gli ultimi mesi della Seconda guerra mondiale nel Bellunese. E che oggi possiamo raccontare solo grazie alle ricerche condotte da Dario Zanolla, appassionato di storia locale. E che negli ultimi anni ha riportato alla luce vari episodi che altrimenti sarebbero rimasti sconosciuti. <a href=\"http:\/\/www.bellunopress.it\/wp-content\/uploads\/2009\/11\/ponticello-sul-veses-a-velos-di-santa-giustina.jpg\"><img loading=\"lazy\" decoding=\"async\" class=\"alignright size-medium wp-image-9565\" title=\"ponticello-sul-veses-a-velos-di-santa-giustina\" src=\"http:\/\/www.bellunopress.it\/wp-content\/uploads\/2009\/11\/ponticello-sul-veses-a-velos-di-santa-giustina-300x194.jpg\" alt=\"\" width=\"300\" height=\"194\" srcset=\"https:\/\/www.bellunopress.it\/wp-content\/uploads\/2009\/11\/ponticello-sul-veses-a-velos-di-santa-giustina-300x194.jpg 300w, https:\/\/www.bellunopress.it\/wp-content\/uploads\/2009\/11\/ponticello-sul-veses-a-velos-di-santa-giustina.jpg 400w\" sizes=\"auto, (max-width: 300px) 100vw, 300px\" \/><\/a>Questa efferata esecuzione, bench\u00e9 avvenuta in tempo di guerra e quindi in un contesto ahim\u00e8 dove la morte era un fatto quotidiano di ordinaria amministrazione, fece piuttosto scalpore nella Valbelluna, perch\u00e9 a morire insieme ai due sposi c&#8217;\u00e8 anche un bimbo di quattro mesi e mezzo che Ada si portava in grembo e che non avrebbe mai visto la luce. I motivi dell&#8217;omicidio non possono che essere ricondotti all&#8217;attivit\u00e0\u00a0 della giovane sposa. Ada, infatti, che parlava il tedesco, lavorava presso un ufficiale tedesco. Di qui il sospetto della fuga di notizie, un motivo di per s\u00e9 valido per determinare la condanna a morte della giovane. Ma questa, \u00e8 solo un&#8217;ipotesi che potrebbe spiegare il triplice omicidio. Perch\u00e9 nei rapporti partigiani della \u201cGramsci\u201dnon c&#8217;\u00e8 alcuna traccia dell&#8217;episodio n\u00e9 di eventuali processi con sentenza di condanna. C&#8217;\u00e8 per\u00f2 un altro indizio importante. Ed \u00e8 legato a un&#8217;altra\u201ccena di lavoro\u201d che si svolge alcuni mesi prima tra partigiani, e precisamente il 26 dicembre del 1944, ossia la sera prima del matrimonio di Ada e Raffaele. L&#8217;invitato speciale di questa cena \u00e8 Raffaele Morbioli, detto &#8220;Comandante Staier\u201d. La serata, in realt\u00e0, \u00e8 solo un pretesto, una trappola per trattenere Raffaele in modo che non arrivi in tempo al matrimonio, che era stato fissato per il 27 dicembre 1944 nella chiesa di San Gregorio nelle Alpi. Questa unione con Ada Bellus, infatti, non era vista di buon occhio all&#8217;interno dell&#8217;organizzazione partigiana, a causa della quotidiana frequentazione della donna con l&#8217;ufficiale tedesco. Ma in questo sequestro lampo, qualcosa non funziona, qualcuno calcola male i tempi, e cos\u00ec Raffaele una volta rilasciato riesce a raggiungere la chiesa all&#8217;ultimo minuto e il parroco celebra il matrimonio. Raffaele dev&#8217;essere arrivato trafelato e confuso in chiesa, perch\u00e9 nell&#8217;atto pubblico di matrimonio redatto dal sacerdote don Evaristo Viel, egli firma nello spazio riservato ai testimoni.<a href=\"http:\/\/www.bellunopress.it\/wp-content\/uploads\/2009\/11\/atto-di-matrimonio-morbioli-bellus.jpg\"><img loading=\"lazy\" decoding=\"async\" class=\"alignleft size-medium wp-image-9566\" title=\"atto-di-matrimonio-morbioli-bellus\" src=\"http:\/\/www.bellunopress.it\/wp-content\/uploads\/2009\/11\/atto-di-matrimonio-morbioli-bellus-236x300.jpg\" alt=\"\" width=\"236\" height=\"300\" srcset=\"https:\/\/www.bellunopress.it\/wp-content\/uploads\/2009\/11\/atto-di-matrimonio-morbioli-bellus-236x300.jpg 236w, https:\/\/www.bellunopress.it\/wp-content\/uploads\/2009\/11\/atto-di-matrimonio-morbioli-bellus.jpg 355w\" sizes=\"auto, (max-width: 236px) 100vw, 236px\" \/><\/a> Poco importa, il matrimonio \u00e8 valido, Raffaele e Ada sono marito e moglie. Lei \u00e8 incinta di tre mesi e questo, probabilmente, porta a Raffaele alla decisione di voler uscire dall&#8217;organizzazione partigiana. Anche perch\u00e9, pare non ne condividesse pi\u00f9 i metodi. Inoltre, il fatto che la moglie lavorasse per un funzionario tedesco era motivo ricorrente di sospetti e di vessazioni nei suoi confronti. Raffaele, dunque, chiede di lasciare il movimento partigiano per motivi di famiglia (ora c&#8217;\u00e8 anche un bambino in arrivo). Il capo \u201cRobespierre\u201d (Aldo Dalla Sega), d\u00e0 il suo consenso, con l&#8217;unica clausola che Raffaele versi le armi. Una condizione inaccettabile per un capo partigiano come Raffaele Morbioli \u201cStaier\u201d, che infatti\u00a0 rifiuta questa clausola. Ebbene, non sappiamo se a determinare la condanna a morte dei due giovani con il loro bimbo mai nato, fu questo rifiuto a consegnare le armi o se la sentenza fosse gi\u00e0 stata scritta da tempo e il rifiuto sia stato solo il pretesto formale. I fatti ci dicono per\u00f2, che l&#8217; \u201cUltima cena\u201d, quella organizzata da \u201cRobespierre\u201dcui segu\u00ec l&#8217;uccisione in prossimit\u00e0 del ponticello sul Veses, avvenne appena dopo questo rifiuto di Raffaele a consegnare le armi. E anche dopo la sua morte, i partigiani andarono a casa di Pietro Morbioli, padre di Raffaele, in cerca di quelle armi. Ma Pietro, che in cuor suo non aveva mai condiviso la scelta del figlio di arruolarsi con i partigiani dopo che aveva svolto regolare servizio militare, non si fece intimorire e mise alla porta i partigiani. Ada Bellus e Raffaele Morbioli, uccisi a Velos di San Gregorio nelle Alpi vennero sepolti a Santa Giustina, per non creare tensioni in paese. I loro nomi sono scritti anche nel monumento ai Caduti di Santa Giustina.\u00a0 (rdn)<\/p>","protected":false},"excerpt":{"rendered":"<p>Sono le ore 22 dell&#8217;11 febbraio 1945. Ada Bellus 28enne in attesa di un figlio sta tornando a casa insieme al marito, il 25enne Raffaele Morbioli, comandante partigiano della Compagnia &#8220;Staier\u201d. I due sposi, residenti a Santa Giustina (Belluno) in via Casabellata, erano stati a cena dal capo partigiano locale Aldo Dalla Sega, nome di [&hellip;]<\/p>\n","protected":false},"author":2,"featured_media":0,"comment_status":"closed","ping_status":"open","sticky":false,"template":"","format":"standard","meta":{"footnotes":""},"categories":[49,26],"tags":[171,170,100,172,173],"class_list":["post-9563","post","type-post","status-publish","format-standard","category-speciali","category-prima-pagina","tag-compagnia-staier","tag-partigiani","tag-roberto-de-nart","tag-robespierre","tag-santa-giustina"],"yoast_head":"<!-- This site is optimized with the Yoast SEO plugin v28.4 - https:\/\/yoast.com\/product\/yoast-seo-wordpress\/ -->\n<title>L&#039;ultima cena di Raffaele Morbioli e Ada Bellus. I due giovani sposi con il loro bimbo mai nato vennero uccisi nel febbraio del 1945 a Santa Giustina - Bellunopress - Dolomiti<\/title>\n<meta name=\"robots\" content=\"index, follow, max-snippet:-1, max-image-preview:large, max-video-preview:-1\" \/>\n<link rel=\"canonical\" href=\"https:\/\/www.bellunopress.it\/fr\/2009\/11\/08\/lultima-cena-di-raffaele-morbioli-e-ada-bellus-i-due-giovani-sposi-con-il-loro-bimbo-mai-nato-vennero-uccisi-nel-febbraio-del-1945-a-santa-giustina\/\" \/>\n<meta property=\"og:locale\" content=\"fr_FR\" \/>\n<meta property=\"og:type\" content=\"article\" \/>\n<meta property=\"og:title\" content=\"L&#039;ultima cena di Raffaele Morbioli e Ada Bellus. I due giovani sposi con il loro bimbo mai nato vennero uccisi nel febbraio del 1945 a Santa Giustina - Bellunopress - Dolomiti\" \/>\n<meta property=\"og:description\" content=\"Sono le ore 22 dell&#8217;11 febbraio 1945. Ada Bellus 28enne in attesa di un figlio sta tornando a casa insieme al marito, il 25enne Raffaele Morbioli, comandante partigiano della Compagnia &#8220;Staier\u201d. I due sposi, residenti a Santa Giustina (Belluno) in via Casabellata, erano stati a cena dal capo partigiano locale Aldo Dalla Sega, nome di [&hellip;]\" \/>\n<meta property=\"og:url\" content=\"https:\/\/www.bellunopress.it\/fr\/2009\/11\/08\/lultima-cena-di-raffaele-morbioli-e-ada-bellus-i-due-giovani-sposi-con-il-loro-bimbo-mai-nato-vennero-uccisi-nel-febbraio-del-1945-a-santa-giustina\/\" \/>\n<meta property=\"og:site_name\" content=\"Bellunopress - Dolomiti\" \/>\n<meta property=\"article:publisher\" content=\"https:\/\/www.facebook.com\/profile.php?id=100008943462799\" \/>\n<meta property=\"article:published_time\" content=\"2009-11-08T08:49:23+00:00\" \/>\n<meta property=\"article:modified_time\" content=\"2010-02-19T14:04:30+00:00\" \/>\n<meta property=\"og:image\" content=\"http:\/\/www.bellunopress.it\/wp-content\/uploads\/2009\/11\/ada-bellus-e-raffaele-morbioli-300x189.jpg\" \/>\n<meta name=\"author\" content=\"redazione\" \/>\n<meta name=\"twitter:card\" content=\"summary_large_image\" \/>\n<meta name=\"twitter:creator\" content=\"@bellunopress\" \/>\n<meta name=\"twitter:site\" content=\"@bellunopress\" \/>\n<meta name=\"twitter:label1\" content=\"\u00c9crit par\" \/>\n\t<meta name=\"twitter:data1\" content=\"redazione\" \/>\n\t<meta name=\"twitter:label2\" content=\"Dur\u00e9e de lecture estim\u00e9e\" \/>\n\t<meta name=\"twitter:data2\" content=\"4 minutes\" \/>\n<script type=\"application\/ld+json\" class=\"yoast-schema-graph\">{\"@context\":\"https:\\\/\\\/schema.org\",\"@graph\":[{\"@type\":\"Article\",\"@id\":\"https:\\\/\\\/www.bellunopress.it\\\/2009\\\/11\\\/08\\\/lultima-cena-di-raffaele-morbioli-e-ada-bellus-i-due-giovani-sposi-con-il-loro-bimbo-mai-nato-vennero-uccisi-nel-febbraio-del-1945-a-santa-giustina\\\/#article\",\"isPartOf\":{\"@id\":\"https:\\\/\\\/www.bellunopress.it\\\/2009\\\/11\\\/08\\\/lultima-cena-di-raffaele-morbioli-e-ada-bellus-i-due-giovani-sposi-con-il-loro-bimbo-mai-nato-vennero-uccisi-nel-febbraio-del-1945-a-santa-giustina\\\/\"},\"author\":{\"name\":\"redazione\",\"@id\":\"https:\\\/\\\/www.bellunopress.it\\\/#\\\/schema\\\/person\\\/79bb06722b37ece1c03d3e94beb30d73\"},\"headline\":\"L&#8217;ultima cena di Raffaele Morbioli e Ada Bellus. I due giovani sposi con il loro bimbo mai nato vennero uccisi nel febbraio del 1945 a Santa Giustina\",\"datePublished\":\"2009-11-08T08:49:23+00:00\",\"dateModified\":\"2010-02-19T14:04:30+00:00\",\"mainEntityOfPage\":{\"@id\":\"https:\\\/\\\/www.bellunopress.it\\\/2009\\\/11\\\/08\\\/lultima-cena-di-raffaele-morbioli-e-ada-bellus-i-due-giovani-sposi-con-il-loro-bimbo-mai-nato-vennero-uccisi-nel-febbraio-del-1945-a-santa-giustina\\\/\"},\"wordCount\":781,\"publisher\":{\"@id\":\"https:\\\/\\\/www.bellunopress.it\\\/#organization\"},\"image\":{\"@id\":\"https:\\\/\\\/www.bellunopress.it\\\/2009\\\/11\\\/08\\\/lultima-cena-di-raffaele-morbioli-e-ada-bellus-i-due-giovani-sposi-con-il-loro-bimbo-mai-nato-vennero-uccisi-nel-febbraio-del-1945-a-santa-giustina\\\/#primaryimage\"},\"thumbnailUrl\":\"http:\\\/\\\/www.bellunopress.it\\\/wp-content\\\/uploads\\\/2009\\\/11\\\/ada-bellus-e-raffaele-morbioli-300x189.jpg\",\"keywords\":[\"compagnia staier\",\"partigiani\",\"Roberto De Nart\",\"Robespierre\",\"Santa Giustina\"],\"articleSection\":[\"Gli speciali di Bellunopress\",\"Prima Pagina\"],\"inLanguage\":\"fr-FR\"},{\"@type\":\"WebPage\",\"@id\":\"https:\\\/\\\/www.bellunopress.it\\\/2009\\\/11\\\/08\\\/lultima-cena-di-raffaele-morbioli-e-ada-bellus-i-due-giovani-sposi-con-il-loro-bimbo-mai-nato-vennero-uccisi-nel-febbraio-del-1945-a-santa-giustina\\\/\",\"url\":\"https:\\\/\\\/www.bellunopress.it\\\/2009\\\/11\\\/08\\\/lultima-cena-di-raffaele-morbioli-e-ada-bellus-i-due-giovani-sposi-con-il-loro-bimbo-mai-nato-vennero-uccisi-nel-febbraio-del-1945-a-santa-giustina\\\/\",\"name\":\"L'ultima cena di Raffaele Morbioli e Ada Bellus. I due giovani sposi con il loro bimbo mai nato vennero uccisi nel febbraio del 1945 a Santa Giustina - Bellunopress - Dolomiti\",\"isPartOf\":{\"@id\":\"https:\\\/\\\/www.bellunopress.it\\\/#website\"},\"primaryImageOfPage\":{\"@id\":\"https:\\\/\\\/www.bellunopress.it\\\/2009\\\/11\\\/08\\\/lultima-cena-di-raffaele-morbioli-e-ada-bellus-i-due-giovani-sposi-con-il-loro-bimbo-mai-nato-vennero-uccisi-nel-febbraio-del-1945-a-santa-giustina\\\/#primaryimage\"},\"image\":{\"@id\":\"https:\\\/\\\/www.bellunopress.it\\\/2009\\\/11\\\/08\\\/lultima-cena-di-raffaele-morbioli-e-ada-bellus-i-due-giovani-sposi-con-il-loro-bimbo-mai-nato-vennero-uccisi-nel-febbraio-del-1945-a-santa-giustina\\\/#primaryimage\"},\"thumbnailUrl\":\"http:\\\/\\\/www.bellunopress.it\\\/wp-content\\\/uploads\\\/2009\\\/11\\\/ada-bellus-e-raffaele-morbioli-300x189.jpg\",\"datePublished\":\"2009-11-08T08:49:23+00:00\",\"dateModified\":\"2010-02-19T14:04:30+00:00\",\"breadcrumb\":{\"@id\":\"https:\\\/\\\/www.bellunopress.it\\\/2009\\\/11\\\/08\\\/lultima-cena-di-raffaele-morbioli-e-ada-bellus-i-due-giovani-sposi-con-il-loro-bimbo-mai-nato-vennero-uccisi-nel-febbraio-del-1945-a-santa-giustina\\\/#breadcrumb\"},\"inLanguage\":\"fr-FR\",\"potentialAction\":[{\"@type\":\"ReadAction\",\"target\":[\"https:\\\/\\\/www.bellunopress.it\\\/2009\\\/11\\\/08\\\/lultima-cena-di-raffaele-morbioli-e-ada-bellus-i-due-giovani-sposi-con-il-loro-bimbo-mai-nato-vennero-uccisi-nel-febbraio-del-1945-a-santa-giustina\\\/\"]}]},{\"@type\":\"ImageObject\",\"inLanguage\":\"fr-FR\",\"@id\":\"https:\\\/\\\/www.bellunopress.it\\\/2009\\\/11\\\/08\\\/lultima-cena-di-raffaele-morbioli-e-ada-bellus-i-due-giovani-sposi-con-il-loro-bimbo-mai-nato-vennero-uccisi-nel-febbraio-del-1945-a-santa-giustina\\\/#primaryimage\",\"url\":\"http:\\\/\\\/www.bellunopress.it\\\/wp-content\\\/uploads\\\/2009\\\/11\\\/ada-bellus-e-raffaele-morbioli-300x189.jpg\",\"contentUrl\":\"http:\\\/\\\/www.bellunopress.it\\\/wp-content\\\/uploads\\\/2009\\\/11\\\/ada-bellus-e-raffaele-morbioli-300x189.jpg\"},{\"@type\":\"BreadcrumbList\",\"@id\":\"https:\\\/\\\/www.bellunopress.it\\\/2009\\\/11\\\/08\\\/lultima-cena-di-raffaele-morbioli-e-ada-bellus-i-due-giovani-sposi-con-il-loro-bimbo-mai-nato-vennero-uccisi-nel-febbraio-del-1945-a-santa-giustina\\\/#breadcrumb\",\"itemListElement\":[{\"@type\":\"ListItem\",\"position\":1,\"name\":\"Home\",\"item\":\"https:\\\/\\\/www.bellunopress.it\\\/\"},{\"@type\":\"ListItem\",\"position\":2,\"name\":\"L&#8217;ultima cena di Raffaele Morbioli e Ada Bellus. I due giovani sposi con il loro bimbo mai nato vennero uccisi nel febbraio del 1945 a Santa Giustina\"}]},{\"@type\":\"WebSite\",\"@id\":\"https:\\\/\\\/www.bellunopress.it\\\/#website\",\"url\":\"https:\\\/\\\/www.bellunopress.it\\\/\",\"name\":\"Bellunopress - Dolomiti\",\"description\":\"e-mail: redazione@bellunopress.it\",\"publisher\":{\"@id\":\"https:\\\/\\\/www.bellunopress.it\\\/#organization\"},\"potentialAction\":[{\"@type\":\"SearchAction\",\"target\":{\"@type\":\"EntryPoint\",\"urlTemplate\":\"https:\\\/\\\/www.bellunopress.it\\\/?s={search_term_string}\"},\"query-input\":{\"@type\":\"PropertyValueSpecification\",\"valueRequired\":true,\"valueName\":\"search_term_string\"}}],\"inLanguage\":\"fr-FR\"},{\"@type\":\"Organization\",\"@id\":\"https:\\\/\\\/www.bellunopress.it\\\/#organization\",\"name\":\"Bellunopress\",\"url\":\"https:\\\/\\\/www.bellunopress.it\\\/\",\"logo\":{\"@type\":\"ImageObject\",\"inLanguage\":\"fr-FR\",\"@id\":\"https:\\\/\\\/www.bellunopress.it\\\/#\\\/schema\\\/logo\\\/image\\\/\",\"url\":\"https:\\\/\\\/www.bellunopress.it\\\/wp-content\\\/uploads\\\/2011\\\/05\\\/cropped-logo-bellunopress-.jpg\",\"contentUrl\":\"https:\\\/\\\/www.bellunopress.it\\\/wp-content\\\/uploads\\\/2011\\\/05\\\/cropped-logo-bellunopress-.jpg\",\"width\":512,\"height\":512,\"caption\":\"Bellunopress\"},\"image\":{\"@id\":\"https:\\\/\\\/www.bellunopress.it\\\/#\\\/schema\\\/logo\\\/image\\\/\"},\"sameAs\":[\"https:\\\/\\\/www.facebook.com\\\/profile.php?id=100008943462799\",\"https:\\\/\\\/x.com\\\/bellunopress\",\"https:\\\/\\\/www.linkedin.com\\\/hp\\\/?dnr=JBzUWaJfMUw8vbXJJ2tVW5-I3jZKvC4wsoxE&amp;amp;amp;amp;amp;amp;trk=nav_responsive_tab_home\",\"https:\\\/\\\/www.youtube.com\\\/channel\\\/UCxL0wu1uN0_3_7hGG0306cw\"]},{\"@type\":\"Person\",\"@id\":\"https:\\\/\\\/www.bellunopress.it\\\/#\\\/schema\\\/person\\\/79bb06722b37ece1c03d3e94beb30d73\",\"name\":\"redazione\",\"image\":{\"@type\":\"ImageObject\",\"inLanguage\":\"fr-FR\",\"@id\":\"https:\\\/\\\/secure.gravatar.com\\\/avatar\\\/37d968a2e67a6fd04c169c4bdef102d0bc5d31b2546345219e348575eb80e9a0?s=96&d=mm&r=g\",\"url\":\"https:\\\/\\\/secure.gravatar.com\\\/avatar\\\/37d968a2e67a6fd04c169c4bdef102d0bc5d31b2546345219e348575eb80e9a0?s=96&d=mm&r=g\",\"contentUrl\":\"https:\\\/\\\/secure.gravatar.com\\\/avatar\\\/37d968a2e67a6fd04c169c4bdef102d0bc5d31b2546345219e348575eb80e9a0?s=96&d=mm&r=g\",\"caption\":\"redazione\"},\"sameAs\":[\"http:\\\/\\\/www.bellunopress.it\",\"https:\\\/\\\/x.com\\\/bellunopress\"],\"url\":\"https:\\\/\\\/www.bellunopress.it\\\/fr\\\/author\\\/redazione\\\/\"}]}<\/script>\n<!-- \/ Yoast SEO plugin. -->","yoast_head_json":{"title":"L'ultima cena di Raffaele Morbioli e Ada Bellus. I due giovani sposi con il loro bimbo mai nato vennero uccisi nel febbraio del 1945 a Santa Giustina - Bellunopress - Dolomiti","robots":{"index":"index","follow":"follow","max-snippet":"max-snippet:-1","max-image-preview":"max-image-preview:large","max-video-preview":"max-video-preview:-1"},"canonical":"https:\/\/www.bellunopress.it\/fr\/2009\/11\/08\/lultima-cena-di-raffaele-morbioli-e-ada-bellus-i-due-giovani-sposi-con-il-loro-bimbo-mai-nato-vennero-uccisi-nel-febbraio-del-1945-a-santa-giustina\/","og_locale":"fr_FR","og_type":"article","og_title":"L'ultima cena di Raffaele Morbioli e Ada Bellus. I due giovani sposi con il loro bimbo mai nato vennero uccisi nel febbraio del 1945 a Santa Giustina - Bellunopress - Dolomiti","og_description":"Sono le ore 22 dell&#8217;11 febbraio 1945. Ada Bellus 28enne in attesa di un figlio sta tornando a casa insieme al marito, il 25enne Raffaele Morbioli, comandante partigiano della Compagnia &#8220;Staier\u201d. I due sposi, residenti a Santa Giustina (Belluno) in via Casabellata, erano stati a cena dal capo partigiano locale Aldo Dalla Sega, nome di [&hellip;]","og_url":"https:\/\/www.bellunopress.it\/fr\/2009\/11\/08\/lultima-cena-di-raffaele-morbioli-e-ada-bellus-i-due-giovani-sposi-con-il-loro-bimbo-mai-nato-vennero-uccisi-nel-febbraio-del-1945-a-santa-giustina\/","og_site_name":"Bellunopress - Dolomiti","article_publisher":"https:\/\/www.facebook.com\/profile.php?id=100008943462799","article_published_time":"2009-11-08T08:49:23+00:00","article_modified_time":"2010-02-19T14:04:30+00:00","og_image":[{"url":"http:\/\/www.bellunopress.it\/wp-content\/uploads\/2009\/11\/ada-bellus-e-raffaele-morbioli-300x189.jpg","type":"","width":"","height":""}],"author":"redazione","twitter_card":"summary_large_image","twitter_creator":"@bellunopress","twitter_site":"@bellunopress","twitter_misc":{"\u00c9crit par":"redazione","Dur\u00e9e de lecture estim\u00e9e":"4 minutes"},"schema":{"@context":"https:\/\/schema.org","@graph":[{"@type":"Article","@id":"https:\/\/www.bellunopress.it\/2009\/11\/08\/lultima-cena-di-raffaele-morbioli-e-ada-bellus-i-due-giovani-sposi-con-il-loro-bimbo-mai-nato-vennero-uccisi-nel-febbraio-del-1945-a-santa-giustina\/#article","isPartOf":{"@id":"https:\/\/www.bellunopress.it\/2009\/11\/08\/lultima-cena-di-raffaele-morbioli-e-ada-bellus-i-due-giovani-sposi-con-il-loro-bimbo-mai-nato-vennero-uccisi-nel-febbraio-del-1945-a-santa-giustina\/"},"author":{"name":"redazione","@id":"https:\/\/www.bellunopress.it\/#\/schema\/person\/79bb06722b37ece1c03d3e94beb30d73"},"headline":"L&#8217;ultima cena di Raffaele Morbioli e Ada Bellus. I due giovani sposi con il loro bimbo mai nato vennero uccisi nel febbraio del 1945 a Santa Giustina","datePublished":"2009-11-08T08:49:23+00:00","dateModified":"2010-02-19T14:04:30+00:00","mainEntityOfPage":{"@id":"https:\/\/www.bellunopress.it\/2009\/11\/08\/lultima-cena-di-raffaele-morbioli-e-ada-bellus-i-due-giovani-sposi-con-il-loro-bimbo-mai-nato-vennero-uccisi-nel-febbraio-del-1945-a-santa-giustina\/"},"wordCount":781,"publisher":{"@id":"https:\/\/www.bellunopress.it\/#organization"},"image":{"@id":"https:\/\/www.bellunopress.it\/2009\/11\/08\/lultima-cena-di-raffaele-morbioli-e-ada-bellus-i-due-giovani-sposi-con-il-loro-bimbo-mai-nato-vennero-uccisi-nel-febbraio-del-1945-a-santa-giustina\/#primaryimage"},"thumbnailUrl":"http:\/\/www.bellunopress.it\/wp-content\/uploads\/2009\/11\/ada-bellus-e-raffaele-morbioli-300x189.jpg","keywords":["compagnia staier","partigiani","Roberto De Nart","Robespierre","Santa Giustina"],"articleSection":["Gli speciali di Bellunopress","Prima Pagina"],"inLanguage":"fr-FR"},{"@type":"WebPage","@id":"https:\/\/www.bellunopress.it\/2009\/11\/08\/lultima-cena-di-raffaele-morbioli-e-ada-bellus-i-due-giovani-sposi-con-il-loro-bimbo-mai-nato-vennero-uccisi-nel-febbraio-del-1945-a-santa-giustina\/","url":"https:\/\/www.bellunopress.it\/2009\/11\/08\/lultima-cena-di-raffaele-morbioli-e-ada-bellus-i-due-giovani-sposi-con-il-loro-bimbo-mai-nato-vennero-uccisi-nel-febbraio-del-1945-a-santa-giustina\/","name":"L'ultima cena di Raffaele Morbioli e Ada Bellus. I due giovani sposi con il loro bimbo mai nato vennero uccisi nel febbraio del 1945 a Santa Giustina - Bellunopress - Dolomiti","isPartOf":{"@id":"https:\/\/www.bellunopress.it\/#website"},"primaryImageOfPage":{"@id":"https:\/\/www.bellunopress.it\/2009\/11\/08\/lultima-cena-di-raffaele-morbioli-e-ada-bellus-i-due-giovani-sposi-con-il-loro-bimbo-mai-nato-vennero-uccisi-nel-febbraio-del-1945-a-santa-giustina\/#primaryimage"},"image":{"@id":"https:\/\/www.bellunopress.it\/2009\/11\/08\/lultima-cena-di-raffaele-morbioli-e-ada-bellus-i-due-giovani-sposi-con-il-loro-bimbo-mai-nato-vennero-uccisi-nel-febbraio-del-1945-a-santa-giustina\/#primaryimage"},"thumbnailUrl":"http:\/\/www.bellunopress.it\/wp-content\/uploads\/2009\/11\/ada-bellus-e-raffaele-morbioli-300x189.jpg","datePublished":"2009-11-08T08:49:23+00:00","dateModified":"2010-02-19T14:04:30+00:00","breadcrumb":{"@id":"https:\/\/www.bellunopress.it\/2009\/11\/08\/lultima-cena-di-raffaele-morbioli-e-ada-bellus-i-due-giovani-sposi-con-il-loro-bimbo-mai-nato-vennero-uccisi-nel-febbraio-del-1945-a-santa-giustina\/#breadcrumb"},"inLanguage":"fr-FR","potentialAction":[{"@type":"ReadAction","target":["https:\/\/www.bellunopress.it\/2009\/11\/08\/lultima-cena-di-raffaele-morbioli-e-ada-bellus-i-due-giovani-sposi-con-il-loro-bimbo-mai-nato-vennero-uccisi-nel-febbraio-del-1945-a-santa-giustina\/"]}]},{"@type":"ImageObject","inLanguage":"fr-FR","@id":"https:\/\/www.bellunopress.it\/2009\/11\/08\/lultima-cena-di-raffaele-morbioli-e-ada-bellus-i-due-giovani-sposi-con-il-loro-bimbo-mai-nato-vennero-uccisi-nel-febbraio-del-1945-a-santa-giustina\/#primaryimage","url":"http:\/\/www.bellunopress.it\/wp-content\/uploads\/2009\/11\/ada-bellus-e-raffaele-morbioli-300x189.jpg","contentUrl":"http:\/\/www.bellunopress.it\/wp-content\/uploads\/2009\/11\/ada-bellus-e-raffaele-morbioli-300x189.jpg"},{"@type":"BreadcrumbList","@id":"https:\/\/www.bellunopress.it\/2009\/11\/08\/lultima-cena-di-raffaele-morbioli-e-ada-bellus-i-due-giovani-sposi-con-il-loro-bimbo-mai-nato-vennero-uccisi-nel-febbraio-del-1945-a-santa-giustina\/#breadcrumb","itemListElement":[{"@type":"ListItem","position":1,"name":"Home","item":"https:\/\/www.bellunopress.it\/"},{"@type":"ListItem","position":2,"name":"L&#8217;ultima cena di Raffaele Morbioli e Ada Bellus. I due giovani sposi con il loro bimbo mai nato vennero uccisi nel febbraio del 1945 a Santa Giustina"}]},{"@type":"WebSite","@id":"https:\/\/www.bellunopress.it\/#website","url":"https:\/\/www.bellunopress.it\/","name":"Bellunopress - Dolomiti","description":"e-mail: redazione@bellunopress.it","publisher":{"@id":"https:\/\/www.bellunopress.it\/#organization"},"potentialAction":[{"@type":"SearchAction","target":{"@type":"EntryPoint","urlTemplate":"https:\/\/www.bellunopress.it\/?s={search_term_string}"},"query-input":{"@type":"PropertyValueSpecification","valueRequired":true,"valueName":"search_term_string"}}],"inLanguage":"fr-FR"},{"@type":"Organization","@id":"https:\/\/www.bellunopress.it\/#organization","name":"Bellunopress","url":"https:\/\/www.bellunopress.it\/","logo":{"@type":"ImageObject","inLanguage":"fr-FR","@id":"https:\/\/www.bellunopress.it\/#\/schema\/logo\/image\/","url":"https:\/\/www.bellunopress.it\/wp-content\/uploads\/2011\/05\/cropped-logo-bellunopress-.jpg","contentUrl":"https:\/\/www.bellunopress.it\/wp-content\/uploads\/2011\/05\/cropped-logo-bellunopress-.jpg","width":512,"height":512,"caption":"Bellunopress"},"image":{"@id":"https:\/\/www.bellunopress.it\/#\/schema\/logo\/image\/"},"sameAs":["https:\/\/www.facebook.com\/profile.php?id=100008943462799","https:\/\/x.com\/bellunopress","https:\/\/www.linkedin.com\/hp\/?dnr=JBzUWaJfMUw8vbXJJ2tVW5-I3jZKvC4wsoxE&amp;amp;amp;amp;amp;amp;trk=nav_responsive_tab_home","https:\/\/www.youtube.com\/channel\/UCxL0wu1uN0_3_7hGG0306cw"]},{"@type":"Person","@id":"https:\/\/www.bellunopress.it\/#\/schema\/person\/79bb06722b37ece1c03d3e94beb30d73","name":"r\u00e9daction","image":{"@type":"ImageObject","inLanguage":"fr-FR","@id":"https:\/\/secure.gravatar.com\/avatar\/37d968a2e67a6fd04c169c4bdef102d0bc5d31b2546345219e348575eb80e9a0?s=96&d=mm&r=g","url":"https:\/\/secure.gravatar.com\/avatar\/37d968a2e67a6fd04c169c4bdef102d0bc5d31b2546345219e348575eb80e9a0?s=96&d=mm&r=g","contentUrl":"https:\/\/secure.gravatar.com\/avatar\/37d968a2e67a6fd04c169c4bdef102d0bc5d31b2546345219e348575eb80e9a0?s=96&d=mm&r=g","caption":"redazione"},"sameAs":["http:\/\/www.bellunopress.it","https:\/\/x.com\/bellunopress"],"url":"https:\/\/www.bellunopress.it\/fr\/author\/redazione\/"}]}},"_links":{"self":[{"href":"https:\/\/www.bellunopress.it\/fr\/wp-json\/wp\/v2\/posts\/9563","targetHints":{"allow":["GET"]}}],"collection":[{"href":"https:\/\/www.bellunopress.it\/fr\/wp-json\/wp\/v2\/posts"}],"about":[{"href":"https:\/\/www.bellunopress.it\/fr\/wp-json\/wp\/v2\/types\/post"}],"author":[{"embeddable":true,"href":"https:\/\/www.bellunopress.it\/fr\/wp-json\/wp\/v2\/users\/2"}],"replies":[{"embeddable":true,"href":"https:\/\/www.bellunopress.it\/fr\/wp-json\/wp\/v2\/comments?post=9563"}],"version-history":[{"count":3,"href":"https:\/\/www.bellunopress.it\/fr\/wp-json\/wp\/v2\/posts\/9563\/revisions"}],"predecessor-version":[{"id":12696,"href":"https:\/\/www.bellunopress.it\/fr\/wp-json\/wp\/v2\/posts\/9563\/revisions\/12696"}],"wp:attachment":[{"href":"https:\/\/www.bellunopress.it\/fr\/wp-json\/wp\/v2\/media?parent=9563"}],"wp:term":[{"taxonomy":"category","embeddable":true,"href":"https:\/\/www.bellunopress.it\/fr\/wp-json\/wp\/v2\/categories?post=9563"},{"taxonomy":"post_tag","embeddable":true,"href":"https:\/\/www.bellunopress.it\/fr\/wp-json\/wp\/v2\/tags?post=9563"}],"curies":[{"name":"wp","href":"https:\/\/api.w.org\/{rel}","templated":true}]}}