{"id":95626,"date":"2018-06-15T10:42:09","date_gmt":"2018-06-15T08:42:09","guid":{"rendered":"http:\/\/www.bellunopress.it\/?p=95626"},"modified":"2018-06-15T10:42:09","modified_gmt":"2018-06-15T08:42:09","slug":"esercitazione-5-torri-2018-torna-in-luglio-lappuntamento-con-le-truppe-alpine","status":"publish","type":"post","link":"https:\/\/www.bellunopress.it\/fr\/2018\/06\/15\/esercitazione-5-torri-2018-torna-in-luglio-lappuntamento-con-le-truppe-alpine\/","title":{"rendered":"Esercitazione \u201c5 Torri 2018\u201d.\u00a0Torna in luglio l\u2019appuntamento con le Truppe Alpine"},"content":{"rendered":"<p>Le Truppe Alpine dell\u2019Esercito saranno Nuovamente protagoniste, il prossimo 4 luglio, dell\u2019esercitazione multinazionale interforze \u201c5 Torri 2018\u201d.<\/p>\n<p><a href=\"http:\/\/www.bellunopress.it\/fr\/2018\/06\/15\/esercitazione-5-torri-2018-torna-in-luglio-lappuntamento-con-le-truppe-alpine\/5-torri-esercitazione\/\" rel=\"attachment wp-att-95627\"><img loading=\"lazy\" decoding=\"async\" class=\"alignleft size-full wp-image-95627\" src=\"http:\/\/www.bellunopress.it\/wp-content\/uploads\/2018\/06\/5-torri-esercitazione.jpg\" alt=\"\" width=\"300\" height=\"211\" \/><\/a>Nell\u2019omonimo comprensorio montano, dove 100 anni fa era posizionato il Comando dell\u2019artiglieria italiana ed \u00e8 oggi ben visibile e visitabile un autentico museo a cielo aperto della 1^ Guerra Mondiale, gli Alpini daranno prova delle loro capacit\u00e0 nel saper operare in montagna, con appassionanti dimostrazioni aperte al pubblico* di progressione alpinistica e manovre di soccorso in parete (con e senza elicotteri) e della capacit\u00e0 di sviluppare azioni militari in un ambiente particolarmente difficile e selettivo.<\/p>\n<p>Eredi dei leggendari soldati che durante il Primo Conflitto Mondiale scrissero su queste montagne epiche pagine di storia militare ed alpinistica, in questa esercitazione gli Alpini daranno particolare risalto al concetto di \u201cmountain warfare\u201d, evoluzione delle tradizionali tecniche di combattimento in alta montagna che, con procedure in continuo aggiornamento, caratterizza le Truppe Alpine moderne quali componente dell\u2019Esercito prontamente impiegabile ed idonea ad operare in qualsiasi contesto ambientale.<\/p>\n<p>&nbsp;<\/p>","protected":false},"excerpt":{"rendered":"<p>Le Truppe Alpine dell\u2019Esercito saranno Nuovamente protagoniste, il prossimo 4 luglio, dell\u2019esercitazione multinazionale interforze \u201c5 Torri 2018\u201d. Nell\u2019omonimo comprensorio montano, dove 100 anni fa era posizionato il Comando dell\u2019artiglieria italiana ed \u00e8 oggi ben visibile e visitabile un autentico museo a cielo aperto della 1^ Guerra Mondiale, gli Alpini daranno prova delle loro capacit\u00e0 nel [&hellip;]<\/p>\n","protected":false},"author":2,"featured_media":0,"comment_status":"closed","ping_status":"open","sticky":false,"template":"","format":"standard","meta":{"footnotes":""},"categories":[27,25,8],"tags":[],"class_list":["post-95626","post","type-post","status-publish","format-standard","category-appuntamenti","category-pausa-caffe","category-societa-istituzioni"],"yoast_head":"<!-- This site is optimized with the Yoast SEO plugin v28.4 - https:\/\/yoast.com\/product\/yoast-seo-wordpress\/ -->\n<title>Esercitazione \u201c5 Torri 2018\u201d.\u00a0Torna in luglio l\u2019appuntamento con le Truppe Alpine - Bellunopress - Dolomiti<\/title>\n<meta name=\"robots\" content=\"index, follow, max-snippet:-1, max-image-preview:large, max-video-preview:-1\" \/>\n<link rel=\"canonical\" href=\"https:\/\/www.bellunopress.it\/fr\/2018\/06\/15\/esercitazione-5-torri-2018-torna-in-luglio-lappuntamento-con-le-truppe-alpine\/\" \/>\n<meta property=\"og:locale\" content=\"fr_FR\" \/>\n<meta property=\"og:type\" content=\"article\" \/>\n<meta property=\"og:title\" content=\"Esercitazione \u201c5 Torri 2018\u201d.\u00a0Torna in luglio l\u2019appuntamento con le Truppe Alpine - Bellunopress - Dolomiti\" \/>\n<meta property=\"og:description\" content=\"Le Truppe Alpine dell\u2019Esercito saranno Nuovamente protagoniste, il prossimo 4 luglio, dell\u2019esercitazione multinazionale interforze \u201c5 Torri 2018\u201d. Nell\u2019omonimo comprensorio montano, dove 100 anni fa era posizionato il Comando dell\u2019artiglieria italiana ed \u00e8 oggi ben visibile e visitabile un autentico museo a cielo aperto della 1^ Guerra Mondiale, gli Alpini daranno prova delle loro capacit\u00e0 nel [&hellip;]\" \/>\n<meta property=\"og:url\" content=\"https:\/\/www.bellunopress.it\/fr\/2018\/06\/15\/esercitazione-5-torri-2018-torna-in-luglio-lappuntamento-con-le-truppe-alpine\/\" \/>\n<meta property=\"og:site_name\" content=\"Bellunopress - Dolomiti\" \/>\n<meta property=\"article:publisher\" content=\"https:\/\/www.facebook.com\/profile.php?id=100008943462799\" \/>\n<meta property=\"article:published_time\" content=\"2018-06-15T08:42:09+00:00\" \/>\n<meta property=\"og:image\" content=\"http:\/\/www.bellunopress.it\/wp-content\/uploads\/2018\/06\/5-torri-esercitazione.jpg\" \/>\n<meta name=\"author\" content=\"redazione\" \/>\n<meta name=\"twitter:card\" content=\"summary_large_image\" \/>\n<meta name=\"twitter:creator\" content=\"@bellunopress\" \/>\n<meta name=\"twitter:site\" content=\"@bellunopress\" \/>\n<meta name=\"twitter:label1\" content=\"\u00c9crit par\" \/>\n\t<meta name=\"twitter:data1\" content=\"redazione\" \/>\n\t<meta name=\"twitter:label2\" content=\"Dur\u00e9e de lecture estim\u00e9e\" \/>\n\t<meta name=\"twitter:data2\" content=\"1 minute\" \/>\n<script type=\"application\/ld+json\" class=\"yoast-schema-graph\">{\"@context\":\"https:\\\/\\\/schema.org\",\"@graph\":[{\"@type\":\"Article\",\"@id\":\"https:\\\/\\\/www.bellunopress.it\\\/2018\\\/06\\\/15\\\/esercitazione-5-torri-2018-torna-in-luglio-lappuntamento-con-le-truppe-alpine\\\/#article\",\"isPartOf\":{\"@id\":\"https:\\\/\\\/www.bellunopress.it\\\/2018\\\/06\\\/15\\\/esercitazione-5-torri-2018-torna-in-luglio-lappuntamento-con-le-truppe-alpine\\\/\"},\"author\":{\"name\":\"redazione\",\"@id\":\"https:\\\/\\\/www.bellunopress.it\\\/#\\\/schema\\\/person\\\/79bb06722b37ece1c03d3e94beb30d73\"},\"headline\":\"Esercitazione \u201c5 Torri 2018\u201d.\u00a0Torna in luglio l\u2019appuntamento con le Truppe Alpine\",\"datePublished\":\"2018-06-15T08:42:09+00:00\",\"mainEntityOfPage\":{\"@id\":\"https:\\\/\\\/www.bellunopress.it\\\/2018\\\/06\\\/15\\\/esercitazione-5-torri-2018-torna-in-luglio-lappuntamento-con-le-truppe-alpine\\\/\"},\"wordCount\":170,\"publisher\":{\"@id\":\"https:\\\/\\\/www.bellunopress.it\\\/#organization\"},\"image\":{\"@id\":\"https:\\\/\\\/www.bellunopress.it\\\/2018\\\/06\\\/15\\\/esercitazione-5-torri-2018-torna-in-luglio-lappuntamento-con-le-truppe-alpine\\\/#primaryimage\"},\"thumbnailUrl\":\"http:\\\/\\\/www.bellunopress.it\\\/wp-content\\\/uploads\\\/2018\\\/06\\\/5-torri-esercitazione.jpg\",\"articleSection\":[\"Appuntamenti, Eventi\",\"Pausa Caff\u00e8\",\"Societ\u00e0, Associazioni, Istituzioni\"],\"inLanguage\":\"fr-FR\"},{\"@type\":\"WebPage\",\"@id\":\"https:\\\/\\\/www.bellunopress.it\\\/2018\\\/06\\\/15\\\/esercitazione-5-torri-2018-torna-in-luglio-lappuntamento-con-le-truppe-alpine\\\/\",\"url\":\"https:\\\/\\\/www.bellunopress.it\\\/2018\\\/06\\\/15\\\/esercitazione-5-torri-2018-torna-in-luglio-lappuntamento-con-le-truppe-alpine\\\/\",\"name\":\"Esercitazione \u201c5 Torri 2018\u201d.\u00a0Torna in luglio l\u2019appuntamento con le Truppe Alpine - Bellunopress - Dolomiti\",\"isPartOf\":{\"@id\":\"https:\\\/\\\/www.bellunopress.it\\\/#website\"},\"primaryImageOfPage\":{\"@id\":\"https:\\\/\\\/www.bellunopress.it\\\/2018\\\/06\\\/15\\\/esercitazione-5-torri-2018-torna-in-luglio-lappuntamento-con-le-truppe-alpine\\\/#primaryimage\"},\"image\":{\"@id\":\"https:\\\/\\\/www.bellunopress.it\\\/2018\\\/06\\\/15\\\/esercitazione-5-torri-2018-torna-in-luglio-lappuntamento-con-le-truppe-alpine\\\/#primaryimage\"},\"thumbnailUrl\":\"http:\\\/\\\/www.bellunopress.it\\\/wp-content\\\/uploads\\\/2018\\\/06\\\/5-torri-esercitazione.jpg\",\"datePublished\":\"2018-06-15T08:42:09+00:00\",\"breadcrumb\":{\"@id\":\"https:\\\/\\\/www.bellunopress.it\\\/2018\\\/06\\\/15\\\/esercitazione-5-torri-2018-torna-in-luglio-lappuntamento-con-le-truppe-alpine\\\/#breadcrumb\"},\"inLanguage\":\"fr-FR\",\"potentialAction\":[{\"@type\":\"ReadAction\",\"target\":[\"https:\\\/\\\/www.bellunopress.it\\\/2018\\\/06\\\/15\\\/esercitazione-5-torri-2018-torna-in-luglio-lappuntamento-con-le-truppe-alpine\\\/\"]}]},{\"@type\":\"ImageObject\",\"inLanguage\":\"fr-FR\",\"@id\":\"https:\\\/\\\/www.bellunopress.it\\\/2018\\\/06\\\/15\\\/esercitazione-5-torri-2018-torna-in-luglio-lappuntamento-con-le-truppe-alpine\\\/#primaryimage\",\"url\":\"http:\\\/\\\/www.bellunopress.it\\\/wp-content\\\/uploads\\\/2018\\\/06\\\/5-torri-esercitazione.jpg\",\"contentUrl\":\"http:\\\/\\\/www.bellunopress.it\\\/wp-content\\\/uploads\\\/2018\\\/06\\\/5-torri-esercitazione.jpg\"},{\"@type\":\"BreadcrumbList\",\"@id\":\"https:\\\/\\\/www.bellunopress.it\\\/2018\\\/06\\\/15\\\/esercitazione-5-torri-2018-torna-in-luglio-lappuntamento-con-le-truppe-alpine\\\/#breadcrumb\",\"itemListElement\":[{\"@type\":\"ListItem\",\"position\":1,\"name\":\"Home\",\"item\":\"https:\\\/\\\/www.bellunopress.it\\\/\"},{\"@type\":\"ListItem\",\"position\":2,\"name\":\"Esercitazione \u201c5 Torri 2018\u201d.\u00a0Torna in luglio l\u2019appuntamento con le Truppe Alpine\"}]},{\"@type\":\"WebSite\",\"@id\":\"https:\\\/\\\/www.bellunopress.it\\\/#website\",\"url\":\"https:\\\/\\\/www.bellunopress.it\\\/\",\"name\":\"Bellunopress - Dolomiti\",\"description\":\"e-mail: redazione@bellunopress.it\",\"publisher\":{\"@id\":\"https:\\\/\\\/www.bellunopress.it\\\/#organization\"},\"potentialAction\":[{\"@type\":\"SearchAction\",\"target\":{\"@type\":\"EntryPoint\",\"urlTemplate\":\"https:\\\/\\\/www.bellunopress.it\\\/?s={search_term_string}\"},\"query-input\":{\"@type\":\"PropertyValueSpecification\",\"valueRequired\":true,\"valueName\":\"search_term_string\"}}],\"inLanguage\":\"fr-FR\"},{\"@type\":\"Organization\",\"@id\":\"https:\\\/\\\/www.bellunopress.it\\\/#organization\",\"name\":\"Bellunopress\",\"url\":\"https:\\\/\\\/www.bellunopress.it\\\/\",\"logo\":{\"@type\":\"ImageObject\",\"inLanguage\":\"fr-FR\",\"@id\":\"https:\\\/\\\/www.bellunopress.it\\\/#\\\/schema\\\/logo\\\/image\\\/\",\"url\":\"https:\\\/\\\/www.bellunopress.it\\\/wp-content\\\/uploads\\\/2011\\\/05\\\/cropped-logo-bellunopress-.jpg\",\"contentUrl\":\"https:\\\/\\\/www.bellunopress.it\\\/wp-content\\\/uploads\\\/2011\\\/05\\\/cropped-logo-bellunopress-.jpg\",\"width\":512,\"height\":512,\"caption\":\"Bellunopress\"},\"image\":{\"@id\":\"https:\\\/\\\/www.bellunopress.it\\\/#\\\/schema\\\/logo\\\/image\\\/\"},\"sameAs\":[\"https:\\\/\\\/www.facebook.com\\\/profile.php?id=100008943462799\",\"https:\\\/\\\/x.com\\\/bellunopress\",\"https:\\\/\\\/www.linkedin.com\\\/hp\\\/?dnr=JBzUWaJfMUw8vbXJJ2tVW5-I3jZKvC4wsoxE&amp;amp;amp;amp;amp;amp;trk=nav_responsive_tab_home\",\"https:\\\/\\\/www.youtube.com\\\/channel\\\/UCxL0wu1uN0_3_7hGG0306cw\"]},{\"@type\":\"Person\",\"@id\":\"https:\\\/\\\/www.bellunopress.it\\\/#\\\/schema\\\/person\\\/79bb06722b37ece1c03d3e94beb30d73\",\"name\":\"redazione\",\"image\":{\"@type\":\"ImageObject\",\"inLanguage\":\"fr-FR\",\"@id\":\"https:\\\/\\\/secure.gravatar.com\\\/avatar\\\/37d968a2e67a6fd04c169c4bdef102d0bc5d31b2546345219e348575eb80e9a0?s=96&d=mm&r=g\",\"url\":\"https:\\\/\\\/secure.gravatar.com\\\/avatar\\\/37d968a2e67a6fd04c169c4bdef102d0bc5d31b2546345219e348575eb80e9a0?s=96&d=mm&r=g\",\"contentUrl\":\"https:\\\/\\\/secure.gravatar.com\\\/avatar\\\/37d968a2e67a6fd04c169c4bdef102d0bc5d31b2546345219e348575eb80e9a0?s=96&d=mm&r=g\",\"caption\":\"redazione\"},\"sameAs\":[\"http:\\\/\\\/www.bellunopress.it\",\"https:\\\/\\\/x.com\\\/bellunopress\"],\"url\":\"https:\\\/\\\/www.bellunopress.it\\\/fr\\\/author\\\/redazione\\\/\"}]}<\/script>\n<!-- \/ Yoast SEO plugin. -->","yoast_head_json":{"title":"Esercitazione \u201c5 Torri 2018\u201d.\u00a0Torna in luglio l\u2019appuntamento con le Truppe Alpine - Bellunopress - Dolomiti","robots":{"index":"index","follow":"follow","max-snippet":"max-snippet:-1","max-image-preview":"max-image-preview:large","max-video-preview":"max-video-preview:-1"},"canonical":"https:\/\/www.bellunopress.it\/fr\/2018\/06\/15\/esercitazione-5-torri-2018-torna-in-luglio-lappuntamento-con-le-truppe-alpine\/","og_locale":"fr_FR","og_type":"article","og_title":"Esercitazione \u201c5 Torri 2018\u201d.\u00a0Torna in luglio l\u2019appuntamento con le Truppe Alpine - Bellunopress - Dolomiti","og_description":"Le Truppe Alpine dell\u2019Esercito saranno Nuovamente protagoniste, il prossimo 4 luglio, dell\u2019esercitazione multinazionale interforze \u201c5 Torri 2018\u201d. Nell\u2019omonimo comprensorio montano, dove 100 anni fa era posizionato il Comando dell\u2019artiglieria italiana ed \u00e8 oggi ben visibile e visitabile un autentico museo a cielo aperto della 1^ Guerra Mondiale, gli Alpini daranno prova delle loro capacit\u00e0 nel [&hellip;]","og_url":"https:\/\/www.bellunopress.it\/fr\/2018\/06\/15\/esercitazione-5-torri-2018-torna-in-luglio-lappuntamento-con-le-truppe-alpine\/","og_site_name":"Bellunopress - Dolomiti","article_publisher":"https:\/\/www.facebook.com\/profile.php?id=100008943462799","article_published_time":"2018-06-15T08:42:09+00:00","og_image":[{"url":"http:\/\/www.bellunopress.it\/wp-content\/uploads\/2018\/06\/5-torri-esercitazione.jpg","type":"","width":"","height":""}],"author":"redazione","twitter_card":"summary_large_image","twitter_creator":"@bellunopress","twitter_site":"@bellunopress","twitter_misc":{"\u00c9crit par":"redazione","Dur\u00e9e de lecture estim\u00e9e":"1 minute"},"schema":{"@context":"https:\/\/schema.org","@graph":[{"@type":"Article","@id":"https:\/\/www.bellunopress.it\/2018\/06\/15\/esercitazione-5-torri-2018-torna-in-luglio-lappuntamento-con-le-truppe-alpine\/#article","isPartOf":{"@id":"https:\/\/www.bellunopress.it\/2018\/06\/15\/esercitazione-5-torri-2018-torna-in-luglio-lappuntamento-con-le-truppe-alpine\/"},"author":{"name":"redazione","@id":"https:\/\/www.bellunopress.it\/#\/schema\/person\/79bb06722b37ece1c03d3e94beb30d73"},"headline":"Esercitazione \u201c5 Torri 2018\u201d.\u00a0Torna in luglio l\u2019appuntamento con le Truppe Alpine","datePublished":"2018-06-15T08:42:09+00:00","mainEntityOfPage":{"@id":"https:\/\/www.bellunopress.it\/2018\/06\/15\/esercitazione-5-torri-2018-torna-in-luglio-lappuntamento-con-le-truppe-alpine\/"},"wordCount":170,"publisher":{"@id":"https:\/\/www.bellunopress.it\/#organization"},"image":{"@id":"https:\/\/www.bellunopress.it\/2018\/06\/15\/esercitazione-5-torri-2018-torna-in-luglio-lappuntamento-con-le-truppe-alpine\/#primaryimage"},"thumbnailUrl":"http:\/\/www.bellunopress.it\/wp-content\/uploads\/2018\/06\/5-torri-esercitazione.jpg","articleSection":["Appuntamenti, Eventi","Pausa Caff\u00e8","Societ\u00e0, Associazioni, Istituzioni"],"inLanguage":"fr-FR"},{"@type":"WebPage","@id":"https:\/\/www.bellunopress.it\/2018\/06\/15\/esercitazione-5-torri-2018-torna-in-luglio-lappuntamento-con-le-truppe-alpine\/","url":"https:\/\/www.bellunopress.it\/2018\/06\/15\/esercitazione-5-torri-2018-torna-in-luglio-lappuntamento-con-le-truppe-alpine\/","name":"Esercitazione \u201c5 Torri 2018\u201d.\u00a0Torna in luglio l\u2019appuntamento con le Truppe Alpine - Bellunopress - Dolomiti","isPartOf":{"@id":"https:\/\/www.bellunopress.it\/#website"},"primaryImageOfPage":{"@id":"https:\/\/www.bellunopress.it\/2018\/06\/15\/esercitazione-5-torri-2018-torna-in-luglio-lappuntamento-con-le-truppe-alpine\/#primaryimage"},"image":{"@id":"https:\/\/www.bellunopress.it\/2018\/06\/15\/esercitazione-5-torri-2018-torna-in-luglio-lappuntamento-con-le-truppe-alpine\/#primaryimage"},"thumbnailUrl":"http:\/\/www.bellunopress.it\/wp-content\/uploads\/2018\/06\/5-torri-esercitazione.jpg","datePublished":"2018-06-15T08:42:09+00:00","breadcrumb":{"@id":"https:\/\/www.bellunopress.it\/2018\/06\/15\/esercitazione-5-torri-2018-torna-in-luglio-lappuntamento-con-le-truppe-alpine\/#breadcrumb"},"inLanguage":"fr-FR","potentialAction":[{"@type":"ReadAction","target":["https:\/\/www.bellunopress.it\/2018\/06\/15\/esercitazione-5-torri-2018-torna-in-luglio-lappuntamento-con-le-truppe-alpine\/"]}]},{"@type":"ImageObject","inLanguage":"fr-FR","@id":"https:\/\/www.bellunopress.it\/2018\/06\/15\/esercitazione-5-torri-2018-torna-in-luglio-lappuntamento-con-le-truppe-alpine\/#primaryimage","url":"http:\/\/www.bellunopress.it\/wp-content\/uploads\/2018\/06\/5-torri-esercitazione.jpg","contentUrl":"http:\/\/www.bellunopress.it\/wp-content\/uploads\/2018\/06\/5-torri-esercitazione.jpg"},{"@type":"BreadcrumbList","@id":"https:\/\/www.bellunopress.it\/2018\/06\/15\/esercitazione-5-torri-2018-torna-in-luglio-lappuntamento-con-le-truppe-alpine\/#breadcrumb","itemListElement":[{"@type":"ListItem","position":1,"name":"Home","item":"https:\/\/www.bellunopress.it\/"},{"@type":"ListItem","position":2,"name":"Esercitazione \u201c5 Torri 2018\u201d.\u00a0Torna in luglio l\u2019appuntamento con le Truppe Alpine"}]},{"@type":"WebSite","@id":"https:\/\/www.bellunopress.it\/#website","url":"https:\/\/www.bellunopress.it\/","name":"Bellunopress - Dolomiti","description":"e-mail: redazione@bellunopress.it","publisher":{"@id":"https:\/\/www.bellunopress.it\/#organization"},"potentialAction":[{"@type":"SearchAction","target":{"@type":"EntryPoint","urlTemplate":"https:\/\/www.bellunopress.it\/?s={search_term_string}"},"query-input":{"@type":"PropertyValueSpecification","valueRequired":true,"valueName":"search_term_string"}}],"inLanguage":"fr-FR"},{"@type":"Organization","@id":"https:\/\/www.bellunopress.it\/#organization","name":"Bellunopress","url":"https:\/\/www.bellunopress.it\/","logo":{"@type":"ImageObject","inLanguage":"fr-FR","@id":"https:\/\/www.bellunopress.it\/#\/schema\/logo\/image\/","url":"https:\/\/www.bellunopress.it\/wp-content\/uploads\/2011\/05\/cropped-logo-bellunopress-.jpg","contentUrl":"https:\/\/www.bellunopress.it\/wp-content\/uploads\/2011\/05\/cropped-logo-bellunopress-.jpg","width":512,"height":512,"caption":"Bellunopress"},"image":{"@id":"https:\/\/www.bellunopress.it\/#\/schema\/logo\/image\/"},"sameAs":["https:\/\/www.facebook.com\/profile.php?id=100008943462799","https:\/\/x.com\/bellunopress","https:\/\/www.linkedin.com\/hp\/?dnr=JBzUWaJfMUw8vbXJJ2tVW5-I3jZKvC4wsoxE&amp;amp;amp;amp;amp;amp;trk=nav_responsive_tab_home","https:\/\/www.youtube.com\/channel\/UCxL0wu1uN0_3_7hGG0306cw"]},{"@type":"Person","@id":"https:\/\/www.bellunopress.it\/#\/schema\/person\/79bb06722b37ece1c03d3e94beb30d73","name":"r\u00e9daction","image":{"@type":"ImageObject","inLanguage":"fr-FR","@id":"https:\/\/secure.gravatar.com\/avatar\/37d968a2e67a6fd04c169c4bdef102d0bc5d31b2546345219e348575eb80e9a0?s=96&d=mm&r=g","url":"https:\/\/secure.gravatar.com\/avatar\/37d968a2e67a6fd04c169c4bdef102d0bc5d31b2546345219e348575eb80e9a0?s=96&d=mm&r=g","contentUrl":"https:\/\/secure.gravatar.com\/avatar\/37d968a2e67a6fd04c169c4bdef102d0bc5d31b2546345219e348575eb80e9a0?s=96&d=mm&r=g","caption":"redazione"},"sameAs":["http:\/\/www.bellunopress.it","https:\/\/x.com\/bellunopress"],"url":"https:\/\/www.bellunopress.it\/fr\/author\/redazione\/"}]}},"_links":{"self":[{"href":"https:\/\/www.bellunopress.it\/fr\/wp-json\/wp\/v2\/posts\/95626","targetHints":{"allow":["GET"]}}],"collection":[{"href":"https:\/\/www.bellunopress.it\/fr\/wp-json\/wp\/v2\/posts"}],"about":[{"href":"https:\/\/www.bellunopress.it\/fr\/wp-json\/wp\/v2\/types\/post"}],"author":[{"embeddable":true,"href":"https:\/\/www.bellunopress.it\/fr\/wp-json\/wp\/v2\/users\/2"}],"replies":[{"embeddable":true,"href":"https:\/\/www.bellunopress.it\/fr\/wp-json\/wp\/v2\/comments?post=95626"}],"version-history":[{"count":2,"href":"https:\/\/www.bellunopress.it\/fr\/wp-json\/wp\/v2\/posts\/95626\/revisions"}],"predecessor-version":[{"id":95629,"href":"https:\/\/www.bellunopress.it\/fr\/wp-json\/wp\/v2\/posts\/95626\/revisions\/95629"}],"wp:attachment":[{"href":"https:\/\/www.bellunopress.it\/fr\/wp-json\/wp\/v2\/media?parent=95626"}],"wp:term":[{"taxonomy":"category","embeddable":true,"href":"https:\/\/www.bellunopress.it\/fr\/wp-json\/wp\/v2\/categories?post=95626"},{"taxonomy":"post_tag","embeddable":true,"href":"https:\/\/www.bellunopress.it\/fr\/wp-json\/wp\/v2\/tags?post=95626"}],"curies":[{"name":"wp","href":"https:\/\/api.w.org\/{rel}","templated":true}]}}