{"id":95622,"date":"2018-06-15T09:49:24","date_gmt":"2018-06-15T07:49:24","guid":{"rendered":"http:\/\/www.bellunopress.it\/?p=95622"},"modified":"2018-06-15T09:49:25","modified_gmt":"2018-06-15T07:49:25","slug":"i-cento-anni-del-san-boldo-gli-alpini-celebrano-lanniversario-della-strada-del-passo-costruita-in-100-giorni-un-secolo-fa","status":"publish","type":"post","link":"https:\/\/www.bellunopress.it\/fr\/2018\/06\/15\/i-cento-anni-del-san-boldo-gli-alpini-celebrano-lanniversario-della-strada-del-passo-costruita-in-100-giorni-un-secolo-fa\/","title":{"rendered":"I cento anni del San Boldo. Gli alpini celebrano l&#8217;anniversario della strada del Passo costruita in 100 giorni un secolo fa"},"content":{"rendered":"<p><a href=\"http:\/\/www.bellunopress.it\/fr\/2018\/06\/15\/i-cento-anni-del-san-boldo-gli-alpini-celebrano-lanniversario-della-strada-del-passo-costruita-in-100-giorni-un-secolo-fa\/passo-san-boldo\/\" rel=\"attachment wp-att-95623\"><img loading=\"lazy\" decoding=\"async\" class=\"alignleft size-full wp-image-95623\" src=\"http:\/\/www.bellunopress.it\/wp-content\/uploads\/2018\/06\/passo-san-boldo.jpg\" alt=\"\" width=\"300\" height=\"194\" \/><\/a>Per festeggiare i cent\u2019anni dalla costruzione della strada del Passo San Boldo che unisce il versante trevigiano al bellunese, il Gruppo Alpini di Tovena sta lavorando da vari mesi. A tal fine, dopo avere ricevuto il patrocinio della Regione del Veneto, ha coinvolto le realt\u00e0 contigue del trevigiano e della Sinistra Piave. Per il bellunese hanno aderito e patrocinato l\u2019iniziativa la Provincia di Belluno, la Sezione Alpini di Belluno con i Gruppi di Trichiana, Mel e Limana e la Sezione di Feltre con il Gruppo di Lentiai.<br \/>\nPer il trevigiano hanno aderito e patrocinato l\u2019iniziativa la Provincia di Treviso, i Comuni di Cison di Valmarino e di Follina, la Sezione alpini di Vittorio Veneto, il Comitato Sacrario Austro-Ungarico di Follina e le Pro Loco di Tovena e di Cison di Valmarino.<br \/>\nL\u2019evento clou sar\u00e0 la ottantasettesima Adunata Sezionale degli alpini di Vittorio Veneto che si terr\u00e0 domenica 24 giugno sul passo del San Boldo presso la Sede degli alpini, A tal fine saranno predisposti anche dei capienti capannoni.<br \/>\nNon minori per qualit\u00e0 saranno le manifestazioni collaterali che sono state organizzate sul territorio. Venerd\u00ec 22 alle ore 20,30 a Cison di Valmarino al Teatro La Loggia ci sar\u00e0 la presentazione del libro \u201cLA STRADA DEI 100 GIORNI\u201d a cura degli autori Gianpaolo Tomio e Alessia Cerentin con accompagnamento del Coro ANA di Vittorio Veneto diretto da Carlo Berlese.<br \/>\nSabato 23 alle ore 9.00 a Follina ci sar\u00e0 la commemorazione dei Caduti e vittime civili di ogni nazionalit\u00e0 e di tutte le guerre al Sacrario Austro-Ungarico. Presenzieranno le rappresentanze dell\u2019Ambasciata della Repubblica Ceca in Italia , il Ministero della Difesa della Repubblica Ceca, la Croce Nera Austriaca e l\u2019Associazione dei Legionari Cecoslovacchi.<br \/>\nNel pomeriggio del sabato alle ore 15,00 presso le ex scuole elementari di Cison di Valmarino ci sar\u00e0 l\u2019inaugurazione della Mostra \u201cLA STRADA DEI CENTO GIORNI con foto inedite di Frantisek Frusina dall\u2019archivio di Jan Kalser. La mostra, organizzata dalla Pro Loco di Tovena, rimarr\u00e0 aperta tutti i giorni festivi sino al 31 dicembre 2018 dalle ore 10 alle 12 e dalle 14 alle 18.<\/p>\n<p>Alla sera alle ore 20,30 a Trichiana presso il Salone parrocchiale San Felice organizzata dal Gruppo Alpini di Trichiana, si terr\u00e0 una Rassegna di Canto Corale. Parteciperanno la Corale dei Laghi di Tarzo Revine Lago, Il Coro Minimo Bellunese e il Coro Alpino Col di Lana.<br \/>\nSin dall\u2019epoca romana il Passo di San Boldo \u00e8 stato un importante valico di comunicazione tra la pianura Trevigiana e la Valbelluna, ma fino al 1800 era poco pi\u00f9 di una mulattiera. Per agevolare il passaggio furono costruite delle passerelle e all\u2019inizio del 1900 inizi\u00f2 la progettazione di una strada. Le difficolt\u00e0 erano date dagli ultimi 800 metri alla sommit\u00e0 derivate dalle rocce che ostacolavano il transito. Trecento metri di dislivello, una insenatura con i pendii a strapiombo ed una valle larga solamente 70 metri. Solo dalla fine del febbraio del 1918 , dopo Caporetto, gli austroungarici della IV armata porteranno a compimento l\u2019opera di collegamento.<br \/>\nFurono impiegati circa 7.000 operai fra militari, civili e prigionieri che riuscirono, sotto la guida del progettista colonnello Nikolau Waldmann e del direttore dei lavori Frantisek Krusina, a compiere l\u2019impresa in soli cento giorni.<br \/>\nUn\u2019opera frutto di ingegno, fatica e sacrificio anche della popolazione locale, che ricorda a tutti noi i fatti d\u2019arme della Prima Guerra Mondiale.<br \/>\nLe manifestazioni del centenario vogliono essere anche monito affinch\u00e9 non si ripetano altre guerre fratricide, ma si costruisca la fraternit\u00e0 fra i popoli.<\/p>","protected":false},"excerpt":{"rendered":"<p>Per festeggiare i cent\u2019anni dalla costruzione della strada del Passo San Boldo che unisce il versante trevigiano al bellunese, il Gruppo Alpini di Tovena sta lavorando da vari mesi. A tal fine, dopo avere ricevuto il patrocinio della Regione del Veneto, ha coinvolto le realt\u00e0 contigue del trevigiano e della Sinistra Piave. Per il bellunese [&hellip;]<\/p>\n","protected":false},"author":2,"featured_media":0,"comment_status":"closed","ping_status":"open","sticky":false,"template":"","format":"standard","meta":{"footnotes":""},"categories":[27,3,26],"tags":[],"class_list":["post-95622","post","type-post","status-publish","format-standard","category-appuntamenti","category-arte-cultura-spettacoli-scienza-archivi","category-prima-pagina"],"yoast_head":"<!-- This site is optimized with the Yoast SEO plugin v28.4 - https:\/\/yoast.com\/product\/yoast-seo-wordpress\/ -->\n<title>I cento anni del San Boldo. Gli alpini celebrano l&#039;anniversario della strada del Passo costruita in 100 giorni un secolo fa - Bellunopress - Dolomiti<\/title>\n<meta name=\"robots\" content=\"index, follow, max-snippet:-1, max-image-preview:large, max-video-preview:-1\" \/>\n<link rel=\"canonical\" href=\"https:\/\/www.bellunopress.it\/fr\/2018\/06\/15\/i-cento-anni-del-san-boldo-gli-alpini-celebrano-lanniversario-della-strada-del-passo-costruita-in-100-giorni-un-secolo-fa\/\" \/>\n<meta property=\"og:locale\" content=\"fr_FR\" \/>\n<meta property=\"og:type\" content=\"article\" \/>\n<meta property=\"og:title\" content=\"I cento anni del San Boldo. Gli alpini celebrano l&#039;anniversario della strada del Passo costruita in 100 giorni un secolo fa - Bellunopress - Dolomiti\" \/>\n<meta property=\"og:description\" content=\"Per festeggiare i cent\u2019anni dalla costruzione della strada del Passo San Boldo che unisce il versante trevigiano al bellunese, il Gruppo Alpini di Tovena sta lavorando da vari mesi. A tal fine, dopo avere ricevuto il patrocinio della Regione del Veneto, ha coinvolto le realt\u00e0 contigue del trevigiano e della Sinistra Piave. Per il bellunese [&hellip;]\" \/>\n<meta property=\"og:url\" content=\"https:\/\/www.bellunopress.it\/fr\/2018\/06\/15\/i-cento-anni-del-san-boldo-gli-alpini-celebrano-lanniversario-della-strada-del-passo-costruita-in-100-giorni-un-secolo-fa\/\" \/>\n<meta property=\"og:site_name\" content=\"Bellunopress - Dolomiti\" \/>\n<meta property=\"article:publisher\" content=\"https:\/\/www.facebook.com\/profile.php?id=100008943462799\" \/>\n<meta property=\"article:published_time\" content=\"2018-06-15T07:49:24+00:00\" \/>\n<meta property=\"article:modified_time\" content=\"2018-06-15T07:49:25+00:00\" \/>\n<meta property=\"og:image\" content=\"http:\/\/www.bellunopress.it\/wp-content\/uploads\/2018\/06\/passo-san-boldo.jpg\" \/>\n<meta name=\"author\" content=\"redazione\" \/>\n<meta name=\"twitter:card\" content=\"summary_large_image\" \/>\n<meta name=\"twitter:creator\" content=\"@bellunopress\" \/>\n<meta name=\"twitter:site\" content=\"@bellunopress\" \/>\n<meta name=\"twitter:label1\" content=\"Written by\" \/>\n\t<meta name=\"twitter:data1\" content=\"redazione\" \/>\n\t<meta name=\"twitter:label2\" content=\"Est. reading time\" \/>\n\t<meta name=\"twitter:data2\" content=\"3 minutes\" \/>\n<script type=\"application\/ld+json\" class=\"yoast-schema-graph\">{\"@context\":\"https:\\\/\\\/schema.org\",\"@graph\":[{\"@type\":\"Article\",\"@id\":\"https:\\\/\\\/www.bellunopress.it\\\/2018\\\/06\\\/15\\\/i-cento-anni-del-san-boldo-gli-alpini-celebrano-lanniversario-della-strada-del-passo-costruita-in-100-giorni-un-secolo-fa\\\/#article\",\"isPartOf\":{\"@id\":\"https:\\\/\\\/www.bellunopress.it\\\/2018\\\/06\\\/15\\\/i-cento-anni-del-san-boldo-gli-alpini-celebrano-lanniversario-della-strada-del-passo-costruita-in-100-giorni-un-secolo-fa\\\/\"},\"author\":{\"name\":\"redazione\",\"@id\":\"https:\\\/\\\/www.bellunopress.it\\\/#\\\/schema\\\/person\\\/79bb06722b37ece1c03d3e94beb30d73\"},\"headline\":\"I cento anni del San Boldo. Gli alpini celebrano l&#8217;anniversario della strada del Passo costruita in 100 giorni un secolo fa\",\"datePublished\":\"2018-06-15T07:49:24+00:00\",\"dateModified\":\"2018-06-15T07:49:25+00:00\",\"mainEntityOfPage\":{\"@id\":\"https:\\\/\\\/www.bellunopress.it\\\/2018\\\/06\\\/15\\\/i-cento-anni-del-san-boldo-gli-alpini-celebrano-lanniversario-della-strada-del-passo-costruita-in-100-giorni-un-secolo-fa\\\/\"},\"wordCount\":589,\"publisher\":{\"@id\":\"https:\\\/\\\/www.bellunopress.it\\\/#organization\"},\"image\":{\"@id\":\"https:\\\/\\\/www.bellunopress.it\\\/2018\\\/06\\\/15\\\/i-cento-anni-del-san-boldo-gli-alpini-celebrano-lanniversario-della-strada-del-passo-costruita-in-100-giorni-un-secolo-fa\\\/#primaryimage\"},\"thumbnailUrl\":\"http:\\\/\\\/www.bellunopress.it\\\/wp-content\\\/uploads\\\/2018\\\/06\\\/passo-san-boldo.jpg\",\"articleSection\":[\"Appuntamenti, Eventi\",\"Arte, Cultura, Spettacoli, Scienza\",\"Prima Pagina\"],\"inLanguage\":\"fr-FR\"},{\"@type\":\"WebPage\",\"@id\":\"https:\\\/\\\/www.bellunopress.it\\\/2018\\\/06\\\/15\\\/i-cento-anni-del-san-boldo-gli-alpini-celebrano-lanniversario-della-strada-del-passo-costruita-in-100-giorni-un-secolo-fa\\\/\",\"url\":\"https:\\\/\\\/www.bellunopress.it\\\/2018\\\/06\\\/15\\\/i-cento-anni-del-san-boldo-gli-alpini-celebrano-lanniversario-della-strada-del-passo-costruita-in-100-giorni-un-secolo-fa\\\/\",\"name\":\"I cento anni del San Boldo. Gli alpini celebrano l'anniversario della strada del Passo costruita in 100 giorni un secolo fa - Bellunopress - Dolomiti\",\"isPartOf\":{\"@id\":\"https:\\\/\\\/www.bellunopress.it\\\/#website\"},\"primaryImageOfPage\":{\"@id\":\"https:\\\/\\\/www.bellunopress.it\\\/2018\\\/06\\\/15\\\/i-cento-anni-del-san-boldo-gli-alpini-celebrano-lanniversario-della-strada-del-passo-costruita-in-100-giorni-un-secolo-fa\\\/#primaryimage\"},\"image\":{\"@id\":\"https:\\\/\\\/www.bellunopress.it\\\/2018\\\/06\\\/15\\\/i-cento-anni-del-san-boldo-gli-alpini-celebrano-lanniversario-della-strada-del-passo-costruita-in-100-giorni-un-secolo-fa\\\/#primaryimage\"},\"thumbnailUrl\":\"http:\\\/\\\/www.bellunopress.it\\\/wp-content\\\/uploads\\\/2018\\\/06\\\/passo-san-boldo.jpg\",\"datePublished\":\"2018-06-15T07:49:24+00:00\",\"dateModified\":\"2018-06-15T07:49:25+00:00\",\"breadcrumb\":{\"@id\":\"https:\\\/\\\/www.bellunopress.it\\\/2018\\\/06\\\/15\\\/i-cento-anni-del-san-boldo-gli-alpini-celebrano-lanniversario-della-strada-del-passo-costruita-in-100-giorni-un-secolo-fa\\\/#breadcrumb\"},\"inLanguage\":\"fr-FR\",\"potentialAction\":[{\"@type\":\"ReadAction\",\"target\":[\"https:\\\/\\\/www.bellunopress.it\\\/2018\\\/06\\\/15\\\/i-cento-anni-del-san-boldo-gli-alpini-celebrano-lanniversario-della-strada-del-passo-costruita-in-100-giorni-un-secolo-fa\\\/\"]}]},{\"@type\":\"ImageObject\",\"inLanguage\":\"fr-FR\",\"@id\":\"https:\\\/\\\/www.bellunopress.it\\\/2018\\\/06\\\/15\\\/i-cento-anni-del-san-boldo-gli-alpini-celebrano-lanniversario-della-strada-del-passo-costruita-in-100-giorni-un-secolo-fa\\\/#primaryimage\",\"url\":\"http:\\\/\\\/www.bellunopress.it\\\/wp-content\\\/uploads\\\/2018\\\/06\\\/passo-san-boldo.jpg\",\"contentUrl\":\"http:\\\/\\\/www.bellunopress.it\\\/wp-content\\\/uploads\\\/2018\\\/06\\\/passo-san-boldo.jpg\"},{\"@type\":\"BreadcrumbList\",\"@id\":\"https:\\\/\\\/www.bellunopress.it\\\/2018\\\/06\\\/15\\\/i-cento-anni-del-san-boldo-gli-alpini-celebrano-lanniversario-della-strada-del-passo-costruita-in-100-giorni-un-secolo-fa\\\/#breadcrumb\",\"itemListElement\":[{\"@type\":\"ListItem\",\"position\":1,\"name\":\"Home\",\"item\":\"https:\\\/\\\/www.bellunopress.it\\\/\"},{\"@type\":\"ListItem\",\"position\":2,\"name\":\"I cento anni del San Boldo. Gli alpini celebrano l&#8217;anniversario della strada del Passo costruita in 100 giorni un secolo fa\"}]},{\"@type\":\"WebSite\",\"@id\":\"https:\\\/\\\/www.bellunopress.it\\\/#website\",\"url\":\"https:\\\/\\\/www.bellunopress.it\\\/\",\"name\":\"Bellunopress - Dolomiti\",\"description\":\"e-mail: redazione@bellunopress.it\",\"publisher\":{\"@id\":\"https:\\\/\\\/www.bellunopress.it\\\/#organization\"},\"potentialAction\":[{\"@type\":\"SearchAction\",\"target\":{\"@type\":\"EntryPoint\",\"urlTemplate\":\"https:\\\/\\\/www.bellunopress.it\\\/?s={search_term_string}\"},\"query-input\":{\"@type\":\"PropertyValueSpecification\",\"valueRequired\":true,\"valueName\":\"search_term_string\"}}],\"inLanguage\":\"fr-FR\"},{\"@type\":\"Organization\",\"@id\":\"https:\\\/\\\/www.bellunopress.it\\\/#organization\",\"name\":\"Bellunopress\",\"url\":\"https:\\\/\\\/www.bellunopress.it\\\/\",\"logo\":{\"@type\":\"ImageObject\",\"inLanguage\":\"fr-FR\",\"@id\":\"https:\\\/\\\/www.bellunopress.it\\\/#\\\/schema\\\/logo\\\/image\\\/\",\"url\":\"https:\\\/\\\/www.bellunopress.it\\\/wp-content\\\/uploads\\\/2011\\\/05\\\/cropped-logo-bellunopress-.jpg\",\"contentUrl\":\"https:\\\/\\\/www.bellunopress.it\\\/wp-content\\\/uploads\\\/2011\\\/05\\\/cropped-logo-bellunopress-.jpg\",\"width\":512,\"height\":512,\"caption\":\"Bellunopress\"},\"image\":{\"@id\":\"https:\\\/\\\/www.bellunopress.it\\\/#\\\/schema\\\/logo\\\/image\\\/\"},\"sameAs\":[\"https:\\\/\\\/www.facebook.com\\\/profile.php?id=100008943462799\",\"https:\\\/\\\/x.com\\\/bellunopress\",\"https:\\\/\\\/www.linkedin.com\\\/hp\\\/?dnr=JBzUWaJfMUw8vbXJJ2tVW5-I3jZKvC4wsoxE&amp;amp;amp;amp;amp;amp;trk=nav_responsive_tab_home\",\"https:\\\/\\\/www.youtube.com\\\/channel\\\/UCxL0wu1uN0_3_7hGG0306cw\"]},{\"@type\":\"Person\",\"@id\":\"https:\\\/\\\/www.bellunopress.it\\\/#\\\/schema\\\/person\\\/79bb06722b37ece1c03d3e94beb30d73\",\"name\":\"redazione\",\"image\":{\"@type\":\"ImageObject\",\"inLanguage\":\"fr-FR\",\"@id\":\"https:\\\/\\\/secure.gravatar.com\\\/avatar\\\/37d968a2e67a6fd04c169c4bdef102d0bc5d31b2546345219e348575eb80e9a0?s=96&d=mm&r=g\",\"url\":\"https:\\\/\\\/secure.gravatar.com\\\/avatar\\\/37d968a2e67a6fd04c169c4bdef102d0bc5d31b2546345219e348575eb80e9a0?s=96&d=mm&r=g\",\"contentUrl\":\"https:\\\/\\\/secure.gravatar.com\\\/avatar\\\/37d968a2e67a6fd04c169c4bdef102d0bc5d31b2546345219e348575eb80e9a0?s=96&d=mm&r=g\",\"caption\":\"redazione\"},\"sameAs\":[\"http:\\\/\\\/www.bellunopress.it\",\"https:\\\/\\\/x.com\\\/bellunopress\"],\"url\":\"https:\\\/\\\/www.bellunopress.it\\\/fr\\\/author\\\/redazione\\\/\"}]}<\/script>\n<!-- \/ Yoast SEO plugin. -->","yoast_head_json":{"title":"I cento anni del San Boldo. Gli alpini celebrano l'anniversario della strada del Passo costruita in 100 giorni un secolo fa - Bellunopress - Dolomiti","robots":{"index":"index","follow":"follow","max-snippet":"max-snippet:-1","max-image-preview":"max-image-preview:large","max-video-preview":"max-video-preview:-1"},"canonical":"https:\/\/www.bellunopress.it\/fr\/2018\/06\/15\/i-cento-anni-del-san-boldo-gli-alpini-celebrano-lanniversario-della-strada-del-passo-costruita-in-100-giorni-un-secolo-fa\/","og_locale":"fr_FR","og_type":"article","og_title":"I cento anni del San Boldo. Gli alpini celebrano l'anniversario della strada del Passo costruita in 100 giorni un secolo fa - Bellunopress - Dolomiti","og_description":"Per festeggiare i cent\u2019anni dalla costruzione della strada del Passo San Boldo che unisce il versante trevigiano al bellunese, il Gruppo Alpini di Tovena sta lavorando da vari mesi. A tal fine, dopo avere ricevuto il patrocinio della Regione del Veneto, ha coinvolto le realt\u00e0 contigue del trevigiano e della Sinistra Piave. Per il bellunese [&hellip;]","og_url":"https:\/\/www.bellunopress.it\/fr\/2018\/06\/15\/i-cento-anni-del-san-boldo-gli-alpini-celebrano-lanniversario-della-strada-del-passo-costruita-in-100-giorni-un-secolo-fa\/","og_site_name":"Bellunopress - Dolomiti","article_publisher":"https:\/\/www.facebook.com\/profile.php?id=100008943462799","article_published_time":"2018-06-15T07:49:24+00:00","article_modified_time":"2018-06-15T07:49:25+00:00","og_image":[{"url":"http:\/\/www.bellunopress.it\/wp-content\/uploads\/2018\/06\/passo-san-boldo.jpg","type":"","width":"","height":""}],"author":"redazione","twitter_card":"summary_large_image","twitter_creator":"@bellunopress","twitter_site":"@bellunopress","twitter_misc":{"Written by":"redazione","Est. reading time":"3 minutes"},"schema":{"@context":"https:\/\/schema.org","@graph":[{"@type":"Article","@id":"https:\/\/www.bellunopress.it\/2018\/06\/15\/i-cento-anni-del-san-boldo-gli-alpini-celebrano-lanniversario-della-strada-del-passo-costruita-in-100-giorni-un-secolo-fa\/#article","isPartOf":{"@id":"https:\/\/www.bellunopress.it\/2018\/06\/15\/i-cento-anni-del-san-boldo-gli-alpini-celebrano-lanniversario-della-strada-del-passo-costruita-in-100-giorni-un-secolo-fa\/"},"author":{"name":"redazione","@id":"https:\/\/www.bellunopress.it\/#\/schema\/person\/79bb06722b37ece1c03d3e94beb30d73"},"headline":"I cento anni del San Boldo. Gli alpini celebrano l&#8217;anniversario della strada del Passo costruita in 100 giorni un secolo fa","datePublished":"2018-06-15T07:49:24+00:00","dateModified":"2018-06-15T07:49:25+00:00","mainEntityOfPage":{"@id":"https:\/\/www.bellunopress.it\/2018\/06\/15\/i-cento-anni-del-san-boldo-gli-alpini-celebrano-lanniversario-della-strada-del-passo-costruita-in-100-giorni-un-secolo-fa\/"},"wordCount":589,"publisher":{"@id":"https:\/\/www.bellunopress.it\/#organization"},"image":{"@id":"https:\/\/www.bellunopress.it\/2018\/06\/15\/i-cento-anni-del-san-boldo-gli-alpini-celebrano-lanniversario-della-strada-del-passo-costruita-in-100-giorni-un-secolo-fa\/#primaryimage"},"thumbnailUrl":"http:\/\/www.bellunopress.it\/wp-content\/uploads\/2018\/06\/passo-san-boldo.jpg","articleSection":["Appuntamenti, Eventi","Arte, Cultura, Spettacoli, Scienza","Prima Pagina"],"inLanguage":"fr-FR"},{"@type":"WebPage","@id":"https:\/\/www.bellunopress.it\/2018\/06\/15\/i-cento-anni-del-san-boldo-gli-alpini-celebrano-lanniversario-della-strada-del-passo-costruita-in-100-giorni-un-secolo-fa\/","url":"https:\/\/www.bellunopress.it\/2018\/06\/15\/i-cento-anni-del-san-boldo-gli-alpini-celebrano-lanniversario-della-strada-del-passo-costruita-in-100-giorni-un-secolo-fa\/","name":"I cento anni del San Boldo. Gli alpini celebrano l'anniversario della strada del Passo costruita in 100 giorni un secolo fa - Bellunopress - Dolomiti","isPartOf":{"@id":"https:\/\/www.bellunopress.it\/#website"},"primaryImageOfPage":{"@id":"https:\/\/www.bellunopress.it\/2018\/06\/15\/i-cento-anni-del-san-boldo-gli-alpini-celebrano-lanniversario-della-strada-del-passo-costruita-in-100-giorni-un-secolo-fa\/#primaryimage"},"image":{"@id":"https:\/\/www.bellunopress.it\/2018\/06\/15\/i-cento-anni-del-san-boldo-gli-alpini-celebrano-lanniversario-della-strada-del-passo-costruita-in-100-giorni-un-secolo-fa\/#primaryimage"},"thumbnailUrl":"http:\/\/www.bellunopress.it\/wp-content\/uploads\/2018\/06\/passo-san-boldo.jpg","datePublished":"2018-06-15T07:49:24+00:00","dateModified":"2018-06-15T07:49:25+00:00","breadcrumb":{"@id":"https:\/\/www.bellunopress.it\/2018\/06\/15\/i-cento-anni-del-san-boldo-gli-alpini-celebrano-lanniversario-della-strada-del-passo-costruita-in-100-giorni-un-secolo-fa\/#breadcrumb"},"inLanguage":"fr-FR","potentialAction":[{"@type":"ReadAction","target":["https:\/\/www.bellunopress.it\/2018\/06\/15\/i-cento-anni-del-san-boldo-gli-alpini-celebrano-lanniversario-della-strada-del-passo-costruita-in-100-giorni-un-secolo-fa\/"]}]},{"@type":"ImageObject","inLanguage":"fr-FR","@id":"https:\/\/www.bellunopress.it\/2018\/06\/15\/i-cento-anni-del-san-boldo-gli-alpini-celebrano-lanniversario-della-strada-del-passo-costruita-in-100-giorni-un-secolo-fa\/#primaryimage","url":"http:\/\/www.bellunopress.it\/wp-content\/uploads\/2018\/06\/passo-san-boldo.jpg","contentUrl":"http:\/\/www.bellunopress.it\/wp-content\/uploads\/2018\/06\/passo-san-boldo.jpg"},{"@type":"BreadcrumbList","@id":"https:\/\/www.bellunopress.it\/2018\/06\/15\/i-cento-anni-del-san-boldo-gli-alpini-celebrano-lanniversario-della-strada-del-passo-costruita-in-100-giorni-un-secolo-fa\/#breadcrumb","itemListElement":[{"@type":"ListItem","position":1,"name":"Home","item":"https:\/\/www.bellunopress.it\/"},{"@type":"ListItem","position":2,"name":"I cento anni del San Boldo. Gli alpini celebrano l&#8217;anniversario della strada del Passo costruita in 100 giorni un secolo fa"}]},{"@type":"WebSite","@id":"https:\/\/www.bellunopress.it\/#website","url":"https:\/\/www.bellunopress.it\/","name":"Bellunopress - Dolomiti","description":"e-mail: redazione@bellunopress.it","publisher":{"@id":"https:\/\/www.bellunopress.it\/#organization"},"potentialAction":[{"@type":"SearchAction","target":{"@type":"EntryPoint","urlTemplate":"https:\/\/www.bellunopress.it\/?s={search_term_string}"},"query-input":{"@type":"PropertyValueSpecification","valueRequired":true,"valueName":"search_term_string"}}],"inLanguage":"fr-FR"},{"@type":"Organization","@id":"https:\/\/www.bellunopress.it\/#organization","name":"Bellunopress","url":"https:\/\/www.bellunopress.it\/","logo":{"@type":"ImageObject","inLanguage":"fr-FR","@id":"https:\/\/www.bellunopress.it\/#\/schema\/logo\/image\/","url":"https:\/\/www.bellunopress.it\/wp-content\/uploads\/2011\/05\/cropped-logo-bellunopress-.jpg","contentUrl":"https:\/\/www.bellunopress.it\/wp-content\/uploads\/2011\/05\/cropped-logo-bellunopress-.jpg","width":512,"height":512,"caption":"Bellunopress"},"image":{"@id":"https:\/\/www.bellunopress.it\/#\/schema\/logo\/image\/"},"sameAs":["https:\/\/www.facebook.com\/profile.php?id=100008943462799","https:\/\/x.com\/bellunopress","https:\/\/www.linkedin.com\/hp\/?dnr=JBzUWaJfMUw8vbXJJ2tVW5-I3jZKvC4wsoxE&amp;amp;amp;amp;amp;amp;trk=nav_responsive_tab_home","https:\/\/www.youtube.com\/channel\/UCxL0wu1uN0_3_7hGG0306cw"]},{"@type":"Person","@id":"https:\/\/www.bellunopress.it\/#\/schema\/person\/79bb06722b37ece1c03d3e94beb30d73","name":"r\u00e9daction","image":{"@type":"ImageObject","inLanguage":"fr-FR","@id":"https:\/\/secure.gravatar.com\/avatar\/37d968a2e67a6fd04c169c4bdef102d0bc5d31b2546345219e348575eb80e9a0?s=96&d=mm&r=g","url":"https:\/\/secure.gravatar.com\/avatar\/37d968a2e67a6fd04c169c4bdef102d0bc5d31b2546345219e348575eb80e9a0?s=96&d=mm&r=g","contentUrl":"https:\/\/secure.gravatar.com\/avatar\/37d968a2e67a6fd04c169c4bdef102d0bc5d31b2546345219e348575eb80e9a0?s=96&d=mm&r=g","caption":"redazione"},"sameAs":["http:\/\/www.bellunopress.it","https:\/\/x.com\/bellunopress"],"url":"https:\/\/www.bellunopress.it\/fr\/author\/redazione\/"}]}},"_links":{"self":[{"href":"https:\/\/www.bellunopress.it\/fr\/wp-json\/wp\/v2\/posts\/95622","targetHints":{"allow":["GET"]}}],"collection":[{"href":"https:\/\/www.bellunopress.it\/fr\/wp-json\/wp\/v2\/posts"}],"about":[{"href":"https:\/\/www.bellunopress.it\/fr\/wp-json\/wp\/v2\/types\/post"}],"author":[{"embeddable":true,"href":"https:\/\/www.bellunopress.it\/fr\/wp-json\/wp\/v2\/users\/2"}],"replies":[{"embeddable":true,"href":"https:\/\/www.bellunopress.it\/fr\/wp-json\/wp\/v2\/comments?post=95622"}],"version-history":[{"count":2,"href":"https:\/\/www.bellunopress.it\/fr\/wp-json\/wp\/v2\/posts\/95622\/revisions"}],"predecessor-version":[{"id":95625,"href":"https:\/\/www.bellunopress.it\/fr\/wp-json\/wp\/v2\/posts\/95622\/revisions\/95625"}],"wp:attachment":[{"href":"https:\/\/www.bellunopress.it\/fr\/wp-json\/wp\/v2\/media?parent=95622"}],"wp:term":[{"taxonomy":"category","embeddable":true,"href":"https:\/\/www.bellunopress.it\/fr\/wp-json\/wp\/v2\/categories?post=95622"},{"taxonomy":"post_tag","embeddable":true,"href":"https:\/\/www.bellunopress.it\/fr\/wp-json\/wp\/v2\/tags?post=95622"}],"curies":[{"name":"wp","href":"https:\/\/api.w.org\/{rel}","templated":true}]}}