{"id":95618,"date":"2018-06-14T14:37:46","date_gmt":"2018-06-14T12:37:46","guid":{"rendered":"http:\/\/www.bellunopress.it\/?p=95618"},"modified":"2018-06-14T14:37:46","modified_gmt":"2018-06-14T12:37:46","slug":"accoglienza-caso-acquarius-presidio-venerdi-in-piazza-duomo-intervento-del-segretario-generale-della-cgil-belluno-mauro-de-carli","status":"publish","type":"post","link":"https:\/\/www.bellunopress.it\/fr\/2018\/06\/14\/accoglienza-caso-acquarius-presidio-venerdi-in-piazza-duomo-intervento-del-segretario-generale-della-cgil-belluno-mauro-de-carli\/","title":{"rendered":"Accoglienza, caso Acquarius. Presidio venerd\u00ec in piazza Duomo. Intervento del segretario generale della Cgil Belluno, Mauro De Carli"},"content":{"rendered":"<figure id=\"attachment_92381\" aria-describedby=\"caption-attachment-92381\" style=\"width: 260px\" class=\"wp-caption alignleft\"><a href=\"http:\/\/www.bellunopress.it\/fr\/2018\/01\/24\/infortuni-sul-lavoro-mauro-de-carli-nel-veneto-un-lieve-calo-degli-infortuni-aumentano-le-malattie-professionali-nel-settore-industria-laumento-e-del-385\/mauro-de-carli-cgil-2\/\" rel=\"attachment wp-att-92381\"><img loading=\"lazy\" decoding=\"async\" class=\"size-full wp-image-92381\" src=\"http:\/\/www.bellunopress.it\/wp-content\/uploads\/2018\/01\/mauro-de-carli-cgil.jpg\" alt=\"\" width=\"260\" height=\"300\" \/><\/a><figcaption id=\"caption-attachment-92381\" class=\"wp-caption-text\">Mauro De Carli<\/figcaption><\/figure>\n<p>Belluno, 14 giugno 2018\u00a0 &#8211;\u00a0 La vicenda della nave \u201cAquarius\u201d e il metodo scelto dal Governo per farci capire quale sar\u00e0 la nuova politica italiana di gestione del fenomeno migranti ci lascia indignati e preoccupati anche per il futuro.<\/p>\n<p>Sentiamo di mettere al primo posto i valori di solidariet\u00e0 e umanit\u00e0 nei confronti di popoli, uomini, donne bambini che sfuggono a guerre, carestie, mancanza di cibo; proprio per questo esistono diritti internazionali, che ben si coniugano dentro la nostra Costituzione, che impongono di predisporre tutte le azioni utili per una buona accoglienza.<br \/>\nNon \u00e8 possibili scaricare su questi 629 esseri umani il peso di una nuova politica xenofoba del nostro Paese, ancora peggio giocare sulle loro stesse vite il ricatto per una mediazione nei confronti degli altri stati Europei; mai il nostro Paese aveva mostrato un livello cosi\u2019 alto di disumanit\u00e0.<\/p>\n<p>Tutti sono consapevoli che l\u2019Europa deve fare di pi\u00f9, anche se i dati in verit\u00e0 ci dicono che altri Paesi europei accolgono e governano una percentuale di richiedenti asilo molto pi\u00f9 alta di quella italiana, ma soprattutto non possiamo accettare che il nuovo modello di gestione dei migranti sia quello razzista e xenofobo di Orban.<\/p>\n<p>Per fortuna da pi\u00f9 parti, anche attraverso le voci di diversi sindaci di citt\u00e0 portuali, si sta levando una consapevolezza della gravit\u00e0 di quanto \u00e8 accaduto, con la preoccupazione che ci\u00f2 possa riaccadere ogni qualvolta qualche esponente del governo vuole rassicurare o consolidare i propri elettori.<br \/>\nAnche a Belluno vogliamo portare la voce di chi chiede il rispetto dei diritti umani universali, del diritto marittimo al soccorso, dei valori costituzionali all\u2019accoglienza e quindi invitiamo tutti, associazioni di volontariato, cittadinanza, istituzioni, lavoratori e pensionati al presidio che si svolger\u00e0 in Piazza Duomo, sotto la Prefettura, il venerdi 15 alle ore 18.00.<\/p>\n<p>Mauro De Carli &#8211; CGIL Belluno<\/p>","protected":false},"excerpt":{"rendered":"<p>Belluno, 14 giugno 2018\u00a0 &#8211;\u00a0 La vicenda della nave \u201cAquarius\u201d e il metodo scelto dal Governo per farci capire quale sar\u00e0 la nuova politica italiana di gestione del fenomeno migranti ci lascia indignati e preoccupati anche per il futuro. Sentiamo di mettere al primo posto i valori di solidariet\u00e0 e umanit\u00e0 nei confronti di popoli, [&hellip;]<\/p>\n","protected":false},"author":2,"featured_media":0,"comment_status":"closed","ping_status":"open","sticky":false,"template":"","format":"standard","meta":{"footnotes":""},"categories":[27,5,26,8],"tags":[],"class_list":["post-95618","post","type-post","status-publish","format-standard","category-appuntamenti","category-cronaca","category-prima-pagina","category-societa-istituzioni"],"yoast_head":"<!-- This site is optimized with the Yoast SEO plugin v28.4 - https:\/\/yoast.com\/product\/yoast-seo-wordpress\/ -->\n<title>Accoglienza, caso Acquarius. Presidio venerd\u00ec in piazza Duomo. Intervento del segretario generale della Cgil Belluno, Mauro De Carli - Bellunopress - Dolomiti<\/title>\n<meta name=\"robots\" content=\"index, follow, max-snippet:-1, max-image-preview:large, max-video-preview:-1\" \/>\n<link rel=\"canonical\" href=\"https:\/\/www.bellunopress.it\/fr\/2018\/06\/14\/accoglienza-caso-acquarius-presidio-venerdi-in-piazza-duomo-intervento-del-segretario-generale-della-cgil-belluno-mauro-de-carli\/\" \/>\n<meta property=\"og:locale\" content=\"fr_FR\" \/>\n<meta property=\"og:type\" content=\"article\" \/>\n<meta property=\"og:title\" content=\"Accoglienza, caso Acquarius. Presidio venerd\u00ec in piazza Duomo. Intervento del segretario generale della Cgil Belluno, Mauro De Carli - Bellunopress - Dolomiti\" \/>\n<meta property=\"og:description\" content=\"Belluno, 14 giugno 2018\u00a0 &#8211;\u00a0 La vicenda della nave \u201cAquarius\u201d e il metodo scelto dal Governo per farci capire quale sar\u00e0 la nuova politica italiana di gestione del fenomeno migranti ci lascia indignati e preoccupati anche per il futuro. Sentiamo di mettere al primo posto i valori di solidariet\u00e0 e umanit\u00e0 nei confronti di popoli, [&hellip;]\" \/>\n<meta property=\"og:url\" content=\"https:\/\/www.bellunopress.it\/fr\/2018\/06\/14\/accoglienza-caso-acquarius-presidio-venerdi-in-piazza-duomo-intervento-del-segretario-generale-della-cgil-belluno-mauro-de-carli\/\" \/>\n<meta property=\"og:site_name\" content=\"Bellunopress - Dolomiti\" \/>\n<meta property=\"article:publisher\" content=\"https:\/\/www.facebook.com\/profile.php?id=100008943462799\" \/>\n<meta property=\"article:published_time\" content=\"2018-06-14T12:37:46+00:00\" \/>\n<meta property=\"og:image\" content=\"http:\/\/www.bellunopress.it\/wp-content\/uploads\/2018\/01\/mauro-de-carli-cgil.jpg\" \/>\n<meta name=\"author\" content=\"redazione\" \/>\n<meta name=\"twitter:card\" content=\"summary_large_image\" \/>\n<meta name=\"twitter:creator\" content=\"@bellunopress\" \/>\n<meta name=\"twitter:site\" content=\"@bellunopress\" \/>\n<meta name=\"twitter:label1\" content=\"\u00c9crit par\" \/>\n\t<meta name=\"twitter:data1\" content=\"redazione\" \/>\n\t<meta name=\"twitter:label2\" content=\"Dur\u00e9e de lecture estim\u00e9e\" \/>\n\t<meta name=\"twitter:data2\" content=\"2 minutes\" \/>\n<script type=\"application\/ld+json\" class=\"yoast-schema-graph\">{\"@context\":\"https:\\\/\\\/schema.org\",\"@graph\":[{\"@type\":\"Article\",\"@id\":\"https:\\\/\\\/www.bellunopress.it\\\/2018\\\/06\\\/14\\\/accoglienza-caso-acquarius-presidio-venerdi-in-piazza-duomo-intervento-del-segretario-generale-della-cgil-belluno-mauro-de-carli\\\/#article\",\"isPartOf\":{\"@id\":\"https:\\\/\\\/www.bellunopress.it\\\/2018\\\/06\\\/14\\\/accoglienza-caso-acquarius-presidio-venerdi-in-piazza-duomo-intervento-del-segretario-generale-della-cgil-belluno-mauro-de-carli\\\/\"},\"author\":{\"name\":\"redazione\",\"@id\":\"https:\\\/\\\/www.bellunopress.it\\\/#\\\/schema\\\/person\\\/79bb06722b37ece1c03d3e94beb30d73\"},\"headline\":\"Accoglienza, caso Acquarius. Presidio venerd\u00ec in piazza Duomo. Intervento del segretario generale della Cgil Belluno, Mauro De Carli\",\"datePublished\":\"2018-06-14T12:37:46+00:00\",\"mainEntityOfPage\":{\"@id\":\"https:\\\/\\\/www.bellunopress.it\\\/2018\\\/06\\\/14\\\/accoglienza-caso-acquarius-presidio-venerdi-in-piazza-duomo-intervento-del-segretario-generale-della-cgil-belluno-mauro-de-carli\\\/\"},\"wordCount\":325,\"publisher\":{\"@id\":\"https:\\\/\\\/www.bellunopress.it\\\/#organization\"},\"image\":{\"@id\":\"https:\\\/\\\/www.bellunopress.it\\\/2018\\\/06\\\/14\\\/accoglienza-caso-acquarius-presidio-venerdi-in-piazza-duomo-intervento-del-segretario-generale-della-cgil-belluno-mauro-de-carli\\\/#primaryimage\"},\"thumbnailUrl\":\"http:\\\/\\\/www.bellunopress.it\\\/wp-content\\\/uploads\\\/2018\\\/01\\\/mauro-de-carli-cgil.jpg\",\"articleSection\":[\"Appuntamenti, Eventi\",\"Cronaca\\\/Politica\",\"Prima Pagina\",\"Societ\u00e0, Associazioni, Istituzioni\"],\"inLanguage\":\"fr-FR\"},{\"@type\":\"WebPage\",\"@id\":\"https:\\\/\\\/www.bellunopress.it\\\/2018\\\/06\\\/14\\\/accoglienza-caso-acquarius-presidio-venerdi-in-piazza-duomo-intervento-del-segretario-generale-della-cgil-belluno-mauro-de-carli\\\/\",\"url\":\"https:\\\/\\\/www.bellunopress.it\\\/2018\\\/06\\\/14\\\/accoglienza-caso-acquarius-presidio-venerdi-in-piazza-duomo-intervento-del-segretario-generale-della-cgil-belluno-mauro-de-carli\\\/\",\"name\":\"Accoglienza, caso Acquarius. Presidio venerd\u00ec in piazza Duomo. Intervento del segretario generale della Cgil Belluno, Mauro De Carli - Bellunopress - Dolomiti\",\"isPartOf\":{\"@id\":\"https:\\\/\\\/www.bellunopress.it\\\/#website\"},\"primaryImageOfPage\":{\"@id\":\"https:\\\/\\\/www.bellunopress.it\\\/2018\\\/06\\\/14\\\/accoglienza-caso-acquarius-presidio-venerdi-in-piazza-duomo-intervento-del-segretario-generale-della-cgil-belluno-mauro-de-carli\\\/#primaryimage\"},\"image\":{\"@id\":\"https:\\\/\\\/www.bellunopress.it\\\/2018\\\/06\\\/14\\\/accoglienza-caso-acquarius-presidio-venerdi-in-piazza-duomo-intervento-del-segretario-generale-della-cgil-belluno-mauro-de-carli\\\/#primaryimage\"},\"thumbnailUrl\":\"http:\\\/\\\/www.bellunopress.it\\\/wp-content\\\/uploads\\\/2018\\\/01\\\/mauro-de-carli-cgil.jpg\",\"datePublished\":\"2018-06-14T12:37:46+00:00\",\"breadcrumb\":{\"@id\":\"https:\\\/\\\/www.bellunopress.it\\\/2018\\\/06\\\/14\\\/accoglienza-caso-acquarius-presidio-venerdi-in-piazza-duomo-intervento-del-segretario-generale-della-cgil-belluno-mauro-de-carli\\\/#breadcrumb\"},\"inLanguage\":\"fr-FR\",\"potentialAction\":[{\"@type\":\"ReadAction\",\"target\":[\"https:\\\/\\\/www.bellunopress.it\\\/2018\\\/06\\\/14\\\/accoglienza-caso-acquarius-presidio-venerdi-in-piazza-duomo-intervento-del-segretario-generale-della-cgil-belluno-mauro-de-carli\\\/\"]}]},{\"@type\":\"ImageObject\",\"inLanguage\":\"fr-FR\",\"@id\":\"https:\\\/\\\/www.bellunopress.it\\\/2018\\\/06\\\/14\\\/accoglienza-caso-acquarius-presidio-venerdi-in-piazza-duomo-intervento-del-segretario-generale-della-cgil-belluno-mauro-de-carli\\\/#primaryimage\",\"url\":\"http:\\\/\\\/www.bellunopress.it\\\/wp-content\\\/uploads\\\/2018\\\/01\\\/mauro-de-carli-cgil.jpg\",\"contentUrl\":\"http:\\\/\\\/www.bellunopress.it\\\/wp-content\\\/uploads\\\/2018\\\/01\\\/mauro-de-carli-cgil.jpg\"},{\"@type\":\"BreadcrumbList\",\"@id\":\"https:\\\/\\\/www.bellunopress.it\\\/2018\\\/06\\\/14\\\/accoglienza-caso-acquarius-presidio-venerdi-in-piazza-duomo-intervento-del-segretario-generale-della-cgil-belluno-mauro-de-carli\\\/#breadcrumb\",\"itemListElement\":[{\"@type\":\"ListItem\",\"position\":1,\"name\":\"Home\",\"item\":\"https:\\\/\\\/www.bellunopress.it\\\/\"},{\"@type\":\"ListItem\",\"position\":2,\"name\":\"Accoglienza, caso Acquarius. Presidio venerd\u00ec in piazza Duomo. Intervento del segretario generale della Cgil Belluno, Mauro De Carli\"}]},{\"@type\":\"WebSite\",\"@id\":\"https:\\\/\\\/www.bellunopress.it\\\/#website\",\"url\":\"https:\\\/\\\/www.bellunopress.it\\\/\",\"name\":\"Bellunopress - Dolomiti\",\"description\":\"e-mail: redazione@bellunopress.it\",\"publisher\":{\"@id\":\"https:\\\/\\\/www.bellunopress.it\\\/#organization\"},\"potentialAction\":[{\"@type\":\"SearchAction\",\"target\":{\"@type\":\"EntryPoint\",\"urlTemplate\":\"https:\\\/\\\/www.bellunopress.it\\\/?s={search_term_string}\"},\"query-input\":{\"@type\":\"PropertyValueSpecification\",\"valueRequired\":true,\"valueName\":\"search_term_string\"}}],\"inLanguage\":\"fr-FR\"},{\"@type\":\"Organization\",\"@id\":\"https:\\\/\\\/www.bellunopress.it\\\/#organization\",\"name\":\"Bellunopress\",\"url\":\"https:\\\/\\\/www.bellunopress.it\\\/\",\"logo\":{\"@type\":\"ImageObject\",\"inLanguage\":\"fr-FR\",\"@id\":\"https:\\\/\\\/www.bellunopress.it\\\/#\\\/schema\\\/logo\\\/image\\\/\",\"url\":\"https:\\\/\\\/www.bellunopress.it\\\/wp-content\\\/uploads\\\/2011\\\/05\\\/cropped-logo-bellunopress-.jpg\",\"contentUrl\":\"https:\\\/\\\/www.bellunopress.it\\\/wp-content\\\/uploads\\\/2011\\\/05\\\/cropped-logo-bellunopress-.jpg\",\"width\":512,\"height\":512,\"caption\":\"Bellunopress\"},\"image\":{\"@id\":\"https:\\\/\\\/www.bellunopress.it\\\/#\\\/schema\\\/logo\\\/image\\\/\"},\"sameAs\":[\"https:\\\/\\\/www.facebook.com\\\/profile.php?id=100008943462799\",\"https:\\\/\\\/x.com\\\/bellunopress\",\"https:\\\/\\\/www.linkedin.com\\\/hp\\\/?dnr=JBzUWaJfMUw8vbXJJ2tVW5-I3jZKvC4wsoxE&amp;amp;amp;amp;amp;amp;trk=nav_responsive_tab_home\",\"https:\\\/\\\/www.youtube.com\\\/channel\\\/UCxL0wu1uN0_3_7hGG0306cw\"]},{\"@type\":\"Person\",\"@id\":\"https:\\\/\\\/www.bellunopress.it\\\/#\\\/schema\\\/person\\\/79bb06722b37ece1c03d3e94beb30d73\",\"name\":\"redazione\",\"image\":{\"@type\":\"ImageObject\",\"inLanguage\":\"fr-FR\",\"@id\":\"https:\\\/\\\/secure.gravatar.com\\\/avatar\\\/37d968a2e67a6fd04c169c4bdef102d0bc5d31b2546345219e348575eb80e9a0?s=96&d=mm&r=g\",\"url\":\"https:\\\/\\\/secure.gravatar.com\\\/avatar\\\/37d968a2e67a6fd04c169c4bdef102d0bc5d31b2546345219e348575eb80e9a0?s=96&d=mm&r=g\",\"contentUrl\":\"https:\\\/\\\/secure.gravatar.com\\\/avatar\\\/37d968a2e67a6fd04c169c4bdef102d0bc5d31b2546345219e348575eb80e9a0?s=96&d=mm&r=g\",\"caption\":\"redazione\"},\"sameAs\":[\"http:\\\/\\\/www.bellunopress.it\",\"https:\\\/\\\/x.com\\\/bellunopress\"],\"url\":\"https:\\\/\\\/www.bellunopress.it\\\/fr\\\/author\\\/redazione\\\/\"}]}<\/script>\n<!-- \/ Yoast SEO plugin. -->","yoast_head_json":{"title":"Accoglienza, caso Acquarius. Presidio venerd\u00ec in piazza Duomo. Intervento del segretario generale della Cgil Belluno, Mauro De Carli - Bellunopress - Dolomiti","robots":{"index":"index","follow":"follow","max-snippet":"max-snippet:-1","max-image-preview":"max-image-preview:large","max-video-preview":"max-video-preview:-1"},"canonical":"https:\/\/www.bellunopress.it\/fr\/2018\/06\/14\/accoglienza-caso-acquarius-presidio-venerdi-in-piazza-duomo-intervento-del-segretario-generale-della-cgil-belluno-mauro-de-carli\/","og_locale":"fr_FR","og_type":"article","og_title":"Accoglienza, caso Acquarius. Presidio venerd\u00ec in piazza Duomo. Intervento del segretario generale della Cgil Belluno, Mauro De Carli - Bellunopress - Dolomiti","og_description":"Belluno, 14 giugno 2018\u00a0 &#8211;\u00a0 La vicenda della nave \u201cAquarius\u201d e il metodo scelto dal Governo per farci capire quale sar\u00e0 la nuova politica italiana di gestione del fenomeno migranti ci lascia indignati e preoccupati anche per il futuro. Sentiamo di mettere al primo posto i valori di solidariet\u00e0 e umanit\u00e0 nei confronti di popoli, [&hellip;]","og_url":"https:\/\/www.bellunopress.it\/fr\/2018\/06\/14\/accoglienza-caso-acquarius-presidio-venerdi-in-piazza-duomo-intervento-del-segretario-generale-della-cgil-belluno-mauro-de-carli\/","og_site_name":"Bellunopress - Dolomiti","article_publisher":"https:\/\/www.facebook.com\/profile.php?id=100008943462799","article_published_time":"2018-06-14T12:37:46+00:00","og_image":[{"url":"http:\/\/www.bellunopress.it\/wp-content\/uploads\/2018\/01\/mauro-de-carli-cgil.jpg","type":"","width":"","height":""}],"author":"redazione","twitter_card":"summary_large_image","twitter_creator":"@bellunopress","twitter_site":"@bellunopress","twitter_misc":{"\u00c9crit par":"redazione","Dur\u00e9e de lecture estim\u00e9e":"2 minutes"},"schema":{"@context":"https:\/\/schema.org","@graph":[{"@type":"Article","@id":"https:\/\/www.bellunopress.it\/2018\/06\/14\/accoglienza-caso-acquarius-presidio-venerdi-in-piazza-duomo-intervento-del-segretario-generale-della-cgil-belluno-mauro-de-carli\/#article","isPartOf":{"@id":"https:\/\/www.bellunopress.it\/2018\/06\/14\/accoglienza-caso-acquarius-presidio-venerdi-in-piazza-duomo-intervento-del-segretario-generale-della-cgil-belluno-mauro-de-carli\/"},"author":{"name":"redazione","@id":"https:\/\/www.bellunopress.it\/#\/schema\/person\/79bb06722b37ece1c03d3e94beb30d73"},"headline":"Accoglienza, caso Acquarius. Presidio venerd\u00ec in piazza Duomo. Intervento del segretario generale della Cgil Belluno, Mauro De Carli","datePublished":"2018-06-14T12:37:46+00:00","mainEntityOfPage":{"@id":"https:\/\/www.bellunopress.it\/2018\/06\/14\/accoglienza-caso-acquarius-presidio-venerdi-in-piazza-duomo-intervento-del-segretario-generale-della-cgil-belluno-mauro-de-carli\/"},"wordCount":325,"publisher":{"@id":"https:\/\/www.bellunopress.it\/#organization"},"image":{"@id":"https:\/\/www.bellunopress.it\/2018\/06\/14\/accoglienza-caso-acquarius-presidio-venerdi-in-piazza-duomo-intervento-del-segretario-generale-della-cgil-belluno-mauro-de-carli\/#primaryimage"},"thumbnailUrl":"http:\/\/www.bellunopress.it\/wp-content\/uploads\/2018\/01\/mauro-de-carli-cgil.jpg","articleSection":["Appuntamenti, Eventi","Cronaca\/Politica","Prima Pagina","Societ\u00e0, Associazioni, Istituzioni"],"inLanguage":"fr-FR"},{"@type":"WebPage","@id":"https:\/\/www.bellunopress.it\/2018\/06\/14\/accoglienza-caso-acquarius-presidio-venerdi-in-piazza-duomo-intervento-del-segretario-generale-della-cgil-belluno-mauro-de-carli\/","url":"https:\/\/www.bellunopress.it\/2018\/06\/14\/accoglienza-caso-acquarius-presidio-venerdi-in-piazza-duomo-intervento-del-segretario-generale-della-cgil-belluno-mauro-de-carli\/","name":"Accoglienza, caso Acquarius. Presidio venerd\u00ec in piazza Duomo. Intervento del segretario generale della Cgil Belluno, Mauro De Carli - Bellunopress - Dolomiti","isPartOf":{"@id":"https:\/\/www.bellunopress.it\/#website"},"primaryImageOfPage":{"@id":"https:\/\/www.bellunopress.it\/2018\/06\/14\/accoglienza-caso-acquarius-presidio-venerdi-in-piazza-duomo-intervento-del-segretario-generale-della-cgil-belluno-mauro-de-carli\/#primaryimage"},"image":{"@id":"https:\/\/www.bellunopress.it\/2018\/06\/14\/accoglienza-caso-acquarius-presidio-venerdi-in-piazza-duomo-intervento-del-segretario-generale-della-cgil-belluno-mauro-de-carli\/#primaryimage"},"thumbnailUrl":"http:\/\/www.bellunopress.it\/wp-content\/uploads\/2018\/01\/mauro-de-carli-cgil.jpg","datePublished":"2018-06-14T12:37:46+00:00","breadcrumb":{"@id":"https:\/\/www.bellunopress.it\/2018\/06\/14\/accoglienza-caso-acquarius-presidio-venerdi-in-piazza-duomo-intervento-del-segretario-generale-della-cgil-belluno-mauro-de-carli\/#breadcrumb"},"inLanguage":"fr-FR","potentialAction":[{"@type":"ReadAction","target":["https:\/\/www.bellunopress.it\/2018\/06\/14\/accoglienza-caso-acquarius-presidio-venerdi-in-piazza-duomo-intervento-del-segretario-generale-della-cgil-belluno-mauro-de-carli\/"]}]},{"@type":"ImageObject","inLanguage":"fr-FR","@id":"https:\/\/www.bellunopress.it\/2018\/06\/14\/accoglienza-caso-acquarius-presidio-venerdi-in-piazza-duomo-intervento-del-segretario-generale-della-cgil-belluno-mauro-de-carli\/#primaryimage","url":"http:\/\/www.bellunopress.it\/wp-content\/uploads\/2018\/01\/mauro-de-carli-cgil.jpg","contentUrl":"http:\/\/www.bellunopress.it\/wp-content\/uploads\/2018\/01\/mauro-de-carli-cgil.jpg"},{"@type":"BreadcrumbList","@id":"https:\/\/www.bellunopress.it\/2018\/06\/14\/accoglienza-caso-acquarius-presidio-venerdi-in-piazza-duomo-intervento-del-segretario-generale-della-cgil-belluno-mauro-de-carli\/#breadcrumb","itemListElement":[{"@type":"ListItem","position":1,"name":"Home","item":"https:\/\/www.bellunopress.it\/"},{"@type":"ListItem","position":2,"name":"Accoglienza, caso Acquarius. Presidio venerd\u00ec in piazza Duomo. Intervento del segretario generale della Cgil Belluno, Mauro De Carli"}]},{"@type":"WebSite","@id":"https:\/\/www.bellunopress.it\/#website","url":"https:\/\/www.bellunopress.it\/","name":"Bellunopress - Dolomiti","description":"e-mail: redazione@bellunopress.it","publisher":{"@id":"https:\/\/www.bellunopress.it\/#organization"},"potentialAction":[{"@type":"SearchAction","target":{"@type":"EntryPoint","urlTemplate":"https:\/\/www.bellunopress.it\/?s={search_term_string}"},"query-input":{"@type":"PropertyValueSpecification","valueRequired":true,"valueName":"search_term_string"}}],"inLanguage":"fr-FR"},{"@type":"Organization","@id":"https:\/\/www.bellunopress.it\/#organization","name":"Bellunopress","url":"https:\/\/www.bellunopress.it\/","logo":{"@type":"ImageObject","inLanguage":"fr-FR","@id":"https:\/\/www.bellunopress.it\/#\/schema\/logo\/image\/","url":"https:\/\/www.bellunopress.it\/wp-content\/uploads\/2011\/05\/cropped-logo-bellunopress-.jpg","contentUrl":"https:\/\/www.bellunopress.it\/wp-content\/uploads\/2011\/05\/cropped-logo-bellunopress-.jpg","width":512,"height":512,"caption":"Bellunopress"},"image":{"@id":"https:\/\/www.bellunopress.it\/#\/schema\/logo\/image\/"},"sameAs":["https:\/\/www.facebook.com\/profile.php?id=100008943462799","https:\/\/x.com\/bellunopress","https:\/\/www.linkedin.com\/hp\/?dnr=JBzUWaJfMUw8vbXJJ2tVW5-I3jZKvC4wsoxE&amp;amp;amp;amp;amp;amp;trk=nav_responsive_tab_home","https:\/\/www.youtube.com\/channel\/UCxL0wu1uN0_3_7hGG0306cw"]},{"@type":"Person","@id":"https:\/\/www.bellunopress.it\/#\/schema\/person\/79bb06722b37ece1c03d3e94beb30d73","name":"r\u00e9daction","image":{"@type":"ImageObject","inLanguage":"fr-FR","@id":"https:\/\/secure.gravatar.com\/avatar\/37d968a2e67a6fd04c169c4bdef102d0bc5d31b2546345219e348575eb80e9a0?s=96&d=mm&r=g","url":"https:\/\/secure.gravatar.com\/avatar\/37d968a2e67a6fd04c169c4bdef102d0bc5d31b2546345219e348575eb80e9a0?s=96&d=mm&r=g","contentUrl":"https:\/\/secure.gravatar.com\/avatar\/37d968a2e67a6fd04c169c4bdef102d0bc5d31b2546345219e348575eb80e9a0?s=96&d=mm&r=g","caption":"redazione"},"sameAs":["http:\/\/www.bellunopress.it","https:\/\/x.com\/bellunopress"],"url":"https:\/\/www.bellunopress.it\/fr\/author\/redazione\/"}]}},"_links":{"self":[{"href":"https:\/\/www.bellunopress.it\/fr\/wp-json\/wp\/v2\/posts\/95618","targetHints":{"allow":["GET"]}}],"collection":[{"href":"https:\/\/www.bellunopress.it\/fr\/wp-json\/wp\/v2\/posts"}],"about":[{"href":"https:\/\/www.bellunopress.it\/fr\/wp-json\/wp\/v2\/types\/post"}],"author":[{"embeddable":true,"href":"https:\/\/www.bellunopress.it\/fr\/wp-json\/wp\/v2\/users\/2"}],"replies":[{"embeddable":true,"href":"https:\/\/www.bellunopress.it\/fr\/wp-json\/wp\/v2\/comments?post=95618"}],"version-history":[{"count":1,"href":"https:\/\/www.bellunopress.it\/fr\/wp-json\/wp\/v2\/posts\/95618\/revisions"}],"predecessor-version":[{"id":95619,"href":"https:\/\/www.bellunopress.it\/fr\/wp-json\/wp\/v2\/posts\/95618\/revisions\/95619"}],"wp:attachment":[{"href":"https:\/\/www.bellunopress.it\/fr\/wp-json\/wp\/v2\/media?parent=95618"}],"wp:term":[{"taxonomy":"category","embeddable":true,"href":"https:\/\/www.bellunopress.it\/fr\/wp-json\/wp\/v2\/categories?post=95618"},{"taxonomy":"post_tag","embeddable":true,"href":"https:\/\/www.bellunopress.it\/fr\/wp-json\/wp\/v2\/tags?post=95618"}],"curies":[{"name":"wp","href":"https:\/\/api.w.org\/{rel}","templated":true}]}}