{"id":95616,"date":"2018-06-14T13:21:32","date_gmt":"2018-06-14T11:21:32","guid":{"rendered":"http:\/\/www.bellunopress.it\/?p=95616"},"modified":"2018-06-14T13:21:32","modified_gmt":"2018-06-14T11:21:32","slug":"un-concorso-per-responsabile-finanziario-allunione-montana-alpago-scadenza-domande-26-giugno","status":"publish","type":"post","link":"https:\/\/www.bellunopress.it\/fr\/2018\/06\/14\/un-concorso-per-responsabile-finanziario-allunione-montana-alpago-scadenza-domande-26-giugno\/","title":{"rendered":"Un concorso per responsabile finanziario all\u2019Unione Montana Alpago. Scadenza domande 26 giugno"},"content":{"rendered":"<p>L\u2019Unione Montana Alpago cerca un responsabile finanziario. L\u2019UMA ha indetto un concorso pubblico, per soli esami, per l&#8217;assunzione a tempo pieno e indeterminato di un istruttore direttivo contabile per il comparto regioni e autonomie locali. Il concorso \u00e8 in riferimento alla richiesta di mobilit\u00e0 da parte dell\u2019attuale responsabile della gestione del bilancio dell\u2019ente montano. La domanda di ammissione al concorso deve essere redatta in carta semplice seguendo lo schema scaricabile dal sito dell\u2019ente e deve essere indirizzata all\u2019Unione Montana Alpago. Titoli di studio ammessi: Diploma di laurea del vecchio ordinamento in economia e commercio o Economia Aziendale o titolo equipollente; Laurea magistrale o specialistica; Laurea triennale di 1\u00b0 livello &#8211; Scienze Economiche oppure &#8211; Scienze dell\u2019Economia e della gestione aziendale; Laurea triennale di 1\u00b0 livello &#8211; Scienze dell\u2019Economia e della gestione aziendale e Scienze economiche. La domanda dovr\u00e0 essere presentata entro le 12.30 del 26 giugno. Il testo del bando e il fac-simile della domanda sono disponibili sul sito dell\u2019Unione Montana Alpago: www.alpago.bl.it. Per informazioni telefonare allo 0437 454358 o via posta elettronica: cma.affarigenerali@alpago.bl.it.<\/p>","protected":false},"excerpt":{"rendered":"<p>L\u2019Unione Montana Alpago cerca un responsabile finanziario. L\u2019UMA ha indetto un concorso pubblico, per soli esami, per l&#8217;assunzione a tempo pieno e indeterminato di un istruttore direttivo contabile per il comparto regioni e autonomie locali. Il concorso \u00e8 in riferimento alla richiesta di mobilit\u00e0 da parte dell\u2019attuale responsabile della gestione del bilancio dell\u2019ente montano. La [&hellip;]<\/p>\n","protected":false},"author":2,"featured_media":0,"comment_status":"closed","ping_status":"open","sticky":false,"template":"","format":"standard","meta":{"footnotes":""},"categories":[36,26],"tags":[],"class_list":["post-95616","post","type-post","status-publish","format-standard","category-lavoro-economia","category-prima-pagina"],"yoast_head":"<!-- This site is optimized with the Yoast SEO plugin v28.4 - https:\/\/yoast.com\/product\/yoast-seo-wordpress\/ -->\n<title>Un concorso per responsabile finanziario all\u2019Unione Montana Alpago. Scadenza domande 26 giugno - Bellunopress - Dolomiti<\/title>\n<meta name=\"robots\" content=\"index, follow, max-snippet:-1, max-image-preview:large, max-video-preview:-1\" \/>\n<link rel=\"canonical\" href=\"https:\/\/www.bellunopress.it\/fr\/2018\/06\/14\/un-concorso-per-responsabile-finanziario-allunione-montana-alpago-scadenza-domande-26-giugno\/\" \/>\n<meta property=\"og:locale\" content=\"fr_FR\" \/>\n<meta property=\"og:type\" content=\"article\" \/>\n<meta property=\"og:title\" content=\"Un concorso per responsabile finanziario all\u2019Unione Montana Alpago. Scadenza domande 26 giugno - Bellunopress - Dolomiti\" \/>\n<meta property=\"og:description\" content=\"L\u2019Unione Montana Alpago cerca un responsabile finanziario. L\u2019UMA ha indetto un concorso pubblico, per soli esami, per l&#8217;assunzione a tempo pieno e indeterminato di un istruttore direttivo contabile per il comparto regioni e autonomie locali. Il concorso \u00e8 in riferimento alla richiesta di mobilit\u00e0 da parte dell\u2019attuale responsabile della gestione del bilancio dell\u2019ente montano. La [&hellip;]\" \/>\n<meta property=\"og:url\" content=\"https:\/\/www.bellunopress.it\/fr\/2018\/06\/14\/un-concorso-per-responsabile-finanziario-allunione-montana-alpago-scadenza-domande-26-giugno\/\" \/>\n<meta property=\"og:site_name\" content=\"Bellunopress - Dolomiti\" \/>\n<meta property=\"article:publisher\" content=\"https:\/\/www.facebook.com\/profile.php?id=100008943462799\" \/>\n<meta property=\"article:published_time\" content=\"2018-06-14T11:21:32+00:00\" \/>\n<meta property=\"og:image\" content=\"http:\/\/www.bellunopress.it\/wp-content\/uploads\/2012\/07\/logo-bellunopress-250x250-2012.jpg\" \/>\n<meta name=\"author\" content=\"redazione\" \/>\n<meta name=\"twitter:card\" content=\"summary_large_image\" \/>\n<meta name=\"twitter:creator\" content=\"@bellunopress\" \/>\n<meta name=\"twitter:site\" content=\"@bellunopress\" \/>\n<meta name=\"twitter:label1\" content=\"\u00c9crit par\" \/>\n\t<meta name=\"twitter:data1\" content=\"redazione\" \/>\n\t<meta name=\"twitter:label2\" content=\"Dur\u00e9e de lecture estim\u00e9e\" \/>\n\t<meta name=\"twitter:data2\" content=\"1 minute\" \/>\n<script type=\"application\/ld+json\" class=\"yoast-schema-graph\">{\"@context\":\"https:\\\/\\\/schema.org\",\"@graph\":[{\"@type\":\"Article\",\"@id\":\"https:\\\/\\\/www.bellunopress.it\\\/2018\\\/06\\\/14\\\/un-concorso-per-responsabile-finanziario-allunione-montana-alpago-scadenza-domande-26-giugno\\\/#article\",\"isPartOf\":{\"@id\":\"https:\\\/\\\/www.bellunopress.it\\\/2018\\\/06\\\/14\\\/un-concorso-per-responsabile-finanziario-allunione-montana-alpago-scadenza-domande-26-giugno\\\/\"},\"author\":{\"name\":\"redazione\",\"@id\":\"https:\\\/\\\/www.bellunopress.it\\\/#\\\/schema\\\/person\\\/79bb06722b37ece1c03d3e94beb30d73\"},\"headline\":\"Un concorso per responsabile finanziario all\u2019Unione Montana Alpago. Scadenza domande 26 giugno\",\"datePublished\":\"2018-06-14T11:21:32+00:00\",\"mainEntityOfPage\":{\"@id\":\"https:\\\/\\\/www.bellunopress.it\\\/2018\\\/06\\\/14\\\/un-concorso-per-responsabile-finanziario-allunione-montana-alpago-scadenza-domande-26-giugno\\\/\"},\"wordCount\":196,\"publisher\":{\"@id\":\"https:\\\/\\\/www.bellunopress.it\\\/#organization\"},\"articleSection\":[\"Lavoro, Economia, Turismo\",\"Prima Pagina\"],\"inLanguage\":\"fr-FR\"},{\"@type\":\"WebPage\",\"@id\":\"https:\\\/\\\/www.bellunopress.it\\\/2018\\\/06\\\/14\\\/un-concorso-per-responsabile-finanziario-allunione-montana-alpago-scadenza-domande-26-giugno\\\/\",\"url\":\"https:\\\/\\\/www.bellunopress.it\\\/2018\\\/06\\\/14\\\/un-concorso-per-responsabile-finanziario-allunione-montana-alpago-scadenza-domande-26-giugno\\\/\",\"name\":\"Un concorso per responsabile finanziario all\u2019Unione Montana Alpago. Scadenza domande 26 giugno - Bellunopress - Dolomiti\",\"isPartOf\":{\"@id\":\"https:\\\/\\\/www.bellunopress.it\\\/#website\"},\"datePublished\":\"2018-06-14T11:21:32+00:00\",\"breadcrumb\":{\"@id\":\"https:\\\/\\\/www.bellunopress.it\\\/2018\\\/06\\\/14\\\/un-concorso-per-responsabile-finanziario-allunione-montana-alpago-scadenza-domande-26-giugno\\\/#breadcrumb\"},\"inLanguage\":\"fr-FR\",\"potentialAction\":[{\"@type\":\"ReadAction\",\"target\":[\"https:\\\/\\\/www.bellunopress.it\\\/2018\\\/06\\\/14\\\/un-concorso-per-responsabile-finanziario-allunione-montana-alpago-scadenza-domande-26-giugno\\\/\"]}]},{\"@type\":\"BreadcrumbList\",\"@id\":\"https:\\\/\\\/www.bellunopress.it\\\/2018\\\/06\\\/14\\\/un-concorso-per-responsabile-finanziario-allunione-montana-alpago-scadenza-domande-26-giugno\\\/#breadcrumb\",\"itemListElement\":[{\"@type\":\"ListItem\",\"position\":1,\"name\":\"Home\",\"item\":\"https:\\\/\\\/www.bellunopress.it\\\/\"},{\"@type\":\"ListItem\",\"position\":2,\"name\":\"Un concorso per responsabile finanziario all\u2019Unione Montana Alpago. Scadenza domande 26 giugno\"}]},{\"@type\":\"WebSite\",\"@id\":\"https:\\\/\\\/www.bellunopress.it\\\/#website\",\"url\":\"https:\\\/\\\/www.bellunopress.it\\\/\",\"name\":\"Bellunopress - Dolomiti\",\"description\":\"e-mail: redazione@bellunopress.it\",\"publisher\":{\"@id\":\"https:\\\/\\\/www.bellunopress.it\\\/#organization\"},\"potentialAction\":[{\"@type\":\"SearchAction\",\"target\":{\"@type\":\"EntryPoint\",\"urlTemplate\":\"https:\\\/\\\/www.bellunopress.it\\\/?s={search_term_string}\"},\"query-input\":{\"@type\":\"PropertyValueSpecification\",\"valueRequired\":true,\"valueName\":\"search_term_string\"}}],\"inLanguage\":\"fr-FR\"},{\"@type\":\"Organization\",\"@id\":\"https:\\\/\\\/www.bellunopress.it\\\/#organization\",\"name\":\"Bellunopress\",\"url\":\"https:\\\/\\\/www.bellunopress.it\\\/\",\"logo\":{\"@type\":\"ImageObject\",\"inLanguage\":\"fr-FR\",\"@id\":\"https:\\\/\\\/www.bellunopress.it\\\/#\\\/schema\\\/logo\\\/image\\\/\",\"url\":\"https:\\\/\\\/www.bellunopress.it\\\/wp-content\\\/uploads\\\/2011\\\/05\\\/cropped-logo-bellunopress-.jpg\",\"contentUrl\":\"https:\\\/\\\/www.bellunopress.it\\\/wp-content\\\/uploads\\\/2011\\\/05\\\/cropped-logo-bellunopress-.jpg\",\"width\":512,\"height\":512,\"caption\":\"Bellunopress\"},\"image\":{\"@id\":\"https:\\\/\\\/www.bellunopress.it\\\/#\\\/schema\\\/logo\\\/image\\\/\"},\"sameAs\":[\"https:\\\/\\\/www.facebook.com\\\/profile.php?id=100008943462799\",\"https:\\\/\\\/x.com\\\/bellunopress\",\"https:\\\/\\\/www.linkedin.com\\\/hp\\\/?dnr=JBzUWaJfMUw8vbXJJ2tVW5-I3jZKvC4wsoxE&amp;amp;amp;amp;amp;amp;trk=nav_responsive_tab_home\",\"https:\\\/\\\/www.youtube.com\\\/channel\\\/UCxL0wu1uN0_3_7hGG0306cw\"]},{\"@type\":\"Person\",\"@id\":\"https:\\\/\\\/www.bellunopress.it\\\/#\\\/schema\\\/person\\\/79bb06722b37ece1c03d3e94beb30d73\",\"name\":\"redazione\",\"image\":{\"@type\":\"ImageObject\",\"inLanguage\":\"fr-FR\",\"@id\":\"https:\\\/\\\/secure.gravatar.com\\\/avatar\\\/37d968a2e67a6fd04c169c4bdef102d0bc5d31b2546345219e348575eb80e9a0?s=96&d=mm&r=g\",\"url\":\"https:\\\/\\\/secure.gravatar.com\\\/avatar\\\/37d968a2e67a6fd04c169c4bdef102d0bc5d31b2546345219e348575eb80e9a0?s=96&d=mm&r=g\",\"contentUrl\":\"https:\\\/\\\/secure.gravatar.com\\\/avatar\\\/37d968a2e67a6fd04c169c4bdef102d0bc5d31b2546345219e348575eb80e9a0?s=96&d=mm&r=g\",\"caption\":\"redazione\"},\"sameAs\":[\"http:\\\/\\\/www.bellunopress.it\",\"https:\\\/\\\/x.com\\\/bellunopress\"],\"url\":\"https:\\\/\\\/www.bellunopress.it\\\/fr\\\/author\\\/redazione\\\/\"}]}<\/script>\n<!-- \/ Yoast SEO plugin. -->","yoast_head_json":{"title":"Un concorso per responsabile finanziario all\u2019Unione Montana Alpago. Scadenza domande 26 giugno - Bellunopress - Dolomiti","robots":{"index":"index","follow":"follow","max-snippet":"max-snippet:-1","max-image-preview":"max-image-preview:large","max-video-preview":"max-video-preview:-1"},"canonical":"https:\/\/www.bellunopress.it\/fr\/2018\/06\/14\/un-concorso-per-responsabile-finanziario-allunione-montana-alpago-scadenza-domande-26-giugno\/","og_locale":"fr_FR","og_type":"article","og_title":"Un concorso per responsabile finanziario all\u2019Unione Montana Alpago. Scadenza domande 26 giugno - Bellunopress - Dolomiti","og_description":"L\u2019Unione Montana Alpago cerca un responsabile finanziario. L\u2019UMA ha indetto un concorso pubblico, per soli esami, per l&#8217;assunzione a tempo pieno e indeterminato di un istruttore direttivo contabile per il comparto regioni e autonomie locali. Il concorso \u00e8 in riferimento alla richiesta di mobilit\u00e0 da parte dell\u2019attuale responsabile della gestione del bilancio dell\u2019ente montano. La [&hellip;]","og_url":"https:\/\/www.bellunopress.it\/fr\/2018\/06\/14\/un-concorso-per-responsabile-finanziario-allunione-montana-alpago-scadenza-domande-26-giugno\/","og_site_name":"Bellunopress - Dolomiti","article_publisher":"https:\/\/www.facebook.com\/profile.php?id=100008943462799","article_published_time":"2018-06-14T11:21:32+00:00","og_image":[{"url":"http:\/\/www.bellunopress.it\/wp-content\/uploads\/2012\/07\/logo-bellunopress-250x250-2012.jpg","type":"","width":"","height":""}],"author":"redazione","twitter_card":"summary_large_image","twitter_creator":"@bellunopress","twitter_site":"@bellunopress","twitter_misc":{"\u00c9crit par":"redazione","Dur\u00e9e de lecture estim\u00e9e":"1 minute"},"schema":{"@context":"https:\/\/schema.org","@graph":[{"@type":"Article","@id":"https:\/\/www.bellunopress.it\/2018\/06\/14\/un-concorso-per-responsabile-finanziario-allunione-montana-alpago-scadenza-domande-26-giugno\/#article","isPartOf":{"@id":"https:\/\/www.bellunopress.it\/2018\/06\/14\/un-concorso-per-responsabile-finanziario-allunione-montana-alpago-scadenza-domande-26-giugno\/"},"author":{"name":"redazione","@id":"https:\/\/www.bellunopress.it\/#\/schema\/person\/79bb06722b37ece1c03d3e94beb30d73"},"headline":"Un concorso per responsabile finanziario all\u2019Unione Montana Alpago. Scadenza domande 26 giugno","datePublished":"2018-06-14T11:21:32+00:00","mainEntityOfPage":{"@id":"https:\/\/www.bellunopress.it\/2018\/06\/14\/un-concorso-per-responsabile-finanziario-allunione-montana-alpago-scadenza-domande-26-giugno\/"},"wordCount":196,"publisher":{"@id":"https:\/\/www.bellunopress.it\/#organization"},"articleSection":["Lavoro, Economia, Turismo","Prima Pagina"],"inLanguage":"fr-FR"},{"@type":"WebPage","@id":"https:\/\/www.bellunopress.it\/2018\/06\/14\/un-concorso-per-responsabile-finanziario-allunione-montana-alpago-scadenza-domande-26-giugno\/","url":"https:\/\/www.bellunopress.it\/2018\/06\/14\/un-concorso-per-responsabile-finanziario-allunione-montana-alpago-scadenza-domande-26-giugno\/","name":"Un concorso per responsabile finanziario all\u2019Unione Montana Alpago. Scadenza domande 26 giugno - Bellunopress - Dolomiti","isPartOf":{"@id":"https:\/\/www.bellunopress.it\/#website"},"datePublished":"2018-06-14T11:21:32+00:00","breadcrumb":{"@id":"https:\/\/www.bellunopress.it\/2018\/06\/14\/un-concorso-per-responsabile-finanziario-allunione-montana-alpago-scadenza-domande-26-giugno\/#breadcrumb"},"inLanguage":"fr-FR","potentialAction":[{"@type":"ReadAction","target":["https:\/\/www.bellunopress.it\/2018\/06\/14\/un-concorso-per-responsabile-finanziario-allunione-montana-alpago-scadenza-domande-26-giugno\/"]}]},{"@type":"BreadcrumbList","@id":"https:\/\/www.bellunopress.it\/2018\/06\/14\/un-concorso-per-responsabile-finanziario-allunione-montana-alpago-scadenza-domande-26-giugno\/#breadcrumb","itemListElement":[{"@type":"ListItem","position":1,"name":"Home","item":"https:\/\/www.bellunopress.it\/"},{"@type":"ListItem","position":2,"name":"Un concorso per responsabile finanziario all\u2019Unione Montana Alpago. Scadenza domande 26 giugno"}]},{"@type":"WebSite","@id":"https:\/\/www.bellunopress.it\/#website","url":"https:\/\/www.bellunopress.it\/","name":"Bellunopress - Dolomiti","description":"e-mail: redazione@bellunopress.it","publisher":{"@id":"https:\/\/www.bellunopress.it\/#organization"},"potentialAction":[{"@type":"SearchAction","target":{"@type":"EntryPoint","urlTemplate":"https:\/\/www.bellunopress.it\/?s={search_term_string}"},"query-input":{"@type":"PropertyValueSpecification","valueRequired":true,"valueName":"search_term_string"}}],"inLanguage":"fr-FR"},{"@type":"Organization","@id":"https:\/\/www.bellunopress.it\/#organization","name":"Bellunopress","url":"https:\/\/www.bellunopress.it\/","logo":{"@type":"ImageObject","inLanguage":"fr-FR","@id":"https:\/\/www.bellunopress.it\/#\/schema\/logo\/image\/","url":"https:\/\/www.bellunopress.it\/wp-content\/uploads\/2011\/05\/cropped-logo-bellunopress-.jpg","contentUrl":"https:\/\/www.bellunopress.it\/wp-content\/uploads\/2011\/05\/cropped-logo-bellunopress-.jpg","width":512,"height":512,"caption":"Bellunopress"},"image":{"@id":"https:\/\/www.bellunopress.it\/#\/schema\/logo\/image\/"},"sameAs":["https:\/\/www.facebook.com\/profile.php?id=100008943462799","https:\/\/x.com\/bellunopress","https:\/\/www.linkedin.com\/hp\/?dnr=JBzUWaJfMUw8vbXJJ2tVW5-I3jZKvC4wsoxE&amp;amp;amp;amp;amp;amp;trk=nav_responsive_tab_home","https:\/\/www.youtube.com\/channel\/UCxL0wu1uN0_3_7hGG0306cw"]},{"@type":"Person","@id":"https:\/\/www.bellunopress.it\/#\/schema\/person\/79bb06722b37ece1c03d3e94beb30d73","name":"r\u00e9daction","image":{"@type":"ImageObject","inLanguage":"fr-FR","@id":"https:\/\/secure.gravatar.com\/avatar\/37d968a2e67a6fd04c169c4bdef102d0bc5d31b2546345219e348575eb80e9a0?s=96&d=mm&r=g","url":"https:\/\/secure.gravatar.com\/avatar\/37d968a2e67a6fd04c169c4bdef102d0bc5d31b2546345219e348575eb80e9a0?s=96&d=mm&r=g","contentUrl":"https:\/\/secure.gravatar.com\/avatar\/37d968a2e67a6fd04c169c4bdef102d0bc5d31b2546345219e348575eb80e9a0?s=96&d=mm&r=g","caption":"redazione"},"sameAs":["http:\/\/www.bellunopress.it","https:\/\/x.com\/bellunopress"],"url":"https:\/\/www.bellunopress.it\/fr\/author\/redazione\/"}]}},"_links":{"self":[{"href":"https:\/\/www.bellunopress.it\/fr\/wp-json\/wp\/v2\/posts\/95616","targetHints":{"allow":["GET"]}}],"collection":[{"href":"https:\/\/www.bellunopress.it\/fr\/wp-json\/wp\/v2\/posts"}],"about":[{"href":"https:\/\/www.bellunopress.it\/fr\/wp-json\/wp\/v2\/types\/post"}],"author":[{"embeddable":true,"href":"https:\/\/www.bellunopress.it\/fr\/wp-json\/wp\/v2\/users\/2"}],"replies":[{"embeddable":true,"href":"https:\/\/www.bellunopress.it\/fr\/wp-json\/wp\/v2\/comments?post=95616"}],"version-history":[{"count":1,"href":"https:\/\/www.bellunopress.it\/fr\/wp-json\/wp\/v2\/posts\/95616\/revisions"}],"predecessor-version":[{"id":95617,"href":"https:\/\/www.bellunopress.it\/fr\/wp-json\/wp\/v2\/posts\/95616\/revisions\/95617"}],"wp:attachment":[{"href":"https:\/\/www.bellunopress.it\/fr\/wp-json\/wp\/v2\/media?parent=95616"}],"wp:term":[{"taxonomy":"category","embeddable":true,"href":"https:\/\/www.bellunopress.it\/fr\/wp-json\/wp\/v2\/categories?post=95616"},{"taxonomy":"post_tag","embeddable":true,"href":"https:\/\/www.bellunopress.it\/fr\/wp-json\/wp\/v2\/tags?post=95616"}],"curies":[{"name":"wp","href":"https:\/\/api.w.org\/{rel}","templated":true}]}}