{"id":9539,"date":"2009-11-07T15:24:26","date_gmt":"2009-11-07T14:24:26","guid":{"rendered":"http:\/\/www.bellunopress.it\/?p=9539"},"modified":"2009-11-07T15:24:26","modified_gmt":"2009-11-07T14:24:26","slug":"emanuele-kabu-alla-sua-prima-personale-al-rojo-artspace-di-milano","status":"publish","type":"post","link":"https:\/\/www.bellunopress.it\/fr\/2009\/11\/07\/emanuele-kabu-alla-sua-prima-personale-al-rojo-artspace-di-milano\/","title":{"rendered":"Emanuele Kabu alla sua prima personale al Rojo ArtSpace di Milano"},"content":{"rendered":"<p><a href=\"http:\/\/www.bellunopress.it\/wp-content\/uploads\/2009\/11\/emanuele-kabu.jpg\"><img loading=\"lazy\" decoding=\"async\" class=\"alignleft size-medium wp-image-9540\" title=\"emanuele-kabu\" src=\"http:\/\/www.bellunopress.it\/wp-content\/uploads\/2009\/11\/emanuele-kabu.jpg\" alt=\"\" width=\"290\" height=\"209\" \/><\/a>Un criterio d\u2019ordine e semplicit\u00e0 informa l\u2019allestimento della prima personale di Emanuele Kabu (Belluno, 1978) presso lo spazio milanese di Rojo, in Zona Tortona. Da diversi anni ormai, l\u2019artista espande il proprio universo visivo integrando disegno, pittura, video, installazione e suono. Come gli artisti dell\u2019underground scene Usa degli anni \u201980 (Barry McGee su tutti), a cui s\u2019ispira sin dagli inizi, e come Dino Buzzati, altro riferimento esplicito, Kabu ama la figura. I soggetti che animano le sue storie, alimentando la dimensione narrativa di pittura e video, sono simboli esistenziali di incapacit\u00e0 e speranze dell\u2019uomo.<br \/>\nKabu sviluppa senza sosta &#8211; in una fornace onirica &#8211; la propria caleidoscopica foresta di simboli, cibo per l\u2019occhio e per la mente. Ci\u00f2 soprattutto nei video. La trama delle immagini viene cucita all\u2019interno di un flusso che \u00e8 respiro circolare, eterno. Un fantasmagorico mantra, dolcemente melanconico, per nulla caotico. A questo movimento fluido di forme-colore, dove una natura magica \u00e8 continuamente attraversata da animali speciali, non \u00e8 estranea la geometria. Anche nei momenti pi\u00f9 lirici e lussureggianti, quando i fondali marini e le giungle pop-psichedeliche scorrono lenti, la natura appare spesso sinteticamente geometrizzata. E mentre un tappeto di suoni ipnotici ci porta via, attorno \u00e8 un ritmo pulsante d\u2019occhi e prismi. In questo scenario mobile, critica e sorriso si sorvegliano. L\u2019ironia ingrigisce nella consapevolezza che la violenza distrugge i mondi. Il colore \u00e8 netto, forte, ma le campiture monocrome restano fredde e il rosso \u00e8 di sangue. La mostra si compone di tre parti, distinte e fortemente intrecciate. Quella grafico-pittorica \u00e8 costituita da alcuni gruppi di disegni e quadri, realizzati con colori acrilici e penna su carta, collegati da un reticolo di rami stilizzati. Poi ci sono i video. Il titolo stesso della mostra ne riprende due: Pangea \u00e8 un\u2019animazione in classico stile Kabu, ricca di figure surreali e colore. Street Fighter \u00e8 una delle scene di 22 Points of View, videoinstallazione in cui le immagini scorrono su tre monitor affiancati, incrociandosi random, in loop. Le scene rappresentano e stigmatizzano ironicamente situazioni di umanit\u00e0 alienata, ma anche i videogame picchiaduro, dall\u2019estetica ultrapop, come Street Fighter, appunto, o Mortal Kombat. Il terzo elemento \u00e8 Guitar Hero. Una scultura meccanica dalle geometrie semplificate, \u201cpop ma scura\u201d, per dirla con Ericailcane, che riprende il videogioco musicale eponimo. La nera figura antropomorfa ha una testa romboidale. Mentre questa ruota, plettri pizzicano corde: ne scaturisce una sonorit\u00e0 metallica semplice, simile a quello del wagon giapponese. Guitar Hero \u00e8 carillon, musico minimo, marionetta arcaica. Nell\u2019insieme, la mostra rivela la tendenza dell\u2019artista ad accorpare i medium, e preconizza l\u2019idea di una futura macchina visiva unificata, congegno teatrale polimorfo in cui ogni parte contribuisca allo spettacolo integrato finale.<br \/>\nGianluca D&#8217;inc\u00e0 Levis<br \/>\nDal 15 ottobre al 15 novembre 2009<br \/>\nEmanuele Kabu &#8211; From Pangea to Street Fighter<br \/>\na cura di Lorenzo Gatti<br \/>\nRojo ArtSpace<br \/>\nVia Tortona, 17\/19 (zona Tortona) &#8211; 20144 Milano<br \/>\nOrario: da luned\u00ec a sabato ore 16-20 o su appuntamento<br \/>\nIngresso libero<br \/>\nInfo: tel. +39 0245495875; <a href=\"http:\/\/www.rojo-milano.com\">www.rojo-milano.com<\/a><br \/>\n[exibart]<\/p>\n","protected":false},"excerpt":{"rendered":"<p>Un criterio d\u2019ordine e semplicit\u00e0 informa l\u2019allestimento della prima personale di Emanuele Kabu (Belluno, 1978) presso lo spazio milanese di Rojo, in Zona Tortona. Da diversi anni ormai, l\u2019artista espande il proprio universo visivo integrando disegno, pittura, video, installazione e suono. Come gli artisti dell\u2019underground scene Usa degli anni \u201980 (Barry McGee su tutti), a [&hellip;]<\/p>\n","protected":false},"author":2,"featured_media":0,"comment_status":"closed","ping_status":"open","sticky":false,"template":"","format":"standard","meta":{"footnotes":""},"categories":[3,25],"tags":[139],"class_list":["post-9539","post","type-post","status-publish","format-standard","category-arte-cultura-spettacoli-scienza-archivi","category-pausa-caffe","tag-belluno"],"yoast_head":"<!-- This site is optimized with the Yoast SEO plugin v28.4 - https:\/\/yoast.com\/product\/yoast-seo-wordpress\/ -->\n<title>Emanuele Kabu alla sua prima personale al Rojo ArtSpace di Milano - Bellunopress - Dolomiti<\/title>\n<meta name=\"robots\" content=\"index, follow, max-snippet:-1, max-image-preview:large, max-video-preview:-1\" \/>\n<link rel=\"canonical\" href=\"https:\/\/www.bellunopress.it\/fr\/2009\/11\/07\/emanuele-kabu-alla-sua-prima-personale-al-rojo-artspace-di-milano\/\" \/>\n<meta property=\"og:locale\" content=\"fr_FR\" \/>\n<meta property=\"og:type\" content=\"article\" \/>\n<meta property=\"og:title\" content=\"Emanuele Kabu alla sua prima personale al Rojo ArtSpace di Milano - Bellunopress - Dolomiti\" \/>\n<meta property=\"og:description\" content=\"Un criterio d\u2019ordine e semplicit\u00e0 informa l\u2019allestimento della prima personale di Emanuele Kabu (Belluno, 1978) presso lo spazio milanese di Rojo, in Zona Tortona. Da diversi anni ormai, l\u2019artista espande il proprio universo visivo integrando disegno, pittura, video, installazione e suono. Come gli artisti dell\u2019underground scene Usa degli anni \u201980 (Barry McGee su tutti), a [&hellip;]\" \/>\n<meta property=\"og:url\" content=\"https:\/\/www.bellunopress.it\/fr\/2009\/11\/07\/emanuele-kabu-alla-sua-prima-personale-al-rojo-artspace-di-milano\/\" \/>\n<meta property=\"og:site_name\" content=\"Bellunopress - Dolomiti\" \/>\n<meta property=\"article:publisher\" content=\"https:\/\/www.facebook.com\/profile.php?id=100008943462799\" \/>\n<meta property=\"article:published_time\" content=\"2009-11-07T14:24:26+00:00\" \/>\n<meta property=\"og:image\" content=\"http:\/\/www.bellunopress.it\/wp-content\/uploads\/2009\/11\/emanuele-kabu.jpg\" \/>\n<meta name=\"author\" content=\"redazione\" \/>\n<meta name=\"twitter:card\" content=\"summary_large_image\" \/>\n<meta name=\"twitter:creator\" content=\"@bellunopress\" \/>\n<meta name=\"twitter:site\" content=\"@bellunopress\" \/>\n<meta name=\"twitter:label1\" content=\"\u00c9crit par\" \/>\n\t<meta name=\"twitter:data1\" content=\"redazione\" \/>\n\t<meta name=\"twitter:label2\" content=\"Dur\u00e9e de lecture estim\u00e9e\" \/>\n\t<meta name=\"twitter:data2\" content=\"2 minutes\" \/>\n<script type=\"application\/ld+json\" class=\"yoast-schema-graph\">{\"@context\":\"https:\\\/\\\/schema.org\",\"@graph\":[{\"@type\":\"Article\",\"@id\":\"https:\\\/\\\/www.bellunopress.it\\\/2009\\\/11\\\/07\\\/emanuele-kabu-alla-sua-prima-personale-al-rojo-artspace-di-milano\\\/#article\",\"isPartOf\":{\"@id\":\"https:\\\/\\\/www.bellunopress.it\\\/2009\\\/11\\\/07\\\/emanuele-kabu-alla-sua-prima-personale-al-rojo-artspace-di-milano\\\/\"},\"author\":{\"name\":\"redazione\",\"@id\":\"https:\\\/\\\/www.bellunopress.it\\\/#\\\/schema\\\/person\\\/79bb06722b37ece1c03d3e94beb30d73\"},\"headline\":\"Emanuele Kabu alla sua prima personale al Rojo ArtSpace di Milano\",\"datePublished\":\"2009-11-07T14:24:26+00:00\",\"mainEntityOfPage\":{\"@id\":\"https:\\\/\\\/www.bellunopress.it\\\/2009\\\/11\\\/07\\\/emanuele-kabu-alla-sua-prima-personale-al-rojo-artspace-di-milano\\\/\"},\"wordCount\":504,\"publisher\":{\"@id\":\"https:\\\/\\\/www.bellunopress.it\\\/#organization\"},\"image\":{\"@id\":\"https:\\\/\\\/www.bellunopress.it\\\/2009\\\/11\\\/07\\\/emanuele-kabu-alla-sua-prima-personale-al-rojo-artspace-di-milano\\\/#primaryimage\"},\"thumbnailUrl\":\"http:\\\/\\\/www.bellunopress.it\\\/wp-content\\\/uploads\\\/2009\\\/11\\\/emanuele-kabu.jpg\",\"keywords\":[\"Belluno\"],\"articleSection\":[\"Arte, Cultura, Spettacoli, Scienza\",\"Pausa Caff\u00e8\"],\"inLanguage\":\"fr-FR\"},{\"@type\":\"WebPage\",\"@id\":\"https:\\\/\\\/www.bellunopress.it\\\/2009\\\/11\\\/07\\\/emanuele-kabu-alla-sua-prima-personale-al-rojo-artspace-di-milano\\\/\",\"url\":\"https:\\\/\\\/www.bellunopress.it\\\/2009\\\/11\\\/07\\\/emanuele-kabu-alla-sua-prima-personale-al-rojo-artspace-di-milano\\\/\",\"name\":\"Emanuele Kabu alla sua prima personale al Rojo ArtSpace di Milano - Bellunopress - Dolomiti\",\"isPartOf\":{\"@id\":\"https:\\\/\\\/www.bellunopress.it\\\/#website\"},\"primaryImageOfPage\":{\"@id\":\"https:\\\/\\\/www.bellunopress.it\\\/2009\\\/11\\\/07\\\/emanuele-kabu-alla-sua-prima-personale-al-rojo-artspace-di-milano\\\/#primaryimage\"},\"image\":{\"@id\":\"https:\\\/\\\/www.bellunopress.it\\\/2009\\\/11\\\/07\\\/emanuele-kabu-alla-sua-prima-personale-al-rojo-artspace-di-milano\\\/#primaryimage\"},\"thumbnailUrl\":\"http:\\\/\\\/www.bellunopress.it\\\/wp-content\\\/uploads\\\/2009\\\/11\\\/emanuele-kabu.jpg\",\"datePublished\":\"2009-11-07T14:24:26+00:00\",\"breadcrumb\":{\"@id\":\"https:\\\/\\\/www.bellunopress.it\\\/2009\\\/11\\\/07\\\/emanuele-kabu-alla-sua-prima-personale-al-rojo-artspace-di-milano\\\/#breadcrumb\"},\"inLanguage\":\"fr-FR\",\"potentialAction\":[{\"@type\":\"ReadAction\",\"target\":[\"https:\\\/\\\/www.bellunopress.it\\\/2009\\\/11\\\/07\\\/emanuele-kabu-alla-sua-prima-personale-al-rojo-artspace-di-milano\\\/\"]}]},{\"@type\":\"ImageObject\",\"inLanguage\":\"fr-FR\",\"@id\":\"https:\\\/\\\/www.bellunopress.it\\\/2009\\\/11\\\/07\\\/emanuele-kabu-alla-sua-prima-personale-al-rojo-artspace-di-milano\\\/#primaryimage\",\"url\":\"http:\\\/\\\/www.bellunopress.it\\\/wp-content\\\/uploads\\\/2009\\\/11\\\/emanuele-kabu.jpg\",\"contentUrl\":\"http:\\\/\\\/www.bellunopress.it\\\/wp-content\\\/uploads\\\/2009\\\/11\\\/emanuele-kabu.jpg\"},{\"@type\":\"BreadcrumbList\",\"@id\":\"https:\\\/\\\/www.bellunopress.it\\\/2009\\\/11\\\/07\\\/emanuele-kabu-alla-sua-prima-personale-al-rojo-artspace-di-milano\\\/#breadcrumb\",\"itemListElement\":[{\"@type\":\"ListItem\",\"position\":1,\"name\":\"Home\",\"item\":\"https:\\\/\\\/www.bellunopress.it\\\/\"},{\"@type\":\"ListItem\",\"position\":2,\"name\":\"Emanuele Kabu alla sua prima personale al Rojo ArtSpace di Milano\"}]},{\"@type\":\"WebSite\",\"@id\":\"https:\\\/\\\/www.bellunopress.it\\\/#website\",\"url\":\"https:\\\/\\\/www.bellunopress.it\\\/\",\"name\":\"Bellunopress - Dolomiti\",\"description\":\"e-mail: redazione@bellunopress.it\",\"publisher\":{\"@id\":\"https:\\\/\\\/www.bellunopress.it\\\/#organization\"},\"potentialAction\":[{\"@type\":\"SearchAction\",\"target\":{\"@type\":\"EntryPoint\",\"urlTemplate\":\"https:\\\/\\\/www.bellunopress.it\\\/?s={search_term_string}\"},\"query-input\":{\"@type\":\"PropertyValueSpecification\",\"valueRequired\":true,\"valueName\":\"search_term_string\"}}],\"inLanguage\":\"fr-FR\"},{\"@type\":\"Organization\",\"@id\":\"https:\\\/\\\/www.bellunopress.it\\\/#organization\",\"name\":\"Bellunopress\",\"url\":\"https:\\\/\\\/www.bellunopress.it\\\/\",\"logo\":{\"@type\":\"ImageObject\",\"inLanguage\":\"fr-FR\",\"@id\":\"https:\\\/\\\/www.bellunopress.it\\\/#\\\/schema\\\/logo\\\/image\\\/\",\"url\":\"https:\\\/\\\/www.bellunopress.it\\\/wp-content\\\/uploads\\\/2011\\\/05\\\/cropped-logo-bellunopress-.jpg\",\"contentUrl\":\"https:\\\/\\\/www.bellunopress.it\\\/wp-content\\\/uploads\\\/2011\\\/05\\\/cropped-logo-bellunopress-.jpg\",\"width\":512,\"height\":512,\"caption\":\"Bellunopress\"},\"image\":{\"@id\":\"https:\\\/\\\/www.bellunopress.it\\\/#\\\/schema\\\/logo\\\/image\\\/\"},\"sameAs\":[\"https:\\\/\\\/www.facebook.com\\\/profile.php?id=100008943462799\",\"https:\\\/\\\/x.com\\\/bellunopress\",\"https:\\\/\\\/www.linkedin.com\\\/hp\\\/?dnr=JBzUWaJfMUw8vbXJJ2tVW5-I3jZKvC4wsoxE&amp;amp;amp;amp;amp;amp;trk=nav_responsive_tab_home\",\"https:\\\/\\\/www.youtube.com\\\/channel\\\/UCxL0wu1uN0_3_7hGG0306cw\"]},{\"@type\":\"Person\",\"@id\":\"https:\\\/\\\/www.bellunopress.it\\\/#\\\/schema\\\/person\\\/79bb06722b37ece1c03d3e94beb30d73\",\"name\":\"redazione\",\"image\":{\"@type\":\"ImageObject\",\"inLanguage\":\"fr-FR\",\"@id\":\"https:\\\/\\\/secure.gravatar.com\\\/avatar\\\/37d968a2e67a6fd04c169c4bdef102d0bc5d31b2546345219e348575eb80e9a0?s=96&d=mm&r=g\",\"url\":\"https:\\\/\\\/secure.gravatar.com\\\/avatar\\\/37d968a2e67a6fd04c169c4bdef102d0bc5d31b2546345219e348575eb80e9a0?s=96&d=mm&r=g\",\"contentUrl\":\"https:\\\/\\\/secure.gravatar.com\\\/avatar\\\/37d968a2e67a6fd04c169c4bdef102d0bc5d31b2546345219e348575eb80e9a0?s=96&d=mm&r=g\",\"caption\":\"redazione\"},\"sameAs\":[\"http:\\\/\\\/www.bellunopress.it\",\"https:\\\/\\\/x.com\\\/bellunopress\"],\"url\":\"https:\\\/\\\/www.bellunopress.it\\\/fr\\\/author\\\/redazione\\\/\"}]}<\/script>\n<!-- \/ Yoast SEO plugin. -->","yoast_head_json":{"title":"Emanuele Kabu alla sua prima personale al Rojo ArtSpace di Milano - Bellunopress - Dolomiti","robots":{"index":"index","follow":"follow","max-snippet":"max-snippet:-1","max-image-preview":"max-image-preview:large","max-video-preview":"max-video-preview:-1"},"canonical":"https:\/\/www.bellunopress.it\/fr\/2009\/11\/07\/emanuele-kabu-alla-sua-prima-personale-al-rojo-artspace-di-milano\/","og_locale":"fr_FR","og_type":"article","og_title":"Emanuele Kabu alla sua prima personale al Rojo ArtSpace di Milano - Bellunopress - Dolomiti","og_description":"Un criterio d\u2019ordine e semplicit\u00e0 informa l\u2019allestimento della prima personale di Emanuele Kabu (Belluno, 1978) presso lo spazio milanese di Rojo, in Zona Tortona. Da diversi anni ormai, l\u2019artista espande il proprio universo visivo integrando disegno, pittura, video, installazione e suono. Come gli artisti dell\u2019underground scene Usa degli anni \u201980 (Barry McGee su tutti), a [&hellip;]","og_url":"https:\/\/www.bellunopress.it\/fr\/2009\/11\/07\/emanuele-kabu-alla-sua-prima-personale-al-rojo-artspace-di-milano\/","og_site_name":"Bellunopress - Dolomiti","article_publisher":"https:\/\/www.facebook.com\/profile.php?id=100008943462799","article_published_time":"2009-11-07T14:24:26+00:00","og_image":[{"url":"http:\/\/www.bellunopress.it\/wp-content\/uploads\/2009\/11\/emanuele-kabu.jpg","type":"","width":"","height":""}],"author":"redazione","twitter_card":"summary_large_image","twitter_creator":"@bellunopress","twitter_site":"@bellunopress","twitter_misc":{"\u00c9crit par":"redazione","Dur\u00e9e de lecture estim\u00e9e":"2 minutes"},"schema":{"@context":"https:\/\/schema.org","@graph":[{"@type":"Article","@id":"https:\/\/www.bellunopress.it\/2009\/11\/07\/emanuele-kabu-alla-sua-prima-personale-al-rojo-artspace-di-milano\/#article","isPartOf":{"@id":"https:\/\/www.bellunopress.it\/2009\/11\/07\/emanuele-kabu-alla-sua-prima-personale-al-rojo-artspace-di-milano\/"},"author":{"name":"redazione","@id":"https:\/\/www.bellunopress.it\/#\/schema\/person\/79bb06722b37ece1c03d3e94beb30d73"},"headline":"Emanuele Kabu alla sua prima personale al Rojo ArtSpace di Milano","datePublished":"2009-11-07T14:24:26+00:00","mainEntityOfPage":{"@id":"https:\/\/www.bellunopress.it\/2009\/11\/07\/emanuele-kabu-alla-sua-prima-personale-al-rojo-artspace-di-milano\/"},"wordCount":504,"publisher":{"@id":"https:\/\/www.bellunopress.it\/#organization"},"image":{"@id":"https:\/\/www.bellunopress.it\/2009\/11\/07\/emanuele-kabu-alla-sua-prima-personale-al-rojo-artspace-di-milano\/#primaryimage"},"thumbnailUrl":"http:\/\/www.bellunopress.it\/wp-content\/uploads\/2009\/11\/emanuele-kabu.jpg","keywords":["Belluno"],"articleSection":["Arte, Cultura, Spettacoli, Scienza","Pausa Caff\u00e8"],"inLanguage":"fr-FR"},{"@type":"WebPage","@id":"https:\/\/www.bellunopress.it\/2009\/11\/07\/emanuele-kabu-alla-sua-prima-personale-al-rojo-artspace-di-milano\/","url":"https:\/\/www.bellunopress.it\/2009\/11\/07\/emanuele-kabu-alla-sua-prima-personale-al-rojo-artspace-di-milano\/","name":"Emanuele Kabu alla sua prima personale al Rojo ArtSpace di Milano - Bellunopress - Dolomiti","isPartOf":{"@id":"https:\/\/www.bellunopress.it\/#website"},"primaryImageOfPage":{"@id":"https:\/\/www.bellunopress.it\/2009\/11\/07\/emanuele-kabu-alla-sua-prima-personale-al-rojo-artspace-di-milano\/#primaryimage"},"image":{"@id":"https:\/\/www.bellunopress.it\/2009\/11\/07\/emanuele-kabu-alla-sua-prima-personale-al-rojo-artspace-di-milano\/#primaryimage"},"thumbnailUrl":"http:\/\/www.bellunopress.it\/wp-content\/uploads\/2009\/11\/emanuele-kabu.jpg","datePublished":"2009-11-07T14:24:26+00:00","breadcrumb":{"@id":"https:\/\/www.bellunopress.it\/2009\/11\/07\/emanuele-kabu-alla-sua-prima-personale-al-rojo-artspace-di-milano\/#breadcrumb"},"inLanguage":"fr-FR","potentialAction":[{"@type":"ReadAction","target":["https:\/\/www.bellunopress.it\/2009\/11\/07\/emanuele-kabu-alla-sua-prima-personale-al-rojo-artspace-di-milano\/"]}]},{"@type":"ImageObject","inLanguage":"fr-FR","@id":"https:\/\/www.bellunopress.it\/2009\/11\/07\/emanuele-kabu-alla-sua-prima-personale-al-rojo-artspace-di-milano\/#primaryimage","url":"http:\/\/www.bellunopress.it\/wp-content\/uploads\/2009\/11\/emanuele-kabu.jpg","contentUrl":"http:\/\/www.bellunopress.it\/wp-content\/uploads\/2009\/11\/emanuele-kabu.jpg"},{"@type":"BreadcrumbList","@id":"https:\/\/www.bellunopress.it\/2009\/11\/07\/emanuele-kabu-alla-sua-prima-personale-al-rojo-artspace-di-milano\/#breadcrumb","itemListElement":[{"@type":"ListItem","position":1,"name":"Home","item":"https:\/\/www.bellunopress.it\/"},{"@type":"ListItem","position":2,"name":"Emanuele Kabu alla sua prima personale al Rojo ArtSpace di Milano"}]},{"@type":"WebSite","@id":"https:\/\/www.bellunopress.it\/#website","url":"https:\/\/www.bellunopress.it\/","name":"Bellunopress - Dolomiti","description":"e-mail: redazione@bellunopress.it","publisher":{"@id":"https:\/\/www.bellunopress.it\/#organization"},"potentialAction":[{"@type":"SearchAction","target":{"@type":"EntryPoint","urlTemplate":"https:\/\/www.bellunopress.it\/?s={search_term_string}"},"query-input":{"@type":"PropertyValueSpecification","valueRequired":true,"valueName":"search_term_string"}}],"inLanguage":"fr-FR"},{"@type":"Organization","@id":"https:\/\/www.bellunopress.it\/#organization","name":"Bellunopress","url":"https:\/\/www.bellunopress.it\/","logo":{"@type":"ImageObject","inLanguage":"fr-FR","@id":"https:\/\/www.bellunopress.it\/#\/schema\/logo\/image\/","url":"https:\/\/www.bellunopress.it\/wp-content\/uploads\/2011\/05\/cropped-logo-bellunopress-.jpg","contentUrl":"https:\/\/www.bellunopress.it\/wp-content\/uploads\/2011\/05\/cropped-logo-bellunopress-.jpg","width":512,"height":512,"caption":"Bellunopress"},"image":{"@id":"https:\/\/www.bellunopress.it\/#\/schema\/logo\/image\/"},"sameAs":["https:\/\/www.facebook.com\/profile.php?id=100008943462799","https:\/\/x.com\/bellunopress","https:\/\/www.linkedin.com\/hp\/?dnr=JBzUWaJfMUw8vbXJJ2tVW5-I3jZKvC4wsoxE&amp;amp;amp;amp;amp;amp;trk=nav_responsive_tab_home","https:\/\/www.youtube.com\/channel\/UCxL0wu1uN0_3_7hGG0306cw"]},{"@type":"Person","@id":"https:\/\/www.bellunopress.it\/#\/schema\/person\/79bb06722b37ece1c03d3e94beb30d73","name":"r\u00e9daction","image":{"@type":"ImageObject","inLanguage":"fr-FR","@id":"https:\/\/secure.gravatar.com\/avatar\/37d968a2e67a6fd04c169c4bdef102d0bc5d31b2546345219e348575eb80e9a0?s=96&d=mm&r=g","url":"https:\/\/secure.gravatar.com\/avatar\/37d968a2e67a6fd04c169c4bdef102d0bc5d31b2546345219e348575eb80e9a0?s=96&d=mm&r=g","contentUrl":"https:\/\/secure.gravatar.com\/avatar\/37d968a2e67a6fd04c169c4bdef102d0bc5d31b2546345219e348575eb80e9a0?s=96&d=mm&r=g","caption":"redazione"},"sameAs":["http:\/\/www.bellunopress.it","https:\/\/x.com\/bellunopress"],"url":"https:\/\/www.bellunopress.it\/fr\/author\/redazione\/"}]}},"_links":{"self":[{"href":"https:\/\/www.bellunopress.it\/fr\/wp-json\/wp\/v2\/posts\/9539","targetHints":{"allow":["GET"]}}],"collection":[{"href":"https:\/\/www.bellunopress.it\/fr\/wp-json\/wp\/v2\/posts"}],"about":[{"href":"https:\/\/www.bellunopress.it\/fr\/wp-json\/wp\/v2\/types\/post"}],"author":[{"embeddable":true,"href":"https:\/\/www.bellunopress.it\/fr\/wp-json\/wp\/v2\/users\/2"}],"replies":[{"embeddable":true,"href":"https:\/\/www.bellunopress.it\/fr\/wp-json\/wp\/v2\/comments?post=9539"}],"version-history":[{"count":1,"href":"https:\/\/www.bellunopress.it\/fr\/wp-json\/wp\/v2\/posts\/9539\/revisions"}],"predecessor-version":[{"id":9541,"href":"https:\/\/www.bellunopress.it\/fr\/wp-json\/wp\/v2\/posts\/9539\/revisions\/9541"}],"wp:attachment":[{"href":"https:\/\/www.bellunopress.it\/fr\/wp-json\/wp\/v2\/media?parent=9539"}],"wp:term":[{"taxonomy":"category","embeddable":true,"href":"https:\/\/www.bellunopress.it\/fr\/wp-json\/wp\/v2\/categories?post=9539"},{"taxonomy":"post_tag","embeddable":true,"href":"https:\/\/www.bellunopress.it\/fr\/wp-json\/wp\/v2\/tags?post=9539"}],"curies":[{"name":"wp","href":"https:\/\/api.w.org\/{rel}","templated":true}]}}