{"id":9534,"date":"2009-11-07T11:43:29","date_gmt":"2009-11-07T10:43:29","guid":{"rendered":"http:\/\/www.bellunopress.it\/?p=9534"},"modified":"2009-11-07T11:51:11","modified_gmt":"2009-11-07T10:51:11","slug":"il-bollettino-epidemiologico-a-cura-delluls-1-belluno-ci-si-vaccina-anche-in-altri-comuni","status":"publish","type":"post","link":"https:\/\/www.bellunopress.it\/fr\/2009\/11\/07\/il-bollettino-epidemiologico-a-cura-delluls-1-belluno-ci-si-vaccina-anche-in-altri-comuni\/","title":{"rendered":"Ecco il bollettino epidemiologico a cura dell&#8217;Uls 1 Belluno, ci si vaccina anche in altri Comuni"},"content":{"rendered":"<p>Andamento della influenza\u00a0 In Europa continua ad aumentare l\u2019incidenza di casi di influenza ed alcuni Paesi Europei hanno osservato un anticipo dell\u2019epidemia influenzale ed un\u2019alta incidenza del virus influenzale pandemico A\/H1N1.\u00a0 In Italia l\u2019incidenza dell\u2019influenza AH1N1 nella settimana dal 26 ottobre al 1 novembre \u00e8 pari allo 0,9% della popolazione ed i decessi risultano 100 volte inferiori rispetto a quelli della normale influenza. A livello regionale la Campania \u00e8 la regione pi\u00f9 colpita seguita dalla Lombardia.<br \/>\nNell\u2019ULSS 1 di Belluno la sorveglianza epidemiologica dell\u2019influenza, nell\u2019ultima settimana di ottobre, ha evidenziato un numero di casi ancora molto basso; per nessuno dei casi \u00e8 stata richiesta conferma in laboratorio.<br \/>\n<strong>Campagna di vaccinazione contro la nuova influenza\u00a0 A\/H1N1<\/strong><br \/>\nLa campagna vaccinale per fronteggiare l\u2019ondata epidemica di influenza A\/H1N1 nell\u2019ULSS 1 \u00e8 iniziata il giorno 4 novembre nelle sedi ambulatoriali di Agordo e Pieve di Cadore, mentre a Belluno e negli ospedali ha preso avvio il giorno 5.<br \/>\nL\u2019offerta vaccinale contro l\u2019influenza A\/H1N1, affidata al Servizio Igiene e Sanit\u00e0 Pubblica ed alla medicina preventiva aziendale per il personale ospedaliero, viene rivolta prioritariamente alle categorie di persone individuate nelle disposizioni ministeriali e regionali.<br \/>\nL\u2019adesione alla vaccinazione presso le sedi ambulatoriali territoriali individuate \u00e8 stata buona e l\u2019organizzazione \u00e8 risultata adeguata.<br \/>\nLe categorie interessate nella prima settimana sono stati gli operatori sanitari, i bambini affetti da patologie e le donne in gravidanza.<\/p>\n<p>Dalla settimana prossima l\u2019offerta verr\u00e0 estesa anche agli adulti fino a 64 anni affetti da patologie con un aumento del numero delle sedi ambulatoriali dedicate e degli orari di apertura.<\/p>\n<p><strong>Sabato Belluno<\/strong><\/p>\n<p>Via Feltre, 57 Tel. 04375167899-13<br \/>\n<strong>Puos d\u2019Alpago<\/strong><br \/>\nP.zza Papa<br \/>\nLuciani, 4<br \/>\nTel. 0437-454031 8.30 &#8211; 10<br \/>\n8.30 &#8211; 10<br \/>\n<strong>Longarone<\/strong><br \/>\nVia Polla, 2<br \/>\nTel. 0437-770245 14.30 &#8211; 16.30<br \/>\n8.30 &#8211; 10<br \/>\n<strong>Forno di Zoldo<\/strong><br \/>\nVia Marconi, 15<br \/>\nTel. 0437-787249<br \/>\n14.30 &#8211; 16<br \/>\n<strong>Agordo<\/strong><br \/>\nVia Fadig\u00e0, 2<br \/>\nTel. 0437- 645235<br \/>\n10-13<br \/>\n14-16 10-13<br \/>\n14-16 10-12<br \/>\n<strong>Pieve di Cadore<\/strong><br \/>\nVia degli Alpini, 35<br \/>\nTel. 0435-341443<br \/>\n10-13<br \/>\n14-16 10-13<br \/>\n14-16<br \/>\n<strong>Cortina<\/strong><br \/>\nVia C. Battisti, 40<br \/>\nTel. 0436-863724<br \/>\n9-12<br \/>\n<strong>Auronzo<\/strong><br \/>\nP.zza S. Giustina<br \/>\nTel. 0435-4041<br \/>\n8.30 &#8211; 10<br \/>\n<strong>Santo Stefano<\/strong><br \/>\nVia Dante<br \/>\nTel. 0435-62438<br \/>\n14.30 &#8211; 16<\/p>\n<p><strong>La vaccinazione \u00e8 uno strumento efficace e sicuro e rappresenta il modo migliore per prevenire l\u2019influenza e le sue complicanze.<\/strong><br \/>\nSi invita pertanto la popolazione interessata in questa prima fase:<br \/>\n&#8211; personale sanitario e socio sanitario (secondo indicazioni regionali)<br \/>\n&#8211; donne in gravidanza (2\u00b0 e 3\u00b0 trimestre)<br \/>\n&#8211;\u00a0\u00a0\u00a0\u00a0 bambini di et\u00e0 &gt; 6 mesi e adulti fino a 64 anni con patologia a rischio di complicanze<br \/>\nad aderire all\u2019offerta vaccinale.<br \/>\nOgni persona che intende sottoporsi a vaccinazione dovr\u00e0 presentarsi nelle sedi indicate con tessera sanitaria con codice a barre e cartellino identificativo della categoria di appartenenza (es. cartellino di esenzione o impegnativa del medico per le categorie a rischio)<br \/>\nNel sito web aziendale www.ulss.belluno.it \u00e8 pubblicato il calendario aggiornato e le sedi di vaccinazione per ciascuna categoria destinataria.<\/p>","protected":false},"excerpt":{"rendered":"<p>Andamento della influenza\u00a0 In Europa continua ad aumentare l\u2019incidenza di casi di influenza ed alcuni Paesi Europei hanno osservato un anticipo dell\u2019epidemia influenzale ed un\u2019alta incidenza del virus influenzale pandemico A\/H1N1.\u00a0 In Italia l\u2019incidenza dell\u2019influenza AH1N1 nella settimana dal 26 ottobre al 1 novembre \u00e8 pari allo 0,9% della popolazione ed i decessi risultano 100 [&hellip;]<\/p>\n","protected":false},"author":2,"featured_media":0,"comment_status":"closed","ping_status":"open","sticky":false,"template":"","format":"standard","meta":{"footnotes":""},"categories":[26,17],"tags":[3050],"class_list":["post-9534","post","type-post","status-publish","format-standard","category-prima-pagina","category-sanita","tag-sanita"],"yoast_head":"<!-- This site is optimized with the Yoast SEO plugin v28.4 - https:\/\/yoast.com\/product\/yoast-seo-wordpress\/ -->\n<title>Ecco il bollettino epidemiologico a cura dell&#039;Uls 1 Belluno, ci si vaccina anche in altri Comuni - Bellunopress - Dolomiti<\/title>\n<meta name=\"robots\" content=\"index, follow, max-snippet:-1, max-image-preview:large, max-video-preview:-1\" \/>\n<link rel=\"canonical\" href=\"https:\/\/www.bellunopress.it\/fr\/2009\/11\/07\/il-bollettino-epidemiologico-a-cura-delluls-1-belluno-ci-si-vaccina-anche-in-altri-comuni\/\" \/>\n<meta property=\"og:locale\" content=\"fr_FR\" \/>\n<meta property=\"og:type\" content=\"article\" \/>\n<meta property=\"og:title\" content=\"Ecco il bollettino epidemiologico a cura dell&#039;Uls 1 Belluno, ci si vaccina anche in altri Comuni - Bellunopress - Dolomiti\" \/>\n<meta property=\"og:description\" content=\"Andamento della influenza\u00a0 In Europa continua ad aumentare l\u2019incidenza di casi di influenza ed alcuni Paesi Europei hanno osservato un anticipo dell\u2019epidemia influenzale ed un\u2019alta incidenza del virus influenzale pandemico A\/H1N1.\u00a0 In Italia l\u2019incidenza dell\u2019influenza AH1N1 nella settimana dal 26 ottobre al 1 novembre \u00e8 pari allo 0,9% della popolazione ed i decessi risultano 100 [&hellip;]\" \/>\n<meta property=\"og:url\" content=\"https:\/\/www.bellunopress.it\/fr\/2009\/11\/07\/il-bollettino-epidemiologico-a-cura-delluls-1-belluno-ci-si-vaccina-anche-in-altri-comuni\/\" \/>\n<meta property=\"og:site_name\" content=\"Bellunopress - Dolomiti\" \/>\n<meta property=\"article:publisher\" content=\"https:\/\/www.facebook.com\/profile.php?id=100008943462799\" \/>\n<meta property=\"article:published_time\" content=\"2009-11-07T10:43:29+00:00\" \/>\n<meta property=\"article:modified_time\" content=\"2009-11-07T10:51:11+00:00\" \/>\n<meta property=\"og:image\" content=\"http:\/\/www.bellunopress.it\/wp-content\/uploads\/2012\/07\/logo-bellunopress-250x250-2012.jpg\" \/>\n<meta name=\"author\" content=\"redazione\" \/>\n<meta name=\"twitter:card\" content=\"summary_large_image\" \/>\n<meta name=\"twitter:creator\" content=\"@bellunopress\" \/>\n<meta name=\"twitter:site\" content=\"@bellunopress\" \/>\n<meta name=\"twitter:label1\" content=\"\u00c9crit par\" \/>\n\t<meta name=\"twitter:data1\" content=\"redazione\" \/>\n\t<meta name=\"twitter:label2\" content=\"Dur\u00e9e de lecture estim\u00e9e\" \/>\n\t<meta name=\"twitter:data2\" content=\"2 minutes\" \/>\n<script type=\"application\/ld+json\" class=\"yoast-schema-graph\">{\"@context\":\"https:\\\/\\\/schema.org\",\"@graph\":[{\"@type\":\"Article\",\"@id\":\"https:\\\/\\\/www.bellunopress.it\\\/2009\\\/11\\\/07\\\/il-bollettino-epidemiologico-a-cura-delluls-1-belluno-ci-si-vaccina-anche-in-altri-comuni\\\/#article\",\"isPartOf\":{\"@id\":\"https:\\\/\\\/www.bellunopress.it\\\/2009\\\/11\\\/07\\\/il-bollettino-epidemiologico-a-cura-delluls-1-belluno-ci-si-vaccina-anche-in-altri-comuni\\\/\"},\"author\":{\"name\":\"redazione\",\"@id\":\"https:\\\/\\\/www.bellunopress.it\\\/#\\\/schema\\\/person\\\/79bb06722b37ece1c03d3e94beb30d73\"},\"headline\":\"Ecco il bollettino epidemiologico a cura dell&#8217;Uls 1 Belluno, ci si vaccina anche in altri Comuni\",\"datePublished\":\"2009-11-07T10:43:29+00:00\",\"dateModified\":\"2009-11-07T10:51:11+00:00\",\"mainEntityOfPage\":{\"@id\":\"https:\\\/\\\/www.bellunopress.it\\\/2009\\\/11\\\/07\\\/il-bollettino-epidemiologico-a-cura-delluls-1-belluno-ci-si-vaccina-anche-in-altri-comuni\\\/\"},\"wordCount\":484,\"publisher\":{\"@id\":\"https:\\\/\\\/www.bellunopress.it\\\/#organization\"},\"keywords\":[\"Sanit\u00e0\"],\"articleSection\":[\"Prima Pagina\",\"Sanit\u00e0 Medicina\"],\"inLanguage\":\"fr-FR\"},{\"@type\":\"WebPage\",\"@id\":\"https:\\\/\\\/www.bellunopress.it\\\/2009\\\/11\\\/07\\\/il-bollettino-epidemiologico-a-cura-delluls-1-belluno-ci-si-vaccina-anche-in-altri-comuni\\\/\",\"url\":\"https:\\\/\\\/www.bellunopress.it\\\/2009\\\/11\\\/07\\\/il-bollettino-epidemiologico-a-cura-delluls-1-belluno-ci-si-vaccina-anche-in-altri-comuni\\\/\",\"name\":\"Ecco il bollettino epidemiologico a cura dell'Uls 1 Belluno, ci si vaccina anche in altri Comuni - Bellunopress - Dolomiti\",\"isPartOf\":{\"@id\":\"https:\\\/\\\/www.bellunopress.it\\\/#website\"},\"datePublished\":\"2009-11-07T10:43:29+00:00\",\"dateModified\":\"2009-11-07T10:51:11+00:00\",\"breadcrumb\":{\"@id\":\"https:\\\/\\\/www.bellunopress.it\\\/2009\\\/11\\\/07\\\/il-bollettino-epidemiologico-a-cura-delluls-1-belluno-ci-si-vaccina-anche-in-altri-comuni\\\/#breadcrumb\"},\"inLanguage\":\"fr-FR\",\"potentialAction\":[{\"@type\":\"ReadAction\",\"target\":[\"https:\\\/\\\/www.bellunopress.it\\\/2009\\\/11\\\/07\\\/il-bollettino-epidemiologico-a-cura-delluls-1-belluno-ci-si-vaccina-anche-in-altri-comuni\\\/\"]}]},{\"@type\":\"BreadcrumbList\",\"@id\":\"https:\\\/\\\/www.bellunopress.it\\\/2009\\\/11\\\/07\\\/il-bollettino-epidemiologico-a-cura-delluls-1-belluno-ci-si-vaccina-anche-in-altri-comuni\\\/#breadcrumb\",\"itemListElement\":[{\"@type\":\"ListItem\",\"position\":1,\"name\":\"Home\",\"item\":\"https:\\\/\\\/www.bellunopress.it\\\/\"},{\"@type\":\"ListItem\",\"position\":2,\"name\":\"Ecco il bollettino epidemiologico a cura dell&#8217;Uls 1 Belluno, ci si vaccina anche in altri Comuni\"}]},{\"@type\":\"WebSite\",\"@id\":\"https:\\\/\\\/www.bellunopress.it\\\/#website\",\"url\":\"https:\\\/\\\/www.bellunopress.it\\\/\",\"name\":\"Bellunopress - Dolomiti\",\"description\":\"e-mail: redazione@bellunopress.it\",\"publisher\":{\"@id\":\"https:\\\/\\\/www.bellunopress.it\\\/#organization\"},\"potentialAction\":[{\"@type\":\"SearchAction\",\"target\":{\"@type\":\"EntryPoint\",\"urlTemplate\":\"https:\\\/\\\/www.bellunopress.it\\\/?s={search_term_string}\"},\"query-input\":{\"@type\":\"PropertyValueSpecification\",\"valueRequired\":true,\"valueName\":\"search_term_string\"}}],\"inLanguage\":\"fr-FR\"},{\"@type\":\"Organization\",\"@id\":\"https:\\\/\\\/www.bellunopress.it\\\/#organization\",\"name\":\"Bellunopress\",\"url\":\"https:\\\/\\\/www.bellunopress.it\\\/\",\"logo\":{\"@type\":\"ImageObject\",\"inLanguage\":\"fr-FR\",\"@id\":\"https:\\\/\\\/www.bellunopress.it\\\/#\\\/schema\\\/logo\\\/image\\\/\",\"url\":\"https:\\\/\\\/www.bellunopress.it\\\/wp-content\\\/uploads\\\/2011\\\/05\\\/cropped-logo-bellunopress-.jpg\",\"contentUrl\":\"https:\\\/\\\/www.bellunopress.it\\\/wp-content\\\/uploads\\\/2011\\\/05\\\/cropped-logo-bellunopress-.jpg\",\"width\":512,\"height\":512,\"caption\":\"Bellunopress\"},\"image\":{\"@id\":\"https:\\\/\\\/www.bellunopress.it\\\/#\\\/schema\\\/logo\\\/image\\\/\"},\"sameAs\":[\"https:\\\/\\\/www.facebook.com\\\/profile.php?id=100008943462799\",\"https:\\\/\\\/x.com\\\/bellunopress\",\"https:\\\/\\\/www.linkedin.com\\\/hp\\\/?dnr=JBzUWaJfMUw8vbXJJ2tVW5-I3jZKvC4wsoxE&amp;amp;amp;amp;amp;amp;trk=nav_responsive_tab_home\",\"https:\\\/\\\/www.youtube.com\\\/channel\\\/UCxL0wu1uN0_3_7hGG0306cw\"]},{\"@type\":\"Person\",\"@id\":\"https:\\\/\\\/www.bellunopress.it\\\/#\\\/schema\\\/person\\\/79bb06722b37ece1c03d3e94beb30d73\",\"name\":\"redazione\",\"image\":{\"@type\":\"ImageObject\",\"inLanguage\":\"fr-FR\",\"@id\":\"https:\\\/\\\/secure.gravatar.com\\\/avatar\\\/37d968a2e67a6fd04c169c4bdef102d0bc5d31b2546345219e348575eb80e9a0?s=96&d=mm&r=g\",\"url\":\"https:\\\/\\\/secure.gravatar.com\\\/avatar\\\/37d968a2e67a6fd04c169c4bdef102d0bc5d31b2546345219e348575eb80e9a0?s=96&d=mm&r=g\",\"contentUrl\":\"https:\\\/\\\/secure.gravatar.com\\\/avatar\\\/37d968a2e67a6fd04c169c4bdef102d0bc5d31b2546345219e348575eb80e9a0?s=96&d=mm&r=g\",\"caption\":\"redazione\"},\"sameAs\":[\"http:\\\/\\\/www.bellunopress.it\",\"https:\\\/\\\/x.com\\\/bellunopress\"],\"url\":\"https:\\\/\\\/www.bellunopress.it\\\/fr\\\/author\\\/redazione\\\/\"}]}<\/script>\n<!-- \/ Yoast SEO plugin. -->","yoast_head_json":{"title":"Ecco il bollettino epidemiologico a cura dell'Uls 1 Belluno, ci si vaccina anche in altri Comuni - Bellunopress - Dolomiti","robots":{"index":"index","follow":"follow","max-snippet":"max-snippet:-1","max-image-preview":"max-image-preview:large","max-video-preview":"max-video-preview:-1"},"canonical":"https:\/\/www.bellunopress.it\/fr\/2009\/11\/07\/il-bollettino-epidemiologico-a-cura-delluls-1-belluno-ci-si-vaccina-anche-in-altri-comuni\/","og_locale":"fr_FR","og_type":"article","og_title":"Ecco il bollettino epidemiologico a cura dell'Uls 1 Belluno, ci si vaccina anche in altri Comuni - Bellunopress - Dolomiti","og_description":"Andamento della influenza\u00a0 In Europa continua ad aumentare l\u2019incidenza di casi di influenza ed alcuni Paesi Europei hanno osservato un anticipo dell\u2019epidemia influenzale ed un\u2019alta incidenza del virus influenzale pandemico A\/H1N1.\u00a0 In Italia l\u2019incidenza dell\u2019influenza AH1N1 nella settimana dal 26 ottobre al 1 novembre \u00e8 pari allo 0,9% della popolazione ed i decessi risultano 100 [&hellip;]","og_url":"https:\/\/www.bellunopress.it\/fr\/2009\/11\/07\/il-bollettino-epidemiologico-a-cura-delluls-1-belluno-ci-si-vaccina-anche-in-altri-comuni\/","og_site_name":"Bellunopress - Dolomiti","article_publisher":"https:\/\/www.facebook.com\/profile.php?id=100008943462799","article_published_time":"2009-11-07T10:43:29+00:00","article_modified_time":"2009-11-07T10:51:11+00:00","og_image":[{"url":"http:\/\/www.bellunopress.it\/wp-content\/uploads\/2012\/07\/logo-bellunopress-250x250-2012.jpg","type":"","width":"","height":""}],"author":"redazione","twitter_card":"summary_large_image","twitter_creator":"@bellunopress","twitter_site":"@bellunopress","twitter_misc":{"\u00c9crit par":"redazione","Dur\u00e9e de lecture estim\u00e9e":"2 minutes"},"schema":{"@context":"https:\/\/schema.org","@graph":[{"@type":"Article","@id":"https:\/\/www.bellunopress.it\/2009\/11\/07\/il-bollettino-epidemiologico-a-cura-delluls-1-belluno-ci-si-vaccina-anche-in-altri-comuni\/#article","isPartOf":{"@id":"https:\/\/www.bellunopress.it\/2009\/11\/07\/il-bollettino-epidemiologico-a-cura-delluls-1-belluno-ci-si-vaccina-anche-in-altri-comuni\/"},"author":{"name":"redazione","@id":"https:\/\/www.bellunopress.it\/#\/schema\/person\/79bb06722b37ece1c03d3e94beb30d73"},"headline":"Ecco il bollettino epidemiologico a cura dell&#8217;Uls 1 Belluno, ci si vaccina anche in altri Comuni","datePublished":"2009-11-07T10:43:29+00:00","dateModified":"2009-11-07T10:51:11+00:00","mainEntityOfPage":{"@id":"https:\/\/www.bellunopress.it\/2009\/11\/07\/il-bollettino-epidemiologico-a-cura-delluls-1-belluno-ci-si-vaccina-anche-in-altri-comuni\/"},"wordCount":484,"publisher":{"@id":"https:\/\/www.bellunopress.it\/#organization"},"keywords":["Sanit\u00e0"],"articleSection":["Prima Pagina","Sanit\u00e0 Medicina"],"inLanguage":"fr-FR"},{"@type":"WebPage","@id":"https:\/\/www.bellunopress.it\/2009\/11\/07\/il-bollettino-epidemiologico-a-cura-delluls-1-belluno-ci-si-vaccina-anche-in-altri-comuni\/","url":"https:\/\/www.bellunopress.it\/2009\/11\/07\/il-bollettino-epidemiologico-a-cura-delluls-1-belluno-ci-si-vaccina-anche-in-altri-comuni\/","name":"Ecco il bollettino epidemiologico a cura dell'Uls 1 Belluno, ci si vaccina anche in altri Comuni - Bellunopress - Dolomiti","isPartOf":{"@id":"https:\/\/www.bellunopress.it\/#website"},"datePublished":"2009-11-07T10:43:29+00:00","dateModified":"2009-11-07T10:51:11+00:00","breadcrumb":{"@id":"https:\/\/www.bellunopress.it\/2009\/11\/07\/il-bollettino-epidemiologico-a-cura-delluls-1-belluno-ci-si-vaccina-anche-in-altri-comuni\/#breadcrumb"},"inLanguage":"fr-FR","potentialAction":[{"@type":"ReadAction","target":["https:\/\/www.bellunopress.it\/2009\/11\/07\/il-bollettino-epidemiologico-a-cura-delluls-1-belluno-ci-si-vaccina-anche-in-altri-comuni\/"]}]},{"@type":"BreadcrumbList","@id":"https:\/\/www.bellunopress.it\/2009\/11\/07\/il-bollettino-epidemiologico-a-cura-delluls-1-belluno-ci-si-vaccina-anche-in-altri-comuni\/#breadcrumb","itemListElement":[{"@type":"ListItem","position":1,"name":"Home","item":"https:\/\/www.bellunopress.it\/"},{"@type":"ListItem","position":2,"name":"Ecco il bollettino epidemiologico a cura dell&#8217;Uls 1 Belluno, ci si vaccina anche in altri Comuni"}]},{"@type":"WebSite","@id":"https:\/\/www.bellunopress.it\/#website","url":"https:\/\/www.bellunopress.it\/","name":"Bellunopress - Dolomiti","description":"e-mail: redazione@bellunopress.it","publisher":{"@id":"https:\/\/www.bellunopress.it\/#organization"},"potentialAction":[{"@type":"SearchAction","target":{"@type":"EntryPoint","urlTemplate":"https:\/\/www.bellunopress.it\/?s={search_term_string}"},"query-input":{"@type":"PropertyValueSpecification","valueRequired":true,"valueName":"search_term_string"}}],"inLanguage":"fr-FR"},{"@type":"Organization","@id":"https:\/\/www.bellunopress.it\/#organization","name":"Bellunopress","url":"https:\/\/www.bellunopress.it\/","logo":{"@type":"ImageObject","inLanguage":"fr-FR","@id":"https:\/\/www.bellunopress.it\/#\/schema\/logo\/image\/","url":"https:\/\/www.bellunopress.it\/wp-content\/uploads\/2011\/05\/cropped-logo-bellunopress-.jpg","contentUrl":"https:\/\/www.bellunopress.it\/wp-content\/uploads\/2011\/05\/cropped-logo-bellunopress-.jpg","width":512,"height":512,"caption":"Bellunopress"},"image":{"@id":"https:\/\/www.bellunopress.it\/#\/schema\/logo\/image\/"},"sameAs":["https:\/\/www.facebook.com\/profile.php?id=100008943462799","https:\/\/x.com\/bellunopress","https:\/\/www.linkedin.com\/hp\/?dnr=JBzUWaJfMUw8vbXJJ2tVW5-I3jZKvC4wsoxE&amp;amp;amp;amp;amp;amp;trk=nav_responsive_tab_home","https:\/\/www.youtube.com\/channel\/UCxL0wu1uN0_3_7hGG0306cw"]},{"@type":"Person","@id":"https:\/\/www.bellunopress.it\/#\/schema\/person\/79bb06722b37ece1c03d3e94beb30d73","name":"r\u00e9daction","image":{"@type":"ImageObject","inLanguage":"fr-FR","@id":"https:\/\/secure.gravatar.com\/avatar\/37d968a2e67a6fd04c169c4bdef102d0bc5d31b2546345219e348575eb80e9a0?s=96&d=mm&r=g","url":"https:\/\/secure.gravatar.com\/avatar\/37d968a2e67a6fd04c169c4bdef102d0bc5d31b2546345219e348575eb80e9a0?s=96&d=mm&r=g","contentUrl":"https:\/\/secure.gravatar.com\/avatar\/37d968a2e67a6fd04c169c4bdef102d0bc5d31b2546345219e348575eb80e9a0?s=96&d=mm&r=g","caption":"redazione"},"sameAs":["http:\/\/www.bellunopress.it","https:\/\/x.com\/bellunopress"],"url":"https:\/\/www.bellunopress.it\/fr\/author\/redazione\/"}]}},"_links":{"self":[{"href":"https:\/\/www.bellunopress.it\/fr\/wp-json\/wp\/v2\/posts\/9534","targetHints":{"allow":["GET"]}}],"collection":[{"href":"https:\/\/www.bellunopress.it\/fr\/wp-json\/wp\/v2\/posts"}],"about":[{"href":"https:\/\/www.bellunopress.it\/fr\/wp-json\/wp\/v2\/types\/post"}],"author":[{"embeddable":true,"href":"https:\/\/www.bellunopress.it\/fr\/wp-json\/wp\/v2\/users\/2"}],"replies":[{"embeddable":true,"href":"https:\/\/www.bellunopress.it\/fr\/wp-json\/wp\/v2\/comments?post=9534"}],"version-history":[{"count":3,"href":"https:\/\/www.bellunopress.it\/fr\/wp-json\/wp\/v2\/posts\/9534\/revisions"}],"predecessor-version":[{"id":9536,"href":"https:\/\/www.bellunopress.it\/fr\/wp-json\/wp\/v2\/posts\/9534\/revisions\/9536"}],"wp:attachment":[{"href":"https:\/\/www.bellunopress.it\/fr\/wp-json\/wp\/v2\/media?parent=9534"}],"wp:term":[{"taxonomy":"category","embeddable":true,"href":"https:\/\/www.bellunopress.it\/fr\/wp-json\/wp\/v2\/categories?post=9534"},{"taxonomy":"post_tag","embeddable":true,"href":"https:\/\/www.bellunopress.it\/fr\/wp-json\/wp\/v2\/tags?post=9534"}],"curies":[{"name":"wp","href":"https:\/\/api.w.org\/{rel}","templated":true}]}}