{"id":9532,"date":"2009-11-06T19:13:36","date_gmt":"2009-11-06T18:13:36","guid":{"rendered":"http:\/\/www.bellunopress.it\/?p=9532"},"modified":"2009-11-06T19:13:36","modified_gmt":"2009-11-06T18:13:36","slug":"le-precisazioni-del-consigliere-comunale-antonio-uneddu-pdl","status":"publish","type":"post","link":"https:\/\/www.bellunopress.it\/fr\/2009\/11\/06\/le-precisazioni-del-consigliere-comunale-antonio-uneddu-pdl\/","title":{"rendered":"Le precisazioni del consigliere comunale Antonio Uneddu (Pdl)"},"content":{"rendered":"<p>A seguito degli ultimi accadimenti politici bellunesi\u00a0 sento doveroso intervenire, in particolare sulle dichiarazioni di taluni\u00a0 consiglieri sulla \u201ccrisi\u201d politica e poi sulle esternazioni dell\u2019ormai ex Presidente del Consiglio Comunale del Capoluogo, nel quale siedo da poche settimane quale neo Consigliere per il Popolo della libert\u00e0.<br \/>\nSono stato considerato\u00a0 facente parte del gruppetto degli audaci altrimenti denominati \u201cdissidenti\u201d,\u00a0 bollati da certa parte politica quali famelici cacciatori di \u201ccareghe\u201d.<br \/>\nE questo, purtroppo, non solo da parte di rappresentanti dell\u2019opposizione.<br \/>\nA questi signori dell\u2019una e dell\u2019altra parte ricordo che siffatto atteggiamento, per quanto mi riguarda, non solo non mi appartiene, ma a chi fosse sfuggito, intendo ricordare che il sottoscritto rappresenta l\u2019esempio dell\u2019esatto contrario, (merce piuttosto rara di questi tempi!)\u00a0 dato che provengo dalle dimissioni irrevocabili dal Consiglio di Amministrazione di Dolomiti Bus: incarico piuttosto ben retribuito (a differenza del Consigliere Comunale!) che \u00e8 sempre risultato essere particolarmente ambito proprio dai \u201ccacciatori di careghe\u201d.<br \/>\nIn base a questa mia scelta posso tranquillamente affermare che n\u00e9 io n\u00e9 i famosi\u00a0 dissidenti abbiamo mai preteso posti o incarichi prima ma, piuttosto , ci siamo attivati per aver opportuni chiarimenti e rendere coerente con obbiettivi comuni il reciproco impegno nostro e del Sindaco nell\u2019interesse dei cittadini\u00a0 e delle loro esigenze, considerate, peraltro, assolutamente primarie.<br \/>\nSicuramente i pi\u00f9 accesi paladini comunisti (cos\u00ec infatti continuano ad autodefinirsi) tanto attenti al nostro operato sapranno denunciare all\u2019opinione pubblica se qualcuno dei famosi dissidenti subentrer\u00e0 in qualche \u201ccarega\u201d. Su questo mi sento di sfidare le vigili sentinelle dell\u2019opposizione con l\u2019auspicio che tale lezione di perbenismo politico possa essere non solo a parole ma anche a fatti una garanzia contro facili tentazioni di puro potere.<br \/>\nNel ricordare, peraltro, che i cosiddetti \u201cdissidenti\u201d unitamente all\u2019assessore Denio Dal Pont, sono\u00a0 persone che hanno contribuito con notevole apporto di voti, all\u2019elezione prima di Bortoluzzi e poi di Prade.<br \/>\nEd \u00e8 proprio per questo che auspico che in nome di una buona amministrazione, per la quale sono entrato in Consiglio Comunale, possano cessare questi balletti di accuse e di smarcature\u00a0 di personaggi in cerca d\u2019autore \u2026 per ritrovare quella bussola che solo con il metodo partecipativo che abbiamo invocato con forza ci potr\u00e0 recuperare ad una azione<br \/>\nunitaria, coerente con obbiettivi comuni in un reciproco impegno nostro e del Sindaco nell\u2019interesse dei cittadini\u00a0 e delle loro esigenze, considerate, peraltro, assolutamente primarie.<br \/>\nSono rispettoso delle regole della democrazia e dei ruoli all\u2019interno dei partiti politici, per tale motivo ritengo doveroso ringraziare l\u2019On. Maurizio Paniz, coordinatore provinciale del Popolo della Libert\u00e0 , per lo sforzo compiuto nel rispetto di tutte le parti, senza mai scivolare nelle offese che altri hanno invece profuso a piene mani.<br \/>\nC\u2019\u00e8 chi professa lealt\u00e0 cambiando casacca e chi come me auspica e si spender\u00e0 per compattare la squadra sulle future scelte amministrative rimanendo con la stessa maglietta per tutto il campionato.<br \/>\nCon un percorso, per\u00f2,\u00a0 diverso. Con un metodo condiviso tra Consiglio Comunale e Giunta, ciascuno nel rispetto del proprio ruolo (opposizione compresa), ma insieme, nel rispetto degli interessi dei cittadini bellunesi.<br \/>\nBelluno, 06\/11\/2009<br \/>\nAntonio Uneddu<br \/>\nCosigliere Comunale PDL<\/p>","protected":false},"excerpt":{"rendered":"<p>A seguito degli ultimi accadimenti politici bellunesi\u00a0 sento doveroso intervenire, in particolare sulle dichiarazioni di taluni\u00a0 consiglieri sulla \u201ccrisi\u201d politica e poi sulle esternazioni dell\u2019ormai ex Presidente del Consiglio Comunale del Capoluogo, nel quale siedo da poche settimane quale neo Consigliere per il Popolo della libert\u00e0. Sono stato considerato\u00a0 facente parte del gruppetto degli audaci [&hellip;]<\/p>\n","protected":false},"author":2,"featured_media":0,"comment_status":"closed","ping_status":"open","sticky":false,"template":"","format":"standard","meta":{"footnotes":""},"categories":[1],"tags":[139,63],"class_list":["post-9532","post","type-post","status-publish","format-standard","category-leo","tag-belluno","tag-dolomiti"],"yoast_head":"<!-- This site is optimized with the Yoast SEO plugin v28.4 - https:\/\/yoast.com\/product\/yoast-seo-wordpress\/ -->\n<title>Le precisazioni del consigliere comunale Antonio Uneddu (Pdl) - Bellunopress - Dolomiti<\/title>\n<meta name=\"robots\" content=\"index, follow, max-snippet:-1, max-image-preview:large, max-video-preview:-1\" \/>\n<link rel=\"canonical\" href=\"https:\/\/www.bellunopress.it\/fr\/2009\/11\/06\/le-precisazioni-del-consigliere-comunale-antonio-uneddu-pdl\/\" \/>\n<meta property=\"og:locale\" content=\"fr_FR\" \/>\n<meta property=\"og:type\" content=\"article\" \/>\n<meta property=\"og:title\" content=\"Le precisazioni del consigliere comunale Antonio Uneddu (Pdl) - Bellunopress - Dolomiti\" \/>\n<meta property=\"og:description\" content=\"A seguito degli ultimi accadimenti politici bellunesi\u00a0 sento doveroso intervenire, in particolare sulle dichiarazioni di taluni\u00a0 consiglieri sulla \u201ccrisi\u201d politica e poi sulle esternazioni dell\u2019ormai ex Presidente del Consiglio Comunale del Capoluogo, nel quale siedo da poche settimane quale neo Consigliere per il Popolo della libert\u00e0. Sono stato considerato\u00a0 facente parte del gruppetto degli audaci [&hellip;]\" \/>\n<meta property=\"og:url\" content=\"https:\/\/www.bellunopress.it\/fr\/2009\/11\/06\/le-precisazioni-del-consigliere-comunale-antonio-uneddu-pdl\/\" \/>\n<meta property=\"og:site_name\" content=\"Bellunopress - Dolomiti\" \/>\n<meta property=\"article:publisher\" content=\"https:\/\/www.facebook.com\/profile.php?id=100008943462799\" \/>\n<meta property=\"article:published_time\" content=\"2009-11-06T18:13:36+00:00\" \/>\n<meta property=\"og:image\" content=\"http:\/\/www.bellunopress.it\/wp-content\/uploads\/2012\/07\/logo-bellunopress-250x250-2012.jpg\" \/>\n<meta name=\"author\" content=\"redazione\" \/>\n<meta name=\"twitter:card\" content=\"summary_large_image\" \/>\n<meta name=\"twitter:creator\" content=\"@bellunopress\" \/>\n<meta name=\"twitter:site\" content=\"@bellunopress\" \/>\n<meta name=\"twitter:label1\" content=\"\u00c9crit par\" \/>\n\t<meta name=\"twitter:data1\" content=\"redazione\" \/>\n\t<meta name=\"twitter:label2\" content=\"Dur\u00e9e de lecture estim\u00e9e\" \/>\n\t<meta name=\"twitter:data2\" content=\"3 minutes\" \/>\n<script type=\"application\/ld+json\" class=\"yoast-schema-graph\">{\"@context\":\"https:\\\/\\\/schema.org\",\"@graph\":[{\"@type\":\"Article\",\"@id\":\"https:\\\/\\\/www.bellunopress.it\\\/2009\\\/11\\\/06\\\/le-precisazioni-del-consigliere-comunale-antonio-uneddu-pdl\\\/#article\",\"isPartOf\":{\"@id\":\"https:\\\/\\\/www.bellunopress.it\\\/2009\\\/11\\\/06\\\/le-precisazioni-del-consigliere-comunale-antonio-uneddu-pdl\\\/\"},\"author\":{\"name\":\"redazione\",\"@id\":\"https:\\\/\\\/www.bellunopress.it\\\/#\\\/schema\\\/person\\\/79bb06722b37ece1c03d3e94beb30d73\"},\"headline\":\"Le precisazioni del consigliere comunale Antonio Uneddu (Pdl)\",\"datePublished\":\"2009-11-06T18:13:36+00:00\",\"mainEntityOfPage\":{\"@id\":\"https:\\\/\\\/www.bellunopress.it\\\/2009\\\/11\\\/06\\\/le-precisazioni-del-consigliere-comunale-antonio-uneddu-pdl\\\/\"},\"wordCount\":525,\"publisher\":{\"@id\":\"https:\\\/\\\/www.bellunopress.it\\\/#organization\"},\"keywords\":[\"Belluno\",\"Dolomiti\"],\"articleSection\":[\"Lettere Opinioni\"],\"inLanguage\":\"fr-FR\"},{\"@type\":\"WebPage\",\"@id\":\"https:\\\/\\\/www.bellunopress.it\\\/2009\\\/11\\\/06\\\/le-precisazioni-del-consigliere-comunale-antonio-uneddu-pdl\\\/\",\"url\":\"https:\\\/\\\/www.bellunopress.it\\\/2009\\\/11\\\/06\\\/le-precisazioni-del-consigliere-comunale-antonio-uneddu-pdl\\\/\",\"name\":\"Le precisazioni del consigliere comunale Antonio Uneddu (Pdl) - Bellunopress - Dolomiti\",\"isPartOf\":{\"@id\":\"https:\\\/\\\/www.bellunopress.it\\\/#website\"},\"datePublished\":\"2009-11-06T18:13:36+00:00\",\"breadcrumb\":{\"@id\":\"https:\\\/\\\/www.bellunopress.it\\\/2009\\\/11\\\/06\\\/le-precisazioni-del-consigliere-comunale-antonio-uneddu-pdl\\\/#breadcrumb\"},\"inLanguage\":\"fr-FR\",\"potentialAction\":[{\"@type\":\"ReadAction\",\"target\":[\"https:\\\/\\\/www.bellunopress.it\\\/2009\\\/11\\\/06\\\/le-precisazioni-del-consigliere-comunale-antonio-uneddu-pdl\\\/\"]}]},{\"@type\":\"BreadcrumbList\",\"@id\":\"https:\\\/\\\/www.bellunopress.it\\\/2009\\\/11\\\/06\\\/le-precisazioni-del-consigliere-comunale-antonio-uneddu-pdl\\\/#breadcrumb\",\"itemListElement\":[{\"@type\":\"ListItem\",\"position\":1,\"name\":\"Home\",\"item\":\"https:\\\/\\\/www.bellunopress.it\\\/\"},{\"@type\":\"ListItem\",\"position\":2,\"name\":\"Le precisazioni del consigliere comunale Antonio Uneddu (Pdl)\"}]},{\"@type\":\"WebSite\",\"@id\":\"https:\\\/\\\/www.bellunopress.it\\\/#website\",\"url\":\"https:\\\/\\\/www.bellunopress.it\\\/\",\"name\":\"Bellunopress - Dolomiti\",\"description\":\"e-mail: redazione@bellunopress.it\",\"publisher\":{\"@id\":\"https:\\\/\\\/www.bellunopress.it\\\/#organization\"},\"potentialAction\":[{\"@type\":\"SearchAction\",\"target\":{\"@type\":\"EntryPoint\",\"urlTemplate\":\"https:\\\/\\\/www.bellunopress.it\\\/?s={search_term_string}\"},\"query-input\":{\"@type\":\"PropertyValueSpecification\",\"valueRequired\":true,\"valueName\":\"search_term_string\"}}],\"inLanguage\":\"fr-FR\"},{\"@type\":\"Organization\",\"@id\":\"https:\\\/\\\/www.bellunopress.it\\\/#organization\",\"name\":\"Bellunopress\",\"url\":\"https:\\\/\\\/www.bellunopress.it\\\/\",\"logo\":{\"@type\":\"ImageObject\",\"inLanguage\":\"fr-FR\",\"@id\":\"https:\\\/\\\/www.bellunopress.it\\\/#\\\/schema\\\/logo\\\/image\\\/\",\"url\":\"https:\\\/\\\/www.bellunopress.it\\\/wp-content\\\/uploads\\\/2011\\\/05\\\/cropped-logo-bellunopress-.jpg\",\"contentUrl\":\"https:\\\/\\\/www.bellunopress.it\\\/wp-content\\\/uploads\\\/2011\\\/05\\\/cropped-logo-bellunopress-.jpg\",\"width\":512,\"height\":512,\"caption\":\"Bellunopress\"},\"image\":{\"@id\":\"https:\\\/\\\/www.bellunopress.it\\\/#\\\/schema\\\/logo\\\/image\\\/\"},\"sameAs\":[\"https:\\\/\\\/www.facebook.com\\\/profile.php?id=100008943462799\",\"https:\\\/\\\/x.com\\\/bellunopress\",\"https:\\\/\\\/www.linkedin.com\\\/hp\\\/?dnr=JBzUWaJfMUw8vbXJJ2tVW5-I3jZKvC4wsoxE&amp;amp;amp;amp;amp;amp;trk=nav_responsive_tab_home\",\"https:\\\/\\\/www.youtube.com\\\/channel\\\/UCxL0wu1uN0_3_7hGG0306cw\"]},{\"@type\":\"Person\",\"@id\":\"https:\\\/\\\/www.bellunopress.it\\\/#\\\/schema\\\/person\\\/79bb06722b37ece1c03d3e94beb30d73\",\"name\":\"redazione\",\"image\":{\"@type\":\"ImageObject\",\"inLanguage\":\"fr-FR\",\"@id\":\"https:\\\/\\\/secure.gravatar.com\\\/avatar\\\/37d968a2e67a6fd04c169c4bdef102d0bc5d31b2546345219e348575eb80e9a0?s=96&d=mm&r=g\",\"url\":\"https:\\\/\\\/secure.gravatar.com\\\/avatar\\\/37d968a2e67a6fd04c169c4bdef102d0bc5d31b2546345219e348575eb80e9a0?s=96&d=mm&r=g\",\"contentUrl\":\"https:\\\/\\\/secure.gravatar.com\\\/avatar\\\/37d968a2e67a6fd04c169c4bdef102d0bc5d31b2546345219e348575eb80e9a0?s=96&d=mm&r=g\",\"caption\":\"redazione\"},\"sameAs\":[\"http:\\\/\\\/www.bellunopress.it\",\"https:\\\/\\\/x.com\\\/bellunopress\"],\"url\":\"https:\\\/\\\/www.bellunopress.it\\\/fr\\\/author\\\/redazione\\\/\"}]}<\/script>\n<!-- \/ Yoast SEO plugin. -->","yoast_head_json":{"title":"Le precisazioni del consigliere comunale Antonio Uneddu (Pdl) - Bellunopress - Dolomiti","robots":{"index":"index","follow":"follow","max-snippet":"max-snippet:-1","max-image-preview":"max-image-preview:large","max-video-preview":"max-video-preview:-1"},"canonical":"https:\/\/www.bellunopress.it\/fr\/2009\/11\/06\/le-precisazioni-del-consigliere-comunale-antonio-uneddu-pdl\/","og_locale":"fr_FR","og_type":"article","og_title":"Le precisazioni del consigliere comunale Antonio Uneddu (Pdl) - Bellunopress - Dolomiti","og_description":"A seguito degli ultimi accadimenti politici bellunesi\u00a0 sento doveroso intervenire, in particolare sulle dichiarazioni di taluni\u00a0 consiglieri sulla \u201ccrisi\u201d politica e poi sulle esternazioni dell\u2019ormai ex Presidente del Consiglio Comunale del Capoluogo, nel quale siedo da poche settimane quale neo Consigliere per il Popolo della libert\u00e0. Sono stato considerato\u00a0 facente parte del gruppetto degli audaci [&hellip;]","og_url":"https:\/\/www.bellunopress.it\/fr\/2009\/11\/06\/le-precisazioni-del-consigliere-comunale-antonio-uneddu-pdl\/","og_site_name":"Bellunopress - Dolomiti","article_publisher":"https:\/\/www.facebook.com\/profile.php?id=100008943462799","article_published_time":"2009-11-06T18:13:36+00:00","og_image":[{"url":"http:\/\/www.bellunopress.it\/wp-content\/uploads\/2012\/07\/logo-bellunopress-250x250-2012.jpg","type":"","width":"","height":""}],"author":"redazione","twitter_card":"summary_large_image","twitter_creator":"@bellunopress","twitter_site":"@bellunopress","twitter_misc":{"\u00c9crit par":"redazione","Dur\u00e9e de lecture estim\u00e9e":"3 minutes"},"schema":{"@context":"https:\/\/schema.org","@graph":[{"@type":"Article","@id":"https:\/\/www.bellunopress.it\/2009\/11\/06\/le-precisazioni-del-consigliere-comunale-antonio-uneddu-pdl\/#article","isPartOf":{"@id":"https:\/\/www.bellunopress.it\/2009\/11\/06\/le-precisazioni-del-consigliere-comunale-antonio-uneddu-pdl\/"},"author":{"name":"redazione","@id":"https:\/\/www.bellunopress.it\/#\/schema\/person\/79bb06722b37ece1c03d3e94beb30d73"},"headline":"Le precisazioni del consigliere comunale Antonio Uneddu (Pdl)","datePublished":"2009-11-06T18:13:36+00:00","mainEntityOfPage":{"@id":"https:\/\/www.bellunopress.it\/2009\/11\/06\/le-precisazioni-del-consigliere-comunale-antonio-uneddu-pdl\/"},"wordCount":525,"publisher":{"@id":"https:\/\/www.bellunopress.it\/#organization"},"keywords":["Belluno","Dolomiti"],"articleSection":["Lettere Opinioni"],"inLanguage":"fr-FR"},{"@type":"WebPage","@id":"https:\/\/www.bellunopress.it\/2009\/11\/06\/le-precisazioni-del-consigliere-comunale-antonio-uneddu-pdl\/","url":"https:\/\/www.bellunopress.it\/2009\/11\/06\/le-precisazioni-del-consigliere-comunale-antonio-uneddu-pdl\/","name":"Le precisazioni del consigliere comunale Antonio Uneddu (Pdl) - Bellunopress - Dolomiti","isPartOf":{"@id":"https:\/\/www.bellunopress.it\/#website"},"datePublished":"2009-11-06T18:13:36+00:00","breadcrumb":{"@id":"https:\/\/www.bellunopress.it\/2009\/11\/06\/le-precisazioni-del-consigliere-comunale-antonio-uneddu-pdl\/#breadcrumb"},"inLanguage":"fr-FR","potentialAction":[{"@type":"ReadAction","target":["https:\/\/www.bellunopress.it\/2009\/11\/06\/le-precisazioni-del-consigliere-comunale-antonio-uneddu-pdl\/"]}]},{"@type":"BreadcrumbList","@id":"https:\/\/www.bellunopress.it\/2009\/11\/06\/le-precisazioni-del-consigliere-comunale-antonio-uneddu-pdl\/#breadcrumb","itemListElement":[{"@type":"ListItem","position":1,"name":"Home","item":"https:\/\/www.bellunopress.it\/"},{"@type":"ListItem","position":2,"name":"Le precisazioni del consigliere comunale Antonio Uneddu (Pdl)"}]},{"@type":"WebSite","@id":"https:\/\/www.bellunopress.it\/#website","url":"https:\/\/www.bellunopress.it\/","name":"Bellunopress - Dolomiti","description":"e-mail: redazione@bellunopress.it","publisher":{"@id":"https:\/\/www.bellunopress.it\/#organization"},"potentialAction":[{"@type":"SearchAction","target":{"@type":"EntryPoint","urlTemplate":"https:\/\/www.bellunopress.it\/?s={search_term_string}"},"query-input":{"@type":"PropertyValueSpecification","valueRequired":true,"valueName":"search_term_string"}}],"inLanguage":"fr-FR"},{"@type":"Organization","@id":"https:\/\/www.bellunopress.it\/#organization","name":"Bellunopress","url":"https:\/\/www.bellunopress.it\/","logo":{"@type":"ImageObject","inLanguage":"fr-FR","@id":"https:\/\/www.bellunopress.it\/#\/schema\/logo\/image\/","url":"https:\/\/www.bellunopress.it\/wp-content\/uploads\/2011\/05\/cropped-logo-bellunopress-.jpg","contentUrl":"https:\/\/www.bellunopress.it\/wp-content\/uploads\/2011\/05\/cropped-logo-bellunopress-.jpg","width":512,"height":512,"caption":"Bellunopress"},"image":{"@id":"https:\/\/www.bellunopress.it\/#\/schema\/logo\/image\/"},"sameAs":["https:\/\/www.facebook.com\/profile.php?id=100008943462799","https:\/\/x.com\/bellunopress","https:\/\/www.linkedin.com\/hp\/?dnr=JBzUWaJfMUw8vbXJJ2tVW5-I3jZKvC4wsoxE&amp;amp;amp;amp;amp;amp;trk=nav_responsive_tab_home","https:\/\/www.youtube.com\/channel\/UCxL0wu1uN0_3_7hGG0306cw"]},{"@type":"Person","@id":"https:\/\/www.bellunopress.it\/#\/schema\/person\/79bb06722b37ece1c03d3e94beb30d73","name":"r\u00e9daction","image":{"@type":"ImageObject","inLanguage":"fr-FR","@id":"https:\/\/secure.gravatar.com\/avatar\/37d968a2e67a6fd04c169c4bdef102d0bc5d31b2546345219e348575eb80e9a0?s=96&d=mm&r=g","url":"https:\/\/secure.gravatar.com\/avatar\/37d968a2e67a6fd04c169c4bdef102d0bc5d31b2546345219e348575eb80e9a0?s=96&d=mm&r=g","contentUrl":"https:\/\/secure.gravatar.com\/avatar\/37d968a2e67a6fd04c169c4bdef102d0bc5d31b2546345219e348575eb80e9a0?s=96&d=mm&r=g","caption":"redazione"},"sameAs":["http:\/\/www.bellunopress.it","https:\/\/x.com\/bellunopress"],"url":"https:\/\/www.bellunopress.it\/fr\/author\/redazione\/"}]}},"_links":{"self":[{"href":"https:\/\/www.bellunopress.it\/fr\/wp-json\/wp\/v2\/posts\/9532","targetHints":{"allow":["GET"]}}],"collection":[{"href":"https:\/\/www.bellunopress.it\/fr\/wp-json\/wp\/v2\/posts"}],"about":[{"href":"https:\/\/www.bellunopress.it\/fr\/wp-json\/wp\/v2\/types\/post"}],"author":[{"embeddable":true,"href":"https:\/\/www.bellunopress.it\/fr\/wp-json\/wp\/v2\/users\/2"}],"replies":[{"embeddable":true,"href":"https:\/\/www.bellunopress.it\/fr\/wp-json\/wp\/v2\/comments?post=9532"}],"version-history":[{"count":1,"href":"https:\/\/www.bellunopress.it\/fr\/wp-json\/wp\/v2\/posts\/9532\/revisions"}],"predecessor-version":[{"id":9533,"href":"https:\/\/www.bellunopress.it\/fr\/wp-json\/wp\/v2\/posts\/9532\/revisions\/9533"}],"wp:attachment":[{"href":"https:\/\/www.bellunopress.it\/fr\/wp-json\/wp\/v2\/media?parent=9532"}],"wp:term":[{"taxonomy":"category","embeddable":true,"href":"https:\/\/www.bellunopress.it\/fr\/wp-json\/wp\/v2\/categories?post=9532"},{"taxonomy":"post_tag","embeddable":true,"href":"https:\/\/www.bellunopress.it\/fr\/wp-json\/wp\/v2\/tags?post=9532"}],"curies":[{"name":"wp","href":"https:\/\/api.w.org\/{rel}","templated":true}]}}