{"id":9518,"date":"2009-11-06T17:04:15","date_gmt":"2009-11-06T16:04:15","guid":{"rendered":"http:\/\/www.bellunopress.it\/?p=9518"},"modified":"2009-11-06T17:04:15","modified_gmt":"2009-11-06T16:04:15","slug":"il-volontariato-bellunese-criticita-punti-di-forza-scenari-evolutivi","status":"publish","type":"post","link":"https:\/\/www.bellunopress.it\/fr\/2009\/11\/06\/il-volontariato-bellunese-criticita-punti-di-forza-scenari-evolutivi\/","title":{"rendered":"Il volontariato bellunese: criticit\u00e0, punti di forza, scenari evolutivi"},"content":{"rendered":"<p>Sabato 14 novembre un incontro-dibattito sull\u2019indagine della Fondazione Roma che ha coinvolto 100 organizzazioni di volontariato della provincia di Belluno. &#8220;Il volontariato bellunese. Criticit\u00e0, punti di forza, scenari evolutivi\u201d. E\u2019 il titolo dell\u2019incontro-dibattito organizzato dal Comitato d\u2019Intesa e dal Centro di servizio per il volontariato di Belluno per presentare i risultati di un\u2019indagine svolta a partire dall\u2019autunno 2008 dalla Fondazione Roma su 100 organizzazioni di volontariato della provincia di Belluno. A pi\u00f9 di dodici anni dall\u2019avvio delle proprie attivit\u00e0, il Centro di Servizio per il volontariato di Belluno ha ravvisato l\u2019esigenza di focalizzare la propria attenzione sul fenomeno del volontariato locale, puntando ad assumere dati concreti e non solo percezioni. Per questo, nell\u2019autunno dello scorso anno, il Csv di Belluno, in accordo con i Centri di Servizio per il volontariato delle province di Treviso, Venezia e Rovigo e la Fondazione Roma Terzo Settore (allora si chiamava Feo-Fivol), ha partecipato ad una ri\u00adlevazione che ha coinvolto 100 organizzazioni di volontariato per ciascuna delle quattro province interessate, per approfondire caratteristiche e dinamiche di funzionamento. In ogni provincia \u00e8 stato individuato un campione \u201cprobabilistico\u201d di associazioni, rispettoso quindi della loro distribuzione sul territorio provinciale e rappresentativo per settore di attivit\u00e0, dimensione, composizione interna e ap\u00adpartenenza o meno alle grandi reti del volontariato nazionale. La situazione del volontariato bellunese \u00e8 stata per la prima volta confrontata con quella delle altre province venete, facendone scaturire le caratteristiche peculiari e distintive tenendo conto del contesto territoriale e del settore di attivit\u00e0. I dati emersi dall\u2019indagine verranno presentati sabato 14 novembre alle 16 in sala Muccin del Centro Giovanni XXIII di Belluno da Renato Frisanco, ricercatore della Fondazione Roma, mentre il sociologo Diego Cason si soffermer\u00e0 sul contesto locale in cui operano le organizzazioni di volontariato bellunesi. E\u2019 anche previsto un dibattito, moderato da\u00a0 Liliana Tomaselli, componente del Consiglio Direttivo del Comitato d\u2019Intesa e Csv di Belluno, al quale potranno partecipare le associazioni e le istituzioni presenti all\u2019incontro.<\/p>","protected":false},"excerpt":{"rendered":"<p>Sabato 14 novembre un incontro-dibattito sull\u2019indagine della Fondazione Roma che ha coinvolto 100 organizzazioni di volontariato della provincia di Belluno. &#8220;Il volontariato bellunese. Criticit\u00e0, punti di forza, scenari evolutivi\u201d. E\u2019 il titolo dell\u2019incontro-dibattito organizzato dal Comitato d\u2019Intesa e dal Centro di servizio per il volontariato di Belluno per presentare i risultati di un\u2019indagine svolta a [&hellip;]<\/p>\n","protected":false},"author":2,"featured_media":0,"comment_status":"closed","ping_status":"open","sticky":false,"template":"","format":"standard","meta":{"footnotes":""},"categories":[26,8],"tags":[139],"class_list":["post-9518","post","type-post","status-publish","format-standard","category-prima-pagina","category-societa-istituzioni","tag-belluno"],"yoast_head":"<!-- This site is optimized with the Yoast SEO plugin v28.4 - https:\/\/yoast.com\/product\/yoast-seo-wordpress\/ -->\n<title>Il volontariato bellunese: criticit\u00e0, punti di forza, scenari evolutivi - Bellunopress - Dolomiti<\/title>\n<meta name=\"robots\" content=\"index, follow, max-snippet:-1, max-image-preview:large, max-video-preview:-1\" \/>\n<link rel=\"canonical\" href=\"https:\/\/www.bellunopress.it\/fr\/2009\/11\/06\/il-volontariato-bellunese-criticita-punti-di-forza-scenari-evolutivi\/\" \/>\n<meta property=\"og:locale\" content=\"fr_FR\" \/>\n<meta property=\"og:type\" content=\"article\" \/>\n<meta property=\"og:title\" content=\"Il volontariato bellunese: criticit\u00e0, punti di forza, scenari evolutivi - Bellunopress - Dolomiti\" \/>\n<meta property=\"og:description\" content=\"Sabato 14 novembre un incontro-dibattito sull\u2019indagine della Fondazione Roma che ha coinvolto 100 organizzazioni di volontariato della provincia di Belluno. &#8220;Il volontariato bellunese. Criticit\u00e0, punti di forza, scenari evolutivi\u201d. E\u2019 il titolo dell\u2019incontro-dibattito organizzato dal Comitato d\u2019Intesa e dal Centro di servizio per il volontariato di Belluno per presentare i risultati di un\u2019indagine svolta a [&hellip;]\" \/>\n<meta property=\"og:url\" content=\"https:\/\/www.bellunopress.it\/fr\/2009\/11\/06\/il-volontariato-bellunese-criticita-punti-di-forza-scenari-evolutivi\/\" \/>\n<meta property=\"og:site_name\" content=\"Bellunopress - Dolomiti\" \/>\n<meta property=\"article:publisher\" content=\"https:\/\/www.facebook.com\/profile.php?id=100008943462799\" \/>\n<meta property=\"article:published_time\" content=\"2009-11-06T16:04:15+00:00\" \/>\n<meta property=\"og:image\" content=\"http:\/\/www.bellunopress.it\/wp-content\/uploads\/2012\/07\/logo-bellunopress-250x250-2012.jpg\" \/>\n<meta name=\"author\" content=\"redazione\" \/>\n<meta name=\"twitter:card\" content=\"summary_large_image\" \/>\n<meta name=\"twitter:creator\" content=\"@bellunopress\" \/>\n<meta name=\"twitter:site\" content=\"@bellunopress\" \/>\n<meta name=\"twitter:label1\" content=\"\u00c9crit par\" \/>\n\t<meta name=\"twitter:data1\" content=\"redazione\" \/>\n\t<meta name=\"twitter:label2\" content=\"Dur\u00e9e de lecture estim\u00e9e\" \/>\n\t<meta name=\"twitter:data2\" content=\"2 minutes\" \/>\n<script type=\"application\/ld+json\" class=\"yoast-schema-graph\">{\"@context\":\"https:\\\/\\\/schema.org\",\"@graph\":[{\"@type\":\"Article\",\"@id\":\"https:\\\/\\\/www.bellunopress.it\\\/2009\\\/11\\\/06\\\/il-volontariato-bellunese-criticita-punti-di-forza-scenari-evolutivi\\\/#article\",\"isPartOf\":{\"@id\":\"https:\\\/\\\/www.bellunopress.it\\\/2009\\\/11\\\/06\\\/il-volontariato-bellunese-criticita-punti-di-forza-scenari-evolutivi\\\/\"},\"author\":{\"name\":\"redazione\",\"@id\":\"https:\\\/\\\/www.bellunopress.it\\\/#\\\/schema\\\/person\\\/79bb06722b37ece1c03d3e94beb30d73\"},\"headline\":\"Il volontariato bellunese: criticit\u00e0, punti di forza, scenari evolutivi\",\"datePublished\":\"2009-11-06T16:04:15+00:00\",\"mainEntityOfPage\":{\"@id\":\"https:\\\/\\\/www.bellunopress.it\\\/2009\\\/11\\\/06\\\/il-volontariato-bellunese-criticita-punti-di-forza-scenari-evolutivi\\\/\"},\"wordCount\":334,\"publisher\":{\"@id\":\"https:\\\/\\\/www.bellunopress.it\\\/#organization\"},\"keywords\":[\"Belluno\"],\"articleSection\":[\"Prima Pagina\",\"Societ\u00e0, Associazioni, Istituzioni\"],\"inLanguage\":\"fr-FR\"},{\"@type\":\"WebPage\",\"@id\":\"https:\\\/\\\/www.bellunopress.it\\\/2009\\\/11\\\/06\\\/il-volontariato-bellunese-criticita-punti-di-forza-scenari-evolutivi\\\/\",\"url\":\"https:\\\/\\\/www.bellunopress.it\\\/2009\\\/11\\\/06\\\/il-volontariato-bellunese-criticita-punti-di-forza-scenari-evolutivi\\\/\",\"name\":\"Il volontariato bellunese: criticit\u00e0, punti di forza, scenari evolutivi - Bellunopress - Dolomiti\",\"isPartOf\":{\"@id\":\"https:\\\/\\\/www.bellunopress.it\\\/#website\"},\"datePublished\":\"2009-11-06T16:04:15+00:00\",\"breadcrumb\":{\"@id\":\"https:\\\/\\\/www.bellunopress.it\\\/2009\\\/11\\\/06\\\/il-volontariato-bellunese-criticita-punti-di-forza-scenari-evolutivi\\\/#breadcrumb\"},\"inLanguage\":\"fr-FR\",\"potentialAction\":[{\"@type\":\"ReadAction\",\"target\":[\"https:\\\/\\\/www.bellunopress.it\\\/2009\\\/11\\\/06\\\/il-volontariato-bellunese-criticita-punti-di-forza-scenari-evolutivi\\\/\"]}]},{\"@type\":\"BreadcrumbList\",\"@id\":\"https:\\\/\\\/www.bellunopress.it\\\/2009\\\/11\\\/06\\\/il-volontariato-bellunese-criticita-punti-di-forza-scenari-evolutivi\\\/#breadcrumb\",\"itemListElement\":[{\"@type\":\"ListItem\",\"position\":1,\"name\":\"Home\",\"item\":\"https:\\\/\\\/www.bellunopress.it\\\/\"},{\"@type\":\"ListItem\",\"position\":2,\"name\":\"Il volontariato bellunese: criticit\u00e0, punti di forza, scenari evolutivi\"}]},{\"@type\":\"WebSite\",\"@id\":\"https:\\\/\\\/www.bellunopress.it\\\/#website\",\"url\":\"https:\\\/\\\/www.bellunopress.it\\\/\",\"name\":\"Bellunopress - Dolomiti\",\"description\":\"e-mail: redazione@bellunopress.it\",\"publisher\":{\"@id\":\"https:\\\/\\\/www.bellunopress.it\\\/#organization\"},\"potentialAction\":[{\"@type\":\"SearchAction\",\"target\":{\"@type\":\"EntryPoint\",\"urlTemplate\":\"https:\\\/\\\/www.bellunopress.it\\\/?s={search_term_string}\"},\"query-input\":{\"@type\":\"PropertyValueSpecification\",\"valueRequired\":true,\"valueName\":\"search_term_string\"}}],\"inLanguage\":\"fr-FR\"},{\"@type\":\"Organization\",\"@id\":\"https:\\\/\\\/www.bellunopress.it\\\/#organization\",\"name\":\"Bellunopress\",\"url\":\"https:\\\/\\\/www.bellunopress.it\\\/\",\"logo\":{\"@type\":\"ImageObject\",\"inLanguage\":\"fr-FR\",\"@id\":\"https:\\\/\\\/www.bellunopress.it\\\/#\\\/schema\\\/logo\\\/image\\\/\",\"url\":\"https:\\\/\\\/www.bellunopress.it\\\/wp-content\\\/uploads\\\/2011\\\/05\\\/cropped-logo-bellunopress-.jpg\",\"contentUrl\":\"https:\\\/\\\/www.bellunopress.it\\\/wp-content\\\/uploads\\\/2011\\\/05\\\/cropped-logo-bellunopress-.jpg\",\"width\":512,\"height\":512,\"caption\":\"Bellunopress\"},\"image\":{\"@id\":\"https:\\\/\\\/www.bellunopress.it\\\/#\\\/schema\\\/logo\\\/image\\\/\"},\"sameAs\":[\"https:\\\/\\\/www.facebook.com\\\/profile.php?id=100008943462799\",\"https:\\\/\\\/x.com\\\/bellunopress\",\"https:\\\/\\\/www.linkedin.com\\\/hp\\\/?dnr=JBzUWaJfMUw8vbXJJ2tVW5-I3jZKvC4wsoxE&amp;amp;amp;amp;amp;amp;trk=nav_responsive_tab_home\",\"https:\\\/\\\/www.youtube.com\\\/channel\\\/UCxL0wu1uN0_3_7hGG0306cw\"]},{\"@type\":\"Person\",\"@id\":\"https:\\\/\\\/www.bellunopress.it\\\/#\\\/schema\\\/person\\\/79bb06722b37ece1c03d3e94beb30d73\",\"name\":\"redazione\",\"image\":{\"@type\":\"ImageObject\",\"inLanguage\":\"fr-FR\",\"@id\":\"https:\\\/\\\/secure.gravatar.com\\\/avatar\\\/37d968a2e67a6fd04c169c4bdef102d0bc5d31b2546345219e348575eb80e9a0?s=96&d=mm&r=g\",\"url\":\"https:\\\/\\\/secure.gravatar.com\\\/avatar\\\/37d968a2e67a6fd04c169c4bdef102d0bc5d31b2546345219e348575eb80e9a0?s=96&d=mm&r=g\",\"contentUrl\":\"https:\\\/\\\/secure.gravatar.com\\\/avatar\\\/37d968a2e67a6fd04c169c4bdef102d0bc5d31b2546345219e348575eb80e9a0?s=96&d=mm&r=g\",\"caption\":\"redazione\"},\"sameAs\":[\"http:\\\/\\\/www.bellunopress.it\",\"https:\\\/\\\/x.com\\\/bellunopress\"],\"url\":\"https:\\\/\\\/www.bellunopress.it\\\/fr\\\/author\\\/redazione\\\/\"}]}<\/script>\n<!-- \/ Yoast SEO plugin. -->","yoast_head_json":{"title":"Il volontariato bellunese: criticit\u00e0, punti di forza, scenari evolutivi - Bellunopress - Dolomiti","robots":{"index":"index","follow":"follow","max-snippet":"max-snippet:-1","max-image-preview":"max-image-preview:large","max-video-preview":"max-video-preview:-1"},"canonical":"https:\/\/www.bellunopress.it\/fr\/2009\/11\/06\/il-volontariato-bellunese-criticita-punti-di-forza-scenari-evolutivi\/","og_locale":"fr_FR","og_type":"article","og_title":"Il volontariato bellunese: criticit\u00e0, punti di forza, scenari evolutivi - Bellunopress - Dolomiti","og_description":"Sabato 14 novembre un incontro-dibattito sull\u2019indagine della Fondazione Roma che ha coinvolto 100 organizzazioni di volontariato della provincia di Belluno. &#8220;Il volontariato bellunese. Criticit\u00e0, punti di forza, scenari evolutivi\u201d. E\u2019 il titolo dell\u2019incontro-dibattito organizzato dal Comitato d\u2019Intesa e dal Centro di servizio per il volontariato di Belluno per presentare i risultati di un\u2019indagine svolta a [&hellip;]","og_url":"https:\/\/www.bellunopress.it\/fr\/2009\/11\/06\/il-volontariato-bellunese-criticita-punti-di-forza-scenari-evolutivi\/","og_site_name":"Bellunopress - Dolomiti","article_publisher":"https:\/\/www.facebook.com\/profile.php?id=100008943462799","article_published_time":"2009-11-06T16:04:15+00:00","og_image":[{"url":"http:\/\/www.bellunopress.it\/wp-content\/uploads\/2012\/07\/logo-bellunopress-250x250-2012.jpg","type":"","width":"","height":""}],"author":"redazione","twitter_card":"summary_large_image","twitter_creator":"@bellunopress","twitter_site":"@bellunopress","twitter_misc":{"\u00c9crit par":"redazione","Dur\u00e9e de lecture estim\u00e9e":"2 minutes"},"schema":{"@context":"https:\/\/schema.org","@graph":[{"@type":"Article","@id":"https:\/\/www.bellunopress.it\/2009\/11\/06\/il-volontariato-bellunese-criticita-punti-di-forza-scenari-evolutivi\/#article","isPartOf":{"@id":"https:\/\/www.bellunopress.it\/2009\/11\/06\/il-volontariato-bellunese-criticita-punti-di-forza-scenari-evolutivi\/"},"author":{"name":"redazione","@id":"https:\/\/www.bellunopress.it\/#\/schema\/person\/79bb06722b37ece1c03d3e94beb30d73"},"headline":"Il volontariato bellunese: criticit\u00e0, punti di forza, scenari evolutivi","datePublished":"2009-11-06T16:04:15+00:00","mainEntityOfPage":{"@id":"https:\/\/www.bellunopress.it\/2009\/11\/06\/il-volontariato-bellunese-criticita-punti-di-forza-scenari-evolutivi\/"},"wordCount":334,"publisher":{"@id":"https:\/\/www.bellunopress.it\/#organization"},"keywords":["Belluno"],"articleSection":["Prima Pagina","Societ\u00e0, Associazioni, Istituzioni"],"inLanguage":"fr-FR"},{"@type":"WebPage","@id":"https:\/\/www.bellunopress.it\/2009\/11\/06\/il-volontariato-bellunese-criticita-punti-di-forza-scenari-evolutivi\/","url":"https:\/\/www.bellunopress.it\/2009\/11\/06\/il-volontariato-bellunese-criticita-punti-di-forza-scenari-evolutivi\/","name":"Il volontariato bellunese: criticit\u00e0, punti di forza, scenari evolutivi - Bellunopress - Dolomiti","isPartOf":{"@id":"https:\/\/www.bellunopress.it\/#website"},"datePublished":"2009-11-06T16:04:15+00:00","breadcrumb":{"@id":"https:\/\/www.bellunopress.it\/2009\/11\/06\/il-volontariato-bellunese-criticita-punti-di-forza-scenari-evolutivi\/#breadcrumb"},"inLanguage":"fr-FR","potentialAction":[{"@type":"ReadAction","target":["https:\/\/www.bellunopress.it\/2009\/11\/06\/il-volontariato-bellunese-criticita-punti-di-forza-scenari-evolutivi\/"]}]},{"@type":"BreadcrumbList","@id":"https:\/\/www.bellunopress.it\/2009\/11\/06\/il-volontariato-bellunese-criticita-punti-di-forza-scenari-evolutivi\/#breadcrumb","itemListElement":[{"@type":"ListItem","position":1,"name":"Home","item":"https:\/\/www.bellunopress.it\/"},{"@type":"ListItem","position":2,"name":"Il volontariato bellunese: criticit\u00e0, punti di forza, scenari evolutivi"}]},{"@type":"WebSite","@id":"https:\/\/www.bellunopress.it\/#website","url":"https:\/\/www.bellunopress.it\/","name":"Bellunopress - Dolomiti","description":"e-mail: redazione@bellunopress.it","publisher":{"@id":"https:\/\/www.bellunopress.it\/#organization"},"potentialAction":[{"@type":"SearchAction","target":{"@type":"EntryPoint","urlTemplate":"https:\/\/www.bellunopress.it\/?s={search_term_string}"},"query-input":{"@type":"PropertyValueSpecification","valueRequired":true,"valueName":"search_term_string"}}],"inLanguage":"fr-FR"},{"@type":"Organization","@id":"https:\/\/www.bellunopress.it\/#organization","name":"Bellunopress","url":"https:\/\/www.bellunopress.it\/","logo":{"@type":"ImageObject","inLanguage":"fr-FR","@id":"https:\/\/www.bellunopress.it\/#\/schema\/logo\/image\/","url":"https:\/\/www.bellunopress.it\/wp-content\/uploads\/2011\/05\/cropped-logo-bellunopress-.jpg","contentUrl":"https:\/\/www.bellunopress.it\/wp-content\/uploads\/2011\/05\/cropped-logo-bellunopress-.jpg","width":512,"height":512,"caption":"Bellunopress"},"image":{"@id":"https:\/\/www.bellunopress.it\/#\/schema\/logo\/image\/"},"sameAs":["https:\/\/www.facebook.com\/profile.php?id=100008943462799","https:\/\/x.com\/bellunopress","https:\/\/www.linkedin.com\/hp\/?dnr=JBzUWaJfMUw8vbXJJ2tVW5-I3jZKvC4wsoxE&amp;amp;amp;amp;amp;amp;trk=nav_responsive_tab_home","https:\/\/www.youtube.com\/channel\/UCxL0wu1uN0_3_7hGG0306cw"]},{"@type":"Person","@id":"https:\/\/www.bellunopress.it\/#\/schema\/person\/79bb06722b37ece1c03d3e94beb30d73","name":"r\u00e9daction","image":{"@type":"ImageObject","inLanguage":"fr-FR","@id":"https:\/\/secure.gravatar.com\/avatar\/37d968a2e67a6fd04c169c4bdef102d0bc5d31b2546345219e348575eb80e9a0?s=96&d=mm&r=g","url":"https:\/\/secure.gravatar.com\/avatar\/37d968a2e67a6fd04c169c4bdef102d0bc5d31b2546345219e348575eb80e9a0?s=96&d=mm&r=g","contentUrl":"https:\/\/secure.gravatar.com\/avatar\/37d968a2e67a6fd04c169c4bdef102d0bc5d31b2546345219e348575eb80e9a0?s=96&d=mm&r=g","caption":"redazione"},"sameAs":["http:\/\/www.bellunopress.it","https:\/\/x.com\/bellunopress"],"url":"https:\/\/www.bellunopress.it\/fr\/author\/redazione\/"}]}},"_links":{"self":[{"href":"https:\/\/www.bellunopress.it\/fr\/wp-json\/wp\/v2\/posts\/9518","targetHints":{"allow":["GET"]}}],"collection":[{"href":"https:\/\/www.bellunopress.it\/fr\/wp-json\/wp\/v2\/posts"}],"about":[{"href":"https:\/\/www.bellunopress.it\/fr\/wp-json\/wp\/v2\/types\/post"}],"author":[{"embeddable":true,"href":"https:\/\/www.bellunopress.it\/fr\/wp-json\/wp\/v2\/users\/2"}],"replies":[{"embeddable":true,"href":"https:\/\/www.bellunopress.it\/fr\/wp-json\/wp\/v2\/comments?post=9518"}],"version-history":[{"count":1,"href":"https:\/\/www.bellunopress.it\/fr\/wp-json\/wp\/v2\/posts\/9518\/revisions"}],"predecessor-version":[{"id":9519,"href":"https:\/\/www.bellunopress.it\/fr\/wp-json\/wp\/v2\/posts\/9518\/revisions\/9519"}],"wp:attachment":[{"href":"https:\/\/www.bellunopress.it\/fr\/wp-json\/wp\/v2\/media?parent=9518"}],"wp:term":[{"taxonomy":"category","embeddable":true,"href":"https:\/\/www.bellunopress.it\/fr\/wp-json\/wp\/v2\/categories?post=9518"},{"taxonomy":"post_tag","embeddable":true,"href":"https:\/\/www.bellunopress.it\/fr\/wp-json\/wp\/v2\/tags?post=9518"}],"curies":[{"name":"wp","href":"https:\/\/api.w.org\/{rel}","templated":true}]}}