{"id":9516,"date":"2009-11-06T16:55:37","date_gmt":"2009-11-06T15:55:37","guid":{"rendered":"http:\/\/www.bellunopress.it\/?p=9516"},"modified":"2009-11-06T16:55:37","modified_gmt":"2009-11-06T15:55:37","slug":"assessore-de-kunovich-%c2%abvisitate-ventisei-scuole-del-territorio-per-creare-un-rapporto-diretto-con-i-presidi%c2%bb","status":"publish","type":"post","link":"https:\/\/www.bellunopress.it\/fr\/2009\/11\/06\/assessore-de-kunovich-%c2%abvisitate-ventisei-scuole-del-territorio-per-creare-un-rapporto-diretto-con-i-presidi%c2%bb\/","title":{"rendered":"Assessore De Kunovich: \u00abVisitate ventisei scuole del territorio per creare un rapporto diretto con i presidi\u00bb."},"content":{"rendered":"<figure id=\"attachment_7103\" aria-describedby=\"caption-attachment-7103\" style=\"width: 270px\" class=\"wp-caption alignleft\"><a href=\"http:\/\/www.bellunopress.it\/wp-content\/uploads\/2009\/08\/lorenza-de-kunovich-270x180.jpg\"><img loading=\"lazy\" decoding=\"async\" class=\"size-medium wp-image-7103\" title=\"lorenza-de-kunovich-270x180\" src=\"http:\/\/www.bellunopress.it\/wp-content\/uploads\/2009\/08\/lorenza-de-kunovich-270x180.jpg\" alt=\"Lorenza De Kunovich assessore provinciale\" width=\"270\" height=\"180\" \/><\/a><figcaption id=\"caption-attachment-7103\" class=\"wp-caption-text\">Lorenza De Kunovich assessore provinciale<\/figcaption><\/figure>\n<p>L\u2019assessore all\u2019Edilizia scolastica, Lorenza De Kunovich, ha terminato le visite a tutti gli Istituti delle scuole superiori della provincia di Belluno: \u00abHo voluto prendere visione di ogni singola situazione, al fine di poter avere un quadro completo e di creare un filo diretto con i responsabili di ogni plesso\u00bb. \u00abHo voluto visitare ciascuna scuola del bellunese per vedere con i miei occhi le reali condizioni degli edifici e per ascoltare dalla viva voce dei responsabili quali siano le problematiche che devono essere affrontate &#8211; ha spiegato l\u2019assessore &#8211; . Devo ringraziare la disponibilit\u00e0 dei professori e dei presidi, nonch\u00e9 quella dei tecnici della Provincia che mi hanno seguita nei ventisei appuntamenti organizzati con le scuole\u00bb. \u00abQuella appena conclusa non \u00e8 che una prima fase di incontro, a cui seguiranno &#8211; nel tempo &#8211; ulteriori riunioni per valutare lo stato di fatto dell\u2019edilizia scolastica in provincia &#8211; ha proseguito l\u2019assessore di comparto &#8211; . A tutti i dirigenti scolastici ho garantito la massima disponibilit\u00e0 al confronto, stabilendo cos\u00ec un canale diretto per dialogare con l\u2019amministrazione provinciale\u00bb. \u00abOra non resta che pianificare gli interventi per il prossimo anno, al fine di migliorare la messa in sicurezza di aule e locali &#8211; ha concluso De Kunovich &#8211; . Abbiamo gi\u00e0 alcune idee che attendono solamente la copertura finanziaria necessaria. Certo quello che stiamo attraversando non \u00e8 un periodo che ci permette grandi investimenti, ma come Provincia faremo di tutto per perseguire la nostra politica a favore della sicurezza degli edifici scolastici\u00bb.<\/p>","protected":false},"excerpt":{"rendered":"<p>L\u2019assessore all\u2019Edilizia scolastica, Lorenza De Kunovich, ha terminato le visite a tutti gli Istituti delle scuole superiori della provincia di Belluno: \u00abHo voluto prendere visione di ogni singola situazione, al fine di poter avere un quadro completo e di creare un filo diretto con i responsabili di ogni plesso\u00bb. \u00abHo voluto visitare ciascuna scuola del [&hellip;]<\/p>\n","protected":false},"author":2,"featured_media":0,"comment_status":"closed","ping_status":"open","sticky":false,"template":"","format":"standard","meta":{"footnotes":""},"categories":[5,26],"tags":[139],"class_list":["post-9516","post","type-post","status-publish","format-standard","category-cronaca","category-prima-pagina","tag-belluno"],"yoast_head":"<!-- This site is optimized with the Yoast SEO plugin v28.4 - https:\/\/yoast.com\/product\/yoast-seo-wordpress\/ -->\n<title>Assessore De Kunovich: \u00abVisitate ventisei scuole del territorio per creare un rapporto diretto con i presidi\u00bb. - Bellunopress - Dolomiti<\/title>\n<meta name=\"robots\" content=\"index, follow, max-snippet:-1, max-image-preview:large, max-video-preview:-1\" \/>\n<link rel=\"canonical\" href=\"https:\/\/www.bellunopress.it\/fr\/2009\/11\/06\/assessore-de-kunovich-\u00abvisitate-ventisei-scuole-del-territorio-per-creare-un-rapporto-diretto-con-i-presidi\u00bb\/\" \/>\n<meta property=\"og:locale\" content=\"fr_FR\" \/>\n<meta property=\"og:type\" content=\"article\" \/>\n<meta property=\"og:title\" content=\"Assessore De Kunovich: \u00abVisitate ventisei scuole del territorio per creare un rapporto diretto con i presidi\u00bb. - Bellunopress - Dolomiti\" \/>\n<meta property=\"og:description\" content=\"L\u2019assessore all\u2019Edilizia scolastica, Lorenza De Kunovich, ha terminato le visite a tutti gli Istituti delle scuole superiori della provincia di Belluno: \u00abHo voluto prendere visione di ogni singola situazione, al fine di poter avere un quadro completo e di creare un filo diretto con i responsabili di ogni plesso\u00bb. \u00abHo voluto visitare ciascuna scuola del [&hellip;]\" \/>\n<meta property=\"og:url\" content=\"https:\/\/www.bellunopress.it\/fr\/2009\/11\/06\/assessore-de-kunovich-\u00abvisitate-ventisei-scuole-del-territorio-per-creare-un-rapporto-diretto-con-i-presidi\u00bb\/\" \/>\n<meta property=\"og:site_name\" content=\"Bellunopress - Dolomiti\" \/>\n<meta property=\"article:publisher\" content=\"https:\/\/www.facebook.com\/profile.php?id=100008943462799\" \/>\n<meta property=\"article:published_time\" content=\"2009-11-06T15:55:37+00:00\" \/>\n<meta property=\"og:image\" content=\"http:\/\/www.bellunopress.it\/wp-content\/uploads\/2009\/08\/lorenza-de-kunovich-270x180.jpg\" \/>\n<meta name=\"author\" content=\"redazione\" \/>\n<meta name=\"twitter:card\" content=\"summary_large_image\" \/>\n<meta name=\"twitter:creator\" content=\"@bellunopress\" \/>\n<meta name=\"twitter:site\" content=\"@bellunopress\" \/>\n<meta name=\"twitter:label1\" content=\"\u00c9crit par\" \/>\n\t<meta name=\"twitter:data1\" content=\"redazione\" \/>\n\t<meta name=\"twitter:label2\" content=\"Dur\u00e9e de lecture estim\u00e9e\" \/>\n\t<meta name=\"twitter:data2\" content=\"1 minute\" \/>\n<script type=\"application\/ld+json\" class=\"yoast-schema-graph\">{\"@context\":\"https:\\\/\\\/schema.org\",\"@graph\":[{\"@type\":\"Article\",\"@id\":\"https:\\\/\\\/www.bellunopress.it\\\/2009\\\/11\\\/06\\\/assessore-de-kunovich-%c2%abvisitate-ventisei-scuole-del-territorio-per-creare-un-rapporto-diretto-con-i-presidi%c2%bb\\\/#article\",\"isPartOf\":{\"@id\":\"https:\\\/\\\/www.bellunopress.it\\\/2009\\\/11\\\/06\\\/assessore-de-kunovich-%c2%abvisitate-ventisei-scuole-del-territorio-per-creare-un-rapporto-diretto-con-i-presidi%c2%bb\\\/\"},\"author\":{\"name\":\"redazione\",\"@id\":\"https:\\\/\\\/www.bellunopress.it\\\/#\\\/schema\\\/person\\\/79bb06722b37ece1c03d3e94beb30d73\"},\"headline\":\"Assessore De Kunovich: \u00abVisitate ventisei scuole del territorio per creare un rapporto diretto con i presidi\u00bb.\",\"datePublished\":\"2009-11-06T15:55:37+00:00\",\"mainEntityOfPage\":{\"@id\":\"https:\\\/\\\/www.bellunopress.it\\\/2009\\\/11\\\/06\\\/assessore-de-kunovich-%c2%abvisitate-ventisei-scuole-del-territorio-per-creare-un-rapporto-diretto-con-i-presidi%c2%bb\\\/\"},\"wordCount\":278,\"publisher\":{\"@id\":\"https:\\\/\\\/www.bellunopress.it\\\/#organization\"},\"image\":{\"@id\":\"https:\\\/\\\/www.bellunopress.it\\\/2009\\\/11\\\/06\\\/assessore-de-kunovich-%c2%abvisitate-ventisei-scuole-del-territorio-per-creare-un-rapporto-diretto-con-i-presidi%c2%bb\\\/#primaryimage\"},\"thumbnailUrl\":\"http:\\\/\\\/www.bellunopress.it\\\/wp-content\\\/uploads\\\/2009\\\/08\\\/lorenza-de-kunovich-270x180.jpg\",\"keywords\":[\"Belluno\"],\"articleSection\":[\"Cronaca\\\/Politica\",\"Prima Pagina\"],\"inLanguage\":\"fr-FR\"},{\"@type\":\"WebPage\",\"@id\":\"https:\\\/\\\/www.bellunopress.it\\\/2009\\\/11\\\/06\\\/assessore-de-kunovich-%c2%abvisitate-ventisei-scuole-del-territorio-per-creare-un-rapporto-diretto-con-i-presidi%c2%bb\\\/\",\"url\":\"https:\\\/\\\/www.bellunopress.it\\\/2009\\\/11\\\/06\\\/assessore-de-kunovich-%c2%abvisitate-ventisei-scuole-del-territorio-per-creare-un-rapporto-diretto-con-i-presidi%c2%bb\\\/\",\"name\":\"Assessore De Kunovich: \u00abVisitate ventisei scuole del territorio per creare un rapporto diretto con i presidi\u00bb. - Bellunopress - Dolomiti\",\"isPartOf\":{\"@id\":\"https:\\\/\\\/www.bellunopress.it\\\/#website\"},\"primaryImageOfPage\":{\"@id\":\"https:\\\/\\\/www.bellunopress.it\\\/2009\\\/11\\\/06\\\/assessore-de-kunovich-%c2%abvisitate-ventisei-scuole-del-territorio-per-creare-un-rapporto-diretto-con-i-presidi%c2%bb\\\/#primaryimage\"},\"image\":{\"@id\":\"https:\\\/\\\/www.bellunopress.it\\\/2009\\\/11\\\/06\\\/assessore-de-kunovich-%c2%abvisitate-ventisei-scuole-del-territorio-per-creare-un-rapporto-diretto-con-i-presidi%c2%bb\\\/#primaryimage\"},\"thumbnailUrl\":\"http:\\\/\\\/www.bellunopress.it\\\/wp-content\\\/uploads\\\/2009\\\/08\\\/lorenza-de-kunovich-270x180.jpg\",\"datePublished\":\"2009-11-06T15:55:37+00:00\",\"breadcrumb\":{\"@id\":\"https:\\\/\\\/www.bellunopress.it\\\/2009\\\/11\\\/06\\\/assessore-de-kunovich-%c2%abvisitate-ventisei-scuole-del-territorio-per-creare-un-rapporto-diretto-con-i-presidi%c2%bb\\\/#breadcrumb\"},\"inLanguage\":\"fr-FR\",\"potentialAction\":[{\"@type\":\"ReadAction\",\"target\":[\"https:\\\/\\\/www.bellunopress.it\\\/2009\\\/11\\\/06\\\/assessore-de-kunovich-%c2%abvisitate-ventisei-scuole-del-territorio-per-creare-un-rapporto-diretto-con-i-presidi%c2%bb\\\/\"]}]},{\"@type\":\"ImageObject\",\"inLanguage\":\"fr-FR\",\"@id\":\"https:\\\/\\\/www.bellunopress.it\\\/2009\\\/11\\\/06\\\/assessore-de-kunovich-%c2%abvisitate-ventisei-scuole-del-territorio-per-creare-un-rapporto-diretto-con-i-presidi%c2%bb\\\/#primaryimage\",\"url\":\"http:\\\/\\\/www.bellunopress.it\\\/wp-content\\\/uploads\\\/2009\\\/08\\\/lorenza-de-kunovich-270x180.jpg\",\"contentUrl\":\"http:\\\/\\\/www.bellunopress.it\\\/wp-content\\\/uploads\\\/2009\\\/08\\\/lorenza-de-kunovich-270x180.jpg\"},{\"@type\":\"BreadcrumbList\",\"@id\":\"https:\\\/\\\/www.bellunopress.it\\\/2009\\\/11\\\/06\\\/assessore-de-kunovich-%c2%abvisitate-ventisei-scuole-del-territorio-per-creare-un-rapporto-diretto-con-i-presidi%c2%bb\\\/#breadcrumb\",\"itemListElement\":[{\"@type\":\"ListItem\",\"position\":1,\"name\":\"Home\",\"item\":\"https:\\\/\\\/www.bellunopress.it\\\/\"},{\"@type\":\"ListItem\",\"position\":2,\"name\":\"Assessore De Kunovich: \u00abVisitate ventisei scuole del territorio per creare un rapporto diretto con i presidi\u00bb.\"}]},{\"@type\":\"WebSite\",\"@id\":\"https:\\\/\\\/www.bellunopress.it\\\/#website\",\"url\":\"https:\\\/\\\/www.bellunopress.it\\\/\",\"name\":\"Bellunopress - Dolomiti\",\"description\":\"e-mail: redazione@bellunopress.it\",\"publisher\":{\"@id\":\"https:\\\/\\\/www.bellunopress.it\\\/#organization\"},\"potentialAction\":[{\"@type\":\"SearchAction\",\"target\":{\"@type\":\"EntryPoint\",\"urlTemplate\":\"https:\\\/\\\/www.bellunopress.it\\\/?s={search_term_string}\"},\"query-input\":{\"@type\":\"PropertyValueSpecification\",\"valueRequired\":true,\"valueName\":\"search_term_string\"}}],\"inLanguage\":\"fr-FR\"},{\"@type\":\"Organization\",\"@id\":\"https:\\\/\\\/www.bellunopress.it\\\/#organization\",\"name\":\"Bellunopress\",\"url\":\"https:\\\/\\\/www.bellunopress.it\\\/\",\"logo\":{\"@type\":\"ImageObject\",\"inLanguage\":\"fr-FR\",\"@id\":\"https:\\\/\\\/www.bellunopress.it\\\/#\\\/schema\\\/logo\\\/image\\\/\",\"url\":\"https:\\\/\\\/www.bellunopress.it\\\/wp-content\\\/uploads\\\/2011\\\/05\\\/cropped-logo-bellunopress-.jpg\",\"contentUrl\":\"https:\\\/\\\/www.bellunopress.it\\\/wp-content\\\/uploads\\\/2011\\\/05\\\/cropped-logo-bellunopress-.jpg\",\"width\":512,\"height\":512,\"caption\":\"Bellunopress\"},\"image\":{\"@id\":\"https:\\\/\\\/www.bellunopress.it\\\/#\\\/schema\\\/logo\\\/image\\\/\"},\"sameAs\":[\"https:\\\/\\\/www.facebook.com\\\/profile.php?id=100008943462799\",\"https:\\\/\\\/x.com\\\/bellunopress\",\"https:\\\/\\\/www.linkedin.com\\\/hp\\\/?dnr=JBzUWaJfMUw8vbXJJ2tVW5-I3jZKvC4wsoxE&amp;amp;amp;amp;amp;amp;trk=nav_responsive_tab_home\",\"https:\\\/\\\/www.youtube.com\\\/channel\\\/UCxL0wu1uN0_3_7hGG0306cw\"]},{\"@type\":\"Person\",\"@id\":\"https:\\\/\\\/www.bellunopress.it\\\/#\\\/schema\\\/person\\\/79bb06722b37ece1c03d3e94beb30d73\",\"name\":\"redazione\",\"image\":{\"@type\":\"ImageObject\",\"inLanguage\":\"fr-FR\",\"@id\":\"https:\\\/\\\/secure.gravatar.com\\\/avatar\\\/37d968a2e67a6fd04c169c4bdef102d0bc5d31b2546345219e348575eb80e9a0?s=96&d=mm&r=g\",\"url\":\"https:\\\/\\\/secure.gravatar.com\\\/avatar\\\/37d968a2e67a6fd04c169c4bdef102d0bc5d31b2546345219e348575eb80e9a0?s=96&d=mm&r=g\",\"contentUrl\":\"https:\\\/\\\/secure.gravatar.com\\\/avatar\\\/37d968a2e67a6fd04c169c4bdef102d0bc5d31b2546345219e348575eb80e9a0?s=96&d=mm&r=g\",\"caption\":\"redazione\"},\"sameAs\":[\"http:\\\/\\\/www.bellunopress.it\",\"https:\\\/\\\/x.com\\\/bellunopress\"],\"url\":\"https:\\\/\\\/www.bellunopress.it\\\/fr\\\/author\\\/redazione\\\/\"}]}<\/script>\n<!-- \/ Yoast SEO plugin. -->","yoast_head_json":{"title":"Assessore De Kunovich: \u00abVisitate ventisei scuole del territorio per creare un rapporto diretto con i presidi\u00bb. - Bellunopress - Dolomiti","robots":{"index":"index","follow":"follow","max-snippet":"max-snippet:-1","max-image-preview":"max-image-preview:large","max-video-preview":"max-video-preview:-1"},"canonical":"https:\/\/www.bellunopress.it\/fr\/2009\/11\/06\/assessore-de-kunovich-\u00abvisitate-ventisei-scuole-del-territorio-per-creare-un-rapporto-diretto-con-i-presidi\u00bb\/","og_locale":"fr_FR","og_type":"article","og_title":"Assessore De Kunovich: \u00abVisitate ventisei scuole del territorio per creare un rapporto diretto con i presidi\u00bb. - Bellunopress - Dolomiti","og_description":"L\u2019assessore all\u2019Edilizia scolastica, Lorenza De Kunovich, ha terminato le visite a tutti gli Istituti delle scuole superiori della provincia di Belluno: \u00abHo voluto prendere visione di ogni singola situazione, al fine di poter avere un quadro completo e di creare un filo diretto con i responsabili di ogni plesso\u00bb. \u00abHo voluto visitare ciascuna scuola del [&hellip;]","og_url":"https:\/\/www.bellunopress.it\/fr\/2009\/11\/06\/assessore-de-kunovich-\u00abvisitate-ventisei-scuole-del-territorio-per-creare-un-rapporto-diretto-con-i-presidi\u00bb\/","og_site_name":"Bellunopress - Dolomiti","article_publisher":"https:\/\/www.facebook.com\/profile.php?id=100008943462799","article_published_time":"2009-11-06T15:55:37+00:00","og_image":[{"url":"http:\/\/www.bellunopress.it\/wp-content\/uploads\/2009\/08\/lorenza-de-kunovich-270x180.jpg","type":"","width":"","height":""}],"author":"redazione","twitter_card":"summary_large_image","twitter_creator":"@bellunopress","twitter_site":"@bellunopress","twitter_misc":{"\u00c9crit par":"redazione","Dur\u00e9e de lecture estim\u00e9e":"1 minute"},"schema":{"@context":"https:\/\/schema.org","@graph":[{"@type":"Article","@id":"https:\/\/www.bellunopress.it\/2009\/11\/06\/assessore-de-kunovich-%c2%abvisitate-ventisei-scuole-del-territorio-per-creare-un-rapporto-diretto-con-i-presidi%c2%bb\/#article","isPartOf":{"@id":"https:\/\/www.bellunopress.it\/2009\/11\/06\/assessore-de-kunovich-%c2%abvisitate-ventisei-scuole-del-territorio-per-creare-un-rapporto-diretto-con-i-presidi%c2%bb\/"},"author":{"name":"redazione","@id":"https:\/\/www.bellunopress.it\/#\/schema\/person\/79bb06722b37ece1c03d3e94beb30d73"},"headline":"Assessore De Kunovich: \u00abVisitate ventisei scuole del territorio per creare un rapporto diretto con i presidi\u00bb.","datePublished":"2009-11-06T15:55:37+00:00","mainEntityOfPage":{"@id":"https:\/\/www.bellunopress.it\/2009\/11\/06\/assessore-de-kunovich-%c2%abvisitate-ventisei-scuole-del-territorio-per-creare-un-rapporto-diretto-con-i-presidi%c2%bb\/"},"wordCount":278,"publisher":{"@id":"https:\/\/www.bellunopress.it\/#organization"},"image":{"@id":"https:\/\/www.bellunopress.it\/2009\/11\/06\/assessore-de-kunovich-%c2%abvisitate-ventisei-scuole-del-territorio-per-creare-un-rapporto-diretto-con-i-presidi%c2%bb\/#primaryimage"},"thumbnailUrl":"http:\/\/www.bellunopress.it\/wp-content\/uploads\/2009\/08\/lorenza-de-kunovich-270x180.jpg","keywords":["Belluno"],"articleSection":["Cronaca\/Politica","Prima Pagina"],"inLanguage":"fr-FR"},{"@type":"WebPage","@id":"https:\/\/www.bellunopress.it\/2009\/11\/06\/assessore-de-kunovich-%c2%abvisitate-ventisei-scuole-del-territorio-per-creare-un-rapporto-diretto-con-i-presidi%c2%bb\/","url":"https:\/\/www.bellunopress.it\/2009\/11\/06\/assessore-de-kunovich-%c2%abvisitate-ventisei-scuole-del-territorio-per-creare-un-rapporto-diretto-con-i-presidi%c2%bb\/","name":"Assessore De Kunovich: \u00abVisitate ventisei scuole del territorio per creare un rapporto diretto con i presidi\u00bb. - Bellunopress - Dolomiti","isPartOf":{"@id":"https:\/\/www.bellunopress.it\/#website"},"primaryImageOfPage":{"@id":"https:\/\/www.bellunopress.it\/2009\/11\/06\/assessore-de-kunovich-%c2%abvisitate-ventisei-scuole-del-territorio-per-creare-un-rapporto-diretto-con-i-presidi%c2%bb\/#primaryimage"},"image":{"@id":"https:\/\/www.bellunopress.it\/2009\/11\/06\/assessore-de-kunovich-%c2%abvisitate-ventisei-scuole-del-territorio-per-creare-un-rapporto-diretto-con-i-presidi%c2%bb\/#primaryimage"},"thumbnailUrl":"http:\/\/www.bellunopress.it\/wp-content\/uploads\/2009\/08\/lorenza-de-kunovich-270x180.jpg","datePublished":"2009-11-06T15:55:37+00:00","breadcrumb":{"@id":"https:\/\/www.bellunopress.it\/2009\/11\/06\/assessore-de-kunovich-%c2%abvisitate-ventisei-scuole-del-territorio-per-creare-un-rapporto-diretto-con-i-presidi%c2%bb\/#breadcrumb"},"inLanguage":"fr-FR","potentialAction":[{"@type":"ReadAction","target":["https:\/\/www.bellunopress.it\/2009\/11\/06\/assessore-de-kunovich-%c2%abvisitate-ventisei-scuole-del-territorio-per-creare-un-rapporto-diretto-con-i-presidi%c2%bb\/"]}]},{"@type":"ImageObject","inLanguage":"fr-FR","@id":"https:\/\/www.bellunopress.it\/2009\/11\/06\/assessore-de-kunovich-%c2%abvisitate-ventisei-scuole-del-territorio-per-creare-un-rapporto-diretto-con-i-presidi%c2%bb\/#primaryimage","url":"http:\/\/www.bellunopress.it\/wp-content\/uploads\/2009\/08\/lorenza-de-kunovich-270x180.jpg","contentUrl":"http:\/\/www.bellunopress.it\/wp-content\/uploads\/2009\/08\/lorenza-de-kunovich-270x180.jpg"},{"@type":"BreadcrumbList","@id":"https:\/\/www.bellunopress.it\/2009\/11\/06\/assessore-de-kunovich-%c2%abvisitate-ventisei-scuole-del-territorio-per-creare-un-rapporto-diretto-con-i-presidi%c2%bb\/#breadcrumb","itemListElement":[{"@type":"ListItem","position":1,"name":"Home","item":"https:\/\/www.bellunopress.it\/"},{"@type":"ListItem","position":2,"name":"Assessore De Kunovich: \u00abVisitate ventisei scuole del territorio per creare un rapporto diretto con i presidi\u00bb."}]},{"@type":"WebSite","@id":"https:\/\/www.bellunopress.it\/#website","url":"https:\/\/www.bellunopress.it\/","name":"Bellunopress - Dolomiti","description":"e-mail: redazione@bellunopress.it","publisher":{"@id":"https:\/\/www.bellunopress.it\/#organization"},"potentialAction":[{"@type":"SearchAction","target":{"@type":"EntryPoint","urlTemplate":"https:\/\/www.bellunopress.it\/?s={search_term_string}"},"query-input":{"@type":"PropertyValueSpecification","valueRequired":true,"valueName":"search_term_string"}}],"inLanguage":"fr-FR"},{"@type":"Organization","@id":"https:\/\/www.bellunopress.it\/#organization","name":"Bellunopress","url":"https:\/\/www.bellunopress.it\/","logo":{"@type":"ImageObject","inLanguage":"fr-FR","@id":"https:\/\/www.bellunopress.it\/#\/schema\/logo\/image\/","url":"https:\/\/www.bellunopress.it\/wp-content\/uploads\/2011\/05\/cropped-logo-bellunopress-.jpg","contentUrl":"https:\/\/www.bellunopress.it\/wp-content\/uploads\/2011\/05\/cropped-logo-bellunopress-.jpg","width":512,"height":512,"caption":"Bellunopress"},"image":{"@id":"https:\/\/www.bellunopress.it\/#\/schema\/logo\/image\/"},"sameAs":["https:\/\/www.facebook.com\/profile.php?id=100008943462799","https:\/\/x.com\/bellunopress","https:\/\/www.linkedin.com\/hp\/?dnr=JBzUWaJfMUw8vbXJJ2tVW5-I3jZKvC4wsoxE&amp;amp;amp;amp;amp;amp;trk=nav_responsive_tab_home","https:\/\/www.youtube.com\/channel\/UCxL0wu1uN0_3_7hGG0306cw"]},{"@type":"Person","@id":"https:\/\/www.bellunopress.it\/#\/schema\/person\/79bb06722b37ece1c03d3e94beb30d73","name":"r\u00e9daction","image":{"@type":"ImageObject","inLanguage":"fr-FR","@id":"https:\/\/secure.gravatar.com\/avatar\/37d968a2e67a6fd04c169c4bdef102d0bc5d31b2546345219e348575eb80e9a0?s=96&d=mm&r=g","url":"https:\/\/secure.gravatar.com\/avatar\/37d968a2e67a6fd04c169c4bdef102d0bc5d31b2546345219e348575eb80e9a0?s=96&d=mm&r=g","contentUrl":"https:\/\/secure.gravatar.com\/avatar\/37d968a2e67a6fd04c169c4bdef102d0bc5d31b2546345219e348575eb80e9a0?s=96&d=mm&r=g","caption":"redazione"},"sameAs":["http:\/\/www.bellunopress.it","https:\/\/x.com\/bellunopress"],"url":"https:\/\/www.bellunopress.it\/fr\/author\/redazione\/"}]}},"_links":{"self":[{"href":"https:\/\/www.bellunopress.it\/fr\/wp-json\/wp\/v2\/posts\/9516","targetHints":{"allow":["GET"]}}],"collection":[{"href":"https:\/\/www.bellunopress.it\/fr\/wp-json\/wp\/v2\/posts"}],"about":[{"href":"https:\/\/www.bellunopress.it\/fr\/wp-json\/wp\/v2\/types\/post"}],"author":[{"embeddable":true,"href":"https:\/\/www.bellunopress.it\/fr\/wp-json\/wp\/v2\/users\/2"}],"replies":[{"embeddable":true,"href":"https:\/\/www.bellunopress.it\/fr\/wp-json\/wp\/v2\/comments?post=9516"}],"version-history":[{"count":1,"href":"https:\/\/www.bellunopress.it\/fr\/wp-json\/wp\/v2\/posts\/9516\/revisions"}],"predecessor-version":[{"id":9517,"href":"https:\/\/www.bellunopress.it\/fr\/wp-json\/wp\/v2\/posts\/9516\/revisions\/9517"}],"wp:attachment":[{"href":"https:\/\/www.bellunopress.it\/fr\/wp-json\/wp\/v2\/media?parent=9516"}],"wp:term":[{"taxonomy":"category","embeddable":true,"href":"https:\/\/www.bellunopress.it\/fr\/wp-json\/wp\/v2\/categories?post=9516"},{"taxonomy":"post_tag","embeddable":true,"href":"https:\/\/www.bellunopress.it\/fr\/wp-json\/wp\/v2\/tags?post=9516"}],"curies":[{"name":"wp","href":"https:\/\/api.w.org\/{rel}","templated":true}]}}