{"id":95058,"date":"2018-05-18T10:35:15","date_gmt":"2018-05-18T08:35:15","guid":{"rendered":"http:\/\/www.bellunopress.it\/?p=95058"},"modified":"2018-05-18T10:35:27","modified_gmt":"2018-05-18T08:35:27","slug":"vino-in-villa-2018-al-castello-di-san-salvatore-a-susegana-dal-19-al-21-maggio","status":"publish","type":"post","link":"https:\/\/www.bellunopress.it\/fr\/2018\/05\/18\/vino-in-villa-2018-al-castello-di-san-salvatore-a-susegana-dal-19-al-21-maggio\/","title":{"rendered":"Vino in Villa 2018 al Castello di San Salvatore a Susegana, dal 19 al 21 maggio"},"content":{"rendered":"<p>Degustare un calice di Prosecco Superiore tra le mura della sala d\u2019armi di uno splendido castello, in un borgo del XIII secolo, oppure passeggiando in un giardino che profuma di stona, affacciato su uno paesaggio incantevole che \u00e8 un susseguirsi di colline ricamate da Vigneti del Conegliano Valdobbiadene candidate a Patrimonio Unesco dell\u2019Umanit\u00e0. \u00c8 solo un cenno all\u2019atmosfera che si vivr\u00e0 domenica 20 maggio a Vino in Villa, il tradizionale appuntamento che i produttori della Docg riservano al pubblico di appassionati e che avr\u00e0 come cornice il Castello di San Salvatore di Susegana.<\/p>\n<p><a href=\"http:\/\/www.bellunopress.it\/fr\/2018\/05\/18\/vino-in-villa-2018-al-castello-di-san-salvatore-a-susegana-dal-19-al-21-maggio\/castello-di-san-salvatore-collalto-susegana\/\" rel=\"attachment wp-att-95059\"><img loading=\"lazy\" decoding=\"async\" class=\"alignleft size-full wp-image-95059\" src=\"http:\/\/www.bellunopress.it\/wp-content\/uploads\/2018\/05\/castello-di-San-Salvatore-Collalto-Susegana.jpg\" alt=\"\" width=\"300\" height=\"199\" \/><\/a>La manifestazione, organizzata dal Consorzio di Tutela del Conegliano Valdobbiadene Prosecco Superiore, si svolger\u00e0 Dal 19 al 21 Maggio con diverse attivit\u00e0 che animeranno i dolci, ma talvolta anche impervi pendii gi\u00e0 cari ad Andrea Zanzotto.<\/p>\n<p>Vino in Villa offrir\u00e0 agli ospiti e agli appassionati un viaggio alla scoperta delle molteplici sfumature del Conegliano Valdobbiadene Prosecco Superiore Docg. Grazie alla presenza di banchi d\u2019assaggio con circa 300 etichette provenienti da realt\u00e0 diverse della Denominazione, verranno presentati i prodotti dell\u2019ultima annata. Una giornata di degustazione dello spumante \u201cfatto a mano\u201d che diventa l\u2019occasione perfetta per conoscere di persona i produttori e la loro filosofia.<\/p>\n<p>Durante l\u2019appuntamento si potr\u00e0 partecipare inoltre a dei mini-corsi di degustazione e approfondimento per scoprire le molteplici espressioni del Conegliano Valdobbiadene Prosecco Superiore.<\/p>\n<p>Sono previsti vari eventi collaterali come i tour nel territorio alla scoperta di luoghi artistici e culturali (sabato 19 e domenica 20 maggio) e il convegno con autorevoli esponenti nazionali e internazionali dei mondo del vino e della viticoltura \u201cGli Stati Generali del Conegliano Valdobbiadene Prosecco Superiore Docg\u201d (lunedi 21 maggio).<\/p>\n<p>Vino inVilla al Castello di San Salvatore di Susegana nella giornata del 20 maggio sara\u2019 aperto dalle 10,30 alle 20.<\/p>\n<p>Vino in Villa festival della cultura e del vino \u00a0nella terra del Prosecco Superiore<\/p>\n<p><strong>Vino in Villa<\/strong><\/p>\n<p>Vino in Villa \u00e8 il pi\u00f9 importante appuntamento annuale dedicato al Conegliano Valdobbiadene. Si tiene il terzo week end di maggio nel cuore dell\u2019area di produzione presso lo splendido Castello di S. Salvatore di Susegana, risalente al XII secolo. Durante la manifestazione, i produttori presentano personalmente al pubblico i vini dell\u2019ultima vendemmia e il programma prevede seminari, incontri con gli esperti, degustazioni di approfondimento. Vino in Villa \u00e8 anche l\u2019occasione ideale per scoprire le molte opportunit\u00e0 turistiche dell\u2019area: il suggestivo ambiente naturale si sposa con l\u2019opera dell\u2019uomo, che nei secoli lo ha impreziosito attraverso l\u2019architettura, l\u2019arte figurativa, la musica e la poesia.<\/p>\n<p>Un banco d\u2019assaggio con circa 300 etichette, in un contesto dalla commovente bellezza: Vino in Villa \u00e8 un\u2019opportunit\u00e0 per conoscere il Prosecco Superiore nel suo habitat naturale. Un castello del tredicesimo secolo e colline ricamate a mano, candidate a diventare patrimonio UNESCO, da osservare incantati con in mano un calice dello spumante DOCG pi\u00f9 amato nel mondo. L\u2019evento \u00e8 dedicato alla scoperta dello storico territorio di produzione, attraverso l\u2019incontro con 80 produttori, che vanno dalle grandi case spumantistiche alle piccole cantine artigiane. Saranno loro stessi a raccontare la loro storia, filosofia e peculiarit\u00e0, volte a presentare la nuova annata, prodotta da una vendemmia che sar\u00e0 ricordata come una delle migliori dell\u2019ultimo decennio. Il festival offre a operatori del settore, giornalisti e consumatori una full immersion nel mondo del Prosecco Superiore.<\/p>\n<p>Il centro dell\u2019azione non si limita per\u00f2 al banco di degustazione, la scoperta del Conegliano Valdobbiadene continua al di l\u00e0 delle mura, in un tour che tocca le principali localit\u00e0 e bellezze della Denominazione. Il territorio \u00e8 vivo ed energico come il suo spumante, non resta che farsi sedurre dalla proposte gastronomiche, culturali ed artistiche che animano le colline. Per gli amanti della buona tavola, in occasione di Vino in Villa i principali ristoranti propongono i Men\u00f9 del Conegliano Valdobbiadene, dove le bollicine della denominazione sono abbinate alla cucina locale, con ingredienti tipici e di stagione, rivisti con un po` di creativit\u00e0.<\/p>","protected":false},"excerpt":{"rendered":"<p>Degustare un calice di Prosecco Superiore tra le mura della sala d\u2019armi di uno splendido castello, in un borgo del XIII secolo, oppure passeggiando in un giardino che profuma di stona, affacciato su uno paesaggio incantevole che \u00e8 un susseguirsi di colline ricamate da Vigneti del Conegliano Valdobbiadene candidate a Patrimonio Unesco dell\u2019Umanit\u00e0. \u00c8 solo [&hellip;]<\/p>\n","protected":false},"author":2,"featured_media":0,"comment_status":"closed","ping_status":"open","sticky":false,"template":"","format":"standard","meta":{"footnotes":""},"categories":[27,25,4],"tags":[],"class_list":["post-95058","post","type-post","status-publish","format-standard","category-appuntamenti","category-pausa-caffe","category-sport"],"yoast_head":"<!-- This site is optimized with the Yoast SEO plugin v28.4 - https:\/\/yoast.com\/product\/yoast-seo-wordpress\/ -->\n<title>Vino in Villa 2018 al Castello di San Salvatore a Susegana, dal 19 al 21 maggio - Bellunopress - Dolomiti<\/title>\n<meta name=\"robots\" content=\"index, follow, max-snippet:-1, max-image-preview:large, max-video-preview:-1\" \/>\n<link rel=\"canonical\" href=\"https:\/\/www.bellunopress.it\/fr\/2018\/05\/18\/vino-in-villa-2018-al-castello-di-san-salvatore-a-susegana-dal-19-al-21-maggio\/\" \/>\n<meta property=\"og:locale\" content=\"fr_FR\" \/>\n<meta property=\"og:type\" content=\"article\" \/>\n<meta property=\"og:title\" content=\"Vino in Villa 2018 al Castello di San Salvatore a Susegana, dal 19 al 21 maggio - Bellunopress - Dolomiti\" \/>\n<meta property=\"og:description\" content=\"Degustare un calice di Prosecco Superiore tra le mura della sala d\u2019armi di uno splendido castello, in un borgo del XIII secolo, oppure passeggiando in un giardino che profuma di stona, affacciato su uno paesaggio incantevole che \u00e8 un susseguirsi di colline ricamate da Vigneti del Conegliano Valdobbiadene candidate a Patrimonio Unesco dell\u2019Umanit\u00e0. \u00c8 solo [&hellip;]\" \/>\n<meta property=\"og:url\" content=\"https:\/\/www.bellunopress.it\/fr\/2018\/05\/18\/vino-in-villa-2018-al-castello-di-san-salvatore-a-susegana-dal-19-al-21-maggio\/\" \/>\n<meta property=\"og:site_name\" content=\"Bellunopress - Dolomiti\" \/>\n<meta property=\"article:publisher\" content=\"https:\/\/www.facebook.com\/profile.php?id=100008943462799\" \/>\n<meta property=\"article:published_time\" content=\"2018-05-18T08:35:15+00:00\" \/>\n<meta property=\"article:modified_time\" content=\"2018-05-18T08:35:27+00:00\" \/>\n<meta property=\"og:image\" content=\"http:\/\/www.bellunopress.it\/wp-content\/uploads\/2018\/05\/castello-di-San-Salvatore-Collalto-Susegana.jpg\" \/>\n<meta name=\"author\" content=\"redazione\" \/>\n<meta name=\"twitter:card\" content=\"summary_large_image\" \/>\n<meta name=\"twitter:creator\" content=\"@bellunopress\" \/>\n<meta name=\"twitter:site\" content=\"@bellunopress\" \/>\n<meta name=\"twitter:label1\" content=\"\u00c9crit par\" \/>\n\t<meta name=\"twitter:data1\" content=\"redazione\" \/>\n\t<meta name=\"twitter:label2\" content=\"Dur\u00e9e de lecture estim\u00e9e\" \/>\n\t<meta name=\"twitter:data2\" content=\"3 minutes\" \/>\n<script type=\"application\/ld+json\" class=\"yoast-schema-graph\">{\"@context\":\"https:\\\/\\\/schema.org\",\"@graph\":[{\"@type\":\"Article\",\"@id\":\"https:\\\/\\\/www.bellunopress.it\\\/2018\\\/05\\\/18\\\/vino-in-villa-2018-al-castello-di-san-salvatore-a-susegana-dal-19-al-21-maggio\\\/#article\",\"isPartOf\":{\"@id\":\"https:\\\/\\\/www.bellunopress.it\\\/2018\\\/05\\\/18\\\/vino-in-villa-2018-al-castello-di-san-salvatore-a-susegana-dal-19-al-21-maggio\\\/\"},\"author\":{\"name\":\"redazione\",\"@id\":\"https:\\\/\\\/www.bellunopress.it\\\/#\\\/schema\\\/person\\\/79bb06722b37ece1c03d3e94beb30d73\"},\"headline\":\"Vino in Villa 2018 al Castello di San Salvatore a Susegana, dal 19 al 21 maggio\",\"datePublished\":\"2018-05-18T08:35:15+00:00\",\"dateModified\":\"2018-05-18T08:35:27+00:00\",\"mainEntityOfPage\":{\"@id\":\"https:\\\/\\\/www.bellunopress.it\\\/2018\\\/05\\\/18\\\/vino-in-villa-2018-al-castello-di-san-salvatore-a-susegana-dal-19-al-21-maggio\\\/\"},\"wordCount\":656,\"publisher\":{\"@id\":\"https:\\\/\\\/www.bellunopress.it\\\/#organization\"},\"image\":{\"@id\":\"https:\\\/\\\/www.bellunopress.it\\\/2018\\\/05\\\/18\\\/vino-in-villa-2018-al-castello-di-san-salvatore-a-susegana-dal-19-al-21-maggio\\\/#primaryimage\"},\"thumbnailUrl\":\"http:\\\/\\\/www.bellunopress.it\\\/wp-content\\\/uploads\\\/2018\\\/05\\\/castello-di-San-Salvatore-Collalto-Susegana.jpg\",\"articleSection\":[\"Appuntamenti, Eventi\",\"Pausa Caff\u00e8\",\"Sport, tempo libero\"],\"inLanguage\":\"fr-FR\"},{\"@type\":\"WebPage\",\"@id\":\"https:\\\/\\\/www.bellunopress.it\\\/2018\\\/05\\\/18\\\/vino-in-villa-2018-al-castello-di-san-salvatore-a-susegana-dal-19-al-21-maggio\\\/\",\"url\":\"https:\\\/\\\/www.bellunopress.it\\\/2018\\\/05\\\/18\\\/vino-in-villa-2018-al-castello-di-san-salvatore-a-susegana-dal-19-al-21-maggio\\\/\",\"name\":\"Vino in Villa 2018 al Castello di San Salvatore a Susegana, dal 19 al 21 maggio - Bellunopress - Dolomiti\",\"isPartOf\":{\"@id\":\"https:\\\/\\\/www.bellunopress.it\\\/#website\"},\"primaryImageOfPage\":{\"@id\":\"https:\\\/\\\/www.bellunopress.it\\\/2018\\\/05\\\/18\\\/vino-in-villa-2018-al-castello-di-san-salvatore-a-susegana-dal-19-al-21-maggio\\\/#primaryimage\"},\"image\":{\"@id\":\"https:\\\/\\\/www.bellunopress.it\\\/2018\\\/05\\\/18\\\/vino-in-villa-2018-al-castello-di-san-salvatore-a-susegana-dal-19-al-21-maggio\\\/#primaryimage\"},\"thumbnailUrl\":\"http:\\\/\\\/www.bellunopress.it\\\/wp-content\\\/uploads\\\/2018\\\/05\\\/castello-di-San-Salvatore-Collalto-Susegana.jpg\",\"datePublished\":\"2018-05-18T08:35:15+00:00\",\"dateModified\":\"2018-05-18T08:35:27+00:00\",\"breadcrumb\":{\"@id\":\"https:\\\/\\\/www.bellunopress.it\\\/2018\\\/05\\\/18\\\/vino-in-villa-2018-al-castello-di-san-salvatore-a-susegana-dal-19-al-21-maggio\\\/#breadcrumb\"},\"inLanguage\":\"fr-FR\",\"potentialAction\":[{\"@type\":\"ReadAction\",\"target\":[\"https:\\\/\\\/www.bellunopress.it\\\/2018\\\/05\\\/18\\\/vino-in-villa-2018-al-castello-di-san-salvatore-a-susegana-dal-19-al-21-maggio\\\/\"]}]},{\"@type\":\"ImageObject\",\"inLanguage\":\"fr-FR\",\"@id\":\"https:\\\/\\\/www.bellunopress.it\\\/2018\\\/05\\\/18\\\/vino-in-villa-2018-al-castello-di-san-salvatore-a-susegana-dal-19-al-21-maggio\\\/#primaryimage\",\"url\":\"http:\\\/\\\/www.bellunopress.it\\\/wp-content\\\/uploads\\\/2018\\\/05\\\/castello-di-San-Salvatore-Collalto-Susegana.jpg\",\"contentUrl\":\"http:\\\/\\\/www.bellunopress.it\\\/wp-content\\\/uploads\\\/2018\\\/05\\\/castello-di-San-Salvatore-Collalto-Susegana.jpg\"},{\"@type\":\"BreadcrumbList\",\"@id\":\"https:\\\/\\\/www.bellunopress.it\\\/2018\\\/05\\\/18\\\/vino-in-villa-2018-al-castello-di-san-salvatore-a-susegana-dal-19-al-21-maggio\\\/#breadcrumb\",\"itemListElement\":[{\"@type\":\"ListItem\",\"position\":1,\"name\":\"Home\",\"item\":\"https:\\\/\\\/www.bellunopress.it\\\/\"},{\"@type\":\"ListItem\",\"position\":2,\"name\":\"Vino in Villa 2018 al Castello di San Salvatore a Susegana, dal 19 al 21 maggio\"}]},{\"@type\":\"WebSite\",\"@id\":\"https:\\\/\\\/www.bellunopress.it\\\/#website\",\"url\":\"https:\\\/\\\/www.bellunopress.it\\\/\",\"name\":\"Bellunopress - Dolomiti\",\"description\":\"e-mail: redazione@bellunopress.it\",\"publisher\":{\"@id\":\"https:\\\/\\\/www.bellunopress.it\\\/#organization\"},\"potentialAction\":[{\"@type\":\"SearchAction\",\"target\":{\"@type\":\"EntryPoint\",\"urlTemplate\":\"https:\\\/\\\/www.bellunopress.it\\\/?s={search_term_string}\"},\"query-input\":{\"@type\":\"PropertyValueSpecification\",\"valueRequired\":true,\"valueName\":\"search_term_string\"}}],\"inLanguage\":\"fr-FR\"},{\"@type\":\"Organization\",\"@id\":\"https:\\\/\\\/www.bellunopress.it\\\/#organization\",\"name\":\"Bellunopress\",\"url\":\"https:\\\/\\\/www.bellunopress.it\\\/\",\"logo\":{\"@type\":\"ImageObject\",\"inLanguage\":\"fr-FR\",\"@id\":\"https:\\\/\\\/www.bellunopress.it\\\/#\\\/schema\\\/logo\\\/image\\\/\",\"url\":\"https:\\\/\\\/www.bellunopress.it\\\/wp-content\\\/uploads\\\/2011\\\/05\\\/cropped-logo-bellunopress-.jpg\",\"contentUrl\":\"https:\\\/\\\/www.bellunopress.it\\\/wp-content\\\/uploads\\\/2011\\\/05\\\/cropped-logo-bellunopress-.jpg\",\"width\":512,\"height\":512,\"caption\":\"Bellunopress\"},\"image\":{\"@id\":\"https:\\\/\\\/www.bellunopress.it\\\/#\\\/schema\\\/logo\\\/image\\\/\"},\"sameAs\":[\"https:\\\/\\\/www.facebook.com\\\/profile.php?id=100008943462799\",\"https:\\\/\\\/x.com\\\/bellunopress\",\"https:\\\/\\\/www.linkedin.com\\\/hp\\\/?dnr=JBzUWaJfMUw8vbXJJ2tVW5-I3jZKvC4wsoxE&amp;amp;amp;amp;amp;amp;trk=nav_responsive_tab_home\",\"https:\\\/\\\/www.youtube.com\\\/channel\\\/UCxL0wu1uN0_3_7hGG0306cw\"]},{\"@type\":\"Person\",\"@id\":\"https:\\\/\\\/www.bellunopress.it\\\/#\\\/schema\\\/person\\\/79bb06722b37ece1c03d3e94beb30d73\",\"name\":\"redazione\",\"image\":{\"@type\":\"ImageObject\",\"inLanguage\":\"fr-FR\",\"@id\":\"https:\\\/\\\/secure.gravatar.com\\\/avatar\\\/37d968a2e67a6fd04c169c4bdef102d0bc5d31b2546345219e348575eb80e9a0?s=96&d=mm&r=g\",\"url\":\"https:\\\/\\\/secure.gravatar.com\\\/avatar\\\/37d968a2e67a6fd04c169c4bdef102d0bc5d31b2546345219e348575eb80e9a0?s=96&d=mm&r=g\",\"contentUrl\":\"https:\\\/\\\/secure.gravatar.com\\\/avatar\\\/37d968a2e67a6fd04c169c4bdef102d0bc5d31b2546345219e348575eb80e9a0?s=96&d=mm&r=g\",\"caption\":\"redazione\"},\"sameAs\":[\"http:\\\/\\\/www.bellunopress.it\",\"https:\\\/\\\/x.com\\\/bellunopress\"],\"url\":\"https:\\\/\\\/www.bellunopress.it\\\/fr\\\/author\\\/redazione\\\/\"}]}<\/script>\n<!-- \/ Yoast SEO plugin. -->","yoast_head_json":{"title":"Vino in Villa 2018 al Castello di San Salvatore a Susegana, dal 19 al 21 maggio - Bellunopress - Dolomiti","robots":{"index":"index","follow":"follow","max-snippet":"max-snippet:-1","max-image-preview":"max-image-preview:large","max-video-preview":"max-video-preview:-1"},"canonical":"https:\/\/www.bellunopress.it\/fr\/2018\/05\/18\/vino-in-villa-2018-al-castello-di-san-salvatore-a-susegana-dal-19-al-21-maggio\/","og_locale":"fr_FR","og_type":"article","og_title":"Vino in Villa 2018 al Castello di San Salvatore a Susegana, dal 19 al 21 maggio - Bellunopress - Dolomiti","og_description":"Degustare un calice di Prosecco Superiore tra le mura della sala d\u2019armi di uno splendido castello, in un borgo del XIII secolo, oppure passeggiando in un giardino che profuma di stona, affacciato su uno paesaggio incantevole che \u00e8 un susseguirsi di colline ricamate da Vigneti del Conegliano Valdobbiadene candidate a Patrimonio Unesco dell\u2019Umanit\u00e0. \u00c8 solo [&hellip;]","og_url":"https:\/\/www.bellunopress.it\/fr\/2018\/05\/18\/vino-in-villa-2018-al-castello-di-san-salvatore-a-susegana-dal-19-al-21-maggio\/","og_site_name":"Bellunopress - Dolomiti","article_publisher":"https:\/\/www.facebook.com\/profile.php?id=100008943462799","article_published_time":"2018-05-18T08:35:15+00:00","article_modified_time":"2018-05-18T08:35:27+00:00","og_image":[{"url":"http:\/\/www.bellunopress.it\/wp-content\/uploads\/2018\/05\/castello-di-San-Salvatore-Collalto-Susegana.jpg","type":"","width":"","height":""}],"author":"redazione","twitter_card":"summary_large_image","twitter_creator":"@bellunopress","twitter_site":"@bellunopress","twitter_misc":{"\u00c9crit par":"redazione","Dur\u00e9e de lecture estim\u00e9e":"3 minutes"},"schema":{"@context":"https:\/\/schema.org","@graph":[{"@type":"Article","@id":"https:\/\/www.bellunopress.it\/2018\/05\/18\/vino-in-villa-2018-al-castello-di-san-salvatore-a-susegana-dal-19-al-21-maggio\/#article","isPartOf":{"@id":"https:\/\/www.bellunopress.it\/2018\/05\/18\/vino-in-villa-2018-al-castello-di-san-salvatore-a-susegana-dal-19-al-21-maggio\/"},"author":{"name":"redazione","@id":"https:\/\/www.bellunopress.it\/#\/schema\/person\/79bb06722b37ece1c03d3e94beb30d73"},"headline":"Vino in Villa 2018 al Castello di San Salvatore a Susegana, dal 19 al 21 maggio","datePublished":"2018-05-18T08:35:15+00:00","dateModified":"2018-05-18T08:35:27+00:00","mainEntityOfPage":{"@id":"https:\/\/www.bellunopress.it\/2018\/05\/18\/vino-in-villa-2018-al-castello-di-san-salvatore-a-susegana-dal-19-al-21-maggio\/"},"wordCount":656,"publisher":{"@id":"https:\/\/www.bellunopress.it\/#organization"},"image":{"@id":"https:\/\/www.bellunopress.it\/2018\/05\/18\/vino-in-villa-2018-al-castello-di-san-salvatore-a-susegana-dal-19-al-21-maggio\/#primaryimage"},"thumbnailUrl":"http:\/\/www.bellunopress.it\/wp-content\/uploads\/2018\/05\/castello-di-San-Salvatore-Collalto-Susegana.jpg","articleSection":["Appuntamenti, Eventi","Pausa Caff\u00e8","Sport, tempo libero"],"inLanguage":"fr-FR"},{"@type":"WebPage","@id":"https:\/\/www.bellunopress.it\/2018\/05\/18\/vino-in-villa-2018-al-castello-di-san-salvatore-a-susegana-dal-19-al-21-maggio\/","url":"https:\/\/www.bellunopress.it\/2018\/05\/18\/vino-in-villa-2018-al-castello-di-san-salvatore-a-susegana-dal-19-al-21-maggio\/","name":"Vino in Villa 2018 al Castello di San Salvatore a Susegana, dal 19 al 21 maggio - Bellunopress - Dolomiti","isPartOf":{"@id":"https:\/\/www.bellunopress.it\/#website"},"primaryImageOfPage":{"@id":"https:\/\/www.bellunopress.it\/2018\/05\/18\/vino-in-villa-2018-al-castello-di-san-salvatore-a-susegana-dal-19-al-21-maggio\/#primaryimage"},"image":{"@id":"https:\/\/www.bellunopress.it\/2018\/05\/18\/vino-in-villa-2018-al-castello-di-san-salvatore-a-susegana-dal-19-al-21-maggio\/#primaryimage"},"thumbnailUrl":"http:\/\/www.bellunopress.it\/wp-content\/uploads\/2018\/05\/castello-di-San-Salvatore-Collalto-Susegana.jpg","datePublished":"2018-05-18T08:35:15+00:00","dateModified":"2018-05-18T08:35:27+00:00","breadcrumb":{"@id":"https:\/\/www.bellunopress.it\/2018\/05\/18\/vino-in-villa-2018-al-castello-di-san-salvatore-a-susegana-dal-19-al-21-maggio\/#breadcrumb"},"inLanguage":"fr-FR","potentialAction":[{"@type":"ReadAction","target":["https:\/\/www.bellunopress.it\/2018\/05\/18\/vino-in-villa-2018-al-castello-di-san-salvatore-a-susegana-dal-19-al-21-maggio\/"]}]},{"@type":"ImageObject","inLanguage":"fr-FR","@id":"https:\/\/www.bellunopress.it\/2018\/05\/18\/vino-in-villa-2018-al-castello-di-san-salvatore-a-susegana-dal-19-al-21-maggio\/#primaryimage","url":"http:\/\/www.bellunopress.it\/wp-content\/uploads\/2018\/05\/castello-di-San-Salvatore-Collalto-Susegana.jpg","contentUrl":"http:\/\/www.bellunopress.it\/wp-content\/uploads\/2018\/05\/castello-di-San-Salvatore-Collalto-Susegana.jpg"},{"@type":"BreadcrumbList","@id":"https:\/\/www.bellunopress.it\/2018\/05\/18\/vino-in-villa-2018-al-castello-di-san-salvatore-a-susegana-dal-19-al-21-maggio\/#breadcrumb","itemListElement":[{"@type":"ListItem","position":1,"name":"Home","item":"https:\/\/www.bellunopress.it\/"},{"@type":"ListItem","position":2,"name":"Vino in Villa 2018 al Castello di San Salvatore a Susegana, dal 19 al 21 maggio"}]},{"@type":"WebSite","@id":"https:\/\/www.bellunopress.it\/#website","url":"https:\/\/www.bellunopress.it\/","name":"Bellunopress - Dolomiti","description":"e-mail: redazione@bellunopress.it","publisher":{"@id":"https:\/\/www.bellunopress.it\/#organization"},"potentialAction":[{"@type":"SearchAction","target":{"@type":"EntryPoint","urlTemplate":"https:\/\/www.bellunopress.it\/?s={search_term_string}"},"query-input":{"@type":"PropertyValueSpecification","valueRequired":true,"valueName":"search_term_string"}}],"inLanguage":"fr-FR"},{"@type":"Organization","@id":"https:\/\/www.bellunopress.it\/#organization","name":"Bellunopress","url":"https:\/\/www.bellunopress.it\/","logo":{"@type":"ImageObject","inLanguage":"fr-FR","@id":"https:\/\/www.bellunopress.it\/#\/schema\/logo\/image\/","url":"https:\/\/www.bellunopress.it\/wp-content\/uploads\/2011\/05\/cropped-logo-bellunopress-.jpg","contentUrl":"https:\/\/www.bellunopress.it\/wp-content\/uploads\/2011\/05\/cropped-logo-bellunopress-.jpg","width":512,"height":512,"caption":"Bellunopress"},"image":{"@id":"https:\/\/www.bellunopress.it\/#\/schema\/logo\/image\/"},"sameAs":["https:\/\/www.facebook.com\/profile.php?id=100008943462799","https:\/\/x.com\/bellunopress","https:\/\/www.linkedin.com\/hp\/?dnr=JBzUWaJfMUw8vbXJJ2tVW5-I3jZKvC4wsoxE&amp;amp;amp;amp;amp;amp;trk=nav_responsive_tab_home","https:\/\/www.youtube.com\/channel\/UCxL0wu1uN0_3_7hGG0306cw"]},{"@type":"Person","@id":"https:\/\/www.bellunopress.it\/#\/schema\/person\/79bb06722b37ece1c03d3e94beb30d73","name":"r\u00e9daction","image":{"@type":"ImageObject","inLanguage":"fr-FR","@id":"https:\/\/secure.gravatar.com\/avatar\/37d968a2e67a6fd04c169c4bdef102d0bc5d31b2546345219e348575eb80e9a0?s=96&d=mm&r=g","url":"https:\/\/secure.gravatar.com\/avatar\/37d968a2e67a6fd04c169c4bdef102d0bc5d31b2546345219e348575eb80e9a0?s=96&d=mm&r=g","contentUrl":"https:\/\/secure.gravatar.com\/avatar\/37d968a2e67a6fd04c169c4bdef102d0bc5d31b2546345219e348575eb80e9a0?s=96&d=mm&r=g","caption":"redazione"},"sameAs":["http:\/\/www.bellunopress.it","https:\/\/x.com\/bellunopress"],"url":"https:\/\/www.bellunopress.it\/fr\/author\/redazione\/"}]}},"_links":{"self":[{"href":"https:\/\/www.bellunopress.it\/fr\/wp-json\/wp\/v2\/posts\/95058","targetHints":{"allow":["GET"]}}],"collection":[{"href":"https:\/\/www.bellunopress.it\/fr\/wp-json\/wp\/v2\/posts"}],"about":[{"href":"https:\/\/www.bellunopress.it\/fr\/wp-json\/wp\/v2\/types\/post"}],"author":[{"embeddable":true,"href":"https:\/\/www.bellunopress.it\/fr\/wp-json\/wp\/v2\/users\/2"}],"replies":[{"embeddable":true,"href":"https:\/\/www.bellunopress.it\/fr\/wp-json\/wp\/v2\/comments?post=95058"}],"version-history":[{"count":3,"href":"https:\/\/www.bellunopress.it\/fr\/wp-json\/wp\/v2\/posts\/95058\/revisions"}],"predecessor-version":[{"id":95062,"href":"https:\/\/www.bellunopress.it\/fr\/wp-json\/wp\/v2\/posts\/95058\/revisions\/95062"}],"wp:attachment":[{"href":"https:\/\/www.bellunopress.it\/fr\/wp-json\/wp\/v2\/media?parent=95058"}],"wp:term":[{"taxonomy":"category","embeddable":true,"href":"https:\/\/www.bellunopress.it\/fr\/wp-json\/wp\/v2\/categories?post=95058"},{"taxonomy":"post_tag","embeddable":true,"href":"https:\/\/www.bellunopress.it\/fr\/wp-json\/wp\/v2\/tags?post=95058"}],"curies":[{"name":"wp","href":"https:\/\/api.w.org\/{rel}","templated":true}]}}