{"id":95056,"date":"2018-05-18T09:56:58","date_gmt":"2018-05-18T07:56:58","guid":{"rendered":"http:\/\/www.bellunopress.it\/?p=95056"},"modified":"2018-05-18T09:56:58","modified_gmt":"2018-05-18T07:56:58","slug":"cortina-in-rosa-unestate-tutta-in-bici-il-cuore-della-regina-delle-dolomiti-batte-per-le-due-route","status":"publish","type":"post","link":"https:\/\/www.bellunopress.it\/fr\/2018\/05\/18\/cortina-in-rosa-unestate-tutta-in-bici-il-cuore-della-regina-delle-dolomiti-batte-per-le-due-route\/","title":{"rendered":"Cortina in rosa: un&#8217;estate tutta in bici. Il cuore della Regina delle Dolomiti batte per le due route"},"content":{"rendered":"<p>Cortina si prepara, domenica 20 maggio, al passaggio del Giro d\u2019Italia e tutti gli ospiti della Regina delle Dolomiti gi\u00e0 assaporano l\u2019inizio di una stagione all\u2019insegna dell\u2019amore per la bici, in tutte le sue declinazioni. Tanti eventi e centinaia di chilometri di percorsi, strutture e istruttori specializzati, servizio di Bike Shuttle, Bike Pass Dolomiti SuperSummer e stazioni di ricarica per e-bike diffuse su tutto il territorio, in centro e in quota: perch\u00e9 la passione per le due ruote non lascia nessuno indietro.<\/p>\n<p><a href=\"http:\/\/www.bellunopress.it\/fr\/2017\/08\/21\/il-primo-dry-gin-100-milanese-venerdi-25-allhotel-cortina-con-un-cocktail-a-base-di-giass-succo-di-limone-e-mirto-e-sabato-26-si-replica-al-janbo-disco-bar\/cortina-6\/\" rel=\"attachment wp-att-88639\"><img loading=\"lazy\" decoding=\"async\" class=\"alignleft size-full wp-image-88639\" src=\"http:\/\/www.bellunopress.it\/wp-content\/uploads\/2017\/08\/cortina.jpg\" alt=\"\" width=\"300\" height=\"200\" \/><\/a>Domenica 20 maggio Cortina d\u2019Ampezzo attende il passaggio del Giro d\u2019Italia che, quest\u2019anno, giunge all\u2019edizione numero 101: una vera e propria \u201ccarica\u201d, che non mancher\u00e0 di coinvolgere spettatori e appassionati in un evento storico. Inoltre, attorno a Cortina, si sviluppano numerosi percorsi nei luoghi della &#8220;Carovana rosa&#8221; con partenza e arrivo in centro, rendendo possibile vivere in prima persona le emozioni del Giro.Domenica il 27 maggio, invece, da non perdere la Pedalata in rosa. La biciclettata amatoriale nelle precedenti edizioni ha gi\u00e0 visto centinaia di partecipanti percorrere il celebre tracciato dell\u2019ex ferrovia, dismessa nel 1962: un\u2019occasione da cogliere al volo per conoscere, in allegria, uno degli itinerari ciclabili pi\u00f9 spettacolari d\u2019Italia, con scorci indimenticabili sulle Dolomiti. Il programma prevede alcune tappe folkloristiche e pit-stop golosi lungo il percorso da Cortina d\u2019Ampezzo a Perarolo di Cadore. Partenza alle ore 9.30 dallo Stadio olimpico del ghiaccio di Cortina e prima tappa a San Vito di Cadore; quindi Borca e Vodo, Venas, Valle e Pieve di Cadore, con arrivo a Perarolo dove si terranno il pasta party e le premiazioni (www.pedalatainrosa.it).<\/p>\n<p>Il 14 luglio, torna Cortina Trophy. La competizione internazionale impegner\u00e0 centinaia di appassionati di MTB in due percorsi di gara \u2013 marathon di 76 km con 2.800 metri di dislivello e granfondo di 43 km con 1.800 metri di dislivello \u2013 coinvolgendo, inoltre, il pubblico in una quattro giorni di eventi collaterali e iniziative nel cuore della Regina delle Dolomiti.<\/p>\n<p>Di seguito il programma (per maggiori informazioni e aggiornamenti: www.cortinatrophy.com):<\/p>\n<p>Mercoled\u00ec 11 luglio-Apertura evento Outdoor Experience Village-Ore 16.00 presso Piazza Angelo Dibona: aperitivo e musica-Ore 17.00 presso Piazza Angelo Dibona: \u201cNon smettere mai di sognare\u201d: laboratorio creativo in collaborazione con A.S.D FairPlay | Info e prenotazioni: segreteriafairplay@gmail.com | www.asdfairplay.it-Dalle ore 18.00 alle 21.00: Climbing-Drink | Info e prenotazioni: info@cortina360.it-Ore 21.00: (S)legati di Mattia Fabris e Jacopo Bicocchi presenta la trasposizione teatrale del Best seller \u201cLa morte sospesa\u201d che narra l\u2019incredibile vicenda di J. Simpson e S. Yates nelle Ande peruviane. L\u2019evento \u00e8 sostenuto dal Comune di Cortina d\u2019Ampezzo in collaborazione con \u201cTeatro delle dolomiti 2018\u201d | Info: www.compagniaslegati.com<\/p>\n<p>Gioved\u00ec 12 luglio-Apertura evento Outdoor Experience Village-Ore 11.00 presso Piazza Angelo Dibona: aperitivo e musica-Ore 17.00 presso Piazza Angelo Dibona: Slackline: lezioni per principianti di Slackiline-Ore 18.00 presso Piazza Angelo Dibona: Parkour: per la prima volta, l\u2019arte dello spostamento trasformer\u00e0 le strade di Cortina in un parco giochi dove le leggi della fisica verranno messe alla prova. Tra i migliori atleti d\u2019Italia nel Parkour, il team Uncensored Runners si esibir\u00e0 cercando di regalare al pubblico un po\u2019 della magia di questa disciplina. Tra arrampicate, salti e volteggi, il movimento diventa riflessione, emozione e poesia | Info: www.uncensoredrunners.com<\/p>\n<p>Venerd\u00ec 13 luglio-Apertura evento Outdoor Experience-Ore 11.00 presso Piazza Angelo Dibona: aperitivo e musica-Ore 17.00 presso Piazza Angelo Dibona: Skate insieme ad A.S.D. FairPlay | Info e prenotazioni: segreteriafairplay@gmail.com | www.asdfairplay.it- Ore 18.00 presso Piazza Angelo Dibona: Highline e Tessuti Aerei. Highline: un esercizio di equilibrio e di bilanciamento dinamico, su una fettuccia larga circa 2,5 cm sospesi nel vuoto; tra gli atleti Marco Milanese, Guida Alpina e Basejumper (Info: www.marcomilanese.com). Tessuti Acrobatici \u00e8 una disciplina che proviene dall\u2019esperienza circense: gli acrobati eseguono su teli acrobazie spettacolari, giravolte e cadute per creare posizioni sempre pi\u00f9 peculiari (Info: www.tumblerart.it | asdtumblerart@gmail.com).<\/p>\n<p>Sabato 14 luglio-Partenza Gare:ore 8.30 &#8211; Marathonore 9.10 &#8211; Classicore 9.15 &#8211; Pedalata ecologica A Cortina, dunque, gli appassionati di bike potranno esprimere tutto il loro amore per le due ruote grazie a eventi per ogni livello di preparazione e a centinaia di chilometri di percorsi segnalati, strutture con servizi specializzati, istruttori dedicati, Bike Shuttle e Bike Pass del Dolomiti SuperSummer per gli impianti di risalita. Con \u201cClimb &amp; Ride\u201d gli amanti delle ruote grasse, dopo la risalita lungo le vie ferrate in compagnia delle guide alpine, potranno vivere adrenaliniche discese freeride con la propria MTB nel frattempo portata in vetta. Per gli irriducibili del downhill, vale la pena attendere l\u2019apertura del Bike Park a Col Drusci\u00e8; mentre per i pi\u00f9 piccoli esperienze ricche di emozioni nei due skill park in localit\u00e0 Col Gallina e Sopiazes.<\/p>","protected":false},"excerpt":{"rendered":"<p>Cortina si prepara, domenica 20 maggio, al passaggio del Giro d\u2019Italia e tutti gli ospiti della Regina delle Dolomiti gi\u00e0 assaporano l\u2019inizio di una stagione all\u2019insegna dell\u2019amore per la bici, in tutte le sue declinazioni. Tanti eventi e centinaia di chilometri di percorsi, strutture e istruttori specializzati, servizio di Bike Shuttle, Bike Pass Dolomiti SuperSummer [&hellip;]<\/p>\n","protected":false},"author":2,"featured_media":0,"comment_status":"closed","ping_status":"open","sticky":false,"template":"","format":"standard","meta":{"footnotes":""},"categories":[27,25,4],"tags":[],"class_list":["post-95056","post","type-post","status-publish","format-standard","category-appuntamenti","category-pausa-caffe","category-sport"],"yoast_head":"<!-- This site is optimized with the Yoast SEO plugin v28.4 - https:\/\/yoast.com\/product\/yoast-seo-wordpress\/ -->\n<title>Cortina in rosa: un&#039;estate tutta in bici. Il cuore della Regina delle Dolomiti batte per le due route - Bellunopress - Dolomiti<\/title>\n<meta name=\"robots\" content=\"index, follow, max-snippet:-1, max-image-preview:large, max-video-preview:-1\" \/>\n<link rel=\"canonical\" href=\"https:\/\/www.bellunopress.it\/fr\/2018\/05\/18\/cortina-in-rosa-unestate-tutta-in-bici-il-cuore-della-regina-delle-dolomiti-batte-per-le-due-route\/\" \/>\n<meta property=\"og:locale\" content=\"fr_FR\" \/>\n<meta property=\"og:type\" content=\"article\" \/>\n<meta property=\"og:title\" content=\"Cortina in rosa: un&#039;estate tutta in bici. Il cuore della Regina delle Dolomiti batte per le due route - Bellunopress - Dolomiti\" \/>\n<meta property=\"og:description\" content=\"Cortina si prepara, domenica 20 maggio, al passaggio del Giro d\u2019Italia e tutti gli ospiti della Regina delle Dolomiti gi\u00e0 assaporano l\u2019inizio di una stagione all\u2019insegna dell\u2019amore per la bici, in tutte le sue declinazioni. Tanti eventi e centinaia di chilometri di percorsi, strutture e istruttori specializzati, servizio di Bike Shuttle, Bike Pass Dolomiti SuperSummer [&hellip;]\" \/>\n<meta property=\"og:url\" content=\"https:\/\/www.bellunopress.it\/fr\/2018\/05\/18\/cortina-in-rosa-unestate-tutta-in-bici-il-cuore-della-regina-delle-dolomiti-batte-per-le-due-route\/\" \/>\n<meta property=\"og:site_name\" content=\"Bellunopress - Dolomiti\" \/>\n<meta property=\"article:publisher\" content=\"https:\/\/www.facebook.com\/profile.php?id=100008943462799\" \/>\n<meta property=\"article:published_time\" content=\"2018-05-18T07:56:58+00:00\" \/>\n<meta property=\"og:image\" content=\"http:\/\/www.bellunopress.it\/wp-content\/uploads\/2017\/08\/cortina.jpg\" \/>\n<meta name=\"author\" content=\"redazione\" \/>\n<meta name=\"twitter:card\" content=\"summary_large_image\" \/>\n<meta name=\"twitter:creator\" content=\"@bellunopress\" \/>\n<meta name=\"twitter:site\" content=\"@bellunopress\" \/>\n<meta name=\"twitter:label1\" content=\"\u00c9crit par\" \/>\n\t<meta name=\"twitter:data1\" content=\"redazione\" \/>\n\t<meta name=\"twitter:label2\" content=\"Dur\u00e9e de lecture estim\u00e9e\" \/>\n\t<meta name=\"twitter:data2\" content=\"4 minutes\" \/>\n<script type=\"application\/ld+json\" class=\"yoast-schema-graph\">{\"@context\":\"https:\\\/\\\/schema.org\",\"@graph\":[{\"@type\":\"Article\",\"@id\":\"https:\\\/\\\/www.bellunopress.it\\\/2018\\\/05\\\/18\\\/cortina-in-rosa-unestate-tutta-in-bici-il-cuore-della-regina-delle-dolomiti-batte-per-le-due-route\\\/#article\",\"isPartOf\":{\"@id\":\"https:\\\/\\\/www.bellunopress.it\\\/2018\\\/05\\\/18\\\/cortina-in-rosa-unestate-tutta-in-bici-il-cuore-della-regina-delle-dolomiti-batte-per-le-due-route\\\/\"},\"author\":{\"name\":\"redazione\",\"@id\":\"https:\\\/\\\/www.bellunopress.it\\\/#\\\/schema\\\/person\\\/79bb06722b37ece1c03d3e94beb30d73\"},\"headline\":\"Cortina in rosa: un&#8217;estate tutta in bici. Il cuore della Regina delle Dolomiti batte per le due route\",\"datePublished\":\"2018-05-18T07:56:58+00:00\",\"mainEntityOfPage\":{\"@id\":\"https:\\\/\\\/www.bellunopress.it\\\/2018\\\/05\\\/18\\\/cortina-in-rosa-unestate-tutta-in-bici-il-cuore-della-regina-delle-dolomiti-batte-per-le-due-route\\\/\"},\"wordCount\":787,\"publisher\":{\"@id\":\"https:\\\/\\\/www.bellunopress.it\\\/#organization\"},\"image\":{\"@id\":\"https:\\\/\\\/www.bellunopress.it\\\/2018\\\/05\\\/18\\\/cortina-in-rosa-unestate-tutta-in-bici-il-cuore-della-regina-delle-dolomiti-batte-per-le-due-route\\\/#primaryimage\"},\"thumbnailUrl\":\"http:\\\/\\\/www.bellunopress.it\\\/wp-content\\\/uploads\\\/2017\\\/08\\\/cortina.jpg\",\"articleSection\":[\"Appuntamenti, Eventi\",\"Pausa Caff\u00e8\",\"Sport, tempo libero\"],\"inLanguage\":\"fr-FR\"},{\"@type\":\"WebPage\",\"@id\":\"https:\\\/\\\/www.bellunopress.it\\\/2018\\\/05\\\/18\\\/cortina-in-rosa-unestate-tutta-in-bici-il-cuore-della-regina-delle-dolomiti-batte-per-le-due-route\\\/\",\"url\":\"https:\\\/\\\/www.bellunopress.it\\\/2018\\\/05\\\/18\\\/cortina-in-rosa-unestate-tutta-in-bici-il-cuore-della-regina-delle-dolomiti-batte-per-le-due-route\\\/\",\"name\":\"Cortina in rosa: un'estate tutta in bici. Il cuore della Regina delle Dolomiti batte per le due route - Bellunopress - Dolomiti\",\"isPartOf\":{\"@id\":\"https:\\\/\\\/www.bellunopress.it\\\/#website\"},\"primaryImageOfPage\":{\"@id\":\"https:\\\/\\\/www.bellunopress.it\\\/2018\\\/05\\\/18\\\/cortina-in-rosa-unestate-tutta-in-bici-il-cuore-della-regina-delle-dolomiti-batte-per-le-due-route\\\/#primaryimage\"},\"image\":{\"@id\":\"https:\\\/\\\/www.bellunopress.it\\\/2018\\\/05\\\/18\\\/cortina-in-rosa-unestate-tutta-in-bici-il-cuore-della-regina-delle-dolomiti-batte-per-le-due-route\\\/#primaryimage\"},\"thumbnailUrl\":\"http:\\\/\\\/www.bellunopress.it\\\/wp-content\\\/uploads\\\/2017\\\/08\\\/cortina.jpg\",\"datePublished\":\"2018-05-18T07:56:58+00:00\",\"breadcrumb\":{\"@id\":\"https:\\\/\\\/www.bellunopress.it\\\/2018\\\/05\\\/18\\\/cortina-in-rosa-unestate-tutta-in-bici-il-cuore-della-regina-delle-dolomiti-batte-per-le-due-route\\\/#breadcrumb\"},\"inLanguage\":\"fr-FR\",\"potentialAction\":[{\"@type\":\"ReadAction\",\"target\":[\"https:\\\/\\\/www.bellunopress.it\\\/2018\\\/05\\\/18\\\/cortina-in-rosa-unestate-tutta-in-bici-il-cuore-della-regina-delle-dolomiti-batte-per-le-due-route\\\/\"]}]},{\"@type\":\"ImageObject\",\"inLanguage\":\"fr-FR\",\"@id\":\"https:\\\/\\\/www.bellunopress.it\\\/2018\\\/05\\\/18\\\/cortina-in-rosa-unestate-tutta-in-bici-il-cuore-della-regina-delle-dolomiti-batte-per-le-due-route\\\/#primaryimage\",\"url\":\"http:\\\/\\\/www.bellunopress.it\\\/wp-content\\\/uploads\\\/2017\\\/08\\\/cortina.jpg\",\"contentUrl\":\"http:\\\/\\\/www.bellunopress.it\\\/wp-content\\\/uploads\\\/2017\\\/08\\\/cortina.jpg\"},{\"@type\":\"BreadcrumbList\",\"@id\":\"https:\\\/\\\/www.bellunopress.it\\\/2018\\\/05\\\/18\\\/cortina-in-rosa-unestate-tutta-in-bici-il-cuore-della-regina-delle-dolomiti-batte-per-le-due-route\\\/#breadcrumb\",\"itemListElement\":[{\"@type\":\"ListItem\",\"position\":1,\"name\":\"Home\",\"item\":\"https:\\\/\\\/www.bellunopress.it\\\/\"},{\"@type\":\"ListItem\",\"position\":2,\"name\":\"Cortina in rosa: un&#8217;estate tutta in bici. Il cuore della Regina delle Dolomiti batte per le due route\"}]},{\"@type\":\"WebSite\",\"@id\":\"https:\\\/\\\/www.bellunopress.it\\\/#website\",\"url\":\"https:\\\/\\\/www.bellunopress.it\\\/\",\"name\":\"Bellunopress - Dolomiti\",\"description\":\"e-mail: redazione@bellunopress.it\",\"publisher\":{\"@id\":\"https:\\\/\\\/www.bellunopress.it\\\/#organization\"},\"potentialAction\":[{\"@type\":\"SearchAction\",\"target\":{\"@type\":\"EntryPoint\",\"urlTemplate\":\"https:\\\/\\\/www.bellunopress.it\\\/?s={search_term_string}\"},\"query-input\":{\"@type\":\"PropertyValueSpecification\",\"valueRequired\":true,\"valueName\":\"search_term_string\"}}],\"inLanguage\":\"fr-FR\"},{\"@type\":\"Organization\",\"@id\":\"https:\\\/\\\/www.bellunopress.it\\\/#organization\",\"name\":\"Bellunopress\",\"url\":\"https:\\\/\\\/www.bellunopress.it\\\/\",\"logo\":{\"@type\":\"ImageObject\",\"inLanguage\":\"fr-FR\",\"@id\":\"https:\\\/\\\/www.bellunopress.it\\\/#\\\/schema\\\/logo\\\/image\\\/\",\"url\":\"https:\\\/\\\/www.bellunopress.it\\\/wp-content\\\/uploads\\\/2011\\\/05\\\/cropped-logo-bellunopress-.jpg\",\"contentUrl\":\"https:\\\/\\\/www.bellunopress.it\\\/wp-content\\\/uploads\\\/2011\\\/05\\\/cropped-logo-bellunopress-.jpg\",\"width\":512,\"height\":512,\"caption\":\"Bellunopress\"},\"image\":{\"@id\":\"https:\\\/\\\/www.bellunopress.it\\\/#\\\/schema\\\/logo\\\/image\\\/\"},\"sameAs\":[\"https:\\\/\\\/www.facebook.com\\\/profile.php?id=100008943462799\",\"https:\\\/\\\/x.com\\\/bellunopress\",\"https:\\\/\\\/www.linkedin.com\\\/hp\\\/?dnr=JBzUWaJfMUw8vbXJJ2tVW5-I3jZKvC4wsoxE&amp;amp;amp;amp;amp;amp;trk=nav_responsive_tab_home\",\"https:\\\/\\\/www.youtube.com\\\/channel\\\/UCxL0wu1uN0_3_7hGG0306cw\"]},{\"@type\":\"Person\",\"@id\":\"https:\\\/\\\/www.bellunopress.it\\\/#\\\/schema\\\/person\\\/79bb06722b37ece1c03d3e94beb30d73\",\"name\":\"redazione\",\"image\":{\"@type\":\"ImageObject\",\"inLanguage\":\"fr-FR\",\"@id\":\"https:\\\/\\\/secure.gravatar.com\\\/avatar\\\/37d968a2e67a6fd04c169c4bdef102d0bc5d31b2546345219e348575eb80e9a0?s=96&d=mm&r=g\",\"url\":\"https:\\\/\\\/secure.gravatar.com\\\/avatar\\\/37d968a2e67a6fd04c169c4bdef102d0bc5d31b2546345219e348575eb80e9a0?s=96&d=mm&r=g\",\"contentUrl\":\"https:\\\/\\\/secure.gravatar.com\\\/avatar\\\/37d968a2e67a6fd04c169c4bdef102d0bc5d31b2546345219e348575eb80e9a0?s=96&d=mm&r=g\",\"caption\":\"redazione\"},\"sameAs\":[\"http:\\\/\\\/www.bellunopress.it\",\"https:\\\/\\\/x.com\\\/bellunopress\"],\"url\":\"https:\\\/\\\/www.bellunopress.it\\\/fr\\\/author\\\/redazione\\\/\"}]}<\/script>\n<!-- \/ Yoast SEO plugin. -->","yoast_head_json":{"title":"Cortina in rosa: un'estate tutta in bici. Il cuore della Regina delle Dolomiti batte per le due route - Bellunopress - Dolomiti","robots":{"index":"index","follow":"follow","max-snippet":"max-snippet:-1","max-image-preview":"max-image-preview:large","max-video-preview":"max-video-preview:-1"},"canonical":"https:\/\/www.bellunopress.it\/fr\/2018\/05\/18\/cortina-in-rosa-unestate-tutta-in-bici-il-cuore-della-regina-delle-dolomiti-batte-per-le-due-route\/","og_locale":"fr_FR","og_type":"article","og_title":"Cortina in rosa: un'estate tutta in bici. Il cuore della Regina delle Dolomiti batte per le due route - Bellunopress - Dolomiti","og_description":"Cortina si prepara, domenica 20 maggio, al passaggio del Giro d\u2019Italia e tutti gli ospiti della Regina delle Dolomiti gi\u00e0 assaporano l\u2019inizio di una stagione all\u2019insegna dell\u2019amore per la bici, in tutte le sue declinazioni. Tanti eventi e centinaia di chilometri di percorsi, strutture e istruttori specializzati, servizio di Bike Shuttle, Bike Pass Dolomiti SuperSummer [&hellip;]","og_url":"https:\/\/www.bellunopress.it\/fr\/2018\/05\/18\/cortina-in-rosa-unestate-tutta-in-bici-il-cuore-della-regina-delle-dolomiti-batte-per-le-due-route\/","og_site_name":"Bellunopress - Dolomiti","article_publisher":"https:\/\/www.facebook.com\/profile.php?id=100008943462799","article_published_time":"2018-05-18T07:56:58+00:00","og_image":[{"url":"http:\/\/www.bellunopress.it\/wp-content\/uploads\/2017\/08\/cortina.jpg","type":"","width":"","height":""}],"author":"redazione","twitter_card":"summary_large_image","twitter_creator":"@bellunopress","twitter_site":"@bellunopress","twitter_misc":{"\u00c9crit par":"redazione","Dur\u00e9e de lecture estim\u00e9e":"4 minutes"},"schema":{"@context":"https:\/\/schema.org","@graph":[{"@type":"Article","@id":"https:\/\/www.bellunopress.it\/2018\/05\/18\/cortina-in-rosa-unestate-tutta-in-bici-il-cuore-della-regina-delle-dolomiti-batte-per-le-due-route\/#article","isPartOf":{"@id":"https:\/\/www.bellunopress.it\/2018\/05\/18\/cortina-in-rosa-unestate-tutta-in-bici-il-cuore-della-regina-delle-dolomiti-batte-per-le-due-route\/"},"author":{"name":"redazione","@id":"https:\/\/www.bellunopress.it\/#\/schema\/person\/79bb06722b37ece1c03d3e94beb30d73"},"headline":"Cortina in rosa: un&#8217;estate tutta in bici. Il cuore della Regina delle Dolomiti batte per le due route","datePublished":"2018-05-18T07:56:58+00:00","mainEntityOfPage":{"@id":"https:\/\/www.bellunopress.it\/2018\/05\/18\/cortina-in-rosa-unestate-tutta-in-bici-il-cuore-della-regina-delle-dolomiti-batte-per-le-due-route\/"},"wordCount":787,"publisher":{"@id":"https:\/\/www.bellunopress.it\/#organization"},"image":{"@id":"https:\/\/www.bellunopress.it\/2018\/05\/18\/cortina-in-rosa-unestate-tutta-in-bici-il-cuore-della-regina-delle-dolomiti-batte-per-le-due-route\/#primaryimage"},"thumbnailUrl":"http:\/\/www.bellunopress.it\/wp-content\/uploads\/2017\/08\/cortina.jpg","articleSection":["Appuntamenti, Eventi","Pausa Caff\u00e8","Sport, tempo libero"],"inLanguage":"fr-FR"},{"@type":"WebPage","@id":"https:\/\/www.bellunopress.it\/2018\/05\/18\/cortina-in-rosa-unestate-tutta-in-bici-il-cuore-della-regina-delle-dolomiti-batte-per-le-due-route\/","url":"https:\/\/www.bellunopress.it\/2018\/05\/18\/cortina-in-rosa-unestate-tutta-in-bici-il-cuore-della-regina-delle-dolomiti-batte-per-le-due-route\/","name":"Cortina in rosa: un'estate tutta in bici. Il cuore della Regina delle Dolomiti batte per le due route - Bellunopress - Dolomiti","isPartOf":{"@id":"https:\/\/www.bellunopress.it\/#website"},"primaryImageOfPage":{"@id":"https:\/\/www.bellunopress.it\/2018\/05\/18\/cortina-in-rosa-unestate-tutta-in-bici-il-cuore-della-regina-delle-dolomiti-batte-per-le-due-route\/#primaryimage"},"image":{"@id":"https:\/\/www.bellunopress.it\/2018\/05\/18\/cortina-in-rosa-unestate-tutta-in-bici-il-cuore-della-regina-delle-dolomiti-batte-per-le-due-route\/#primaryimage"},"thumbnailUrl":"http:\/\/www.bellunopress.it\/wp-content\/uploads\/2017\/08\/cortina.jpg","datePublished":"2018-05-18T07:56:58+00:00","breadcrumb":{"@id":"https:\/\/www.bellunopress.it\/2018\/05\/18\/cortina-in-rosa-unestate-tutta-in-bici-il-cuore-della-regina-delle-dolomiti-batte-per-le-due-route\/#breadcrumb"},"inLanguage":"fr-FR","potentialAction":[{"@type":"ReadAction","target":["https:\/\/www.bellunopress.it\/2018\/05\/18\/cortina-in-rosa-unestate-tutta-in-bici-il-cuore-della-regina-delle-dolomiti-batte-per-le-due-route\/"]}]},{"@type":"ImageObject","inLanguage":"fr-FR","@id":"https:\/\/www.bellunopress.it\/2018\/05\/18\/cortina-in-rosa-unestate-tutta-in-bici-il-cuore-della-regina-delle-dolomiti-batte-per-le-due-route\/#primaryimage","url":"http:\/\/www.bellunopress.it\/wp-content\/uploads\/2017\/08\/cortina.jpg","contentUrl":"http:\/\/www.bellunopress.it\/wp-content\/uploads\/2017\/08\/cortina.jpg"},{"@type":"BreadcrumbList","@id":"https:\/\/www.bellunopress.it\/2018\/05\/18\/cortina-in-rosa-unestate-tutta-in-bici-il-cuore-della-regina-delle-dolomiti-batte-per-le-due-route\/#breadcrumb","itemListElement":[{"@type":"ListItem","position":1,"name":"Home","item":"https:\/\/www.bellunopress.it\/"},{"@type":"ListItem","position":2,"name":"Cortina in rosa: un&#8217;estate tutta in bici. Il cuore della Regina delle Dolomiti batte per le due route"}]},{"@type":"WebSite","@id":"https:\/\/www.bellunopress.it\/#website","url":"https:\/\/www.bellunopress.it\/","name":"Bellunopress - Dolomiti","description":"e-mail: redazione@bellunopress.it","publisher":{"@id":"https:\/\/www.bellunopress.it\/#organization"},"potentialAction":[{"@type":"SearchAction","target":{"@type":"EntryPoint","urlTemplate":"https:\/\/www.bellunopress.it\/?s={search_term_string}"},"query-input":{"@type":"PropertyValueSpecification","valueRequired":true,"valueName":"search_term_string"}}],"inLanguage":"fr-FR"},{"@type":"Organization","@id":"https:\/\/www.bellunopress.it\/#organization","name":"Bellunopress","url":"https:\/\/www.bellunopress.it\/","logo":{"@type":"ImageObject","inLanguage":"fr-FR","@id":"https:\/\/www.bellunopress.it\/#\/schema\/logo\/image\/","url":"https:\/\/www.bellunopress.it\/wp-content\/uploads\/2011\/05\/cropped-logo-bellunopress-.jpg","contentUrl":"https:\/\/www.bellunopress.it\/wp-content\/uploads\/2011\/05\/cropped-logo-bellunopress-.jpg","width":512,"height":512,"caption":"Bellunopress"},"image":{"@id":"https:\/\/www.bellunopress.it\/#\/schema\/logo\/image\/"},"sameAs":["https:\/\/www.facebook.com\/profile.php?id=100008943462799","https:\/\/x.com\/bellunopress","https:\/\/www.linkedin.com\/hp\/?dnr=JBzUWaJfMUw8vbXJJ2tVW5-I3jZKvC4wsoxE&amp;amp;amp;amp;amp;amp;trk=nav_responsive_tab_home","https:\/\/www.youtube.com\/channel\/UCxL0wu1uN0_3_7hGG0306cw"]},{"@type":"Person","@id":"https:\/\/www.bellunopress.it\/#\/schema\/person\/79bb06722b37ece1c03d3e94beb30d73","name":"r\u00e9daction","image":{"@type":"ImageObject","inLanguage":"fr-FR","@id":"https:\/\/secure.gravatar.com\/avatar\/37d968a2e67a6fd04c169c4bdef102d0bc5d31b2546345219e348575eb80e9a0?s=96&d=mm&r=g","url":"https:\/\/secure.gravatar.com\/avatar\/37d968a2e67a6fd04c169c4bdef102d0bc5d31b2546345219e348575eb80e9a0?s=96&d=mm&r=g","contentUrl":"https:\/\/secure.gravatar.com\/avatar\/37d968a2e67a6fd04c169c4bdef102d0bc5d31b2546345219e348575eb80e9a0?s=96&d=mm&r=g","caption":"redazione"},"sameAs":["http:\/\/www.bellunopress.it","https:\/\/x.com\/bellunopress"],"url":"https:\/\/www.bellunopress.it\/fr\/author\/redazione\/"}]}},"_links":{"self":[{"href":"https:\/\/www.bellunopress.it\/fr\/wp-json\/wp\/v2\/posts\/95056","targetHints":{"allow":["GET"]}}],"collection":[{"href":"https:\/\/www.bellunopress.it\/fr\/wp-json\/wp\/v2\/posts"}],"about":[{"href":"https:\/\/www.bellunopress.it\/fr\/wp-json\/wp\/v2\/types\/post"}],"author":[{"embeddable":true,"href":"https:\/\/www.bellunopress.it\/fr\/wp-json\/wp\/v2\/users\/2"}],"replies":[{"embeddable":true,"href":"https:\/\/www.bellunopress.it\/fr\/wp-json\/wp\/v2\/comments?post=95056"}],"version-history":[{"count":1,"href":"https:\/\/www.bellunopress.it\/fr\/wp-json\/wp\/v2\/posts\/95056\/revisions"}],"predecessor-version":[{"id":95057,"href":"https:\/\/www.bellunopress.it\/fr\/wp-json\/wp\/v2\/posts\/95056\/revisions\/95057"}],"wp:attachment":[{"href":"https:\/\/www.bellunopress.it\/fr\/wp-json\/wp\/v2\/media?parent=95056"}],"wp:term":[{"taxonomy":"category","embeddable":true,"href":"https:\/\/www.bellunopress.it\/fr\/wp-json\/wp\/v2\/categories?post=95056"},{"taxonomy":"post_tag","embeddable":true,"href":"https:\/\/www.bellunopress.it\/fr\/wp-json\/wp\/v2\/tags?post=95056"}],"curies":[{"name":"wp","href":"https:\/\/api.w.org\/{rel}","templated":true}]}}