{"id":95054,"date":"2018-05-17T20:44:38","date_gmt":"2018-05-17T18:44:38","guid":{"rendered":"http:\/\/www.bellunopress.it\/?p=95054"},"modified":"2018-05-17T20:44:38","modified_gmt":"2018-05-17T18:44:38","slug":"lavori-anas-sullalemagna-de-menech-il-nuovo-governo-non-tolga-i-finanziamenti","status":"publish","type":"post","link":"https:\/\/www.bellunopress.it\/fr\/2018\/05\/17\/lavori-anas-sullalemagna-de-menech-il-nuovo-governo-non-tolga-i-finanziamenti\/","title":{"rendered":"Lavori Anas sull&#8217;Alemagna. De Menech: &#8220;Il nuovo governo non tolga i finanziamenti&#8221;"},"content":{"rendered":"<figure id=\"attachment_46179\" aria-describedby=\"caption-attachment-46179\" style=\"width: 193px\" class=\"wp-caption alignleft\"><a href=\"http:\/\/www.bellunopress.it\/fr\/2013\/01\/29\/via-al-tour-di-roger-de-menech-pd-il-5-febbraio-appuntamento-anche-con-laura-puppato-capolista-al-senato\/roger-de-menech-1\/\" rel=\"attachment wp-att-46179\"><img loading=\"lazy\" decoding=\"async\" class=\"size-full wp-image-46179\" src=\"http:\/\/www.bellunopress.it\/wp-content\/uploads\/2013\/01\/roger-de-menech-1.jpg\" alt=\"\" width=\"193\" height=\"290\" \/><\/a><figcaption id=\"caption-attachment-46179\" class=\"wp-caption-text\">Roger De Menech, deputato Pd<\/figcaption><\/figure>\n<p>Belluno, 17 maggio 2018 _ \u00abMi auguro che il nuovo governo non metta a repentaglio le opere faticosamente programmate e finanziate per mettere in sicurezza la statale di Alemagna\u00bb. Il deputato bellunese Roger De Menech \u00e8 preoccupato dal continuo trapelare di voci che cercano di evidenziare difficolt\u00e0, ipotizzano ritardi e ora mettono persino in dubbio l&#8217;erogazione ad Anas dei finanziamenti necessari a completare le infrastrutture.<\/p>\n<p>\u00abTemo siano tutti tentativi di sabotare il progetto\u00bb, accusa De Menech. \u00abI detrattori sono pochi, ma ci sono; alcuni animati da interessi particolari, altri da una visione pi\u00f9 ideologica. Non discuto sulla legittimit\u00e0 delle rispettive posizioni, ma credo che quando le decisioni vengono prese rispettando tutte le regole democratiche e le procedure amministrative, bisognerebbe che tutti si mettessero il cuore in pace. \u00c8 dimostrata la necessit\u00e0 di rimuovere i pericoli di frana e allagamento che incombono sulla statale, come \u00e8 prioritario togliere traffico e inquinamento dai centri urbani. Questi sono i due obiettivi dell&#8217;adeguamento voluto e finanziato dal precedente governo e attuato da Anas\u00bb.<\/p>\n<p>Poi ci sono i tempi tecnici, afferma il deputato e su questi \u00abnon \u00e8 la politica a dover mettere bocca. C&#8217;\u00e8 una societ\u00e0, l&#8217;Anas, addetta alla progettazione ed esecuzione dei lavori e ci sono le strutture burocratiche chiamate a predisporre le pratiche necessarie e a fare i necessari controlli\u00bb.<\/p>\n<p>\u00ab\u00c8 singolare che le insinuazioni sul rischio di perdere le risorse economiche escano nel giorno in cui aprono molti dei cantieri previsti\u00bb.<\/p>\n<p>La speranza e l&#8217;invito, conclude De Menech, \u00ab\u00e8 che tutti i parlamentari bellunesi, a dispetto dell&#8217;appartenenza, si attivino per assicurare i finanziamenti previsti alle opere, perch\u00e9 non ci siano ritardi. Con questo spirito, visto che almeno tre colleghi sono organici alla maggioranza che appogger\u00e0 il prossimo governo, sar\u00e0 possibile raddoppiare o triplicare le risorse destinate al Bellunese per il miglioramento della viabilit\u00e0 che nella scorsa legislatura, con un solo deputato di maggioranza, sono arrivate a 170 milioni di euro\u00bb.<\/p>","protected":false},"excerpt":{"rendered":"<p>Belluno, 17 maggio 2018 _ \u00abMi auguro che il nuovo governo non metta a repentaglio le opere faticosamente programmate e finanziate per mettere in sicurezza la statale di Alemagna\u00bb. Il deputato bellunese Roger De Menech \u00e8 preoccupato dal continuo trapelare di voci che cercano di evidenziare difficolt\u00e0, ipotizzano ritardi e ora mettono persino in dubbio [&hellip;]<\/p>\n","protected":false},"author":2,"featured_media":0,"comment_status":"closed","ping_status":"open","sticky":false,"template":"","format":"standard","meta":{"footnotes":""},"categories":[5,26],"tags":[],"class_list":["post-95054","post","type-post","status-publish","format-standard","category-cronaca","category-prima-pagina"],"yoast_head":"<!-- This site is optimized with the Yoast SEO plugin v28.4 - https:\/\/yoast.com\/product\/yoast-seo-wordpress\/ -->\n<title>Lavori Anas sull&#039;Alemagna. De Menech: &quot;Il nuovo governo non tolga i finanziamenti&quot; - Bellunopress - Dolomiti<\/title>\n<meta name=\"robots\" content=\"index, follow, max-snippet:-1, max-image-preview:large, max-video-preview:-1\" \/>\n<link rel=\"canonical\" href=\"https:\/\/www.bellunopress.it\/fr\/2018\/05\/17\/lavori-anas-sullalemagna-de-menech-il-nuovo-governo-non-tolga-i-finanziamenti\/\" \/>\n<meta property=\"og:locale\" content=\"fr_FR\" \/>\n<meta property=\"og:type\" content=\"article\" \/>\n<meta property=\"og:title\" content=\"Lavori Anas sull&#039;Alemagna. De Menech: &quot;Il nuovo governo non tolga i finanziamenti&quot; - Bellunopress - Dolomiti\" \/>\n<meta property=\"og:description\" content=\"Belluno, 17 maggio 2018 _ \u00abMi auguro che il nuovo governo non metta a repentaglio le opere faticosamente programmate e finanziate per mettere in sicurezza la statale di Alemagna\u00bb. Il deputato bellunese Roger De Menech \u00e8 preoccupato dal continuo trapelare di voci che cercano di evidenziare difficolt\u00e0, ipotizzano ritardi e ora mettono persino in dubbio [&hellip;]\" \/>\n<meta property=\"og:url\" content=\"https:\/\/www.bellunopress.it\/fr\/2018\/05\/17\/lavori-anas-sullalemagna-de-menech-il-nuovo-governo-non-tolga-i-finanziamenti\/\" \/>\n<meta property=\"og:site_name\" content=\"Bellunopress - Dolomiti\" \/>\n<meta property=\"article:publisher\" content=\"https:\/\/www.facebook.com\/profile.php?id=100008943462799\" \/>\n<meta property=\"article:published_time\" content=\"2018-05-17T18:44:38+00:00\" \/>\n<meta property=\"og:image\" content=\"http:\/\/www.bellunopress.it\/wp-content\/uploads\/2013\/01\/roger-de-menech-1.jpg\" \/>\n<meta name=\"author\" content=\"redazione\" \/>\n<meta name=\"twitter:card\" content=\"summary_large_image\" \/>\n<meta name=\"twitter:creator\" content=\"@bellunopress\" \/>\n<meta name=\"twitter:site\" content=\"@bellunopress\" \/>\n<meta name=\"twitter:label1\" content=\"\u00c9crit par\" \/>\n\t<meta name=\"twitter:data1\" content=\"redazione\" \/>\n\t<meta name=\"twitter:label2\" content=\"Dur\u00e9e de lecture estim\u00e9e\" \/>\n\t<meta name=\"twitter:data2\" content=\"2 minutes\" \/>\n<script type=\"application\/ld+json\" class=\"yoast-schema-graph\">{\"@context\":\"https:\\\/\\\/schema.org\",\"@graph\":[{\"@type\":\"Article\",\"@id\":\"https:\\\/\\\/www.bellunopress.it\\\/2018\\\/05\\\/17\\\/lavori-anas-sullalemagna-de-menech-il-nuovo-governo-non-tolga-i-finanziamenti\\\/#article\",\"isPartOf\":{\"@id\":\"https:\\\/\\\/www.bellunopress.it\\\/2018\\\/05\\\/17\\\/lavori-anas-sullalemagna-de-menech-il-nuovo-governo-non-tolga-i-finanziamenti\\\/\"},\"author\":{\"name\":\"redazione\",\"@id\":\"https:\\\/\\\/www.bellunopress.it\\\/#\\\/schema\\\/person\\\/79bb06722b37ece1c03d3e94beb30d73\"},\"headline\":\"Lavori Anas sull&#8217;Alemagna. De Menech: &#8220;Il nuovo governo non tolga i finanziamenti&#8221;\",\"datePublished\":\"2018-05-17T18:44:38+00:00\",\"mainEntityOfPage\":{\"@id\":\"https:\\\/\\\/www.bellunopress.it\\\/2018\\\/05\\\/17\\\/lavori-anas-sullalemagna-de-menech-il-nuovo-governo-non-tolga-i-finanziamenti\\\/\"},\"wordCount\":339,\"publisher\":{\"@id\":\"https:\\\/\\\/www.bellunopress.it\\\/#organization\"},\"image\":{\"@id\":\"https:\\\/\\\/www.bellunopress.it\\\/2018\\\/05\\\/17\\\/lavori-anas-sullalemagna-de-menech-il-nuovo-governo-non-tolga-i-finanziamenti\\\/#primaryimage\"},\"thumbnailUrl\":\"http:\\\/\\\/www.bellunopress.it\\\/wp-content\\\/uploads\\\/2013\\\/01\\\/roger-de-menech-1.jpg\",\"articleSection\":[\"Cronaca\\\/Politica\",\"Prima Pagina\"],\"inLanguage\":\"fr-FR\"},{\"@type\":\"WebPage\",\"@id\":\"https:\\\/\\\/www.bellunopress.it\\\/2018\\\/05\\\/17\\\/lavori-anas-sullalemagna-de-menech-il-nuovo-governo-non-tolga-i-finanziamenti\\\/\",\"url\":\"https:\\\/\\\/www.bellunopress.it\\\/2018\\\/05\\\/17\\\/lavori-anas-sullalemagna-de-menech-il-nuovo-governo-non-tolga-i-finanziamenti\\\/\",\"name\":\"Lavori Anas sull'Alemagna. De Menech: \\\"Il nuovo governo non tolga i finanziamenti\\\" - Bellunopress - Dolomiti\",\"isPartOf\":{\"@id\":\"https:\\\/\\\/www.bellunopress.it\\\/#website\"},\"primaryImageOfPage\":{\"@id\":\"https:\\\/\\\/www.bellunopress.it\\\/2018\\\/05\\\/17\\\/lavori-anas-sullalemagna-de-menech-il-nuovo-governo-non-tolga-i-finanziamenti\\\/#primaryimage\"},\"image\":{\"@id\":\"https:\\\/\\\/www.bellunopress.it\\\/2018\\\/05\\\/17\\\/lavori-anas-sullalemagna-de-menech-il-nuovo-governo-non-tolga-i-finanziamenti\\\/#primaryimage\"},\"thumbnailUrl\":\"http:\\\/\\\/www.bellunopress.it\\\/wp-content\\\/uploads\\\/2013\\\/01\\\/roger-de-menech-1.jpg\",\"datePublished\":\"2018-05-17T18:44:38+00:00\",\"breadcrumb\":{\"@id\":\"https:\\\/\\\/www.bellunopress.it\\\/2018\\\/05\\\/17\\\/lavori-anas-sullalemagna-de-menech-il-nuovo-governo-non-tolga-i-finanziamenti\\\/#breadcrumb\"},\"inLanguage\":\"fr-FR\",\"potentialAction\":[{\"@type\":\"ReadAction\",\"target\":[\"https:\\\/\\\/www.bellunopress.it\\\/2018\\\/05\\\/17\\\/lavori-anas-sullalemagna-de-menech-il-nuovo-governo-non-tolga-i-finanziamenti\\\/\"]}]},{\"@type\":\"ImageObject\",\"inLanguage\":\"fr-FR\",\"@id\":\"https:\\\/\\\/www.bellunopress.it\\\/2018\\\/05\\\/17\\\/lavori-anas-sullalemagna-de-menech-il-nuovo-governo-non-tolga-i-finanziamenti\\\/#primaryimage\",\"url\":\"http:\\\/\\\/www.bellunopress.it\\\/wp-content\\\/uploads\\\/2013\\\/01\\\/roger-de-menech-1.jpg\",\"contentUrl\":\"http:\\\/\\\/www.bellunopress.it\\\/wp-content\\\/uploads\\\/2013\\\/01\\\/roger-de-menech-1.jpg\"},{\"@type\":\"BreadcrumbList\",\"@id\":\"https:\\\/\\\/www.bellunopress.it\\\/2018\\\/05\\\/17\\\/lavori-anas-sullalemagna-de-menech-il-nuovo-governo-non-tolga-i-finanziamenti\\\/#breadcrumb\",\"itemListElement\":[{\"@type\":\"ListItem\",\"position\":1,\"name\":\"Home\",\"item\":\"https:\\\/\\\/www.bellunopress.it\\\/\"},{\"@type\":\"ListItem\",\"position\":2,\"name\":\"Lavori Anas sull&#8217;Alemagna. De Menech: &#8220;Il nuovo governo non tolga i finanziamenti&#8221;\"}]},{\"@type\":\"WebSite\",\"@id\":\"https:\\\/\\\/www.bellunopress.it\\\/#website\",\"url\":\"https:\\\/\\\/www.bellunopress.it\\\/\",\"name\":\"Bellunopress - Dolomiti\",\"description\":\"e-mail: redazione@bellunopress.it\",\"publisher\":{\"@id\":\"https:\\\/\\\/www.bellunopress.it\\\/#organization\"},\"potentialAction\":[{\"@type\":\"SearchAction\",\"target\":{\"@type\":\"EntryPoint\",\"urlTemplate\":\"https:\\\/\\\/www.bellunopress.it\\\/?s={search_term_string}\"},\"query-input\":{\"@type\":\"PropertyValueSpecification\",\"valueRequired\":true,\"valueName\":\"search_term_string\"}}],\"inLanguage\":\"fr-FR\"},{\"@type\":\"Organization\",\"@id\":\"https:\\\/\\\/www.bellunopress.it\\\/#organization\",\"name\":\"Bellunopress\",\"url\":\"https:\\\/\\\/www.bellunopress.it\\\/\",\"logo\":{\"@type\":\"ImageObject\",\"inLanguage\":\"fr-FR\",\"@id\":\"https:\\\/\\\/www.bellunopress.it\\\/#\\\/schema\\\/logo\\\/image\\\/\",\"url\":\"https:\\\/\\\/www.bellunopress.it\\\/wp-content\\\/uploads\\\/2011\\\/05\\\/cropped-logo-bellunopress-.jpg\",\"contentUrl\":\"https:\\\/\\\/www.bellunopress.it\\\/wp-content\\\/uploads\\\/2011\\\/05\\\/cropped-logo-bellunopress-.jpg\",\"width\":512,\"height\":512,\"caption\":\"Bellunopress\"},\"image\":{\"@id\":\"https:\\\/\\\/www.bellunopress.it\\\/#\\\/schema\\\/logo\\\/image\\\/\"},\"sameAs\":[\"https:\\\/\\\/www.facebook.com\\\/profile.php?id=100008943462799\",\"https:\\\/\\\/x.com\\\/bellunopress\",\"https:\\\/\\\/www.linkedin.com\\\/hp\\\/?dnr=JBzUWaJfMUw8vbXJJ2tVW5-I3jZKvC4wsoxE&amp;amp;amp;amp;amp;amp;trk=nav_responsive_tab_home\",\"https:\\\/\\\/www.youtube.com\\\/channel\\\/UCxL0wu1uN0_3_7hGG0306cw\"]},{\"@type\":\"Person\",\"@id\":\"https:\\\/\\\/www.bellunopress.it\\\/#\\\/schema\\\/person\\\/79bb06722b37ece1c03d3e94beb30d73\",\"name\":\"redazione\",\"image\":{\"@type\":\"ImageObject\",\"inLanguage\":\"fr-FR\",\"@id\":\"https:\\\/\\\/secure.gravatar.com\\\/avatar\\\/37d968a2e67a6fd04c169c4bdef102d0bc5d31b2546345219e348575eb80e9a0?s=96&d=mm&r=g\",\"url\":\"https:\\\/\\\/secure.gravatar.com\\\/avatar\\\/37d968a2e67a6fd04c169c4bdef102d0bc5d31b2546345219e348575eb80e9a0?s=96&d=mm&r=g\",\"contentUrl\":\"https:\\\/\\\/secure.gravatar.com\\\/avatar\\\/37d968a2e67a6fd04c169c4bdef102d0bc5d31b2546345219e348575eb80e9a0?s=96&d=mm&r=g\",\"caption\":\"redazione\"},\"sameAs\":[\"http:\\\/\\\/www.bellunopress.it\",\"https:\\\/\\\/x.com\\\/bellunopress\"],\"url\":\"https:\\\/\\\/www.bellunopress.it\\\/fr\\\/author\\\/redazione\\\/\"}]}<\/script>\n<!-- \/ Yoast SEO plugin. -->","yoast_head_json":{"title":"Lavori Anas sull'Alemagna. De Menech: \"Il nuovo governo non tolga i finanziamenti\" - Bellunopress - Dolomiti","robots":{"index":"index","follow":"follow","max-snippet":"max-snippet:-1","max-image-preview":"max-image-preview:large","max-video-preview":"max-video-preview:-1"},"canonical":"https:\/\/www.bellunopress.it\/fr\/2018\/05\/17\/lavori-anas-sullalemagna-de-menech-il-nuovo-governo-non-tolga-i-finanziamenti\/","og_locale":"fr_FR","og_type":"article","og_title":"Lavori Anas sull'Alemagna. De Menech: \"Il nuovo governo non tolga i finanziamenti\" - Bellunopress - Dolomiti","og_description":"Belluno, 17 maggio 2018 _ \u00abMi auguro che il nuovo governo non metta a repentaglio le opere faticosamente programmate e finanziate per mettere in sicurezza la statale di Alemagna\u00bb. Il deputato bellunese Roger De Menech \u00e8 preoccupato dal continuo trapelare di voci che cercano di evidenziare difficolt\u00e0, ipotizzano ritardi e ora mettono persino in dubbio [&hellip;]","og_url":"https:\/\/www.bellunopress.it\/fr\/2018\/05\/17\/lavori-anas-sullalemagna-de-menech-il-nuovo-governo-non-tolga-i-finanziamenti\/","og_site_name":"Bellunopress - Dolomiti","article_publisher":"https:\/\/www.facebook.com\/profile.php?id=100008943462799","article_published_time":"2018-05-17T18:44:38+00:00","og_image":[{"url":"http:\/\/www.bellunopress.it\/wp-content\/uploads\/2013\/01\/roger-de-menech-1.jpg","type":"","width":"","height":""}],"author":"redazione","twitter_card":"summary_large_image","twitter_creator":"@bellunopress","twitter_site":"@bellunopress","twitter_misc":{"\u00c9crit par":"redazione","Dur\u00e9e de lecture estim\u00e9e":"2 minutes"},"schema":{"@context":"https:\/\/schema.org","@graph":[{"@type":"Article","@id":"https:\/\/www.bellunopress.it\/2018\/05\/17\/lavori-anas-sullalemagna-de-menech-il-nuovo-governo-non-tolga-i-finanziamenti\/#article","isPartOf":{"@id":"https:\/\/www.bellunopress.it\/2018\/05\/17\/lavori-anas-sullalemagna-de-menech-il-nuovo-governo-non-tolga-i-finanziamenti\/"},"author":{"name":"redazione","@id":"https:\/\/www.bellunopress.it\/#\/schema\/person\/79bb06722b37ece1c03d3e94beb30d73"},"headline":"Lavori Anas sull&#8217;Alemagna. De Menech: &#8220;Il nuovo governo non tolga i finanziamenti&#8221;","datePublished":"2018-05-17T18:44:38+00:00","mainEntityOfPage":{"@id":"https:\/\/www.bellunopress.it\/2018\/05\/17\/lavori-anas-sullalemagna-de-menech-il-nuovo-governo-non-tolga-i-finanziamenti\/"},"wordCount":339,"publisher":{"@id":"https:\/\/www.bellunopress.it\/#organization"},"image":{"@id":"https:\/\/www.bellunopress.it\/2018\/05\/17\/lavori-anas-sullalemagna-de-menech-il-nuovo-governo-non-tolga-i-finanziamenti\/#primaryimage"},"thumbnailUrl":"http:\/\/www.bellunopress.it\/wp-content\/uploads\/2013\/01\/roger-de-menech-1.jpg","articleSection":["Cronaca\/Politica","Prima Pagina"],"inLanguage":"fr-FR"},{"@type":"WebPage","@id":"https:\/\/www.bellunopress.it\/2018\/05\/17\/lavori-anas-sullalemagna-de-menech-il-nuovo-governo-non-tolga-i-finanziamenti\/","url":"https:\/\/www.bellunopress.it\/2018\/05\/17\/lavori-anas-sullalemagna-de-menech-il-nuovo-governo-non-tolga-i-finanziamenti\/","name":"Lavori Anas sull'Alemagna. De Menech: \"Il nuovo governo non tolga i finanziamenti\" - Bellunopress - Dolomiti","isPartOf":{"@id":"https:\/\/www.bellunopress.it\/#website"},"primaryImageOfPage":{"@id":"https:\/\/www.bellunopress.it\/2018\/05\/17\/lavori-anas-sullalemagna-de-menech-il-nuovo-governo-non-tolga-i-finanziamenti\/#primaryimage"},"image":{"@id":"https:\/\/www.bellunopress.it\/2018\/05\/17\/lavori-anas-sullalemagna-de-menech-il-nuovo-governo-non-tolga-i-finanziamenti\/#primaryimage"},"thumbnailUrl":"http:\/\/www.bellunopress.it\/wp-content\/uploads\/2013\/01\/roger-de-menech-1.jpg","datePublished":"2018-05-17T18:44:38+00:00","breadcrumb":{"@id":"https:\/\/www.bellunopress.it\/2018\/05\/17\/lavori-anas-sullalemagna-de-menech-il-nuovo-governo-non-tolga-i-finanziamenti\/#breadcrumb"},"inLanguage":"fr-FR","potentialAction":[{"@type":"ReadAction","target":["https:\/\/www.bellunopress.it\/2018\/05\/17\/lavori-anas-sullalemagna-de-menech-il-nuovo-governo-non-tolga-i-finanziamenti\/"]}]},{"@type":"ImageObject","inLanguage":"fr-FR","@id":"https:\/\/www.bellunopress.it\/2018\/05\/17\/lavori-anas-sullalemagna-de-menech-il-nuovo-governo-non-tolga-i-finanziamenti\/#primaryimage","url":"http:\/\/www.bellunopress.it\/wp-content\/uploads\/2013\/01\/roger-de-menech-1.jpg","contentUrl":"http:\/\/www.bellunopress.it\/wp-content\/uploads\/2013\/01\/roger-de-menech-1.jpg"},{"@type":"BreadcrumbList","@id":"https:\/\/www.bellunopress.it\/2018\/05\/17\/lavori-anas-sullalemagna-de-menech-il-nuovo-governo-non-tolga-i-finanziamenti\/#breadcrumb","itemListElement":[{"@type":"ListItem","position":1,"name":"Home","item":"https:\/\/www.bellunopress.it\/"},{"@type":"ListItem","position":2,"name":"Lavori Anas sull&#8217;Alemagna. De Menech: &#8220;Il nuovo governo non tolga i finanziamenti&#8221;"}]},{"@type":"WebSite","@id":"https:\/\/www.bellunopress.it\/#website","url":"https:\/\/www.bellunopress.it\/","name":"Bellunopress - Dolomiti","description":"e-mail: redazione@bellunopress.it","publisher":{"@id":"https:\/\/www.bellunopress.it\/#organization"},"potentialAction":[{"@type":"SearchAction","target":{"@type":"EntryPoint","urlTemplate":"https:\/\/www.bellunopress.it\/?s={search_term_string}"},"query-input":{"@type":"PropertyValueSpecification","valueRequired":true,"valueName":"search_term_string"}}],"inLanguage":"fr-FR"},{"@type":"Organization","@id":"https:\/\/www.bellunopress.it\/#organization","name":"Bellunopress","url":"https:\/\/www.bellunopress.it\/","logo":{"@type":"ImageObject","inLanguage":"fr-FR","@id":"https:\/\/www.bellunopress.it\/#\/schema\/logo\/image\/","url":"https:\/\/www.bellunopress.it\/wp-content\/uploads\/2011\/05\/cropped-logo-bellunopress-.jpg","contentUrl":"https:\/\/www.bellunopress.it\/wp-content\/uploads\/2011\/05\/cropped-logo-bellunopress-.jpg","width":512,"height":512,"caption":"Bellunopress"},"image":{"@id":"https:\/\/www.bellunopress.it\/#\/schema\/logo\/image\/"},"sameAs":["https:\/\/www.facebook.com\/profile.php?id=100008943462799","https:\/\/x.com\/bellunopress","https:\/\/www.linkedin.com\/hp\/?dnr=JBzUWaJfMUw8vbXJJ2tVW5-I3jZKvC4wsoxE&amp;amp;amp;amp;amp;amp;trk=nav_responsive_tab_home","https:\/\/www.youtube.com\/channel\/UCxL0wu1uN0_3_7hGG0306cw"]},{"@type":"Person","@id":"https:\/\/www.bellunopress.it\/#\/schema\/person\/79bb06722b37ece1c03d3e94beb30d73","name":"r\u00e9daction","image":{"@type":"ImageObject","inLanguage":"fr-FR","@id":"https:\/\/secure.gravatar.com\/avatar\/37d968a2e67a6fd04c169c4bdef102d0bc5d31b2546345219e348575eb80e9a0?s=96&d=mm&r=g","url":"https:\/\/secure.gravatar.com\/avatar\/37d968a2e67a6fd04c169c4bdef102d0bc5d31b2546345219e348575eb80e9a0?s=96&d=mm&r=g","contentUrl":"https:\/\/secure.gravatar.com\/avatar\/37d968a2e67a6fd04c169c4bdef102d0bc5d31b2546345219e348575eb80e9a0?s=96&d=mm&r=g","caption":"redazione"},"sameAs":["http:\/\/www.bellunopress.it","https:\/\/x.com\/bellunopress"],"url":"https:\/\/www.bellunopress.it\/fr\/author\/redazione\/"}]}},"_links":{"self":[{"href":"https:\/\/www.bellunopress.it\/fr\/wp-json\/wp\/v2\/posts\/95054","targetHints":{"allow":["GET"]}}],"collection":[{"href":"https:\/\/www.bellunopress.it\/fr\/wp-json\/wp\/v2\/posts"}],"about":[{"href":"https:\/\/www.bellunopress.it\/fr\/wp-json\/wp\/v2\/types\/post"}],"author":[{"embeddable":true,"href":"https:\/\/www.bellunopress.it\/fr\/wp-json\/wp\/v2\/users\/2"}],"replies":[{"embeddable":true,"href":"https:\/\/www.bellunopress.it\/fr\/wp-json\/wp\/v2\/comments?post=95054"}],"version-history":[{"count":1,"href":"https:\/\/www.bellunopress.it\/fr\/wp-json\/wp\/v2\/posts\/95054\/revisions"}],"predecessor-version":[{"id":95055,"href":"https:\/\/www.bellunopress.it\/fr\/wp-json\/wp\/v2\/posts\/95054\/revisions\/95055"}],"wp:attachment":[{"href":"https:\/\/www.bellunopress.it\/fr\/wp-json\/wp\/v2\/media?parent=95054"}],"wp:term":[{"taxonomy":"category","embeddable":true,"href":"https:\/\/www.bellunopress.it\/fr\/wp-json\/wp\/v2\/categories?post=95054"},{"taxonomy":"post_tag","embeddable":true,"href":"https:\/\/www.bellunopress.it\/fr\/wp-json\/wp\/v2\/tags?post=95054"}],"curies":[{"name":"wp","href":"https:\/\/api.w.org\/{rel}","templated":true}]}}