{"id":95052,"date":"2018-05-17T20:39:02","date_gmt":"2018-05-17T18:39:02","guid":{"rendered":"http:\/\/www.bellunopress.it\/?p=95052"},"modified":"2018-05-17T20:39:02","modified_gmt":"2018-05-17T18:39:02","slug":"allarme-pesticidi-in-veneto-il-triste-primato-con-ben-117-kg-di-pesticidi-per-ettaro-coltivato","status":"publish","type":"post","link":"https:\/\/www.bellunopress.it\/fr\/2018\/05\/17\/allarme-pesticidi-in-veneto-il-triste-primato-con-ben-117-kg-di-pesticidi-per-ettaro-coltivato\/","title":{"rendered":"Allarme pesticidi. In Veneto il triste primato, con ben 11,7 kg di pesticidi per ettaro coltivato"},"content":{"rendered":"<p><a href=\"http:\/\/www.bellunopress.it\/fr\/2018\/03\/20\/belluno-in-comune\/belluno-in-comune\/\" rel=\"attachment wp-att-93696\"><img loading=\"lazy\" decoding=\"async\" class=\"alignleft size-full wp-image-93696\" src=\"http:\/\/www.bellunopress.it\/wp-content\/uploads\/2018\/03\/Belluno-in-Comune.jpg\" alt=\"\" width=\"250\" height=\"250\" \/><\/a>L\u2019avvelenamento da pesticidi \u00e8, ormai, un dato di fatto inconfutabile che sta ammalando, sempre pi\u00f9, intere popolazioni e territori.<\/p>\n<p>Lo sottolinea in una nota il Movimento BellunoInComune.<\/p>\n<p>Questo emerge chiaramente dall\u2019ultimo \u201cRapporto Nazionale pesticidi nelle acque 2018\u201d, appena pubblicato da ISPRA, che evidenzia come siano in aumento i livelli di contaminazione dovuti all\u2019uso di pesticidi e diserbanti.<br \/>\nDati veramente allarmanti che dimostrano quanto i pesticidi nelle acque siano in aumento e come i livelli di contaminazione siano sopra i limiti in quasi un quarto dei punti di monitoraggio delle acque superficiali; tra questi per esempio, l\u2019ormai tristemente famoso, glifosato arriva a superare gli standard di qualit\u00e0 delle acque in quasi il 48% dei siti monitorati.<br \/>\nUn altro aspetto di come siano pericolosi questi pesticidi \u00e8 la loro persistenza, infatti l\u2019atrazina, bandita dai nostri campi da ben 26 anni, \u00e8 risultata ancora presente, superando i limiti di concentrazione consentita, nell\u20198,3% dei punti di analisi delle acque sotterrane, le stesse che poi ricaricano i nostri acquedotti.<br \/>\nTutto ci\u00f2 \u00e8 molto grave in quanto i residui di queste sostanze, che finiscono nelle nostre acque e quindi in tutto l\u2019ambiente e nella catena alimentare, sono tossici per la vita anche in basse concentrazioni.<br \/>\nPer quanto ci riguarda, i dati sono ancora pi\u00f9 gravi se consideriamo che in Veneto la presenza di pesticidi interessa il 90% dei punti delle acque superficiali monitorati e che abbiamo il \u201ctriste primato\u201d con ben 11,7 kg di pesticidi per ettaro coltivato.<br \/>\nDetto ci\u00f2, cosa fare per evitare che la gi\u00e0 grave situazione da emergenziale diventi un disastro?<br \/>\nBisogna, innanzi tutto, che noi cittadini acquisiamo sempre pi\u00f9 consapevolezza di questi problemi e capiamo quanto siano importanti le nostre scelte e come possano influenzare il mercato.<br \/>\nPoi pretendere dalla politica scelte forti e coraggiose che, partendo dal principio di precauzione, scoraggino l\u2019utilizzo dei pesticidi e mirino a incentivare e premiare l\u2019agricoltura biologica e la costituzione di biodistretti, nel rispetto della biodiversit\u00e0 e delle tipicit\u00e0 tradizionali locali.<br \/>\nNon si tratta di vietare, ma di chiarire che il sistema agroindustriale non pu\u00f2 essere l\u2019unico che sfugge alla regola del \u2018chi inquina paga\u2019\u201d.<br \/>\nAllora basta chiacchiere e passerelle &#8211; conclude la nota di BellunoInComune &#8211;\u00a0 \u00a0mettiamoci a lavorare concretamente per costruire un nuovo modello agricolo che possa regalarci prodotti gustosi ma, principalmente, salutari.<\/p>","protected":false},"excerpt":{"rendered":"<p>L\u2019avvelenamento da pesticidi \u00e8, ormai, un dato di fatto inconfutabile che sta ammalando, sempre pi\u00f9, intere popolazioni e territori. Lo sottolinea in una nota il Movimento BellunoInComune. Questo emerge chiaramente dall\u2019ultimo \u201cRapporto Nazionale pesticidi nelle acque 2018\u201d, appena pubblicato da ISPRA, che evidenzia come siano in aumento i livelli di contaminazione dovuti all\u2019uso di pesticidi [&hellip;]<\/p>\n","protected":false},"author":2,"featured_media":0,"comment_status":"closed","ping_status":"open","sticky":false,"template":"","format":"standard","meta":{"footnotes":""},"categories":[5,38,26],"tags":[],"class_list":["post-95052","post","type-post","status-publish","format-standard","category-cronaca","category-natura-ambiente","category-prima-pagina"],"yoast_head":"<!-- This site is optimized with the Yoast SEO plugin v28.4 - https:\/\/yoast.com\/product\/yoast-seo-wordpress\/ -->\n<title>Allarme pesticidi. In Veneto il triste primato, con ben 11,7 kg di pesticidi per ettaro coltivato - Bellunopress - Dolomiti<\/title>\n<meta name=\"robots\" content=\"index, follow, max-snippet:-1, max-image-preview:large, max-video-preview:-1\" \/>\n<link rel=\"canonical\" href=\"https:\/\/www.bellunopress.it\/fr\/2018\/05\/17\/allarme-pesticidi-in-veneto-il-triste-primato-con-ben-117-kg-di-pesticidi-per-ettaro-coltivato\/\" \/>\n<meta property=\"og:locale\" content=\"fr_FR\" \/>\n<meta property=\"og:type\" content=\"article\" \/>\n<meta property=\"og:title\" content=\"Allarme pesticidi. In Veneto il triste primato, con ben 11,7 kg di pesticidi per ettaro coltivato - Bellunopress - Dolomiti\" \/>\n<meta property=\"og:description\" content=\"L\u2019avvelenamento da pesticidi \u00e8, ormai, un dato di fatto inconfutabile che sta ammalando, sempre pi\u00f9, intere popolazioni e territori. Lo sottolinea in una nota il Movimento BellunoInComune. Questo emerge chiaramente dall\u2019ultimo \u201cRapporto Nazionale pesticidi nelle acque 2018\u201d, appena pubblicato da ISPRA, che evidenzia come siano in aumento i livelli di contaminazione dovuti all\u2019uso di pesticidi [&hellip;]\" \/>\n<meta property=\"og:url\" content=\"https:\/\/www.bellunopress.it\/fr\/2018\/05\/17\/allarme-pesticidi-in-veneto-il-triste-primato-con-ben-117-kg-di-pesticidi-per-ettaro-coltivato\/\" \/>\n<meta property=\"og:site_name\" content=\"Bellunopress - Dolomiti\" \/>\n<meta property=\"article:publisher\" content=\"https:\/\/www.facebook.com\/profile.php?id=100008943462799\" \/>\n<meta property=\"article:published_time\" content=\"2018-05-17T18:39:02+00:00\" \/>\n<meta property=\"og:image\" content=\"http:\/\/www.bellunopress.it\/wp-content\/uploads\/2018\/03\/Belluno-in-Comune.jpg\" \/>\n<meta name=\"author\" content=\"redazione\" \/>\n<meta name=\"twitter:card\" content=\"summary_large_image\" \/>\n<meta name=\"twitter:creator\" content=\"@bellunopress\" \/>\n<meta name=\"twitter:site\" content=\"@bellunopress\" \/>\n<meta name=\"twitter:label1\" content=\"\u00c9crit par\" \/>\n\t<meta name=\"twitter:data1\" content=\"redazione\" \/>\n\t<meta name=\"twitter:label2\" content=\"Dur\u00e9e de lecture estim\u00e9e\" \/>\n\t<meta name=\"twitter:data2\" content=\"2 minutes\" \/>\n<script type=\"application\/ld+json\" class=\"yoast-schema-graph\">{\"@context\":\"https:\\\/\\\/schema.org\",\"@graph\":[{\"@type\":\"Article\",\"@id\":\"https:\\\/\\\/www.bellunopress.it\\\/2018\\\/05\\\/17\\\/allarme-pesticidi-in-veneto-il-triste-primato-con-ben-117-kg-di-pesticidi-per-ettaro-coltivato\\\/#article\",\"isPartOf\":{\"@id\":\"https:\\\/\\\/www.bellunopress.it\\\/2018\\\/05\\\/17\\\/allarme-pesticidi-in-veneto-il-triste-primato-con-ben-117-kg-di-pesticidi-per-ettaro-coltivato\\\/\"},\"author\":{\"name\":\"redazione\",\"@id\":\"https:\\\/\\\/www.bellunopress.it\\\/#\\\/schema\\\/person\\\/79bb06722b37ece1c03d3e94beb30d73\"},\"headline\":\"Allarme pesticidi. In Veneto il triste primato, con ben 11,7 kg di pesticidi per ettaro coltivato\",\"datePublished\":\"2018-05-17T18:39:02+00:00\",\"mainEntityOfPage\":{\"@id\":\"https:\\\/\\\/www.bellunopress.it\\\/2018\\\/05\\\/17\\\/allarme-pesticidi-in-veneto-il-triste-primato-con-ben-117-kg-di-pesticidi-per-ettaro-coltivato\\\/\"},\"wordCount\":394,\"publisher\":{\"@id\":\"https:\\\/\\\/www.bellunopress.it\\\/#organization\"},\"image\":{\"@id\":\"https:\\\/\\\/www.bellunopress.it\\\/2018\\\/05\\\/17\\\/allarme-pesticidi-in-veneto-il-triste-primato-con-ben-117-kg-di-pesticidi-per-ettaro-coltivato\\\/#primaryimage\"},\"thumbnailUrl\":\"http:\\\/\\\/www.bellunopress.it\\\/wp-content\\\/uploads\\\/2018\\\/03\\\/Belluno-in-Comune.jpg\",\"articleSection\":[\"Cronaca\\\/Politica\",\"Meteo, natura, ambiente, animali\",\"Prima Pagina\"],\"inLanguage\":\"fr-FR\"},{\"@type\":\"WebPage\",\"@id\":\"https:\\\/\\\/www.bellunopress.it\\\/2018\\\/05\\\/17\\\/allarme-pesticidi-in-veneto-il-triste-primato-con-ben-117-kg-di-pesticidi-per-ettaro-coltivato\\\/\",\"url\":\"https:\\\/\\\/www.bellunopress.it\\\/2018\\\/05\\\/17\\\/allarme-pesticidi-in-veneto-il-triste-primato-con-ben-117-kg-di-pesticidi-per-ettaro-coltivato\\\/\",\"name\":\"Allarme pesticidi. In Veneto il triste primato, con ben 11,7 kg di pesticidi per ettaro coltivato - Bellunopress - Dolomiti\",\"isPartOf\":{\"@id\":\"https:\\\/\\\/www.bellunopress.it\\\/#website\"},\"primaryImageOfPage\":{\"@id\":\"https:\\\/\\\/www.bellunopress.it\\\/2018\\\/05\\\/17\\\/allarme-pesticidi-in-veneto-il-triste-primato-con-ben-117-kg-di-pesticidi-per-ettaro-coltivato\\\/#primaryimage\"},\"image\":{\"@id\":\"https:\\\/\\\/www.bellunopress.it\\\/2018\\\/05\\\/17\\\/allarme-pesticidi-in-veneto-il-triste-primato-con-ben-117-kg-di-pesticidi-per-ettaro-coltivato\\\/#primaryimage\"},\"thumbnailUrl\":\"http:\\\/\\\/www.bellunopress.it\\\/wp-content\\\/uploads\\\/2018\\\/03\\\/Belluno-in-Comune.jpg\",\"datePublished\":\"2018-05-17T18:39:02+00:00\",\"breadcrumb\":{\"@id\":\"https:\\\/\\\/www.bellunopress.it\\\/2018\\\/05\\\/17\\\/allarme-pesticidi-in-veneto-il-triste-primato-con-ben-117-kg-di-pesticidi-per-ettaro-coltivato\\\/#breadcrumb\"},\"inLanguage\":\"fr-FR\",\"potentialAction\":[{\"@type\":\"ReadAction\",\"target\":[\"https:\\\/\\\/www.bellunopress.it\\\/2018\\\/05\\\/17\\\/allarme-pesticidi-in-veneto-il-triste-primato-con-ben-117-kg-di-pesticidi-per-ettaro-coltivato\\\/\"]}]},{\"@type\":\"ImageObject\",\"inLanguage\":\"fr-FR\",\"@id\":\"https:\\\/\\\/www.bellunopress.it\\\/2018\\\/05\\\/17\\\/allarme-pesticidi-in-veneto-il-triste-primato-con-ben-117-kg-di-pesticidi-per-ettaro-coltivato\\\/#primaryimage\",\"url\":\"http:\\\/\\\/www.bellunopress.it\\\/wp-content\\\/uploads\\\/2018\\\/03\\\/Belluno-in-Comune.jpg\",\"contentUrl\":\"http:\\\/\\\/www.bellunopress.it\\\/wp-content\\\/uploads\\\/2018\\\/03\\\/Belluno-in-Comune.jpg\"},{\"@type\":\"BreadcrumbList\",\"@id\":\"https:\\\/\\\/www.bellunopress.it\\\/2018\\\/05\\\/17\\\/allarme-pesticidi-in-veneto-il-triste-primato-con-ben-117-kg-di-pesticidi-per-ettaro-coltivato\\\/#breadcrumb\",\"itemListElement\":[{\"@type\":\"ListItem\",\"position\":1,\"name\":\"Home\",\"item\":\"https:\\\/\\\/www.bellunopress.it\\\/\"},{\"@type\":\"ListItem\",\"position\":2,\"name\":\"Allarme pesticidi. In Veneto il triste primato, con ben 11,7 kg di pesticidi per ettaro coltivato\"}]},{\"@type\":\"WebSite\",\"@id\":\"https:\\\/\\\/www.bellunopress.it\\\/#website\",\"url\":\"https:\\\/\\\/www.bellunopress.it\\\/\",\"name\":\"Bellunopress - Dolomiti\",\"description\":\"e-mail: redazione@bellunopress.it\",\"publisher\":{\"@id\":\"https:\\\/\\\/www.bellunopress.it\\\/#organization\"},\"potentialAction\":[{\"@type\":\"SearchAction\",\"target\":{\"@type\":\"EntryPoint\",\"urlTemplate\":\"https:\\\/\\\/www.bellunopress.it\\\/?s={search_term_string}\"},\"query-input\":{\"@type\":\"PropertyValueSpecification\",\"valueRequired\":true,\"valueName\":\"search_term_string\"}}],\"inLanguage\":\"fr-FR\"},{\"@type\":\"Organization\",\"@id\":\"https:\\\/\\\/www.bellunopress.it\\\/#organization\",\"name\":\"Bellunopress\",\"url\":\"https:\\\/\\\/www.bellunopress.it\\\/\",\"logo\":{\"@type\":\"ImageObject\",\"inLanguage\":\"fr-FR\",\"@id\":\"https:\\\/\\\/www.bellunopress.it\\\/#\\\/schema\\\/logo\\\/image\\\/\",\"url\":\"https:\\\/\\\/www.bellunopress.it\\\/wp-content\\\/uploads\\\/2011\\\/05\\\/cropped-logo-bellunopress-.jpg\",\"contentUrl\":\"https:\\\/\\\/www.bellunopress.it\\\/wp-content\\\/uploads\\\/2011\\\/05\\\/cropped-logo-bellunopress-.jpg\",\"width\":512,\"height\":512,\"caption\":\"Bellunopress\"},\"image\":{\"@id\":\"https:\\\/\\\/www.bellunopress.it\\\/#\\\/schema\\\/logo\\\/image\\\/\"},\"sameAs\":[\"https:\\\/\\\/www.facebook.com\\\/profile.php?id=100008943462799\",\"https:\\\/\\\/x.com\\\/bellunopress\",\"https:\\\/\\\/www.linkedin.com\\\/hp\\\/?dnr=JBzUWaJfMUw8vbXJJ2tVW5-I3jZKvC4wsoxE&amp;amp;amp;amp;amp;amp;trk=nav_responsive_tab_home\",\"https:\\\/\\\/www.youtube.com\\\/channel\\\/UCxL0wu1uN0_3_7hGG0306cw\"]},{\"@type\":\"Person\",\"@id\":\"https:\\\/\\\/www.bellunopress.it\\\/#\\\/schema\\\/person\\\/79bb06722b37ece1c03d3e94beb30d73\",\"name\":\"redazione\",\"image\":{\"@type\":\"ImageObject\",\"inLanguage\":\"fr-FR\",\"@id\":\"https:\\\/\\\/secure.gravatar.com\\\/avatar\\\/37d968a2e67a6fd04c169c4bdef102d0bc5d31b2546345219e348575eb80e9a0?s=96&d=mm&r=g\",\"url\":\"https:\\\/\\\/secure.gravatar.com\\\/avatar\\\/37d968a2e67a6fd04c169c4bdef102d0bc5d31b2546345219e348575eb80e9a0?s=96&d=mm&r=g\",\"contentUrl\":\"https:\\\/\\\/secure.gravatar.com\\\/avatar\\\/37d968a2e67a6fd04c169c4bdef102d0bc5d31b2546345219e348575eb80e9a0?s=96&d=mm&r=g\",\"caption\":\"redazione\"},\"sameAs\":[\"http:\\\/\\\/www.bellunopress.it\",\"https:\\\/\\\/x.com\\\/bellunopress\"],\"url\":\"https:\\\/\\\/www.bellunopress.it\\\/fr\\\/author\\\/redazione\\\/\"}]}<\/script>\n<!-- \/ Yoast SEO plugin. -->","yoast_head_json":{"title":"Allarme pesticidi. In Veneto il triste primato, con ben 11,7 kg di pesticidi per ettaro coltivato - Bellunopress - Dolomiti","robots":{"index":"index","follow":"follow","max-snippet":"max-snippet:-1","max-image-preview":"max-image-preview:large","max-video-preview":"max-video-preview:-1"},"canonical":"https:\/\/www.bellunopress.it\/fr\/2018\/05\/17\/allarme-pesticidi-in-veneto-il-triste-primato-con-ben-117-kg-di-pesticidi-per-ettaro-coltivato\/","og_locale":"fr_FR","og_type":"article","og_title":"Allarme pesticidi. In Veneto il triste primato, con ben 11,7 kg di pesticidi per ettaro coltivato - Bellunopress - Dolomiti","og_description":"L\u2019avvelenamento da pesticidi \u00e8, ormai, un dato di fatto inconfutabile che sta ammalando, sempre pi\u00f9, intere popolazioni e territori. Lo sottolinea in una nota il Movimento BellunoInComune. Questo emerge chiaramente dall\u2019ultimo \u201cRapporto Nazionale pesticidi nelle acque 2018\u201d, appena pubblicato da ISPRA, che evidenzia come siano in aumento i livelli di contaminazione dovuti all\u2019uso di pesticidi [&hellip;]","og_url":"https:\/\/www.bellunopress.it\/fr\/2018\/05\/17\/allarme-pesticidi-in-veneto-il-triste-primato-con-ben-117-kg-di-pesticidi-per-ettaro-coltivato\/","og_site_name":"Bellunopress - Dolomiti","article_publisher":"https:\/\/www.facebook.com\/profile.php?id=100008943462799","article_published_time":"2018-05-17T18:39:02+00:00","og_image":[{"url":"http:\/\/www.bellunopress.it\/wp-content\/uploads\/2018\/03\/Belluno-in-Comune.jpg","type":"","width":"","height":""}],"author":"redazione","twitter_card":"summary_large_image","twitter_creator":"@bellunopress","twitter_site":"@bellunopress","twitter_misc":{"\u00c9crit par":"redazione","Dur\u00e9e de lecture estim\u00e9e":"2 minutes"},"schema":{"@context":"https:\/\/schema.org","@graph":[{"@type":"Article","@id":"https:\/\/www.bellunopress.it\/2018\/05\/17\/allarme-pesticidi-in-veneto-il-triste-primato-con-ben-117-kg-di-pesticidi-per-ettaro-coltivato\/#article","isPartOf":{"@id":"https:\/\/www.bellunopress.it\/2018\/05\/17\/allarme-pesticidi-in-veneto-il-triste-primato-con-ben-117-kg-di-pesticidi-per-ettaro-coltivato\/"},"author":{"name":"redazione","@id":"https:\/\/www.bellunopress.it\/#\/schema\/person\/79bb06722b37ece1c03d3e94beb30d73"},"headline":"Allarme pesticidi. In Veneto il triste primato, con ben 11,7 kg di pesticidi per ettaro coltivato","datePublished":"2018-05-17T18:39:02+00:00","mainEntityOfPage":{"@id":"https:\/\/www.bellunopress.it\/2018\/05\/17\/allarme-pesticidi-in-veneto-il-triste-primato-con-ben-117-kg-di-pesticidi-per-ettaro-coltivato\/"},"wordCount":394,"publisher":{"@id":"https:\/\/www.bellunopress.it\/#organization"},"image":{"@id":"https:\/\/www.bellunopress.it\/2018\/05\/17\/allarme-pesticidi-in-veneto-il-triste-primato-con-ben-117-kg-di-pesticidi-per-ettaro-coltivato\/#primaryimage"},"thumbnailUrl":"http:\/\/www.bellunopress.it\/wp-content\/uploads\/2018\/03\/Belluno-in-Comune.jpg","articleSection":["Cronaca\/Politica","Meteo, natura, ambiente, animali","Prima Pagina"],"inLanguage":"fr-FR"},{"@type":"WebPage","@id":"https:\/\/www.bellunopress.it\/2018\/05\/17\/allarme-pesticidi-in-veneto-il-triste-primato-con-ben-117-kg-di-pesticidi-per-ettaro-coltivato\/","url":"https:\/\/www.bellunopress.it\/2018\/05\/17\/allarme-pesticidi-in-veneto-il-triste-primato-con-ben-117-kg-di-pesticidi-per-ettaro-coltivato\/","name":"Allarme pesticidi. In Veneto il triste primato, con ben 11,7 kg di pesticidi per ettaro coltivato - Bellunopress - Dolomiti","isPartOf":{"@id":"https:\/\/www.bellunopress.it\/#website"},"primaryImageOfPage":{"@id":"https:\/\/www.bellunopress.it\/2018\/05\/17\/allarme-pesticidi-in-veneto-il-triste-primato-con-ben-117-kg-di-pesticidi-per-ettaro-coltivato\/#primaryimage"},"image":{"@id":"https:\/\/www.bellunopress.it\/2018\/05\/17\/allarme-pesticidi-in-veneto-il-triste-primato-con-ben-117-kg-di-pesticidi-per-ettaro-coltivato\/#primaryimage"},"thumbnailUrl":"http:\/\/www.bellunopress.it\/wp-content\/uploads\/2018\/03\/Belluno-in-Comune.jpg","datePublished":"2018-05-17T18:39:02+00:00","breadcrumb":{"@id":"https:\/\/www.bellunopress.it\/2018\/05\/17\/allarme-pesticidi-in-veneto-il-triste-primato-con-ben-117-kg-di-pesticidi-per-ettaro-coltivato\/#breadcrumb"},"inLanguage":"fr-FR","potentialAction":[{"@type":"ReadAction","target":["https:\/\/www.bellunopress.it\/2018\/05\/17\/allarme-pesticidi-in-veneto-il-triste-primato-con-ben-117-kg-di-pesticidi-per-ettaro-coltivato\/"]}]},{"@type":"ImageObject","inLanguage":"fr-FR","@id":"https:\/\/www.bellunopress.it\/2018\/05\/17\/allarme-pesticidi-in-veneto-il-triste-primato-con-ben-117-kg-di-pesticidi-per-ettaro-coltivato\/#primaryimage","url":"http:\/\/www.bellunopress.it\/wp-content\/uploads\/2018\/03\/Belluno-in-Comune.jpg","contentUrl":"http:\/\/www.bellunopress.it\/wp-content\/uploads\/2018\/03\/Belluno-in-Comune.jpg"},{"@type":"BreadcrumbList","@id":"https:\/\/www.bellunopress.it\/2018\/05\/17\/allarme-pesticidi-in-veneto-il-triste-primato-con-ben-117-kg-di-pesticidi-per-ettaro-coltivato\/#breadcrumb","itemListElement":[{"@type":"ListItem","position":1,"name":"Home","item":"https:\/\/www.bellunopress.it\/"},{"@type":"ListItem","position":2,"name":"Allarme pesticidi. In Veneto il triste primato, con ben 11,7 kg di pesticidi per ettaro coltivato"}]},{"@type":"WebSite","@id":"https:\/\/www.bellunopress.it\/#website","url":"https:\/\/www.bellunopress.it\/","name":"Bellunopress - Dolomiti","description":"e-mail: redazione@bellunopress.it","publisher":{"@id":"https:\/\/www.bellunopress.it\/#organization"},"potentialAction":[{"@type":"SearchAction","target":{"@type":"EntryPoint","urlTemplate":"https:\/\/www.bellunopress.it\/?s={search_term_string}"},"query-input":{"@type":"PropertyValueSpecification","valueRequired":true,"valueName":"search_term_string"}}],"inLanguage":"fr-FR"},{"@type":"Organization","@id":"https:\/\/www.bellunopress.it\/#organization","name":"Bellunopress","url":"https:\/\/www.bellunopress.it\/","logo":{"@type":"ImageObject","inLanguage":"fr-FR","@id":"https:\/\/www.bellunopress.it\/#\/schema\/logo\/image\/","url":"https:\/\/www.bellunopress.it\/wp-content\/uploads\/2011\/05\/cropped-logo-bellunopress-.jpg","contentUrl":"https:\/\/www.bellunopress.it\/wp-content\/uploads\/2011\/05\/cropped-logo-bellunopress-.jpg","width":512,"height":512,"caption":"Bellunopress"},"image":{"@id":"https:\/\/www.bellunopress.it\/#\/schema\/logo\/image\/"},"sameAs":["https:\/\/www.facebook.com\/profile.php?id=100008943462799","https:\/\/x.com\/bellunopress","https:\/\/www.linkedin.com\/hp\/?dnr=JBzUWaJfMUw8vbXJJ2tVW5-I3jZKvC4wsoxE&amp;amp;amp;amp;amp;amp;trk=nav_responsive_tab_home","https:\/\/www.youtube.com\/channel\/UCxL0wu1uN0_3_7hGG0306cw"]},{"@type":"Person","@id":"https:\/\/www.bellunopress.it\/#\/schema\/person\/79bb06722b37ece1c03d3e94beb30d73","name":"r\u00e9daction","image":{"@type":"ImageObject","inLanguage":"fr-FR","@id":"https:\/\/secure.gravatar.com\/avatar\/37d968a2e67a6fd04c169c4bdef102d0bc5d31b2546345219e348575eb80e9a0?s=96&d=mm&r=g","url":"https:\/\/secure.gravatar.com\/avatar\/37d968a2e67a6fd04c169c4bdef102d0bc5d31b2546345219e348575eb80e9a0?s=96&d=mm&r=g","contentUrl":"https:\/\/secure.gravatar.com\/avatar\/37d968a2e67a6fd04c169c4bdef102d0bc5d31b2546345219e348575eb80e9a0?s=96&d=mm&r=g","caption":"redazione"},"sameAs":["http:\/\/www.bellunopress.it","https:\/\/x.com\/bellunopress"],"url":"https:\/\/www.bellunopress.it\/fr\/author\/redazione\/"}]}},"_links":{"self":[{"href":"https:\/\/www.bellunopress.it\/fr\/wp-json\/wp\/v2\/posts\/95052","targetHints":{"allow":["GET"]}}],"collection":[{"href":"https:\/\/www.bellunopress.it\/fr\/wp-json\/wp\/v2\/posts"}],"about":[{"href":"https:\/\/www.bellunopress.it\/fr\/wp-json\/wp\/v2\/types\/post"}],"author":[{"embeddable":true,"href":"https:\/\/www.bellunopress.it\/fr\/wp-json\/wp\/v2\/users\/2"}],"replies":[{"embeddable":true,"href":"https:\/\/www.bellunopress.it\/fr\/wp-json\/wp\/v2\/comments?post=95052"}],"version-history":[{"count":1,"href":"https:\/\/www.bellunopress.it\/fr\/wp-json\/wp\/v2\/posts\/95052\/revisions"}],"predecessor-version":[{"id":95053,"href":"https:\/\/www.bellunopress.it\/fr\/wp-json\/wp\/v2\/posts\/95052\/revisions\/95053"}],"wp:attachment":[{"href":"https:\/\/www.bellunopress.it\/fr\/wp-json\/wp\/v2\/media?parent=95052"}],"wp:term":[{"taxonomy":"category","embeddable":true,"href":"https:\/\/www.bellunopress.it\/fr\/wp-json\/wp\/v2\/categories?post=95052"},{"taxonomy":"post_tag","embeddable":true,"href":"https:\/\/www.bellunopress.it\/fr\/wp-json\/wp\/v2\/tags?post=95052"}],"curies":[{"name":"wp","href":"https:\/\/api.w.org\/{rel}","templated":true}]}}