{"id":95046,"date":"2018-05-17T19:02:01","date_gmt":"2018-05-17T17:02:01","guid":{"rendered":"http:\/\/www.bellunopress.it\/?p=95046"},"modified":"2018-05-17T19:02:01","modified_gmt":"2018-05-17T17:02:01","slug":"val-di-zoldo-zottis-e-zanoni-pd-ennesima-centralina-idroelettrica-regione-non-applica-direttive-a-rischio-ambiente-e-tasche-dei-veneti-chiediamo-sopralluogo","status":"publish","type":"post","link":"https:\/\/www.bellunopress.it\/fr\/2018\/05\/17\/val-di-zoldo-zottis-e-zanoni-pd-ennesima-centralina-idroelettrica-regione-non-applica-direttive-a-rischio-ambiente-e-tasche-dei-veneti-chiediamo-sopralluogo\/","title":{"rendered":"Val di Zoldo. Zottis e Zanoni (Pd): &#8220;Ennesima centralina idroelettrica, Regione non applica direttive. A rischio ambiente e tasche dei veneti: chiediamo sopralluogo&#8221;"},"content":{"rendered":"<figure id=\"attachment_88183\" aria-describedby=\"caption-attachment-88183\" style=\"width: 161px\" class=\"wp-caption alignleft\"><a href=\"http:\/\/www.bellunopress.it\/fr\/2017\/08\/02\/azzalin-e-zottis-pd-su-belluno-per-ora-solo-belle-parole-aspettiamo-lassessore-bottacin-alla-prova-dei-fatti\/francesca-zottis-pd\/\" rel=\"attachment wp-att-88183\"><img loading=\"lazy\" decoding=\"async\" class=\"size-full wp-image-88183\" src=\"http:\/\/www.bellunopress.it\/wp-content\/uploads\/2017\/08\/Francesca-Zottis-Pd.jpg\" alt=\"\" width=\"161\" height=\"195\" \/><\/a><figcaption id=\"caption-attachment-88183\" class=\"wp-caption-text\">Francesca Zottis<\/figcaption><\/figure>\n<figure id=\"attachment_72596\" aria-describedby=\"caption-attachment-72596\" style=\"width: 156px\" class=\"wp-caption alignleft\"><a href=\"http:\/\/www.bellunopress.it\/fr\/2015\/10\/21\/erbicida-glifosato-zanoni-pd-dalla-giunta-veneta-una-risposta-poco-soddisfacente\/zanoni\/\" rel=\"attachment wp-att-72596\"><img loading=\"lazy\" decoding=\"async\" class=\"size-full wp-image-72596\" src=\"http:\/\/www.bellunopress.it\/wp-content\/uploads\/2015\/10\/Zanoni.jpg\" alt=\"\" width=\"156\" height=\"180\" \/><\/a><figcaption id=\"caption-attachment-72596\" class=\"wp-caption-text\">Andrea Zanoni &#8211; consigliere regionale Pd<\/figcaption><\/figure>\n<p>Venezia, 17 maggio 2018\u00a0 &#8211;\u00a0\u00a0&#8220;Con l&#8217;ennesimo progetto di centralina idroelettrica in Val di Zoldo, siamo alla vigilia di una nuova aggressione del territorio, di fronte alla quale la Regione continua ad alzare bandiera bianca e a non applicare precise direttive europee e nazionali che tutelerebbero l&#8217;ambiente e la qualit\u00e0 della vita dei cittadini&#8221;. Lo dicono i consiglieri regionali del Pd, Francesca Zottis e Andrea Zanoni, primi firmatari di una interrogazione che punta l&#8217;indice sul progetto di realizzazione di una centralina idroelettrica lungo il torrente Ma\u00e8, tra le localit\u00e0 di Mareson e Pianaz.<\/p>\n<p>&#8220;Nei giorni scorsi \u2013 ricordano i due esponenti &#8211; i tecnici della Commissione regionale Via si sono recati in Val di Zoldo per effettuare un sopralluogo che aveva come scopo quello di decidere se assoggettare il progetto a procedura di valutazione. E inevitabilmente le proteste dei residenti sono state forti, visto che nella Valle del Ma\u00e9 sono gi\u00e0 insediati due grandi impianti ENEL e tre centraline, senza contare altre sette domande giacenti. Il problema \u00e8 che la Regione non ne vuole sapere di applicare la direttiva europea sulle acque e le linee guida dello Stato e continua a limitare l&#8217;applicazione delle pi\u00f9 stringenti normative ai soli progetti presentati dopo il gennaio 2016&#8221;.<\/p>\n<p>Zottis e Zanoni assieme ad altri consiglieri di opposizione componenti della Commissione urbanistica hanno chiesto la convocazione dell&#8217;organismo per effettuare un sopralluogo presso il sito interessato dal progetto della centralina, che prevede una potenza installata di 354,3 Kwh, con una producibilit\u00e0 media annua stimata in 2,3 GWh e con un tratto d&#8217;alveo privato della sua acqua naturale per ben 1274 metri: &#8220;Vogliamo che il Consiglio regionale assuma un ruolo attivo in questa ed in altre vicende simili. Non si pu\u00f2 abbassare la guardia e scivolare in una situazione fuori controllo, dannosa per l&#8217;ambiente oltre che lesiva per le tasche dei veneti: se infatti l&#8217;UE sanzioner\u00e0 la Regione per il mancato rispetto delle normative, le conseguenze in termini di sanzioni economiche saranno pesanti e verranno pagate dai cittadini&#8221;.<\/p>","protected":false},"excerpt":{"rendered":"<p>Venezia, 17 maggio 2018\u00a0 &#8211;\u00a0\u00a0&#8220;Con l&#8217;ennesimo progetto di centralina idroelettrica in Val di Zoldo, siamo alla vigilia di una nuova aggressione del territorio, di fronte alla quale la Regione continua ad alzare bandiera bianca e a non applicare precise direttive europee e nazionali che tutelerebbero l&#8217;ambiente e la qualit\u00e0 della vita dei cittadini&#8221;. Lo dicono [&hellip;]<\/p>\n","protected":false},"author":2,"featured_media":0,"comment_status":"closed","ping_status":"open","sticky":false,"template":"","format":"standard","meta":{"footnotes":""},"categories":[5,38,26],"tags":[],"class_list":["post-95046","post","type-post","status-publish","format-standard","category-cronaca","category-natura-ambiente","category-prima-pagina"],"yoast_head":"<!-- This site is optimized with the Yoast SEO plugin v28.4 - https:\/\/yoast.com\/product\/yoast-seo-wordpress\/ -->\n<title>Val di Zoldo. Zottis e Zanoni (Pd): &quot;Ennesima centralina idroelettrica, Regione non applica direttive. A rischio ambiente e tasche dei veneti: chiediamo sopralluogo&quot; - Bellunopress - Dolomiti<\/title>\n<meta name=\"robots\" content=\"index, follow, max-snippet:-1, max-image-preview:large, max-video-preview:-1\" \/>\n<link rel=\"canonical\" href=\"https:\/\/www.bellunopress.it\/fr\/2018\/05\/17\/val-di-zoldo-zottis-e-zanoni-pd-ennesima-centralina-idroelettrica-regione-non-applica-direttive-a-rischio-ambiente-e-tasche-dei-veneti-chiediamo-sopralluogo\/\" \/>\n<meta property=\"og:locale\" content=\"fr_FR\" \/>\n<meta property=\"og:type\" content=\"article\" \/>\n<meta property=\"og:title\" content=\"Val di Zoldo. Zottis e Zanoni (Pd): &quot;Ennesima centralina idroelettrica, Regione non applica direttive. A rischio ambiente e tasche dei veneti: chiediamo sopralluogo&quot; - Bellunopress - Dolomiti\" \/>\n<meta property=\"og:description\" content=\"Venezia, 17 maggio 2018\u00a0 &#8211;\u00a0\u00a0&#8220;Con l&#8217;ennesimo progetto di centralina idroelettrica in Val di Zoldo, siamo alla vigilia di una nuova aggressione del territorio, di fronte alla quale la Regione continua ad alzare bandiera bianca e a non applicare precise direttive europee e nazionali che tutelerebbero l&#8217;ambiente e la qualit\u00e0 della vita dei cittadini&#8221;. Lo dicono [&hellip;]\" \/>\n<meta property=\"og:url\" content=\"https:\/\/www.bellunopress.it\/fr\/2018\/05\/17\/val-di-zoldo-zottis-e-zanoni-pd-ennesima-centralina-idroelettrica-regione-non-applica-direttive-a-rischio-ambiente-e-tasche-dei-veneti-chiediamo-sopralluogo\/\" \/>\n<meta property=\"og:site_name\" content=\"Bellunopress - Dolomiti\" \/>\n<meta property=\"article:publisher\" content=\"https:\/\/www.facebook.com\/profile.php?id=100008943462799\" \/>\n<meta property=\"article:published_time\" content=\"2018-05-17T17:02:01+00:00\" \/>\n<meta property=\"og:image\" content=\"http:\/\/www.bellunopress.it\/wp-content\/uploads\/2017\/08\/Francesca-Zottis-Pd.jpg\" \/>\n<meta name=\"author\" content=\"redazione\" \/>\n<meta name=\"twitter:card\" content=\"summary_large_image\" \/>\n<meta name=\"twitter:creator\" content=\"@bellunopress\" \/>\n<meta name=\"twitter:site\" content=\"@bellunopress\" \/>\n<meta name=\"twitter:label1\" content=\"Written by\" \/>\n\t<meta name=\"twitter:data1\" content=\"redazione\" \/>\n\t<meta name=\"twitter:label2\" content=\"Est. reading time\" \/>\n\t<meta name=\"twitter:data2\" content=\"2 minutes\" \/>\n<script type=\"application\/ld+json\" class=\"yoast-schema-graph\">{\"@context\":\"https:\\\/\\\/schema.org\",\"@graph\":[{\"@type\":\"Article\",\"@id\":\"https:\\\/\\\/www.bellunopress.it\\\/2018\\\/05\\\/17\\\/val-di-zoldo-zottis-e-zanoni-pd-ennesima-centralina-idroelettrica-regione-non-applica-direttive-a-rischio-ambiente-e-tasche-dei-veneti-chiediamo-sopralluogo\\\/#article\",\"isPartOf\":{\"@id\":\"https:\\\/\\\/www.bellunopress.it\\\/2018\\\/05\\\/17\\\/val-di-zoldo-zottis-e-zanoni-pd-ennesima-centralina-idroelettrica-regione-non-applica-direttive-a-rischio-ambiente-e-tasche-dei-veneti-chiediamo-sopralluogo\\\/\"},\"author\":{\"name\":\"redazione\",\"@id\":\"https:\\\/\\\/www.bellunopress.it\\\/#\\\/schema\\\/person\\\/79bb06722b37ece1c03d3e94beb30d73\"},\"headline\":\"Val di Zoldo. Zottis e Zanoni (Pd): &#8220;Ennesima centralina idroelettrica, Regione non applica direttive. A rischio ambiente e tasche dei veneti: chiediamo sopralluogo&#8221;\",\"datePublished\":\"2018-05-17T17:02:01+00:00\",\"mainEntityOfPage\":{\"@id\":\"https:\\\/\\\/www.bellunopress.it\\\/2018\\\/05\\\/17\\\/val-di-zoldo-zottis-e-zanoni-pd-ennesima-centralina-idroelettrica-regione-non-applica-direttive-a-rischio-ambiente-e-tasche-dei-veneti-chiediamo-sopralluogo\\\/\"},\"wordCount\":377,\"publisher\":{\"@id\":\"https:\\\/\\\/www.bellunopress.it\\\/#organization\"},\"image\":{\"@id\":\"https:\\\/\\\/www.bellunopress.it\\\/2018\\\/05\\\/17\\\/val-di-zoldo-zottis-e-zanoni-pd-ennesima-centralina-idroelettrica-regione-non-applica-direttive-a-rischio-ambiente-e-tasche-dei-veneti-chiediamo-sopralluogo\\\/#primaryimage\"},\"thumbnailUrl\":\"http:\\\/\\\/www.bellunopress.it\\\/wp-content\\\/uploads\\\/2017\\\/08\\\/Francesca-Zottis-Pd.jpg\",\"articleSection\":[\"Cronaca\\\/Politica\",\"Meteo, natura, ambiente, animali\",\"Prima Pagina\"],\"inLanguage\":\"fr-FR\"},{\"@type\":\"WebPage\",\"@id\":\"https:\\\/\\\/www.bellunopress.it\\\/2018\\\/05\\\/17\\\/val-di-zoldo-zottis-e-zanoni-pd-ennesima-centralina-idroelettrica-regione-non-applica-direttive-a-rischio-ambiente-e-tasche-dei-veneti-chiediamo-sopralluogo\\\/\",\"url\":\"https:\\\/\\\/www.bellunopress.it\\\/2018\\\/05\\\/17\\\/val-di-zoldo-zottis-e-zanoni-pd-ennesima-centralina-idroelettrica-regione-non-applica-direttive-a-rischio-ambiente-e-tasche-dei-veneti-chiediamo-sopralluogo\\\/\",\"name\":\"Val di Zoldo. Zottis e Zanoni (Pd): \\\"Ennesima centralina idroelettrica, Regione non applica direttive. A rischio ambiente e tasche dei veneti: chiediamo sopralluogo\\\" - Bellunopress - Dolomiti\",\"isPartOf\":{\"@id\":\"https:\\\/\\\/www.bellunopress.it\\\/#website\"},\"primaryImageOfPage\":{\"@id\":\"https:\\\/\\\/www.bellunopress.it\\\/2018\\\/05\\\/17\\\/val-di-zoldo-zottis-e-zanoni-pd-ennesima-centralina-idroelettrica-regione-non-applica-direttive-a-rischio-ambiente-e-tasche-dei-veneti-chiediamo-sopralluogo\\\/#primaryimage\"},\"image\":{\"@id\":\"https:\\\/\\\/www.bellunopress.it\\\/2018\\\/05\\\/17\\\/val-di-zoldo-zottis-e-zanoni-pd-ennesima-centralina-idroelettrica-regione-non-applica-direttive-a-rischio-ambiente-e-tasche-dei-veneti-chiediamo-sopralluogo\\\/#primaryimage\"},\"thumbnailUrl\":\"http:\\\/\\\/www.bellunopress.it\\\/wp-content\\\/uploads\\\/2017\\\/08\\\/Francesca-Zottis-Pd.jpg\",\"datePublished\":\"2018-05-17T17:02:01+00:00\",\"breadcrumb\":{\"@id\":\"https:\\\/\\\/www.bellunopress.it\\\/2018\\\/05\\\/17\\\/val-di-zoldo-zottis-e-zanoni-pd-ennesima-centralina-idroelettrica-regione-non-applica-direttive-a-rischio-ambiente-e-tasche-dei-veneti-chiediamo-sopralluogo\\\/#breadcrumb\"},\"inLanguage\":\"fr-FR\",\"potentialAction\":[{\"@type\":\"ReadAction\",\"target\":[\"https:\\\/\\\/www.bellunopress.it\\\/2018\\\/05\\\/17\\\/val-di-zoldo-zottis-e-zanoni-pd-ennesima-centralina-idroelettrica-regione-non-applica-direttive-a-rischio-ambiente-e-tasche-dei-veneti-chiediamo-sopralluogo\\\/\"]}]},{\"@type\":\"ImageObject\",\"inLanguage\":\"fr-FR\",\"@id\":\"https:\\\/\\\/www.bellunopress.it\\\/2018\\\/05\\\/17\\\/val-di-zoldo-zottis-e-zanoni-pd-ennesima-centralina-idroelettrica-regione-non-applica-direttive-a-rischio-ambiente-e-tasche-dei-veneti-chiediamo-sopralluogo\\\/#primaryimage\",\"url\":\"http:\\\/\\\/www.bellunopress.it\\\/wp-content\\\/uploads\\\/2017\\\/08\\\/Francesca-Zottis-Pd.jpg\",\"contentUrl\":\"http:\\\/\\\/www.bellunopress.it\\\/wp-content\\\/uploads\\\/2017\\\/08\\\/Francesca-Zottis-Pd.jpg\"},{\"@type\":\"BreadcrumbList\",\"@id\":\"https:\\\/\\\/www.bellunopress.it\\\/2018\\\/05\\\/17\\\/val-di-zoldo-zottis-e-zanoni-pd-ennesima-centralina-idroelettrica-regione-non-applica-direttive-a-rischio-ambiente-e-tasche-dei-veneti-chiediamo-sopralluogo\\\/#breadcrumb\",\"itemListElement\":[{\"@type\":\"ListItem\",\"position\":1,\"name\":\"Home\",\"item\":\"https:\\\/\\\/www.bellunopress.it\\\/\"},{\"@type\":\"ListItem\",\"position\":2,\"name\":\"Val di Zoldo. Zottis e Zanoni (Pd): &#8220;Ennesima centralina idroelettrica, Regione non applica direttive. A rischio ambiente e tasche dei veneti: chiediamo sopralluogo&#8221;\"}]},{\"@type\":\"WebSite\",\"@id\":\"https:\\\/\\\/www.bellunopress.it\\\/#website\",\"url\":\"https:\\\/\\\/www.bellunopress.it\\\/\",\"name\":\"Bellunopress - Dolomiti\",\"description\":\"e-mail: redazione@bellunopress.it\",\"publisher\":{\"@id\":\"https:\\\/\\\/www.bellunopress.it\\\/#organization\"},\"potentialAction\":[{\"@type\":\"SearchAction\",\"target\":{\"@type\":\"EntryPoint\",\"urlTemplate\":\"https:\\\/\\\/www.bellunopress.it\\\/?s={search_term_string}\"},\"query-input\":{\"@type\":\"PropertyValueSpecification\",\"valueRequired\":true,\"valueName\":\"search_term_string\"}}],\"inLanguage\":\"fr-FR\"},{\"@type\":\"Organization\",\"@id\":\"https:\\\/\\\/www.bellunopress.it\\\/#organization\",\"name\":\"Bellunopress\",\"url\":\"https:\\\/\\\/www.bellunopress.it\\\/\",\"logo\":{\"@type\":\"ImageObject\",\"inLanguage\":\"fr-FR\",\"@id\":\"https:\\\/\\\/www.bellunopress.it\\\/#\\\/schema\\\/logo\\\/image\\\/\",\"url\":\"https:\\\/\\\/www.bellunopress.it\\\/wp-content\\\/uploads\\\/2011\\\/05\\\/cropped-logo-bellunopress-.jpg\",\"contentUrl\":\"https:\\\/\\\/www.bellunopress.it\\\/wp-content\\\/uploads\\\/2011\\\/05\\\/cropped-logo-bellunopress-.jpg\",\"width\":512,\"height\":512,\"caption\":\"Bellunopress\"},\"image\":{\"@id\":\"https:\\\/\\\/www.bellunopress.it\\\/#\\\/schema\\\/logo\\\/image\\\/\"},\"sameAs\":[\"https:\\\/\\\/www.facebook.com\\\/profile.php?id=100008943462799\",\"https:\\\/\\\/x.com\\\/bellunopress\",\"https:\\\/\\\/www.linkedin.com\\\/hp\\\/?dnr=JBzUWaJfMUw8vbXJJ2tVW5-I3jZKvC4wsoxE&amp;amp;amp;amp;amp;amp;trk=nav_responsive_tab_home\",\"https:\\\/\\\/www.youtube.com\\\/channel\\\/UCxL0wu1uN0_3_7hGG0306cw\"]},{\"@type\":\"Person\",\"@id\":\"https:\\\/\\\/www.bellunopress.it\\\/#\\\/schema\\\/person\\\/79bb06722b37ece1c03d3e94beb30d73\",\"name\":\"redazione\",\"image\":{\"@type\":\"ImageObject\",\"inLanguage\":\"fr-FR\",\"@id\":\"https:\\\/\\\/secure.gravatar.com\\\/avatar\\\/37d968a2e67a6fd04c169c4bdef102d0bc5d31b2546345219e348575eb80e9a0?s=96&d=mm&r=g\",\"url\":\"https:\\\/\\\/secure.gravatar.com\\\/avatar\\\/37d968a2e67a6fd04c169c4bdef102d0bc5d31b2546345219e348575eb80e9a0?s=96&d=mm&r=g\",\"contentUrl\":\"https:\\\/\\\/secure.gravatar.com\\\/avatar\\\/37d968a2e67a6fd04c169c4bdef102d0bc5d31b2546345219e348575eb80e9a0?s=96&d=mm&r=g\",\"caption\":\"redazione\"},\"sameAs\":[\"http:\\\/\\\/www.bellunopress.it\",\"https:\\\/\\\/x.com\\\/bellunopress\"],\"url\":\"https:\\\/\\\/www.bellunopress.it\\\/fr\\\/author\\\/redazione\\\/\"}]}<\/script>\n<!-- \/ Yoast SEO plugin. -->","yoast_head_json":{"title":"Val di Zoldo. Zottis e Zanoni (Pd): \"Ennesima centralina idroelettrica, Regione non applica direttive. A rischio ambiente e tasche dei veneti: chiediamo sopralluogo\" - Bellunopress - Dolomiti","robots":{"index":"index","follow":"follow","max-snippet":"max-snippet:-1","max-image-preview":"max-image-preview:large","max-video-preview":"max-video-preview:-1"},"canonical":"https:\/\/www.bellunopress.it\/fr\/2018\/05\/17\/val-di-zoldo-zottis-e-zanoni-pd-ennesima-centralina-idroelettrica-regione-non-applica-direttive-a-rischio-ambiente-e-tasche-dei-veneti-chiediamo-sopralluogo\/","og_locale":"fr_FR","og_type":"article","og_title":"Val di Zoldo. Zottis e Zanoni (Pd): \"Ennesima centralina idroelettrica, Regione non applica direttive. A rischio ambiente e tasche dei veneti: chiediamo sopralluogo\" - Bellunopress - Dolomiti","og_description":"Venezia, 17 maggio 2018\u00a0 &#8211;\u00a0\u00a0&#8220;Con l&#8217;ennesimo progetto di centralina idroelettrica in Val di Zoldo, siamo alla vigilia di una nuova aggressione del territorio, di fronte alla quale la Regione continua ad alzare bandiera bianca e a non applicare precise direttive europee e nazionali che tutelerebbero l&#8217;ambiente e la qualit\u00e0 della vita dei cittadini&#8221;. Lo dicono [&hellip;]","og_url":"https:\/\/www.bellunopress.it\/fr\/2018\/05\/17\/val-di-zoldo-zottis-e-zanoni-pd-ennesima-centralina-idroelettrica-regione-non-applica-direttive-a-rischio-ambiente-e-tasche-dei-veneti-chiediamo-sopralluogo\/","og_site_name":"Bellunopress - Dolomiti","article_publisher":"https:\/\/www.facebook.com\/profile.php?id=100008943462799","article_published_time":"2018-05-17T17:02:01+00:00","og_image":[{"url":"http:\/\/www.bellunopress.it\/wp-content\/uploads\/2017\/08\/Francesca-Zottis-Pd.jpg","type":"","width":"","height":""}],"author":"redazione","twitter_card":"summary_large_image","twitter_creator":"@bellunopress","twitter_site":"@bellunopress","twitter_misc":{"Written by":"redazione","Est. reading time":"2 minutes"},"schema":{"@context":"https:\/\/schema.org","@graph":[{"@type":"Article","@id":"https:\/\/www.bellunopress.it\/2018\/05\/17\/val-di-zoldo-zottis-e-zanoni-pd-ennesima-centralina-idroelettrica-regione-non-applica-direttive-a-rischio-ambiente-e-tasche-dei-veneti-chiediamo-sopralluogo\/#article","isPartOf":{"@id":"https:\/\/www.bellunopress.it\/2018\/05\/17\/val-di-zoldo-zottis-e-zanoni-pd-ennesima-centralina-idroelettrica-regione-non-applica-direttive-a-rischio-ambiente-e-tasche-dei-veneti-chiediamo-sopralluogo\/"},"author":{"name":"redazione","@id":"https:\/\/www.bellunopress.it\/#\/schema\/person\/79bb06722b37ece1c03d3e94beb30d73"},"headline":"Val di Zoldo. Zottis e Zanoni (Pd): &#8220;Ennesima centralina idroelettrica, Regione non applica direttive. A rischio ambiente e tasche dei veneti: chiediamo sopralluogo&#8221;","datePublished":"2018-05-17T17:02:01+00:00","mainEntityOfPage":{"@id":"https:\/\/www.bellunopress.it\/2018\/05\/17\/val-di-zoldo-zottis-e-zanoni-pd-ennesima-centralina-idroelettrica-regione-non-applica-direttive-a-rischio-ambiente-e-tasche-dei-veneti-chiediamo-sopralluogo\/"},"wordCount":377,"publisher":{"@id":"https:\/\/www.bellunopress.it\/#organization"},"image":{"@id":"https:\/\/www.bellunopress.it\/2018\/05\/17\/val-di-zoldo-zottis-e-zanoni-pd-ennesima-centralina-idroelettrica-regione-non-applica-direttive-a-rischio-ambiente-e-tasche-dei-veneti-chiediamo-sopralluogo\/#primaryimage"},"thumbnailUrl":"http:\/\/www.bellunopress.it\/wp-content\/uploads\/2017\/08\/Francesca-Zottis-Pd.jpg","articleSection":["Cronaca\/Politica","Meteo, natura, ambiente, animali","Prima Pagina"],"inLanguage":"fr-FR"},{"@type":"WebPage","@id":"https:\/\/www.bellunopress.it\/2018\/05\/17\/val-di-zoldo-zottis-e-zanoni-pd-ennesima-centralina-idroelettrica-regione-non-applica-direttive-a-rischio-ambiente-e-tasche-dei-veneti-chiediamo-sopralluogo\/","url":"https:\/\/www.bellunopress.it\/2018\/05\/17\/val-di-zoldo-zottis-e-zanoni-pd-ennesima-centralina-idroelettrica-regione-non-applica-direttive-a-rischio-ambiente-e-tasche-dei-veneti-chiediamo-sopralluogo\/","name":"Val di Zoldo. Zottis e Zanoni (Pd): \"Ennesima centralina idroelettrica, Regione non applica direttive. A rischio ambiente e tasche dei veneti: chiediamo sopralluogo\" - Bellunopress - Dolomiti","isPartOf":{"@id":"https:\/\/www.bellunopress.it\/#website"},"primaryImageOfPage":{"@id":"https:\/\/www.bellunopress.it\/2018\/05\/17\/val-di-zoldo-zottis-e-zanoni-pd-ennesima-centralina-idroelettrica-regione-non-applica-direttive-a-rischio-ambiente-e-tasche-dei-veneti-chiediamo-sopralluogo\/#primaryimage"},"image":{"@id":"https:\/\/www.bellunopress.it\/2018\/05\/17\/val-di-zoldo-zottis-e-zanoni-pd-ennesima-centralina-idroelettrica-regione-non-applica-direttive-a-rischio-ambiente-e-tasche-dei-veneti-chiediamo-sopralluogo\/#primaryimage"},"thumbnailUrl":"http:\/\/www.bellunopress.it\/wp-content\/uploads\/2017\/08\/Francesca-Zottis-Pd.jpg","datePublished":"2018-05-17T17:02:01+00:00","breadcrumb":{"@id":"https:\/\/www.bellunopress.it\/2018\/05\/17\/val-di-zoldo-zottis-e-zanoni-pd-ennesima-centralina-idroelettrica-regione-non-applica-direttive-a-rischio-ambiente-e-tasche-dei-veneti-chiediamo-sopralluogo\/#breadcrumb"},"inLanguage":"fr-FR","potentialAction":[{"@type":"ReadAction","target":["https:\/\/www.bellunopress.it\/2018\/05\/17\/val-di-zoldo-zottis-e-zanoni-pd-ennesima-centralina-idroelettrica-regione-non-applica-direttive-a-rischio-ambiente-e-tasche-dei-veneti-chiediamo-sopralluogo\/"]}]},{"@type":"ImageObject","inLanguage":"fr-FR","@id":"https:\/\/www.bellunopress.it\/2018\/05\/17\/val-di-zoldo-zottis-e-zanoni-pd-ennesima-centralina-idroelettrica-regione-non-applica-direttive-a-rischio-ambiente-e-tasche-dei-veneti-chiediamo-sopralluogo\/#primaryimage","url":"http:\/\/www.bellunopress.it\/wp-content\/uploads\/2017\/08\/Francesca-Zottis-Pd.jpg","contentUrl":"http:\/\/www.bellunopress.it\/wp-content\/uploads\/2017\/08\/Francesca-Zottis-Pd.jpg"},{"@type":"BreadcrumbList","@id":"https:\/\/www.bellunopress.it\/2018\/05\/17\/val-di-zoldo-zottis-e-zanoni-pd-ennesima-centralina-idroelettrica-regione-non-applica-direttive-a-rischio-ambiente-e-tasche-dei-veneti-chiediamo-sopralluogo\/#breadcrumb","itemListElement":[{"@type":"ListItem","position":1,"name":"Home","item":"https:\/\/www.bellunopress.it\/"},{"@type":"ListItem","position":2,"name":"Val di Zoldo. Zottis e Zanoni (Pd): &#8220;Ennesima centralina idroelettrica, Regione non applica direttive. A rischio ambiente e tasche dei veneti: chiediamo sopralluogo&#8221;"}]},{"@type":"WebSite","@id":"https:\/\/www.bellunopress.it\/#website","url":"https:\/\/www.bellunopress.it\/","name":"Bellunopress - Dolomiti","description":"e-mail: redazione@bellunopress.it","publisher":{"@id":"https:\/\/www.bellunopress.it\/#organization"},"potentialAction":[{"@type":"SearchAction","target":{"@type":"EntryPoint","urlTemplate":"https:\/\/www.bellunopress.it\/?s={search_term_string}"},"query-input":{"@type":"PropertyValueSpecification","valueRequired":true,"valueName":"search_term_string"}}],"inLanguage":"fr-FR"},{"@type":"Organization","@id":"https:\/\/www.bellunopress.it\/#organization","name":"Bellunopress","url":"https:\/\/www.bellunopress.it\/","logo":{"@type":"ImageObject","inLanguage":"fr-FR","@id":"https:\/\/www.bellunopress.it\/#\/schema\/logo\/image\/","url":"https:\/\/www.bellunopress.it\/wp-content\/uploads\/2011\/05\/cropped-logo-bellunopress-.jpg","contentUrl":"https:\/\/www.bellunopress.it\/wp-content\/uploads\/2011\/05\/cropped-logo-bellunopress-.jpg","width":512,"height":512,"caption":"Bellunopress"},"image":{"@id":"https:\/\/www.bellunopress.it\/#\/schema\/logo\/image\/"},"sameAs":["https:\/\/www.facebook.com\/profile.php?id=100008943462799","https:\/\/x.com\/bellunopress","https:\/\/www.linkedin.com\/hp\/?dnr=JBzUWaJfMUw8vbXJJ2tVW5-I3jZKvC4wsoxE&amp;amp;amp;amp;amp;amp;trk=nav_responsive_tab_home","https:\/\/www.youtube.com\/channel\/UCxL0wu1uN0_3_7hGG0306cw"]},{"@type":"Person","@id":"https:\/\/www.bellunopress.it\/#\/schema\/person\/79bb06722b37ece1c03d3e94beb30d73","name":"r\u00e9daction","image":{"@type":"ImageObject","inLanguage":"fr-FR","@id":"https:\/\/secure.gravatar.com\/avatar\/37d968a2e67a6fd04c169c4bdef102d0bc5d31b2546345219e348575eb80e9a0?s=96&d=mm&r=g","url":"https:\/\/secure.gravatar.com\/avatar\/37d968a2e67a6fd04c169c4bdef102d0bc5d31b2546345219e348575eb80e9a0?s=96&d=mm&r=g","contentUrl":"https:\/\/secure.gravatar.com\/avatar\/37d968a2e67a6fd04c169c4bdef102d0bc5d31b2546345219e348575eb80e9a0?s=96&d=mm&r=g","caption":"redazione"},"sameAs":["http:\/\/www.bellunopress.it","https:\/\/x.com\/bellunopress"],"url":"https:\/\/www.bellunopress.it\/fr\/author\/redazione\/"}]}},"_links":{"self":[{"href":"https:\/\/www.bellunopress.it\/fr\/wp-json\/wp\/v2\/posts\/95046","targetHints":{"allow":["GET"]}}],"collection":[{"href":"https:\/\/www.bellunopress.it\/fr\/wp-json\/wp\/v2\/posts"}],"about":[{"href":"https:\/\/www.bellunopress.it\/fr\/wp-json\/wp\/v2\/types\/post"}],"author":[{"embeddable":true,"href":"https:\/\/www.bellunopress.it\/fr\/wp-json\/wp\/v2\/users\/2"}],"replies":[{"embeddable":true,"href":"https:\/\/www.bellunopress.it\/fr\/wp-json\/wp\/v2\/comments?post=95046"}],"version-history":[{"count":1,"href":"https:\/\/www.bellunopress.it\/fr\/wp-json\/wp\/v2\/posts\/95046\/revisions"}],"predecessor-version":[{"id":95047,"href":"https:\/\/www.bellunopress.it\/fr\/wp-json\/wp\/v2\/posts\/95046\/revisions\/95047"}],"wp:attachment":[{"href":"https:\/\/www.bellunopress.it\/fr\/wp-json\/wp\/v2\/media?parent=95046"}],"wp:term":[{"taxonomy":"category","embeddable":true,"href":"https:\/\/www.bellunopress.it\/fr\/wp-json\/wp\/v2\/categories?post=95046"},{"taxonomy":"post_tag","embeddable":true,"href":"https:\/\/www.bellunopress.it\/fr\/wp-json\/wp\/v2\/tags?post=95046"}],"curies":[{"name":"wp","href":"https:\/\/api.w.org\/{rel}","templated":true}]}}