{"id":95044,"date":"2018-05-17T18:57:03","date_gmt":"2018-05-17T16:57:03","guid":{"rendered":"http:\/\/www.bellunopress.it\/?p=95044"},"modified":"2018-05-17T18:57:03","modified_gmt":"2018-05-17T16:57:03","slug":"101-giro-ditalia-15ma-tappa-20-maggio-tolmezzo-sappada","status":"publish","type":"post","link":"https:\/\/www.bellunopress.it\/fr\/2018\/05\/17\/101-giro-ditalia-15ma-tappa-20-maggio-tolmezzo-sappada\/","title":{"rendered":"101\u00b0 Giro d&#8217;Italia, 15ma tappa 20 maggio Tolmezzo &#8211; Sappada"},"content":{"rendered":"<p><a href=\"http:\/\/www.bellunopress.it\/fr\/2013\/05\/14\/polizia-stradale-e-giro-ditalia-un-legame-indissolubile-dal-1946\/polizia-stradale-giro-ditalia\/\" rel=\"attachment wp-att-49268\"><img loading=\"lazy\" decoding=\"async\" class=\"alignleft size-full wp-image-49268\" src=\"http:\/\/www.bellunopress.it\/wp-content\/uploads\/2013\/05\/polizia-stradale-giro-ditalia.jpg\" alt=\"\" width=\"269\" height=\"230\" \/><\/a>In occasione del transito del Giro d\u2019Italia, lungo la viabilit\u00e0 della parte alta della provincia, il prefetto Francesco Esposito ha disposto, per la giornata del 20 maggio prossimo, la chiusura delle strade secondo le seguenti modalit\u00e0:<\/p>\n<p>&#8211; Passo Tre Croci lungo la S.R. 48 dalle ore 0.01 fino a cessate esigenze;<\/p>\n<p>&#8211; Passo S. Antonio lungo la S.P. 532 dalle ore 7.00 fino a cessate esigenze;<\/p>\n<p>&#8211; Passo della Mauria (versante in Provincia di Belluno) lungo la S.S. 52 dalle ore 7.00 fino a cessate esigenze;<\/p>\n<p>&#8211; Panoramica del Comelico lungo la SP 30 dalla progressiva km 2+682 (innesto a Campitello) alla progressiva km 0+000 (innesto su S.P. 30 a Costalissoio) e dalla progressiva 7+100 (Costalissoio) alla progressiva 13+466 (incrocio con S.P. 17 a Rio Rin) dalle ore 7.00 fino a cessate esigenze;<\/p>\n<p>&#8211; S.P. 17 di San Pietro dalla progressiva km 0+600 (innesto S.P. 30) alla progressiva km 2+160 (innesto su S.R. 355 a Presenaio) dalle ore 7.00 fino a cessate esigenze;<\/p>\n<p>&#8211; Lungo il rimanente percorso di gara, a partire dalle due ore precedenti al transito degli atleti, secondo la previsione oraria di percorrenza pi\u00f9 veloce indicata nella cronotabella reperibile sul sito della Prefettura (km\/h38), fino a cessate esigenze.<\/p>","protected":false},"excerpt":{"rendered":"<p>In occasione del transito del Giro d\u2019Italia, lungo la viabilit\u00e0 della parte alta della provincia, il prefetto Francesco Esposito ha disposto, per la giornata del 20 maggio prossimo, la chiusura delle strade secondo le seguenti modalit\u00e0: &#8211; Passo Tre Croci lungo la S.R. 48 dalle ore 0.01 fino a cessate esigenze; &#8211; Passo S. Antonio [&hellip;]<\/p>\n","protected":false},"author":2,"featured_media":0,"comment_status":"closed","ping_status":"open","sticky":false,"template":"","format":"standard","meta":{"footnotes":""},"categories":[26,8,4],"tags":[],"class_list":["post-95044","post","type-post","status-publish","format-standard","category-prima-pagina","category-societa-istituzioni","category-sport"],"yoast_head":"<!-- This site is optimized with the Yoast SEO plugin v28.4 - https:\/\/yoast.com\/product\/yoast-seo-wordpress\/ -->\n<title>101\u00b0 Giro d&#039;Italia, 15ma tappa 20 maggio Tolmezzo - Sappada - Bellunopress - Dolomiti<\/title>\n<meta name=\"robots\" content=\"index, follow, max-snippet:-1, max-image-preview:large, max-video-preview:-1\" \/>\n<link rel=\"canonical\" href=\"https:\/\/www.bellunopress.it\/fr\/2018\/05\/17\/101-giro-ditalia-15ma-tappa-20-maggio-tolmezzo-sappada\/\" \/>\n<meta property=\"og:locale\" content=\"fr_FR\" \/>\n<meta property=\"og:type\" content=\"article\" \/>\n<meta property=\"og:title\" content=\"101\u00b0 Giro d&#039;Italia, 15ma tappa 20 maggio Tolmezzo - Sappada - Bellunopress - Dolomiti\" \/>\n<meta property=\"og:description\" content=\"In occasione del transito del Giro d\u2019Italia, lungo la viabilit\u00e0 della parte alta della provincia, il prefetto Francesco Esposito ha disposto, per la giornata del 20 maggio prossimo, la chiusura delle strade secondo le seguenti modalit\u00e0: &#8211; Passo Tre Croci lungo la S.R. 48 dalle ore 0.01 fino a cessate esigenze; &#8211; Passo S. Antonio [&hellip;]\" \/>\n<meta property=\"og:url\" content=\"https:\/\/www.bellunopress.it\/fr\/2018\/05\/17\/101-giro-ditalia-15ma-tappa-20-maggio-tolmezzo-sappada\/\" \/>\n<meta property=\"og:site_name\" content=\"Bellunopress - Dolomiti\" \/>\n<meta property=\"article:publisher\" content=\"https:\/\/www.facebook.com\/profile.php?id=100008943462799\" \/>\n<meta property=\"article:published_time\" content=\"2018-05-17T16:57:03+00:00\" \/>\n<meta property=\"og:image\" content=\"http:\/\/www.bellunopress.it\/wp-content\/uploads\/2013\/05\/polizia-stradale-giro-ditalia.jpg\" \/>\n<meta name=\"author\" content=\"redazione\" \/>\n<meta name=\"twitter:card\" content=\"summary_large_image\" \/>\n<meta name=\"twitter:creator\" content=\"@bellunopress\" \/>\n<meta name=\"twitter:site\" content=\"@bellunopress\" \/>\n<meta name=\"twitter:label1\" content=\"\u00c9crit par\" \/>\n\t<meta name=\"twitter:data1\" content=\"redazione\" \/>\n\t<meta name=\"twitter:label2\" content=\"Dur\u00e9e de lecture estim\u00e9e\" \/>\n\t<meta name=\"twitter:data2\" content=\"1 minute\" \/>\n<script type=\"application\/ld+json\" class=\"yoast-schema-graph\">{\"@context\":\"https:\\\/\\\/schema.org\",\"@graph\":[{\"@type\":\"Article\",\"@id\":\"https:\\\/\\\/www.bellunopress.it\\\/2018\\\/05\\\/17\\\/101-giro-ditalia-15ma-tappa-20-maggio-tolmezzo-sappada\\\/#article\",\"isPartOf\":{\"@id\":\"https:\\\/\\\/www.bellunopress.it\\\/2018\\\/05\\\/17\\\/101-giro-ditalia-15ma-tappa-20-maggio-tolmezzo-sappada\\\/\"},\"author\":{\"name\":\"redazione\",\"@id\":\"https:\\\/\\\/www.bellunopress.it\\\/#\\\/schema\\\/person\\\/79bb06722b37ece1c03d3e94beb30d73\"},\"headline\":\"101\u00b0 Giro d&#8217;Italia, 15ma tappa 20 maggio Tolmezzo &#8211; Sappada\",\"datePublished\":\"2018-05-17T16:57:03+00:00\",\"mainEntityOfPage\":{\"@id\":\"https:\\\/\\\/www.bellunopress.it\\\/2018\\\/05\\\/17\\\/101-giro-ditalia-15ma-tappa-20-maggio-tolmezzo-sappada\\\/\"},\"wordCount\":199,\"publisher\":{\"@id\":\"https:\\\/\\\/www.bellunopress.it\\\/#organization\"},\"image\":{\"@id\":\"https:\\\/\\\/www.bellunopress.it\\\/2018\\\/05\\\/17\\\/101-giro-ditalia-15ma-tappa-20-maggio-tolmezzo-sappada\\\/#primaryimage\"},\"thumbnailUrl\":\"http:\\\/\\\/www.bellunopress.it\\\/wp-content\\\/uploads\\\/2013\\\/05\\\/polizia-stradale-giro-ditalia.jpg\",\"articleSection\":[\"Prima Pagina\",\"Societ\u00e0, Associazioni, Istituzioni\",\"Sport, tempo libero\"],\"inLanguage\":\"fr-FR\"},{\"@type\":\"WebPage\",\"@id\":\"https:\\\/\\\/www.bellunopress.it\\\/2018\\\/05\\\/17\\\/101-giro-ditalia-15ma-tappa-20-maggio-tolmezzo-sappada\\\/\",\"url\":\"https:\\\/\\\/www.bellunopress.it\\\/2018\\\/05\\\/17\\\/101-giro-ditalia-15ma-tappa-20-maggio-tolmezzo-sappada\\\/\",\"name\":\"101\u00b0 Giro d'Italia, 15ma tappa 20 maggio Tolmezzo - Sappada - Bellunopress - Dolomiti\",\"isPartOf\":{\"@id\":\"https:\\\/\\\/www.bellunopress.it\\\/#website\"},\"primaryImageOfPage\":{\"@id\":\"https:\\\/\\\/www.bellunopress.it\\\/2018\\\/05\\\/17\\\/101-giro-ditalia-15ma-tappa-20-maggio-tolmezzo-sappada\\\/#primaryimage\"},\"image\":{\"@id\":\"https:\\\/\\\/www.bellunopress.it\\\/2018\\\/05\\\/17\\\/101-giro-ditalia-15ma-tappa-20-maggio-tolmezzo-sappada\\\/#primaryimage\"},\"thumbnailUrl\":\"http:\\\/\\\/www.bellunopress.it\\\/wp-content\\\/uploads\\\/2013\\\/05\\\/polizia-stradale-giro-ditalia.jpg\",\"datePublished\":\"2018-05-17T16:57:03+00:00\",\"breadcrumb\":{\"@id\":\"https:\\\/\\\/www.bellunopress.it\\\/2018\\\/05\\\/17\\\/101-giro-ditalia-15ma-tappa-20-maggio-tolmezzo-sappada\\\/#breadcrumb\"},\"inLanguage\":\"fr-FR\",\"potentialAction\":[{\"@type\":\"ReadAction\",\"target\":[\"https:\\\/\\\/www.bellunopress.it\\\/2018\\\/05\\\/17\\\/101-giro-ditalia-15ma-tappa-20-maggio-tolmezzo-sappada\\\/\"]}]},{\"@type\":\"ImageObject\",\"inLanguage\":\"fr-FR\",\"@id\":\"https:\\\/\\\/www.bellunopress.it\\\/2018\\\/05\\\/17\\\/101-giro-ditalia-15ma-tappa-20-maggio-tolmezzo-sappada\\\/#primaryimage\",\"url\":\"http:\\\/\\\/www.bellunopress.it\\\/wp-content\\\/uploads\\\/2013\\\/05\\\/polizia-stradale-giro-ditalia.jpg\",\"contentUrl\":\"http:\\\/\\\/www.bellunopress.it\\\/wp-content\\\/uploads\\\/2013\\\/05\\\/polizia-stradale-giro-ditalia.jpg\"},{\"@type\":\"BreadcrumbList\",\"@id\":\"https:\\\/\\\/www.bellunopress.it\\\/2018\\\/05\\\/17\\\/101-giro-ditalia-15ma-tappa-20-maggio-tolmezzo-sappada\\\/#breadcrumb\",\"itemListElement\":[{\"@type\":\"ListItem\",\"position\":1,\"name\":\"Home\",\"item\":\"https:\\\/\\\/www.bellunopress.it\\\/\"},{\"@type\":\"ListItem\",\"position\":2,\"name\":\"101\u00b0 Giro d&#8217;Italia, 15ma tappa 20 maggio Tolmezzo &#8211; Sappada\"}]},{\"@type\":\"WebSite\",\"@id\":\"https:\\\/\\\/www.bellunopress.it\\\/#website\",\"url\":\"https:\\\/\\\/www.bellunopress.it\\\/\",\"name\":\"Bellunopress - Dolomiti\",\"description\":\"e-mail: redazione@bellunopress.it\",\"publisher\":{\"@id\":\"https:\\\/\\\/www.bellunopress.it\\\/#organization\"},\"potentialAction\":[{\"@type\":\"SearchAction\",\"target\":{\"@type\":\"EntryPoint\",\"urlTemplate\":\"https:\\\/\\\/www.bellunopress.it\\\/?s={search_term_string}\"},\"query-input\":{\"@type\":\"PropertyValueSpecification\",\"valueRequired\":true,\"valueName\":\"search_term_string\"}}],\"inLanguage\":\"fr-FR\"},{\"@type\":\"Organization\",\"@id\":\"https:\\\/\\\/www.bellunopress.it\\\/#organization\",\"name\":\"Bellunopress\",\"url\":\"https:\\\/\\\/www.bellunopress.it\\\/\",\"logo\":{\"@type\":\"ImageObject\",\"inLanguage\":\"fr-FR\",\"@id\":\"https:\\\/\\\/www.bellunopress.it\\\/#\\\/schema\\\/logo\\\/image\\\/\",\"url\":\"https:\\\/\\\/www.bellunopress.it\\\/wp-content\\\/uploads\\\/2011\\\/05\\\/cropped-logo-bellunopress-.jpg\",\"contentUrl\":\"https:\\\/\\\/www.bellunopress.it\\\/wp-content\\\/uploads\\\/2011\\\/05\\\/cropped-logo-bellunopress-.jpg\",\"width\":512,\"height\":512,\"caption\":\"Bellunopress\"},\"image\":{\"@id\":\"https:\\\/\\\/www.bellunopress.it\\\/#\\\/schema\\\/logo\\\/image\\\/\"},\"sameAs\":[\"https:\\\/\\\/www.facebook.com\\\/profile.php?id=100008943462799\",\"https:\\\/\\\/x.com\\\/bellunopress\",\"https:\\\/\\\/www.linkedin.com\\\/hp\\\/?dnr=JBzUWaJfMUw8vbXJJ2tVW5-I3jZKvC4wsoxE&amp;amp;amp;amp;amp;amp;trk=nav_responsive_tab_home\",\"https:\\\/\\\/www.youtube.com\\\/channel\\\/UCxL0wu1uN0_3_7hGG0306cw\"]},{\"@type\":\"Person\",\"@id\":\"https:\\\/\\\/www.bellunopress.it\\\/#\\\/schema\\\/person\\\/79bb06722b37ece1c03d3e94beb30d73\",\"name\":\"redazione\",\"image\":{\"@type\":\"ImageObject\",\"inLanguage\":\"fr-FR\",\"@id\":\"https:\\\/\\\/secure.gravatar.com\\\/avatar\\\/37d968a2e67a6fd04c169c4bdef102d0bc5d31b2546345219e348575eb80e9a0?s=96&d=mm&r=g\",\"url\":\"https:\\\/\\\/secure.gravatar.com\\\/avatar\\\/37d968a2e67a6fd04c169c4bdef102d0bc5d31b2546345219e348575eb80e9a0?s=96&d=mm&r=g\",\"contentUrl\":\"https:\\\/\\\/secure.gravatar.com\\\/avatar\\\/37d968a2e67a6fd04c169c4bdef102d0bc5d31b2546345219e348575eb80e9a0?s=96&d=mm&r=g\",\"caption\":\"redazione\"},\"sameAs\":[\"http:\\\/\\\/www.bellunopress.it\",\"https:\\\/\\\/x.com\\\/bellunopress\"],\"url\":\"https:\\\/\\\/www.bellunopress.it\\\/fr\\\/author\\\/redazione\\\/\"}]}<\/script>\n<!-- \/ Yoast SEO plugin. -->","yoast_head_json":{"title":"101\u00b0 Giro d'Italia, 15ma tappa 20 maggio Tolmezzo - Sappada - Bellunopress - Dolomiti","robots":{"index":"index","follow":"follow","max-snippet":"max-snippet:-1","max-image-preview":"max-image-preview:large","max-video-preview":"max-video-preview:-1"},"canonical":"https:\/\/www.bellunopress.it\/fr\/2018\/05\/17\/101-giro-ditalia-15ma-tappa-20-maggio-tolmezzo-sappada\/","og_locale":"fr_FR","og_type":"article","og_title":"101\u00b0 Giro d'Italia, 15ma tappa 20 maggio Tolmezzo - Sappada - Bellunopress - Dolomiti","og_description":"In occasione del transito del Giro d\u2019Italia, lungo la viabilit\u00e0 della parte alta della provincia, il prefetto Francesco Esposito ha disposto, per la giornata del 20 maggio prossimo, la chiusura delle strade secondo le seguenti modalit\u00e0: &#8211; Passo Tre Croci lungo la S.R. 48 dalle ore 0.01 fino a cessate esigenze; &#8211; Passo S. Antonio [&hellip;]","og_url":"https:\/\/www.bellunopress.it\/fr\/2018\/05\/17\/101-giro-ditalia-15ma-tappa-20-maggio-tolmezzo-sappada\/","og_site_name":"Bellunopress - Dolomiti","article_publisher":"https:\/\/www.facebook.com\/profile.php?id=100008943462799","article_published_time":"2018-05-17T16:57:03+00:00","og_image":[{"url":"http:\/\/www.bellunopress.it\/wp-content\/uploads\/2013\/05\/polizia-stradale-giro-ditalia.jpg","type":"","width":"","height":""}],"author":"redazione","twitter_card":"summary_large_image","twitter_creator":"@bellunopress","twitter_site":"@bellunopress","twitter_misc":{"\u00c9crit par":"redazione","Dur\u00e9e de lecture estim\u00e9e":"1 minute"},"schema":{"@context":"https:\/\/schema.org","@graph":[{"@type":"Article","@id":"https:\/\/www.bellunopress.it\/2018\/05\/17\/101-giro-ditalia-15ma-tappa-20-maggio-tolmezzo-sappada\/#article","isPartOf":{"@id":"https:\/\/www.bellunopress.it\/2018\/05\/17\/101-giro-ditalia-15ma-tappa-20-maggio-tolmezzo-sappada\/"},"author":{"name":"redazione","@id":"https:\/\/www.bellunopress.it\/#\/schema\/person\/79bb06722b37ece1c03d3e94beb30d73"},"headline":"101\u00b0 Giro d&#8217;Italia, 15ma tappa 20 maggio Tolmezzo &#8211; Sappada","datePublished":"2018-05-17T16:57:03+00:00","mainEntityOfPage":{"@id":"https:\/\/www.bellunopress.it\/2018\/05\/17\/101-giro-ditalia-15ma-tappa-20-maggio-tolmezzo-sappada\/"},"wordCount":199,"publisher":{"@id":"https:\/\/www.bellunopress.it\/#organization"},"image":{"@id":"https:\/\/www.bellunopress.it\/2018\/05\/17\/101-giro-ditalia-15ma-tappa-20-maggio-tolmezzo-sappada\/#primaryimage"},"thumbnailUrl":"http:\/\/www.bellunopress.it\/wp-content\/uploads\/2013\/05\/polizia-stradale-giro-ditalia.jpg","articleSection":["Prima Pagina","Societ\u00e0, Associazioni, Istituzioni","Sport, tempo libero"],"inLanguage":"fr-FR"},{"@type":"WebPage","@id":"https:\/\/www.bellunopress.it\/2018\/05\/17\/101-giro-ditalia-15ma-tappa-20-maggio-tolmezzo-sappada\/","url":"https:\/\/www.bellunopress.it\/2018\/05\/17\/101-giro-ditalia-15ma-tappa-20-maggio-tolmezzo-sappada\/","name":"101\u00b0 Giro d'Italia, 15ma tappa 20 maggio Tolmezzo - Sappada - Bellunopress - Dolomiti","isPartOf":{"@id":"https:\/\/www.bellunopress.it\/#website"},"primaryImageOfPage":{"@id":"https:\/\/www.bellunopress.it\/2018\/05\/17\/101-giro-ditalia-15ma-tappa-20-maggio-tolmezzo-sappada\/#primaryimage"},"image":{"@id":"https:\/\/www.bellunopress.it\/2018\/05\/17\/101-giro-ditalia-15ma-tappa-20-maggio-tolmezzo-sappada\/#primaryimage"},"thumbnailUrl":"http:\/\/www.bellunopress.it\/wp-content\/uploads\/2013\/05\/polizia-stradale-giro-ditalia.jpg","datePublished":"2018-05-17T16:57:03+00:00","breadcrumb":{"@id":"https:\/\/www.bellunopress.it\/2018\/05\/17\/101-giro-ditalia-15ma-tappa-20-maggio-tolmezzo-sappada\/#breadcrumb"},"inLanguage":"fr-FR","potentialAction":[{"@type":"ReadAction","target":["https:\/\/www.bellunopress.it\/2018\/05\/17\/101-giro-ditalia-15ma-tappa-20-maggio-tolmezzo-sappada\/"]}]},{"@type":"ImageObject","inLanguage":"fr-FR","@id":"https:\/\/www.bellunopress.it\/2018\/05\/17\/101-giro-ditalia-15ma-tappa-20-maggio-tolmezzo-sappada\/#primaryimage","url":"http:\/\/www.bellunopress.it\/wp-content\/uploads\/2013\/05\/polizia-stradale-giro-ditalia.jpg","contentUrl":"http:\/\/www.bellunopress.it\/wp-content\/uploads\/2013\/05\/polizia-stradale-giro-ditalia.jpg"},{"@type":"BreadcrumbList","@id":"https:\/\/www.bellunopress.it\/2018\/05\/17\/101-giro-ditalia-15ma-tappa-20-maggio-tolmezzo-sappada\/#breadcrumb","itemListElement":[{"@type":"ListItem","position":1,"name":"Home","item":"https:\/\/www.bellunopress.it\/"},{"@type":"ListItem","position":2,"name":"101\u00b0 Giro d&#8217;Italia, 15ma tappa 20 maggio Tolmezzo &#8211; Sappada"}]},{"@type":"WebSite","@id":"https:\/\/www.bellunopress.it\/#website","url":"https:\/\/www.bellunopress.it\/","name":"Bellunopress - Dolomiti","description":"e-mail: redazione@bellunopress.it","publisher":{"@id":"https:\/\/www.bellunopress.it\/#organization"},"potentialAction":[{"@type":"SearchAction","target":{"@type":"EntryPoint","urlTemplate":"https:\/\/www.bellunopress.it\/?s={search_term_string}"},"query-input":{"@type":"PropertyValueSpecification","valueRequired":true,"valueName":"search_term_string"}}],"inLanguage":"fr-FR"},{"@type":"Organization","@id":"https:\/\/www.bellunopress.it\/#organization","name":"Bellunopress","url":"https:\/\/www.bellunopress.it\/","logo":{"@type":"ImageObject","inLanguage":"fr-FR","@id":"https:\/\/www.bellunopress.it\/#\/schema\/logo\/image\/","url":"https:\/\/www.bellunopress.it\/wp-content\/uploads\/2011\/05\/cropped-logo-bellunopress-.jpg","contentUrl":"https:\/\/www.bellunopress.it\/wp-content\/uploads\/2011\/05\/cropped-logo-bellunopress-.jpg","width":512,"height":512,"caption":"Bellunopress"},"image":{"@id":"https:\/\/www.bellunopress.it\/#\/schema\/logo\/image\/"},"sameAs":["https:\/\/www.facebook.com\/profile.php?id=100008943462799","https:\/\/x.com\/bellunopress","https:\/\/www.linkedin.com\/hp\/?dnr=JBzUWaJfMUw8vbXJJ2tVW5-I3jZKvC4wsoxE&amp;amp;amp;amp;amp;amp;trk=nav_responsive_tab_home","https:\/\/www.youtube.com\/channel\/UCxL0wu1uN0_3_7hGG0306cw"]},{"@type":"Person","@id":"https:\/\/www.bellunopress.it\/#\/schema\/person\/79bb06722b37ece1c03d3e94beb30d73","name":"r\u00e9daction","image":{"@type":"ImageObject","inLanguage":"fr-FR","@id":"https:\/\/secure.gravatar.com\/avatar\/37d968a2e67a6fd04c169c4bdef102d0bc5d31b2546345219e348575eb80e9a0?s=96&d=mm&r=g","url":"https:\/\/secure.gravatar.com\/avatar\/37d968a2e67a6fd04c169c4bdef102d0bc5d31b2546345219e348575eb80e9a0?s=96&d=mm&r=g","contentUrl":"https:\/\/secure.gravatar.com\/avatar\/37d968a2e67a6fd04c169c4bdef102d0bc5d31b2546345219e348575eb80e9a0?s=96&d=mm&r=g","caption":"redazione"},"sameAs":["http:\/\/www.bellunopress.it","https:\/\/x.com\/bellunopress"],"url":"https:\/\/www.bellunopress.it\/fr\/author\/redazione\/"}]}},"_links":{"self":[{"href":"https:\/\/www.bellunopress.it\/fr\/wp-json\/wp\/v2\/posts\/95044","targetHints":{"allow":["GET"]}}],"collection":[{"href":"https:\/\/www.bellunopress.it\/fr\/wp-json\/wp\/v2\/posts"}],"about":[{"href":"https:\/\/www.bellunopress.it\/fr\/wp-json\/wp\/v2\/types\/post"}],"author":[{"embeddable":true,"href":"https:\/\/www.bellunopress.it\/fr\/wp-json\/wp\/v2\/users\/2"}],"replies":[{"embeddable":true,"href":"https:\/\/www.bellunopress.it\/fr\/wp-json\/wp\/v2\/comments?post=95044"}],"version-history":[{"count":1,"href":"https:\/\/www.bellunopress.it\/fr\/wp-json\/wp\/v2\/posts\/95044\/revisions"}],"predecessor-version":[{"id":95045,"href":"https:\/\/www.bellunopress.it\/fr\/wp-json\/wp\/v2\/posts\/95044\/revisions\/95045"}],"wp:attachment":[{"href":"https:\/\/www.bellunopress.it\/fr\/wp-json\/wp\/v2\/media?parent=95044"}],"wp:term":[{"taxonomy":"category","embeddable":true,"href":"https:\/\/www.bellunopress.it\/fr\/wp-json\/wp\/v2\/categories?post=95044"},{"taxonomy":"post_tag","embeddable":true,"href":"https:\/\/www.bellunopress.it\/fr\/wp-json\/wp\/v2\/tags?post=95044"}],"curies":[{"name":"wp","href":"https:\/\/api.w.org\/{rel}","templated":true}]}}