{"id":94755,"date":"2018-05-04T18:50:22","date_gmt":"2018-05-04T16:50:22","guid":{"rendered":"http:\/\/www.bellunopress.it\/?p=94755"},"modified":"2018-05-04T09:55:31","modified_gmt":"2018-05-04T07:55:31","slug":"il-ritorno-al-retro-della-kawasaki-alla-tecnosport-di-belluno-la-nuova-z900rs","status":"publish","type":"post","link":"https:\/\/www.bellunopress.it\/fr\/2018\/05\/04\/il-ritorno-al-retro-della-kawasaki-alla-tecnosport-di-belluno-la-nuova-z900rs\/","title":{"rendered":"Il ritorno al retr\u00f2 della Kawasaki. Alla TecnoSport di Belluno la nuova Z900RS"},"content":{"rendered":"<p>Tra le novit\u00e0 del 2018 la Kawasaki Z900RS \u00e8 uno dei modelli pi\u00f9 interessanti della Casa giapponese. Con il suo \u201ceffetto nostalgia\u201d, che evoca la leggendaria 900 Z1 del 1972, curato nei dettagli, dal serbatoio a goccia alla sella su due piani, la 900 Retro Sport grazie alle sue rielaborazioni estetiche \u00e8 una delle moto esteticamente pi\u00f9 riuscite del suo segmento.<br \/>\n<a href=\"http:\/\/www.bellunopress.it\/fr\/?attachment_id=94756\" rel=\"attachment wp-att-94756\"><img loading=\"lazy\" decoding=\"async\" class=\"alignleft size-full wp-image-94756\" src=\"http:\/\/www.bellunopress.it\/wp-content\/uploads\/2018\/05\/Kawasaki-900.jpg\" alt=\"\" width=\"300\" height=\"225\" \/><\/a><\/p>\n<p>Il motore \u00e8 il classico quattro cilindri bialbero in linea con distribuzione plurivalvole da 948cc derivato dalla Z900 e dalla Z1000. Con carter nuovi e la testata dalla meravigliosa alettatura esclusivamente con funzioni estetiche (il raffreddamento \u00e8 a liquido) com&#8217;erano i motori raffreddati ad aria degli anni &#8217;70.<\/p>\n<p>Il propulsore \u00e8 stato addomesticato, con fasatura addolcita, e un minor rapporto di compressione che passa da 11,8 a 10,8:1. La coppia massima rimane di 10 kgm, abbassata per\u00f2 a 6.500 giri anzich\u00e9 a 7.700 giri. La potenza scende quindi dai 125 cavalli della Z900 ai 111 della RS.<br \/>\nLa Kawasaki Z900RS, insomma, non ha velleit\u00e0 da naked cattiva. Ma si colloca nelle Moder Classic, in grado di soddisfare con le sue prestazioni i bisogni pi\u00f9 eterogenei del popolo delle due ruote, dalla gita fronte lago alla scampagnata sui passi alpini.<\/p>","protected":false},"excerpt":{"rendered":"<p>Tra le novit\u00e0 del 2018 la Kawasaki Z900RS \u00e8 uno dei modelli pi\u00f9 interessanti della Casa giapponese. Con il suo \u201ceffetto nostalgia\u201d, che evoca la leggendaria 900 Z1 del 1972, curato nei dettagli, dal serbatoio a goccia alla sella su due piani, la 900 Retro Sport grazie alle sue rielaborazioni estetiche \u00e8 una delle moto [&hellip;]<\/p>\n","protected":false},"author":2,"featured_media":0,"comment_status":"closed","ping_status":"open","sticky":false,"template":"","format":"standard","meta":{"footnotes":""},"categories":[25,50],"tags":[],"class_list":["post-94755","post","type-post","status-publish","format-standard","category-pausa-caffe","category-pubbliredazionali"],"yoast_head":"<!-- This site is optimized with the Yoast SEO plugin v28.4 - https:\/\/yoast.com\/product\/yoast-seo-wordpress\/ -->\n<title>Il ritorno al retr\u00f2 della Kawasaki. Alla TecnoSport di Belluno la nuova Z900RS - Bellunopress - Dolomiti<\/title>\n<meta name=\"robots\" content=\"index, follow, max-snippet:-1, max-image-preview:large, max-video-preview:-1\" \/>\n<link rel=\"canonical\" href=\"https:\/\/www.bellunopress.it\/fr\/2018\/05\/04\/il-ritorno-al-retro-della-kawasaki-alla-tecnosport-di-belluno-la-nuova-z900rs\/\" \/>\n<meta property=\"og:locale\" content=\"fr_FR\" \/>\n<meta property=\"og:type\" content=\"article\" \/>\n<meta property=\"og:title\" content=\"Il ritorno al retr\u00f2 della Kawasaki. Alla TecnoSport di Belluno la nuova Z900RS - Bellunopress - Dolomiti\" \/>\n<meta property=\"og:description\" content=\"Tra le novit\u00e0 del 2018 la Kawasaki Z900RS \u00e8 uno dei modelli pi\u00f9 interessanti della Casa giapponese. Con il suo \u201ceffetto nostalgia\u201d, che evoca la leggendaria 900 Z1 del 1972, curato nei dettagli, dal serbatoio a goccia alla sella su due piani, la 900 Retro Sport grazie alle sue rielaborazioni estetiche \u00e8 una delle moto [&hellip;]\" \/>\n<meta property=\"og:url\" content=\"https:\/\/www.bellunopress.it\/fr\/2018\/05\/04\/il-ritorno-al-retro-della-kawasaki-alla-tecnosport-di-belluno-la-nuova-z900rs\/\" \/>\n<meta property=\"og:site_name\" content=\"Bellunopress - Dolomiti\" \/>\n<meta property=\"article:publisher\" content=\"https:\/\/www.facebook.com\/profile.php?id=100008943462799\" \/>\n<meta property=\"article:published_time\" content=\"2018-05-04T16:50:22+00:00\" \/>\n<meta property=\"og:image\" content=\"http:\/\/www.bellunopress.it\/wp-content\/uploads\/2018\/05\/Kawasaki-900.jpg\" \/>\n<meta name=\"author\" content=\"redazione\" \/>\n<meta name=\"twitter:card\" content=\"summary_large_image\" \/>\n<meta name=\"twitter:creator\" content=\"@bellunopress\" \/>\n<meta name=\"twitter:site\" content=\"@bellunopress\" \/>\n<meta name=\"twitter:label1\" content=\"\u00c9crit par\" \/>\n\t<meta name=\"twitter:data1\" content=\"redazione\" \/>\n\t<meta name=\"twitter:label2\" content=\"Dur\u00e9e de lecture estim\u00e9e\" \/>\n\t<meta name=\"twitter:data2\" content=\"1 minute\" \/>\n<script type=\"application\/ld+json\" class=\"yoast-schema-graph\">{\"@context\":\"https:\\\/\\\/schema.org\",\"@graph\":[{\"@type\":\"Article\",\"@id\":\"https:\\\/\\\/www.bellunopress.it\\\/2018\\\/05\\\/04\\\/il-ritorno-al-retro-della-kawasaki-alla-tecnosport-di-belluno-la-nuova-z900rs\\\/#article\",\"isPartOf\":{\"@id\":\"https:\\\/\\\/www.bellunopress.it\\\/2018\\\/05\\\/04\\\/il-ritorno-al-retro-della-kawasaki-alla-tecnosport-di-belluno-la-nuova-z900rs\\\/\"},\"author\":{\"name\":\"redazione\",\"@id\":\"https:\\\/\\\/www.bellunopress.it\\\/#\\\/schema\\\/person\\\/79bb06722b37ece1c03d3e94beb30d73\"},\"headline\":\"Il ritorno al retr\u00f2 della Kawasaki. Alla TecnoSport di Belluno la nuova Z900RS\",\"datePublished\":\"2018-05-04T16:50:22+00:00\",\"mainEntityOfPage\":{\"@id\":\"https:\\\/\\\/www.bellunopress.it\\\/2018\\\/05\\\/04\\\/il-ritorno-al-retro-della-kawasaki-alla-tecnosport-di-belluno-la-nuova-z900rs\\\/\"},\"wordCount\":200,\"publisher\":{\"@id\":\"https:\\\/\\\/www.bellunopress.it\\\/#organization\"},\"image\":{\"@id\":\"https:\\\/\\\/www.bellunopress.it\\\/2018\\\/05\\\/04\\\/il-ritorno-al-retro-della-kawasaki-alla-tecnosport-di-belluno-la-nuova-z900rs\\\/#primaryimage\"},\"thumbnailUrl\":\"http:\\\/\\\/www.bellunopress.it\\\/wp-content\\\/uploads\\\/2018\\\/05\\\/Kawasaki-900.jpg\",\"articleSection\":[\"Pausa Caff\u00e8\",\"Pubbliredazionali\"],\"inLanguage\":\"fr-FR\"},{\"@type\":\"WebPage\",\"@id\":\"https:\\\/\\\/www.bellunopress.it\\\/2018\\\/05\\\/04\\\/il-ritorno-al-retro-della-kawasaki-alla-tecnosport-di-belluno-la-nuova-z900rs\\\/\",\"url\":\"https:\\\/\\\/www.bellunopress.it\\\/2018\\\/05\\\/04\\\/il-ritorno-al-retro-della-kawasaki-alla-tecnosport-di-belluno-la-nuova-z900rs\\\/\",\"name\":\"Il ritorno al retr\u00f2 della Kawasaki. Alla TecnoSport di Belluno la nuova Z900RS - Bellunopress - Dolomiti\",\"isPartOf\":{\"@id\":\"https:\\\/\\\/www.bellunopress.it\\\/#website\"},\"primaryImageOfPage\":{\"@id\":\"https:\\\/\\\/www.bellunopress.it\\\/2018\\\/05\\\/04\\\/il-ritorno-al-retro-della-kawasaki-alla-tecnosport-di-belluno-la-nuova-z900rs\\\/#primaryimage\"},\"image\":{\"@id\":\"https:\\\/\\\/www.bellunopress.it\\\/2018\\\/05\\\/04\\\/il-ritorno-al-retro-della-kawasaki-alla-tecnosport-di-belluno-la-nuova-z900rs\\\/#primaryimage\"},\"thumbnailUrl\":\"http:\\\/\\\/www.bellunopress.it\\\/wp-content\\\/uploads\\\/2018\\\/05\\\/Kawasaki-900.jpg\",\"datePublished\":\"2018-05-04T16:50:22+00:00\",\"breadcrumb\":{\"@id\":\"https:\\\/\\\/www.bellunopress.it\\\/2018\\\/05\\\/04\\\/il-ritorno-al-retro-della-kawasaki-alla-tecnosport-di-belluno-la-nuova-z900rs\\\/#breadcrumb\"},\"inLanguage\":\"fr-FR\",\"potentialAction\":[{\"@type\":\"ReadAction\",\"target\":[\"https:\\\/\\\/www.bellunopress.it\\\/2018\\\/05\\\/04\\\/il-ritorno-al-retro-della-kawasaki-alla-tecnosport-di-belluno-la-nuova-z900rs\\\/\"]}]},{\"@type\":\"ImageObject\",\"inLanguage\":\"fr-FR\",\"@id\":\"https:\\\/\\\/www.bellunopress.it\\\/2018\\\/05\\\/04\\\/il-ritorno-al-retro-della-kawasaki-alla-tecnosport-di-belluno-la-nuova-z900rs\\\/#primaryimage\",\"url\":\"http:\\\/\\\/www.bellunopress.it\\\/wp-content\\\/uploads\\\/2018\\\/05\\\/Kawasaki-900.jpg\",\"contentUrl\":\"http:\\\/\\\/www.bellunopress.it\\\/wp-content\\\/uploads\\\/2018\\\/05\\\/Kawasaki-900.jpg\"},{\"@type\":\"BreadcrumbList\",\"@id\":\"https:\\\/\\\/www.bellunopress.it\\\/2018\\\/05\\\/04\\\/il-ritorno-al-retro-della-kawasaki-alla-tecnosport-di-belluno-la-nuova-z900rs\\\/#breadcrumb\",\"itemListElement\":[{\"@type\":\"ListItem\",\"position\":1,\"name\":\"Home\",\"item\":\"https:\\\/\\\/www.bellunopress.it\\\/\"},{\"@type\":\"ListItem\",\"position\":2,\"name\":\"Il ritorno al retr\u00f2 della Kawasaki. Alla TecnoSport di Belluno la nuova Z900RS\"}]},{\"@type\":\"WebSite\",\"@id\":\"https:\\\/\\\/www.bellunopress.it\\\/#website\",\"url\":\"https:\\\/\\\/www.bellunopress.it\\\/\",\"name\":\"Bellunopress - Dolomiti\",\"description\":\"e-mail: redazione@bellunopress.it\",\"publisher\":{\"@id\":\"https:\\\/\\\/www.bellunopress.it\\\/#organization\"},\"potentialAction\":[{\"@type\":\"SearchAction\",\"target\":{\"@type\":\"EntryPoint\",\"urlTemplate\":\"https:\\\/\\\/www.bellunopress.it\\\/?s={search_term_string}\"},\"query-input\":{\"@type\":\"PropertyValueSpecification\",\"valueRequired\":true,\"valueName\":\"search_term_string\"}}],\"inLanguage\":\"fr-FR\"},{\"@type\":\"Organization\",\"@id\":\"https:\\\/\\\/www.bellunopress.it\\\/#organization\",\"name\":\"Bellunopress\",\"url\":\"https:\\\/\\\/www.bellunopress.it\\\/\",\"logo\":{\"@type\":\"ImageObject\",\"inLanguage\":\"fr-FR\",\"@id\":\"https:\\\/\\\/www.bellunopress.it\\\/#\\\/schema\\\/logo\\\/image\\\/\",\"url\":\"https:\\\/\\\/www.bellunopress.it\\\/wp-content\\\/uploads\\\/2011\\\/05\\\/cropped-logo-bellunopress-.jpg\",\"contentUrl\":\"https:\\\/\\\/www.bellunopress.it\\\/wp-content\\\/uploads\\\/2011\\\/05\\\/cropped-logo-bellunopress-.jpg\",\"width\":512,\"height\":512,\"caption\":\"Bellunopress\"},\"image\":{\"@id\":\"https:\\\/\\\/www.bellunopress.it\\\/#\\\/schema\\\/logo\\\/image\\\/\"},\"sameAs\":[\"https:\\\/\\\/www.facebook.com\\\/profile.php?id=100008943462799\",\"https:\\\/\\\/x.com\\\/bellunopress\",\"https:\\\/\\\/www.linkedin.com\\\/hp\\\/?dnr=JBzUWaJfMUw8vbXJJ2tVW5-I3jZKvC4wsoxE&amp;amp;amp;amp;amp;amp;trk=nav_responsive_tab_home\",\"https:\\\/\\\/www.youtube.com\\\/channel\\\/UCxL0wu1uN0_3_7hGG0306cw\"]},{\"@type\":\"Person\",\"@id\":\"https:\\\/\\\/www.bellunopress.it\\\/#\\\/schema\\\/person\\\/79bb06722b37ece1c03d3e94beb30d73\",\"name\":\"redazione\",\"image\":{\"@type\":\"ImageObject\",\"inLanguage\":\"fr-FR\",\"@id\":\"https:\\\/\\\/secure.gravatar.com\\\/avatar\\\/37d968a2e67a6fd04c169c4bdef102d0bc5d31b2546345219e348575eb80e9a0?s=96&d=mm&r=g\",\"url\":\"https:\\\/\\\/secure.gravatar.com\\\/avatar\\\/37d968a2e67a6fd04c169c4bdef102d0bc5d31b2546345219e348575eb80e9a0?s=96&d=mm&r=g\",\"contentUrl\":\"https:\\\/\\\/secure.gravatar.com\\\/avatar\\\/37d968a2e67a6fd04c169c4bdef102d0bc5d31b2546345219e348575eb80e9a0?s=96&d=mm&r=g\",\"caption\":\"redazione\"},\"sameAs\":[\"http:\\\/\\\/www.bellunopress.it\",\"https:\\\/\\\/x.com\\\/bellunopress\"],\"url\":\"https:\\\/\\\/www.bellunopress.it\\\/fr\\\/author\\\/redazione\\\/\"}]}<\/script>\n<!-- \/ Yoast SEO plugin. -->","yoast_head_json":{"title":"Il ritorno al retr\u00f2 della Kawasaki. Alla TecnoSport di Belluno la nuova Z900RS - Bellunopress - Dolomiti","robots":{"index":"index","follow":"follow","max-snippet":"max-snippet:-1","max-image-preview":"max-image-preview:large","max-video-preview":"max-video-preview:-1"},"canonical":"https:\/\/www.bellunopress.it\/fr\/2018\/05\/04\/il-ritorno-al-retro-della-kawasaki-alla-tecnosport-di-belluno-la-nuova-z900rs\/","og_locale":"fr_FR","og_type":"article","og_title":"Il ritorno al retr\u00f2 della Kawasaki. Alla TecnoSport di Belluno la nuova Z900RS - Bellunopress - Dolomiti","og_description":"Tra le novit\u00e0 del 2018 la Kawasaki Z900RS \u00e8 uno dei modelli pi\u00f9 interessanti della Casa giapponese. Con il suo \u201ceffetto nostalgia\u201d, che evoca la leggendaria 900 Z1 del 1972, curato nei dettagli, dal serbatoio a goccia alla sella su due piani, la 900 Retro Sport grazie alle sue rielaborazioni estetiche \u00e8 una delle moto [&hellip;]","og_url":"https:\/\/www.bellunopress.it\/fr\/2018\/05\/04\/il-ritorno-al-retro-della-kawasaki-alla-tecnosport-di-belluno-la-nuova-z900rs\/","og_site_name":"Bellunopress - Dolomiti","article_publisher":"https:\/\/www.facebook.com\/profile.php?id=100008943462799","article_published_time":"2018-05-04T16:50:22+00:00","og_image":[{"url":"http:\/\/www.bellunopress.it\/wp-content\/uploads\/2018\/05\/Kawasaki-900.jpg","type":"","width":"","height":""}],"author":"redazione","twitter_card":"summary_large_image","twitter_creator":"@bellunopress","twitter_site":"@bellunopress","twitter_misc":{"\u00c9crit par":"redazione","Dur\u00e9e de lecture estim\u00e9e":"1 minute"},"schema":{"@context":"https:\/\/schema.org","@graph":[{"@type":"Article","@id":"https:\/\/www.bellunopress.it\/2018\/05\/04\/il-ritorno-al-retro-della-kawasaki-alla-tecnosport-di-belluno-la-nuova-z900rs\/#article","isPartOf":{"@id":"https:\/\/www.bellunopress.it\/2018\/05\/04\/il-ritorno-al-retro-della-kawasaki-alla-tecnosport-di-belluno-la-nuova-z900rs\/"},"author":{"name":"redazione","@id":"https:\/\/www.bellunopress.it\/#\/schema\/person\/79bb06722b37ece1c03d3e94beb30d73"},"headline":"Il ritorno al retr\u00f2 della Kawasaki. Alla TecnoSport di Belluno la nuova Z900RS","datePublished":"2018-05-04T16:50:22+00:00","mainEntityOfPage":{"@id":"https:\/\/www.bellunopress.it\/2018\/05\/04\/il-ritorno-al-retro-della-kawasaki-alla-tecnosport-di-belluno-la-nuova-z900rs\/"},"wordCount":200,"publisher":{"@id":"https:\/\/www.bellunopress.it\/#organization"},"image":{"@id":"https:\/\/www.bellunopress.it\/2018\/05\/04\/il-ritorno-al-retro-della-kawasaki-alla-tecnosport-di-belluno-la-nuova-z900rs\/#primaryimage"},"thumbnailUrl":"http:\/\/www.bellunopress.it\/wp-content\/uploads\/2018\/05\/Kawasaki-900.jpg","articleSection":["Pausa Caff\u00e8","Pubbliredazionali"],"inLanguage":"fr-FR"},{"@type":"WebPage","@id":"https:\/\/www.bellunopress.it\/2018\/05\/04\/il-ritorno-al-retro-della-kawasaki-alla-tecnosport-di-belluno-la-nuova-z900rs\/","url":"https:\/\/www.bellunopress.it\/2018\/05\/04\/il-ritorno-al-retro-della-kawasaki-alla-tecnosport-di-belluno-la-nuova-z900rs\/","name":"Il ritorno al retr\u00f2 della Kawasaki. Alla TecnoSport di Belluno la nuova Z900RS - Bellunopress - Dolomiti","isPartOf":{"@id":"https:\/\/www.bellunopress.it\/#website"},"primaryImageOfPage":{"@id":"https:\/\/www.bellunopress.it\/2018\/05\/04\/il-ritorno-al-retro-della-kawasaki-alla-tecnosport-di-belluno-la-nuova-z900rs\/#primaryimage"},"image":{"@id":"https:\/\/www.bellunopress.it\/2018\/05\/04\/il-ritorno-al-retro-della-kawasaki-alla-tecnosport-di-belluno-la-nuova-z900rs\/#primaryimage"},"thumbnailUrl":"http:\/\/www.bellunopress.it\/wp-content\/uploads\/2018\/05\/Kawasaki-900.jpg","datePublished":"2018-05-04T16:50:22+00:00","breadcrumb":{"@id":"https:\/\/www.bellunopress.it\/2018\/05\/04\/il-ritorno-al-retro-della-kawasaki-alla-tecnosport-di-belluno-la-nuova-z900rs\/#breadcrumb"},"inLanguage":"fr-FR","potentialAction":[{"@type":"ReadAction","target":["https:\/\/www.bellunopress.it\/2018\/05\/04\/il-ritorno-al-retro-della-kawasaki-alla-tecnosport-di-belluno-la-nuova-z900rs\/"]}]},{"@type":"ImageObject","inLanguage":"fr-FR","@id":"https:\/\/www.bellunopress.it\/2018\/05\/04\/il-ritorno-al-retro-della-kawasaki-alla-tecnosport-di-belluno-la-nuova-z900rs\/#primaryimage","url":"http:\/\/www.bellunopress.it\/wp-content\/uploads\/2018\/05\/Kawasaki-900.jpg","contentUrl":"http:\/\/www.bellunopress.it\/wp-content\/uploads\/2018\/05\/Kawasaki-900.jpg"},{"@type":"BreadcrumbList","@id":"https:\/\/www.bellunopress.it\/2018\/05\/04\/il-ritorno-al-retro-della-kawasaki-alla-tecnosport-di-belluno-la-nuova-z900rs\/#breadcrumb","itemListElement":[{"@type":"ListItem","position":1,"name":"Home","item":"https:\/\/www.bellunopress.it\/"},{"@type":"ListItem","position":2,"name":"Il ritorno al retr\u00f2 della Kawasaki. Alla TecnoSport di Belluno la nuova Z900RS"}]},{"@type":"WebSite","@id":"https:\/\/www.bellunopress.it\/#website","url":"https:\/\/www.bellunopress.it\/","name":"Bellunopress - Dolomiti","description":"e-mail: redazione@bellunopress.it","publisher":{"@id":"https:\/\/www.bellunopress.it\/#organization"},"potentialAction":[{"@type":"SearchAction","target":{"@type":"EntryPoint","urlTemplate":"https:\/\/www.bellunopress.it\/?s={search_term_string}"},"query-input":{"@type":"PropertyValueSpecification","valueRequired":true,"valueName":"search_term_string"}}],"inLanguage":"fr-FR"},{"@type":"Organization","@id":"https:\/\/www.bellunopress.it\/#organization","name":"Bellunopress","url":"https:\/\/www.bellunopress.it\/","logo":{"@type":"ImageObject","inLanguage":"fr-FR","@id":"https:\/\/www.bellunopress.it\/#\/schema\/logo\/image\/","url":"https:\/\/www.bellunopress.it\/wp-content\/uploads\/2011\/05\/cropped-logo-bellunopress-.jpg","contentUrl":"https:\/\/www.bellunopress.it\/wp-content\/uploads\/2011\/05\/cropped-logo-bellunopress-.jpg","width":512,"height":512,"caption":"Bellunopress"},"image":{"@id":"https:\/\/www.bellunopress.it\/#\/schema\/logo\/image\/"},"sameAs":["https:\/\/www.facebook.com\/profile.php?id=100008943462799","https:\/\/x.com\/bellunopress","https:\/\/www.linkedin.com\/hp\/?dnr=JBzUWaJfMUw8vbXJJ2tVW5-I3jZKvC4wsoxE&amp;amp;amp;amp;amp;amp;trk=nav_responsive_tab_home","https:\/\/www.youtube.com\/channel\/UCxL0wu1uN0_3_7hGG0306cw"]},{"@type":"Person","@id":"https:\/\/www.bellunopress.it\/#\/schema\/person\/79bb06722b37ece1c03d3e94beb30d73","name":"r\u00e9daction","image":{"@type":"ImageObject","inLanguage":"fr-FR","@id":"https:\/\/secure.gravatar.com\/avatar\/37d968a2e67a6fd04c169c4bdef102d0bc5d31b2546345219e348575eb80e9a0?s=96&d=mm&r=g","url":"https:\/\/secure.gravatar.com\/avatar\/37d968a2e67a6fd04c169c4bdef102d0bc5d31b2546345219e348575eb80e9a0?s=96&d=mm&r=g","contentUrl":"https:\/\/secure.gravatar.com\/avatar\/37d968a2e67a6fd04c169c4bdef102d0bc5d31b2546345219e348575eb80e9a0?s=96&d=mm&r=g","caption":"redazione"},"sameAs":["http:\/\/www.bellunopress.it","https:\/\/x.com\/bellunopress"],"url":"https:\/\/www.bellunopress.it\/fr\/author\/redazione\/"}]}},"_links":{"self":[{"href":"https:\/\/www.bellunopress.it\/fr\/wp-json\/wp\/v2\/posts\/94755","targetHints":{"allow":["GET"]}}],"collection":[{"href":"https:\/\/www.bellunopress.it\/fr\/wp-json\/wp\/v2\/posts"}],"about":[{"href":"https:\/\/www.bellunopress.it\/fr\/wp-json\/wp\/v2\/types\/post"}],"author":[{"embeddable":true,"href":"https:\/\/www.bellunopress.it\/fr\/wp-json\/wp\/v2\/users\/2"}],"replies":[{"embeddable":true,"href":"https:\/\/www.bellunopress.it\/fr\/wp-json\/wp\/v2\/comments?post=94755"}],"version-history":[{"count":1,"href":"https:\/\/www.bellunopress.it\/fr\/wp-json\/wp\/v2\/posts\/94755\/revisions"}],"predecessor-version":[{"id":94757,"href":"https:\/\/www.bellunopress.it\/fr\/wp-json\/wp\/v2\/posts\/94755\/revisions\/94757"}],"wp:attachment":[{"href":"https:\/\/www.bellunopress.it\/fr\/wp-json\/wp\/v2\/media?parent=94755"}],"wp:term":[{"taxonomy":"category","embeddable":true,"href":"https:\/\/www.bellunopress.it\/fr\/wp-json\/wp\/v2\/categories?post=94755"},{"taxonomy":"post_tag","embeddable":true,"href":"https:\/\/www.bellunopress.it\/fr\/wp-json\/wp\/v2\/tags?post=94755"}],"curies":[{"name":"wp","href":"https:\/\/api.w.org\/{rel}","templated":true}]}}