{"id":9421,"date":"2009-11-04T02:15:47","date_gmt":"2009-11-04T01:15:47","guid":{"rendered":"http:\/\/www.bellunopress.it\/?p=9421"},"modified":"2009-11-04T02:15:47","modified_gmt":"2009-11-04T01:15:47","slug":"caiinform-agordo-gli-appuntamenti-di-novembre","status":"publish","type":"post","link":"https:\/\/www.bellunopress.it\/fr\/2009\/11\/04\/caiinform-agordo-gli-appuntamenti-di-novembre\/","title":{"rendered":"CaIinForm Agordo: gli appuntamenti di novembre"},"content":{"rendered":"<p>Alaska. Etiopia. Dolomiti. La Grande Guerra. Sabbia e ghiaccio\u2026Cinque indimenticabili serate, grande aspettativa, interesse e\u2026una sala sempre gremita, hanno davvero concesso grandi soddisfazioni agli organizzatori ed agli autori che si sono succeduti sul palcoscenico di Agordo.<br \/>\nInsomma: la Sezione Agordina del CAI \u00e8 lieta di mettere in archivio \u201cSere d\u2019Autunno 2009\u201d tra gli scaffali riservati ai successi!<br \/>\nUn ringraziamento al Pubblico: sempre numeroso, composto ed interessato.<br \/>\nUn ringraziamento agli Autori, che hanno accolto fin da subito e con piacere il nostro invito alla partecipazione.<br \/>\nUn ringraziamento a tutti i Collaboratori, che \u2013 in un genuino spirito di amicizia &#8211;\u00a0 hanno saputo creare un team dinamico ed efficiente.<\/p>\n<p>D\u2019altronde, stiamo gi\u00e0 pensando al futuro\u2026 Arrivederci a Sere d\u2019Autunno 2010!<\/p>\n<p><strong>NOVEMBRE 2009 &#8211; SI APRE UN NUOVO CICLO DI SERATE AL \u201cRIFUGIO CAPANNA TRIESTE\u201d IN VAL CORPASSA \u2013 TAIBON AGORDINO (BL) \u2013<\/strong><\/p>\n<p><strong>A CENA CON\u2026<\/strong> questo \u00e8 il titolo del nuovo ciclo di incontri e serate proposto per <strong>tutti i venerd\u00ec di novembre (ore 20.00) al Rifugio Capanna Trieste in Val Corpassa<\/strong>. Il Rifugio \u00e8 situato a 3,5 Km dalla frazione di Listolade &#8211; Comune di Taibon Agordino (BL) &#8211; ed \u00e8 comodamente raggiungibile in automobile.<br \/>\nPer partecipare alle serate (vista la limitata disponibilit\u00e0 dei posti la visione dei filmati sar\u00e0 garantita ai soli clienti che hanno prenotato la cena) \u00e8 necessaria la prenotazione al numero 0437-660122 entro il mercoled\u00ec precedente.<br \/>\nQui di seguito, il programma della manifestazione:<\/p>\n<p>Venerd\u00ec\u00a0 6 novembre 2009\u00a0\u00a0\u00a0\u00a0\u00a0\u00a0\u00a0 \u201cCORDILLERA BLANCA\u201d<br \/>\nSerata sul Per\u00f9, con anteprima della spedizione dei \u201cGir\u201d all\u2019Alpamayo<br \/>\ne filmato della spedizione al Huascaran compiuta\u00a0 da Emanuele Pellegrini.<\/p>\n<p>Venerd\u00ec 13 novembre 2009\u00a0\u00a0\u00a0\u00a0\u00a0\u00a0\u00a0 \u201cLUCI IN NORD-OVEST\u201d<br \/>\nAlessandro Bau, forte alpinista padovano, presenta le proprie emozioni della vita in parete.<\/p>\n<p>Venerd\u00ec 20 novembre 2009\u00a0\u00a0\u00a0\u00a0\u00a0\u00a0\u00a0 \u201c2009. ANNO D\u2019ORO DELLO SCI ALPINISMO\u201d<br \/>\nMichele Costantini presenta le nuove discese e le pi\u00f9 recenti ed importanti ripetizioni<br \/>\ncompiute in Agordino dagli alpinisti locali.<\/p>\n<p>Venerd\u00ec 27 novembre 2009\u00a0\u00a0\u00a0\u00a0\u00a0\u00a0\u00a0 \u201cSOGNI NEL FRIGORIFERO\u201d<br \/>\nL\u2019alpinista bellunese Barry Bona, in viaggio dalle Dolomiti al Nord America alla scoperta delle cascate di ghiaccio.<\/p>\n<p><strong>\u201cAUTUNNO A TRICHIANA\u201d E \u201cSAN VITOOUTDOOR\u201d<br \/>\n<\/strong>Di questi due cicli di appuntamenti riservati alla montagna, ai viaggi, alle spedizioni ed alla fotografia abbiamo gi\u00e0 dato comunicazione nel corso del precedente invio settimanale (CAIinFORM della scorsa settimana). Soprattutto per i nuovi iscritti al nostro servizio di informazione ed anche per una ulteriore e migliore diffusione, alleghiamo nuovamente i manifesti ufficiali in formato pdf.<\/p>\n<p><strong>MARCO CONFORTOLA AL PALAZZETTO DELLO SPORT DI SALGAREDA (TV)<\/strong><br \/>\nLa Sezione CAI di Ponte di Piave \u2013 Salgareda (TV) prosegue il ciclo di incontri con i grandi alpinisti e propone &#8211; sabato 7 novembre 2009 alle ore 21.00 presso il Palazzetto dello Sport di Salgareda &#8211;\u00a0 una serata speciale con Marco Confortola, l\u2019alpinista sopravissuto alla tragedia della scalata al K2.<\/p>","protected":false},"excerpt":{"rendered":"<p>Alaska. Etiopia. Dolomiti. La Grande Guerra. Sabbia e ghiaccio\u2026Cinque indimenticabili serate, grande aspettativa, interesse e\u2026una sala sempre gremita, hanno davvero concesso grandi soddisfazioni agli organizzatori ed agli autori che si sono succeduti sul palcoscenico di Agordo. Insomma: la Sezione Agordina del CAI \u00e8 lieta di mettere in archivio \u201cSere d\u2019Autunno 2009\u201d tra gli scaffali riservati [&hellip;]<\/p>\n","protected":false},"author":2,"featured_media":0,"comment_status":"closed","ping_status":"open","sticky":false,"template":"","format":"standard","meta":{"footnotes":""},"categories":[3,38,25],"tags":[63],"class_list":["post-9421","post","type-post","status-publish","format-standard","category-arte-cultura-spettacoli-scienza-archivi","category-natura-ambiente","category-pausa-caffe","tag-dolomiti"],"yoast_head":"<!-- This site is optimized with the Yoast SEO plugin v28.4 - https:\/\/yoast.com\/product\/yoast-seo-wordpress\/ -->\n<title>CaIinForm Agordo: gli appuntamenti di novembre - Bellunopress - Dolomiti<\/title>\n<meta name=\"robots\" content=\"index, follow, max-snippet:-1, max-image-preview:large, max-video-preview:-1\" \/>\n<link rel=\"canonical\" href=\"https:\/\/www.bellunopress.it\/fr\/2009\/11\/04\/caiinform-agordo-gli-appuntamenti-di-novembre\/\" \/>\n<meta property=\"og:locale\" content=\"fr_FR\" \/>\n<meta property=\"og:type\" content=\"article\" \/>\n<meta property=\"og:title\" content=\"CaIinForm Agordo: gli appuntamenti di novembre - Bellunopress - Dolomiti\" \/>\n<meta property=\"og:description\" content=\"Alaska. Etiopia. Dolomiti. La Grande Guerra. Sabbia e ghiaccio\u2026Cinque indimenticabili serate, grande aspettativa, interesse e\u2026una sala sempre gremita, hanno davvero concesso grandi soddisfazioni agli organizzatori ed agli autori che si sono succeduti sul palcoscenico di Agordo. Insomma: la Sezione Agordina del CAI \u00e8 lieta di mettere in archivio \u201cSere d\u2019Autunno 2009\u201d tra gli scaffali riservati [&hellip;]\" \/>\n<meta property=\"og:url\" content=\"https:\/\/www.bellunopress.it\/fr\/2009\/11\/04\/caiinform-agordo-gli-appuntamenti-di-novembre\/\" \/>\n<meta property=\"og:site_name\" content=\"Bellunopress - Dolomiti\" \/>\n<meta property=\"article:publisher\" content=\"https:\/\/www.facebook.com\/profile.php?id=100008943462799\" \/>\n<meta property=\"article:published_time\" content=\"2009-11-04T01:15:47+00:00\" \/>\n<meta property=\"og:image\" content=\"http:\/\/www.bellunopress.it\/wp-content\/uploads\/2012\/07\/logo-bellunopress-250x250-2012.jpg\" \/>\n<meta name=\"author\" content=\"redazione\" \/>\n<meta name=\"twitter:card\" content=\"summary_large_image\" \/>\n<meta name=\"twitter:creator\" content=\"@bellunopress\" \/>\n<meta name=\"twitter:site\" content=\"@bellunopress\" \/>\n<meta name=\"twitter:label1\" content=\"\u00c9crit par\" \/>\n\t<meta name=\"twitter:data1\" content=\"redazione\" \/>\n\t<meta name=\"twitter:label2\" content=\"Dur\u00e9e de lecture estim\u00e9e\" \/>\n\t<meta name=\"twitter:data2\" content=\"2 minutes\" \/>\n<script type=\"application\/ld+json\" class=\"yoast-schema-graph\">{\"@context\":\"https:\\\/\\\/schema.org\",\"@graph\":[{\"@type\":\"Article\",\"@id\":\"https:\\\/\\\/www.bellunopress.it\\\/2009\\\/11\\\/04\\\/caiinform-agordo-gli-appuntamenti-di-novembre\\\/#article\",\"isPartOf\":{\"@id\":\"https:\\\/\\\/www.bellunopress.it\\\/2009\\\/11\\\/04\\\/caiinform-agordo-gli-appuntamenti-di-novembre\\\/\"},\"author\":{\"name\":\"redazione\",\"@id\":\"https:\\\/\\\/www.bellunopress.it\\\/#\\\/schema\\\/person\\\/79bb06722b37ece1c03d3e94beb30d73\"},\"headline\":\"CaIinForm Agordo: gli appuntamenti di novembre\",\"datePublished\":\"2009-11-04T01:15:47+00:00\",\"mainEntityOfPage\":{\"@id\":\"https:\\\/\\\/www.bellunopress.it\\\/2009\\\/11\\\/04\\\/caiinform-agordo-gli-appuntamenti-di-novembre\\\/\"},\"wordCount\":446,\"publisher\":{\"@id\":\"https:\\\/\\\/www.bellunopress.it\\\/#organization\"},\"keywords\":[\"Dolomiti\"],\"articleSection\":[\"Arte, Cultura, Spettacoli, Scienza\",\"Meteo, natura, ambiente, animali\",\"Pausa Caff\u00e8\"],\"inLanguage\":\"fr-FR\"},{\"@type\":\"WebPage\",\"@id\":\"https:\\\/\\\/www.bellunopress.it\\\/2009\\\/11\\\/04\\\/caiinform-agordo-gli-appuntamenti-di-novembre\\\/\",\"url\":\"https:\\\/\\\/www.bellunopress.it\\\/2009\\\/11\\\/04\\\/caiinform-agordo-gli-appuntamenti-di-novembre\\\/\",\"name\":\"CaIinForm Agordo: gli appuntamenti di novembre - Bellunopress - Dolomiti\",\"isPartOf\":{\"@id\":\"https:\\\/\\\/www.bellunopress.it\\\/#website\"},\"datePublished\":\"2009-11-04T01:15:47+00:00\",\"breadcrumb\":{\"@id\":\"https:\\\/\\\/www.bellunopress.it\\\/2009\\\/11\\\/04\\\/caiinform-agordo-gli-appuntamenti-di-novembre\\\/#breadcrumb\"},\"inLanguage\":\"fr-FR\",\"potentialAction\":[{\"@type\":\"ReadAction\",\"target\":[\"https:\\\/\\\/www.bellunopress.it\\\/2009\\\/11\\\/04\\\/caiinform-agordo-gli-appuntamenti-di-novembre\\\/\"]}]},{\"@type\":\"BreadcrumbList\",\"@id\":\"https:\\\/\\\/www.bellunopress.it\\\/2009\\\/11\\\/04\\\/caiinform-agordo-gli-appuntamenti-di-novembre\\\/#breadcrumb\",\"itemListElement\":[{\"@type\":\"ListItem\",\"position\":1,\"name\":\"Home\",\"item\":\"https:\\\/\\\/www.bellunopress.it\\\/\"},{\"@type\":\"ListItem\",\"position\":2,\"name\":\"CaIinForm Agordo: gli appuntamenti di novembre\"}]},{\"@type\":\"WebSite\",\"@id\":\"https:\\\/\\\/www.bellunopress.it\\\/#website\",\"url\":\"https:\\\/\\\/www.bellunopress.it\\\/\",\"name\":\"Bellunopress - Dolomiti\",\"description\":\"e-mail: redazione@bellunopress.it\",\"publisher\":{\"@id\":\"https:\\\/\\\/www.bellunopress.it\\\/#organization\"},\"potentialAction\":[{\"@type\":\"SearchAction\",\"target\":{\"@type\":\"EntryPoint\",\"urlTemplate\":\"https:\\\/\\\/www.bellunopress.it\\\/?s={search_term_string}\"},\"query-input\":{\"@type\":\"PropertyValueSpecification\",\"valueRequired\":true,\"valueName\":\"search_term_string\"}}],\"inLanguage\":\"fr-FR\"},{\"@type\":\"Organization\",\"@id\":\"https:\\\/\\\/www.bellunopress.it\\\/#organization\",\"name\":\"Bellunopress\",\"url\":\"https:\\\/\\\/www.bellunopress.it\\\/\",\"logo\":{\"@type\":\"ImageObject\",\"inLanguage\":\"fr-FR\",\"@id\":\"https:\\\/\\\/www.bellunopress.it\\\/#\\\/schema\\\/logo\\\/image\\\/\",\"url\":\"https:\\\/\\\/www.bellunopress.it\\\/wp-content\\\/uploads\\\/2011\\\/05\\\/cropped-logo-bellunopress-.jpg\",\"contentUrl\":\"https:\\\/\\\/www.bellunopress.it\\\/wp-content\\\/uploads\\\/2011\\\/05\\\/cropped-logo-bellunopress-.jpg\",\"width\":512,\"height\":512,\"caption\":\"Bellunopress\"},\"image\":{\"@id\":\"https:\\\/\\\/www.bellunopress.it\\\/#\\\/schema\\\/logo\\\/image\\\/\"},\"sameAs\":[\"https:\\\/\\\/www.facebook.com\\\/profile.php?id=100008943462799\",\"https:\\\/\\\/x.com\\\/bellunopress\",\"https:\\\/\\\/www.linkedin.com\\\/hp\\\/?dnr=JBzUWaJfMUw8vbXJJ2tVW5-I3jZKvC4wsoxE&amp;amp;amp;amp;amp;amp;trk=nav_responsive_tab_home\",\"https:\\\/\\\/www.youtube.com\\\/channel\\\/UCxL0wu1uN0_3_7hGG0306cw\"]},{\"@type\":\"Person\",\"@id\":\"https:\\\/\\\/www.bellunopress.it\\\/#\\\/schema\\\/person\\\/79bb06722b37ece1c03d3e94beb30d73\",\"name\":\"redazione\",\"image\":{\"@type\":\"ImageObject\",\"inLanguage\":\"fr-FR\",\"@id\":\"https:\\\/\\\/secure.gravatar.com\\\/avatar\\\/37d968a2e67a6fd04c169c4bdef102d0bc5d31b2546345219e348575eb80e9a0?s=96&d=mm&r=g\",\"url\":\"https:\\\/\\\/secure.gravatar.com\\\/avatar\\\/37d968a2e67a6fd04c169c4bdef102d0bc5d31b2546345219e348575eb80e9a0?s=96&d=mm&r=g\",\"contentUrl\":\"https:\\\/\\\/secure.gravatar.com\\\/avatar\\\/37d968a2e67a6fd04c169c4bdef102d0bc5d31b2546345219e348575eb80e9a0?s=96&d=mm&r=g\",\"caption\":\"redazione\"},\"sameAs\":[\"http:\\\/\\\/www.bellunopress.it\",\"https:\\\/\\\/x.com\\\/bellunopress\"],\"url\":\"https:\\\/\\\/www.bellunopress.it\\\/fr\\\/author\\\/redazione\\\/\"}]}<\/script>\n<!-- \/ Yoast SEO plugin. -->","yoast_head_json":{"title":"CaIinForm Agordo: gli appuntamenti di novembre - Bellunopress - Dolomiti","robots":{"index":"index","follow":"follow","max-snippet":"max-snippet:-1","max-image-preview":"max-image-preview:large","max-video-preview":"max-video-preview:-1"},"canonical":"https:\/\/www.bellunopress.it\/fr\/2009\/11\/04\/caiinform-agordo-gli-appuntamenti-di-novembre\/","og_locale":"fr_FR","og_type":"article","og_title":"CaIinForm Agordo: gli appuntamenti di novembre - Bellunopress - Dolomiti","og_description":"Alaska. Etiopia. Dolomiti. La Grande Guerra. Sabbia e ghiaccio\u2026Cinque indimenticabili serate, grande aspettativa, interesse e\u2026una sala sempre gremita, hanno davvero concesso grandi soddisfazioni agli organizzatori ed agli autori che si sono succeduti sul palcoscenico di Agordo. Insomma: la Sezione Agordina del CAI \u00e8 lieta di mettere in archivio \u201cSere d\u2019Autunno 2009\u201d tra gli scaffali riservati [&hellip;]","og_url":"https:\/\/www.bellunopress.it\/fr\/2009\/11\/04\/caiinform-agordo-gli-appuntamenti-di-novembre\/","og_site_name":"Bellunopress - Dolomiti","article_publisher":"https:\/\/www.facebook.com\/profile.php?id=100008943462799","article_published_time":"2009-11-04T01:15:47+00:00","og_image":[{"url":"http:\/\/www.bellunopress.it\/wp-content\/uploads\/2012\/07\/logo-bellunopress-250x250-2012.jpg","type":"","width":"","height":""}],"author":"redazione","twitter_card":"summary_large_image","twitter_creator":"@bellunopress","twitter_site":"@bellunopress","twitter_misc":{"\u00c9crit par":"redazione","Dur\u00e9e de lecture estim\u00e9e":"2 minutes"},"schema":{"@context":"https:\/\/schema.org","@graph":[{"@type":"Article","@id":"https:\/\/www.bellunopress.it\/2009\/11\/04\/caiinform-agordo-gli-appuntamenti-di-novembre\/#article","isPartOf":{"@id":"https:\/\/www.bellunopress.it\/2009\/11\/04\/caiinform-agordo-gli-appuntamenti-di-novembre\/"},"author":{"name":"redazione","@id":"https:\/\/www.bellunopress.it\/#\/schema\/person\/79bb06722b37ece1c03d3e94beb30d73"},"headline":"CaIinForm Agordo: gli appuntamenti di novembre","datePublished":"2009-11-04T01:15:47+00:00","mainEntityOfPage":{"@id":"https:\/\/www.bellunopress.it\/2009\/11\/04\/caiinform-agordo-gli-appuntamenti-di-novembre\/"},"wordCount":446,"publisher":{"@id":"https:\/\/www.bellunopress.it\/#organization"},"keywords":["Dolomiti"],"articleSection":["Arte, Cultura, Spettacoli, Scienza","Meteo, natura, ambiente, animali","Pausa Caff\u00e8"],"inLanguage":"fr-FR"},{"@type":"WebPage","@id":"https:\/\/www.bellunopress.it\/2009\/11\/04\/caiinform-agordo-gli-appuntamenti-di-novembre\/","url":"https:\/\/www.bellunopress.it\/2009\/11\/04\/caiinform-agordo-gli-appuntamenti-di-novembre\/","name":"CaIinForm Agordo: gli appuntamenti di novembre - Bellunopress - Dolomiti","isPartOf":{"@id":"https:\/\/www.bellunopress.it\/#website"},"datePublished":"2009-11-04T01:15:47+00:00","breadcrumb":{"@id":"https:\/\/www.bellunopress.it\/2009\/11\/04\/caiinform-agordo-gli-appuntamenti-di-novembre\/#breadcrumb"},"inLanguage":"fr-FR","potentialAction":[{"@type":"ReadAction","target":["https:\/\/www.bellunopress.it\/2009\/11\/04\/caiinform-agordo-gli-appuntamenti-di-novembre\/"]}]},{"@type":"BreadcrumbList","@id":"https:\/\/www.bellunopress.it\/2009\/11\/04\/caiinform-agordo-gli-appuntamenti-di-novembre\/#breadcrumb","itemListElement":[{"@type":"ListItem","position":1,"name":"Home","item":"https:\/\/www.bellunopress.it\/"},{"@type":"ListItem","position":2,"name":"CaIinForm Agordo: gli appuntamenti di novembre"}]},{"@type":"WebSite","@id":"https:\/\/www.bellunopress.it\/#website","url":"https:\/\/www.bellunopress.it\/","name":"Bellunopress - Dolomiti","description":"e-mail: redazione@bellunopress.it","publisher":{"@id":"https:\/\/www.bellunopress.it\/#organization"},"potentialAction":[{"@type":"SearchAction","target":{"@type":"EntryPoint","urlTemplate":"https:\/\/www.bellunopress.it\/?s={search_term_string}"},"query-input":{"@type":"PropertyValueSpecification","valueRequired":true,"valueName":"search_term_string"}}],"inLanguage":"fr-FR"},{"@type":"Organization","@id":"https:\/\/www.bellunopress.it\/#organization","name":"Bellunopress","url":"https:\/\/www.bellunopress.it\/","logo":{"@type":"ImageObject","inLanguage":"fr-FR","@id":"https:\/\/www.bellunopress.it\/#\/schema\/logo\/image\/","url":"https:\/\/www.bellunopress.it\/wp-content\/uploads\/2011\/05\/cropped-logo-bellunopress-.jpg","contentUrl":"https:\/\/www.bellunopress.it\/wp-content\/uploads\/2011\/05\/cropped-logo-bellunopress-.jpg","width":512,"height":512,"caption":"Bellunopress"},"image":{"@id":"https:\/\/www.bellunopress.it\/#\/schema\/logo\/image\/"},"sameAs":["https:\/\/www.facebook.com\/profile.php?id=100008943462799","https:\/\/x.com\/bellunopress","https:\/\/www.linkedin.com\/hp\/?dnr=JBzUWaJfMUw8vbXJJ2tVW5-I3jZKvC4wsoxE&amp;amp;amp;amp;amp;amp;trk=nav_responsive_tab_home","https:\/\/www.youtube.com\/channel\/UCxL0wu1uN0_3_7hGG0306cw"]},{"@type":"Person","@id":"https:\/\/www.bellunopress.it\/#\/schema\/person\/79bb06722b37ece1c03d3e94beb30d73","name":"r\u00e9daction","image":{"@type":"ImageObject","inLanguage":"fr-FR","@id":"https:\/\/secure.gravatar.com\/avatar\/37d968a2e67a6fd04c169c4bdef102d0bc5d31b2546345219e348575eb80e9a0?s=96&d=mm&r=g","url":"https:\/\/secure.gravatar.com\/avatar\/37d968a2e67a6fd04c169c4bdef102d0bc5d31b2546345219e348575eb80e9a0?s=96&d=mm&r=g","contentUrl":"https:\/\/secure.gravatar.com\/avatar\/37d968a2e67a6fd04c169c4bdef102d0bc5d31b2546345219e348575eb80e9a0?s=96&d=mm&r=g","caption":"redazione"},"sameAs":["http:\/\/www.bellunopress.it","https:\/\/x.com\/bellunopress"],"url":"https:\/\/www.bellunopress.it\/fr\/author\/redazione\/"}]}},"_links":{"self":[{"href":"https:\/\/www.bellunopress.it\/fr\/wp-json\/wp\/v2\/posts\/9421","targetHints":{"allow":["GET"]}}],"collection":[{"href":"https:\/\/www.bellunopress.it\/fr\/wp-json\/wp\/v2\/posts"}],"about":[{"href":"https:\/\/www.bellunopress.it\/fr\/wp-json\/wp\/v2\/types\/post"}],"author":[{"embeddable":true,"href":"https:\/\/www.bellunopress.it\/fr\/wp-json\/wp\/v2\/users\/2"}],"replies":[{"embeddable":true,"href":"https:\/\/www.bellunopress.it\/fr\/wp-json\/wp\/v2\/comments?post=9421"}],"version-history":[{"count":1,"href":"https:\/\/www.bellunopress.it\/fr\/wp-json\/wp\/v2\/posts\/9421\/revisions"}],"predecessor-version":[{"id":9422,"href":"https:\/\/www.bellunopress.it\/fr\/wp-json\/wp\/v2\/posts\/9421\/revisions\/9422"}],"wp:attachment":[{"href":"https:\/\/www.bellunopress.it\/fr\/wp-json\/wp\/v2\/media?parent=9421"}],"wp:term":[{"taxonomy":"category","embeddable":true,"href":"https:\/\/www.bellunopress.it\/fr\/wp-json\/wp\/v2\/categories?post=9421"},{"taxonomy":"post_tag","embeddable":true,"href":"https:\/\/www.bellunopress.it\/fr\/wp-json\/wp\/v2\/tags?post=9421"}],"curies":[{"name":"wp","href":"https:\/\/api.w.org\/{rel}","templated":true}]}}