{"id":93872,"date":"2018-03-26T13:10:02","date_gmt":"2018-03-26T11:10:02","guid":{"rendered":"http:\/\/www.bellunopress.it\/?p=93872"},"modified":"2018-03-26T13:10:02","modified_gmt":"2018-03-26T11:10:02","slug":"morti-sul-lavoro-interrogazione-del-consigliere-zanoni-pd-numeri-in-aumento-ma-con-laccorpamento-delle-ulss-gli-spisal-hanno-meno-personale-a-disposizione-per-prevenzione-e-controlli","status":"publish","type":"post","link":"https:\/\/www.bellunopress.it\/fr\/2018\/03\/26\/morti-sul-lavoro-interrogazione-del-consigliere-zanoni-pd-numeri-in-aumento-ma-con-laccorpamento-delle-ulss-gli-spisal-hanno-meno-personale-a-disposizione-per-prevenzione-e-controlli\/","title":{"rendered":"Morti sul lavoro. Interrogazione del consigliere Zanoni (PD): &#8220;Numeri in aumento, ma con l&#8217;accorpamento delle Ulss gli Spisal hanno meno personale a disposizione per prevenzione e controlli&#8221;"},"content":{"rendered":"<figure id=\"attachment_72596\" aria-describedby=\"caption-attachment-72596\" style=\"width: 156px\" class=\"wp-caption alignleft\"><a href=\"http:\/\/www.bellunopress.it\/fr\/2015\/10\/21\/erbicida-glifosato-zanoni-pd-dalla-giunta-veneta-una-risposta-poco-soddisfacente\/zanoni\/\" rel=\"attachment wp-att-72596\"><img loading=\"lazy\" decoding=\"async\" class=\"size-full wp-image-72596\" src=\"http:\/\/www.bellunopress.it\/wp-content\/uploads\/2015\/10\/Zanoni.jpg\" alt=\"\" width=\"156\" height=\"180\" \/><\/a><figcaption id=\"caption-attachment-72596\" class=\"wp-caption-text\">Andrea Zanoni &#8211; consigliere regionale Pd<\/figcaption><\/figure>\n<p>Venezia, 26 marzo 2018 \u00a0&#8211; \u00a0&#8220;Combattere l&#8217;aumento di morti sul lavoro riducendo medici e tecnici a disposizione degli Spisal \u00e8 una strada indubbiamente originale, ma non \u00e8 certo quella giusta. Ecco un altro effetto, drammaticamente negativo, dell&#8217;accorpamento delle Ulss inserito nella riforma sanitaria voluta da Zaia e dalla sua maggioranza&#8221;. L&#8217;amaro commento \u00e8 di Andrea Zanoni, consigliere regionale del Partito Democratico che ha presentato un&#8217;interrogazione a risposta immediata sottoscritta anche dai colleghi Bruno Pigozzo, Orietta Salemi, Francesca Zottis e da Cristina Guarda della Lista AMP chiedendo chiarimenti sugli organici di Medicina del lavoro e sui loro numeri, pre e post riforma della sanit\u00e0.<\/p>\n<p>&#8220;Quella delle morti bianche \u00e8 una piaga che non riusciamo a combattere in maniera adeguata. Secondo i dati Inail, nel 2017 in Veneto ci sono state due vittime sul lavoro ogni cinque giorni e 64mila infortuni complessivi, ma il trend \u00e8 purtroppo in crescita. Nella Marca trevigiana, per esempio, dopo gli undici morti dello scorso anno, siamo gi\u00e0 a otto in meno di tre mesi. Una cifra insopportabilmente alta. Le istituzioni, nell&#8217;ambito delle proprie competenze, devono agire in maniera adeguata, ma il tema della sicurezza sui luoghi di lavoro che non sembra rappresentare ancora una priorit\u00e0 dell&#8217;azione regionale&#8221;, dice ancora Zanoni. &#8220;Eppure in Consiglio sono state approvate due mozioni in merito, chiedendo anche un rafforzamento degli organici in dotazione agli Spisal, mentre un&#8217;altra interrogazione del Partito Democratico \u00e8 ancora senza risposta&#8221;.<\/p>\n<p>Il consigliere dem trevigiano rilancia l&#8217;allarme dello Spisal trevigiano in tema di prevenzione: &#8220;Con l&#8217;unificazione delle tre Ulss i medici del lavoro sono passati da otto a quattro e anche i tecnici incaricati dei controlli sono troppo pochi. A dirlo \u00e8 la stessa Azienda sociosanitaria, come riportato dalla stampa. Se vogliamo fare controlli pi\u00f9 accurati ed efficienti, come previsto tra l&#8217;altro dai nuovi Lea, servono risorse adeguate. \u00c8, ancora una volta, una questione di priorit\u00e0&#8221;.<\/p>","protected":false},"excerpt":{"rendered":"<p>Venezia, 26 marzo 2018 \u00a0&#8211; \u00a0&#8220;Combattere l&#8217;aumento di morti sul lavoro riducendo medici e tecnici a disposizione degli Spisal \u00e8 una strada indubbiamente originale, ma non \u00e8 certo quella giusta. Ecco un altro effetto, drammaticamente negativo, dell&#8217;accorpamento delle Ulss inserito nella riforma sanitaria voluta da Zaia e dalla sua maggioranza&#8221;. L&#8217;amaro commento \u00e8 di Andrea [&hellip;]<\/p>\n","protected":false},"author":2,"featured_media":0,"comment_status":"closed","ping_status":"open","sticky":false,"template":"","format":"standard","meta":{"footnotes":""},"categories":[5,36,26],"tags":[],"class_list":["post-93872","post","type-post","status-publish","format-standard","category-cronaca","category-lavoro-economia","category-prima-pagina"],"yoast_head":"<!-- This site is optimized with the Yoast SEO plugin v28.4 - https:\/\/yoast.com\/product\/yoast-seo-wordpress\/ -->\n<title>Morti sul lavoro. Interrogazione del consigliere Zanoni (PD): &quot;Numeri in aumento, ma con l&#039;accorpamento delle Ulss gli Spisal hanno meno personale a disposizione per prevenzione e controlli&quot; - Bellunopress - Dolomiti<\/title>\n<meta name=\"robots\" content=\"index, follow, max-snippet:-1, max-image-preview:large, max-video-preview:-1\" \/>\n<link rel=\"canonical\" href=\"https:\/\/www.bellunopress.it\/fr\/2018\/03\/26\/morti-sul-lavoro-interrogazione-del-consigliere-zanoni-pd-numeri-in-aumento-ma-con-laccorpamento-delle-ulss-gli-spisal-hanno-meno-personale-a-disposizione-per-prevenzione-e-controlli\/\" \/>\n<meta property=\"og:locale\" content=\"fr_FR\" \/>\n<meta property=\"og:type\" content=\"article\" \/>\n<meta property=\"og:title\" content=\"Morti sul lavoro. Interrogazione del consigliere Zanoni (PD): &quot;Numeri in aumento, ma con l&#039;accorpamento delle Ulss gli Spisal hanno meno personale a disposizione per prevenzione e controlli&quot; - Bellunopress - Dolomiti\" \/>\n<meta property=\"og:description\" content=\"Venezia, 26 marzo 2018 \u00a0&#8211; \u00a0&#8220;Combattere l&#8217;aumento di morti sul lavoro riducendo medici e tecnici a disposizione degli Spisal \u00e8 una strada indubbiamente originale, ma non \u00e8 certo quella giusta. Ecco un altro effetto, drammaticamente negativo, dell&#8217;accorpamento delle Ulss inserito nella riforma sanitaria voluta da Zaia e dalla sua maggioranza&#8221;. L&#8217;amaro commento \u00e8 di Andrea [&hellip;]\" \/>\n<meta property=\"og:url\" content=\"https:\/\/www.bellunopress.it\/fr\/2018\/03\/26\/morti-sul-lavoro-interrogazione-del-consigliere-zanoni-pd-numeri-in-aumento-ma-con-laccorpamento-delle-ulss-gli-spisal-hanno-meno-personale-a-disposizione-per-prevenzione-e-controlli\/\" \/>\n<meta property=\"og:site_name\" content=\"Bellunopress - Dolomiti\" \/>\n<meta property=\"article:publisher\" content=\"https:\/\/www.facebook.com\/profile.php?id=100008943462799\" \/>\n<meta property=\"article:published_time\" content=\"2018-03-26T11:10:02+00:00\" \/>\n<meta property=\"og:image\" content=\"http:\/\/www.bellunopress.it\/wp-content\/uploads\/2015\/10\/Zanoni.jpg\" \/>\n<meta name=\"author\" content=\"redazione\" \/>\n<meta name=\"twitter:card\" content=\"summary_large_image\" \/>\n<meta name=\"twitter:creator\" content=\"@bellunopress\" \/>\n<meta name=\"twitter:site\" content=\"@bellunopress\" \/>\n<meta name=\"twitter:label1\" content=\"\u00c9crit par\" \/>\n\t<meta name=\"twitter:data1\" content=\"redazione\" \/>\n\t<meta name=\"twitter:label2\" content=\"Dur\u00e9e de lecture estim\u00e9e\" \/>\n\t<meta name=\"twitter:data2\" content=\"2 minutes\" \/>\n<script type=\"application\/ld+json\" class=\"yoast-schema-graph\">{\"@context\":\"https:\\\/\\\/schema.org\",\"@graph\":[{\"@type\":\"Article\",\"@id\":\"https:\\\/\\\/www.bellunopress.it\\\/2018\\\/03\\\/26\\\/morti-sul-lavoro-interrogazione-del-consigliere-zanoni-pd-numeri-in-aumento-ma-con-laccorpamento-delle-ulss-gli-spisal-hanno-meno-personale-a-disposizione-per-prevenzione-e-controlli\\\/#article\",\"isPartOf\":{\"@id\":\"https:\\\/\\\/www.bellunopress.it\\\/2018\\\/03\\\/26\\\/morti-sul-lavoro-interrogazione-del-consigliere-zanoni-pd-numeri-in-aumento-ma-con-laccorpamento-delle-ulss-gli-spisal-hanno-meno-personale-a-disposizione-per-prevenzione-e-controlli\\\/\"},\"author\":{\"name\":\"redazione\",\"@id\":\"https:\\\/\\\/www.bellunopress.it\\\/#\\\/schema\\\/person\\\/79bb06722b37ece1c03d3e94beb30d73\"},\"headline\":\"Morti sul lavoro. Interrogazione del consigliere Zanoni (PD): &#8220;Numeri in aumento, ma con l&#8217;accorpamento delle Ulss gli Spisal hanno meno personale a disposizione per prevenzione e controlli&#8221;\",\"datePublished\":\"2018-03-26T11:10:02+00:00\",\"mainEntityOfPage\":{\"@id\":\"https:\\\/\\\/www.bellunopress.it\\\/2018\\\/03\\\/26\\\/morti-sul-lavoro-interrogazione-del-consigliere-zanoni-pd-numeri-in-aumento-ma-con-laccorpamento-delle-ulss-gli-spisal-hanno-meno-personale-a-disposizione-per-prevenzione-e-controlli\\\/\"},\"wordCount\":349,\"publisher\":{\"@id\":\"https:\\\/\\\/www.bellunopress.it\\\/#organization\"},\"image\":{\"@id\":\"https:\\\/\\\/www.bellunopress.it\\\/2018\\\/03\\\/26\\\/morti-sul-lavoro-interrogazione-del-consigliere-zanoni-pd-numeri-in-aumento-ma-con-laccorpamento-delle-ulss-gli-spisal-hanno-meno-personale-a-disposizione-per-prevenzione-e-controlli\\\/#primaryimage\"},\"thumbnailUrl\":\"http:\\\/\\\/www.bellunopress.it\\\/wp-content\\\/uploads\\\/2015\\\/10\\\/Zanoni.jpg\",\"articleSection\":[\"Cronaca\\\/Politica\",\"Lavoro, Economia, Turismo\",\"Prima Pagina\"],\"inLanguage\":\"fr-FR\"},{\"@type\":\"WebPage\",\"@id\":\"https:\\\/\\\/www.bellunopress.it\\\/2018\\\/03\\\/26\\\/morti-sul-lavoro-interrogazione-del-consigliere-zanoni-pd-numeri-in-aumento-ma-con-laccorpamento-delle-ulss-gli-spisal-hanno-meno-personale-a-disposizione-per-prevenzione-e-controlli\\\/\",\"url\":\"https:\\\/\\\/www.bellunopress.it\\\/2018\\\/03\\\/26\\\/morti-sul-lavoro-interrogazione-del-consigliere-zanoni-pd-numeri-in-aumento-ma-con-laccorpamento-delle-ulss-gli-spisal-hanno-meno-personale-a-disposizione-per-prevenzione-e-controlli\\\/\",\"name\":\"Morti sul lavoro. Interrogazione del consigliere Zanoni (PD): \\\"Numeri in aumento, ma con l'accorpamento delle Ulss gli Spisal hanno meno personale a disposizione per prevenzione e controlli\\\" - Bellunopress - Dolomiti\",\"isPartOf\":{\"@id\":\"https:\\\/\\\/www.bellunopress.it\\\/#website\"},\"primaryImageOfPage\":{\"@id\":\"https:\\\/\\\/www.bellunopress.it\\\/2018\\\/03\\\/26\\\/morti-sul-lavoro-interrogazione-del-consigliere-zanoni-pd-numeri-in-aumento-ma-con-laccorpamento-delle-ulss-gli-spisal-hanno-meno-personale-a-disposizione-per-prevenzione-e-controlli\\\/#primaryimage\"},\"image\":{\"@id\":\"https:\\\/\\\/www.bellunopress.it\\\/2018\\\/03\\\/26\\\/morti-sul-lavoro-interrogazione-del-consigliere-zanoni-pd-numeri-in-aumento-ma-con-laccorpamento-delle-ulss-gli-spisal-hanno-meno-personale-a-disposizione-per-prevenzione-e-controlli\\\/#primaryimage\"},\"thumbnailUrl\":\"http:\\\/\\\/www.bellunopress.it\\\/wp-content\\\/uploads\\\/2015\\\/10\\\/Zanoni.jpg\",\"datePublished\":\"2018-03-26T11:10:02+00:00\",\"breadcrumb\":{\"@id\":\"https:\\\/\\\/www.bellunopress.it\\\/2018\\\/03\\\/26\\\/morti-sul-lavoro-interrogazione-del-consigliere-zanoni-pd-numeri-in-aumento-ma-con-laccorpamento-delle-ulss-gli-spisal-hanno-meno-personale-a-disposizione-per-prevenzione-e-controlli\\\/#breadcrumb\"},\"inLanguage\":\"fr-FR\",\"potentialAction\":[{\"@type\":\"ReadAction\",\"target\":[\"https:\\\/\\\/www.bellunopress.it\\\/2018\\\/03\\\/26\\\/morti-sul-lavoro-interrogazione-del-consigliere-zanoni-pd-numeri-in-aumento-ma-con-laccorpamento-delle-ulss-gli-spisal-hanno-meno-personale-a-disposizione-per-prevenzione-e-controlli\\\/\"]}]},{\"@type\":\"ImageObject\",\"inLanguage\":\"fr-FR\",\"@id\":\"https:\\\/\\\/www.bellunopress.it\\\/2018\\\/03\\\/26\\\/morti-sul-lavoro-interrogazione-del-consigliere-zanoni-pd-numeri-in-aumento-ma-con-laccorpamento-delle-ulss-gli-spisal-hanno-meno-personale-a-disposizione-per-prevenzione-e-controlli\\\/#primaryimage\",\"url\":\"http:\\\/\\\/www.bellunopress.it\\\/wp-content\\\/uploads\\\/2015\\\/10\\\/Zanoni.jpg\",\"contentUrl\":\"http:\\\/\\\/www.bellunopress.it\\\/wp-content\\\/uploads\\\/2015\\\/10\\\/Zanoni.jpg\"},{\"@type\":\"BreadcrumbList\",\"@id\":\"https:\\\/\\\/www.bellunopress.it\\\/2018\\\/03\\\/26\\\/morti-sul-lavoro-interrogazione-del-consigliere-zanoni-pd-numeri-in-aumento-ma-con-laccorpamento-delle-ulss-gli-spisal-hanno-meno-personale-a-disposizione-per-prevenzione-e-controlli\\\/#breadcrumb\",\"itemListElement\":[{\"@type\":\"ListItem\",\"position\":1,\"name\":\"Home\",\"item\":\"https:\\\/\\\/www.bellunopress.it\\\/\"},{\"@type\":\"ListItem\",\"position\":2,\"name\":\"Morti sul lavoro. Interrogazione del consigliere Zanoni (PD): &#8220;Numeri in aumento, ma con l&#8217;accorpamento delle Ulss gli Spisal hanno meno personale a disposizione per prevenzione e controlli&#8221;\"}]},{\"@type\":\"WebSite\",\"@id\":\"https:\\\/\\\/www.bellunopress.it\\\/#website\",\"url\":\"https:\\\/\\\/www.bellunopress.it\\\/\",\"name\":\"Bellunopress - Dolomiti\",\"description\":\"e-mail: redazione@bellunopress.it\",\"publisher\":{\"@id\":\"https:\\\/\\\/www.bellunopress.it\\\/#organization\"},\"potentialAction\":[{\"@type\":\"SearchAction\",\"target\":{\"@type\":\"EntryPoint\",\"urlTemplate\":\"https:\\\/\\\/www.bellunopress.it\\\/?s={search_term_string}\"},\"query-input\":{\"@type\":\"PropertyValueSpecification\",\"valueRequired\":true,\"valueName\":\"search_term_string\"}}],\"inLanguage\":\"fr-FR\"},{\"@type\":\"Organization\",\"@id\":\"https:\\\/\\\/www.bellunopress.it\\\/#organization\",\"name\":\"Bellunopress\",\"url\":\"https:\\\/\\\/www.bellunopress.it\\\/\",\"logo\":{\"@type\":\"ImageObject\",\"inLanguage\":\"fr-FR\",\"@id\":\"https:\\\/\\\/www.bellunopress.it\\\/#\\\/schema\\\/logo\\\/image\\\/\",\"url\":\"https:\\\/\\\/www.bellunopress.it\\\/wp-content\\\/uploads\\\/2011\\\/05\\\/cropped-logo-bellunopress-.jpg\",\"contentUrl\":\"https:\\\/\\\/www.bellunopress.it\\\/wp-content\\\/uploads\\\/2011\\\/05\\\/cropped-logo-bellunopress-.jpg\",\"width\":512,\"height\":512,\"caption\":\"Bellunopress\"},\"image\":{\"@id\":\"https:\\\/\\\/www.bellunopress.it\\\/#\\\/schema\\\/logo\\\/image\\\/\"},\"sameAs\":[\"https:\\\/\\\/www.facebook.com\\\/profile.php?id=100008943462799\",\"https:\\\/\\\/x.com\\\/bellunopress\",\"https:\\\/\\\/www.linkedin.com\\\/hp\\\/?dnr=JBzUWaJfMUw8vbXJJ2tVW5-I3jZKvC4wsoxE&amp;amp;amp;amp;amp;amp;trk=nav_responsive_tab_home\",\"https:\\\/\\\/www.youtube.com\\\/channel\\\/UCxL0wu1uN0_3_7hGG0306cw\"]},{\"@type\":\"Person\",\"@id\":\"https:\\\/\\\/www.bellunopress.it\\\/#\\\/schema\\\/person\\\/79bb06722b37ece1c03d3e94beb30d73\",\"name\":\"redazione\",\"image\":{\"@type\":\"ImageObject\",\"inLanguage\":\"fr-FR\",\"@id\":\"https:\\\/\\\/secure.gravatar.com\\\/avatar\\\/37d968a2e67a6fd04c169c4bdef102d0bc5d31b2546345219e348575eb80e9a0?s=96&d=mm&r=g\",\"url\":\"https:\\\/\\\/secure.gravatar.com\\\/avatar\\\/37d968a2e67a6fd04c169c4bdef102d0bc5d31b2546345219e348575eb80e9a0?s=96&d=mm&r=g\",\"contentUrl\":\"https:\\\/\\\/secure.gravatar.com\\\/avatar\\\/37d968a2e67a6fd04c169c4bdef102d0bc5d31b2546345219e348575eb80e9a0?s=96&d=mm&r=g\",\"caption\":\"redazione\"},\"sameAs\":[\"http:\\\/\\\/www.bellunopress.it\",\"https:\\\/\\\/x.com\\\/bellunopress\"],\"url\":\"https:\\\/\\\/www.bellunopress.it\\\/fr\\\/author\\\/redazione\\\/\"}]}<\/script>\n<!-- \/ Yoast SEO plugin. -->","yoast_head_json":{"title":"Morti sul lavoro. Interrogazione del consigliere Zanoni (PD): \"Numeri in aumento, ma con l'accorpamento delle Ulss gli Spisal hanno meno personale a disposizione per prevenzione e controlli\" - Bellunopress - Dolomiti","robots":{"index":"index","follow":"follow","max-snippet":"max-snippet:-1","max-image-preview":"max-image-preview:large","max-video-preview":"max-video-preview:-1"},"canonical":"https:\/\/www.bellunopress.it\/fr\/2018\/03\/26\/morti-sul-lavoro-interrogazione-del-consigliere-zanoni-pd-numeri-in-aumento-ma-con-laccorpamento-delle-ulss-gli-spisal-hanno-meno-personale-a-disposizione-per-prevenzione-e-controlli\/","og_locale":"fr_FR","og_type":"article","og_title":"Morti sul lavoro. Interrogazione del consigliere Zanoni (PD): \"Numeri in aumento, ma con l'accorpamento delle Ulss gli Spisal hanno meno personale a disposizione per prevenzione e controlli\" - Bellunopress - Dolomiti","og_description":"Venezia, 26 marzo 2018 \u00a0&#8211; \u00a0&#8220;Combattere l&#8217;aumento di morti sul lavoro riducendo medici e tecnici a disposizione degli Spisal \u00e8 una strada indubbiamente originale, ma non \u00e8 certo quella giusta. Ecco un altro effetto, drammaticamente negativo, dell&#8217;accorpamento delle Ulss inserito nella riforma sanitaria voluta da Zaia e dalla sua maggioranza&#8221;. L&#8217;amaro commento \u00e8 di Andrea [&hellip;]","og_url":"https:\/\/www.bellunopress.it\/fr\/2018\/03\/26\/morti-sul-lavoro-interrogazione-del-consigliere-zanoni-pd-numeri-in-aumento-ma-con-laccorpamento-delle-ulss-gli-spisal-hanno-meno-personale-a-disposizione-per-prevenzione-e-controlli\/","og_site_name":"Bellunopress - Dolomiti","article_publisher":"https:\/\/www.facebook.com\/profile.php?id=100008943462799","article_published_time":"2018-03-26T11:10:02+00:00","og_image":[{"url":"http:\/\/www.bellunopress.it\/wp-content\/uploads\/2015\/10\/Zanoni.jpg","type":"","width":"","height":""}],"author":"redazione","twitter_card":"summary_large_image","twitter_creator":"@bellunopress","twitter_site":"@bellunopress","twitter_misc":{"\u00c9crit par":"redazione","Dur\u00e9e de lecture estim\u00e9e":"2 minutes"},"schema":{"@context":"https:\/\/schema.org","@graph":[{"@type":"Article","@id":"https:\/\/www.bellunopress.it\/2018\/03\/26\/morti-sul-lavoro-interrogazione-del-consigliere-zanoni-pd-numeri-in-aumento-ma-con-laccorpamento-delle-ulss-gli-spisal-hanno-meno-personale-a-disposizione-per-prevenzione-e-controlli\/#article","isPartOf":{"@id":"https:\/\/www.bellunopress.it\/2018\/03\/26\/morti-sul-lavoro-interrogazione-del-consigliere-zanoni-pd-numeri-in-aumento-ma-con-laccorpamento-delle-ulss-gli-spisal-hanno-meno-personale-a-disposizione-per-prevenzione-e-controlli\/"},"author":{"name":"redazione","@id":"https:\/\/www.bellunopress.it\/#\/schema\/person\/79bb06722b37ece1c03d3e94beb30d73"},"headline":"Morti sul lavoro. Interrogazione del consigliere Zanoni (PD): &#8220;Numeri in aumento, ma con l&#8217;accorpamento delle Ulss gli Spisal hanno meno personale a disposizione per prevenzione e controlli&#8221;","datePublished":"2018-03-26T11:10:02+00:00","mainEntityOfPage":{"@id":"https:\/\/www.bellunopress.it\/2018\/03\/26\/morti-sul-lavoro-interrogazione-del-consigliere-zanoni-pd-numeri-in-aumento-ma-con-laccorpamento-delle-ulss-gli-spisal-hanno-meno-personale-a-disposizione-per-prevenzione-e-controlli\/"},"wordCount":349,"publisher":{"@id":"https:\/\/www.bellunopress.it\/#organization"},"image":{"@id":"https:\/\/www.bellunopress.it\/2018\/03\/26\/morti-sul-lavoro-interrogazione-del-consigliere-zanoni-pd-numeri-in-aumento-ma-con-laccorpamento-delle-ulss-gli-spisal-hanno-meno-personale-a-disposizione-per-prevenzione-e-controlli\/#primaryimage"},"thumbnailUrl":"http:\/\/www.bellunopress.it\/wp-content\/uploads\/2015\/10\/Zanoni.jpg","articleSection":["Cronaca\/Politica","Lavoro, Economia, Turismo","Prima Pagina"],"inLanguage":"fr-FR"},{"@type":"WebPage","@id":"https:\/\/www.bellunopress.it\/2018\/03\/26\/morti-sul-lavoro-interrogazione-del-consigliere-zanoni-pd-numeri-in-aumento-ma-con-laccorpamento-delle-ulss-gli-spisal-hanno-meno-personale-a-disposizione-per-prevenzione-e-controlli\/","url":"https:\/\/www.bellunopress.it\/2018\/03\/26\/morti-sul-lavoro-interrogazione-del-consigliere-zanoni-pd-numeri-in-aumento-ma-con-laccorpamento-delle-ulss-gli-spisal-hanno-meno-personale-a-disposizione-per-prevenzione-e-controlli\/","name":"Morti sul lavoro. Interrogazione del consigliere Zanoni (PD): \"Numeri in aumento, ma con l'accorpamento delle Ulss gli Spisal hanno meno personale a disposizione per prevenzione e controlli\" - Bellunopress - Dolomiti","isPartOf":{"@id":"https:\/\/www.bellunopress.it\/#website"},"primaryImageOfPage":{"@id":"https:\/\/www.bellunopress.it\/2018\/03\/26\/morti-sul-lavoro-interrogazione-del-consigliere-zanoni-pd-numeri-in-aumento-ma-con-laccorpamento-delle-ulss-gli-spisal-hanno-meno-personale-a-disposizione-per-prevenzione-e-controlli\/#primaryimage"},"image":{"@id":"https:\/\/www.bellunopress.it\/2018\/03\/26\/morti-sul-lavoro-interrogazione-del-consigliere-zanoni-pd-numeri-in-aumento-ma-con-laccorpamento-delle-ulss-gli-spisal-hanno-meno-personale-a-disposizione-per-prevenzione-e-controlli\/#primaryimage"},"thumbnailUrl":"http:\/\/www.bellunopress.it\/wp-content\/uploads\/2015\/10\/Zanoni.jpg","datePublished":"2018-03-26T11:10:02+00:00","breadcrumb":{"@id":"https:\/\/www.bellunopress.it\/2018\/03\/26\/morti-sul-lavoro-interrogazione-del-consigliere-zanoni-pd-numeri-in-aumento-ma-con-laccorpamento-delle-ulss-gli-spisal-hanno-meno-personale-a-disposizione-per-prevenzione-e-controlli\/#breadcrumb"},"inLanguage":"fr-FR","potentialAction":[{"@type":"ReadAction","target":["https:\/\/www.bellunopress.it\/2018\/03\/26\/morti-sul-lavoro-interrogazione-del-consigliere-zanoni-pd-numeri-in-aumento-ma-con-laccorpamento-delle-ulss-gli-spisal-hanno-meno-personale-a-disposizione-per-prevenzione-e-controlli\/"]}]},{"@type":"ImageObject","inLanguage":"fr-FR","@id":"https:\/\/www.bellunopress.it\/2018\/03\/26\/morti-sul-lavoro-interrogazione-del-consigliere-zanoni-pd-numeri-in-aumento-ma-con-laccorpamento-delle-ulss-gli-spisal-hanno-meno-personale-a-disposizione-per-prevenzione-e-controlli\/#primaryimage","url":"http:\/\/www.bellunopress.it\/wp-content\/uploads\/2015\/10\/Zanoni.jpg","contentUrl":"http:\/\/www.bellunopress.it\/wp-content\/uploads\/2015\/10\/Zanoni.jpg"},{"@type":"BreadcrumbList","@id":"https:\/\/www.bellunopress.it\/2018\/03\/26\/morti-sul-lavoro-interrogazione-del-consigliere-zanoni-pd-numeri-in-aumento-ma-con-laccorpamento-delle-ulss-gli-spisal-hanno-meno-personale-a-disposizione-per-prevenzione-e-controlli\/#breadcrumb","itemListElement":[{"@type":"ListItem","position":1,"name":"Home","item":"https:\/\/www.bellunopress.it\/"},{"@type":"ListItem","position":2,"name":"Morti sul lavoro. Interrogazione del consigliere Zanoni (PD): &#8220;Numeri in aumento, ma con l&#8217;accorpamento delle Ulss gli Spisal hanno meno personale a disposizione per prevenzione e controlli&#8221;"}]},{"@type":"WebSite","@id":"https:\/\/www.bellunopress.it\/#website","url":"https:\/\/www.bellunopress.it\/","name":"Bellunopress - Dolomiti","description":"e-mail: redazione@bellunopress.it","publisher":{"@id":"https:\/\/www.bellunopress.it\/#organization"},"potentialAction":[{"@type":"SearchAction","target":{"@type":"EntryPoint","urlTemplate":"https:\/\/www.bellunopress.it\/?s={search_term_string}"},"query-input":{"@type":"PropertyValueSpecification","valueRequired":true,"valueName":"search_term_string"}}],"inLanguage":"fr-FR"},{"@type":"Organization","@id":"https:\/\/www.bellunopress.it\/#organization","name":"Bellunopress","url":"https:\/\/www.bellunopress.it\/","logo":{"@type":"ImageObject","inLanguage":"fr-FR","@id":"https:\/\/www.bellunopress.it\/#\/schema\/logo\/image\/","url":"https:\/\/www.bellunopress.it\/wp-content\/uploads\/2011\/05\/cropped-logo-bellunopress-.jpg","contentUrl":"https:\/\/www.bellunopress.it\/wp-content\/uploads\/2011\/05\/cropped-logo-bellunopress-.jpg","width":512,"height":512,"caption":"Bellunopress"},"image":{"@id":"https:\/\/www.bellunopress.it\/#\/schema\/logo\/image\/"},"sameAs":["https:\/\/www.facebook.com\/profile.php?id=100008943462799","https:\/\/x.com\/bellunopress","https:\/\/www.linkedin.com\/hp\/?dnr=JBzUWaJfMUw8vbXJJ2tVW5-I3jZKvC4wsoxE&amp;amp;amp;amp;amp;amp;trk=nav_responsive_tab_home","https:\/\/www.youtube.com\/channel\/UCxL0wu1uN0_3_7hGG0306cw"]},{"@type":"Person","@id":"https:\/\/www.bellunopress.it\/#\/schema\/person\/79bb06722b37ece1c03d3e94beb30d73","name":"r\u00e9daction","image":{"@type":"ImageObject","inLanguage":"fr-FR","@id":"https:\/\/secure.gravatar.com\/avatar\/37d968a2e67a6fd04c169c4bdef102d0bc5d31b2546345219e348575eb80e9a0?s=96&d=mm&r=g","url":"https:\/\/secure.gravatar.com\/avatar\/37d968a2e67a6fd04c169c4bdef102d0bc5d31b2546345219e348575eb80e9a0?s=96&d=mm&r=g","contentUrl":"https:\/\/secure.gravatar.com\/avatar\/37d968a2e67a6fd04c169c4bdef102d0bc5d31b2546345219e348575eb80e9a0?s=96&d=mm&r=g","caption":"redazione"},"sameAs":["http:\/\/www.bellunopress.it","https:\/\/x.com\/bellunopress"],"url":"https:\/\/www.bellunopress.it\/fr\/author\/redazione\/"}]}},"_links":{"self":[{"href":"https:\/\/www.bellunopress.it\/fr\/wp-json\/wp\/v2\/posts\/93872","targetHints":{"allow":["GET"]}}],"collection":[{"href":"https:\/\/www.bellunopress.it\/fr\/wp-json\/wp\/v2\/posts"}],"about":[{"href":"https:\/\/www.bellunopress.it\/fr\/wp-json\/wp\/v2\/types\/post"}],"author":[{"embeddable":true,"href":"https:\/\/www.bellunopress.it\/fr\/wp-json\/wp\/v2\/users\/2"}],"replies":[{"embeddable":true,"href":"https:\/\/www.bellunopress.it\/fr\/wp-json\/wp\/v2\/comments?post=93872"}],"version-history":[{"count":1,"href":"https:\/\/www.bellunopress.it\/fr\/wp-json\/wp\/v2\/posts\/93872\/revisions"}],"predecessor-version":[{"id":93873,"href":"https:\/\/www.bellunopress.it\/fr\/wp-json\/wp\/v2\/posts\/93872\/revisions\/93873"}],"wp:attachment":[{"href":"https:\/\/www.bellunopress.it\/fr\/wp-json\/wp\/v2\/media?parent=93872"}],"wp:term":[{"taxonomy":"category","embeddable":true,"href":"https:\/\/www.bellunopress.it\/fr\/wp-json\/wp\/v2\/categories?post=93872"},{"taxonomy":"post_tag","embeddable":true,"href":"https:\/\/www.bellunopress.it\/fr\/wp-json\/wp\/v2\/tags?post=93872"}],"curies":[{"name":"wp","href":"https:\/\/api.w.org\/{rel}","templated":true}]}}