{"id":93861,"date":"2018-03-26T10:24:23","date_gmt":"2018-03-26T08:24:23","guid":{"rendered":"http:\/\/www.bellunopress.it\/?p=93861"},"modified":"2018-03-26T10:24:23","modified_gmt":"2018-03-26T08:24:23","slug":"ridurre-a-3-giorni-la-settimana-la-caccia-di-selezione-lo-chiede-alla-provincia-lassociazione-ecologista-gruppo-dintervento-giuridico-onlus","status":"publish","type":"post","link":"https:\/\/www.bellunopress.it\/fr\/2018\/03\/26\/ridurre-a-3-giorni-la-settimana-la-caccia-di-selezione-lo-chiede-alla-provincia-lassociazione-ecologista-gruppo-dintervento-giuridico-onlus\/","title":{"rendered":"Ridurre a 3 giorni la settimana la caccia di selezione. Lo chiede alla Provincia l&#8217;Associazione ecologista Gruppo d&#8217;Intervento Giuridico onlus"},"content":{"rendered":"<p><a href=\"http:\/\/www.bellunopress.it\/fr\/2010\/08\/12\/idv-verdi-e-radicali-contro-la-caccia-ai-piccoli-parte-la-raccolta-di-firme\/capriolo-2\/\" rel=\"attachment wp-att-18130\"><img loading=\"lazy\" decoding=\"async\" class=\"alignleft size-full wp-image-18130\" src=\"http:\/\/www.bellunopress.it\/wp-content\/uploads\/2010\/08\/capriolo.jpg\" alt=\"\" width=\"250\" height=\"223\" \/><\/a>L&#8217;associazione ecologista Gruppo d&#8217;Intervento Giuridico onlus ha inoltrato lo scorso 19 marzo una specifica richiesta per la riduzione della caccia di selezione in tutta la Provincia di Belluno a non oltre 3 giorni la settimana anzich\u00e9 5 e portare la stagione venatoria a 60 giorni complessivi come avviene per le altre specie cacciabili.<\/p>\n<p>Numerosi i firmatari della richiesta, tra cui le Associazioni Mountain Wilderness Veneto, WWF Terre del Piave Belluno Treviso, Protezione Animale OIPA e Lega per l&#8217;Abolizione della Caccia sez. Veneto, cos\u00ec come numerose sono state le osservazioni che hanno portato a chiedere all&#8217;Ufficio Caccia e Pesca della Provincia di Belluno una limitazione temporale per quanto riguardo il prelievo in selezione.<\/p>\n<p>Con un periodo di caccia cos\u00ec ampio &#8211; precisa Stefano Deliperi per il Gruppo d&#8217;Intervento Giuridico onlus &#8211; \u00a0vi \u00e8 anche di conseguenza un aumento degli incidenti stradali dovuti al fatto che gli animali spaventati dai numerosi colpi di fucile attraversano incautamente le strade. Si pensi che il picco degli investimenti dei caprioli avviene a maggio quando la madre li allontana, ormai adulti, per prepararsi nuovamente a partorire. Si immagini quindi cosa comporti la caccia di selezione rendendo orfani i piccoli di pochi mesi. Viene di conseguenza inevitabilmente interrotto l&#8217;insegnamento che la natura affida da sempre alle madri.<\/p>\n<p>Anche secondo le indicazioni dell&#8217;Istituto Superiore per la Protezione e la Ricerca Ambientale (I.S.P.R.A.) nel documento &#8220;Linee guida per la gestione degli Ungulati&#8221; (2013) si indica preferibile non attuare alcun prelievo durante il periodo degli accoppiamenti per tutte le specie (con poche eccezioni), dovendo garantire la necessaria tranquillit\u00e0 durante una delle fasi pi\u00f9 delicate del ciclo biologico annuale. Nel caso delle femmine, le fasi biologiche che devono essere salvaguardate nella programmazione dei tempi di prelievo sono anche quelle in cui si realizzano i parti, l&#8217;allattamento e la fase di dipendenza dei nuovi nati. L&#8217;abbattimento delle femmine adulte in quest&#8217;ultimo periodo infatti priverebbe i giovani del supporto materno (considerando sia la fase di allattamento sia in quella di &#8220;apprendimento&#8221;) rischiando di introdurre una fonte di mortalit\u00e0 additiva per quest&#8217;ultima classe.<\/p>\n<p>Ci si aspetta quindi dalla Provincia di Belluno &#8211; conclude Deliperi &#8211; \u00a0un ridimensionamento dei tempi previsti per la caccia di selezione, garantendo cos\u00ec anche maggior libert\u00e0 di movimento sia ai cittadini sia ai tanti turisti che visitano quotidianamente la Provincia di Belluno e che hanno diritto ad apprezzare la natura in sicurezza e tranquillit\u00e0.<\/p>\n<p>&nbsp;<\/p>","protected":false},"excerpt":{"rendered":"<p>L&#8217;associazione ecologista Gruppo d&#8217;Intervento Giuridico onlus ha inoltrato lo scorso 19 marzo una specifica richiesta per la riduzione della caccia di selezione in tutta la Provincia di Belluno a non oltre 3 giorni la settimana anzich\u00e9 5 e portare la stagione venatoria a 60 giorni complessivi come avviene per le altre specie cacciabili. Numerosi i [&hellip;]<\/p>\n","protected":false},"author":2,"featured_media":0,"comment_status":"closed","ping_status":"open","sticky":false,"template":"","format":"standard","meta":{"footnotes":""},"categories":[1],"tags":[],"class_list":["post-93861","post","type-post","status-publish","format-standard","category-leo"],"yoast_head":"<!-- This site is optimized with the Yoast SEO plugin v28.4 - https:\/\/yoast.com\/product\/yoast-seo-wordpress\/ -->\n<title>Ridurre a 3 giorni la settimana la caccia di selezione. Lo chiede alla Provincia l&#039;Associazione ecologista Gruppo d&#039;Intervento Giuridico onlus - Bellunopress - Dolomiti<\/title>\n<meta name=\"robots\" content=\"index, follow, max-snippet:-1, max-image-preview:large, max-video-preview:-1\" \/>\n<link rel=\"canonical\" href=\"https:\/\/www.bellunopress.it\/fr\/2018\/03\/26\/ridurre-a-3-giorni-la-settimana-la-caccia-di-selezione-lo-chiede-alla-provincia-lassociazione-ecologista-gruppo-dintervento-giuridico-onlus\/\" \/>\n<meta property=\"og:locale\" content=\"fr_FR\" \/>\n<meta property=\"og:type\" content=\"article\" \/>\n<meta property=\"og:title\" content=\"Ridurre a 3 giorni la settimana la caccia di selezione. Lo chiede alla Provincia l&#039;Associazione ecologista Gruppo d&#039;Intervento Giuridico onlus - Bellunopress - Dolomiti\" \/>\n<meta property=\"og:description\" content=\"L&#8217;associazione ecologista Gruppo d&#8217;Intervento Giuridico onlus ha inoltrato lo scorso 19 marzo una specifica richiesta per la riduzione della caccia di selezione in tutta la Provincia di Belluno a non oltre 3 giorni la settimana anzich\u00e9 5 e portare la stagione venatoria a 60 giorni complessivi come avviene per le altre specie cacciabili. Numerosi i [&hellip;]\" \/>\n<meta property=\"og:url\" content=\"https:\/\/www.bellunopress.it\/fr\/2018\/03\/26\/ridurre-a-3-giorni-la-settimana-la-caccia-di-selezione-lo-chiede-alla-provincia-lassociazione-ecologista-gruppo-dintervento-giuridico-onlus\/\" \/>\n<meta property=\"og:site_name\" content=\"Bellunopress - Dolomiti\" \/>\n<meta property=\"article:publisher\" content=\"https:\/\/www.facebook.com\/profile.php?id=100008943462799\" \/>\n<meta property=\"article:published_time\" content=\"2018-03-26T08:24:23+00:00\" \/>\n<meta property=\"og:image\" content=\"http:\/\/www.bellunopress.it\/wp-content\/uploads\/2010\/08\/capriolo.jpg\" \/>\n<meta name=\"author\" content=\"redazione\" \/>\n<meta name=\"twitter:card\" content=\"summary_large_image\" \/>\n<meta name=\"twitter:creator\" content=\"@bellunopress\" \/>\n<meta name=\"twitter:site\" content=\"@bellunopress\" \/>\n<meta name=\"twitter:label1\" content=\"\u00c9crit par\" \/>\n\t<meta name=\"twitter:data1\" content=\"redazione\" \/>\n\t<meta name=\"twitter:label2\" content=\"Dur\u00e9e de lecture estim\u00e9e\" \/>\n\t<meta name=\"twitter:data2\" content=\"2 minutes\" \/>\n<script type=\"application\/ld+json\" class=\"yoast-schema-graph\">{\"@context\":\"https:\\\/\\\/schema.org\",\"@graph\":[{\"@type\":\"Article\",\"@id\":\"https:\\\/\\\/www.bellunopress.it\\\/2018\\\/03\\\/26\\\/ridurre-a-3-giorni-la-settimana-la-caccia-di-selezione-lo-chiede-alla-provincia-lassociazione-ecologista-gruppo-dintervento-giuridico-onlus\\\/#article\",\"isPartOf\":{\"@id\":\"https:\\\/\\\/www.bellunopress.it\\\/2018\\\/03\\\/26\\\/ridurre-a-3-giorni-la-settimana-la-caccia-di-selezione-lo-chiede-alla-provincia-lassociazione-ecologista-gruppo-dintervento-giuridico-onlus\\\/\"},\"author\":{\"name\":\"redazione\",\"@id\":\"https:\\\/\\\/www.bellunopress.it\\\/#\\\/schema\\\/person\\\/79bb06722b37ece1c03d3e94beb30d73\"},\"headline\":\"Ridurre a 3 giorni la settimana la caccia di selezione. Lo chiede alla Provincia l&#8217;Associazione ecologista Gruppo d&#8217;Intervento Giuridico onlus\",\"datePublished\":\"2018-03-26T08:24:23+00:00\",\"mainEntityOfPage\":{\"@id\":\"https:\\\/\\\/www.bellunopress.it\\\/2018\\\/03\\\/26\\\/ridurre-a-3-giorni-la-settimana-la-caccia-di-selezione-lo-chiede-alla-provincia-lassociazione-ecologista-gruppo-dintervento-giuridico-onlus\\\/\"},\"wordCount\":425,\"publisher\":{\"@id\":\"https:\\\/\\\/www.bellunopress.it\\\/#organization\"},\"image\":{\"@id\":\"https:\\\/\\\/www.bellunopress.it\\\/2018\\\/03\\\/26\\\/ridurre-a-3-giorni-la-settimana-la-caccia-di-selezione-lo-chiede-alla-provincia-lassociazione-ecologista-gruppo-dintervento-giuridico-onlus\\\/#primaryimage\"},\"thumbnailUrl\":\"http:\\\/\\\/www.bellunopress.it\\\/wp-content\\\/uploads\\\/2010\\\/08\\\/capriolo.jpg\",\"articleSection\":[\"Lettere Opinioni\"],\"inLanguage\":\"fr-FR\"},{\"@type\":\"WebPage\",\"@id\":\"https:\\\/\\\/www.bellunopress.it\\\/2018\\\/03\\\/26\\\/ridurre-a-3-giorni-la-settimana-la-caccia-di-selezione-lo-chiede-alla-provincia-lassociazione-ecologista-gruppo-dintervento-giuridico-onlus\\\/\",\"url\":\"https:\\\/\\\/www.bellunopress.it\\\/2018\\\/03\\\/26\\\/ridurre-a-3-giorni-la-settimana-la-caccia-di-selezione-lo-chiede-alla-provincia-lassociazione-ecologista-gruppo-dintervento-giuridico-onlus\\\/\",\"name\":\"Ridurre a 3 giorni la settimana la caccia di selezione. Lo chiede alla Provincia l'Associazione ecologista Gruppo d'Intervento Giuridico onlus - Bellunopress - Dolomiti\",\"isPartOf\":{\"@id\":\"https:\\\/\\\/www.bellunopress.it\\\/#website\"},\"primaryImageOfPage\":{\"@id\":\"https:\\\/\\\/www.bellunopress.it\\\/2018\\\/03\\\/26\\\/ridurre-a-3-giorni-la-settimana-la-caccia-di-selezione-lo-chiede-alla-provincia-lassociazione-ecologista-gruppo-dintervento-giuridico-onlus\\\/#primaryimage\"},\"image\":{\"@id\":\"https:\\\/\\\/www.bellunopress.it\\\/2018\\\/03\\\/26\\\/ridurre-a-3-giorni-la-settimana-la-caccia-di-selezione-lo-chiede-alla-provincia-lassociazione-ecologista-gruppo-dintervento-giuridico-onlus\\\/#primaryimage\"},\"thumbnailUrl\":\"http:\\\/\\\/www.bellunopress.it\\\/wp-content\\\/uploads\\\/2010\\\/08\\\/capriolo.jpg\",\"datePublished\":\"2018-03-26T08:24:23+00:00\",\"breadcrumb\":{\"@id\":\"https:\\\/\\\/www.bellunopress.it\\\/2018\\\/03\\\/26\\\/ridurre-a-3-giorni-la-settimana-la-caccia-di-selezione-lo-chiede-alla-provincia-lassociazione-ecologista-gruppo-dintervento-giuridico-onlus\\\/#breadcrumb\"},\"inLanguage\":\"fr-FR\",\"potentialAction\":[{\"@type\":\"ReadAction\",\"target\":[\"https:\\\/\\\/www.bellunopress.it\\\/2018\\\/03\\\/26\\\/ridurre-a-3-giorni-la-settimana-la-caccia-di-selezione-lo-chiede-alla-provincia-lassociazione-ecologista-gruppo-dintervento-giuridico-onlus\\\/\"]}]},{\"@type\":\"ImageObject\",\"inLanguage\":\"fr-FR\",\"@id\":\"https:\\\/\\\/www.bellunopress.it\\\/2018\\\/03\\\/26\\\/ridurre-a-3-giorni-la-settimana-la-caccia-di-selezione-lo-chiede-alla-provincia-lassociazione-ecologista-gruppo-dintervento-giuridico-onlus\\\/#primaryimage\",\"url\":\"http:\\\/\\\/www.bellunopress.it\\\/wp-content\\\/uploads\\\/2010\\\/08\\\/capriolo.jpg\",\"contentUrl\":\"http:\\\/\\\/www.bellunopress.it\\\/wp-content\\\/uploads\\\/2010\\\/08\\\/capriolo.jpg\"},{\"@type\":\"BreadcrumbList\",\"@id\":\"https:\\\/\\\/www.bellunopress.it\\\/2018\\\/03\\\/26\\\/ridurre-a-3-giorni-la-settimana-la-caccia-di-selezione-lo-chiede-alla-provincia-lassociazione-ecologista-gruppo-dintervento-giuridico-onlus\\\/#breadcrumb\",\"itemListElement\":[{\"@type\":\"ListItem\",\"position\":1,\"name\":\"Home\",\"item\":\"https:\\\/\\\/www.bellunopress.it\\\/\"},{\"@type\":\"ListItem\",\"position\":2,\"name\":\"Ridurre a 3 giorni la settimana la caccia di selezione. Lo chiede alla Provincia l&#8217;Associazione ecologista Gruppo d&#8217;Intervento Giuridico onlus\"}]},{\"@type\":\"WebSite\",\"@id\":\"https:\\\/\\\/www.bellunopress.it\\\/#website\",\"url\":\"https:\\\/\\\/www.bellunopress.it\\\/\",\"name\":\"Bellunopress - Dolomiti\",\"description\":\"e-mail: redazione@bellunopress.it\",\"publisher\":{\"@id\":\"https:\\\/\\\/www.bellunopress.it\\\/#organization\"},\"potentialAction\":[{\"@type\":\"SearchAction\",\"target\":{\"@type\":\"EntryPoint\",\"urlTemplate\":\"https:\\\/\\\/www.bellunopress.it\\\/?s={search_term_string}\"},\"query-input\":{\"@type\":\"PropertyValueSpecification\",\"valueRequired\":true,\"valueName\":\"search_term_string\"}}],\"inLanguage\":\"fr-FR\"},{\"@type\":\"Organization\",\"@id\":\"https:\\\/\\\/www.bellunopress.it\\\/#organization\",\"name\":\"Bellunopress\",\"url\":\"https:\\\/\\\/www.bellunopress.it\\\/\",\"logo\":{\"@type\":\"ImageObject\",\"inLanguage\":\"fr-FR\",\"@id\":\"https:\\\/\\\/www.bellunopress.it\\\/#\\\/schema\\\/logo\\\/image\\\/\",\"url\":\"https:\\\/\\\/www.bellunopress.it\\\/wp-content\\\/uploads\\\/2011\\\/05\\\/cropped-logo-bellunopress-.jpg\",\"contentUrl\":\"https:\\\/\\\/www.bellunopress.it\\\/wp-content\\\/uploads\\\/2011\\\/05\\\/cropped-logo-bellunopress-.jpg\",\"width\":512,\"height\":512,\"caption\":\"Bellunopress\"},\"image\":{\"@id\":\"https:\\\/\\\/www.bellunopress.it\\\/#\\\/schema\\\/logo\\\/image\\\/\"},\"sameAs\":[\"https:\\\/\\\/www.facebook.com\\\/profile.php?id=100008943462799\",\"https:\\\/\\\/x.com\\\/bellunopress\",\"https:\\\/\\\/www.linkedin.com\\\/hp\\\/?dnr=JBzUWaJfMUw8vbXJJ2tVW5-I3jZKvC4wsoxE&amp;amp;amp;amp;amp;amp;trk=nav_responsive_tab_home\",\"https:\\\/\\\/www.youtube.com\\\/channel\\\/UCxL0wu1uN0_3_7hGG0306cw\"]},{\"@type\":\"Person\",\"@id\":\"https:\\\/\\\/www.bellunopress.it\\\/#\\\/schema\\\/person\\\/79bb06722b37ece1c03d3e94beb30d73\",\"name\":\"redazione\",\"image\":{\"@type\":\"ImageObject\",\"inLanguage\":\"fr-FR\",\"@id\":\"https:\\\/\\\/secure.gravatar.com\\\/avatar\\\/37d968a2e67a6fd04c169c4bdef102d0bc5d31b2546345219e348575eb80e9a0?s=96&d=mm&r=g\",\"url\":\"https:\\\/\\\/secure.gravatar.com\\\/avatar\\\/37d968a2e67a6fd04c169c4bdef102d0bc5d31b2546345219e348575eb80e9a0?s=96&d=mm&r=g\",\"contentUrl\":\"https:\\\/\\\/secure.gravatar.com\\\/avatar\\\/37d968a2e67a6fd04c169c4bdef102d0bc5d31b2546345219e348575eb80e9a0?s=96&d=mm&r=g\",\"caption\":\"redazione\"},\"sameAs\":[\"http:\\\/\\\/www.bellunopress.it\",\"https:\\\/\\\/x.com\\\/bellunopress\"],\"url\":\"https:\\\/\\\/www.bellunopress.it\\\/fr\\\/author\\\/redazione\\\/\"}]}<\/script>\n<!-- \/ Yoast SEO plugin. -->","yoast_head_json":{"title":"Ridurre a 3 giorni la settimana la caccia di selezione. Lo chiede alla Provincia l'Associazione ecologista Gruppo d'Intervento Giuridico onlus - Bellunopress - Dolomiti","robots":{"index":"index","follow":"follow","max-snippet":"max-snippet:-1","max-image-preview":"max-image-preview:large","max-video-preview":"max-video-preview:-1"},"canonical":"https:\/\/www.bellunopress.it\/fr\/2018\/03\/26\/ridurre-a-3-giorni-la-settimana-la-caccia-di-selezione-lo-chiede-alla-provincia-lassociazione-ecologista-gruppo-dintervento-giuridico-onlus\/","og_locale":"fr_FR","og_type":"article","og_title":"Ridurre a 3 giorni la settimana la caccia di selezione. Lo chiede alla Provincia l'Associazione ecologista Gruppo d'Intervento Giuridico onlus - Bellunopress - Dolomiti","og_description":"L&#8217;associazione ecologista Gruppo d&#8217;Intervento Giuridico onlus ha inoltrato lo scorso 19 marzo una specifica richiesta per la riduzione della caccia di selezione in tutta la Provincia di Belluno a non oltre 3 giorni la settimana anzich\u00e9 5 e portare la stagione venatoria a 60 giorni complessivi come avviene per le altre specie cacciabili. Numerosi i [&hellip;]","og_url":"https:\/\/www.bellunopress.it\/fr\/2018\/03\/26\/ridurre-a-3-giorni-la-settimana-la-caccia-di-selezione-lo-chiede-alla-provincia-lassociazione-ecologista-gruppo-dintervento-giuridico-onlus\/","og_site_name":"Bellunopress - Dolomiti","article_publisher":"https:\/\/www.facebook.com\/profile.php?id=100008943462799","article_published_time":"2018-03-26T08:24:23+00:00","og_image":[{"url":"http:\/\/www.bellunopress.it\/wp-content\/uploads\/2010\/08\/capriolo.jpg","type":"","width":"","height":""}],"author":"redazione","twitter_card":"summary_large_image","twitter_creator":"@bellunopress","twitter_site":"@bellunopress","twitter_misc":{"\u00c9crit par":"redazione","Dur\u00e9e de lecture estim\u00e9e":"2 minutes"},"schema":{"@context":"https:\/\/schema.org","@graph":[{"@type":"Article","@id":"https:\/\/www.bellunopress.it\/2018\/03\/26\/ridurre-a-3-giorni-la-settimana-la-caccia-di-selezione-lo-chiede-alla-provincia-lassociazione-ecologista-gruppo-dintervento-giuridico-onlus\/#article","isPartOf":{"@id":"https:\/\/www.bellunopress.it\/2018\/03\/26\/ridurre-a-3-giorni-la-settimana-la-caccia-di-selezione-lo-chiede-alla-provincia-lassociazione-ecologista-gruppo-dintervento-giuridico-onlus\/"},"author":{"name":"redazione","@id":"https:\/\/www.bellunopress.it\/#\/schema\/person\/79bb06722b37ece1c03d3e94beb30d73"},"headline":"Ridurre a 3 giorni la settimana la caccia di selezione. Lo chiede alla Provincia l&#8217;Associazione ecologista Gruppo d&#8217;Intervento Giuridico onlus","datePublished":"2018-03-26T08:24:23+00:00","mainEntityOfPage":{"@id":"https:\/\/www.bellunopress.it\/2018\/03\/26\/ridurre-a-3-giorni-la-settimana-la-caccia-di-selezione-lo-chiede-alla-provincia-lassociazione-ecologista-gruppo-dintervento-giuridico-onlus\/"},"wordCount":425,"publisher":{"@id":"https:\/\/www.bellunopress.it\/#organization"},"image":{"@id":"https:\/\/www.bellunopress.it\/2018\/03\/26\/ridurre-a-3-giorni-la-settimana-la-caccia-di-selezione-lo-chiede-alla-provincia-lassociazione-ecologista-gruppo-dintervento-giuridico-onlus\/#primaryimage"},"thumbnailUrl":"http:\/\/www.bellunopress.it\/wp-content\/uploads\/2010\/08\/capriolo.jpg","articleSection":["Lettere Opinioni"],"inLanguage":"fr-FR"},{"@type":"WebPage","@id":"https:\/\/www.bellunopress.it\/2018\/03\/26\/ridurre-a-3-giorni-la-settimana-la-caccia-di-selezione-lo-chiede-alla-provincia-lassociazione-ecologista-gruppo-dintervento-giuridico-onlus\/","url":"https:\/\/www.bellunopress.it\/2018\/03\/26\/ridurre-a-3-giorni-la-settimana-la-caccia-di-selezione-lo-chiede-alla-provincia-lassociazione-ecologista-gruppo-dintervento-giuridico-onlus\/","name":"Ridurre a 3 giorni la settimana la caccia di selezione. Lo chiede alla Provincia l'Associazione ecologista Gruppo d'Intervento Giuridico onlus - Bellunopress - Dolomiti","isPartOf":{"@id":"https:\/\/www.bellunopress.it\/#website"},"primaryImageOfPage":{"@id":"https:\/\/www.bellunopress.it\/2018\/03\/26\/ridurre-a-3-giorni-la-settimana-la-caccia-di-selezione-lo-chiede-alla-provincia-lassociazione-ecologista-gruppo-dintervento-giuridico-onlus\/#primaryimage"},"image":{"@id":"https:\/\/www.bellunopress.it\/2018\/03\/26\/ridurre-a-3-giorni-la-settimana-la-caccia-di-selezione-lo-chiede-alla-provincia-lassociazione-ecologista-gruppo-dintervento-giuridico-onlus\/#primaryimage"},"thumbnailUrl":"http:\/\/www.bellunopress.it\/wp-content\/uploads\/2010\/08\/capriolo.jpg","datePublished":"2018-03-26T08:24:23+00:00","breadcrumb":{"@id":"https:\/\/www.bellunopress.it\/2018\/03\/26\/ridurre-a-3-giorni-la-settimana-la-caccia-di-selezione-lo-chiede-alla-provincia-lassociazione-ecologista-gruppo-dintervento-giuridico-onlus\/#breadcrumb"},"inLanguage":"fr-FR","potentialAction":[{"@type":"ReadAction","target":["https:\/\/www.bellunopress.it\/2018\/03\/26\/ridurre-a-3-giorni-la-settimana-la-caccia-di-selezione-lo-chiede-alla-provincia-lassociazione-ecologista-gruppo-dintervento-giuridico-onlus\/"]}]},{"@type":"ImageObject","inLanguage":"fr-FR","@id":"https:\/\/www.bellunopress.it\/2018\/03\/26\/ridurre-a-3-giorni-la-settimana-la-caccia-di-selezione-lo-chiede-alla-provincia-lassociazione-ecologista-gruppo-dintervento-giuridico-onlus\/#primaryimage","url":"http:\/\/www.bellunopress.it\/wp-content\/uploads\/2010\/08\/capriolo.jpg","contentUrl":"http:\/\/www.bellunopress.it\/wp-content\/uploads\/2010\/08\/capriolo.jpg"},{"@type":"BreadcrumbList","@id":"https:\/\/www.bellunopress.it\/2018\/03\/26\/ridurre-a-3-giorni-la-settimana-la-caccia-di-selezione-lo-chiede-alla-provincia-lassociazione-ecologista-gruppo-dintervento-giuridico-onlus\/#breadcrumb","itemListElement":[{"@type":"ListItem","position":1,"name":"Home","item":"https:\/\/www.bellunopress.it\/"},{"@type":"ListItem","position":2,"name":"Ridurre a 3 giorni la settimana la caccia di selezione. Lo chiede alla Provincia l&#8217;Associazione ecologista Gruppo d&#8217;Intervento Giuridico onlus"}]},{"@type":"WebSite","@id":"https:\/\/www.bellunopress.it\/#website","url":"https:\/\/www.bellunopress.it\/","name":"Bellunopress - Dolomiti","description":"e-mail: redazione@bellunopress.it","publisher":{"@id":"https:\/\/www.bellunopress.it\/#organization"},"potentialAction":[{"@type":"SearchAction","target":{"@type":"EntryPoint","urlTemplate":"https:\/\/www.bellunopress.it\/?s={search_term_string}"},"query-input":{"@type":"PropertyValueSpecification","valueRequired":true,"valueName":"search_term_string"}}],"inLanguage":"fr-FR"},{"@type":"Organization","@id":"https:\/\/www.bellunopress.it\/#organization","name":"Bellunopress","url":"https:\/\/www.bellunopress.it\/","logo":{"@type":"ImageObject","inLanguage":"fr-FR","@id":"https:\/\/www.bellunopress.it\/#\/schema\/logo\/image\/","url":"https:\/\/www.bellunopress.it\/wp-content\/uploads\/2011\/05\/cropped-logo-bellunopress-.jpg","contentUrl":"https:\/\/www.bellunopress.it\/wp-content\/uploads\/2011\/05\/cropped-logo-bellunopress-.jpg","width":512,"height":512,"caption":"Bellunopress"},"image":{"@id":"https:\/\/www.bellunopress.it\/#\/schema\/logo\/image\/"},"sameAs":["https:\/\/www.facebook.com\/profile.php?id=100008943462799","https:\/\/x.com\/bellunopress","https:\/\/www.linkedin.com\/hp\/?dnr=JBzUWaJfMUw8vbXJJ2tVW5-I3jZKvC4wsoxE&amp;amp;amp;amp;amp;amp;trk=nav_responsive_tab_home","https:\/\/www.youtube.com\/channel\/UCxL0wu1uN0_3_7hGG0306cw"]},{"@type":"Person","@id":"https:\/\/www.bellunopress.it\/#\/schema\/person\/79bb06722b37ece1c03d3e94beb30d73","name":"r\u00e9daction","image":{"@type":"ImageObject","inLanguage":"fr-FR","@id":"https:\/\/secure.gravatar.com\/avatar\/37d968a2e67a6fd04c169c4bdef102d0bc5d31b2546345219e348575eb80e9a0?s=96&d=mm&r=g","url":"https:\/\/secure.gravatar.com\/avatar\/37d968a2e67a6fd04c169c4bdef102d0bc5d31b2546345219e348575eb80e9a0?s=96&d=mm&r=g","contentUrl":"https:\/\/secure.gravatar.com\/avatar\/37d968a2e67a6fd04c169c4bdef102d0bc5d31b2546345219e348575eb80e9a0?s=96&d=mm&r=g","caption":"redazione"},"sameAs":["http:\/\/www.bellunopress.it","https:\/\/x.com\/bellunopress"],"url":"https:\/\/www.bellunopress.it\/fr\/author\/redazione\/"}]}},"_links":{"self":[{"href":"https:\/\/www.bellunopress.it\/fr\/wp-json\/wp\/v2\/posts\/93861","targetHints":{"allow":["GET"]}}],"collection":[{"href":"https:\/\/www.bellunopress.it\/fr\/wp-json\/wp\/v2\/posts"}],"about":[{"href":"https:\/\/www.bellunopress.it\/fr\/wp-json\/wp\/v2\/types\/post"}],"author":[{"embeddable":true,"href":"https:\/\/www.bellunopress.it\/fr\/wp-json\/wp\/v2\/users\/2"}],"replies":[{"embeddable":true,"href":"https:\/\/www.bellunopress.it\/fr\/wp-json\/wp\/v2\/comments?post=93861"}],"version-history":[{"count":1,"href":"https:\/\/www.bellunopress.it\/fr\/wp-json\/wp\/v2\/posts\/93861\/revisions"}],"predecessor-version":[{"id":93862,"href":"https:\/\/www.bellunopress.it\/fr\/wp-json\/wp\/v2\/posts\/93861\/revisions\/93862"}],"wp:attachment":[{"href":"https:\/\/www.bellunopress.it\/fr\/wp-json\/wp\/v2\/media?parent=93861"}],"wp:term":[{"taxonomy":"category","embeddable":true,"href":"https:\/\/www.bellunopress.it\/fr\/wp-json\/wp\/v2\/categories?post=93861"},{"taxonomy":"post_tag","embeddable":true,"href":"https:\/\/www.bellunopress.it\/fr\/wp-json\/wp\/v2\/tags?post=93861"}],"curies":[{"name":"wp","href":"https:\/\/api.w.org\/{rel}","templated":true}]}}