{"id":93854,"date":"2018-03-24T22:13:10","date_gmt":"2018-03-24T21:13:10","guid":{"rendered":"http:\/\/www.bellunopress.it\/?p=93854"},"modified":"2018-03-24T22:13:11","modified_gmt":"2018-03-24T21:13:11","slug":"il-cane-miro-e-stato-sequestrato-perche-abbaia-troppo-arriva-la-petizione-sul-web-ci-e-stato-tolto-come-se-fosse-un-oggetto","status":"publish","type":"post","link":"https:\/\/www.bellunopress.it\/fr\/2018\/03\/24\/il-cane-miro-e-stato-sequestrato-perche-abbaia-troppo-arriva-la-petizione-sul-web-ci-e-stato-tolto-come-se-fosse-un-oggetto\/","title":{"rendered":"Il cane Miro \u00e8 stato sequestrato perch\u00e9 abbaia troppo. Arriva la petizione sul web: &#8221;Ci \u00e8 stato tolto come se fosse un oggetto&#8221;"},"content":{"rendered":"<p><a href=\"http:\/\/www.bellunopress.it\/fr\/2018\/03\/24\/il-cane-miro-e-stato-sequestrato-perche-abbaia-troppo-arriva-la-petizione-sul-web-ci-e-stato-tolto-come-se-fosse-un-oggetto\/pastore-marremmano-ildolomiti-it\/\" rel=\"attachment wp-att-93855\"><img loading=\"lazy\" decoding=\"async\" class=\"alignleft size-full wp-image-93855\" src=\"http:\/\/www.bellunopress.it\/wp-content\/uploads\/2018\/03\/pastore-marremmano-ildolomiti.it_.jpg\" alt=\"\" width=\"300\" height=\"188\" \/><\/a>TRENTO. \u201cMiro ci \u00e8 stato portato via, ci \u00e8 stato tolto come se fosse un oggetto e non una creatura vivente con sentimenti ed emozioni\u201d, queste le parole dei padroni di Miro, il pastore maremmano &#8211; abruzzese che due giorni fa \u00e8 stato sequestrato da parte dei carabinieri mandati dal giudice, in esecuzione di un provvedimento giudiziario, per prelevare il cane e portarlo al canile. Il motivo? Le lamentele e le querele, di alcuni vicini di casa perch\u00e9 il cane \u201cabbaia troppo\u201d.<\/p>\n<p>La petizione lanciata su <a href=\"https:\/\/www.change.org\/p\/tribunale-del-riesame-di-trento-freemiro?source_location=search_index&amp;algorithm=promoted&amp;original_footer_petition_id=&amp;grid_position=1&amp;pt=AVBldGl0aW9uANVxxwAAAAAAWra%2B7wNIuP05MzdhZjQzZg%3D%3D\">change.org\u00a0<\/a><\/p>\n<p>continua a leggere su <a href=\"http:\/\/www.ildolomiti.it\/cronaca\/2018\/il-cane-miro-e-stato-sequestrato-perche-abbaia-troppo-arriva-la-petizione-sul-web-ci-e\">ildolomiti.it<\/a><\/p>","protected":false},"excerpt":{"rendered":"<p>TRENTO. \u201cMiro ci \u00e8 stato portato via, ci \u00e8 stato tolto come se fosse un oggetto e non una creatura vivente con sentimenti ed emozioni\u201d, queste le parole dei padroni di Miro, il pastore maremmano &#8211; abruzzese che due giorni fa \u00e8 stato sequestrato da parte dei carabinieri mandati dal giudice, in esecuzione di un [&hellip;]<\/p>\n","protected":false},"author":2,"featured_media":0,"comment_status":"closed","ping_status":"open","sticky":false,"template":"","format":"standard","meta":{"footnotes":""},"categories":[38,26],"tags":[],"class_list":["post-93854","post","type-post","status-publish","format-standard","category-natura-ambiente","category-prima-pagina"],"yoast_head":"<!-- This site is optimized with the Yoast SEO plugin v28.4 - https:\/\/yoast.com\/product\/yoast-seo-wordpress\/ -->\n<title>Il cane Miro \u00e8 stato sequestrato perch\u00e9 abbaia troppo. Arriva la petizione sul web: &#039;&#039;Ci \u00e8 stato tolto come se fosse un oggetto&#039;&#039; - Bellunopress - Dolomiti<\/title>\n<meta name=\"robots\" content=\"index, follow, max-snippet:-1, max-image-preview:large, max-video-preview:-1\" \/>\n<link rel=\"canonical\" href=\"https:\/\/www.bellunopress.it\/fr\/2018\/03\/24\/il-cane-miro-e-stato-sequestrato-perche-abbaia-troppo-arriva-la-petizione-sul-web-ci-e-stato-tolto-come-se-fosse-un-oggetto\/\" \/>\n<meta property=\"og:locale\" content=\"fr_FR\" \/>\n<meta property=\"og:type\" content=\"article\" \/>\n<meta property=\"og:title\" content=\"Il cane Miro \u00e8 stato sequestrato perch\u00e9 abbaia troppo. Arriva la petizione sul web: &#039;&#039;Ci \u00e8 stato tolto come se fosse un oggetto&#039;&#039; - Bellunopress - Dolomiti\" \/>\n<meta property=\"og:description\" content=\"TRENTO. \u201cMiro ci \u00e8 stato portato via, ci \u00e8 stato tolto come se fosse un oggetto e non una creatura vivente con sentimenti ed emozioni\u201d, queste le parole dei padroni di Miro, il pastore maremmano &#8211; abruzzese che due giorni fa \u00e8 stato sequestrato da parte dei carabinieri mandati dal giudice, in esecuzione di un [&hellip;]\" \/>\n<meta property=\"og:url\" content=\"https:\/\/www.bellunopress.it\/fr\/2018\/03\/24\/il-cane-miro-e-stato-sequestrato-perche-abbaia-troppo-arriva-la-petizione-sul-web-ci-e-stato-tolto-come-se-fosse-un-oggetto\/\" \/>\n<meta property=\"og:site_name\" content=\"Bellunopress - Dolomiti\" \/>\n<meta property=\"article:publisher\" content=\"https:\/\/www.facebook.com\/profile.php?id=100008943462799\" \/>\n<meta property=\"article:published_time\" content=\"2018-03-24T21:13:10+00:00\" \/>\n<meta property=\"article:modified_time\" content=\"2018-03-24T21:13:11+00:00\" \/>\n<meta property=\"og:image\" content=\"http:\/\/www.bellunopress.it\/wp-content\/uploads\/2018\/03\/pastore-marremmano-ildolomiti.it_.jpg\" \/>\n<meta name=\"author\" content=\"redazione\" \/>\n<meta name=\"twitter:card\" content=\"summary_large_image\" \/>\n<meta name=\"twitter:creator\" content=\"@bellunopress\" \/>\n<meta name=\"twitter:site\" content=\"@bellunopress\" \/>\n<meta name=\"twitter:label1\" content=\"\u00c9crit par\" \/>\n\t<meta name=\"twitter:data1\" content=\"redazione\" \/>\n<script type=\"application\/ld+json\" class=\"yoast-schema-graph\">{\"@context\":\"https:\\\/\\\/schema.org\",\"@graph\":[{\"@type\":\"Article\",\"@id\":\"https:\\\/\\\/www.bellunopress.it\\\/2018\\\/03\\\/24\\\/il-cane-miro-e-stato-sequestrato-perche-abbaia-troppo-arriva-la-petizione-sul-web-ci-e-stato-tolto-come-se-fosse-un-oggetto\\\/#article\",\"isPartOf\":{\"@id\":\"https:\\\/\\\/www.bellunopress.it\\\/2018\\\/03\\\/24\\\/il-cane-miro-e-stato-sequestrato-perche-abbaia-troppo-arriva-la-petizione-sul-web-ci-e-stato-tolto-come-se-fosse-un-oggetto\\\/\"},\"author\":{\"name\":\"redazione\",\"@id\":\"https:\\\/\\\/www.bellunopress.it\\\/#\\\/schema\\\/person\\\/79bb06722b37ece1c03d3e94beb30d73\"},\"headline\":\"Il cane Miro \u00e8 stato sequestrato perch\u00e9 abbaia troppo. Arriva la petizione sul web: &#8221;Ci \u00e8 stato tolto come se fosse un oggetto&#8221;\",\"datePublished\":\"2018-03-24T21:13:10+00:00\",\"dateModified\":\"2018-03-24T21:13:11+00:00\",\"mainEntityOfPage\":{\"@id\":\"https:\\\/\\\/www.bellunopress.it\\\/2018\\\/03\\\/24\\\/il-cane-miro-e-stato-sequestrato-perche-abbaia-troppo-arriva-la-petizione-sul-web-ci-e-stato-tolto-come-se-fosse-un-oggetto\\\/\"},\"wordCount\":112,\"publisher\":{\"@id\":\"https:\\\/\\\/www.bellunopress.it\\\/#organization\"},\"image\":{\"@id\":\"https:\\\/\\\/www.bellunopress.it\\\/2018\\\/03\\\/24\\\/il-cane-miro-e-stato-sequestrato-perche-abbaia-troppo-arriva-la-petizione-sul-web-ci-e-stato-tolto-come-se-fosse-un-oggetto\\\/#primaryimage\"},\"thumbnailUrl\":\"http:\\\/\\\/www.bellunopress.it\\\/wp-content\\\/uploads\\\/2018\\\/03\\\/pastore-marremmano-ildolomiti.it_.jpg\",\"articleSection\":[\"Meteo, natura, ambiente, animali\",\"Prima Pagina\"],\"inLanguage\":\"fr-FR\"},{\"@type\":\"WebPage\",\"@id\":\"https:\\\/\\\/www.bellunopress.it\\\/2018\\\/03\\\/24\\\/il-cane-miro-e-stato-sequestrato-perche-abbaia-troppo-arriva-la-petizione-sul-web-ci-e-stato-tolto-come-se-fosse-un-oggetto\\\/\",\"url\":\"https:\\\/\\\/www.bellunopress.it\\\/2018\\\/03\\\/24\\\/il-cane-miro-e-stato-sequestrato-perche-abbaia-troppo-arriva-la-petizione-sul-web-ci-e-stato-tolto-come-se-fosse-un-oggetto\\\/\",\"name\":\"Il cane Miro \u00e8 stato sequestrato perch\u00e9 abbaia troppo. Arriva la petizione sul web: ''Ci \u00e8 stato tolto come se fosse un oggetto'' - Bellunopress - Dolomiti\",\"isPartOf\":{\"@id\":\"https:\\\/\\\/www.bellunopress.it\\\/#website\"},\"primaryImageOfPage\":{\"@id\":\"https:\\\/\\\/www.bellunopress.it\\\/2018\\\/03\\\/24\\\/il-cane-miro-e-stato-sequestrato-perche-abbaia-troppo-arriva-la-petizione-sul-web-ci-e-stato-tolto-come-se-fosse-un-oggetto\\\/#primaryimage\"},\"image\":{\"@id\":\"https:\\\/\\\/www.bellunopress.it\\\/2018\\\/03\\\/24\\\/il-cane-miro-e-stato-sequestrato-perche-abbaia-troppo-arriva-la-petizione-sul-web-ci-e-stato-tolto-come-se-fosse-un-oggetto\\\/#primaryimage\"},\"thumbnailUrl\":\"http:\\\/\\\/www.bellunopress.it\\\/wp-content\\\/uploads\\\/2018\\\/03\\\/pastore-marremmano-ildolomiti.it_.jpg\",\"datePublished\":\"2018-03-24T21:13:10+00:00\",\"dateModified\":\"2018-03-24T21:13:11+00:00\",\"breadcrumb\":{\"@id\":\"https:\\\/\\\/www.bellunopress.it\\\/2018\\\/03\\\/24\\\/il-cane-miro-e-stato-sequestrato-perche-abbaia-troppo-arriva-la-petizione-sul-web-ci-e-stato-tolto-come-se-fosse-un-oggetto\\\/#breadcrumb\"},\"inLanguage\":\"fr-FR\",\"potentialAction\":[{\"@type\":\"ReadAction\",\"target\":[\"https:\\\/\\\/www.bellunopress.it\\\/2018\\\/03\\\/24\\\/il-cane-miro-e-stato-sequestrato-perche-abbaia-troppo-arriva-la-petizione-sul-web-ci-e-stato-tolto-come-se-fosse-un-oggetto\\\/\"]}]},{\"@type\":\"ImageObject\",\"inLanguage\":\"fr-FR\",\"@id\":\"https:\\\/\\\/www.bellunopress.it\\\/2018\\\/03\\\/24\\\/il-cane-miro-e-stato-sequestrato-perche-abbaia-troppo-arriva-la-petizione-sul-web-ci-e-stato-tolto-come-se-fosse-un-oggetto\\\/#primaryimage\",\"url\":\"http:\\\/\\\/www.bellunopress.it\\\/wp-content\\\/uploads\\\/2018\\\/03\\\/pastore-marremmano-ildolomiti.it_.jpg\",\"contentUrl\":\"http:\\\/\\\/www.bellunopress.it\\\/wp-content\\\/uploads\\\/2018\\\/03\\\/pastore-marremmano-ildolomiti.it_.jpg\"},{\"@type\":\"BreadcrumbList\",\"@id\":\"https:\\\/\\\/www.bellunopress.it\\\/2018\\\/03\\\/24\\\/il-cane-miro-e-stato-sequestrato-perche-abbaia-troppo-arriva-la-petizione-sul-web-ci-e-stato-tolto-come-se-fosse-un-oggetto\\\/#breadcrumb\",\"itemListElement\":[{\"@type\":\"ListItem\",\"position\":1,\"name\":\"Home\",\"item\":\"https:\\\/\\\/www.bellunopress.it\\\/\"},{\"@type\":\"ListItem\",\"position\":2,\"name\":\"Il cane Miro \u00e8 stato sequestrato perch\u00e9 abbaia troppo. Arriva la petizione sul web: &#8221;Ci \u00e8 stato tolto come se fosse un oggetto&#8221;\"}]},{\"@type\":\"WebSite\",\"@id\":\"https:\\\/\\\/www.bellunopress.it\\\/#website\",\"url\":\"https:\\\/\\\/www.bellunopress.it\\\/\",\"name\":\"Bellunopress - Dolomiti\",\"description\":\"e-mail: redazione@bellunopress.it\",\"publisher\":{\"@id\":\"https:\\\/\\\/www.bellunopress.it\\\/#organization\"},\"potentialAction\":[{\"@type\":\"SearchAction\",\"target\":{\"@type\":\"EntryPoint\",\"urlTemplate\":\"https:\\\/\\\/www.bellunopress.it\\\/?s={search_term_string}\"},\"query-input\":{\"@type\":\"PropertyValueSpecification\",\"valueRequired\":true,\"valueName\":\"search_term_string\"}}],\"inLanguage\":\"fr-FR\"},{\"@type\":\"Organization\",\"@id\":\"https:\\\/\\\/www.bellunopress.it\\\/#organization\",\"name\":\"Bellunopress\",\"url\":\"https:\\\/\\\/www.bellunopress.it\\\/\",\"logo\":{\"@type\":\"ImageObject\",\"inLanguage\":\"fr-FR\",\"@id\":\"https:\\\/\\\/www.bellunopress.it\\\/#\\\/schema\\\/logo\\\/image\\\/\",\"url\":\"https:\\\/\\\/www.bellunopress.it\\\/wp-content\\\/uploads\\\/2011\\\/05\\\/cropped-logo-bellunopress-.jpg\",\"contentUrl\":\"https:\\\/\\\/www.bellunopress.it\\\/wp-content\\\/uploads\\\/2011\\\/05\\\/cropped-logo-bellunopress-.jpg\",\"width\":512,\"height\":512,\"caption\":\"Bellunopress\"},\"image\":{\"@id\":\"https:\\\/\\\/www.bellunopress.it\\\/#\\\/schema\\\/logo\\\/image\\\/\"},\"sameAs\":[\"https:\\\/\\\/www.facebook.com\\\/profile.php?id=100008943462799\",\"https:\\\/\\\/x.com\\\/bellunopress\",\"https:\\\/\\\/www.linkedin.com\\\/hp\\\/?dnr=JBzUWaJfMUw8vbXJJ2tVW5-I3jZKvC4wsoxE&amp;amp;amp;amp;amp;amp;trk=nav_responsive_tab_home\",\"https:\\\/\\\/www.youtube.com\\\/channel\\\/UCxL0wu1uN0_3_7hGG0306cw\"]},{\"@type\":\"Person\",\"@id\":\"https:\\\/\\\/www.bellunopress.it\\\/#\\\/schema\\\/person\\\/79bb06722b37ece1c03d3e94beb30d73\",\"name\":\"redazione\",\"image\":{\"@type\":\"ImageObject\",\"inLanguage\":\"fr-FR\",\"@id\":\"https:\\\/\\\/secure.gravatar.com\\\/avatar\\\/37d968a2e67a6fd04c169c4bdef102d0bc5d31b2546345219e348575eb80e9a0?s=96&d=mm&r=g\",\"url\":\"https:\\\/\\\/secure.gravatar.com\\\/avatar\\\/37d968a2e67a6fd04c169c4bdef102d0bc5d31b2546345219e348575eb80e9a0?s=96&d=mm&r=g\",\"contentUrl\":\"https:\\\/\\\/secure.gravatar.com\\\/avatar\\\/37d968a2e67a6fd04c169c4bdef102d0bc5d31b2546345219e348575eb80e9a0?s=96&d=mm&r=g\",\"caption\":\"redazione\"},\"sameAs\":[\"http:\\\/\\\/www.bellunopress.it\",\"https:\\\/\\\/x.com\\\/bellunopress\"],\"url\":\"https:\\\/\\\/www.bellunopress.it\\\/fr\\\/author\\\/redazione\\\/\"}]}<\/script>\n<!-- \/ Yoast SEO plugin. -->","yoast_head_json":{"title":"Il cane Miro \u00e8 stato sequestrato perch\u00e9 abbaia troppo. Arriva la petizione sul web: ''Ci \u00e8 stato tolto come se fosse un oggetto'' - Bellunopress - Dolomiti","robots":{"index":"index","follow":"follow","max-snippet":"max-snippet:-1","max-image-preview":"max-image-preview:large","max-video-preview":"max-video-preview:-1"},"canonical":"https:\/\/www.bellunopress.it\/fr\/2018\/03\/24\/il-cane-miro-e-stato-sequestrato-perche-abbaia-troppo-arriva-la-petizione-sul-web-ci-e-stato-tolto-come-se-fosse-un-oggetto\/","og_locale":"fr_FR","og_type":"article","og_title":"Il cane Miro \u00e8 stato sequestrato perch\u00e9 abbaia troppo. Arriva la petizione sul web: ''Ci \u00e8 stato tolto come se fosse un oggetto'' - Bellunopress - Dolomiti","og_description":"TRENTO. \u201cMiro ci \u00e8 stato portato via, ci \u00e8 stato tolto come se fosse un oggetto e non una creatura vivente con sentimenti ed emozioni\u201d, queste le parole dei padroni di Miro, il pastore maremmano &#8211; abruzzese che due giorni fa \u00e8 stato sequestrato da parte dei carabinieri mandati dal giudice, in esecuzione di un [&hellip;]","og_url":"https:\/\/www.bellunopress.it\/fr\/2018\/03\/24\/il-cane-miro-e-stato-sequestrato-perche-abbaia-troppo-arriva-la-petizione-sul-web-ci-e-stato-tolto-come-se-fosse-un-oggetto\/","og_site_name":"Bellunopress - Dolomiti","article_publisher":"https:\/\/www.facebook.com\/profile.php?id=100008943462799","article_published_time":"2018-03-24T21:13:10+00:00","article_modified_time":"2018-03-24T21:13:11+00:00","og_image":[{"url":"http:\/\/www.bellunopress.it\/wp-content\/uploads\/2018\/03\/pastore-marremmano-ildolomiti.it_.jpg","type":"","width":"","height":""}],"author":"redazione","twitter_card":"summary_large_image","twitter_creator":"@bellunopress","twitter_site":"@bellunopress","twitter_misc":{"\u00c9crit par":"redazione"},"schema":{"@context":"https:\/\/schema.org","@graph":[{"@type":"Article","@id":"https:\/\/www.bellunopress.it\/2018\/03\/24\/il-cane-miro-e-stato-sequestrato-perche-abbaia-troppo-arriva-la-petizione-sul-web-ci-e-stato-tolto-come-se-fosse-un-oggetto\/#article","isPartOf":{"@id":"https:\/\/www.bellunopress.it\/2018\/03\/24\/il-cane-miro-e-stato-sequestrato-perche-abbaia-troppo-arriva-la-petizione-sul-web-ci-e-stato-tolto-come-se-fosse-un-oggetto\/"},"author":{"name":"redazione","@id":"https:\/\/www.bellunopress.it\/#\/schema\/person\/79bb06722b37ece1c03d3e94beb30d73"},"headline":"Il cane Miro \u00e8 stato sequestrato perch\u00e9 abbaia troppo. Arriva la petizione sul web: &#8221;Ci \u00e8 stato tolto come se fosse un oggetto&#8221;","datePublished":"2018-03-24T21:13:10+00:00","dateModified":"2018-03-24T21:13:11+00:00","mainEntityOfPage":{"@id":"https:\/\/www.bellunopress.it\/2018\/03\/24\/il-cane-miro-e-stato-sequestrato-perche-abbaia-troppo-arriva-la-petizione-sul-web-ci-e-stato-tolto-come-se-fosse-un-oggetto\/"},"wordCount":112,"publisher":{"@id":"https:\/\/www.bellunopress.it\/#organization"},"image":{"@id":"https:\/\/www.bellunopress.it\/2018\/03\/24\/il-cane-miro-e-stato-sequestrato-perche-abbaia-troppo-arriva-la-petizione-sul-web-ci-e-stato-tolto-come-se-fosse-un-oggetto\/#primaryimage"},"thumbnailUrl":"http:\/\/www.bellunopress.it\/wp-content\/uploads\/2018\/03\/pastore-marremmano-ildolomiti.it_.jpg","articleSection":["Meteo, natura, ambiente, animali","Prima Pagina"],"inLanguage":"fr-FR"},{"@type":"WebPage","@id":"https:\/\/www.bellunopress.it\/2018\/03\/24\/il-cane-miro-e-stato-sequestrato-perche-abbaia-troppo-arriva-la-petizione-sul-web-ci-e-stato-tolto-come-se-fosse-un-oggetto\/","url":"https:\/\/www.bellunopress.it\/2018\/03\/24\/il-cane-miro-e-stato-sequestrato-perche-abbaia-troppo-arriva-la-petizione-sul-web-ci-e-stato-tolto-come-se-fosse-un-oggetto\/","name":"Il cane Miro \u00e8 stato sequestrato perch\u00e9 abbaia troppo. Arriva la petizione sul web: ''Ci \u00e8 stato tolto come se fosse un oggetto'' - Bellunopress - Dolomiti","isPartOf":{"@id":"https:\/\/www.bellunopress.it\/#website"},"primaryImageOfPage":{"@id":"https:\/\/www.bellunopress.it\/2018\/03\/24\/il-cane-miro-e-stato-sequestrato-perche-abbaia-troppo-arriva-la-petizione-sul-web-ci-e-stato-tolto-come-se-fosse-un-oggetto\/#primaryimage"},"image":{"@id":"https:\/\/www.bellunopress.it\/2018\/03\/24\/il-cane-miro-e-stato-sequestrato-perche-abbaia-troppo-arriva-la-petizione-sul-web-ci-e-stato-tolto-come-se-fosse-un-oggetto\/#primaryimage"},"thumbnailUrl":"http:\/\/www.bellunopress.it\/wp-content\/uploads\/2018\/03\/pastore-marremmano-ildolomiti.it_.jpg","datePublished":"2018-03-24T21:13:10+00:00","dateModified":"2018-03-24T21:13:11+00:00","breadcrumb":{"@id":"https:\/\/www.bellunopress.it\/2018\/03\/24\/il-cane-miro-e-stato-sequestrato-perche-abbaia-troppo-arriva-la-petizione-sul-web-ci-e-stato-tolto-come-se-fosse-un-oggetto\/#breadcrumb"},"inLanguage":"fr-FR","potentialAction":[{"@type":"ReadAction","target":["https:\/\/www.bellunopress.it\/2018\/03\/24\/il-cane-miro-e-stato-sequestrato-perche-abbaia-troppo-arriva-la-petizione-sul-web-ci-e-stato-tolto-come-se-fosse-un-oggetto\/"]}]},{"@type":"ImageObject","inLanguage":"fr-FR","@id":"https:\/\/www.bellunopress.it\/2018\/03\/24\/il-cane-miro-e-stato-sequestrato-perche-abbaia-troppo-arriva-la-petizione-sul-web-ci-e-stato-tolto-come-se-fosse-un-oggetto\/#primaryimage","url":"http:\/\/www.bellunopress.it\/wp-content\/uploads\/2018\/03\/pastore-marremmano-ildolomiti.it_.jpg","contentUrl":"http:\/\/www.bellunopress.it\/wp-content\/uploads\/2018\/03\/pastore-marremmano-ildolomiti.it_.jpg"},{"@type":"BreadcrumbList","@id":"https:\/\/www.bellunopress.it\/2018\/03\/24\/il-cane-miro-e-stato-sequestrato-perche-abbaia-troppo-arriva-la-petizione-sul-web-ci-e-stato-tolto-come-se-fosse-un-oggetto\/#breadcrumb","itemListElement":[{"@type":"ListItem","position":1,"name":"Home","item":"https:\/\/www.bellunopress.it\/"},{"@type":"ListItem","position":2,"name":"Il cane Miro \u00e8 stato sequestrato perch\u00e9 abbaia troppo. Arriva la petizione sul web: &#8221;Ci \u00e8 stato tolto come se fosse un oggetto&#8221;"}]},{"@type":"WebSite","@id":"https:\/\/www.bellunopress.it\/#website","url":"https:\/\/www.bellunopress.it\/","name":"Bellunopress - Dolomiti","description":"e-mail: redazione@bellunopress.it","publisher":{"@id":"https:\/\/www.bellunopress.it\/#organization"},"potentialAction":[{"@type":"SearchAction","target":{"@type":"EntryPoint","urlTemplate":"https:\/\/www.bellunopress.it\/?s={search_term_string}"},"query-input":{"@type":"PropertyValueSpecification","valueRequired":true,"valueName":"search_term_string"}}],"inLanguage":"fr-FR"},{"@type":"Organization","@id":"https:\/\/www.bellunopress.it\/#organization","name":"Bellunopress","url":"https:\/\/www.bellunopress.it\/","logo":{"@type":"ImageObject","inLanguage":"fr-FR","@id":"https:\/\/www.bellunopress.it\/#\/schema\/logo\/image\/","url":"https:\/\/www.bellunopress.it\/wp-content\/uploads\/2011\/05\/cropped-logo-bellunopress-.jpg","contentUrl":"https:\/\/www.bellunopress.it\/wp-content\/uploads\/2011\/05\/cropped-logo-bellunopress-.jpg","width":512,"height":512,"caption":"Bellunopress"},"image":{"@id":"https:\/\/www.bellunopress.it\/#\/schema\/logo\/image\/"},"sameAs":["https:\/\/www.facebook.com\/profile.php?id=100008943462799","https:\/\/x.com\/bellunopress","https:\/\/www.linkedin.com\/hp\/?dnr=JBzUWaJfMUw8vbXJJ2tVW5-I3jZKvC4wsoxE&amp;amp;amp;amp;amp;amp;trk=nav_responsive_tab_home","https:\/\/www.youtube.com\/channel\/UCxL0wu1uN0_3_7hGG0306cw"]},{"@type":"Person","@id":"https:\/\/www.bellunopress.it\/#\/schema\/person\/79bb06722b37ece1c03d3e94beb30d73","name":"r\u00e9daction","image":{"@type":"ImageObject","inLanguage":"fr-FR","@id":"https:\/\/secure.gravatar.com\/avatar\/37d968a2e67a6fd04c169c4bdef102d0bc5d31b2546345219e348575eb80e9a0?s=96&d=mm&r=g","url":"https:\/\/secure.gravatar.com\/avatar\/37d968a2e67a6fd04c169c4bdef102d0bc5d31b2546345219e348575eb80e9a0?s=96&d=mm&r=g","contentUrl":"https:\/\/secure.gravatar.com\/avatar\/37d968a2e67a6fd04c169c4bdef102d0bc5d31b2546345219e348575eb80e9a0?s=96&d=mm&r=g","caption":"redazione"},"sameAs":["http:\/\/www.bellunopress.it","https:\/\/x.com\/bellunopress"],"url":"https:\/\/www.bellunopress.it\/fr\/author\/redazione\/"}]}},"_links":{"self":[{"href":"https:\/\/www.bellunopress.it\/fr\/wp-json\/wp\/v2\/posts\/93854","targetHints":{"allow":["GET"]}}],"collection":[{"href":"https:\/\/www.bellunopress.it\/fr\/wp-json\/wp\/v2\/posts"}],"about":[{"href":"https:\/\/www.bellunopress.it\/fr\/wp-json\/wp\/v2\/types\/post"}],"author":[{"embeddable":true,"href":"https:\/\/www.bellunopress.it\/fr\/wp-json\/wp\/v2\/users\/2"}],"replies":[{"embeddable":true,"href":"https:\/\/www.bellunopress.it\/fr\/wp-json\/wp\/v2\/comments?post=93854"}],"version-history":[{"count":2,"href":"https:\/\/www.bellunopress.it\/fr\/wp-json\/wp\/v2\/posts\/93854\/revisions"}],"predecessor-version":[{"id":93857,"href":"https:\/\/www.bellunopress.it\/fr\/wp-json\/wp\/v2\/posts\/93854\/revisions\/93857"}],"wp:attachment":[{"href":"https:\/\/www.bellunopress.it\/fr\/wp-json\/wp\/v2\/media?parent=93854"}],"wp:term":[{"taxonomy":"category","embeddable":true,"href":"https:\/\/www.bellunopress.it\/fr\/wp-json\/wp\/v2\/categories?post=93854"},{"taxonomy":"post_tag","embeddable":true,"href":"https:\/\/www.bellunopress.it\/fr\/wp-json\/wp\/v2\/tags?post=93854"}],"curies":[{"name":"wp","href":"https:\/\/api.w.org\/{rel}","templated":true}]}}