{"id":93762,"date":"2018-03-22T09:14:38","date_gmt":"2018-03-22T08:14:38","guid":{"rendered":"http:\/\/www.bellunopress.it\/?p=93762"},"modified":"2018-03-22T09:14:38","modified_gmt":"2018-03-22T08:14:38","slug":"rassegna-voci-di-donna-venerdi-a-ponte-nelle-alpi-un-incontro-e-una-mostra-fotografica-per-ricordare-vera-bortoluzzi-maestra-e-fotografa","status":"publish","type":"post","link":"https:\/\/www.bellunopress.it\/fr\/2018\/03\/22\/rassegna-voci-di-donna-venerdi-a-ponte-nelle-alpi-un-incontro-e-una-mostra-fotografica-per-ricordare-vera-bortoluzzi-maestra-e-fotografa\/","title":{"rendered":"Rassegna &#8220;Voci di donna&#8221;. Venerd\u00ec a Ponte nelle Alpi un incontro e una mostra fotografica per ricordare\u00a0Vera Bortoluzzi\u00a0maestra e fotografa"},"content":{"rendered":"<p>Venerd\u00ec 23 marzo, alle ore 20.30\u00a0secondo appuntamento serale della rassegna &#8220;Voci di donna&#8221;, realizzato da Comune di Ponte nelle Alpi,\u00a0Biblioteca Civica e in collaborazione con Ecomuseo dalle Dolomiti al Piave, dedicato a Vera Bortoluzzi, maestra che\u00a0per molti anni insegn\u00f2 alle scuole Gabelli di Belluno, ma anche indomita giramondo che ha immortalato con migliaia\u00a0di scatti ogni luogo visitato. In veste di fotografa infatti faceva parte anche del Circolo fotografico bellunese e aveva partecipato\u00a0a numerosi eventi e concorsi fotografici. Innumerevoli i paesi visitati da lei ritratti: Cile, Thailandia, Nepal, Africa, India, Sri Lanka, Turchia, Venezuela, Argentina, Colombia, Russia&#8230; e naturalmente l&#8217;Italia.<\/p>\n<figure id=\"attachment_58440\" aria-describedby=\"caption-attachment-58440\" style=\"width: 290px\" class=\"wp-caption alignleft\"><a href=\"http:\/\/www.bellunopress.it\/fr\/2014\/05\/06\/venerdi-a-ponte-nelle-alpi-si-parla-di-resistenza-non-violenta-con-ercole-ongaro\/biblioteca-ponte-nelle-alpi\/\" rel=\"attachment wp-att-58440\"><img loading=\"lazy\" decoding=\"async\" class=\"size-full wp-image-58440\" src=\"http:\/\/www.bellunopress.it\/wp-content\/uploads\/2014\/05\/biblioteca-ponte-nelle-alpi.jpg\" alt=\"\" width=\"290\" height=\"218\" \/><\/a><figcaption id=\"caption-attachment-58440\" class=\"wp-caption-text\">Biblioteca di Ponte nelle Alpi<\/figcaption><\/figure>\n<p>Scomparsa nel 2010, ha lasciato un ricordo indelebile in chi l&#8217;ha conosciuta, e anche nei suoi ex alunni che si sentivano dei &#8220;privilegiati&#8221;\u00a0ad averla come insegnante per la capacit\u00e0 di mescolare insegnamenti di vita e programma didattico.<br \/>\nQuesto il ritratto di Vera Bortoluzzi nel ricordo di una sua alunna, Cecilia Bertolissi, che in occasione del rito funebre lesse pubblicamente una lettera dedicata\u00a0all&#8217;insegnante: &#8220;&#8230;ci insegnavi tutto senza che ne accorgessimo, senza farci stufare della scuola, e ci insegnavi tante cose che erano parte della vita e,\u00a0ci\u00f2 nonostante, contrariamente a quanto si poteva pensare, erano parte del programma didattico. Eri una maestra &#8216;forte&#8217;, una &#8216;contro&#8217;. Eri un &#8216;mito&#8217;.&#8221;<\/p>\n<p>Al ricordo di una donna forte viene dedicato dunque questo appuntamento, realizzato con la collaborazione dei parenti di Vera, che vedr\u00e0 la partecipazione\u00a0di amici, colleghi, fotografi, ex alunni, compagni di viaggio che porteranno il loro contributo di parole e di ricordi, e che prevede l&#8217;allestimento di una mostra di\u00a0alcune delle sue fotografie pi\u00f9 significative, foto per non dimenticare e non smettere di guardare, per condividere il suo desiderio di scoprire,\u00a0la voglia di emozionare, il gusto di catturare.<br \/>\nDurante l&#8217;incontro verr\u00e0 illustrato anche il lavoro di schedatura delle migliaia di diapositive che testimoniano la sua passione,\u00a0realizzato in Biblioteca nell&#8217;ambito del progetto di alternanza scuola\/lavoro.<\/p>","protected":false},"excerpt":{"rendered":"<p>Venerd\u00ec 23 marzo, alle ore 20.30\u00a0secondo appuntamento serale della rassegna &#8220;Voci di donna&#8221;, realizzato da Comune di Ponte nelle Alpi,\u00a0Biblioteca Civica e in collaborazione con Ecomuseo dalle Dolomiti al Piave, dedicato a Vera Bortoluzzi, maestra che\u00a0per molti anni insegn\u00f2 alle scuole Gabelli di Belluno, ma anche indomita giramondo che ha immortalato con migliaia\u00a0di scatti ogni [&hellip;]<\/p>\n","protected":false},"author":2,"featured_media":0,"comment_status":"closed","ping_status":"open","sticky":false,"template":"","format":"standard","meta":{"footnotes":""},"categories":[27,3,25],"tags":[],"class_list":["post-93762","post","type-post","status-publish","format-standard","category-appuntamenti","category-arte-cultura-spettacoli-scienza-archivi","category-pausa-caffe"],"yoast_head":"<!-- This site is optimized with the Yoast SEO plugin v28.4 - https:\/\/yoast.com\/product\/yoast-seo-wordpress\/ -->\n<title>Rassegna &quot;Voci di donna&quot;. Venerd\u00ec a Ponte nelle Alpi un incontro e una mostra fotografica per ricordare\u00a0Vera Bortoluzzi\u00a0maestra e fotografa - Bellunopress - Dolomiti<\/title>\n<meta name=\"robots\" content=\"index, follow, max-snippet:-1, max-image-preview:large, max-video-preview:-1\" \/>\n<link rel=\"canonical\" href=\"https:\/\/www.bellunopress.it\/fr\/2018\/03\/22\/rassegna-voci-di-donna-venerdi-a-ponte-nelle-alpi-un-incontro-e-una-mostra-fotografica-per-ricordare-vera-bortoluzzi-maestra-e-fotografa\/\" \/>\n<meta property=\"og:locale\" content=\"fr_FR\" \/>\n<meta property=\"og:type\" content=\"article\" \/>\n<meta property=\"og:title\" content=\"Rassegna &quot;Voci di donna&quot;. Venerd\u00ec a Ponte nelle Alpi un incontro e una mostra fotografica per ricordare\u00a0Vera Bortoluzzi\u00a0maestra e fotografa - Bellunopress - Dolomiti\" \/>\n<meta property=\"og:description\" content=\"Venerd\u00ec 23 marzo, alle ore 20.30\u00a0secondo appuntamento serale della rassegna &#8220;Voci di donna&#8221;, realizzato da Comune di Ponte nelle Alpi,\u00a0Biblioteca Civica e in collaborazione con Ecomuseo dalle Dolomiti al Piave, dedicato a Vera Bortoluzzi, maestra che\u00a0per molti anni insegn\u00f2 alle scuole Gabelli di Belluno, ma anche indomita giramondo che ha immortalato con migliaia\u00a0di scatti ogni [&hellip;]\" \/>\n<meta property=\"og:url\" content=\"https:\/\/www.bellunopress.it\/fr\/2018\/03\/22\/rassegna-voci-di-donna-venerdi-a-ponte-nelle-alpi-un-incontro-e-una-mostra-fotografica-per-ricordare-vera-bortoluzzi-maestra-e-fotografa\/\" \/>\n<meta property=\"og:site_name\" content=\"Bellunopress - Dolomiti\" \/>\n<meta property=\"article:publisher\" content=\"https:\/\/www.facebook.com\/profile.php?id=100008943462799\" \/>\n<meta property=\"article:published_time\" content=\"2018-03-22T08:14:38+00:00\" \/>\n<meta property=\"og:image\" content=\"http:\/\/www.bellunopress.it\/wp-content\/uploads\/2014\/05\/biblioteca-ponte-nelle-alpi.jpg\" \/>\n<meta name=\"author\" content=\"redazione\" \/>\n<meta name=\"twitter:card\" content=\"summary_large_image\" \/>\n<meta name=\"twitter:creator\" content=\"@bellunopress\" \/>\n<meta name=\"twitter:site\" content=\"@bellunopress\" \/>\n<meta name=\"twitter:label1\" content=\"\u00c9crit par\" \/>\n\t<meta name=\"twitter:data1\" content=\"redazione\" \/>\n\t<meta name=\"twitter:label2\" content=\"Dur\u00e9e de lecture estim\u00e9e\" \/>\n\t<meta name=\"twitter:data2\" content=\"2 minutes\" \/>\n<script type=\"application\/ld+json\" class=\"yoast-schema-graph\">{\"@context\":\"https:\\\/\\\/schema.org\",\"@graph\":[{\"@type\":\"Article\",\"@id\":\"https:\\\/\\\/www.bellunopress.it\\\/2018\\\/03\\\/22\\\/rassegna-voci-di-donna-venerdi-a-ponte-nelle-alpi-un-incontro-e-una-mostra-fotografica-per-ricordare-vera-bortoluzzi-maestra-e-fotografa\\\/#article\",\"isPartOf\":{\"@id\":\"https:\\\/\\\/www.bellunopress.it\\\/2018\\\/03\\\/22\\\/rassegna-voci-di-donna-venerdi-a-ponte-nelle-alpi-un-incontro-e-una-mostra-fotografica-per-ricordare-vera-bortoluzzi-maestra-e-fotografa\\\/\"},\"author\":{\"name\":\"redazione\",\"@id\":\"https:\\\/\\\/www.bellunopress.it\\\/#\\\/schema\\\/person\\\/79bb06722b37ece1c03d3e94beb30d73\"},\"headline\":\"Rassegna &#8220;Voci di donna&#8221;. Venerd\u00ec a Ponte nelle Alpi un incontro e una mostra fotografica per ricordare\u00a0Vera Bortoluzzi\u00a0maestra e fotografa\",\"datePublished\":\"2018-03-22T08:14:38+00:00\",\"mainEntityOfPage\":{\"@id\":\"https:\\\/\\\/www.bellunopress.it\\\/2018\\\/03\\\/22\\\/rassegna-voci-di-donna-venerdi-a-ponte-nelle-alpi-un-incontro-e-una-mostra-fotografica-per-ricordare-vera-bortoluzzi-maestra-e-fotografa\\\/\"},\"wordCount\":358,\"publisher\":{\"@id\":\"https:\\\/\\\/www.bellunopress.it\\\/#organization\"},\"image\":{\"@id\":\"https:\\\/\\\/www.bellunopress.it\\\/2018\\\/03\\\/22\\\/rassegna-voci-di-donna-venerdi-a-ponte-nelle-alpi-un-incontro-e-una-mostra-fotografica-per-ricordare-vera-bortoluzzi-maestra-e-fotografa\\\/#primaryimage\"},\"thumbnailUrl\":\"http:\\\/\\\/www.bellunopress.it\\\/wp-content\\\/uploads\\\/2014\\\/05\\\/biblioteca-ponte-nelle-alpi.jpg\",\"articleSection\":[\"Appuntamenti, Eventi\",\"Arte, Cultura, Spettacoli, Scienza\",\"Pausa Caff\u00e8\"],\"inLanguage\":\"fr-FR\"},{\"@type\":\"WebPage\",\"@id\":\"https:\\\/\\\/www.bellunopress.it\\\/2018\\\/03\\\/22\\\/rassegna-voci-di-donna-venerdi-a-ponte-nelle-alpi-un-incontro-e-una-mostra-fotografica-per-ricordare-vera-bortoluzzi-maestra-e-fotografa\\\/\",\"url\":\"https:\\\/\\\/www.bellunopress.it\\\/2018\\\/03\\\/22\\\/rassegna-voci-di-donna-venerdi-a-ponte-nelle-alpi-un-incontro-e-una-mostra-fotografica-per-ricordare-vera-bortoluzzi-maestra-e-fotografa\\\/\",\"name\":\"Rassegna \\\"Voci di donna\\\". Venerd\u00ec a Ponte nelle Alpi un incontro e una mostra fotografica per ricordare\u00a0Vera Bortoluzzi\u00a0maestra e fotografa - Bellunopress - Dolomiti\",\"isPartOf\":{\"@id\":\"https:\\\/\\\/www.bellunopress.it\\\/#website\"},\"primaryImageOfPage\":{\"@id\":\"https:\\\/\\\/www.bellunopress.it\\\/2018\\\/03\\\/22\\\/rassegna-voci-di-donna-venerdi-a-ponte-nelle-alpi-un-incontro-e-una-mostra-fotografica-per-ricordare-vera-bortoluzzi-maestra-e-fotografa\\\/#primaryimage\"},\"image\":{\"@id\":\"https:\\\/\\\/www.bellunopress.it\\\/2018\\\/03\\\/22\\\/rassegna-voci-di-donna-venerdi-a-ponte-nelle-alpi-un-incontro-e-una-mostra-fotografica-per-ricordare-vera-bortoluzzi-maestra-e-fotografa\\\/#primaryimage\"},\"thumbnailUrl\":\"http:\\\/\\\/www.bellunopress.it\\\/wp-content\\\/uploads\\\/2014\\\/05\\\/biblioteca-ponte-nelle-alpi.jpg\",\"datePublished\":\"2018-03-22T08:14:38+00:00\",\"breadcrumb\":{\"@id\":\"https:\\\/\\\/www.bellunopress.it\\\/2018\\\/03\\\/22\\\/rassegna-voci-di-donna-venerdi-a-ponte-nelle-alpi-un-incontro-e-una-mostra-fotografica-per-ricordare-vera-bortoluzzi-maestra-e-fotografa\\\/#breadcrumb\"},\"inLanguage\":\"fr-FR\",\"potentialAction\":[{\"@type\":\"ReadAction\",\"target\":[\"https:\\\/\\\/www.bellunopress.it\\\/2018\\\/03\\\/22\\\/rassegna-voci-di-donna-venerdi-a-ponte-nelle-alpi-un-incontro-e-una-mostra-fotografica-per-ricordare-vera-bortoluzzi-maestra-e-fotografa\\\/\"]}]},{\"@type\":\"ImageObject\",\"inLanguage\":\"fr-FR\",\"@id\":\"https:\\\/\\\/www.bellunopress.it\\\/2018\\\/03\\\/22\\\/rassegna-voci-di-donna-venerdi-a-ponte-nelle-alpi-un-incontro-e-una-mostra-fotografica-per-ricordare-vera-bortoluzzi-maestra-e-fotografa\\\/#primaryimage\",\"url\":\"http:\\\/\\\/www.bellunopress.it\\\/wp-content\\\/uploads\\\/2014\\\/05\\\/biblioteca-ponte-nelle-alpi.jpg\",\"contentUrl\":\"http:\\\/\\\/www.bellunopress.it\\\/wp-content\\\/uploads\\\/2014\\\/05\\\/biblioteca-ponte-nelle-alpi.jpg\"},{\"@type\":\"BreadcrumbList\",\"@id\":\"https:\\\/\\\/www.bellunopress.it\\\/2018\\\/03\\\/22\\\/rassegna-voci-di-donna-venerdi-a-ponte-nelle-alpi-un-incontro-e-una-mostra-fotografica-per-ricordare-vera-bortoluzzi-maestra-e-fotografa\\\/#breadcrumb\",\"itemListElement\":[{\"@type\":\"ListItem\",\"position\":1,\"name\":\"Home\",\"item\":\"https:\\\/\\\/www.bellunopress.it\\\/\"},{\"@type\":\"ListItem\",\"position\":2,\"name\":\"Rassegna &#8220;Voci di donna&#8221;. Venerd\u00ec a Ponte nelle Alpi un incontro e una mostra fotografica per ricordare\u00a0Vera Bortoluzzi\u00a0maestra e fotografa\"}]},{\"@type\":\"WebSite\",\"@id\":\"https:\\\/\\\/www.bellunopress.it\\\/#website\",\"url\":\"https:\\\/\\\/www.bellunopress.it\\\/\",\"name\":\"Bellunopress - Dolomiti\",\"description\":\"e-mail: redazione@bellunopress.it\",\"publisher\":{\"@id\":\"https:\\\/\\\/www.bellunopress.it\\\/#organization\"},\"potentialAction\":[{\"@type\":\"SearchAction\",\"target\":{\"@type\":\"EntryPoint\",\"urlTemplate\":\"https:\\\/\\\/www.bellunopress.it\\\/?s={search_term_string}\"},\"query-input\":{\"@type\":\"PropertyValueSpecification\",\"valueRequired\":true,\"valueName\":\"search_term_string\"}}],\"inLanguage\":\"fr-FR\"},{\"@type\":\"Organization\",\"@id\":\"https:\\\/\\\/www.bellunopress.it\\\/#organization\",\"name\":\"Bellunopress\",\"url\":\"https:\\\/\\\/www.bellunopress.it\\\/\",\"logo\":{\"@type\":\"ImageObject\",\"inLanguage\":\"fr-FR\",\"@id\":\"https:\\\/\\\/www.bellunopress.it\\\/#\\\/schema\\\/logo\\\/image\\\/\",\"url\":\"https:\\\/\\\/www.bellunopress.it\\\/wp-content\\\/uploads\\\/2011\\\/05\\\/cropped-logo-bellunopress-.jpg\",\"contentUrl\":\"https:\\\/\\\/www.bellunopress.it\\\/wp-content\\\/uploads\\\/2011\\\/05\\\/cropped-logo-bellunopress-.jpg\",\"width\":512,\"height\":512,\"caption\":\"Bellunopress\"},\"image\":{\"@id\":\"https:\\\/\\\/www.bellunopress.it\\\/#\\\/schema\\\/logo\\\/image\\\/\"},\"sameAs\":[\"https:\\\/\\\/www.facebook.com\\\/profile.php?id=100008943462799\",\"https:\\\/\\\/x.com\\\/bellunopress\",\"https:\\\/\\\/www.linkedin.com\\\/hp\\\/?dnr=JBzUWaJfMUw8vbXJJ2tVW5-I3jZKvC4wsoxE&amp;amp;amp;amp;amp;amp;trk=nav_responsive_tab_home\",\"https:\\\/\\\/www.youtube.com\\\/channel\\\/UCxL0wu1uN0_3_7hGG0306cw\"]},{\"@type\":\"Person\",\"@id\":\"https:\\\/\\\/www.bellunopress.it\\\/#\\\/schema\\\/person\\\/79bb06722b37ece1c03d3e94beb30d73\",\"name\":\"redazione\",\"image\":{\"@type\":\"ImageObject\",\"inLanguage\":\"fr-FR\",\"@id\":\"https:\\\/\\\/secure.gravatar.com\\\/avatar\\\/37d968a2e67a6fd04c169c4bdef102d0bc5d31b2546345219e348575eb80e9a0?s=96&d=mm&r=g\",\"url\":\"https:\\\/\\\/secure.gravatar.com\\\/avatar\\\/37d968a2e67a6fd04c169c4bdef102d0bc5d31b2546345219e348575eb80e9a0?s=96&d=mm&r=g\",\"contentUrl\":\"https:\\\/\\\/secure.gravatar.com\\\/avatar\\\/37d968a2e67a6fd04c169c4bdef102d0bc5d31b2546345219e348575eb80e9a0?s=96&d=mm&r=g\",\"caption\":\"redazione\"},\"sameAs\":[\"http:\\\/\\\/www.bellunopress.it\",\"https:\\\/\\\/x.com\\\/bellunopress\"],\"url\":\"https:\\\/\\\/www.bellunopress.it\\\/fr\\\/author\\\/redazione\\\/\"}]}<\/script>\n<!-- \/ Yoast SEO plugin. -->","yoast_head_json":{"title":"Rassegna \"Voci di donna\". Venerd\u00ec a Ponte nelle Alpi un incontro e una mostra fotografica per ricordare\u00a0Vera Bortoluzzi\u00a0maestra e fotografa - Bellunopress - Dolomiti","robots":{"index":"index","follow":"follow","max-snippet":"max-snippet:-1","max-image-preview":"max-image-preview:large","max-video-preview":"max-video-preview:-1"},"canonical":"https:\/\/www.bellunopress.it\/fr\/2018\/03\/22\/rassegna-voci-di-donna-venerdi-a-ponte-nelle-alpi-un-incontro-e-una-mostra-fotografica-per-ricordare-vera-bortoluzzi-maestra-e-fotografa\/","og_locale":"fr_FR","og_type":"article","og_title":"Rassegna \"Voci di donna\". Venerd\u00ec a Ponte nelle Alpi un incontro e una mostra fotografica per ricordare\u00a0Vera Bortoluzzi\u00a0maestra e fotografa - Bellunopress - Dolomiti","og_description":"Venerd\u00ec 23 marzo, alle ore 20.30\u00a0secondo appuntamento serale della rassegna &#8220;Voci di donna&#8221;, realizzato da Comune di Ponte nelle Alpi,\u00a0Biblioteca Civica e in collaborazione con Ecomuseo dalle Dolomiti al Piave, dedicato a Vera Bortoluzzi, maestra che\u00a0per molti anni insegn\u00f2 alle scuole Gabelli di Belluno, ma anche indomita giramondo che ha immortalato con migliaia\u00a0di scatti ogni [&hellip;]","og_url":"https:\/\/www.bellunopress.it\/fr\/2018\/03\/22\/rassegna-voci-di-donna-venerdi-a-ponte-nelle-alpi-un-incontro-e-una-mostra-fotografica-per-ricordare-vera-bortoluzzi-maestra-e-fotografa\/","og_site_name":"Bellunopress - Dolomiti","article_publisher":"https:\/\/www.facebook.com\/profile.php?id=100008943462799","article_published_time":"2018-03-22T08:14:38+00:00","og_image":[{"url":"http:\/\/www.bellunopress.it\/wp-content\/uploads\/2014\/05\/biblioteca-ponte-nelle-alpi.jpg","type":"","width":"","height":""}],"author":"redazione","twitter_card":"summary_large_image","twitter_creator":"@bellunopress","twitter_site":"@bellunopress","twitter_misc":{"\u00c9crit par":"redazione","Dur\u00e9e de lecture estim\u00e9e":"2 minutes"},"schema":{"@context":"https:\/\/schema.org","@graph":[{"@type":"Article","@id":"https:\/\/www.bellunopress.it\/2018\/03\/22\/rassegna-voci-di-donna-venerdi-a-ponte-nelle-alpi-un-incontro-e-una-mostra-fotografica-per-ricordare-vera-bortoluzzi-maestra-e-fotografa\/#article","isPartOf":{"@id":"https:\/\/www.bellunopress.it\/2018\/03\/22\/rassegna-voci-di-donna-venerdi-a-ponte-nelle-alpi-un-incontro-e-una-mostra-fotografica-per-ricordare-vera-bortoluzzi-maestra-e-fotografa\/"},"author":{"name":"redazione","@id":"https:\/\/www.bellunopress.it\/#\/schema\/person\/79bb06722b37ece1c03d3e94beb30d73"},"headline":"Rassegna &#8220;Voci di donna&#8221;. Venerd\u00ec a Ponte nelle Alpi un incontro e una mostra fotografica per ricordare\u00a0Vera Bortoluzzi\u00a0maestra e fotografa","datePublished":"2018-03-22T08:14:38+00:00","mainEntityOfPage":{"@id":"https:\/\/www.bellunopress.it\/2018\/03\/22\/rassegna-voci-di-donna-venerdi-a-ponte-nelle-alpi-un-incontro-e-una-mostra-fotografica-per-ricordare-vera-bortoluzzi-maestra-e-fotografa\/"},"wordCount":358,"publisher":{"@id":"https:\/\/www.bellunopress.it\/#organization"},"image":{"@id":"https:\/\/www.bellunopress.it\/2018\/03\/22\/rassegna-voci-di-donna-venerdi-a-ponte-nelle-alpi-un-incontro-e-una-mostra-fotografica-per-ricordare-vera-bortoluzzi-maestra-e-fotografa\/#primaryimage"},"thumbnailUrl":"http:\/\/www.bellunopress.it\/wp-content\/uploads\/2014\/05\/biblioteca-ponte-nelle-alpi.jpg","articleSection":["Appuntamenti, Eventi","Arte, Cultura, Spettacoli, Scienza","Pausa Caff\u00e8"],"inLanguage":"fr-FR"},{"@type":"WebPage","@id":"https:\/\/www.bellunopress.it\/2018\/03\/22\/rassegna-voci-di-donna-venerdi-a-ponte-nelle-alpi-un-incontro-e-una-mostra-fotografica-per-ricordare-vera-bortoluzzi-maestra-e-fotografa\/","url":"https:\/\/www.bellunopress.it\/2018\/03\/22\/rassegna-voci-di-donna-venerdi-a-ponte-nelle-alpi-un-incontro-e-una-mostra-fotografica-per-ricordare-vera-bortoluzzi-maestra-e-fotografa\/","name":"Rassegna \"Voci di donna\". Venerd\u00ec a Ponte nelle Alpi un incontro e una mostra fotografica per ricordare\u00a0Vera Bortoluzzi\u00a0maestra e fotografa - Bellunopress - Dolomiti","isPartOf":{"@id":"https:\/\/www.bellunopress.it\/#website"},"primaryImageOfPage":{"@id":"https:\/\/www.bellunopress.it\/2018\/03\/22\/rassegna-voci-di-donna-venerdi-a-ponte-nelle-alpi-un-incontro-e-una-mostra-fotografica-per-ricordare-vera-bortoluzzi-maestra-e-fotografa\/#primaryimage"},"image":{"@id":"https:\/\/www.bellunopress.it\/2018\/03\/22\/rassegna-voci-di-donna-venerdi-a-ponte-nelle-alpi-un-incontro-e-una-mostra-fotografica-per-ricordare-vera-bortoluzzi-maestra-e-fotografa\/#primaryimage"},"thumbnailUrl":"http:\/\/www.bellunopress.it\/wp-content\/uploads\/2014\/05\/biblioteca-ponte-nelle-alpi.jpg","datePublished":"2018-03-22T08:14:38+00:00","breadcrumb":{"@id":"https:\/\/www.bellunopress.it\/2018\/03\/22\/rassegna-voci-di-donna-venerdi-a-ponte-nelle-alpi-un-incontro-e-una-mostra-fotografica-per-ricordare-vera-bortoluzzi-maestra-e-fotografa\/#breadcrumb"},"inLanguage":"fr-FR","potentialAction":[{"@type":"ReadAction","target":["https:\/\/www.bellunopress.it\/2018\/03\/22\/rassegna-voci-di-donna-venerdi-a-ponte-nelle-alpi-un-incontro-e-una-mostra-fotografica-per-ricordare-vera-bortoluzzi-maestra-e-fotografa\/"]}]},{"@type":"ImageObject","inLanguage":"fr-FR","@id":"https:\/\/www.bellunopress.it\/2018\/03\/22\/rassegna-voci-di-donna-venerdi-a-ponte-nelle-alpi-un-incontro-e-una-mostra-fotografica-per-ricordare-vera-bortoluzzi-maestra-e-fotografa\/#primaryimage","url":"http:\/\/www.bellunopress.it\/wp-content\/uploads\/2014\/05\/biblioteca-ponte-nelle-alpi.jpg","contentUrl":"http:\/\/www.bellunopress.it\/wp-content\/uploads\/2014\/05\/biblioteca-ponte-nelle-alpi.jpg"},{"@type":"BreadcrumbList","@id":"https:\/\/www.bellunopress.it\/2018\/03\/22\/rassegna-voci-di-donna-venerdi-a-ponte-nelle-alpi-un-incontro-e-una-mostra-fotografica-per-ricordare-vera-bortoluzzi-maestra-e-fotografa\/#breadcrumb","itemListElement":[{"@type":"ListItem","position":1,"name":"Home","item":"https:\/\/www.bellunopress.it\/"},{"@type":"ListItem","position":2,"name":"Rassegna &#8220;Voci di donna&#8221;. Venerd\u00ec a Ponte nelle Alpi un incontro e una mostra fotografica per ricordare\u00a0Vera Bortoluzzi\u00a0maestra e fotografa"}]},{"@type":"WebSite","@id":"https:\/\/www.bellunopress.it\/#website","url":"https:\/\/www.bellunopress.it\/","name":"Bellunopress - Dolomiti","description":"e-mail: redazione@bellunopress.it","publisher":{"@id":"https:\/\/www.bellunopress.it\/#organization"},"potentialAction":[{"@type":"SearchAction","target":{"@type":"EntryPoint","urlTemplate":"https:\/\/www.bellunopress.it\/?s={search_term_string}"},"query-input":{"@type":"PropertyValueSpecification","valueRequired":true,"valueName":"search_term_string"}}],"inLanguage":"fr-FR"},{"@type":"Organization","@id":"https:\/\/www.bellunopress.it\/#organization","name":"Bellunopress","url":"https:\/\/www.bellunopress.it\/","logo":{"@type":"ImageObject","inLanguage":"fr-FR","@id":"https:\/\/www.bellunopress.it\/#\/schema\/logo\/image\/","url":"https:\/\/www.bellunopress.it\/wp-content\/uploads\/2011\/05\/cropped-logo-bellunopress-.jpg","contentUrl":"https:\/\/www.bellunopress.it\/wp-content\/uploads\/2011\/05\/cropped-logo-bellunopress-.jpg","width":512,"height":512,"caption":"Bellunopress"},"image":{"@id":"https:\/\/www.bellunopress.it\/#\/schema\/logo\/image\/"},"sameAs":["https:\/\/www.facebook.com\/profile.php?id=100008943462799","https:\/\/x.com\/bellunopress","https:\/\/www.linkedin.com\/hp\/?dnr=JBzUWaJfMUw8vbXJJ2tVW5-I3jZKvC4wsoxE&amp;amp;amp;amp;amp;amp;trk=nav_responsive_tab_home","https:\/\/www.youtube.com\/channel\/UCxL0wu1uN0_3_7hGG0306cw"]},{"@type":"Person","@id":"https:\/\/www.bellunopress.it\/#\/schema\/person\/79bb06722b37ece1c03d3e94beb30d73","name":"r\u00e9daction","image":{"@type":"ImageObject","inLanguage":"fr-FR","@id":"https:\/\/secure.gravatar.com\/avatar\/37d968a2e67a6fd04c169c4bdef102d0bc5d31b2546345219e348575eb80e9a0?s=96&d=mm&r=g","url":"https:\/\/secure.gravatar.com\/avatar\/37d968a2e67a6fd04c169c4bdef102d0bc5d31b2546345219e348575eb80e9a0?s=96&d=mm&r=g","contentUrl":"https:\/\/secure.gravatar.com\/avatar\/37d968a2e67a6fd04c169c4bdef102d0bc5d31b2546345219e348575eb80e9a0?s=96&d=mm&r=g","caption":"redazione"},"sameAs":["http:\/\/www.bellunopress.it","https:\/\/x.com\/bellunopress"],"url":"https:\/\/www.bellunopress.it\/fr\/author\/redazione\/"}]}},"_links":{"self":[{"href":"https:\/\/www.bellunopress.it\/fr\/wp-json\/wp\/v2\/posts\/93762","targetHints":{"allow":["GET"]}}],"collection":[{"href":"https:\/\/www.bellunopress.it\/fr\/wp-json\/wp\/v2\/posts"}],"about":[{"href":"https:\/\/www.bellunopress.it\/fr\/wp-json\/wp\/v2\/types\/post"}],"author":[{"embeddable":true,"href":"https:\/\/www.bellunopress.it\/fr\/wp-json\/wp\/v2\/users\/2"}],"replies":[{"embeddable":true,"href":"https:\/\/www.bellunopress.it\/fr\/wp-json\/wp\/v2\/comments?post=93762"}],"version-history":[{"count":2,"href":"https:\/\/www.bellunopress.it\/fr\/wp-json\/wp\/v2\/posts\/93762\/revisions"}],"predecessor-version":[{"id":93858,"href":"https:\/\/www.bellunopress.it\/fr\/wp-json\/wp\/v2\/posts\/93762\/revisions\/93858"}],"wp:attachment":[{"href":"https:\/\/www.bellunopress.it\/fr\/wp-json\/wp\/v2\/media?parent=93762"}],"wp:term":[{"taxonomy":"category","embeddable":true,"href":"https:\/\/www.bellunopress.it\/fr\/wp-json\/wp\/v2\/categories?post=93762"},{"taxonomy":"post_tag","embeddable":true,"href":"https:\/\/www.bellunopress.it\/fr\/wp-json\/wp\/v2\/tags?post=93762"}],"curies":[{"name":"wp","href":"https:\/\/api.w.org\/{rel}","templated":true}]}}