{"id":9349,"date":"2009-10-31T19:31:09","date_gmt":"2009-10-31T18:31:09","guid":{"rendered":"http:\/\/www.bellunopress.it\/?p=9349"},"modified":"2009-10-31T19:40:19","modified_gmt":"2009-10-31T18:40:19","slug":"dalla-regione-2-milioni-di-euro-per-il-restauro-degli-edifici-di-pregio-veneti-nel-bellunese-solo-cortina-ne-beneficia-con-250000-euro","status":"publish","type":"post","link":"https:\/\/www.bellunopress.it\/fr\/2009\/10\/31\/dalla-regione-2-milioni-di-euro-per-il-restauro-degli-edifici-di-pregio-veneti-nel-bellunese-solo-cortina-ne-beneficia-con-250000-euro\/","title":{"rendered":"Dalla Regione 2 milioni di euro per il restauro degli edifici di pregio veneti. Nel Bellunese solo Cortina ne beneficia con 250.000 euro"},"content":{"rendered":"<p>Dalla sala della carit\u00e0 nel complesso di San Francesco a Padova a palazzo Chiericati a Vicenza alla torre di Re Berengario a Torri del Benaco: gli interventi finanziati dalla Regione Veneto Due milioni di euro per finanziare il restauro di edifici storici di pregio di propriet\u00e0 di comuni e province: \u00e8 il contributo stanziato dalla Giunta regionale del Veneto su indicazione dell\u2019assessore alle Politiche dei Lavori Pubblici, Massimo Giorgetti. Serviranno a finanziare 14 interventi di restauro tra Belluno, Padova, Treviso, Vicenza e Verona, che riceveranno contributi da 28 e i 250.000 euro ciascuno.<br \/>\nI finanziamenti maggiori andranno nel vicentino: 650.000 euro. La Provincia di Vicenza ricever\u00e0 un contributo di 35.000 euro per il restauro degli elementi lapidei di villa Cordellina \u2013 Lombardi a Montecchio Maggiore. Al Comune andr\u00e0 un finanziamento 250.000 euro per il restauro e il risanamento conservativo di palazzo Chiericati (un intervento dal costo complessivo di oltre un milione e mezzo di euro). Altri 190.000 euro andranno al comune di Pojana maggiore per il restauro della torre del Castello e 175.000 al comune di Longare per il ripristino dell\u2019ex canonica di Lumigliano.<br \/>\nOltre mezzo milione di euro sar\u00e0 distribuito tra i comuni del padovano. Il massimo contributo ammissibile, 250.000 euro, andr\u00e0 al comune di Padova per il restauro della sala Carmeli, annessa al convento di san Francesco, un gioiello settecentesco che fu gravemente danneggiato nel 1995 quando un fulmine colp\u00ec il tetto provocando un incendio. L\u2019intervento complessivo per restauro coster\u00e0 oltre un milione di euro. Il comune di Monselice ricever\u00e0 un finanziamento di 98.000 per il completamento del restauro del Palazzo della Loggetta (ex Monte di Piet\u00e0, di impianto quattrocentesco) oggi sede dell\u2019Informazione e accoglienza turistica. Mentre il Comune di Cervarese Santa Croce avr\u00e0 un contributo di 168.000 euro per il consolidamento strutturale della sede municipale.<br \/>\nOltre 400.000 euro andranno a comuni della provincia di Verona per cinque interventi diversi. Ai comuni di Cortina d\u2019Ampezzo (Belluno) e Tarzo (Treviso) andranno due importanti contributi per la manutenzione e il restauro delle sedi municipali (rispettivamente di 250.000 e di 174.000 euro).<\/p>\n<p>\u201cLa tutela del patrimonio storico e artistico \u2013 ha detto Giorgetti illustrando i contenuti del provvedimento \u2013 \u00e8 tutela della nostra identit\u00e0 e della nostra tradizione. Gli interventi finanziati mirano a restituire bellezza a immobili con valore storico che in molti casi possono anche trovare una nuova fruibilit\u00e0 per i cittadini. La delibera si inserisce nel quadro dei trasferimenti alle amministrazioni pubbliche per interventi di restauro e manutenzione straordinaria in edifici di interesse storico e artistico. Gli interventi sono finanziati con un\u2019aliquota effettiva del 48,15% sull\u2019importo dei lavori, con il limite massimo di un contributo pari a 250.000 euro. Le richieste di ammissione al contributo presentate da enti pubblici sono state 205, di cui 38 ritenute ammissibili.<\/p>","protected":false},"excerpt":{"rendered":"<p>Dalla sala della carit\u00e0 nel complesso di San Francesco a Padova a palazzo Chiericati a Vicenza alla torre di Re Berengario a Torri del Benaco: gli interventi finanziati dalla Regione Veneto Due milioni di euro per finanziare il restauro di edifici storici di pregio di propriet\u00e0 di comuni e province: \u00e8 il contributo stanziato dalla [&hellip;]<\/p>\n","protected":false},"author":2,"featured_media":0,"comment_status":"closed","ping_status":"open","sticky":false,"template":"","format":"standard","meta":{"footnotes":""},"categories":[5,26],"tags":[139],"class_list":["post-9349","post","type-post","status-publish","format-standard","category-cronaca","category-prima-pagina","tag-belluno"],"yoast_head":"<!-- This site is optimized with the Yoast SEO plugin v28.4 - https:\/\/yoast.com\/product\/yoast-seo-wordpress\/ -->\n<title>Dalla Regione 2 milioni di euro per il restauro degli edifici di pregio veneti. Nel Bellunese solo Cortina ne beneficia con 250.000 euro - Bellunopress - Dolomiti<\/title>\n<meta name=\"robots\" content=\"index, follow, max-snippet:-1, max-image-preview:large, max-video-preview:-1\" \/>\n<link rel=\"canonical\" href=\"https:\/\/www.bellunopress.it\/fr\/2009\/10\/31\/dalla-regione-2-milioni-di-euro-per-il-restauro-degli-edifici-di-pregio-veneti-nel-bellunese-solo-cortina-ne-beneficia-con-250000-euro\/\" \/>\n<meta property=\"og:locale\" content=\"fr_FR\" \/>\n<meta property=\"og:type\" content=\"article\" \/>\n<meta property=\"og:title\" content=\"Dalla Regione 2 milioni di euro per il restauro degli edifici di pregio veneti. Nel Bellunese solo Cortina ne beneficia con 250.000 euro - Bellunopress - Dolomiti\" \/>\n<meta property=\"og:description\" content=\"Dalla sala della carit\u00e0 nel complesso di San Francesco a Padova a palazzo Chiericati a Vicenza alla torre di Re Berengario a Torri del Benaco: gli interventi finanziati dalla Regione Veneto Due milioni di euro per finanziare il restauro di edifici storici di pregio di propriet\u00e0 di comuni e province: \u00e8 il contributo stanziato dalla [&hellip;]\" \/>\n<meta property=\"og:url\" content=\"https:\/\/www.bellunopress.it\/fr\/2009\/10\/31\/dalla-regione-2-milioni-di-euro-per-il-restauro-degli-edifici-di-pregio-veneti-nel-bellunese-solo-cortina-ne-beneficia-con-250000-euro\/\" \/>\n<meta property=\"og:site_name\" content=\"Bellunopress - Dolomiti\" \/>\n<meta property=\"article:publisher\" content=\"https:\/\/www.facebook.com\/profile.php?id=100008943462799\" \/>\n<meta property=\"article:published_time\" content=\"2009-10-31T18:31:09+00:00\" \/>\n<meta property=\"article:modified_time\" content=\"2009-10-31T18:40:19+00:00\" \/>\n<meta property=\"og:image\" content=\"http:\/\/www.bellunopress.it\/wp-content\/uploads\/2012\/07\/logo-bellunopress-250x250-2012.jpg\" \/>\n<meta name=\"author\" content=\"redazione\" \/>\n<meta name=\"twitter:card\" content=\"summary_large_image\" \/>\n<meta name=\"twitter:creator\" content=\"@bellunopress\" \/>\n<meta name=\"twitter:site\" content=\"@bellunopress\" \/>\n<meta name=\"twitter:label1\" content=\"\u00c9crit par\" \/>\n\t<meta name=\"twitter:data1\" content=\"redazione\" \/>\n\t<meta name=\"twitter:label2\" content=\"Dur\u00e9e de lecture estim\u00e9e\" \/>\n\t<meta name=\"twitter:data2\" content=\"2 minutes\" \/>\n<script type=\"application\/ld+json\" class=\"yoast-schema-graph\">{\"@context\":\"https:\\\/\\\/schema.org\",\"@graph\":[{\"@type\":\"Article\",\"@id\":\"https:\\\/\\\/www.bellunopress.it\\\/2009\\\/10\\\/31\\\/dalla-regione-2-milioni-di-euro-per-il-restauro-degli-edifici-di-pregio-veneti-nel-bellunese-solo-cortina-ne-beneficia-con-250000-euro\\\/#article\",\"isPartOf\":{\"@id\":\"https:\\\/\\\/www.bellunopress.it\\\/2009\\\/10\\\/31\\\/dalla-regione-2-milioni-di-euro-per-il-restauro-degli-edifici-di-pregio-veneti-nel-bellunese-solo-cortina-ne-beneficia-con-250000-euro\\\/\"},\"author\":{\"name\":\"redazione\",\"@id\":\"https:\\\/\\\/www.bellunopress.it\\\/#\\\/schema\\\/person\\\/79bb06722b37ece1c03d3e94beb30d73\"},\"headline\":\"Dalla Regione 2 milioni di euro per il restauro degli edifici di pregio veneti. Nel Bellunese solo Cortina ne beneficia con 250.000 euro\",\"datePublished\":\"2009-10-31T18:31:09+00:00\",\"dateModified\":\"2009-10-31T18:40:19+00:00\",\"mainEntityOfPage\":{\"@id\":\"https:\\\/\\\/www.bellunopress.it\\\/2009\\\/10\\\/31\\\/dalla-regione-2-milioni-di-euro-per-il-restauro-degli-edifici-di-pregio-veneti-nel-bellunese-solo-cortina-ne-beneficia-con-250000-euro\\\/\"},\"wordCount\":462,\"publisher\":{\"@id\":\"https:\\\/\\\/www.bellunopress.it\\\/#organization\"},\"keywords\":[\"Belluno\"],\"articleSection\":[\"Cronaca\\\/Politica\",\"Prima Pagina\"],\"inLanguage\":\"fr-FR\"},{\"@type\":\"WebPage\",\"@id\":\"https:\\\/\\\/www.bellunopress.it\\\/2009\\\/10\\\/31\\\/dalla-regione-2-milioni-di-euro-per-il-restauro-degli-edifici-di-pregio-veneti-nel-bellunese-solo-cortina-ne-beneficia-con-250000-euro\\\/\",\"url\":\"https:\\\/\\\/www.bellunopress.it\\\/2009\\\/10\\\/31\\\/dalla-regione-2-milioni-di-euro-per-il-restauro-degli-edifici-di-pregio-veneti-nel-bellunese-solo-cortina-ne-beneficia-con-250000-euro\\\/\",\"name\":\"Dalla Regione 2 milioni di euro per il restauro degli edifici di pregio veneti. Nel Bellunese solo Cortina ne beneficia con 250.000 euro - Bellunopress - Dolomiti\",\"isPartOf\":{\"@id\":\"https:\\\/\\\/www.bellunopress.it\\\/#website\"},\"datePublished\":\"2009-10-31T18:31:09+00:00\",\"dateModified\":\"2009-10-31T18:40:19+00:00\",\"breadcrumb\":{\"@id\":\"https:\\\/\\\/www.bellunopress.it\\\/2009\\\/10\\\/31\\\/dalla-regione-2-milioni-di-euro-per-il-restauro-degli-edifici-di-pregio-veneti-nel-bellunese-solo-cortina-ne-beneficia-con-250000-euro\\\/#breadcrumb\"},\"inLanguage\":\"fr-FR\",\"potentialAction\":[{\"@type\":\"ReadAction\",\"target\":[\"https:\\\/\\\/www.bellunopress.it\\\/2009\\\/10\\\/31\\\/dalla-regione-2-milioni-di-euro-per-il-restauro-degli-edifici-di-pregio-veneti-nel-bellunese-solo-cortina-ne-beneficia-con-250000-euro\\\/\"]}]},{\"@type\":\"BreadcrumbList\",\"@id\":\"https:\\\/\\\/www.bellunopress.it\\\/2009\\\/10\\\/31\\\/dalla-regione-2-milioni-di-euro-per-il-restauro-degli-edifici-di-pregio-veneti-nel-bellunese-solo-cortina-ne-beneficia-con-250000-euro\\\/#breadcrumb\",\"itemListElement\":[{\"@type\":\"ListItem\",\"position\":1,\"name\":\"Home\",\"item\":\"https:\\\/\\\/www.bellunopress.it\\\/\"},{\"@type\":\"ListItem\",\"position\":2,\"name\":\"Dalla Regione 2 milioni di euro per il restauro degli edifici di pregio veneti. Nel Bellunese solo Cortina ne beneficia con 250.000 euro\"}]},{\"@type\":\"WebSite\",\"@id\":\"https:\\\/\\\/www.bellunopress.it\\\/#website\",\"url\":\"https:\\\/\\\/www.bellunopress.it\\\/\",\"name\":\"Bellunopress - Dolomiti\",\"description\":\"e-mail: redazione@bellunopress.it\",\"publisher\":{\"@id\":\"https:\\\/\\\/www.bellunopress.it\\\/#organization\"},\"potentialAction\":[{\"@type\":\"SearchAction\",\"target\":{\"@type\":\"EntryPoint\",\"urlTemplate\":\"https:\\\/\\\/www.bellunopress.it\\\/?s={search_term_string}\"},\"query-input\":{\"@type\":\"PropertyValueSpecification\",\"valueRequired\":true,\"valueName\":\"search_term_string\"}}],\"inLanguage\":\"fr-FR\"},{\"@type\":\"Organization\",\"@id\":\"https:\\\/\\\/www.bellunopress.it\\\/#organization\",\"name\":\"Bellunopress\",\"url\":\"https:\\\/\\\/www.bellunopress.it\\\/\",\"logo\":{\"@type\":\"ImageObject\",\"inLanguage\":\"fr-FR\",\"@id\":\"https:\\\/\\\/www.bellunopress.it\\\/#\\\/schema\\\/logo\\\/image\\\/\",\"url\":\"https:\\\/\\\/www.bellunopress.it\\\/wp-content\\\/uploads\\\/2011\\\/05\\\/cropped-logo-bellunopress-.jpg\",\"contentUrl\":\"https:\\\/\\\/www.bellunopress.it\\\/wp-content\\\/uploads\\\/2011\\\/05\\\/cropped-logo-bellunopress-.jpg\",\"width\":512,\"height\":512,\"caption\":\"Bellunopress\"},\"image\":{\"@id\":\"https:\\\/\\\/www.bellunopress.it\\\/#\\\/schema\\\/logo\\\/image\\\/\"},\"sameAs\":[\"https:\\\/\\\/www.facebook.com\\\/profile.php?id=100008943462799\",\"https:\\\/\\\/x.com\\\/bellunopress\",\"https:\\\/\\\/www.linkedin.com\\\/hp\\\/?dnr=JBzUWaJfMUw8vbXJJ2tVW5-I3jZKvC4wsoxE&amp;amp;amp;amp;amp;amp;trk=nav_responsive_tab_home\",\"https:\\\/\\\/www.youtube.com\\\/channel\\\/UCxL0wu1uN0_3_7hGG0306cw\"]},{\"@type\":\"Person\",\"@id\":\"https:\\\/\\\/www.bellunopress.it\\\/#\\\/schema\\\/person\\\/79bb06722b37ece1c03d3e94beb30d73\",\"name\":\"redazione\",\"image\":{\"@type\":\"ImageObject\",\"inLanguage\":\"fr-FR\",\"@id\":\"https:\\\/\\\/secure.gravatar.com\\\/avatar\\\/37d968a2e67a6fd04c169c4bdef102d0bc5d31b2546345219e348575eb80e9a0?s=96&d=mm&r=g\",\"url\":\"https:\\\/\\\/secure.gravatar.com\\\/avatar\\\/37d968a2e67a6fd04c169c4bdef102d0bc5d31b2546345219e348575eb80e9a0?s=96&d=mm&r=g\",\"contentUrl\":\"https:\\\/\\\/secure.gravatar.com\\\/avatar\\\/37d968a2e67a6fd04c169c4bdef102d0bc5d31b2546345219e348575eb80e9a0?s=96&d=mm&r=g\",\"caption\":\"redazione\"},\"sameAs\":[\"http:\\\/\\\/www.bellunopress.it\",\"https:\\\/\\\/x.com\\\/bellunopress\"],\"url\":\"https:\\\/\\\/www.bellunopress.it\\\/fr\\\/author\\\/redazione\\\/\"}]}<\/script>\n<!-- \/ Yoast SEO plugin. -->","yoast_head_json":{"title":"Dalla Regione 2 milioni di euro per il restauro degli edifici di pregio veneti. Nel Bellunese solo Cortina ne beneficia con 250.000 euro - Bellunopress - Dolomiti","robots":{"index":"index","follow":"follow","max-snippet":"max-snippet:-1","max-image-preview":"max-image-preview:large","max-video-preview":"max-video-preview:-1"},"canonical":"https:\/\/www.bellunopress.it\/fr\/2009\/10\/31\/dalla-regione-2-milioni-di-euro-per-il-restauro-degli-edifici-di-pregio-veneti-nel-bellunese-solo-cortina-ne-beneficia-con-250000-euro\/","og_locale":"fr_FR","og_type":"article","og_title":"Dalla Regione 2 milioni di euro per il restauro degli edifici di pregio veneti. Nel Bellunese solo Cortina ne beneficia con 250.000 euro - Bellunopress - Dolomiti","og_description":"Dalla sala della carit\u00e0 nel complesso di San Francesco a Padova a palazzo Chiericati a Vicenza alla torre di Re Berengario a Torri del Benaco: gli interventi finanziati dalla Regione Veneto Due milioni di euro per finanziare il restauro di edifici storici di pregio di propriet\u00e0 di comuni e province: \u00e8 il contributo stanziato dalla [&hellip;]","og_url":"https:\/\/www.bellunopress.it\/fr\/2009\/10\/31\/dalla-regione-2-milioni-di-euro-per-il-restauro-degli-edifici-di-pregio-veneti-nel-bellunese-solo-cortina-ne-beneficia-con-250000-euro\/","og_site_name":"Bellunopress - Dolomiti","article_publisher":"https:\/\/www.facebook.com\/profile.php?id=100008943462799","article_published_time":"2009-10-31T18:31:09+00:00","article_modified_time":"2009-10-31T18:40:19+00:00","og_image":[{"url":"http:\/\/www.bellunopress.it\/wp-content\/uploads\/2012\/07\/logo-bellunopress-250x250-2012.jpg","type":"","width":"","height":""}],"author":"redazione","twitter_card":"summary_large_image","twitter_creator":"@bellunopress","twitter_site":"@bellunopress","twitter_misc":{"\u00c9crit par":"redazione","Dur\u00e9e de lecture estim\u00e9e":"2 minutes"},"schema":{"@context":"https:\/\/schema.org","@graph":[{"@type":"Article","@id":"https:\/\/www.bellunopress.it\/2009\/10\/31\/dalla-regione-2-milioni-di-euro-per-il-restauro-degli-edifici-di-pregio-veneti-nel-bellunese-solo-cortina-ne-beneficia-con-250000-euro\/#article","isPartOf":{"@id":"https:\/\/www.bellunopress.it\/2009\/10\/31\/dalla-regione-2-milioni-di-euro-per-il-restauro-degli-edifici-di-pregio-veneti-nel-bellunese-solo-cortina-ne-beneficia-con-250000-euro\/"},"author":{"name":"redazione","@id":"https:\/\/www.bellunopress.it\/#\/schema\/person\/79bb06722b37ece1c03d3e94beb30d73"},"headline":"Dalla Regione 2 milioni di euro per il restauro degli edifici di pregio veneti. Nel Bellunese solo Cortina ne beneficia con 250.000 euro","datePublished":"2009-10-31T18:31:09+00:00","dateModified":"2009-10-31T18:40:19+00:00","mainEntityOfPage":{"@id":"https:\/\/www.bellunopress.it\/2009\/10\/31\/dalla-regione-2-milioni-di-euro-per-il-restauro-degli-edifici-di-pregio-veneti-nel-bellunese-solo-cortina-ne-beneficia-con-250000-euro\/"},"wordCount":462,"publisher":{"@id":"https:\/\/www.bellunopress.it\/#organization"},"keywords":["Belluno"],"articleSection":["Cronaca\/Politica","Prima Pagina"],"inLanguage":"fr-FR"},{"@type":"WebPage","@id":"https:\/\/www.bellunopress.it\/2009\/10\/31\/dalla-regione-2-milioni-di-euro-per-il-restauro-degli-edifici-di-pregio-veneti-nel-bellunese-solo-cortina-ne-beneficia-con-250000-euro\/","url":"https:\/\/www.bellunopress.it\/2009\/10\/31\/dalla-regione-2-milioni-di-euro-per-il-restauro-degli-edifici-di-pregio-veneti-nel-bellunese-solo-cortina-ne-beneficia-con-250000-euro\/","name":"Dalla Regione 2 milioni di euro per il restauro degli edifici di pregio veneti. Nel Bellunese solo Cortina ne beneficia con 250.000 euro - Bellunopress - Dolomiti","isPartOf":{"@id":"https:\/\/www.bellunopress.it\/#website"},"datePublished":"2009-10-31T18:31:09+00:00","dateModified":"2009-10-31T18:40:19+00:00","breadcrumb":{"@id":"https:\/\/www.bellunopress.it\/2009\/10\/31\/dalla-regione-2-milioni-di-euro-per-il-restauro-degli-edifici-di-pregio-veneti-nel-bellunese-solo-cortina-ne-beneficia-con-250000-euro\/#breadcrumb"},"inLanguage":"fr-FR","potentialAction":[{"@type":"ReadAction","target":["https:\/\/www.bellunopress.it\/2009\/10\/31\/dalla-regione-2-milioni-di-euro-per-il-restauro-degli-edifici-di-pregio-veneti-nel-bellunese-solo-cortina-ne-beneficia-con-250000-euro\/"]}]},{"@type":"BreadcrumbList","@id":"https:\/\/www.bellunopress.it\/2009\/10\/31\/dalla-regione-2-milioni-di-euro-per-il-restauro-degli-edifici-di-pregio-veneti-nel-bellunese-solo-cortina-ne-beneficia-con-250000-euro\/#breadcrumb","itemListElement":[{"@type":"ListItem","position":1,"name":"Home","item":"https:\/\/www.bellunopress.it\/"},{"@type":"ListItem","position":2,"name":"Dalla Regione 2 milioni di euro per il restauro degli edifici di pregio veneti. Nel Bellunese solo Cortina ne beneficia con 250.000 euro"}]},{"@type":"WebSite","@id":"https:\/\/www.bellunopress.it\/#website","url":"https:\/\/www.bellunopress.it\/","name":"Bellunopress - Dolomiti","description":"e-mail: redazione@bellunopress.it","publisher":{"@id":"https:\/\/www.bellunopress.it\/#organization"},"potentialAction":[{"@type":"SearchAction","target":{"@type":"EntryPoint","urlTemplate":"https:\/\/www.bellunopress.it\/?s={search_term_string}"},"query-input":{"@type":"PropertyValueSpecification","valueRequired":true,"valueName":"search_term_string"}}],"inLanguage":"fr-FR"},{"@type":"Organization","@id":"https:\/\/www.bellunopress.it\/#organization","name":"Bellunopress","url":"https:\/\/www.bellunopress.it\/","logo":{"@type":"ImageObject","inLanguage":"fr-FR","@id":"https:\/\/www.bellunopress.it\/#\/schema\/logo\/image\/","url":"https:\/\/www.bellunopress.it\/wp-content\/uploads\/2011\/05\/cropped-logo-bellunopress-.jpg","contentUrl":"https:\/\/www.bellunopress.it\/wp-content\/uploads\/2011\/05\/cropped-logo-bellunopress-.jpg","width":512,"height":512,"caption":"Bellunopress"},"image":{"@id":"https:\/\/www.bellunopress.it\/#\/schema\/logo\/image\/"},"sameAs":["https:\/\/www.facebook.com\/profile.php?id=100008943462799","https:\/\/x.com\/bellunopress","https:\/\/www.linkedin.com\/hp\/?dnr=JBzUWaJfMUw8vbXJJ2tVW5-I3jZKvC4wsoxE&amp;amp;amp;amp;amp;amp;trk=nav_responsive_tab_home","https:\/\/www.youtube.com\/channel\/UCxL0wu1uN0_3_7hGG0306cw"]},{"@type":"Person","@id":"https:\/\/www.bellunopress.it\/#\/schema\/person\/79bb06722b37ece1c03d3e94beb30d73","name":"r\u00e9daction","image":{"@type":"ImageObject","inLanguage":"fr-FR","@id":"https:\/\/secure.gravatar.com\/avatar\/37d968a2e67a6fd04c169c4bdef102d0bc5d31b2546345219e348575eb80e9a0?s=96&d=mm&r=g","url":"https:\/\/secure.gravatar.com\/avatar\/37d968a2e67a6fd04c169c4bdef102d0bc5d31b2546345219e348575eb80e9a0?s=96&d=mm&r=g","contentUrl":"https:\/\/secure.gravatar.com\/avatar\/37d968a2e67a6fd04c169c4bdef102d0bc5d31b2546345219e348575eb80e9a0?s=96&d=mm&r=g","caption":"redazione"},"sameAs":["http:\/\/www.bellunopress.it","https:\/\/x.com\/bellunopress"],"url":"https:\/\/www.bellunopress.it\/fr\/author\/redazione\/"}]}},"_links":{"self":[{"href":"https:\/\/www.bellunopress.it\/fr\/wp-json\/wp\/v2\/posts\/9349","targetHints":{"allow":["GET"]}}],"collection":[{"href":"https:\/\/www.bellunopress.it\/fr\/wp-json\/wp\/v2\/posts"}],"about":[{"href":"https:\/\/www.bellunopress.it\/fr\/wp-json\/wp\/v2\/types\/post"}],"author":[{"embeddable":true,"href":"https:\/\/www.bellunopress.it\/fr\/wp-json\/wp\/v2\/users\/2"}],"replies":[{"embeddable":true,"href":"https:\/\/www.bellunopress.it\/fr\/wp-json\/wp\/v2\/comments?post=9349"}],"version-history":[{"count":2,"href":"https:\/\/www.bellunopress.it\/fr\/wp-json\/wp\/v2\/posts\/9349\/revisions"}],"predecessor-version":[{"id":9352,"href":"https:\/\/www.bellunopress.it\/fr\/wp-json\/wp\/v2\/posts\/9349\/revisions\/9352"}],"wp:attachment":[{"href":"https:\/\/www.bellunopress.it\/fr\/wp-json\/wp\/v2\/media?parent=9349"}],"wp:term":[{"taxonomy":"category","embeddable":true,"href":"https:\/\/www.bellunopress.it\/fr\/wp-json\/wp\/v2\/categories?post=9349"},{"taxonomy":"post_tag","embeddable":true,"href":"https:\/\/www.bellunopress.it\/fr\/wp-json\/wp\/v2\/tags?post=9349"}],"curies":[{"name":"wp","href":"https:\/\/api.w.org\/{rel}","templated":true}]}}