{"id":9345,"date":"2009-10-31T19:22:40","date_gmt":"2009-10-31T18:22:40","guid":{"rendered":"http:\/\/www.bellunopress.it\/?p=9345"},"modified":"2009-10-31T19:22:40","modified_gmt":"2009-10-31T18:22:40","slug":"oltre-5000-ore-allanno-di-volontariato-a-landris-di-sedico","status":"publish","type":"post","link":"https:\/\/www.bellunopress.it\/fr\/2009\/10\/31\/oltre-5000-ore-allanno-di-volontariato-a-landris-di-sedico\/","title":{"rendered":"Oltre 5.000 ore all&#8217;anno di volontariato a Landris di Sedico"},"content":{"rendered":"<p><a href=\"http:\/\/www.bellunopress.it\/wp-content\/uploads\/2009\/10\/volontarilandris1-leggera.jpg\"><img loading=\"lazy\" decoding=\"async\" class=\"alignleft size-medium wp-image-9346\" title=\"volontarilandris1-leggera\" src=\"http:\/\/www.bellunopress.it\/wp-content\/uploads\/2009\/10\/volontarilandris1-leggera.jpg\" alt=\"\" width=\"270\" height=\"180\" \/><\/a>E\u2019 questo il dato emerso nella giornata conclusiva del Corso per volontari organizzato dal Movimento Fraternit\u00e0. Oltre 5000 ore di volontariato all\u2019anno nella Comunit\u00e0 Fraternit\u00e0 di Landris di Sedico. Il dato \u00e8 emerso domenica scorsa 25 ottobre, durante la giornata conclusiva del corso per volontari tenutasi presso la sede del Movimento Fraternit\u00e0 di Landris. Corso promosso dalla stessa associazione in collaborazione con il Centro di servizio per il volontariato della provincia di Belluno, l\u2019Ulss 2 di Feltre, il Comune e la parrocchia di Sedico. Dopo un percorso impegnativo, durato alcuni mesi e guidato dal dottor Paolo della Rocca, una ventina di volontari hanno ricevuto l\u2019attestato di partecipazione. Scopo del corso, dal titolo significativo \u201cIl volontario della porta accanto\u201d, era quello di formare nuovi volontari per la comunit\u00e0 di recupero a Landris di Sedico e di sensibilizzare, in generale, sul tema dell\u2019aiuto gratuito che ogni cittadino \u00e8 chiamato a dare a chi \u00e8 in difficolt\u00e0.<br \/>\nNell\u2019occasione il presidente del Movimento Fraternit\u00e0 don Francesco Cassol ha affermato che in un anno presso la Comunit\u00e0 di Landris vengono svolte oltre cinquemila ore di volontariato. \u201cUn dato straordinario \u2013 ha detto don Cassol &#8211; che fa dire che c\u2019\u00e8 ancora tanta gente disponibile a mettersi in gioco e a dare una mano a chi \u00e8 in necessit\u00e0\u201d.<\/p>","protected":false},"excerpt":{"rendered":"<p>E\u2019 questo il dato emerso nella giornata conclusiva del Corso per volontari organizzato dal Movimento Fraternit\u00e0. Oltre 5000 ore di volontariato all\u2019anno nella Comunit\u00e0 Fraternit\u00e0 di Landris di Sedico. Il dato \u00e8 emerso domenica scorsa 25 ottobre, durante la giornata conclusiva del corso per volontari tenutasi presso la sede del Movimento Fraternit\u00e0 di Landris. Corso [&hellip;]<\/p>\n","protected":false},"author":2,"featured_media":0,"comment_status":"closed","ping_status":"open","sticky":false,"template":"","format":"standard","meta":{"footnotes":""},"categories":[25,8],"tags":[139,302],"class_list":["post-9345","post","type-post","status-publish","format-standard","category-pausa-caffe","category-societa-istituzioni","tag-belluno","tag-feltre"],"yoast_head":"<!-- This site is optimized with the Yoast SEO plugin v28.4 - https:\/\/yoast.com\/product\/yoast-seo-wordpress\/ -->\n<title>Oltre 5.000 ore all&#039;anno di volontariato a Landris di Sedico - Bellunopress - Dolomiti<\/title>\n<meta name=\"robots\" content=\"index, follow, max-snippet:-1, max-image-preview:large, max-video-preview:-1\" \/>\n<link rel=\"canonical\" href=\"https:\/\/www.bellunopress.it\/fr\/2009\/10\/31\/oltre-5000-ore-allanno-di-volontariato-a-landris-di-sedico\/\" \/>\n<meta property=\"og:locale\" content=\"fr_FR\" \/>\n<meta property=\"og:type\" content=\"article\" \/>\n<meta property=\"og:title\" content=\"Oltre 5.000 ore all&#039;anno di volontariato a Landris di Sedico - Bellunopress - Dolomiti\" \/>\n<meta property=\"og:description\" content=\"E\u2019 questo il dato emerso nella giornata conclusiva del Corso per volontari organizzato dal Movimento Fraternit\u00e0. Oltre 5000 ore di volontariato all\u2019anno nella Comunit\u00e0 Fraternit\u00e0 di Landris di Sedico. Il dato \u00e8 emerso domenica scorsa 25 ottobre, durante la giornata conclusiva del corso per volontari tenutasi presso la sede del Movimento Fraternit\u00e0 di Landris. Corso [&hellip;]\" \/>\n<meta property=\"og:url\" content=\"https:\/\/www.bellunopress.it\/fr\/2009\/10\/31\/oltre-5000-ore-allanno-di-volontariato-a-landris-di-sedico\/\" \/>\n<meta property=\"og:site_name\" content=\"Bellunopress - Dolomiti\" \/>\n<meta property=\"article:publisher\" content=\"https:\/\/www.facebook.com\/profile.php?id=100008943462799\" \/>\n<meta property=\"article:published_time\" content=\"2009-10-31T18:22:40+00:00\" \/>\n<meta property=\"og:image\" content=\"http:\/\/www.bellunopress.it\/wp-content\/uploads\/2009\/10\/volontarilandris1-leggera.jpg\" \/>\n<meta name=\"author\" content=\"redazione\" \/>\n<meta name=\"twitter:card\" content=\"summary_large_image\" \/>\n<meta name=\"twitter:creator\" content=\"@bellunopress\" \/>\n<meta name=\"twitter:site\" content=\"@bellunopress\" \/>\n<meta name=\"twitter:label1\" content=\"\u00c9crit par\" \/>\n\t<meta name=\"twitter:data1\" content=\"redazione\" \/>\n\t<meta name=\"twitter:label2\" content=\"Dur\u00e9e de lecture estim\u00e9e\" \/>\n\t<meta name=\"twitter:data2\" content=\"1 minute\" \/>\n<script type=\"application\/ld+json\" class=\"yoast-schema-graph\">{\"@context\":\"https:\\\/\\\/schema.org\",\"@graph\":[{\"@type\":\"Article\",\"@id\":\"https:\\\/\\\/www.bellunopress.it\\\/2009\\\/10\\\/31\\\/oltre-5000-ore-allanno-di-volontariato-a-landris-di-sedico\\\/#article\",\"isPartOf\":{\"@id\":\"https:\\\/\\\/www.bellunopress.it\\\/2009\\\/10\\\/31\\\/oltre-5000-ore-allanno-di-volontariato-a-landris-di-sedico\\\/\"},\"author\":{\"name\":\"redazione\",\"@id\":\"https:\\\/\\\/www.bellunopress.it\\\/#\\\/schema\\\/person\\\/79bb06722b37ece1c03d3e94beb30d73\"},\"headline\":\"Oltre 5.000 ore all&#8217;anno di volontariato a Landris di Sedico\",\"datePublished\":\"2009-10-31T18:22:40+00:00\",\"mainEntityOfPage\":{\"@id\":\"https:\\\/\\\/www.bellunopress.it\\\/2009\\\/10\\\/31\\\/oltre-5000-ore-allanno-di-volontariato-a-landris-di-sedico\\\/\"},\"wordCount\":220,\"publisher\":{\"@id\":\"https:\\\/\\\/www.bellunopress.it\\\/#organization\"},\"image\":{\"@id\":\"https:\\\/\\\/www.bellunopress.it\\\/2009\\\/10\\\/31\\\/oltre-5000-ore-allanno-di-volontariato-a-landris-di-sedico\\\/#primaryimage\"},\"thumbnailUrl\":\"http:\\\/\\\/www.bellunopress.it\\\/wp-content\\\/uploads\\\/2009\\\/10\\\/volontarilandris1-leggera.jpg\",\"keywords\":[\"Belluno\",\"Feltre\"],\"articleSection\":[\"Pausa Caff\u00e8\",\"Societ\u00e0, Associazioni, Istituzioni\"],\"inLanguage\":\"fr-FR\"},{\"@type\":\"WebPage\",\"@id\":\"https:\\\/\\\/www.bellunopress.it\\\/2009\\\/10\\\/31\\\/oltre-5000-ore-allanno-di-volontariato-a-landris-di-sedico\\\/\",\"url\":\"https:\\\/\\\/www.bellunopress.it\\\/2009\\\/10\\\/31\\\/oltre-5000-ore-allanno-di-volontariato-a-landris-di-sedico\\\/\",\"name\":\"Oltre 5.000 ore all'anno di volontariato a Landris di Sedico - Bellunopress - Dolomiti\",\"isPartOf\":{\"@id\":\"https:\\\/\\\/www.bellunopress.it\\\/#website\"},\"primaryImageOfPage\":{\"@id\":\"https:\\\/\\\/www.bellunopress.it\\\/2009\\\/10\\\/31\\\/oltre-5000-ore-allanno-di-volontariato-a-landris-di-sedico\\\/#primaryimage\"},\"image\":{\"@id\":\"https:\\\/\\\/www.bellunopress.it\\\/2009\\\/10\\\/31\\\/oltre-5000-ore-allanno-di-volontariato-a-landris-di-sedico\\\/#primaryimage\"},\"thumbnailUrl\":\"http:\\\/\\\/www.bellunopress.it\\\/wp-content\\\/uploads\\\/2009\\\/10\\\/volontarilandris1-leggera.jpg\",\"datePublished\":\"2009-10-31T18:22:40+00:00\",\"breadcrumb\":{\"@id\":\"https:\\\/\\\/www.bellunopress.it\\\/2009\\\/10\\\/31\\\/oltre-5000-ore-allanno-di-volontariato-a-landris-di-sedico\\\/#breadcrumb\"},\"inLanguage\":\"fr-FR\",\"potentialAction\":[{\"@type\":\"ReadAction\",\"target\":[\"https:\\\/\\\/www.bellunopress.it\\\/2009\\\/10\\\/31\\\/oltre-5000-ore-allanno-di-volontariato-a-landris-di-sedico\\\/\"]}]},{\"@type\":\"ImageObject\",\"inLanguage\":\"fr-FR\",\"@id\":\"https:\\\/\\\/www.bellunopress.it\\\/2009\\\/10\\\/31\\\/oltre-5000-ore-allanno-di-volontariato-a-landris-di-sedico\\\/#primaryimage\",\"url\":\"http:\\\/\\\/www.bellunopress.it\\\/wp-content\\\/uploads\\\/2009\\\/10\\\/volontarilandris1-leggera.jpg\",\"contentUrl\":\"http:\\\/\\\/www.bellunopress.it\\\/wp-content\\\/uploads\\\/2009\\\/10\\\/volontarilandris1-leggera.jpg\"},{\"@type\":\"BreadcrumbList\",\"@id\":\"https:\\\/\\\/www.bellunopress.it\\\/2009\\\/10\\\/31\\\/oltre-5000-ore-allanno-di-volontariato-a-landris-di-sedico\\\/#breadcrumb\",\"itemListElement\":[{\"@type\":\"ListItem\",\"position\":1,\"name\":\"Home\",\"item\":\"https:\\\/\\\/www.bellunopress.it\\\/\"},{\"@type\":\"ListItem\",\"position\":2,\"name\":\"Oltre 5.000 ore all&#8217;anno di volontariato a Landris di Sedico\"}]},{\"@type\":\"WebSite\",\"@id\":\"https:\\\/\\\/www.bellunopress.it\\\/#website\",\"url\":\"https:\\\/\\\/www.bellunopress.it\\\/\",\"name\":\"Bellunopress - Dolomiti\",\"description\":\"e-mail: redazione@bellunopress.it\",\"publisher\":{\"@id\":\"https:\\\/\\\/www.bellunopress.it\\\/#organization\"},\"potentialAction\":[{\"@type\":\"SearchAction\",\"target\":{\"@type\":\"EntryPoint\",\"urlTemplate\":\"https:\\\/\\\/www.bellunopress.it\\\/?s={search_term_string}\"},\"query-input\":{\"@type\":\"PropertyValueSpecification\",\"valueRequired\":true,\"valueName\":\"search_term_string\"}}],\"inLanguage\":\"fr-FR\"},{\"@type\":\"Organization\",\"@id\":\"https:\\\/\\\/www.bellunopress.it\\\/#organization\",\"name\":\"Bellunopress\",\"url\":\"https:\\\/\\\/www.bellunopress.it\\\/\",\"logo\":{\"@type\":\"ImageObject\",\"inLanguage\":\"fr-FR\",\"@id\":\"https:\\\/\\\/www.bellunopress.it\\\/#\\\/schema\\\/logo\\\/image\\\/\",\"url\":\"https:\\\/\\\/www.bellunopress.it\\\/wp-content\\\/uploads\\\/2011\\\/05\\\/cropped-logo-bellunopress-.jpg\",\"contentUrl\":\"https:\\\/\\\/www.bellunopress.it\\\/wp-content\\\/uploads\\\/2011\\\/05\\\/cropped-logo-bellunopress-.jpg\",\"width\":512,\"height\":512,\"caption\":\"Bellunopress\"},\"image\":{\"@id\":\"https:\\\/\\\/www.bellunopress.it\\\/#\\\/schema\\\/logo\\\/image\\\/\"},\"sameAs\":[\"https:\\\/\\\/www.facebook.com\\\/profile.php?id=100008943462799\",\"https:\\\/\\\/x.com\\\/bellunopress\",\"https:\\\/\\\/www.linkedin.com\\\/hp\\\/?dnr=JBzUWaJfMUw8vbXJJ2tVW5-I3jZKvC4wsoxE&amp;amp;amp;amp;amp;amp;trk=nav_responsive_tab_home\",\"https:\\\/\\\/www.youtube.com\\\/channel\\\/UCxL0wu1uN0_3_7hGG0306cw\"]},{\"@type\":\"Person\",\"@id\":\"https:\\\/\\\/www.bellunopress.it\\\/#\\\/schema\\\/person\\\/79bb06722b37ece1c03d3e94beb30d73\",\"name\":\"redazione\",\"image\":{\"@type\":\"ImageObject\",\"inLanguage\":\"fr-FR\",\"@id\":\"https:\\\/\\\/secure.gravatar.com\\\/avatar\\\/37d968a2e67a6fd04c169c4bdef102d0bc5d31b2546345219e348575eb80e9a0?s=96&d=mm&r=g\",\"url\":\"https:\\\/\\\/secure.gravatar.com\\\/avatar\\\/37d968a2e67a6fd04c169c4bdef102d0bc5d31b2546345219e348575eb80e9a0?s=96&d=mm&r=g\",\"contentUrl\":\"https:\\\/\\\/secure.gravatar.com\\\/avatar\\\/37d968a2e67a6fd04c169c4bdef102d0bc5d31b2546345219e348575eb80e9a0?s=96&d=mm&r=g\",\"caption\":\"redazione\"},\"sameAs\":[\"http:\\\/\\\/www.bellunopress.it\",\"https:\\\/\\\/x.com\\\/bellunopress\"],\"url\":\"https:\\\/\\\/www.bellunopress.it\\\/fr\\\/author\\\/redazione\\\/\"}]}<\/script>\n<!-- \/ Yoast SEO plugin. -->","yoast_head_json":{"title":"Oltre 5.000 ore all'anno di volontariato a Landris di Sedico - Bellunopress - Dolomiti","robots":{"index":"index","follow":"follow","max-snippet":"max-snippet:-1","max-image-preview":"max-image-preview:large","max-video-preview":"max-video-preview:-1"},"canonical":"https:\/\/www.bellunopress.it\/fr\/2009\/10\/31\/oltre-5000-ore-allanno-di-volontariato-a-landris-di-sedico\/","og_locale":"fr_FR","og_type":"article","og_title":"Oltre 5.000 ore all'anno di volontariato a Landris di Sedico - Bellunopress - Dolomiti","og_description":"E\u2019 questo il dato emerso nella giornata conclusiva del Corso per volontari organizzato dal Movimento Fraternit\u00e0. Oltre 5000 ore di volontariato all\u2019anno nella Comunit\u00e0 Fraternit\u00e0 di Landris di Sedico. Il dato \u00e8 emerso domenica scorsa 25 ottobre, durante la giornata conclusiva del corso per volontari tenutasi presso la sede del Movimento Fraternit\u00e0 di Landris. Corso [&hellip;]","og_url":"https:\/\/www.bellunopress.it\/fr\/2009\/10\/31\/oltre-5000-ore-allanno-di-volontariato-a-landris-di-sedico\/","og_site_name":"Bellunopress - Dolomiti","article_publisher":"https:\/\/www.facebook.com\/profile.php?id=100008943462799","article_published_time":"2009-10-31T18:22:40+00:00","og_image":[{"url":"http:\/\/www.bellunopress.it\/wp-content\/uploads\/2009\/10\/volontarilandris1-leggera.jpg","type":"","width":"","height":""}],"author":"redazione","twitter_card":"summary_large_image","twitter_creator":"@bellunopress","twitter_site":"@bellunopress","twitter_misc":{"\u00c9crit par":"redazione","Dur\u00e9e de lecture estim\u00e9e":"1 minute"},"schema":{"@context":"https:\/\/schema.org","@graph":[{"@type":"Article","@id":"https:\/\/www.bellunopress.it\/2009\/10\/31\/oltre-5000-ore-allanno-di-volontariato-a-landris-di-sedico\/#article","isPartOf":{"@id":"https:\/\/www.bellunopress.it\/2009\/10\/31\/oltre-5000-ore-allanno-di-volontariato-a-landris-di-sedico\/"},"author":{"name":"redazione","@id":"https:\/\/www.bellunopress.it\/#\/schema\/person\/79bb06722b37ece1c03d3e94beb30d73"},"headline":"Oltre 5.000 ore all&#8217;anno di volontariato a Landris di Sedico","datePublished":"2009-10-31T18:22:40+00:00","mainEntityOfPage":{"@id":"https:\/\/www.bellunopress.it\/2009\/10\/31\/oltre-5000-ore-allanno-di-volontariato-a-landris-di-sedico\/"},"wordCount":220,"publisher":{"@id":"https:\/\/www.bellunopress.it\/#organization"},"image":{"@id":"https:\/\/www.bellunopress.it\/2009\/10\/31\/oltre-5000-ore-allanno-di-volontariato-a-landris-di-sedico\/#primaryimage"},"thumbnailUrl":"http:\/\/www.bellunopress.it\/wp-content\/uploads\/2009\/10\/volontarilandris1-leggera.jpg","keywords":["Belluno","Feltre"],"articleSection":["Pausa Caff\u00e8","Societ\u00e0, Associazioni, Istituzioni"],"inLanguage":"fr-FR"},{"@type":"WebPage","@id":"https:\/\/www.bellunopress.it\/2009\/10\/31\/oltre-5000-ore-allanno-di-volontariato-a-landris-di-sedico\/","url":"https:\/\/www.bellunopress.it\/2009\/10\/31\/oltre-5000-ore-allanno-di-volontariato-a-landris-di-sedico\/","name":"Oltre 5.000 ore all'anno di volontariato a Landris di Sedico - Bellunopress - Dolomiti","isPartOf":{"@id":"https:\/\/www.bellunopress.it\/#website"},"primaryImageOfPage":{"@id":"https:\/\/www.bellunopress.it\/2009\/10\/31\/oltre-5000-ore-allanno-di-volontariato-a-landris-di-sedico\/#primaryimage"},"image":{"@id":"https:\/\/www.bellunopress.it\/2009\/10\/31\/oltre-5000-ore-allanno-di-volontariato-a-landris-di-sedico\/#primaryimage"},"thumbnailUrl":"http:\/\/www.bellunopress.it\/wp-content\/uploads\/2009\/10\/volontarilandris1-leggera.jpg","datePublished":"2009-10-31T18:22:40+00:00","breadcrumb":{"@id":"https:\/\/www.bellunopress.it\/2009\/10\/31\/oltre-5000-ore-allanno-di-volontariato-a-landris-di-sedico\/#breadcrumb"},"inLanguage":"fr-FR","potentialAction":[{"@type":"ReadAction","target":["https:\/\/www.bellunopress.it\/2009\/10\/31\/oltre-5000-ore-allanno-di-volontariato-a-landris-di-sedico\/"]}]},{"@type":"ImageObject","inLanguage":"fr-FR","@id":"https:\/\/www.bellunopress.it\/2009\/10\/31\/oltre-5000-ore-allanno-di-volontariato-a-landris-di-sedico\/#primaryimage","url":"http:\/\/www.bellunopress.it\/wp-content\/uploads\/2009\/10\/volontarilandris1-leggera.jpg","contentUrl":"http:\/\/www.bellunopress.it\/wp-content\/uploads\/2009\/10\/volontarilandris1-leggera.jpg"},{"@type":"BreadcrumbList","@id":"https:\/\/www.bellunopress.it\/2009\/10\/31\/oltre-5000-ore-allanno-di-volontariato-a-landris-di-sedico\/#breadcrumb","itemListElement":[{"@type":"ListItem","position":1,"name":"Home","item":"https:\/\/www.bellunopress.it\/"},{"@type":"ListItem","position":2,"name":"Oltre 5.000 ore all&#8217;anno di volontariato a Landris di Sedico"}]},{"@type":"WebSite","@id":"https:\/\/www.bellunopress.it\/#website","url":"https:\/\/www.bellunopress.it\/","name":"Bellunopress - Dolomiti","description":"e-mail: redazione@bellunopress.it","publisher":{"@id":"https:\/\/www.bellunopress.it\/#organization"},"potentialAction":[{"@type":"SearchAction","target":{"@type":"EntryPoint","urlTemplate":"https:\/\/www.bellunopress.it\/?s={search_term_string}"},"query-input":{"@type":"PropertyValueSpecification","valueRequired":true,"valueName":"search_term_string"}}],"inLanguage":"fr-FR"},{"@type":"Organization","@id":"https:\/\/www.bellunopress.it\/#organization","name":"Bellunopress","url":"https:\/\/www.bellunopress.it\/","logo":{"@type":"ImageObject","inLanguage":"fr-FR","@id":"https:\/\/www.bellunopress.it\/#\/schema\/logo\/image\/","url":"https:\/\/www.bellunopress.it\/wp-content\/uploads\/2011\/05\/cropped-logo-bellunopress-.jpg","contentUrl":"https:\/\/www.bellunopress.it\/wp-content\/uploads\/2011\/05\/cropped-logo-bellunopress-.jpg","width":512,"height":512,"caption":"Bellunopress"},"image":{"@id":"https:\/\/www.bellunopress.it\/#\/schema\/logo\/image\/"},"sameAs":["https:\/\/www.facebook.com\/profile.php?id=100008943462799","https:\/\/x.com\/bellunopress","https:\/\/www.linkedin.com\/hp\/?dnr=JBzUWaJfMUw8vbXJJ2tVW5-I3jZKvC4wsoxE&amp;amp;amp;amp;amp;amp;trk=nav_responsive_tab_home","https:\/\/www.youtube.com\/channel\/UCxL0wu1uN0_3_7hGG0306cw"]},{"@type":"Person","@id":"https:\/\/www.bellunopress.it\/#\/schema\/person\/79bb06722b37ece1c03d3e94beb30d73","name":"r\u00e9daction","image":{"@type":"ImageObject","inLanguage":"fr-FR","@id":"https:\/\/secure.gravatar.com\/avatar\/37d968a2e67a6fd04c169c4bdef102d0bc5d31b2546345219e348575eb80e9a0?s=96&d=mm&r=g","url":"https:\/\/secure.gravatar.com\/avatar\/37d968a2e67a6fd04c169c4bdef102d0bc5d31b2546345219e348575eb80e9a0?s=96&d=mm&r=g","contentUrl":"https:\/\/secure.gravatar.com\/avatar\/37d968a2e67a6fd04c169c4bdef102d0bc5d31b2546345219e348575eb80e9a0?s=96&d=mm&r=g","caption":"redazione"},"sameAs":["http:\/\/www.bellunopress.it","https:\/\/x.com\/bellunopress"],"url":"https:\/\/www.bellunopress.it\/fr\/author\/redazione\/"}]}},"_links":{"self":[{"href":"https:\/\/www.bellunopress.it\/fr\/wp-json\/wp\/v2\/posts\/9345","targetHints":{"allow":["GET"]}}],"collection":[{"href":"https:\/\/www.bellunopress.it\/fr\/wp-json\/wp\/v2\/posts"}],"about":[{"href":"https:\/\/www.bellunopress.it\/fr\/wp-json\/wp\/v2\/types\/post"}],"author":[{"embeddable":true,"href":"https:\/\/www.bellunopress.it\/fr\/wp-json\/wp\/v2\/users\/2"}],"replies":[{"embeddable":true,"href":"https:\/\/www.bellunopress.it\/fr\/wp-json\/wp\/v2\/comments?post=9345"}],"version-history":[{"count":2,"href":"https:\/\/www.bellunopress.it\/fr\/wp-json\/wp\/v2\/posts\/9345\/revisions"}],"predecessor-version":[{"id":9348,"href":"https:\/\/www.bellunopress.it\/fr\/wp-json\/wp\/v2\/posts\/9345\/revisions\/9348"}],"wp:attachment":[{"href":"https:\/\/www.bellunopress.it\/fr\/wp-json\/wp\/v2\/media?parent=9345"}],"wp:term":[{"taxonomy":"category","embeddable":true,"href":"https:\/\/www.bellunopress.it\/fr\/wp-json\/wp\/v2\/categories?post=9345"},{"taxonomy":"post_tag","embeddable":true,"href":"https:\/\/www.bellunopress.it\/fr\/wp-json\/wp\/v2\/tags?post=9345"}],"curies":[{"name":"wp","href":"https:\/\/api.w.org\/{rel}","templated":true}]}}