{"id":9332,"date":"2009-10-31T18:08:02","date_gmt":"2009-10-31T17:08:02","guid":{"rendered":"http:\/\/www.bellunopress.it\/?p=9332"},"modified":"2009-10-31T18:08:53","modified_gmt":"2009-10-31T17:08:53","slug":"inaugurata-a-longarone-fiere-la-32a-arredamont-la-grande-fiera-dellarredamento-di-montagna","status":"publish","type":"post","link":"https:\/\/www.bellunopress.it\/fr\/2009\/10\/31\/inaugurata-a-longarone-fiere-la-32a-arredamont-la-grande-fiera-dellarredamento-di-montagna\/","title":{"rendered":"Inaugurata sabato a Longarone Fiere la 32a Arredamont, la grande fiera dell&#8217;arredamento di montagna"},"content":{"rendered":"<p>\u201cVengo sempre con piacere a Longarone per ammirare manifestazioni come questa che rappresentano la vivacit\u00e0 di un comparto, che vuole uscire dalle difficolt\u00e0 congiunturali. L\u2019impegno che sto portando avanti a livello europeo \u00e8 di avere un occhio di riguardo verso la montagna, le cui peculiarit\u00e0 sono uniche e vanno sostenute\u201d. Con queste parole l\u2019europarlamentare, on. Giancarlo Scott\u00e0 ha aperto oggi a Longarone Fiere (Belluno) la 32. edizione di Arredamont, la mostra per eccellenza dell\u2019arredare in montagna, che si concluder\u00e0 domenica 8 novembre. Una rassegna che si conferma anche quest\u2019anno come un evento altamente specializzato in grado di soddisfare le esigenze del grande pubblico alla ricerca delle migliori soluzioni per arredare le proprie abitazioni.<br \/>\nAlla cerimonia inaugurale, dopo gli interventi del sindaco di Longarone, Roberto Padrin e dell\u2019assessore provinciale, Stefano De Gan, il presidente di Longarone Fiere, Giovanni De Lorenzi ha sottolineato l\u2019importanza di Arredamont nel quadro economico generale. \u201cOccorre subito dire che definire stupefacente il percorso di Arredamont dal suo esordio, nel 1978, ad oggi \u00e8 usare un aggettivo riduttivo rispetto al valore di un evento di promozione economica che in trentuno edizioni si \u00e8 fatta vedere da oltre 1.200.000 visitatori, senza mai subire un raffreddamento da parte del grande pubblico che nell\u2019ultima settimana di ottobre o, come in questa occasione, la prima di novembre, rinnova il proprio appuntamento con la fiera dell\u2019arredare in montagna\u201d.<br \/>\nIn fiera i visitatori potranno trovare anche quest\u2019anno una variet\u00e0 di proposte unica nel suo genere, con la presenza di 275 marchi aziendali, provenienti da 11 Regioni italiane e 4 Paesi esteri, dove, accanto al comparto del legno, trovano ampio spazio anche le proposte legate al riscaldamento naturale, con in primo piano le famose stufe tirolesi in maiolica, entrate ormai a far parte a pieno titolo dell\u2019arredamento della casa di montagna. Sono presenti inoltre le aziende leader specializzate nella realizzazione di arredamenti completi, infissi, senza dimenticare le proposte particolari per le camere o il bagno, i tendaggi, piumini, tappeti, impiantistica e molto altro ancora.<br \/>\nBuono gi\u00e0 l\u2019afflusso in fiera nella giornata odierna, che ha visto, nel pomeriggio, allo stand Liquigas, la visita del ciclista Franco Pellizotti, vincitore della maglia a pois al recente Tour de France, che ha incontrato i propri tifosi rispondendo alle domande degli appassionati delle due ruote.<br \/>\nDomani, domenica 1 novembre, ad Arredamont (l\u2019orario di apertura \u00e8 continuato dalle 10 alle 20) \u00e8 atteso il pubblico delle grandi occasioni. Tra gli eventi collaterali alle ore 17.30 (Sala Barel) si terr\u00e0 l\u2019incontro sul tema: \u201cL\u2019artigianato artistico ai primi del \u2018900\u201d, a cura delle aziende Imap Casa e Donna Impresa.<\/p>","protected":false},"excerpt":{"rendered":"<p>\u201cVengo sempre con piacere a Longarone per ammirare manifestazioni come questa che rappresentano la vivacit\u00e0 di un comparto, che vuole uscire dalle difficolt\u00e0 congiunturali. L\u2019impegno che sto portando avanti a livello europeo \u00e8 di avere un occhio di riguardo verso la montagna, le cui peculiarit\u00e0 sono uniche e vanno sostenute\u201d. Con queste parole l\u2019europarlamentare, on. [&hellip;]<\/p>\n","protected":false},"author":2,"featured_media":0,"comment_status":"closed","ping_status":"open","sticky":false,"template":"","format":"standard","meta":{"footnotes":""},"categories":[36,26],"tags":[139],"class_list":["post-9332","post","type-post","status-publish","format-standard","category-lavoro-economia","category-prima-pagina","tag-belluno"],"yoast_head":"<!-- This site is optimized with the Yoast SEO plugin v28.4 - https:\/\/yoast.com\/product\/yoast-seo-wordpress\/ -->\n<title>Inaugurata sabato a Longarone Fiere la 32a Arredamont, la grande fiera dell&#039;arredamento di montagna - Bellunopress - Dolomiti<\/title>\n<meta name=\"robots\" content=\"index, follow, max-snippet:-1, max-image-preview:large, max-video-preview:-1\" \/>\n<link rel=\"canonical\" href=\"https:\/\/www.bellunopress.it\/fr\/2009\/10\/31\/inaugurata-a-longarone-fiere-la-32a-arredamont-la-grande-fiera-dellarredamento-di-montagna\/\" \/>\n<meta property=\"og:locale\" content=\"fr_FR\" \/>\n<meta property=\"og:type\" content=\"article\" \/>\n<meta property=\"og:title\" content=\"Inaugurata sabato a Longarone Fiere la 32a Arredamont, la grande fiera dell&#039;arredamento di montagna - Bellunopress - Dolomiti\" \/>\n<meta property=\"og:description\" content=\"\u201cVengo sempre con piacere a Longarone per ammirare manifestazioni come questa che rappresentano la vivacit\u00e0 di un comparto, che vuole uscire dalle difficolt\u00e0 congiunturali. L\u2019impegno che sto portando avanti a livello europeo \u00e8 di avere un occhio di riguardo verso la montagna, le cui peculiarit\u00e0 sono uniche e vanno sostenute\u201d. Con queste parole l\u2019europarlamentare, on. [&hellip;]\" \/>\n<meta property=\"og:url\" content=\"https:\/\/www.bellunopress.it\/fr\/2009\/10\/31\/inaugurata-a-longarone-fiere-la-32a-arredamont-la-grande-fiera-dellarredamento-di-montagna\/\" \/>\n<meta property=\"og:site_name\" content=\"Bellunopress - Dolomiti\" \/>\n<meta property=\"article:publisher\" content=\"https:\/\/www.facebook.com\/profile.php?id=100008943462799\" \/>\n<meta property=\"article:published_time\" content=\"2009-10-31T17:08:02+00:00\" \/>\n<meta property=\"article:modified_time\" content=\"2009-10-31T17:08:53+00:00\" \/>\n<meta property=\"og:image\" content=\"http:\/\/www.bellunopress.it\/wp-content\/uploads\/2012\/07\/logo-bellunopress-250x250-2012.jpg\" \/>\n<meta name=\"author\" content=\"redazione\" \/>\n<meta name=\"twitter:card\" content=\"summary_large_image\" \/>\n<meta name=\"twitter:creator\" content=\"@bellunopress\" \/>\n<meta name=\"twitter:site\" content=\"@bellunopress\" \/>\n<meta name=\"twitter:label1\" content=\"\u00c9crit par\" \/>\n\t<meta name=\"twitter:data1\" content=\"redazione\" \/>\n\t<meta name=\"twitter:label2\" content=\"Dur\u00e9e de lecture estim\u00e9e\" \/>\n\t<meta name=\"twitter:data2\" content=\"2 minutes\" \/>\n<script type=\"application\/ld+json\" class=\"yoast-schema-graph\">{\"@context\":\"https:\\\/\\\/schema.org\",\"@graph\":[{\"@type\":\"Article\",\"@id\":\"https:\\\/\\\/www.bellunopress.it\\\/2009\\\/10\\\/31\\\/inaugurata-a-longarone-fiere-la-32a-arredamont-la-grande-fiera-dellarredamento-di-montagna\\\/#article\",\"isPartOf\":{\"@id\":\"https:\\\/\\\/www.bellunopress.it\\\/2009\\\/10\\\/31\\\/inaugurata-a-longarone-fiere-la-32a-arredamont-la-grande-fiera-dellarredamento-di-montagna\\\/\"},\"author\":{\"name\":\"redazione\",\"@id\":\"https:\\\/\\\/www.bellunopress.it\\\/#\\\/schema\\\/person\\\/79bb06722b37ece1c03d3e94beb30d73\"},\"headline\":\"Inaugurata sabato a Longarone Fiere la 32a Arredamont, la grande fiera dell&#8217;arredamento di montagna\",\"datePublished\":\"2009-10-31T17:08:02+00:00\",\"dateModified\":\"2009-10-31T17:08:53+00:00\",\"mainEntityOfPage\":{\"@id\":\"https:\\\/\\\/www.bellunopress.it\\\/2009\\\/10\\\/31\\\/inaugurata-a-longarone-fiere-la-32a-arredamont-la-grande-fiera-dellarredamento-di-montagna\\\/\"},\"wordCount\":438,\"publisher\":{\"@id\":\"https:\\\/\\\/www.bellunopress.it\\\/#organization\"},\"keywords\":[\"Belluno\"],\"articleSection\":[\"Lavoro, Economia, Turismo\",\"Prima Pagina\"],\"inLanguage\":\"fr-FR\"},{\"@type\":\"WebPage\",\"@id\":\"https:\\\/\\\/www.bellunopress.it\\\/2009\\\/10\\\/31\\\/inaugurata-a-longarone-fiere-la-32a-arredamont-la-grande-fiera-dellarredamento-di-montagna\\\/\",\"url\":\"https:\\\/\\\/www.bellunopress.it\\\/2009\\\/10\\\/31\\\/inaugurata-a-longarone-fiere-la-32a-arredamont-la-grande-fiera-dellarredamento-di-montagna\\\/\",\"name\":\"Inaugurata sabato a Longarone Fiere la 32a Arredamont, la grande fiera dell'arredamento di montagna - Bellunopress - Dolomiti\",\"isPartOf\":{\"@id\":\"https:\\\/\\\/www.bellunopress.it\\\/#website\"},\"datePublished\":\"2009-10-31T17:08:02+00:00\",\"dateModified\":\"2009-10-31T17:08:53+00:00\",\"breadcrumb\":{\"@id\":\"https:\\\/\\\/www.bellunopress.it\\\/2009\\\/10\\\/31\\\/inaugurata-a-longarone-fiere-la-32a-arredamont-la-grande-fiera-dellarredamento-di-montagna\\\/#breadcrumb\"},\"inLanguage\":\"fr-FR\",\"potentialAction\":[{\"@type\":\"ReadAction\",\"target\":[\"https:\\\/\\\/www.bellunopress.it\\\/2009\\\/10\\\/31\\\/inaugurata-a-longarone-fiere-la-32a-arredamont-la-grande-fiera-dellarredamento-di-montagna\\\/\"]}]},{\"@type\":\"BreadcrumbList\",\"@id\":\"https:\\\/\\\/www.bellunopress.it\\\/2009\\\/10\\\/31\\\/inaugurata-a-longarone-fiere-la-32a-arredamont-la-grande-fiera-dellarredamento-di-montagna\\\/#breadcrumb\",\"itemListElement\":[{\"@type\":\"ListItem\",\"position\":1,\"name\":\"Home\",\"item\":\"https:\\\/\\\/www.bellunopress.it\\\/\"},{\"@type\":\"ListItem\",\"position\":2,\"name\":\"Inaugurata sabato a Longarone Fiere la 32a Arredamont, la grande fiera dell&#8217;arredamento di montagna\"}]},{\"@type\":\"WebSite\",\"@id\":\"https:\\\/\\\/www.bellunopress.it\\\/#website\",\"url\":\"https:\\\/\\\/www.bellunopress.it\\\/\",\"name\":\"Bellunopress - Dolomiti\",\"description\":\"e-mail: redazione@bellunopress.it\",\"publisher\":{\"@id\":\"https:\\\/\\\/www.bellunopress.it\\\/#organization\"},\"potentialAction\":[{\"@type\":\"SearchAction\",\"target\":{\"@type\":\"EntryPoint\",\"urlTemplate\":\"https:\\\/\\\/www.bellunopress.it\\\/?s={search_term_string}\"},\"query-input\":{\"@type\":\"PropertyValueSpecification\",\"valueRequired\":true,\"valueName\":\"search_term_string\"}}],\"inLanguage\":\"fr-FR\"},{\"@type\":\"Organization\",\"@id\":\"https:\\\/\\\/www.bellunopress.it\\\/#organization\",\"name\":\"Bellunopress\",\"url\":\"https:\\\/\\\/www.bellunopress.it\\\/\",\"logo\":{\"@type\":\"ImageObject\",\"inLanguage\":\"fr-FR\",\"@id\":\"https:\\\/\\\/www.bellunopress.it\\\/#\\\/schema\\\/logo\\\/image\\\/\",\"url\":\"https:\\\/\\\/www.bellunopress.it\\\/wp-content\\\/uploads\\\/2011\\\/05\\\/cropped-logo-bellunopress-.jpg\",\"contentUrl\":\"https:\\\/\\\/www.bellunopress.it\\\/wp-content\\\/uploads\\\/2011\\\/05\\\/cropped-logo-bellunopress-.jpg\",\"width\":512,\"height\":512,\"caption\":\"Bellunopress\"},\"image\":{\"@id\":\"https:\\\/\\\/www.bellunopress.it\\\/#\\\/schema\\\/logo\\\/image\\\/\"},\"sameAs\":[\"https:\\\/\\\/www.facebook.com\\\/profile.php?id=100008943462799\",\"https:\\\/\\\/x.com\\\/bellunopress\",\"https:\\\/\\\/www.linkedin.com\\\/hp\\\/?dnr=JBzUWaJfMUw8vbXJJ2tVW5-I3jZKvC4wsoxE&amp;amp;amp;amp;amp;amp;trk=nav_responsive_tab_home\",\"https:\\\/\\\/www.youtube.com\\\/channel\\\/UCxL0wu1uN0_3_7hGG0306cw\"]},{\"@type\":\"Person\",\"@id\":\"https:\\\/\\\/www.bellunopress.it\\\/#\\\/schema\\\/person\\\/79bb06722b37ece1c03d3e94beb30d73\",\"name\":\"redazione\",\"image\":{\"@type\":\"ImageObject\",\"inLanguage\":\"fr-FR\",\"@id\":\"https:\\\/\\\/secure.gravatar.com\\\/avatar\\\/37d968a2e67a6fd04c169c4bdef102d0bc5d31b2546345219e348575eb80e9a0?s=96&d=mm&r=g\",\"url\":\"https:\\\/\\\/secure.gravatar.com\\\/avatar\\\/37d968a2e67a6fd04c169c4bdef102d0bc5d31b2546345219e348575eb80e9a0?s=96&d=mm&r=g\",\"contentUrl\":\"https:\\\/\\\/secure.gravatar.com\\\/avatar\\\/37d968a2e67a6fd04c169c4bdef102d0bc5d31b2546345219e348575eb80e9a0?s=96&d=mm&r=g\",\"caption\":\"redazione\"},\"sameAs\":[\"http:\\\/\\\/www.bellunopress.it\",\"https:\\\/\\\/x.com\\\/bellunopress\"],\"url\":\"https:\\\/\\\/www.bellunopress.it\\\/fr\\\/author\\\/redazione\\\/\"}]}<\/script>\n<!-- \/ Yoast SEO plugin. -->","yoast_head_json":{"title":"Inaugurata sabato a Longarone Fiere la 32a Arredamont, la grande fiera dell'arredamento di montagna - Bellunopress - Dolomiti","robots":{"index":"index","follow":"follow","max-snippet":"max-snippet:-1","max-image-preview":"max-image-preview:large","max-video-preview":"max-video-preview:-1"},"canonical":"https:\/\/www.bellunopress.it\/fr\/2009\/10\/31\/inaugurata-a-longarone-fiere-la-32a-arredamont-la-grande-fiera-dellarredamento-di-montagna\/","og_locale":"fr_FR","og_type":"article","og_title":"Inaugurata sabato a Longarone Fiere la 32a Arredamont, la grande fiera dell'arredamento di montagna - Bellunopress - Dolomiti","og_description":"\u201cVengo sempre con piacere a Longarone per ammirare manifestazioni come questa che rappresentano la vivacit\u00e0 di un comparto, che vuole uscire dalle difficolt\u00e0 congiunturali. L\u2019impegno che sto portando avanti a livello europeo \u00e8 di avere un occhio di riguardo verso la montagna, le cui peculiarit\u00e0 sono uniche e vanno sostenute\u201d. Con queste parole l\u2019europarlamentare, on. [&hellip;]","og_url":"https:\/\/www.bellunopress.it\/fr\/2009\/10\/31\/inaugurata-a-longarone-fiere-la-32a-arredamont-la-grande-fiera-dellarredamento-di-montagna\/","og_site_name":"Bellunopress - Dolomiti","article_publisher":"https:\/\/www.facebook.com\/profile.php?id=100008943462799","article_published_time":"2009-10-31T17:08:02+00:00","article_modified_time":"2009-10-31T17:08:53+00:00","og_image":[{"url":"http:\/\/www.bellunopress.it\/wp-content\/uploads\/2012\/07\/logo-bellunopress-250x250-2012.jpg","type":"","width":"","height":""}],"author":"redazione","twitter_card":"summary_large_image","twitter_creator":"@bellunopress","twitter_site":"@bellunopress","twitter_misc":{"\u00c9crit par":"redazione","Dur\u00e9e de lecture estim\u00e9e":"2 minutes"},"schema":{"@context":"https:\/\/schema.org","@graph":[{"@type":"Article","@id":"https:\/\/www.bellunopress.it\/2009\/10\/31\/inaugurata-a-longarone-fiere-la-32a-arredamont-la-grande-fiera-dellarredamento-di-montagna\/#article","isPartOf":{"@id":"https:\/\/www.bellunopress.it\/2009\/10\/31\/inaugurata-a-longarone-fiere-la-32a-arredamont-la-grande-fiera-dellarredamento-di-montagna\/"},"author":{"name":"redazione","@id":"https:\/\/www.bellunopress.it\/#\/schema\/person\/79bb06722b37ece1c03d3e94beb30d73"},"headline":"Inaugurata sabato a Longarone Fiere la 32a Arredamont, la grande fiera dell&#8217;arredamento di montagna","datePublished":"2009-10-31T17:08:02+00:00","dateModified":"2009-10-31T17:08:53+00:00","mainEntityOfPage":{"@id":"https:\/\/www.bellunopress.it\/2009\/10\/31\/inaugurata-a-longarone-fiere-la-32a-arredamont-la-grande-fiera-dellarredamento-di-montagna\/"},"wordCount":438,"publisher":{"@id":"https:\/\/www.bellunopress.it\/#organization"},"keywords":["Belluno"],"articleSection":["Lavoro, Economia, Turismo","Prima Pagina"],"inLanguage":"fr-FR"},{"@type":"WebPage","@id":"https:\/\/www.bellunopress.it\/2009\/10\/31\/inaugurata-a-longarone-fiere-la-32a-arredamont-la-grande-fiera-dellarredamento-di-montagna\/","url":"https:\/\/www.bellunopress.it\/2009\/10\/31\/inaugurata-a-longarone-fiere-la-32a-arredamont-la-grande-fiera-dellarredamento-di-montagna\/","name":"Inaugurata sabato a Longarone Fiere la 32a Arredamont, la grande fiera dell'arredamento di montagna - Bellunopress - Dolomiti","isPartOf":{"@id":"https:\/\/www.bellunopress.it\/#website"},"datePublished":"2009-10-31T17:08:02+00:00","dateModified":"2009-10-31T17:08:53+00:00","breadcrumb":{"@id":"https:\/\/www.bellunopress.it\/2009\/10\/31\/inaugurata-a-longarone-fiere-la-32a-arredamont-la-grande-fiera-dellarredamento-di-montagna\/#breadcrumb"},"inLanguage":"fr-FR","potentialAction":[{"@type":"ReadAction","target":["https:\/\/www.bellunopress.it\/2009\/10\/31\/inaugurata-a-longarone-fiere-la-32a-arredamont-la-grande-fiera-dellarredamento-di-montagna\/"]}]},{"@type":"BreadcrumbList","@id":"https:\/\/www.bellunopress.it\/2009\/10\/31\/inaugurata-a-longarone-fiere-la-32a-arredamont-la-grande-fiera-dellarredamento-di-montagna\/#breadcrumb","itemListElement":[{"@type":"ListItem","position":1,"name":"Home","item":"https:\/\/www.bellunopress.it\/"},{"@type":"ListItem","position":2,"name":"Inaugurata sabato a Longarone Fiere la 32a Arredamont, la grande fiera dell&#8217;arredamento di montagna"}]},{"@type":"WebSite","@id":"https:\/\/www.bellunopress.it\/#website","url":"https:\/\/www.bellunopress.it\/","name":"Bellunopress - Dolomiti","description":"e-mail: redazione@bellunopress.it","publisher":{"@id":"https:\/\/www.bellunopress.it\/#organization"},"potentialAction":[{"@type":"SearchAction","target":{"@type":"EntryPoint","urlTemplate":"https:\/\/www.bellunopress.it\/?s={search_term_string}"},"query-input":{"@type":"PropertyValueSpecification","valueRequired":true,"valueName":"search_term_string"}}],"inLanguage":"fr-FR"},{"@type":"Organization","@id":"https:\/\/www.bellunopress.it\/#organization","name":"Bellunopress","url":"https:\/\/www.bellunopress.it\/","logo":{"@type":"ImageObject","inLanguage":"fr-FR","@id":"https:\/\/www.bellunopress.it\/#\/schema\/logo\/image\/","url":"https:\/\/www.bellunopress.it\/wp-content\/uploads\/2011\/05\/cropped-logo-bellunopress-.jpg","contentUrl":"https:\/\/www.bellunopress.it\/wp-content\/uploads\/2011\/05\/cropped-logo-bellunopress-.jpg","width":512,"height":512,"caption":"Bellunopress"},"image":{"@id":"https:\/\/www.bellunopress.it\/#\/schema\/logo\/image\/"},"sameAs":["https:\/\/www.facebook.com\/profile.php?id=100008943462799","https:\/\/x.com\/bellunopress","https:\/\/www.linkedin.com\/hp\/?dnr=JBzUWaJfMUw8vbXJJ2tVW5-I3jZKvC4wsoxE&amp;amp;amp;amp;amp;amp;trk=nav_responsive_tab_home","https:\/\/www.youtube.com\/channel\/UCxL0wu1uN0_3_7hGG0306cw"]},{"@type":"Person","@id":"https:\/\/www.bellunopress.it\/#\/schema\/person\/79bb06722b37ece1c03d3e94beb30d73","name":"r\u00e9daction","image":{"@type":"ImageObject","inLanguage":"fr-FR","@id":"https:\/\/secure.gravatar.com\/avatar\/37d968a2e67a6fd04c169c4bdef102d0bc5d31b2546345219e348575eb80e9a0?s=96&d=mm&r=g","url":"https:\/\/secure.gravatar.com\/avatar\/37d968a2e67a6fd04c169c4bdef102d0bc5d31b2546345219e348575eb80e9a0?s=96&d=mm&r=g","contentUrl":"https:\/\/secure.gravatar.com\/avatar\/37d968a2e67a6fd04c169c4bdef102d0bc5d31b2546345219e348575eb80e9a0?s=96&d=mm&r=g","caption":"redazione"},"sameAs":["http:\/\/www.bellunopress.it","https:\/\/x.com\/bellunopress"],"url":"https:\/\/www.bellunopress.it\/fr\/author\/redazione\/"}]}},"_links":{"self":[{"href":"https:\/\/www.bellunopress.it\/fr\/wp-json\/wp\/v2\/posts\/9332","targetHints":{"allow":["GET"]}}],"collection":[{"href":"https:\/\/www.bellunopress.it\/fr\/wp-json\/wp\/v2\/posts"}],"about":[{"href":"https:\/\/www.bellunopress.it\/fr\/wp-json\/wp\/v2\/types\/post"}],"author":[{"embeddable":true,"href":"https:\/\/www.bellunopress.it\/fr\/wp-json\/wp\/v2\/users\/2"}],"replies":[{"embeddable":true,"href":"https:\/\/www.bellunopress.it\/fr\/wp-json\/wp\/v2\/comments?post=9332"}],"version-history":[{"count":2,"href":"https:\/\/www.bellunopress.it\/fr\/wp-json\/wp\/v2\/posts\/9332\/revisions"}],"predecessor-version":[{"id":9335,"href":"https:\/\/www.bellunopress.it\/fr\/wp-json\/wp\/v2\/posts\/9332\/revisions\/9335"}],"wp:attachment":[{"href":"https:\/\/www.bellunopress.it\/fr\/wp-json\/wp\/v2\/media?parent=9332"}],"wp:term":[{"taxonomy":"category","embeddable":true,"href":"https:\/\/www.bellunopress.it\/fr\/wp-json\/wp\/v2\/categories?post=9332"},{"taxonomy":"post_tag","embeddable":true,"href":"https:\/\/www.bellunopress.it\/fr\/wp-json\/wp\/v2\/tags?post=9332"}],"curies":[{"name":"wp","href":"https:\/\/api.w.org\/{rel}","templated":true}]}}