{"id":9327,"date":"2009-10-31T17:59:32","date_gmt":"2009-10-31T16:59:32","guid":{"rendered":"http:\/\/www.bellunopress.it\/?p=9327"},"modified":"2009-10-31T17:59:32","modified_gmt":"2009-10-31T16:59:32","slug":"il-marchio-dolomiti-stars-approda-nei-centri-commerciali-a-fianco-di-due-importanti-aziende","status":"publish","type":"post","link":"https:\/\/www.bellunopress.it\/fr\/2009\/10\/31\/il-marchio-dolomiti-stars-approda-nei-centri-commerciali-a-fianco-di-due-importanti-aziende\/","title":{"rendered":"Il marchio Dolomiti Stars approda nei centri commerciali a fianco di due importanti aziende"},"content":{"rendered":"<p><a href=\"http:\/\/www.bellunopress.it\/wp-content\/uploads\/2009\/10\/dol-stars-leggera.jpg\"><img loading=\"lazy\" decoding=\"async\" class=\"alignleft size-medium wp-image-9328\" title=\"dol-stars-leggera\" src=\"http:\/\/www.bellunopress.it\/wp-content\/uploads\/2009\/10\/dol-stars-leggera.jpg\" alt=\"\" width=\"180\" height=\"266\" \/><\/a>Dolomiti Stars, sempre attivo e attento nella promozione del territorio e dell\u2019offerta turistica, ha intrapreso una nuova e importante azione commerciale che porter\u00e0 l\u2019immagine del consorzio e della montagna bellunese in numerosi centri commerciali della penisola e altri negozi specializzati, sparsi da nord a sud isole comprese, per un totale di oltre 3000 punti vendita.<br \/>\nSi tratta di un\u2019azione di co-marketing che vede Dolomiti Stars protagonista di due concorsi al fianco di altrettante importanti aziende.<br \/>\n<strong>\u201cIl primo concorso \u201cVinci le Dolomiti con Tetrax\u201d<\/strong> \u2013 spiega Marco Sartori responsabile commerciale del consorzio &#8211; \u00e8 legato al marchio Tetrax che propone una linea di porta cellulari magnetici adatti anche per iPod e per tutti i dispositivi elettronici da auto. Un prodotto innovativo e originale che sapr\u00e0 cogliere l\u2019attenzione dei consumatori. La piramide che espone i prodotti Tetrax per l\u2019occasione brandizzata Dolomiti Stars con il logo e immagini significative di sci e neve, sar\u00e0 presente da ottobre a gennaio in oltre 1150 punti vendita tra i quali figurano i pi\u00f9 grandi centri commerciali d\u2019Italia e le principali catene di negozi specializzati in elettronica, informatica e tecnologia. I mesi di novembre e dicembre sono per tradizione un dei momenti pi\u00f9 caldi dell\u2019anno per lo shopping e gli acquisti dei consumatori, soprattutto\u00a0 in vista del periodo natalizio. Tetrax si propone come un\u2019originale idea regalo. Essere presenti in centri commerciali dove si registra quotidianamente il passaggio di migliaia di consumatori per il brand Dolomiti Stars diventa una notevole passerella promozionale.\u201d<a href=\"http:\/\/www.bellunopress.it\/wp-content\/uploads\/2009\/10\/dol-stars-2-leggera.jpg\"><img loading=\"lazy\" decoding=\"async\" class=\"alignright size-medium wp-image-9329\" title=\"dol-stars-2-leggera\" src=\"http:\/\/www.bellunopress.it\/wp-content\/uploads\/2009\/10\/dol-stars-2-leggera.jpg\" alt=\"\" width=\"180\" height=\"226\" \/><\/a><br \/>\n<strong>Entrambi i concorsi prevedono per i fortunati acquirenti dei prodotti Tetrax e Weissenfels la vincita ad estrazione di alcuni bellissimi week-end sulla neve per due persone nell\u2019area Dolomiti Stars che comprende le localit\u00e0 sciistiche di Ski Civetta, Falcade, Arabba e Marmolada. <\/strong><br \/>\n<strong>\u201cIl secondo concorso \u201cScegli la sicurezza vinci le Dolomiti con Weissenfels\u201d<\/strong> &#8211; continua Sartori &#8211; che si svolge contemporaneamente all\u2019altro \u00e8 legato all\u2019acquisto delle catene da neve Weissenfels, azienda leader del settore, distribuite in oltre 1850 punti vendita tra i migliori negozi specializzati in accessori da auto. Per questo particolare settore merceologico l\u2019arrivo dell\u2019inverno, soprattutto con le prime nevicate, far\u00e0 registrare un grande incremento delle vendite. La comunicazione del concorso punta su un forte impatto visivo come dimostrano i supporti presenti nei punti vendita, espositore prodotto e cartoline del concorso,che raffigurano uno sciatore che fuoriesce quasi bucando l\u2019immagine delle catene da neve.\u201d<br \/>\nUn biglietto da visita di assoluto rilievo per le localit\u00e0 turistiche del Consorzio dell\u2019Alto Agordino.<br \/>\n\u201cIl binomio Tetrax\/Dolomiti Stars &#8211; continua Sartori &#8211; consente di raggiungere un target giovane e ampio, attento alle novit\u00e0 e alle innovazioni in campo tecnologico. Per Weissenfels l\u2019approccio \u00e8 diverso. Le catene da neve sono un prodotto tipicamente invernale che si sposa molto bene con l\u2019immagine delle piste dei comprensori sciistici di Dolomiti Stars.\u201d<\/p>","protected":false},"excerpt":{"rendered":"<p>Dolomiti Stars, sempre attivo e attento nella promozione del territorio e dell\u2019offerta turistica, ha intrapreso una nuova e importante azione commerciale che porter\u00e0 l\u2019immagine del consorzio e della montagna bellunese in numerosi centri commerciali della penisola e altri negozi specializzati, sparsi da nord a sud isole comprese, per un totale di oltre 3000 punti vendita. [&hellip;]<\/p>\n","protected":false},"author":2,"featured_media":0,"comment_status":"closed","ping_status":"open","sticky":false,"template":"","format":"standard","meta":{"footnotes":""},"categories":[36,26],"tags":[139,63],"class_list":["post-9327","post","type-post","status-publish","format-standard","category-lavoro-economia","category-prima-pagina","tag-belluno","tag-dolomiti"],"yoast_head":"<!-- This site is optimized with the Yoast SEO plugin v28.4 - https:\/\/yoast.com\/product\/yoast-seo-wordpress\/ -->\n<title>Il marchio Dolomiti Stars approda nei centri commerciali a fianco di due importanti aziende - Bellunopress - Dolomiti<\/title>\n<meta name=\"robots\" content=\"index, follow, max-snippet:-1, max-image-preview:large, max-video-preview:-1\" \/>\n<link rel=\"canonical\" href=\"https:\/\/www.bellunopress.it\/fr\/2009\/10\/31\/il-marchio-dolomiti-stars-approda-nei-centri-commerciali-a-fianco-di-due-importanti-aziende\/\" \/>\n<meta property=\"og:locale\" content=\"fr_FR\" \/>\n<meta property=\"og:type\" content=\"article\" \/>\n<meta property=\"og:title\" content=\"Il marchio Dolomiti Stars approda nei centri commerciali a fianco di due importanti aziende - Bellunopress - Dolomiti\" \/>\n<meta property=\"og:description\" content=\"Dolomiti Stars, sempre attivo e attento nella promozione del territorio e dell\u2019offerta turistica, ha intrapreso una nuova e importante azione commerciale che porter\u00e0 l\u2019immagine del consorzio e della montagna bellunese in numerosi centri commerciali della penisola e altri negozi specializzati, sparsi da nord a sud isole comprese, per un totale di oltre 3000 punti vendita. [&hellip;]\" \/>\n<meta property=\"og:url\" content=\"https:\/\/www.bellunopress.it\/fr\/2009\/10\/31\/il-marchio-dolomiti-stars-approda-nei-centri-commerciali-a-fianco-di-due-importanti-aziende\/\" \/>\n<meta property=\"og:site_name\" content=\"Bellunopress - Dolomiti\" \/>\n<meta property=\"article:publisher\" content=\"https:\/\/www.facebook.com\/profile.php?id=100008943462799\" \/>\n<meta property=\"article:published_time\" content=\"2009-10-31T16:59:32+00:00\" \/>\n<meta property=\"og:image\" content=\"http:\/\/www.bellunopress.it\/wp-content\/uploads\/2009\/10\/dol-stars-leggera.jpg\" \/>\n<meta name=\"author\" content=\"redazione\" \/>\n<meta name=\"twitter:card\" content=\"summary_large_image\" \/>\n<meta name=\"twitter:creator\" content=\"@bellunopress\" \/>\n<meta name=\"twitter:site\" content=\"@bellunopress\" \/>\n<meta name=\"twitter:label1\" content=\"\u00c9crit par\" \/>\n\t<meta name=\"twitter:data1\" content=\"redazione\" \/>\n\t<meta name=\"twitter:label2\" content=\"Dur\u00e9e de lecture estim\u00e9e\" \/>\n\t<meta name=\"twitter:data2\" content=\"2 minutes\" \/>\n<script type=\"application\/ld+json\" class=\"yoast-schema-graph\">{\"@context\":\"https:\\\/\\\/schema.org\",\"@graph\":[{\"@type\":\"Article\",\"@id\":\"https:\\\/\\\/www.bellunopress.it\\\/2009\\\/10\\\/31\\\/il-marchio-dolomiti-stars-approda-nei-centri-commerciali-a-fianco-di-due-importanti-aziende\\\/#article\",\"isPartOf\":{\"@id\":\"https:\\\/\\\/www.bellunopress.it\\\/2009\\\/10\\\/31\\\/il-marchio-dolomiti-stars-approda-nei-centri-commerciali-a-fianco-di-due-importanti-aziende\\\/\"},\"author\":{\"name\":\"redazione\",\"@id\":\"https:\\\/\\\/www.bellunopress.it\\\/#\\\/schema\\\/person\\\/79bb06722b37ece1c03d3e94beb30d73\"},\"headline\":\"Il marchio Dolomiti Stars approda nei centri commerciali a fianco di due importanti aziende\",\"datePublished\":\"2009-10-31T16:59:32+00:00\",\"mainEntityOfPage\":{\"@id\":\"https:\\\/\\\/www.bellunopress.it\\\/2009\\\/10\\\/31\\\/il-marchio-dolomiti-stars-approda-nei-centri-commerciali-a-fianco-di-due-importanti-aziende\\\/\"},\"wordCount\":482,\"publisher\":{\"@id\":\"https:\\\/\\\/www.bellunopress.it\\\/#organization\"},\"image\":{\"@id\":\"https:\\\/\\\/www.bellunopress.it\\\/2009\\\/10\\\/31\\\/il-marchio-dolomiti-stars-approda-nei-centri-commerciali-a-fianco-di-due-importanti-aziende\\\/#primaryimage\"},\"thumbnailUrl\":\"http:\\\/\\\/www.bellunopress.it\\\/wp-content\\\/uploads\\\/2009\\\/10\\\/dol-stars-leggera.jpg\",\"keywords\":[\"Belluno\",\"Dolomiti\"],\"articleSection\":[\"Lavoro, Economia, Turismo\",\"Prima Pagina\"],\"inLanguage\":\"fr-FR\"},{\"@type\":\"WebPage\",\"@id\":\"https:\\\/\\\/www.bellunopress.it\\\/2009\\\/10\\\/31\\\/il-marchio-dolomiti-stars-approda-nei-centri-commerciali-a-fianco-di-due-importanti-aziende\\\/\",\"url\":\"https:\\\/\\\/www.bellunopress.it\\\/2009\\\/10\\\/31\\\/il-marchio-dolomiti-stars-approda-nei-centri-commerciali-a-fianco-di-due-importanti-aziende\\\/\",\"name\":\"Il marchio Dolomiti Stars approda nei centri commerciali a fianco di due importanti aziende - Bellunopress - Dolomiti\",\"isPartOf\":{\"@id\":\"https:\\\/\\\/www.bellunopress.it\\\/#website\"},\"primaryImageOfPage\":{\"@id\":\"https:\\\/\\\/www.bellunopress.it\\\/2009\\\/10\\\/31\\\/il-marchio-dolomiti-stars-approda-nei-centri-commerciali-a-fianco-di-due-importanti-aziende\\\/#primaryimage\"},\"image\":{\"@id\":\"https:\\\/\\\/www.bellunopress.it\\\/2009\\\/10\\\/31\\\/il-marchio-dolomiti-stars-approda-nei-centri-commerciali-a-fianco-di-due-importanti-aziende\\\/#primaryimage\"},\"thumbnailUrl\":\"http:\\\/\\\/www.bellunopress.it\\\/wp-content\\\/uploads\\\/2009\\\/10\\\/dol-stars-leggera.jpg\",\"datePublished\":\"2009-10-31T16:59:32+00:00\",\"breadcrumb\":{\"@id\":\"https:\\\/\\\/www.bellunopress.it\\\/2009\\\/10\\\/31\\\/il-marchio-dolomiti-stars-approda-nei-centri-commerciali-a-fianco-di-due-importanti-aziende\\\/#breadcrumb\"},\"inLanguage\":\"fr-FR\",\"potentialAction\":[{\"@type\":\"ReadAction\",\"target\":[\"https:\\\/\\\/www.bellunopress.it\\\/2009\\\/10\\\/31\\\/il-marchio-dolomiti-stars-approda-nei-centri-commerciali-a-fianco-di-due-importanti-aziende\\\/\"]}]},{\"@type\":\"ImageObject\",\"inLanguage\":\"fr-FR\",\"@id\":\"https:\\\/\\\/www.bellunopress.it\\\/2009\\\/10\\\/31\\\/il-marchio-dolomiti-stars-approda-nei-centri-commerciali-a-fianco-di-due-importanti-aziende\\\/#primaryimage\",\"url\":\"http:\\\/\\\/www.bellunopress.it\\\/wp-content\\\/uploads\\\/2009\\\/10\\\/dol-stars-leggera.jpg\",\"contentUrl\":\"http:\\\/\\\/www.bellunopress.it\\\/wp-content\\\/uploads\\\/2009\\\/10\\\/dol-stars-leggera.jpg\"},{\"@type\":\"BreadcrumbList\",\"@id\":\"https:\\\/\\\/www.bellunopress.it\\\/2009\\\/10\\\/31\\\/il-marchio-dolomiti-stars-approda-nei-centri-commerciali-a-fianco-di-due-importanti-aziende\\\/#breadcrumb\",\"itemListElement\":[{\"@type\":\"ListItem\",\"position\":1,\"name\":\"Home\",\"item\":\"https:\\\/\\\/www.bellunopress.it\\\/\"},{\"@type\":\"ListItem\",\"position\":2,\"name\":\"Il marchio Dolomiti Stars approda nei centri commerciali a fianco di due importanti aziende\"}]},{\"@type\":\"WebSite\",\"@id\":\"https:\\\/\\\/www.bellunopress.it\\\/#website\",\"url\":\"https:\\\/\\\/www.bellunopress.it\\\/\",\"name\":\"Bellunopress - Dolomiti\",\"description\":\"e-mail: redazione@bellunopress.it\",\"publisher\":{\"@id\":\"https:\\\/\\\/www.bellunopress.it\\\/#organization\"},\"potentialAction\":[{\"@type\":\"SearchAction\",\"target\":{\"@type\":\"EntryPoint\",\"urlTemplate\":\"https:\\\/\\\/www.bellunopress.it\\\/?s={search_term_string}\"},\"query-input\":{\"@type\":\"PropertyValueSpecification\",\"valueRequired\":true,\"valueName\":\"search_term_string\"}}],\"inLanguage\":\"fr-FR\"},{\"@type\":\"Organization\",\"@id\":\"https:\\\/\\\/www.bellunopress.it\\\/#organization\",\"name\":\"Bellunopress\",\"url\":\"https:\\\/\\\/www.bellunopress.it\\\/\",\"logo\":{\"@type\":\"ImageObject\",\"inLanguage\":\"fr-FR\",\"@id\":\"https:\\\/\\\/www.bellunopress.it\\\/#\\\/schema\\\/logo\\\/image\\\/\",\"url\":\"https:\\\/\\\/www.bellunopress.it\\\/wp-content\\\/uploads\\\/2011\\\/05\\\/cropped-logo-bellunopress-.jpg\",\"contentUrl\":\"https:\\\/\\\/www.bellunopress.it\\\/wp-content\\\/uploads\\\/2011\\\/05\\\/cropped-logo-bellunopress-.jpg\",\"width\":512,\"height\":512,\"caption\":\"Bellunopress\"},\"image\":{\"@id\":\"https:\\\/\\\/www.bellunopress.it\\\/#\\\/schema\\\/logo\\\/image\\\/\"},\"sameAs\":[\"https:\\\/\\\/www.facebook.com\\\/profile.php?id=100008943462799\",\"https:\\\/\\\/x.com\\\/bellunopress\",\"https:\\\/\\\/www.linkedin.com\\\/hp\\\/?dnr=JBzUWaJfMUw8vbXJJ2tVW5-I3jZKvC4wsoxE&amp;amp;amp;amp;amp;amp;trk=nav_responsive_tab_home\",\"https:\\\/\\\/www.youtube.com\\\/channel\\\/UCxL0wu1uN0_3_7hGG0306cw\"]},{\"@type\":\"Person\",\"@id\":\"https:\\\/\\\/www.bellunopress.it\\\/#\\\/schema\\\/person\\\/79bb06722b37ece1c03d3e94beb30d73\",\"name\":\"redazione\",\"image\":{\"@type\":\"ImageObject\",\"inLanguage\":\"fr-FR\",\"@id\":\"https:\\\/\\\/secure.gravatar.com\\\/avatar\\\/37d968a2e67a6fd04c169c4bdef102d0bc5d31b2546345219e348575eb80e9a0?s=96&d=mm&r=g\",\"url\":\"https:\\\/\\\/secure.gravatar.com\\\/avatar\\\/37d968a2e67a6fd04c169c4bdef102d0bc5d31b2546345219e348575eb80e9a0?s=96&d=mm&r=g\",\"contentUrl\":\"https:\\\/\\\/secure.gravatar.com\\\/avatar\\\/37d968a2e67a6fd04c169c4bdef102d0bc5d31b2546345219e348575eb80e9a0?s=96&d=mm&r=g\",\"caption\":\"redazione\"},\"sameAs\":[\"http:\\\/\\\/www.bellunopress.it\",\"https:\\\/\\\/x.com\\\/bellunopress\"],\"url\":\"https:\\\/\\\/www.bellunopress.it\\\/fr\\\/author\\\/redazione\\\/\"}]}<\/script>\n<!-- \/ Yoast SEO plugin. -->","yoast_head_json":{"title":"Il marchio Dolomiti Stars approda nei centri commerciali a fianco di due importanti aziende - Bellunopress - Dolomiti","robots":{"index":"index","follow":"follow","max-snippet":"max-snippet:-1","max-image-preview":"max-image-preview:large","max-video-preview":"max-video-preview:-1"},"canonical":"https:\/\/www.bellunopress.it\/fr\/2009\/10\/31\/il-marchio-dolomiti-stars-approda-nei-centri-commerciali-a-fianco-di-due-importanti-aziende\/","og_locale":"fr_FR","og_type":"article","og_title":"Il marchio Dolomiti Stars approda nei centri commerciali a fianco di due importanti aziende - Bellunopress - Dolomiti","og_description":"Dolomiti Stars, sempre attivo e attento nella promozione del territorio e dell\u2019offerta turistica, ha intrapreso una nuova e importante azione commerciale che porter\u00e0 l\u2019immagine del consorzio e della montagna bellunese in numerosi centri commerciali della penisola e altri negozi specializzati, sparsi da nord a sud isole comprese, per un totale di oltre 3000 punti vendita. [&hellip;]","og_url":"https:\/\/www.bellunopress.it\/fr\/2009\/10\/31\/il-marchio-dolomiti-stars-approda-nei-centri-commerciali-a-fianco-di-due-importanti-aziende\/","og_site_name":"Bellunopress - Dolomiti","article_publisher":"https:\/\/www.facebook.com\/profile.php?id=100008943462799","article_published_time":"2009-10-31T16:59:32+00:00","og_image":[{"url":"http:\/\/www.bellunopress.it\/wp-content\/uploads\/2009\/10\/dol-stars-leggera.jpg","type":"","width":"","height":""}],"author":"redazione","twitter_card":"summary_large_image","twitter_creator":"@bellunopress","twitter_site":"@bellunopress","twitter_misc":{"\u00c9crit par":"redazione","Dur\u00e9e de lecture estim\u00e9e":"2 minutes"},"schema":{"@context":"https:\/\/schema.org","@graph":[{"@type":"Article","@id":"https:\/\/www.bellunopress.it\/2009\/10\/31\/il-marchio-dolomiti-stars-approda-nei-centri-commerciali-a-fianco-di-due-importanti-aziende\/#article","isPartOf":{"@id":"https:\/\/www.bellunopress.it\/2009\/10\/31\/il-marchio-dolomiti-stars-approda-nei-centri-commerciali-a-fianco-di-due-importanti-aziende\/"},"author":{"name":"redazione","@id":"https:\/\/www.bellunopress.it\/#\/schema\/person\/79bb06722b37ece1c03d3e94beb30d73"},"headline":"Il marchio Dolomiti Stars approda nei centri commerciali a fianco di due importanti aziende","datePublished":"2009-10-31T16:59:32+00:00","mainEntityOfPage":{"@id":"https:\/\/www.bellunopress.it\/2009\/10\/31\/il-marchio-dolomiti-stars-approda-nei-centri-commerciali-a-fianco-di-due-importanti-aziende\/"},"wordCount":482,"publisher":{"@id":"https:\/\/www.bellunopress.it\/#organization"},"image":{"@id":"https:\/\/www.bellunopress.it\/2009\/10\/31\/il-marchio-dolomiti-stars-approda-nei-centri-commerciali-a-fianco-di-due-importanti-aziende\/#primaryimage"},"thumbnailUrl":"http:\/\/www.bellunopress.it\/wp-content\/uploads\/2009\/10\/dol-stars-leggera.jpg","keywords":["Belluno","Dolomiti"],"articleSection":["Lavoro, Economia, Turismo","Prima Pagina"],"inLanguage":"fr-FR"},{"@type":"WebPage","@id":"https:\/\/www.bellunopress.it\/2009\/10\/31\/il-marchio-dolomiti-stars-approda-nei-centri-commerciali-a-fianco-di-due-importanti-aziende\/","url":"https:\/\/www.bellunopress.it\/2009\/10\/31\/il-marchio-dolomiti-stars-approda-nei-centri-commerciali-a-fianco-di-due-importanti-aziende\/","name":"Il marchio Dolomiti Stars approda nei centri commerciali a fianco di due importanti aziende - Bellunopress - Dolomiti","isPartOf":{"@id":"https:\/\/www.bellunopress.it\/#website"},"primaryImageOfPage":{"@id":"https:\/\/www.bellunopress.it\/2009\/10\/31\/il-marchio-dolomiti-stars-approda-nei-centri-commerciali-a-fianco-di-due-importanti-aziende\/#primaryimage"},"image":{"@id":"https:\/\/www.bellunopress.it\/2009\/10\/31\/il-marchio-dolomiti-stars-approda-nei-centri-commerciali-a-fianco-di-due-importanti-aziende\/#primaryimage"},"thumbnailUrl":"http:\/\/www.bellunopress.it\/wp-content\/uploads\/2009\/10\/dol-stars-leggera.jpg","datePublished":"2009-10-31T16:59:32+00:00","breadcrumb":{"@id":"https:\/\/www.bellunopress.it\/2009\/10\/31\/il-marchio-dolomiti-stars-approda-nei-centri-commerciali-a-fianco-di-due-importanti-aziende\/#breadcrumb"},"inLanguage":"fr-FR","potentialAction":[{"@type":"ReadAction","target":["https:\/\/www.bellunopress.it\/2009\/10\/31\/il-marchio-dolomiti-stars-approda-nei-centri-commerciali-a-fianco-di-due-importanti-aziende\/"]}]},{"@type":"ImageObject","inLanguage":"fr-FR","@id":"https:\/\/www.bellunopress.it\/2009\/10\/31\/il-marchio-dolomiti-stars-approda-nei-centri-commerciali-a-fianco-di-due-importanti-aziende\/#primaryimage","url":"http:\/\/www.bellunopress.it\/wp-content\/uploads\/2009\/10\/dol-stars-leggera.jpg","contentUrl":"http:\/\/www.bellunopress.it\/wp-content\/uploads\/2009\/10\/dol-stars-leggera.jpg"},{"@type":"BreadcrumbList","@id":"https:\/\/www.bellunopress.it\/2009\/10\/31\/il-marchio-dolomiti-stars-approda-nei-centri-commerciali-a-fianco-di-due-importanti-aziende\/#breadcrumb","itemListElement":[{"@type":"ListItem","position":1,"name":"Home","item":"https:\/\/www.bellunopress.it\/"},{"@type":"ListItem","position":2,"name":"Il marchio Dolomiti Stars approda nei centri commerciali a fianco di due importanti aziende"}]},{"@type":"WebSite","@id":"https:\/\/www.bellunopress.it\/#website","url":"https:\/\/www.bellunopress.it\/","name":"Bellunopress - Dolomiti","description":"e-mail: redazione@bellunopress.it","publisher":{"@id":"https:\/\/www.bellunopress.it\/#organization"},"potentialAction":[{"@type":"SearchAction","target":{"@type":"EntryPoint","urlTemplate":"https:\/\/www.bellunopress.it\/?s={search_term_string}"},"query-input":{"@type":"PropertyValueSpecification","valueRequired":true,"valueName":"search_term_string"}}],"inLanguage":"fr-FR"},{"@type":"Organization","@id":"https:\/\/www.bellunopress.it\/#organization","name":"Bellunopress","url":"https:\/\/www.bellunopress.it\/","logo":{"@type":"ImageObject","inLanguage":"fr-FR","@id":"https:\/\/www.bellunopress.it\/#\/schema\/logo\/image\/","url":"https:\/\/www.bellunopress.it\/wp-content\/uploads\/2011\/05\/cropped-logo-bellunopress-.jpg","contentUrl":"https:\/\/www.bellunopress.it\/wp-content\/uploads\/2011\/05\/cropped-logo-bellunopress-.jpg","width":512,"height":512,"caption":"Bellunopress"},"image":{"@id":"https:\/\/www.bellunopress.it\/#\/schema\/logo\/image\/"},"sameAs":["https:\/\/www.facebook.com\/profile.php?id=100008943462799","https:\/\/x.com\/bellunopress","https:\/\/www.linkedin.com\/hp\/?dnr=JBzUWaJfMUw8vbXJJ2tVW5-I3jZKvC4wsoxE&amp;amp;amp;amp;amp;amp;trk=nav_responsive_tab_home","https:\/\/www.youtube.com\/channel\/UCxL0wu1uN0_3_7hGG0306cw"]},{"@type":"Person","@id":"https:\/\/www.bellunopress.it\/#\/schema\/person\/79bb06722b37ece1c03d3e94beb30d73","name":"r\u00e9daction","image":{"@type":"ImageObject","inLanguage":"fr-FR","@id":"https:\/\/secure.gravatar.com\/avatar\/37d968a2e67a6fd04c169c4bdef102d0bc5d31b2546345219e348575eb80e9a0?s=96&d=mm&r=g","url":"https:\/\/secure.gravatar.com\/avatar\/37d968a2e67a6fd04c169c4bdef102d0bc5d31b2546345219e348575eb80e9a0?s=96&d=mm&r=g","contentUrl":"https:\/\/secure.gravatar.com\/avatar\/37d968a2e67a6fd04c169c4bdef102d0bc5d31b2546345219e348575eb80e9a0?s=96&d=mm&r=g","caption":"redazione"},"sameAs":["http:\/\/www.bellunopress.it","https:\/\/x.com\/bellunopress"],"url":"https:\/\/www.bellunopress.it\/fr\/author\/redazione\/"}]}},"_links":{"self":[{"href":"https:\/\/www.bellunopress.it\/fr\/wp-json\/wp\/v2\/posts\/9327","targetHints":{"allow":["GET"]}}],"collection":[{"href":"https:\/\/www.bellunopress.it\/fr\/wp-json\/wp\/v2\/posts"}],"about":[{"href":"https:\/\/www.bellunopress.it\/fr\/wp-json\/wp\/v2\/types\/post"}],"author":[{"embeddable":true,"href":"https:\/\/www.bellunopress.it\/fr\/wp-json\/wp\/v2\/users\/2"}],"replies":[{"embeddable":true,"href":"https:\/\/www.bellunopress.it\/fr\/wp-json\/wp\/v2\/comments?post=9327"}],"version-history":[{"count":1,"href":"https:\/\/www.bellunopress.it\/fr\/wp-json\/wp\/v2\/posts\/9327\/revisions"}],"predecessor-version":[{"id":9331,"href":"https:\/\/www.bellunopress.it\/fr\/wp-json\/wp\/v2\/posts\/9327\/revisions\/9331"}],"wp:attachment":[{"href":"https:\/\/www.bellunopress.it\/fr\/wp-json\/wp\/v2\/media?parent=9327"}],"wp:term":[{"taxonomy":"category","embeddable":true,"href":"https:\/\/www.bellunopress.it\/fr\/wp-json\/wp\/v2\/categories?post=9327"},{"taxonomy":"post_tag","embeddable":true,"href":"https:\/\/www.bellunopress.it\/fr\/wp-json\/wp\/v2\/tags?post=9327"}],"curies":[{"name":"wp","href":"https:\/\/api.w.org\/{rel}","templated":true}]}}