{"id":9286,"date":"2009-10-30T13:22:32","date_gmt":"2009-10-30T12:22:32","guid":{"rendered":"http:\/\/www.bellunopress.it\/?p=9286"},"modified":"2009-10-30T13:22:32","modified_gmt":"2009-10-30T12:22:32","slug":"chiude-il-polo-regionale-per-l%e2%80%99ingresso-delle-biblioteche-trevigiane-ma-la-biblioteca-civica-di-belluno-non-sospende-i-servizi-al-pubblico","status":"publish","type":"post","link":"https:\/\/www.bellunopress.it\/fr\/2009\/10\/30\/chiude-il-polo-regionale-per-l%e2%80%99ingresso-delle-biblioteche-trevigiane-ma-la-biblioteca-civica-di-belluno-non-sospende-i-servizi-al-pubblico\/","title":{"rendered":"Chiude il polo regionale per l\u2019ingresso delle Biblioteche trevigiane. Ma la Biblioteca civica di Belluno non sospende i servizi al pubblico."},"content":{"rendered":"<p>Anche la provincia di Treviso entrer\u00e0 a breve nel polo regionale bibliotecario. Per favorire questo ampliamento delle biblioteche partecipanti e i relativi servizi, il software Sebina Open Library sar\u00e0 necessariamente bloccato in due periodi che andranno dal 2 al 11 e dal 20 al 23 novembre.<br \/>\nL\u2019ingresso di 230 nuove biblioteche nel sistema regionale comporter\u00e0 un fermo macchine che sar\u00e0 necessario per poter permettere al personale tecnico informatico regionale di aggiungere alla base dati bibliografica regionale quella trevigiana, comprensiva di tutti gli utenti, con l\u2019obiettivo di permettere successivamente il simultaneo utilizzo del software di gestione in tutte le sedi.<br \/>\nQuesto comporter\u00e0 quindi anche la modifica temporanea dei servizi delle biblioteche partecipanti, la cui attivit\u00e0 in linea sar\u00e0 necessariamente sospesa per tutti, sia bibliotecari che utenti. Alla Biblioteca civica di Belluno potranno tuttavia continuare ad essere gestiti manualmente i servizi principali (prestito e consultazione), tramite l\u2019operatore del pubblico, per essere poi riallineati e riavviati successivamente al periodo di chiusura. Per poter ovviare a questo problema tecnico, sar\u00e0 per\u00f2 necessario identificare gli utenti che effettueranno richieste di consultazione o prestito dei documenti, che dovranno sempre ricordare di portare con s\u00e9 la tessera di iscrizione alla biblioteca. Per ulteriori informazioni rivolgersi presso la sede della biblioteca o al tel. 043725727 o via e-mail a: <a href=\"mailto:biblioteca@comune.belluno.it\">biblioteca@comune.belluno.it<\/a><\/p>","protected":false},"excerpt":{"rendered":"<p>Anche la provincia di Treviso entrer\u00e0 a breve nel polo regionale bibliotecario. Per favorire questo ampliamento delle biblioteche partecipanti e i relativi servizi, il software Sebina Open Library sar\u00e0 necessariamente bloccato in due periodi che andranno dal 2 al 11 e dal 20 al 23 novembre. L\u2019ingresso di 230 nuove biblioteche nel sistema regionale comporter\u00e0 [&hellip;]<\/p>\n","protected":false},"author":2,"featured_media":0,"comment_status":"closed","ping_status":"open","sticky":false,"template":"","format":"standard","meta":{"footnotes":""},"categories":[3,25],"tags":[139],"class_list":["post-9286","post","type-post","status-publish","format-standard","category-arte-cultura-spettacoli-scienza-archivi","category-pausa-caffe","tag-belluno"],"yoast_head":"<!-- This site is optimized with the Yoast SEO plugin v28.4 - https:\/\/yoast.com\/product\/yoast-seo-wordpress\/ -->\n<title>Chiude il polo regionale per l\u2019ingresso delle Biblioteche trevigiane. Ma la Biblioteca civica di Belluno non sospende i servizi al pubblico. - Bellunopress - Dolomiti<\/title>\n<meta name=\"robots\" content=\"index, follow, max-snippet:-1, max-image-preview:large, max-video-preview:-1\" \/>\n<link rel=\"canonical\" href=\"https:\/\/www.bellunopress.it\/fr\/2009\/10\/30\/chiude-il-polo-regionale-per-l\u2019ingresso-delle-biblioteche-trevigiane-ma-la-biblioteca-civica-di-belluno-non-sospende-i-servizi-al-pubblico\/\" \/>\n<meta property=\"og:locale\" content=\"fr_FR\" \/>\n<meta property=\"og:type\" content=\"article\" \/>\n<meta property=\"og:title\" content=\"Chiude il polo regionale per l\u2019ingresso delle Biblioteche trevigiane. Ma la Biblioteca civica di Belluno non sospende i servizi al pubblico. - Bellunopress - Dolomiti\" \/>\n<meta property=\"og:description\" content=\"Anche la provincia di Treviso entrer\u00e0 a breve nel polo regionale bibliotecario. Per favorire questo ampliamento delle biblioteche partecipanti e i relativi servizi, il software Sebina Open Library sar\u00e0 necessariamente bloccato in due periodi che andranno dal 2 al 11 e dal 20 al 23 novembre. L\u2019ingresso di 230 nuove biblioteche nel sistema regionale comporter\u00e0 [&hellip;]\" \/>\n<meta property=\"og:url\" content=\"https:\/\/www.bellunopress.it\/fr\/2009\/10\/30\/chiude-il-polo-regionale-per-l\u2019ingresso-delle-biblioteche-trevigiane-ma-la-biblioteca-civica-di-belluno-non-sospende-i-servizi-al-pubblico\/\" \/>\n<meta property=\"og:site_name\" content=\"Bellunopress - Dolomiti\" \/>\n<meta property=\"article:publisher\" content=\"https:\/\/www.facebook.com\/profile.php?id=100008943462799\" \/>\n<meta property=\"article:published_time\" content=\"2009-10-30T12:22:32+00:00\" \/>\n<meta property=\"og:image\" content=\"http:\/\/www.bellunopress.it\/wp-content\/uploads\/2012\/07\/logo-bellunopress-250x250-2012.jpg\" \/>\n<meta name=\"author\" content=\"redazione\" \/>\n<meta name=\"twitter:card\" content=\"summary_large_image\" \/>\n<meta name=\"twitter:creator\" content=\"@bellunopress\" \/>\n<meta name=\"twitter:site\" content=\"@bellunopress\" \/>\n<meta name=\"twitter:label1\" content=\"\u00c9crit par\" \/>\n\t<meta name=\"twitter:data1\" content=\"redazione\" \/>\n\t<meta name=\"twitter:label2\" content=\"Dur\u00e9e de lecture estim\u00e9e\" \/>\n\t<meta name=\"twitter:data2\" content=\"1 minute\" \/>\n<script type=\"application\/ld+json\" class=\"yoast-schema-graph\">{\"@context\":\"https:\\\/\\\/schema.org\",\"@graph\":[{\"@type\":\"Article\",\"@id\":\"https:\\\/\\\/www.bellunopress.it\\\/2009\\\/10\\\/30\\\/chiude-il-polo-regionale-per-l%e2%80%99ingresso-delle-biblioteche-trevigiane-ma-la-biblioteca-civica-di-belluno-non-sospende-i-servizi-al-pubblico\\\/#article\",\"isPartOf\":{\"@id\":\"https:\\\/\\\/www.bellunopress.it\\\/2009\\\/10\\\/30\\\/chiude-il-polo-regionale-per-l%e2%80%99ingresso-delle-biblioteche-trevigiane-ma-la-biblioteca-civica-di-belluno-non-sospende-i-servizi-al-pubblico\\\/\"},\"author\":{\"name\":\"redazione\",\"@id\":\"https:\\\/\\\/www.bellunopress.it\\\/#\\\/schema\\\/person\\\/79bb06722b37ece1c03d3e94beb30d73\"},\"headline\":\"Chiude il polo regionale per l\u2019ingresso delle Biblioteche trevigiane. Ma la Biblioteca civica di Belluno non sospende i servizi al pubblico.\",\"datePublished\":\"2009-10-30T12:22:32+00:00\",\"mainEntityOfPage\":{\"@id\":\"https:\\\/\\\/www.bellunopress.it\\\/2009\\\/10\\\/30\\\/chiude-il-polo-regionale-per-l%e2%80%99ingresso-delle-biblioteche-trevigiane-ma-la-biblioteca-civica-di-belluno-non-sospende-i-servizi-al-pubblico\\\/\"},\"wordCount\":234,\"publisher\":{\"@id\":\"https:\\\/\\\/www.bellunopress.it\\\/#organization\"},\"keywords\":[\"Belluno\"],\"articleSection\":[\"Arte, Cultura, Spettacoli, Scienza\",\"Pausa Caff\u00e8\"],\"inLanguage\":\"fr-FR\"},{\"@type\":\"WebPage\",\"@id\":\"https:\\\/\\\/www.bellunopress.it\\\/2009\\\/10\\\/30\\\/chiude-il-polo-regionale-per-l%e2%80%99ingresso-delle-biblioteche-trevigiane-ma-la-biblioteca-civica-di-belluno-non-sospende-i-servizi-al-pubblico\\\/\",\"url\":\"https:\\\/\\\/www.bellunopress.it\\\/2009\\\/10\\\/30\\\/chiude-il-polo-regionale-per-l%e2%80%99ingresso-delle-biblioteche-trevigiane-ma-la-biblioteca-civica-di-belluno-non-sospende-i-servizi-al-pubblico\\\/\",\"name\":\"Chiude il polo regionale per l\u2019ingresso delle Biblioteche trevigiane. Ma la Biblioteca civica di Belluno non sospende i servizi al pubblico. - Bellunopress - Dolomiti\",\"isPartOf\":{\"@id\":\"https:\\\/\\\/www.bellunopress.it\\\/#website\"},\"datePublished\":\"2009-10-30T12:22:32+00:00\",\"breadcrumb\":{\"@id\":\"https:\\\/\\\/www.bellunopress.it\\\/2009\\\/10\\\/30\\\/chiude-il-polo-regionale-per-l%e2%80%99ingresso-delle-biblioteche-trevigiane-ma-la-biblioteca-civica-di-belluno-non-sospende-i-servizi-al-pubblico\\\/#breadcrumb\"},\"inLanguage\":\"fr-FR\",\"potentialAction\":[{\"@type\":\"ReadAction\",\"target\":[\"https:\\\/\\\/www.bellunopress.it\\\/2009\\\/10\\\/30\\\/chiude-il-polo-regionale-per-l%e2%80%99ingresso-delle-biblioteche-trevigiane-ma-la-biblioteca-civica-di-belluno-non-sospende-i-servizi-al-pubblico\\\/\"]}]},{\"@type\":\"BreadcrumbList\",\"@id\":\"https:\\\/\\\/www.bellunopress.it\\\/2009\\\/10\\\/30\\\/chiude-il-polo-regionale-per-l%e2%80%99ingresso-delle-biblioteche-trevigiane-ma-la-biblioteca-civica-di-belluno-non-sospende-i-servizi-al-pubblico\\\/#breadcrumb\",\"itemListElement\":[{\"@type\":\"ListItem\",\"position\":1,\"name\":\"Home\",\"item\":\"https:\\\/\\\/www.bellunopress.it\\\/\"},{\"@type\":\"ListItem\",\"position\":2,\"name\":\"Chiude il polo regionale per l\u2019ingresso delle Biblioteche trevigiane. Ma la Biblioteca civica di Belluno non sospende i servizi al pubblico.\"}]},{\"@type\":\"WebSite\",\"@id\":\"https:\\\/\\\/www.bellunopress.it\\\/#website\",\"url\":\"https:\\\/\\\/www.bellunopress.it\\\/\",\"name\":\"Bellunopress - Dolomiti\",\"description\":\"e-mail: redazione@bellunopress.it\",\"publisher\":{\"@id\":\"https:\\\/\\\/www.bellunopress.it\\\/#organization\"},\"potentialAction\":[{\"@type\":\"SearchAction\",\"target\":{\"@type\":\"EntryPoint\",\"urlTemplate\":\"https:\\\/\\\/www.bellunopress.it\\\/?s={search_term_string}\"},\"query-input\":{\"@type\":\"PropertyValueSpecification\",\"valueRequired\":true,\"valueName\":\"search_term_string\"}}],\"inLanguage\":\"fr-FR\"},{\"@type\":\"Organization\",\"@id\":\"https:\\\/\\\/www.bellunopress.it\\\/#organization\",\"name\":\"Bellunopress\",\"url\":\"https:\\\/\\\/www.bellunopress.it\\\/\",\"logo\":{\"@type\":\"ImageObject\",\"inLanguage\":\"fr-FR\",\"@id\":\"https:\\\/\\\/www.bellunopress.it\\\/#\\\/schema\\\/logo\\\/image\\\/\",\"url\":\"https:\\\/\\\/www.bellunopress.it\\\/wp-content\\\/uploads\\\/2011\\\/05\\\/cropped-logo-bellunopress-.jpg\",\"contentUrl\":\"https:\\\/\\\/www.bellunopress.it\\\/wp-content\\\/uploads\\\/2011\\\/05\\\/cropped-logo-bellunopress-.jpg\",\"width\":512,\"height\":512,\"caption\":\"Bellunopress\"},\"image\":{\"@id\":\"https:\\\/\\\/www.bellunopress.it\\\/#\\\/schema\\\/logo\\\/image\\\/\"},\"sameAs\":[\"https:\\\/\\\/www.facebook.com\\\/profile.php?id=100008943462799\",\"https:\\\/\\\/x.com\\\/bellunopress\",\"https:\\\/\\\/www.linkedin.com\\\/hp\\\/?dnr=JBzUWaJfMUw8vbXJJ2tVW5-I3jZKvC4wsoxE&amp;amp;amp;amp;amp;amp;trk=nav_responsive_tab_home\",\"https:\\\/\\\/www.youtube.com\\\/channel\\\/UCxL0wu1uN0_3_7hGG0306cw\"]},{\"@type\":\"Person\",\"@id\":\"https:\\\/\\\/www.bellunopress.it\\\/#\\\/schema\\\/person\\\/79bb06722b37ece1c03d3e94beb30d73\",\"name\":\"redazione\",\"image\":{\"@type\":\"ImageObject\",\"inLanguage\":\"fr-FR\",\"@id\":\"https:\\\/\\\/secure.gravatar.com\\\/avatar\\\/37d968a2e67a6fd04c169c4bdef102d0bc5d31b2546345219e348575eb80e9a0?s=96&d=mm&r=g\",\"url\":\"https:\\\/\\\/secure.gravatar.com\\\/avatar\\\/37d968a2e67a6fd04c169c4bdef102d0bc5d31b2546345219e348575eb80e9a0?s=96&d=mm&r=g\",\"contentUrl\":\"https:\\\/\\\/secure.gravatar.com\\\/avatar\\\/37d968a2e67a6fd04c169c4bdef102d0bc5d31b2546345219e348575eb80e9a0?s=96&d=mm&r=g\",\"caption\":\"redazione\"},\"sameAs\":[\"http:\\\/\\\/www.bellunopress.it\",\"https:\\\/\\\/x.com\\\/bellunopress\"],\"url\":\"https:\\\/\\\/www.bellunopress.it\\\/fr\\\/author\\\/redazione\\\/\"}]}<\/script>\n<!-- \/ Yoast SEO plugin. -->","yoast_head_json":{"title":"Chiude il polo regionale per l\u2019ingresso delle Biblioteche trevigiane. Ma la Biblioteca civica di Belluno non sospende i servizi al pubblico. - Bellunopress - Dolomiti","robots":{"index":"index","follow":"follow","max-snippet":"max-snippet:-1","max-image-preview":"max-image-preview:large","max-video-preview":"max-video-preview:-1"},"canonical":"https:\/\/www.bellunopress.it\/fr\/2009\/10\/30\/chiude-il-polo-regionale-per-l\u2019ingresso-delle-biblioteche-trevigiane-ma-la-biblioteca-civica-di-belluno-non-sospende-i-servizi-al-pubblico\/","og_locale":"fr_FR","og_type":"article","og_title":"Chiude il polo regionale per l\u2019ingresso delle Biblioteche trevigiane. Ma la Biblioteca civica di Belluno non sospende i servizi al pubblico. - Bellunopress - Dolomiti","og_description":"Anche la provincia di Treviso entrer\u00e0 a breve nel polo regionale bibliotecario. Per favorire questo ampliamento delle biblioteche partecipanti e i relativi servizi, il software Sebina Open Library sar\u00e0 necessariamente bloccato in due periodi che andranno dal 2 al 11 e dal 20 al 23 novembre. L\u2019ingresso di 230 nuove biblioteche nel sistema regionale comporter\u00e0 [&hellip;]","og_url":"https:\/\/www.bellunopress.it\/fr\/2009\/10\/30\/chiude-il-polo-regionale-per-l\u2019ingresso-delle-biblioteche-trevigiane-ma-la-biblioteca-civica-di-belluno-non-sospende-i-servizi-al-pubblico\/","og_site_name":"Bellunopress - Dolomiti","article_publisher":"https:\/\/www.facebook.com\/profile.php?id=100008943462799","article_published_time":"2009-10-30T12:22:32+00:00","og_image":[{"url":"http:\/\/www.bellunopress.it\/wp-content\/uploads\/2012\/07\/logo-bellunopress-250x250-2012.jpg","type":"","width":"","height":""}],"author":"redazione","twitter_card":"summary_large_image","twitter_creator":"@bellunopress","twitter_site":"@bellunopress","twitter_misc":{"\u00c9crit par":"redazione","Dur\u00e9e de lecture estim\u00e9e":"1 minute"},"schema":{"@context":"https:\/\/schema.org","@graph":[{"@type":"Article","@id":"https:\/\/www.bellunopress.it\/2009\/10\/30\/chiude-il-polo-regionale-per-l%e2%80%99ingresso-delle-biblioteche-trevigiane-ma-la-biblioteca-civica-di-belluno-non-sospende-i-servizi-al-pubblico\/#article","isPartOf":{"@id":"https:\/\/www.bellunopress.it\/2009\/10\/30\/chiude-il-polo-regionale-per-l%e2%80%99ingresso-delle-biblioteche-trevigiane-ma-la-biblioteca-civica-di-belluno-non-sospende-i-servizi-al-pubblico\/"},"author":{"name":"redazione","@id":"https:\/\/www.bellunopress.it\/#\/schema\/person\/79bb06722b37ece1c03d3e94beb30d73"},"headline":"Chiude il polo regionale per l\u2019ingresso delle Biblioteche trevigiane. Ma la Biblioteca civica di Belluno non sospende i servizi al pubblico.","datePublished":"2009-10-30T12:22:32+00:00","mainEntityOfPage":{"@id":"https:\/\/www.bellunopress.it\/2009\/10\/30\/chiude-il-polo-regionale-per-l%e2%80%99ingresso-delle-biblioteche-trevigiane-ma-la-biblioteca-civica-di-belluno-non-sospende-i-servizi-al-pubblico\/"},"wordCount":234,"publisher":{"@id":"https:\/\/www.bellunopress.it\/#organization"},"keywords":["Belluno"],"articleSection":["Arte, Cultura, Spettacoli, Scienza","Pausa Caff\u00e8"],"inLanguage":"fr-FR"},{"@type":"WebPage","@id":"https:\/\/www.bellunopress.it\/2009\/10\/30\/chiude-il-polo-regionale-per-l%e2%80%99ingresso-delle-biblioteche-trevigiane-ma-la-biblioteca-civica-di-belluno-non-sospende-i-servizi-al-pubblico\/","url":"https:\/\/www.bellunopress.it\/2009\/10\/30\/chiude-il-polo-regionale-per-l%e2%80%99ingresso-delle-biblioteche-trevigiane-ma-la-biblioteca-civica-di-belluno-non-sospende-i-servizi-al-pubblico\/","name":"Chiude il polo regionale per l\u2019ingresso delle Biblioteche trevigiane. Ma la Biblioteca civica di Belluno non sospende i servizi al pubblico. - Bellunopress - Dolomiti","isPartOf":{"@id":"https:\/\/www.bellunopress.it\/#website"},"datePublished":"2009-10-30T12:22:32+00:00","breadcrumb":{"@id":"https:\/\/www.bellunopress.it\/2009\/10\/30\/chiude-il-polo-regionale-per-l%e2%80%99ingresso-delle-biblioteche-trevigiane-ma-la-biblioteca-civica-di-belluno-non-sospende-i-servizi-al-pubblico\/#breadcrumb"},"inLanguage":"fr-FR","potentialAction":[{"@type":"ReadAction","target":["https:\/\/www.bellunopress.it\/2009\/10\/30\/chiude-il-polo-regionale-per-l%e2%80%99ingresso-delle-biblioteche-trevigiane-ma-la-biblioteca-civica-di-belluno-non-sospende-i-servizi-al-pubblico\/"]}]},{"@type":"BreadcrumbList","@id":"https:\/\/www.bellunopress.it\/2009\/10\/30\/chiude-il-polo-regionale-per-l%e2%80%99ingresso-delle-biblioteche-trevigiane-ma-la-biblioteca-civica-di-belluno-non-sospende-i-servizi-al-pubblico\/#breadcrumb","itemListElement":[{"@type":"ListItem","position":1,"name":"Home","item":"https:\/\/www.bellunopress.it\/"},{"@type":"ListItem","position":2,"name":"Chiude il polo regionale per l\u2019ingresso delle Biblioteche trevigiane. Ma la Biblioteca civica di Belluno non sospende i servizi al pubblico."}]},{"@type":"WebSite","@id":"https:\/\/www.bellunopress.it\/#website","url":"https:\/\/www.bellunopress.it\/","name":"Bellunopress - Dolomiti","description":"e-mail: redazione@bellunopress.it","publisher":{"@id":"https:\/\/www.bellunopress.it\/#organization"},"potentialAction":[{"@type":"SearchAction","target":{"@type":"EntryPoint","urlTemplate":"https:\/\/www.bellunopress.it\/?s={search_term_string}"},"query-input":{"@type":"PropertyValueSpecification","valueRequired":true,"valueName":"search_term_string"}}],"inLanguage":"fr-FR"},{"@type":"Organization","@id":"https:\/\/www.bellunopress.it\/#organization","name":"Bellunopress","url":"https:\/\/www.bellunopress.it\/","logo":{"@type":"ImageObject","inLanguage":"fr-FR","@id":"https:\/\/www.bellunopress.it\/#\/schema\/logo\/image\/","url":"https:\/\/www.bellunopress.it\/wp-content\/uploads\/2011\/05\/cropped-logo-bellunopress-.jpg","contentUrl":"https:\/\/www.bellunopress.it\/wp-content\/uploads\/2011\/05\/cropped-logo-bellunopress-.jpg","width":512,"height":512,"caption":"Bellunopress"},"image":{"@id":"https:\/\/www.bellunopress.it\/#\/schema\/logo\/image\/"},"sameAs":["https:\/\/www.facebook.com\/profile.php?id=100008943462799","https:\/\/x.com\/bellunopress","https:\/\/www.linkedin.com\/hp\/?dnr=JBzUWaJfMUw8vbXJJ2tVW5-I3jZKvC4wsoxE&amp;amp;amp;amp;amp;amp;trk=nav_responsive_tab_home","https:\/\/www.youtube.com\/channel\/UCxL0wu1uN0_3_7hGG0306cw"]},{"@type":"Person","@id":"https:\/\/www.bellunopress.it\/#\/schema\/person\/79bb06722b37ece1c03d3e94beb30d73","name":"r\u00e9daction","image":{"@type":"ImageObject","inLanguage":"fr-FR","@id":"https:\/\/secure.gravatar.com\/avatar\/37d968a2e67a6fd04c169c4bdef102d0bc5d31b2546345219e348575eb80e9a0?s=96&d=mm&r=g","url":"https:\/\/secure.gravatar.com\/avatar\/37d968a2e67a6fd04c169c4bdef102d0bc5d31b2546345219e348575eb80e9a0?s=96&d=mm&r=g","contentUrl":"https:\/\/secure.gravatar.com\/avatar\/37d968a2e67a6fd04c169c4bdef102d0bc5d31b2546345219e348575eb80e9a0?s=96&d=mm&r=g","caption":"redazione"},"sameAs":["http:\/\/www.bellunopress.it","https:\/\/x.com\/bellunopress"],"url":"https:\/\/www.bellunopress.it\/fr\/author\/redazione\/"}]}},"_links":{"self":[{"href":"https:\/\/www.bellunopress.it\/fr\/wp-json\/wp\/v2\/posts\/9286","targetHints":{"allow":["GET"]}}],"collection":[{"href":"https:\/\/www.bellunopress.it\/fr\/wp-json\/wp\/v2\/posts"}],"about":[{"href":"https:\/\/www.bellunopress.it\/fr\/wp-json\/wp\/v2\/types\/post"}],"author":[{"embeddable":true,"href":"https:\/\/www.bellunopress.it\/fr\/wp-json\/wp\/v2\/users\/2"}],"replies":[{"embeddable":true,"href":"https:\/\/www.bellunopress.it\/fr\/wp-json\/wp\/v2\/comments?post=9286"}],"version-history":[{"count":1,"href":"https:\/\/www.bellunopress.it\/fr\/wp-json\/wp\/v2\/posts\/9286\/revisions"}],"predecessor-version":[{"id":9287,"href":"https:\/\/www.bellunopress.it\/fr\/wp-json\/wp\/v2\/posts\/9286\/revisions\/9287"}],"wp:attachment":[{"href":"https:\/\/www.bellunopress.it\/fr\/wp-json\/wp\/v2\/media?parent=9286"}],"wp:term":[{"taxonomy":"category","embeddable":true,"href":"https:\/\/www.bellunopress.it\/fr\/wp-json\/wp\/v2\/categories?post=9286"},{"taxonomy":"post_tag","embeddable":true,"href":"https:\/\/www.bellunopress.it\/fr\/wp-json\/wp\/v2\/tags?post=9286"}],"curies":[{"name":"wp","href":"https:\/\/api.w.org\/{rel}","templated":true}]}}