{"id":9281,"date":"2009-10-30T13:09:31","date_gmt":"2009-10-30T12:09:31","guid":{"rendered":"http:\/\/www.bellunopress.it\/?p=9281"},"modified":"2009-10-30T19:57:23","modified_gmt":"2009-10-30T18:57:23","slug":"1%c2%b0-2-e-4-novembrei-91%c2%b0-anniversario-della-liberazione-il-programma-delle-cerimonie","status":"publish","type":"post","link":"https:\/\/www.bellunopress.it\/fr\/2009\/10\/30\/1%c2%b0-2-e-4-novembrei-91%c2%b0-anniversario-della-liberazione-il-programma-delle-cerimonie\/","title":{"rendered":"1\u00b0, 2 e 4 novembre.i 91\u00b0 Anniversario della Liberazione il programma delle Cerimonie"},"content":{"rendered":"<p>Quelle che aprono il mese di novembre sono tradizionalmente giornate dedicate alle cerimonie commemorative. Si comincia con domenica 1\u00b0 novembre, per la commemorazione della Liberazione della Citt\u00e0 di Belluno. Alle 9 \u00e8 previsto il ritrovo delle autorit\u00e0 di fronte a Palazzo Rosso; di l\u00e0 partir\u00e0 il corteo per la Sveglia alla Citt\u00e0, attraverso Palazzo Rosso, piazza delle Erbe, via Mezzaterra, via del Piave, via S. Lucano, piazza Duomo, piazza dei Martiri, con il Gonfalone cittadino, un reparto in armi del 7\u00b0 Reggimento Alpini e il complesso bandistico \u201cCitt\u00e0 di Belluno\u201d. Il corteo arriver\u00e0 in piazza dei Martiri dove, alle 9.45, ci sar\u00e0 l&#8217;alzabandiera, a cura della Polizia Locale. Subito dopo, alle 10, sar\u00e0 il Comando del 7\u00b0 Reggimento Alpini a curare l&#8217;alzabandiera alla Stele commemorativa dei Caduti della Guerra 1915\/18 e 1940\/45 in Viale Fantuzzi. Alle 11 la Citt\u00e0 si riempir\u00e0 dei rintocchi della Campana della Torre Civica, in ricordo dell\u2019ingresso in Citt\u00e0 delle truppe di Liberazione. Alle 11.15, il complesso bandistico \u201cCitt\u00e0 di Belluno\u201dsi esibir\u00e0 in un concerto in Piazza dei Martiri. La giornata si concluder\u00e0 con l&#8217;ammainabandiera in Piazza dei Martiri alle 17, seguito dall&#8217;ammainabandiera alle 17.15 alla Stele commemorativa di Viale Fantuzzi.<br \/>\nIl 2 novembre, giornata dedicata alla commemorazione dei Defunti, il primo appuntamento \u00e8 alle 9.30 con la deposizione di una corona di alloro alla stele commemorativa dei Caduti per Servizio in Piazzale Cesare Battisti.<br \/>\nAlle 10 verr\u00e0 celebrata una Santa Messa in suffragio dei Caduti militari, presso il Campo militare del Cimitero Urbano, con la deposizione, a cura del 7\u00b0 Reggimento Alpini, di due corone al Monumento del Caduti italiani e al Monumento dei Caduti austriaci.<br \/>\nAlle 14.45 verr\u00e0 deposto un mazzo di fiori presso il cippo commemorativo degli Esuli istriani, fiumani e dalmati al Cimitero Urbano. Seguir\u00e0, alle 15, la Cerimonia religiosa presso lo stesso Cimitero Urbano.<br \/>\nMercoled\u00ec 4 novembre, infine, Giornata dell&#8217;Unit\u00e0 Nazionale e Festa delle Forze Armate, alle 9.30 ci sar\u00e0 l&#8217;alzabandiera in Piazza Martiri, a cura del Comando del 7\u00b0 Reggimento Alpini, con picchetto militare, alla presenza delle Autorit\u00e0; alle 10.00, verr\u00e0 aperta al pubblico, fino alle 16, la Caserma \u201cSalsa-D\u2019Angelo\u201d, con esposizione di mezzi e materiali in dotazione alle Truppe Alpine.<br \/>\nAlle 10.30, nella caserma Salsa D\u2019Angelo, alla presenza del Gonfalone cittadino, avr\u00e0 luogo la cerimonia militare di celebrazione dell\u2019evento.<br \/>\nConcluder\u00e0 la giornata l&#8217;ammainabandiera in Piazza dei Martiri, a cura del Comando del 7\u00b0 Reggimento Alpini.<br \/>\nL\u2019Amministrazione comunale invita la cittadinanza ad essere presente ai vari appuntamenti previsti.<\/p>\n<p>Per consentire lo svolgimento delle Cerimonie si rendono necessarie alcune modifiche alla viabilit\u00e0:<br \/>\n1\u00b0 novembre 2009<br \/>\n1.\u00a0divieto di sosta con rimozione forzata dei veicoli in tutta l\u2019area di parcheggio opposta all\u2019Hotel Astor di piazza dei Martiri, dalle ore 7.00 fino al termine della cerimonia di ammaina bandiera, prevista per le ore 17.00;<br \/>\n2.\u00a0divieto di sosta, con rimozione forzata dei veicoli, nell\u2019area di parcheggio riservata ai veicoli della Polizia di Stato in viale Fantuzzi e via Volontari della Libert\u00e0, nel tratto compreso tra le due scalette di accesso alla stele dei caduti, dalle ore 7.00 e fino al termine della cerimonia di ammaina bandiera, prevista per le ore 17.15;<br \/>\n3.\u00a0sospensione momentanea della circolazione, regolata dagli Agenti preposti alla viabilit\u00e0, in concomitanza col passaggio del corteo dal Municipio in piazza Duomo a piazza Martiri e successivamente fino alla Stele dei Caduti di viale Fantuzzi, attraverso via Matteotti, via Loreto, p.le C. Battisti e via Segato.<br \/>\n2 novembre 2009<br \/>\n1.\u00a0sospensione momentanea della circolazione lungo la traversa di piazzale C. Battisti verso \u201cex pronto soccorso\u201d, in concomitanza con la cerimonia di posa corona al monumento dei Caduti sul Lavoro, prevista per le ore 9.30.<br \/>\n4 novembre 2008<br \/>\n1.\u00a0divieto di sosta con rimozione forzata dei veicoli in tutta l\u2019area di parcheggio opposta all\u2019Hotel Astor di piazza dei Martiri, dalle ore 7.00 fino al termine della cerimonia di ammaina bandiera, prevista per le ore 17.00.<\/p>","protected":false},"excerpt":{"rendered":"<p>Quelle che aprono il mese di novembre sono tradizionalmente giornate dedicate alle cerimonie commemorative. Si comincia con domenica 1\u00b0 novembre, per la commemorazione della Liberazione della Citt\u00e0 di Belluno. Alle 9 \u00e8 previsto il ritrovo delle autorit\u00e0 di fronte a Palazzo Rosso; di l\u00e0 partir\u00e0 il corteo per la Sveglia alla Citt\u00e0, attraverso Palazzo Rosso, [&hellip;]<\/p>\n","protected":false},"author":2,"featured_media":0,"comment_status":"closed","ping_status":"open","sticky":false,"template":"","format":"standard","meta":{"footnotes":""},"categories":[27,26],"tags":[139],"class_list":["post-9281","post","type-post","status-publish","format-standard","category-appuntamenti","category-prima-pagina","tag-belluno"],"yoast_head":"<!-- This site is optimized with the Yoast SEO plugin v28.4 - https:\/\/yoast.com\/product\/yoast-seo-wordpress\/ -->\n<title>1\u00b0, 2 e 4 novembre.i 91\u00b0 Anniversario della Liberazione il programma delle Cerimonie - Bellunopress - Dolomiti<\/title>\n<meta name=\"robots\" content=\"index, follow, max-snippet:-1, max-image-preview:large, max-video-preview:-1\" \/>\n<link rel=\"canonical\" href=\"https:\/\/www.bellunopress.it\/fr\/2009\/10\/30\/1\u00b0-2-e-4-novembrei-91\u00b0-anniversario-della-liberazione-il-programma-delle-cerimonie\/\" \/>\n<meta property=\"og:locale\" content=\"fr_FR\" \/>\n<meta property=\"og:type\" content=\"article\" \/>\n<meta property=\"og:title\" content=\"1\u00b0, 2 e 4 novembre.i 91\u00b0 Anniversario della Liberazione il programma delle Cerimonie - Bellunopress - Dolomiti\" \/>\n<meta property=\"og:description\" content=\"Quelle che aprono il mese di novembre sono tradizionalmente giornate dedicate alle cerimonie commemorative. Si comincia con domenica 1\u00b0 novembre, per la commemorazione della Liberazione della Citt\u00e0 di Belluno. Alle 9 \u00e8 previsto il ritrovo delle autorit\u00e0 di fronte a Palazzo Rosso; di l\u00e0 partir\u00e0 il corteo per la Sveglia alla Citt\u00e0, attraverso Palazzo Rosso, [&hellip;]\" \/>\n<meta property=\"og:url\" content=\"https:\/\/www.bellunopress.it\/fr\/2009\/10\/30\/1\u00b0-2-e-4-novembrei-91\u00b0-anniversario-della-liberazione-il-programma-delle-cerimonie\/\" \/>\n<meta property=\"og:site_name\" content=\"Bellunopress - Dolomiti\" \/>\n<meta property=\"article:publisher\" content=\"https:\/\/www.facebook.com\/profile.php?id=100008943462799\" \/>\n<meta property=\"article:published_time\" content=\"2009-10-30T12:09:31+00:00\" \/>\n<meta property=\"article:modified_time\" content=\"2009-10-30T18:57:23+00:00\" \/>\n<meta property=\"og:image\" content=\"http:\/\/www.bellunopress.it\/wp-content\/uploads\/2012\/07\/logo-bellunopress-250x250-2012.jpg\" \/>\n<meta name=\"author\" content=\"redazione\" \/>\n<meta name=\"twitter:card\" content=\"summary_large_image\" \/>\n<meta name=\"twitter:creator\" content=\"@bellunopress\" \/>\n<meta name=\"twitter:site\" content=\"@bellunopress\" \/>\n<meta name=\"twitter:label1\" content=\"\u00c9crit par\" \/>\n\t<meta name=\"twitter:data1\" content=\"redazione\" \/>\n\t<meta name=\"twitter:label2\" content=\"Dur\u00e9e de lecture estim\u00e9e\" \/>\n\t<meta name=\"twitter:data2\" content=\"3 minutes\" \/>\n<script type=\"application\/ld+json\" class=\"yoast-schema-graph\">{\"@context\":\"https:\\\/\\\/schema.org\",\"@graph\":[{\"@type\":\"Article\",\"@id\":\"https:\\\/\\\/www.bellunopress.it\\\/2009\\\/10\\\/30\\\/1%c2%b0-2-e-4-novembrei-91%c2%b0-anniversario-della-liberazione-il-programma-delle-cerimonie\\\/#article\",\"isPartOf\":{\"@id\":\"https:\\\/\\\/www.bellunopress.it\\\/2009\\\/10\\\/30\\\/1%c2%b0-2-e-4-novembrei-91%c2%b0-anniversario-della-liberazione-il-programma-delle-cerimonie\\\/\"},\"author\":{\"name\":\"redazione\",\"@id\":\"https:\\\/\\\/www.bellunopress.it\\\/#\\\/schema\\\/person\\\/79bb06722b37ece1c03d3e94beb30d73\"},\"headline\":\"1\u00b0, 2 e 4 novembre.i 91\u00b0 Anniversario della Liberazione il programma delle Cerimonie\",\"datePublished\":\"2009-10-30T12:09:31+00:00\",\"dateModified\":\"2009-10-30T18:57:23+00:00\",\"mainEntityOfPage\":{\"@id\":\"https:\\\/\\\/www.bellunopress.it\\\/2009\\\/10\\\/30\\\/1%c2%b0-2-e-4-novembrei-91%c2%b0-anniversario-della-liberazione-il-programma-delle-cerimonie\\\/\"},\"wordCount\":626,\"publisher\":{\"@id\":\"https:\\\/\\\/www.bellunopress.it\\\/#organization\"},\"keywords\":[\"Belluno\"],\"articleSection\":[\"Appuntamenti, Eventi\",\"Prima Pagina\"],\"inLanguage\":\"fr-FR\"},{\"@type\":\"WebPage\",\"@id\":\"https:\\\/\\\/www.bellunopress.it\\\/2009\\\/10\\\/30\\\/1%c2%b0-2-e-4-novembrei-91%c2%b0-anniversario-della-liberazione-il-programma-delle-cerimonie\\\/\",\"url\":\"https:\\\/\\\/www.bellunopress.it\\\/2009\\\/10\\\/30\\\/1%c2%b0-2-e-4-novembrei-91%c2%b0-anniversario-della-liberazione-il-programma-delle-cerimonie\\\/\",\"name\":\"1\u00b0, 2 e 4 novembre.i 91\u00b0 Anniversario della Liberazione il programma delle Cerimonie - Bellunopress - Dolomiti\",\"isPartOf\":{\"@id\":\"https:\\\/\\\/www.bellunopress.it\\\/#website\"},\"datePublished\":\"2009-10-30T12:09:31+00:00\",\"dateModified\":\"2009-10-30T18:57:23+00:00\",\"breadcrumb\":{\"@id\":\"https:\\\/\\\/www.bellunopress.it\\\/2009\\\/10\\\/30\\\/1%c2%b0-2-e-4-novembrei-91%c2%b0-anniversario-della-liberazione-il-programma-delle-cerimonie\\\/#breadcrumb\"},\"inLanguage\":\"fr-FR\",\"potentialAction\":[{\"@type\":\"ReadAction\",\"target\":[\"https:\\\/\\\/www.bellunopress.it\\\/2009\\\/10\\\/30\\\/1%c2%b0-2-e-4-novembrei-91%c2%b0-anniversario-della-liberazione-il-programma-delle-cerimonie\\\/\"]}]},{\"@type\":\"BreadcrumbList\",\"@id\":\"https:\\\/\\\/www.bellunopress.it\\\/2009\\\/10\\\/30\\\/1%c2%b0-2-e-4-novembrei-91%c2%b0-anniversario-della-liberazione-il-programma-delle-cerimonie\\\/#breadcrumb\",\"itemListElement\":[{\"@type\":\"ListItem\",\"position\":1,\"name\":\"Home\",\"item\":\"https:\\\/\\\/www.bellunopress.it\\\/\"},{\"@type\":\"ListItem\",\"position\":2,\"name\":\"1\u00b0, 2 e 4 novembre.i 91\u00b0 Anniversario della Liberazione il programma delle Cerimonie\"}]},{\"@type\":\"WebSite\",\"@id\":\"https:\\\/\\\/www.bellunopress.it\\\/#website\",\"url\":\"https:\\\/\\\/www.bellunopress.it\\\/\",\"name\":\"Bellunopress - Dolomiti\",\"description\":\"e-mail: redazione@bellunopress.it\",\"publisher\":{\"@id\":\"https:\\\/\\\/www.bellunopress.it\\\/#organization\"},\"potentialAction\":[{\"@type\":\"SearchAction\",\"target\":{\"@type\":\"EntryPoint\",\"urlTemplate\":\"https:\\\/\\\/www.bellunopress.it\\\/?s={search_term_string}\"},\"query-input\":{\"@type\":\"PropertyValueSpecification\",\"valueRequired\":true,\"valueName\":\"search_term_string\"}}],\"inLanguage\":\"fr-FR\"},{\"@type\":\"Organization\",\"@id\":\"https:\\\/\\\/www.bellunopress.it\\\/#organization\",\"name\":\"Bellunopress\",\"url\":\"https:\\\/\\\/www.bellunopress.it\\\/\",\"logo\":{\"@type\":\"ImageObject\",\"inLanguage\":\"fr-FR\",\"@id\":\"https:\\\/\\\/www.bellunopress.it\\\/#\\\/schema\\\/logo\\\/image\\\/\",\"url\":\"https:\\\/\\\/www.bellunopress.it\\\/wp-content\\\/uploads\\\/2011\\\/05\\\/cropped-logo-bellunopress-.jpg\",\"contentUrl\":\"https:\\\/\\\/www.bellunopress.it\\\/wp-content\\\/uploads\\\/2011\\\/05\\\/cropped-logo-bellunopress-.jpg\",\"width\":512,\"height\":512,\"caption\":\"Bellunopress\"},\"image\":{\"@id\":\"https:\\\/\\\/www.bellunopress.it\\\/#\\\/schema\\\/logo\\\/image\\\/\"},\"sameAs\":[\"https:\\\/\\\/www.facebook.com\\\/profile.php?id=100008943462799\",\"https:\\\/\\\/x.com\\\/bellunopress\",\"https:\\\/\\\/www.linkedin.com\\\/hp\\\/?dnr=JBzUWaJfMUw8vbXJJ2tVW5-I3jZKvC4wsoxE&amp;amp;amp;amp;amp;amp;trk=nav_responsive_tab_home\",\"https:\\\/\\\/www.youtube.com\\\/channel\\\/UCxL0wu1uN0_3_7hGG0306cw\"]},{\"@type\":\"Person\",\"@id\":\"https:\\\/\\\/www.bellunopress.it\\\/#\\\/schema\\\/person\\\/79bb06722b37ece1c03d3e94beb30d73\",\"name\":\"redazione\",\"image\":{\"@type\":\"ImageObject\",\"inLanguage\":\"fr-FR\",\"@id\":\"https:\\\/\\\/secure.gravatar.com\\\/avatar\\\/37d968a2e67a6fd04c169c4bdef102d0bc5d31b2546345219e348575eb80e9a0?s=96&d=mm&r=g\",\"url\":\"https:\\\/\\\/secure.gravatar.com\\\/avatar\\\/37d968a2e67a6fd04c169c4bdef102d0bc5d31b2546345219e348575eb80e9a0?s=96&d=mm&r=g\",\"contentUrl\":\"https:\\\/\\\/secure.gravatar.com\\\/avatar\\\/37d968a2e67a6fd04c169c4bdef102d0bc5d31b2546345219e348575eb80e9a0?s=96&d=mm&r=g\",\"caption\":\"redazione\"},\"sameAs\":[\"http:\\\/\\\/www.bellunopress.it\",\"https:\\\/\\\/x.com\\\/bellunopress\"],\"url\":\"https:\\\/\\\/www.bellunopress.it\\\/fr\\\/author\\\/redazione\\\/\"}]}<\/script>\n<!-- \/ Yoast SEO plugin. -->","yoast_head_json":{"title":"1\u00b0, 2 e 4 novembre.i 91\u00b0 Anniversario della Liberazione il programma delle Cerimonie - Bellunopress - Dolomiti","robots":{"index":"index","follow":"follow","max-snippet":"max-snippet:-1","max-image-preview":"max-image-preview:large","max-video-preview":"max-video-preview:-1"},"canonical":"https:\/\/www.bellunopress.it\/fr\/2009\/10\/30\/1\u00b0-2-e-4-novembrei-91\u00b0-anniversario-della-liberazione-il-programma-delle-cerimonie\/","og_locale":"fr_FR","og_type":"article","og_title":"1\u00b0, 2 e 4 novembre.i 91\u00b0 Anniversario della Liberazione il programma delle Cerimonie - Bellunopress - Dolomiti","og_description":"Quelle che aprono il mese di novembre sono tradizionalmente giornate dedicate alle cerimonie commemorative. Si comincia con domenica 1\u00b0 novembre, per la commemorazione della Liberazione della Citt\u00e0 di Belluno. Alle 9 \u00e8 previsto il ritrovo delle autorit\u00e0 di fronte a Palazzo Rosso; di l\u00e0 partir\u00e0 il corteo per la Sveglia alla Citt\u00e0, attraverso Palazzo Rosso, [&hellip;]","og_url":"https:\/\/www.bellunopress.it\/fr\/2009\/10\/30\/1\u00b0-2-e-4-novembrei-91\u00b0-anniversario-della-liberazione-il-programma-delle-cerimonie\/","og_site_name":"Bellunopress - Dolomiti","article_publisher":"https:\/\/www.facebook.com\/profile.php?id=100008943462799","article_published_time":"2009-10-30T12:09:31+00:00","article_modified_time":"2009-10-30T18:57:23+00:00","og_image":[{"url":"http:\/\/www.bellunopress.it\/wp-content\/uploads\/2012\/07\/logo-bellunopress-250x250-2012.jpg","type":"","width":"","height":""}],"author":"redazione","twitter_card":"summary_large_image","twitter_creator":"@bellunopress","twitter_site":"@bellunopress","twitter_misc":{"\u00c9crit par":"redazione","Dur\u00e9e de lecture estim\u00e9e":"3 minutes"},"schema":{"@context":"https:\/\/schema.org","@graph":[{"@type":"Article","@id":"https:\/\/www.bellunopress.it\/2009\/10\/30\/1%c2%b0-2-e-4-novembrei-91%c2%b0-anniversario-della-liberazione-il-programma-delle-cerimonie\/#article","isPartOf":{"@id":"https:\/\/www.bellunopress.it\/2009\/10\/30\/1%c2%b0-2-e-4-novembrei-91%c2%b0-anniversario-della-liberazione-il-programma-delle-cerimonie\/"},"author":{"name":"redazione","@id":"https:\/\/www.bellunopress.it\/#\/schema\/person\/79bb06722b37ece1c03d3e94beb30d73"},"headline":"1\u00b0, 2 e 4 novembre.i 91\u00b0 Anniversario della Liberazione il programma delle Cerimonie","datePublished":"2009-10-30T12:09:31+00:00","dateModified":"2009-10-30T18:57:23+00:00","mainEntityOfPage":{"@id":"https:\/\/www.bellunopress.it\/2009\/10\/30\/1%c2%b0-2-e-4-novembrei-91%c2%b0-anniversario-della-liberazione-il-programma-delle-cerimonie\/"},"wordCount":626,"publisher":{"@id":"https:\/\/www.bellunopress.it\/#organization"},"keywords":["Belluno"],"articleSection":["Appuntamenti, Eventi","Prima Pagina"],"inLanguage":"fr-FR"},{"@type":"WebPage","@id":"https:\/\/www.bellunopress.it\/2009\/10\/30\/1%c2%b0-2-e-4-novembrei-91%c2%b0-anniversario-della-liberazione-il-programma-delle-cerimonie\/","url":"https:\/\/www.bellunopress.it\/2009\/10\/30\/1%c2%b0-2-e-4-novembrei-91%c2%b0-anniversario-della-liberazione-il-programma-delle-cerimonie\/","name":"1\u00b0, 2 e 4 novembre.i 91\u00b0 Anniversario della Liberazione il programma delle Cerimonie - Bellunopress - Dolomiti","isPartOf":{"@id":"https:\/\/www.bellunopress.it\/#website"},"datePublished":"2009-10-30T12:09:31+00:00","dateModified":"2009-10-30T18:57:23+00:00","breadcrumb":{"@id":"https:\/\/www.bellunopress.it\/2009\/10\/30\/1%c2%b0-2-e-4-novembrei-91%c2%b0-anniversario-della-liberazione-il-programma-delle-cerimonie\/#breadcrumb"},"inLanguage":"fr-FR","potentialAction":[{"@type":"ReadAction","target":["https:\/\/www.bellunopress.it\/2009\/10\/30\/1%c2%b0-2-e-4-novembrei-91%c2%b0-anniversario-della-liberazione-il-programma-delle-cerimonie\/"]}]},{"@type":"BreadcrumbList","@id":"https:\/\/www.bellunopress.it\/2009\/10\/30\/1%c2%b0-2-e-4-novembrei-91%c2%b0-anniversario-della-liberazione-il-programma-delle-cerimonie\/#breadcrumb","itemListElement":[{"@type":"ListItem","position":1,"name":"Home","item":"https:\/\/www.bellunopress.it\/"},{"@type":"ListItem","position":2,"name":"1\u00b0, 2 e 4 novembre.i 91\u00b0 Anniversario della Liberazione il programma delle Cerimonie"}]},{"@type":"WebSite","@id":"https:\/\/www.bellunopress.it\/#website","url":"https:\/\/www.bellunopress.it\/","name":"Bellunopress - Dolomiti","description":"e-mail: redazione@bellunopress.it","publisher":{"@id":"https:\/\/www.bellunopress.it\/#organization"},"potentialAction":[{"@type":"SearchAction","target":{"@type":"EntryPoint","urlTemplate":"https:\/\/www.bellunopress.it\/?s={search_term_string}"},"query-input":{"@type":"PropertyValueSpecification","valueRequired":true,"valueName":"search_term_string"}}],"inLanguage":"fr-FR"},{"@type":"Organization","@id":"https:\/\/www.bellunopress.it\/#organization","name":"Bellunopress","url":"https:\/\/www.bellunopress.it\/","logo":{"@type":"ImageObject","inLanguage":"fr-FR","@id":"https:\/\/www.bellunopress.it\/#\/schema\/logo\/image\/","url":"https:\/\/www.bellunopress.it\/wp-content\/uploads\/2011\/05\/cropped-logo-bellunopress-.jpg","contentUrl":"https:\/\/www.bellunopress.it\/wp-content\/uploads\/2011\/05\/cropped-logo-bellunopress-.jpg","width":512,"height":512,"caption":"Bellunopress"},"image":{"@id":"https:\/\/www.bellunopress.it\/#\/schema\/logo\/image\/"},"sameAs":["https:\/\/www.facebook.com\/profile.php?id=100008943462799","https:\/\/x.com\/bellunopress","https:\/\/www.linkedin.com\/hp\/?dnr=JBzUWaJfMUw8vbXJJ2tVW5-I3jZKvC4wsoxE&amp;amp;amp;amp;amp;amp;trk=nav_responsive_tab_home","https:\/\/www.youtube.com\/channel\/UCxL0wu1uN0_3_7hGG0306cw"]},{"@type":"Person","@id":"https:\/\/www.bellunopress.it\/#\/schema\/person\/79bb06722b37ece1c03d3e94beb30d73","name":"r\u00e9daction","image":{"@type":"ImageObject","inLanguage":"fr-FR","@id":"https:\/\/secure.gravatar.com\/avatar\/37d968a2e67a6fd04c169c4bdef102d0bc5d31b2546345219e348575eb80e9a0?s=96&d=mm&r=g","url":"https:\/\/secure.gravatar.com\/avatar\/37d968a2e67a6fd04c169c4bdef102d0bc5d31b2546345219e348575eb80e9a0?s=96&d=mm&r=g","contentUrl":"https:\/\/secure.gravatar.com\/avatar\/37d968a2e67a6fd04c169c4bdef102d0bc5d31b2546345219e348575eb80e9a0?s=96&d=mm&r=g","caption":"redazione"},"sameAs":["http:\/\/www.bellunopress.it","https:\/\/x.com\/bellunopress"],"url":"https:\/\/www.bellunopress.it\/fr\/author\/redazione\/"}]}},"_links":{"self":[{"href":"https:\/\/www.bellunopress.it\/fr\/wp-json\/wp\/v2\/posts\/9281","targetHints":{"allow":["GET"]}}],"collection":[{"href":"https:\/\/www.bellunopress.it\/fr\/wp-json\/wp\/v2\/posts"}],"about":[{"href":"https:\/\/www.bellunopress.it\/fr\/wp-json\/wp\/v2\/types\/post"}],"author":[{"embeddable":true,"href":"https:\/\/www.bellunopress.it\/fr\/wp-json\/wp\/v2\/users\/2"}],"replies":[{"embeddable":true,"href":"https:\/\/www.bellunopress.it\/fr\/wp-json\/wp\/v2\/comments?post=9281"}],"version-history":[{"count":3,"href":"https:\/\/www.bellunopress.it\/fr\/wp-json\/wp\/v2\/posts\/9281\/revisions"}],"predecessor-version":[{"id":9317,"href":"https:\/\/www.bellunopress.it\/fr\/wp-json\/wp\/v2\/posts\/9281\/revisions\/9317"}],"wp:attachment":[{"href":"https:\/\/www.bellunopress.it\/fr\/wp-json\/wp\/v2\/media?parent=9281"}],"wp:term":[{"taxonomy":"category","embeddable":true,"href":"https:\/\/www.bellunopress.it\/fr\/wp-json\/wp\/v2\/categories?post=9281"},{"taxonomy":"post_tag","embeddable":true,"href":"https:\/\/www.bellunopress.it\/fr\/wp-json\/wp\/v2\/tags?post=9281"}],"curies":[{"name":"wp","href":"https:\/\/api.w.org\/{rel}","templated":true}]}}