{"id":9278,"date":"2009-10-29T23:29:56","date_gmt":"2009-10-29T22:29:56","guid":{"rendered":"http:\/\/www.bellunopress.it\/?p=9278"},"modified":"2009-10-29T23:29:56","modified_gmt":"2009-10-29T22:29:56","slug":"stagione-invernale-ai-blocchi-di-partenza-cannoni-in-piena-attivita-sulle-piste-dolomiti-stars-primi-impianti-aperti-a-partire-dal-27-novembre","status":"publish","type":"post","link":"https:\/\/www.bellunopress.it\/fr\/2009\/10\/29\/stagione-invernale-ai-blocchi-di-partenza-cannoni-in-piena-attivita-sulle-piste-dolomiti-stars-primi-impianti-aperti-a-partire-dal-27-novembre\/","title":{"rendered":"Stagione invernale ai blocchi di partenza, cannoni in piena attivit\u00e0 sulle piste Dolomiti stars. Primi impianti aperti a partire dal 27 novembre"},"content":{"rendered":"<p><a href=\"http:\/\/www.bellunopress.it\/wp-content\/uploads\/2009\/10\/impianto-innevamento-cannone-neve.jpg\"><img loading=\"lazy\" decoding=\"async\" class=\"alignleft size-medium wp-image-9279\" title=\"impianto-innevamento-cannone-neve\" src=\"http:\/\/www.bellunopress.it\/wp-content\/uploads\/2009\/10\/impianto-innevamento-cannone-neve.jpg\" alt=\"\" width=\"280\" height=\"210\" \/><\/a>Alleghe (BL-Veneto), 28 ottobre 2009 &#8211; Cannoni schierati e pronti a sparare sulle Dolomiti. Niente allarmismi, non si tratta di nuovi venti di guerra tra alpini italiani e kaiserjager austroungarici pronti a fronteggiarsi sul fronte dolomitico come durante la grande guerra ma solamente dei preparativi per la grande stagione\u00a0 dello sci e della neve ormai alle porte in tutte le aree di Dolomiti Stars. Si lavora alacremente su tutte le piste dello Ski Civetta ad Alleghe, Selva di Cadore e Zoldo. In questi giorni \u0096 spiega Italo Mazzonelli responsabile dello Ski Civetta &#8211; durante le ore diurne il clima \u00e8 mite, ma nelle ultime settimane c\u0092\u00e8 stato un deciso abbassamento delle temperature soprattutto nelle ore notturne con le prime gelate fondamentali per raffreddare e rendere duro il terreno sul quale andremo e compattare lo strato di neve prodotta artificialmente in attesa delle prime nevicate. A fine mese saremo gi\u00e0 pronti ad accogliere gli sciatori con alcuni impianti aperti a partire da sabato 28 e domenica 29 novembre, completando poi l\u0092apertura del comprensorio nei primi giorni di dicembre.\u00a0 Novit\u00e0 sulle piste della Val Zoldana. \u0093In questi giorni \u0096 dice Marco Garbin responsabile tecnico dell\u0092area &#8211; abbiamo ultimato il posizionamento dei cannoni sulle piste. Le prime ad essere preparate saranno la Cristelin e la Foppe dove contiamo di aprire anche per lo sci notturno gi\u00e0 da fine novembre. Dalla stagione 2009\/10 riaprir\u00e0 con nuova gestione il Fun Park il parco giochi di Palma ed anche il nuovo asilo sulla neve Kinderland. Inoltre verr\u00e0 ripristinato lo Snow Park tanto apprezzato dai giovani riders sulla pista Cristelin di Zoldo Alto.\u0094 Cannoni in funzione anche nella ski area Passo San Pellegrino-Falcade. \u0093Con l&#8217;\u0092impianto di innevamento programmato che copre il 90% del comprensorio \u0096 spiega il responsabile marketing Renzo Minella &#8211; stiamo preparando il fondo sia sulle piste di Falcade che al passo. Grazie alla possibilit\u00e0 di attingere alle risorse idriche del bacino artificiale del Lago Cavia non sar\u00e0 necessario ricorrere all\u0092acquedotto comunale. Tempo permettendo gli appassionati potranno scendere in pista sia sul Col Margherita che sulle altre piste del passo gi\u00e0 a fine novembre, presumibilmente a partire da venerd\u00ec 27 o da sabato 28 novembre. Se tutto va bene potremo aprire subito anche parte degli impianti di Falcade.\u0094 Nel frattempo nelle zone pi\u00f9 alte del territorio di Dolomiti Stars si sono gi\u00e0 registrate le prime nevicate. \u0093Pochi centimetri che comunque fanno bene sperare per l\u0092inizio della stagione \u0096 spiega Walter Finazzer responsabile del Consorzio Impianti a Fune Arabba-Marmolada -. I cannoni sono posizionati e sono gi\u00e0 entrati in funzione in Marmolada, sul Padon e ad Arabba. In diverse occasioni la notte la colonnine di mercurio \u00e8 arrivata a toccare anche temperature inferiori ai \u0096 10 C\u00b0. Con queste condizioni possiamo lavorare bene sul fondo delle piste in attesa di nevicate pi\u00f9 significative. Un\u0092apertura almeno parziale \u00e8 prevista per i primi di dicembre, sicuramente per il week-end dell\u00928 dicembre tutti gli impianti saranno in piena attivit\u00e0.\u0094<\/p>","protected":false},"excerpt":{"rendered":"<p>Alleghe (BL-Veneto), 28 ottobre 2009 &#8211; Cannoni schierati e pronti a sparare sulle Dolomiti. Niente allarmismi, non si tratta di nuovi venti di guerra tra alpini italiani e kaiserjager austroungarici pronti a fronteggiarsi sul fronte dolomitico come durante la grande guerra ma solamente dei preparativi per la grande stagione\u00a0 dello sci e della neve ormai [&hellip;]<\/p>\n","protected":false},"author":2,"featured_media":0,"comment_status":"closed","ping_status":"open","sticky":false,"template":"","format":"standard","meta":{"footnotes":""},"categories":[25,4],"tags":[139,151,63,2262],"class_list":["post-9278","post","type-post","status-publish","format-standard","category-pausa-caffe","category-sport","tag-belluno","tag-cadore","tag-dolomiti","tag-zoldo"],"yoast_head":"<!-- This site is optimized with the Yoast SEO plugin v28.4 - https:\/\/yoast.com\/product\/yoast-seo-wordpress\/ -->\n<title>Stagione invernale ai blocchi di partenza, cannoni in piena attivit\u00e0 sulle piste Dolomiti stars. Primi impianti aperti a partire dal 27 novembre - Bellunopress - Dolomiti<\/title>\n<meta name=\"robots\" content=\"index, follow, max-snippet:-1, max-image-preview:large, max-video-preview:-1\" \/>\n<link rel=\"canonical\" href=\"https:\/\/www.bellunopress.it\/fr\/2009\/10\/29\/stagione-invernale-ai-blocchi-di-partenza-cannoni-in-piena-attivita-sulle-piste-dolomiti-stars-primi-impianti-aperti-a-partire-dal-27-novembre\/\" \/>\n<meta property=\"og:locale\" content=\"fr_FR\" \/>\n<meta property=\"og:type\" content=\"article\" \/>\n<meta property=\"og:title\" content=\"Stagione invernale ai blocchi di partenza, cannoni in piena attivit\u00e0 sulle piste Dolomiti stars. Primi impianti aperti a partire dal 27 novembre - Bellunopress - Dolomiti\" \/>\n<meta property=\"og:description\" content=\"Alleghe (BL-Veneto), 28 ottobre 2009 &#8211; Cannoni schierati e pronti a sparare sulle Dolomiti. Niente allarmismi, non si tratta di nuovi venti di guerra tra alpini italiani e kaiserjager austroungarici pronti a fronteggiarsi sul fronte dolomitico come durante la grande guerra ma solamente dei preparativi per la grande stagione\u00a0 dello sci e della neve ormai [&hellip;]\" \/>\n<meta property=\"og:url\" content=\"https:\/\/www.bellunopress.it\/fr\/2009\/10\/29\/stagione-invernale-ai-blocchi-di-partenza-cannoni-in-piena-attivita-sulle-piste-dolomiti-stars-primi-impianti-aperti-a-partire-dal-27-novembre\/\" \/>\n<meta property=\"og:site_name\" content=\"Bellunopress - Dolomiti\" \/>\n<meta property=\"article:publisher\" content=\"https:\/\/www.facebook.com\/profile.php?id=100008943462799\" \/>\n<meta property=\"article:published_time\" content=\"2009-10-29T22:29:56+00:00\" \/>\n<meta property=\"og:image\" content=\"http:\/\/www.bellunopress.it\/wp-content\/uploads\/2009\/10\/impianto-innevamento-cannone-neve.jpg\" \/>\n<meta name=\"author\" content=\"redazione\" \/>\n<meta name=\"twitter:card\" content=\"summary_large_image\" \/>\n<meta name=\"twitter:creator\" content=\"@bellunopress\" \/>\n<meta name=\"twitter:site\" content=\"@bellunopress\" \/>\n<meta name=\"twitter:label1\" content=\"\u00c9crit par\" \/>\n\t<meta name=\"twitter:data1\" content=\"redazione\" \/>\n\t<meta name=\"twitter:label2\" content=\"Dur\u00e9e de lecture estim\u00e9e\" \/>\n\t<meta name=\"twitter:data2\" content=\"2 minutes\" \/>\n<script type=\"application\/ld+json\" class=\"yoast-schema-graph\">{\"@context\":\"https:\\\/\\\/schema.org\",\"@graph\":[{\"@type\":\"Article\",\"@id\":\"https:\\\/\\\/www.bellunopress.it\\\/2009\\\/10\\\/29\\\/stagione-invernale-ai-blocchi-di-partenza-cannoni-in-piena-attivita-sulle-piste-dolomiti-stars-primi-impianti-aperti-a-partire-dal-27-novembre\\\/#article\",\"isPartOf\":{\"@id\":\"https:\\\/\\\/www.bellunopress.it\\\/2009\\\/10\\\/29\\\/stagione-invernale-ai-blocchi-di-partenza-cannoni-in-piena-attivita-sulle-piste-dolomiti-stars-primi-impianti-aperti-a-partire-dal-27-novembre\\\/\"},\"author\":{\"name\":\"redazione\",\"@id\":\"https:\\\/\\\/www.bellunopress.it\\\/#\\\/schema\\\/person\\\/79bb06722b37ece1c03d3e94beb30d73\"},\"headline\":\"Stagione invernale ai blocchi di partenza, cannoni in piena attivit\u00e0 sulle piste Dolomiti stars. Primi impianti aperti a partire dal 27 novembre\",\"datePublished\":\"2009-10-29T22:29:56+00:00\",\"mainEntityOfPage\":{\"@id\":\"https:\\\/\\\/www.bellunopress.it\\\/2009\\\/10\\\/29\\\/stagione-invernale-ai-blocchi-di-partenza-cannoni-in-piena-attivita-sulle-piste-dolomiti-stars-primi-impianti-aperti-a-partire-dal-27-novembre\\\/\"},\"wordCount\":500,\"publisher\":{\"@id\":\"https:\\\/\\\/www.bellunopress.it\\\/#organization\"},\"image\":{\"@id\":\"https:\\\/\\\/www.bellunopress.it\\\/2009\\\/10\\\/29\\\/stagione-invernale-ai-blocchi-di-partenza-cannoni-in-piena-attivita-sulle-piste-dolomiti-stars-primi-impianti-aperti-a-partire-dal-27-novembre\\\/#primaryimage\"},\"thumbnailUrl\":\"http:\\\/\\\/www.bellunopress.it\\\/wp-content\\\/uploads\\\/2009\\\/10\\\/impianto-innevamento-cannone-neve.jpg\",\"keywords\":[\"Belluno\",\"Cadore\",\"Dolomiti\",\"zoldo\"],\"articleSection\":[\"Pausa Caff\u00e8\",\"Sport, tempo libero\"],\"inLanguage\":\"fr-FR\"},{\"@type\":\"WebPage\",\"@id\":\"https:\\\/\\\/www.bellunopress.it\\\/2009\\\/10\\\/29\\\/stagione-invernale-ai-blocchi-di-partenza-cannoni-in-piena-attivita-sulle-piste-dolomiti-stars-primi-impianti-aperti-a-partire-dal-27-novembre\\\/\",\"url\":\"https:\\\/\\\/www.bellunopress.it\\\/2009\\\/10\\\/29\\\/stagione-invernale-ai-blocchi-di-partenza-cannoni-in-piena-attivita-sulle-piste-dolomiti-stars-primi-impianti-aperti-a-partire-dal-27-novembre\\\/\",\"name\":\"Stagione invernale ai blocchi di partenza, cannoni in piena attivit\u00e0 sulle piste Dolomiti stars. Primi impianti aperti a partire dal 27 novembre - Bellunopress - Dolomiti\",\"isPartOf\":{\"@id\":\"https:\\\/\\\/www.bellunopress.it\\\/#website\"},\"primaryImageOfPage\":{\"@id\":\"https:\\\/\\\/www.bellunopress.it\\\/2009\\\/10\\\/29\\\/stagione-invernale-ai-blocchi-di-partenza-cannoni-in-piena-attivita-sulle-piste-dolomiti-stars-primi-impianti-aperti-a-partire-dal-27-novembre\\\/#primaryimage\"},\"image\":{\"@id\":\"https:\\\/\\\/www.bellunopress.it\\\/2009\\\/10\\\/29\\\/stagione-invernale-ai-blocchi-di-partenza-cannoni-in-piena-attivita-sulle-piste-dolomiti-stars-primi-impianti-aperti-a-partire-dal-27-novembre\\\/#primaryimage\"},\"thumbnailUrl\":\"http:\\\/\\\/www.bellunopress.it\\\/wp-content\\\/uploads\\\/2009\\\/10\\\/impianto-innevamento-cannone-neve.jpg\",\"datePublished\":\"2009-10-29T22:29:56+00:00\",\"breadcrumb\":{\"@id\":\"https:\\\/\\\/www.bellunopress.it\\\/2009\\\/10\\\/29\\\/stagione-invernale-ai-blocchi-di-partenza-cannoni-in-piena-attivita-sulle-piste-dolomiti-stars-primi-impianti-aperti-a-partire-dal-27-novembre\\\/#breadcrumb\"},\"inLanguage\":\"fr-FR\",\"potentialAction\":[{\"@type\":\"ReadAction\",\"target\":[\"https:\\\/\\\/www.bellunopress.it\\\/2009\\\/10\\\/29\\\/stagione-invernale-ai-blocchi-di-partenza-cannoni-in-piena-attivita-sulle-piste-dolomiti-stars-primi-impianti-aperti-a-partire-dal-27-novembre\\\/\"]}]},{\"@type\":\"ImageObject\",\"inLanguage\":\"fr-FR\",\"@id\":\"https:\\\/\\\/www.bellunopress.it\\\/2009\\\/10\\\/29\\\/stagione-invernale-ai-blocchi-di-partenza-cannoni-in-piena-attivita-sulle-piste-dolomiti-stars-primi-impianti-aperti-a-partire-dal-27-novembre\\\/#primaryimage\",\"url\":\"http:\\\/\\\/www.bellunopress.it\\\/wp-content\\\/uploads\\\/2009\\\/10\\\/impianto-innevamento-cannone-neve.jpg\",\"contentUrl\":\"http:\\\/\\\/www.bellunopress.it\\\/wp-content\\\/uploads\\\/2009\\\/10\\\/impianto-innevamento-cannone-neve.jpg\"},{\"@type\":\"BreadcrumbList\",\"@id\":\"https:\\\/\\\/www.bellunopress.it\\\/2009\\\/10\\\/29\\\/stagione-invernale-ai-blocchi-di-partenza-cannoni-in-piena-attivita-sulle-piste-dolomiti-stars-primi-impianti-aperti-a-partire-dal-27-novembre\\\/#breadcrumb\",\"itemListElement\":[{\"@type\":\"ListItem\",\"position\":1,\"name\":\"Home\",\"item\":\"https:\\\/\\\/www.bellunopress.it\\\/\"},{\"@type\":\"ListItem\",\"position\":2,\"name\":\"Stagione invernale ai blocchi di partenza, cannoni in piena attivit\u00e0 sulle piste Dolomiti stars. Primi impianti aperti a partire dal 27 novembre\"}]},{\"@type\":\"WebSite\",\"@id\":\"https:\\\/\\\/www.bellunopress.it\\\/#website\",\"url\":\"https:\\\/\\\/www.bellunopress.it\\\/\",\"name\":\"Bellunopress - Dolomiti\",\"description\":\"e-mail: redazione@bellunopress.it\",\"publisher\":{\"@id\":\"https:\\\/\\\/www.bellunopress.it\\\/#organization\"},\"potentialAction\":[{\"@type\":\"SearchAction\",\"target\":{\"@type\":\"EntryPoint\",\"urlTemplate\":\"https:\\\/\\\/www.bellunopress.it\\\/?s={search_term_string}\"},\"query-input\":{\"@type\":\"PropertyValueSpecification\",\"valueRequired\":true,\"valueName\":\"search_term_string\"}}],\"inLanguage\":\"fr-FR\"},{\"@type\":\"Organization\",\"@id\":\"https:\\\/\\\/www.bellunopress.it\\\/#organization\",\"name\":\"Bellunopress\",\"url\":\"https:\\\/\\\/www.bellunopress.it\\\/\",\"logo\":{\"@type\":\"ImageObject\",\"inLanguage\":\"fr-FR\",\"@id\":\"https:\\\/\\\/www.bellunopress.it\\\/#\\\/schema\\\/logo\\\/image\\\/\",\"url\":\"https:\\\/\\\/www.bellunopress.it\\\/wp-content\\\/uploads\\\/2011\\\/05\\\/cropped-logo-bellunopress-.jpg\",\"contentUrl\":\"https:\\\/\\\/www.bellunopress.it\\\/wp-content\\\/uploads\\\/2011\\\/05\\\/cropped-logo-bellunopress-.jpg\",\"width\":512,\"height\":512,\"caption\":\"Bellunopress\"},\"image\":{\"@id\":\"https:\\\/\\\/www.bellunopress.it\\\/#\\\/schema\\\/logo\\\/image\\\/\"},\"sameAs\":[\"https:\\\/\\\/www.facebook.com\\\/profile.php?id=100008943462799\",\"https:\\\/\\\/x.com\\\/bellunopress\",\"https:\\\/\\\/www.linkedin.com\\\/hp\\\/?dnr=JBzUWaJfMUw8vbXJJ2tVW5-I3jZKvC4wsoxE&amp;amp;amp;amp;amp;amp;trk=nav_responsive_tab_home\",\"https:\\\/\\\/www.youtube.com\\\/channel\\\/UCxL0wu1uN0_3_7hGG0306cw\"]},{\"@type\":\"Person\",\"@id\":\"https:\\\/\\\/www.bellunopress.it\\\/#\\\/schema\\\/person\\\/79bb06722b37ece1c03d3e94beb30d73\",\"name\":\"redazione\",\"image\":{\"@type\":\"ImageObject\",\"inLanguage\":\"fr-FR\",\"@id\":\"https:\\\/\\\/secure.gravatar.com\\\/avatar\\\/37d968a2e67a6fd04c169c4bdef102d0bc5d31b2546345219e348575eb80e9a0?s=96&d=mm&r=g\",\"url\":\"https:\\\/\\\/secure.gravatar.com\\\/avatar\\\/37d968a2e67a6fd04c169c4bdef102d0bc5d31b2546345219e348575eb80e9a0?s=96&d=mm&r=g\",\"contentUrl\":\"https:\\\/\\\/secure.gravatar.com\\\/avatar\\\/37d968a2e67a6fd04c169c4bdef102d0bc5d31b2546345219e348575eb80e9a0?s=96&d=mm&r=g\",\"caption\":\"redazione\"},\"sameAs\":[\"http:\\\/\\\/www.bellunopress.it\",\"https:\\\/\\\/x.com\\\/bellunopress\"],\"url\":\"https:\\\/\\\/www.bellunopress.it\\\/fr\\\/author\\\/redazione\\\/\"}]}<\/script>\n<!-- \/ Yoast SEO plugin. -->","yoast_head_json":{"title":"Stagione invernale ai blocchi di partenza, cannoni in piena attivit\u00e0 sulle piste Dolomiti stars. Primi impianti aperti a partire dal 27 novembre - Bellunopress - Dolomiti","robots":{"index":"index","follow":"follow","max-snippet":"max-snippet:-1","max-image-preview":"max-image-preview:large","max-video-preview":"max-video-preview:-1"},"canonical":"https:\/\/www.bellunopress.it\/fr\/2009\/10\/29\/stagione-invernale-ai-blocchi-di-partenza-cannoni-in-piena-attivita-sulle-piste-dolomiti-stars-primi-impianti-aperti-a-partire-dal-27-novembre\/","og_locale":"fr_FR","og_type":"article","og_title":"Stagione invernale ai blocchi di partenza, cannoni in piena attivit\u00e0 sulle piste Dolomiti stars. Primi impianti aperti a partire dal 27 novembre - Bellunopress - Dolomiti","og_description":"Alleghe (BL-Veneto), 28 ottobre 2009 &#8211; Cannoni schierati e pronti a sparare sulle Dolomiti. Niente allarmismi, non si tratta di nuovi venti di guerra tra alpini italiani e kaiserjager austroungarici pronti a fronteggiarsi sul fronte dolomitico come durante la grande guerra ma solamente dei preparativi per la grande stagione\u00a0 dello sci e della neve ormai [&hellip;]","og_url":"https:\/\/www.bellunopress.it\/fr\/2009\/10\/29\/stagione-invernale-ai-blocchi-di-partenza-cannoni-in-piena-attivita-sulle-piste-dolomiti-stars-primi-impianti-aperti-a-partire-dal-27-novembre\/","og_site_name":"Bellunopress - Dolomiti","article_publisher":"https:\/\/www.facebook.com\/profile.php?id=100008943462799","article_published_time":"2009-10-29T22:29:56+00:00","og_image":[{"url":"http:\/\/www.bellunopress.it\/wp-content\/uploads\/2009\/10\/impianto-innevamento-cannone-neve.jpg","type":"","width":"","height":""}],"author":"redazione","twitter_card":"summary_large_image","twitter_creator":"@bellunopress","twitter_site":"@bellunopress","twitter_misc":{"\u00c9crit par":"redazione","Dur\u00e9e de lecture estim\u00e9e":"2 minutes"},"schema":{"@context":"https:\/\/schema.org","@graph":[{"@type":"Article","@id":"https:\/\/www.bellunopress.it\/2009\/10\/29\/stagione-invernale-ai-blocchi-di-partenza-cannoni-in-piena-attivita-sulle-piste-dolomiti-stars-primi-impianti-aperti-a-partire-dal-27-novembre\/#article","isPartOf":{"@id":"https:\/\/www.bellunopress.it\/2009\/10\/29\/stagione-invernale-ai-blocchi-di-partenza-cannoni-in-piena-attivita-sulle-piste-dolomiti-stars-primi-impianti-aperti-a-partire-dal-27-novembre\/"},"author":{"name":"redazione","@id":"https:\/\/www.bellunopress.it\/#\/schema\/person\/79bb06722b37ece1c03d3e94beb30d73"},"headline":"Stagione invernale ai blocchi di partenza, cannoni in piena attivit\u00e0 sulle piste Dolomiti stars. Primi impianti aperti a partire dal 27 novembre","datePublished":"2009-10-29T22:29:56+00:00","mainEntityOfPage":{"@id":"https:\/\/www.bellunopress.it\/2009\/10\/29\/stagione-invernale-ai-blocchi-di-partenza-cannoni-in-piena-attivita-sulle-piste-dolomiti-stars-primi-impianti-aperti-a-partire-dal-27-novembre\/"},"wordCount":500,"publisher":{"@id":"https:\/\/www.bellunopress.it\/#organization"},"image":{"@id":"https:\/\/www.bellunopress.it\/2009\/10\/29\/stagione-invernale-ai-blocchi-di-partenza-cannoni-in-piena-attivita-sulle-piste-dolomiti-stars-primi-impianti-aperti-a-partire-dal-27-novembre\/#primaryimage"},"thumbnailUrl":"http:\/\/www.bellunopress.it\/wp-content\/uploads\/2009\/10\/impianto-innevamento-cannone-neve.jpg","keywords":["Belluno","Cadore","Dolomiti","zoldo"],"articleSection":["Pausa Caff\u00e8","Sport, tempo libero"],"inLanguage":"fr-FR"},{"@type":"WebPage","@id":"https:\/\/www.bellunopress.it\/2009\/10\/29\/stagione-invernale-ai-blocchi-di-partenza-cannoni-in-piena-attivita-sulle-piste-dolomiti-stars-primi-impianti-aperti-a-partire-dal-27-novembre\/","url":"https:\/\/www.bellunopress.it\/2009\/10\/29\/stagione-invernale-ai-blocchi-di-partenza-cannoni-in-piena-attivita-sulle-piste-dolomiti-stars-primi-impianti-aperti-a-partire-dal-27-novembre\/","name":"Stagione invernale ai blocchi di partenza, cannoni in piena attivit\u00e0 sulle piste Dolomiti stars. Primi impianti aperti a partire dal 27 novembre - Bellunopress - Dolomiti","isPartOf":{"@id":"https:\/\/www.bellunopress.it\/#website"},"primaryImageOfPage":{"@id":"https:\/\/www.bellunopress.it\/2009\/10\/29\/stagione-invernale-ai-blocchi-di-partenza-cannoni-in-piena-attivita-sulle-piste-dolomiti-stars-primi-impianti-aperti-a-partire-dal-27-novembre\/#primaryimage"},"image":{"@id":"https:\/\/www.bellunopress.it\/2009\/10\/29\/stagione-invernale-ai-blocchi-di-partenza-cannoni-in-piena-attivita-sulle-piste-dolomiti-stars-primi-impianti-aperti-a-partire-dal-27-novembre\/#primaryimage"},"thumbnailUrl":"http:\/\/www.bellunopress.it\/wp-content\/uploads\/2009\/10\/impianto-innevamento-cannone-neve.jpg","datePublished":"2009-10-29T22:29:56+00:00","breadcrumb":{"@id":"https:\/\/www.bellunopress.it\/2009\/10\/29\/stagione-invernale-ai-blocchi-di-partenza-cannoni-in-piena-attivita-sulle-piste-dolomiti-stars-primi-impianti-aperti-a-partire-dal-27-novembre\/#breadcrumb"},"inLanguage":"fr-FR","potentialAction":[{"@type":"ReadAction","target":["https:\/\/www.bellunopress.it\/2009\/10\/29\/stagione-invernale-ai-blocchi-di-partenza-cannoni-in-piena-attivita-sulle-piste-dolomiti-stars-primi-impianti-aperti-a-partire-dal-27-novembre\/"]}]},{"@type":"ImageObject","inLanguage":"fr-FR","@id":"https:\/\/www.bellunopress.it\/2009\/10\/29\/stagione-invernale-ai-blocchi-di-partenza-cannoni-in-piena-attivita-sulle-piste-dolomiti-stars-primi-impianti-aperti-a-partire-dal-27-novembre\/#primaryimage","url":"http:\/\/www.bellunopress.it\/wp-content\/uploads\/2009\/10\/impianto-innevamento-cannone-neve.jpg","contentUrl":"http:\/\/www.bellunopress.it\/wp-content\/uploads\/2009\/10\/impianto-innevamento-cannone-neve.jpg"},{"@type":"BreadcrumbList","@id":"https:\/\/www.bellunopress.it\/2009\/10\/29\/stagione-invernale-ai-blocchi-di-partenza-cannoni-in-piena-attivita-sulle-piste-dolomiti-stars-primi-impianti-aperti-a-partire-dal-27-novembre\/#breadcrumb","itemListElement":[{"@type":"ListItem","position":1,"name":"Home","item":"https:\/\/www.bellunopress.it\/"},{"@type":"ListItem","position":2,"name":"Stagione invernale ai blocchi di partenza, cannoni in piena attivit\u00e0 sulle piste Dolomiti stars. Primi impianti aperti a partire dal 27 novembre"}]},{"@type":"WebSite","@id":"https:\/\/www.bellunopress.it\/#website","url":"https:\/\/www.bellunopress.it\/","name":"Bellunopress - Dolomiti","description":"e-mail: redazione@bellunopress.it","publisher":{"@id":"https:\/\/www.bellunopress.it\/#organization"},"potentialAction":[{"@type":"SearchAction","target":{"@type":"EntryPoint","urlTemplate":"https:\/\/www.bellunopress.it\/?s={search_term_string}"},"query-input":{"@type":"PropertyValueSpecification","valueRequired":true,"valueName":"search_term_string"}}],"inLanguage":"fr-FR"},{"@type":"Organization","@id":"https:\/\/www.bellunopress.it\/#organization","name":"Bellunopress","url":"https:\/\/www.bellunopress.it\/","logo":{"@type":"ImageObject","inLanguage":"fr-FR","@id":"https:\/\/www.bellunopress.it\/#\/schema\/logo\/image\/","url":"https:\/\/www.bellunopress.it\/wp-content\/uploads\/2011\/05\/cropped-logo-bellunopress-.jpg","contentUrl":"https:\/\/www.bellunopress.it\/wp-content\/uploads\/2011\/05\/cropped-logo-bellunopress-.jpg","width":512,"height":512,"caption":"Bellunopress"},"image":{"@id":"https:\/\/www.bellunopress.it\/#\/schema\/logo\/image\/"},"sameAs":["https:\/\/www.facebook.com\/profile.php?id=100008943462799","https:\/\/x.com\/bellunopress","https:\/\/www.linkedin.com\/hp\/?dnr=JBzUWaJfMUw8vbXJJ2tVW5-I3jZKvC4wsoxE&amp;amp;amp;amp;amp;amp;trk=nav_responsive_tab_home","https:\/\/www.youtube.com\/channel\/UCxL0wu1uN0_3_7hGG0306cw"]},{"@type":"Person","@id":"https:\/\/www.bellunopress.it\/#\/schema\/person\/79bb06722b37ece1c03d3e94beb30d73","name":"r\u00e9daction","image":{"@type":"ImageObject","inLanguage":"fr-FR","@id":"https:\/\/secure.gravatar.com\/avatar\/37d968a2e67a6fd04c169c4bdef102d0bc5d31b2546345219e348575eb80e9a0?s=96&d=mm&r=g","url":"https:\/\/secure.gravatar.com\/avatar\/37d968a2e67a6fd04c169c4bdef102d0bc5d31b2546345219e348575eb80e9a0?s=96&d=mm&r=g","contentUrl":"https:\/\/secure.gravatar.com\/avatar\/37d968a2e67a6fd04c169c4bdef102d0bc5d31b2546345219e348575eb80e9a0?s=96&d=mm&r=g","caption":"redazione"},"sameAs":["http:\/\/www.bellunopress.it","https:\/\/x.com\/bellunopress"],"url":"https:\/\/www.bellunopress.it\/fr\/author\/redazione\/"}]}},"_links":{"self":[{"href":"https:\/\/www.bellunopress.it\/fr\/wp-json\/wp\/v2\/posts\/9278","targetHints":{"allow":["GET"]}}],"collection":[{"href":"https:\/\/www.bellunopress.it\/fr\/wp-json\/wp\/v2\/posts"}],"about":[{"href":"https:\/\/www.bellunopress.it\/fr\/wp-json\/wp\/v2\/types\/post"}],"author":[{"embeddable":true,"href":"https:\/\/www.bellunopress.it\/fr\/wp-json\/wp\/v2\/users\/2"}],"replies":[{"embeddable":true,"href":"https:\/\/www.bellunopress.it\/fr\/wp-json\/wp\/v2\/comments?post=9278"}],"version-history":[{"count":1,"href":"https:\/\/www.bellunopress.it\/fr\/wp-json\/wp\/v2\/posts\/9278\/revisions"}],"predecessor-version":[{"id":9280,"href":"https:\/\/www.bellunopress.it\/fr\/wp-json\/wp\/v2\/posts\/9278\/revisions\/9280"}],"wp:attachment":[{"href":"https:\/\/www.bellunopress.it\/fr\/wp-json\/wp\/v2\/media?parent=9278"}],"wp:term":[{"taxonomy":"category","embeddable":true,"href":"https:\/\/www.bellunopress.it\/fr\/wp-json\/wp\/v2\/categories?post=9278"},{"taxonomy":"post_tag","embeddable":true,"href":"https:\/\/www.bellunopress.it\/fr\/wp-json\/wp\/v2\/tags?post=9278"}],"curies":[{"name":"wp","href":"https:\/\/api.w.org\/{rel}","templated":true}]}}