{"id":9276,"date":"2009-10-29T23:22:25","date_gmt":"2009-10-29T22:22:25","guid":{"rendered":"http:\/\/www.bellunopress.it\/?p=9276"},"modified":"2009-10-30T13:17:59","modified_gmt":"2009-10-30T12:17:59","slug":"presentato-in-veneto-il-nuovo-rapporto-sulla-salute-mentale-rovigo-adria-belluno-e-bassano-le-uls-con-il-numero-maggiore-di-pazienti","status":"publish","type":"post","link":"https:\/\/www.bellunopress.it\/fr\/2009\/10\/29\/presentato-in-veneto-il-nuovo-rapporto-sulla-salute-mentale-rovigo-adria-belluno-e-bassano-le-uls-con-il-numero-maggiore-di-pazienti\/","title":{"rendered":"Presentato in Veneto il nuovo rapporto sulla salute mentale. Rovigo, Adria, Belluno e Bassano le Uls con il numero maggiore di pazienti"},"content":{"rendered":"<figure id=\"attachment_7624\" aria-describedby=\"caption-attachment-7624\" style=\"width: 241px\" class=\"wp-caption alignleft\"><a href=\"http:\/\/www.bellunopress.it\/wp-content\/uploads\/2009\/09\/ospedale-san-martino-1.jpg\"><img loading=\"lazy\" decoding=\"async\" class=\"size-medium wp-image-7624\" title=\"ospedale-san-martino-1\" src=\"http:\/\/www.bellunopress.it\/wp-content\/uploads\/2009\/09\/ospedale-san-martino-1.jpg\" alt=\"Ospedale San Martino Belluno\" width=\"241\" height=\"181\" \/><\/a><figcaption id=\"caption-attachment-7624\" class=\"wp-caption-text\">Ospedale San Martino Belluno<\/figcaption><\/figure>\n<p>I cittadini veneti con patologie di tipo psichiatrico assistiti negli Ospedali o nei servizi territoriali sono 67.170, pari a 16,7 persone ogni 1000 residenti, con un\u2019et\u00e0 media di 51,9 anni, e con prevalenza delle femmine (58%). Si concentrano, sia tra i maschi che tra le femmine, nella fascia tra 40 e 50 anni d\u2019et\u00e0. Tra le femmine, il 30% ha pi\u00f9 di 64 anni; tra i maschi la percentuale degli anziani scende al 21%. Le patologie pi\u00f9 frequenti sono la schizofrenia (24%), la depressione (18%), le sindromi nevrotiche (17%) e le psicosi affettive (16%). Complessivamente nei Servizi Territoriali, sono state erogate in un anno 1.346.334 prestazioni, mentre i ricoveri ospedalieri sono stati oltre 20.000. Questi e molti altri dati compongono il nuovo Rapporto Annuale sulla Salute Mentale nel Veneto, redatto con il supporto del Servizio Epidemiologico Regionale, che \u00e8 stato presentato oggi a Verona dall\u2019Assessore regionale alla Sanit\u00e0 Sandro Sandri, presenti tra gli altri il Direttore Generale dell\u2019Ulss 20 Giuseppina Bonavina, il Preside della Facolt\u00e0 di Medicina dell\u2019Universit\u00e0 Scaligera Michele Tansella, il responsabile del Servizio Epidemiologico Regionale Paolo Spolaore e il dirigente del Servizio Tutela Salute mentale della Regione Lorenzo Rampazzo. Il Rapporto \u00e8 gi\u00e0 scaricabile dal sito <a href=\"http:\/\/www.regione.veneto.it\/salutementale\">www.regione.veneto.it\/salutementale<\/a>. \u201c I problemi collegati alla salute mentale \u2013 ha detto Sandri \u2013 hanno una notevole incidenza sul sistema-salute complessivo del Veneto. Di conseguenza la Regione vi dedica una particolare attenzione, al punto di aver realizzato uno specifico Progetto Obiettivo, che contiamo di attivare a fine anno, una volta concluso l\u2019iter in commissione del Consiglio. Il fulcro sar\u00e0 il Dipartimento di Salute Mentale che gi\u00e0 oggi costituisce un ottimo esempio di integrazione ospedale \u2013 territorio\u201d. Da parte sua il Professor Tansella ha messo in guardia i giovani:\u201d L\u2019et\u00e0 in cui si manifestano queste patologie \u2013 ha detto \u2013 \u00e8 in forte diminuzione e all\u2019insorgenza di tante psicosi contribuisce anche l\u2019uso e l\u2019abuso di sostanze come alcool e droghe, a partire dalla marijuana\u201d.\u00a0 I dati elaborati nel Rapporto si riferiscono all\u2019anno 2008. Del totale dei pazienti trattati, 54.749 (l\u201981,5%) hanno richiesto e ottenuto assistenza solo territoriale; 5.694 hanno avuto necessit\u00e0 di assistenza ospedaliera (l\u20198,5%); 6.727 hanno ricevuto sia l\u2019una che l\u2019altra. L\u2019attivit\u00e0 dei Servizi Psichiatrici Territoriali ha riguardato 62.600 utenti, il 42% dei quali inviati dal medico di medicina generale; negli altri casi si \u00e8 trattato soprattutto di una richiesta diretta del paziente. Sempre nel 2008, sono state erogate 182.000 giornate di presenza presso strutture semiresidenziali per 3.265 utenti, mentre le giornate di presenza nelle strutture residenziali sono state 181.000 per 888 persone. Le Strutture Residenziali operanti in Veneto sono ben 348, il 71% delle quali a gestione diretta delle Ullss, con un totale di 3.202 posti letto. Per quanto riguarda invece l\u2019attivit\u00e0 ospedaliera, erogata con 800 posti letto distribuiti su 40 Reparti, essa ha fatto registrare 20.065 ricoveri, riferiti a 14.500 persone, delle quali circa un quarto ha avuto necessit\u00e0 di pi\u00f9 di un ricovero nei 12 mesi. Nel periodo 2000-2008 i ricoveri sono comunque diminuiti del 25% nelle strutture pubbliche e del 17% in quelle private: un fenomeno che riguarda soprattutto i reparti di medicina e di riabilitazione-lungodegenza, mentre non appare cos\u00ec marcato per i reparti psichiatrici. Gli Ospedali veneti hanno anche ricoverato e curato 2.532 pazienti provenienti da altre Regioni, prevalentemente Lombardia (28%), Friuli Venezia Giulia (16%) e Provincia Autonoma di Trento (13%); un ulteriore 8% riguarda cittadini residenti all\u2019estero. Alla data del 31 dicembre 2008, operavano presso i Dipartimenti di Salute Mentale 3.243 operatori complessivi, pari ad un rapporto di circa un operatore ogni 1.500 abitanti, sostanzialmente come previsto dai Progetti Obiettivo nazionale e regionale. In generale, il rapporto tra utenti psichiatrici e popolazione assume valori pi\u00f9 elevati nelle Ullss di Rovigo, Adria, Belluno e Bassano, e pi\u00f9 bassi nelle Ullss di Treviso, Legnago e Bussolengo.<\/p>","protected":false},"excerpt":{"rendered":"<p>I cittadini veneti con patologie di tipo psichiatrico assistiti negli Ospedali o nei servizi territoriali sono 67.170, pari a 16,7 persone ogni 1000 residenti, con un\u2019et\u00e0 media di 51,9 anni, e con prevalenza delle femmine (58%). Si concentrano, sia tra i maschi che tra le femmine, nella fascia tra 40 e 50 anni d\u2019et\u00e0. Tra [&hellip;]<\/p>\n","protected":false},"author":2,"featured_media":0,"comment_status":"closed","ping_status":"open","sticky":false,"template":"","format":"standard","meta":{"footnotes":""},"categories":[26,17],"tags":[3050],"class_list":["post-9276","post","type-post","status-publish","format-standard","category-prima-pagina","category-sanita","tag-sanita"],"yoast_head":"<!-- This site is optimized with the Yoast SEO plugin v28.4 - https:\/\/yoast.com\/product\/yoast-seo-wordpress\/ -->\n<title>Presentato in Veneto il nuovo rapporto sulla salute mentale. Rovigo, Adria, Belluno e Bassano le Uls con il numero maggiore di pazienti - Bellunopress - Dolomiti<\/title>\n<meta name=\"robots\" content=\"index, follow, max-snippet:-1, max-image-preview:large, max-video-preview:-1\" \/>\n<link rel=\"canonical\" href=\"https:\/\/www.bellunopress.it\/fr\/2009\/10\/29\/presentato-in-veneto-il-nuovo-rapporto-sulla-salute-mentale-rovigo-adria-belluno-e-bassano-le-uls-con-il-numero-maggiore-di-pazienti\/\" \/>\n<meta property=\"og:locale\" content=\"fr_FR\" \/>\n<meta property=\"og:type\" content=\"article\" \/>\n<meta property=\"og:title\" content=\"Presentato in Veneto il nuovo rapporto sulla salute mentale. Rovigo, Adria, Belluno e Bassano le Uls con il numero maggiore di pazienti - Bellunopress - Dolomiti\" \/>\n<meta property=\"og:description\" content=\"I cittadini veneti con patologie di tipo psichiatrico assistiti negli Ospedali o nei servizi territoriali sono 67.170, pari a 16,7 persone ogni 1000 residenti, con un\u2019et\u00e0 media di 51,9 anni, e con prevalenza delle femmine (58%). Si concentrano, sia tra i maschi che tra le femmine, nella fascia tra 40 e 50 anni d\u2019et\u00e0. Tra [&hellip;]\" \/>\n<meta property=\"og:url\" content=\"https:\/\/www.bellunopress.it\/fr\/2009\/10\/29\/presentato-in-veneto-il-nuovo-rapporto-sulla-salute-mentale-rovigo-adria-belluno-e-bassano-le-uls-con-il-numero-maggiore-di-pazienti\/\" \/>\n<meta property=\"og:site_name\" content=\"Bellunopress - Dolomiti\" \/>\n<meta property=\"article:publisher\" content=\"https:\/\/www.facebook.com\/profile.php?id=100008943462799\" \/>\n<meta property=\"article:published_time\" content=\"2009-10-29T22:22:25+00:00\" \/>\n<meta property=\"article:modified_time\" content=\"2009-10-30T12:17:59+00:00\" \/>\n<meta property=\"og:image\" content=\"http:\/\/www.bellunopress.it\/wp-content\/uploads\/2009\/09\/ospedale-san-martino-1.jpg\" \/>\n<meta name=\"author\" content=\"redazione\" \/>\n<meta name=\"twitter:card\" content=\"summary_large_image\" \/>\n<meta name=\"twitter:creator\" content=\"@bellunopress\" \/>\n<meta name=\"twitter:site\" content=\"@bellunopress\" \/>\n<meta name=\"twitter:label1\" content=\"Written by\" \/>\n\t<meta name=\"twitter:data1\" content=\"redazione\" \/>\n\t<meta name=\"twitter:label2\" content=\"Est. reading time\" \/>\n\t<meta name=\"twitter:data2\" content=\"3 minutes\" \/>\n<script type=\"application\/ld+json\" class=\"yoast-schema-graph\">{\"@context\":\"https:\\\/\\\/schema.org\",\"@graph\":[{\"@type\":\"Article\",\"@id\":\"https:\\\/\\\/www.bellunopress.it\\\/2009\\\/10\\\/29\\\/presentato-in-veneto-il-nuovo-rapporto-sulla-salute-mentale-rovigo-adria-belluno-e-bassano-le-uls-con-il-numero-maggiore-di-pazienti\\\/#article\",\"isPartOf\":{\"@id\":\"https:\\\/\\\/www.bellunopress.it\\\/2009\\\/10\\\/29\\\/presentato-in-veneto-il-nuovo-rapporto-sulla-salute-mentale-rovigo-adria-belluno-e-bassano-le-uls-con-il-numero-maggiore-di-pazienti\\\/\"},\"author\":{\"name\":\"redazione\",\"@id\":\"https:\\\/\\\/www.bellunopress.it\\\/#\\\/schema\\\/person\\\/79bb06722b37ece1c03d3e94beb30d73\"},\"headline\":\"Presentato in Veneto il nuovo rapporto sulla salute mentale. Rovigo, Adria, Belluno e Bassano le Uls con il numero maggiore di pazienti\",\"datePublished\":\"2009-10-29T22:22:25+00:00\",\"dateModified\":\"2009-10-30T12:17:59+00:00\",\"mainEntityOfPage\":{\"@id\":\"https:\\\/\\\/www.bellunopress.it\\\/2009\\\/10\\\/29\\\/presentato-in-veneto-il-nuovo-rapporto-sulla-salute-mentale-rovigo-adria-belluno-e-bassano-le-uls-con-il-numero-maggiore-di-pazienti\\\/\"},\"wordCount\":624,\"publisher\":{\"@id\":\"https:\\\/\\\/www.bellunopress.it\\\/#organization\"},\"image\":{\"@id\":\"https:\\\/\\\/www.bellunopress.it\\\/2009\\\/10\\\/29\\\/presentato-in-veneto-il-nuovo-rapporto-sulla-salute-mentale-rovigo-adria-belluno-e-bassano-le-uls-con-il-numero-maggiore-di-pazienti\\\/#primaryimage\"},\"thumbnailUrl\":\"http:\\\/\\\/www.bellunopress.it\\\/wp-content\\\/uploads\\\/2009\\\/09\\\/ospedale-san-martino-1.jpg\",\"keywords\":[\"Sanit\u00e0\"],\"articleSection\":[\"Prima Pagina\",\"Sanit\u00e0 Medicina\"],\"inLanguage\":\"fr-FR\"},{\"@type\":\"WebPage\",\"@id\":\"https:\\\/\\\/www.bellunopress.it\\\/2009\\\/10\\\/29\\\/presentato-in-veneto-il-nuovo-rapporto-sulla-salute-mentale-rovigo-adria-belluno-e-bassano-le-uls-con-il-numero-maggiore-di-pazienti\\\/\",\"url\":\"https:\\\/\\\/www.bellunopress.it\\\/2009\\\/10\\\/29\\\/presentato-in-veneto-il-nuovo-rapporto-sulla-salute-mentale-rovigo-adria-belluno-e-bassano-le-uls-con-il-numero-maggiore-di-pazienti\\\/\",\"name\":\"Presentato in Veneto il nuovo rapporto sulla salute mentale. Rovigo, Adria, Belluno e Bassano le Uls con il numero maggiore di pazienti - Bellunopress - Dolomiti\",\"isPartOf\":{\"@id\":\"https:\\\/\\\/www.bellunopress.it\\\/#website\"},\"primaryImageOfPage\":{\"@id\":\"https:\\\/\\\/www.bellunopress.it\\\/2009\\\/10\\\/29\\\/presentato-in-veneto-il-nuovo-rapporto-sulla-salute-mentale-rovigo-adria-belluno-e-bassano-le-uls-con-il-numero-maggiore-di-pazienti\\\/#primaryimage\"},\"image\":{\"@id\":\"https:\\\/\\\/www.bellunopress.it\\\/2009\\\/10\\\/29\\\/presentato-in-veneto-il-nuovo-rapporto-sulla-salute-mentale-rovigo-adria-belluno-e-bassano-le-uls-con-il-numero-maggiore-di-pazienti\\\/#primaryimage\"},\"thumbnailUrl\":\"http:\\\/\\\/www.bellunopress.it\\\/wp-content\\\/uploads\\\/2009\\\/09\\\/ospedale-san-martino-1.jpg\",\"datePublished\":\"2009-10-29T22:22:25+00:00\",\"dateModified\":\"2009-10-30T12:17:59+00:00\",\"breadcrumb\":{\"@id\":\"https:\\\/\\\/www.bellunopress.it\\\/2009\\\/10\\\/29\\\/presentato-in-veneto-il-nuovo-rapporto-sulla-salute-mentale-rovigo-adria-belluno-e-bassano-le-uls-con-il-numero-maggiore-di-pazienti\\\/#breadcrumb\"},\"inLanguage\":\"fr-FR\",\"potentialAction\":[{\"@type\":\"ReadAction\",\"target\":[\"https:\\\/\\\/www.bellunopress.it\\\/2009\\\/10\\\/29\\\/presentato-in-veneto-il-nuovo-rapporto-sulla-salute-mentale-rovigo-adria-belluno-e-bassano-le-uls-con-il-numero-maggiore-di-pazienti\\\/\"]}]},{\"@type\":\"ImageObject\",\"inLanguage\":\"fr-FR\",\"@id\":\"https:\\\/\\\/www.bellunopress.it\\\/2009\\\/10\\\/29\\\/presentato-in-veneto-il-nuovo-rapporto-sulla-salute-mentale-rovigo-adria-belluno-e-bassano-le-uls-con-il-numero-maggiore-di-pazienti\\\/#primaryimage\",\"url\":\"http:\\\/\\\/www.bellunopress.it\\\/wp-content\\\/uploads\\\/2009\\\/09\\\/ospedale-san-martino-1.jpg\",\"contentUrl\":\"http:\\\/\\\/www.bellunopress.it\\\/wp-content\\\/uploads\\\/2009\\\/09\\\/ospedale-san-martino-1.jpg\"},{\"@type\":\"BreadcrumbList\",\"@id\":\"https:\\\/\\\/www.bellunopress.it\\\/2009\\\/10\\\/29\\\/presentato-in-veneto-il-nuovo-rapporto-sulla-salute-mentale-rovigo-adria-belluno-e-bassano-le-uls-con-il-numero-maggiore-di-pazienti\\\/#breadcrumb\",\"itemListElement\":[{\"@type\":\"ListItem\",\"position\":1,\"name\":\"Home\",\"item\":\"https:\\\/\\\/www.bellunopress.it\\\/\"},{\"@type\":\"ListItem\",\"position\":2,\"name\":\"Presentato in Veneto il nuovo rapporto sulla salute mentale. Rovigo, Adria, Belluno e Bassano le Uls con il numero maggiore di pazienti\"}]},{\"@type\":\"WebSite\",\"@id\":\"https:\\\/\\\/www.bellunopress.it\\\/#website\",\"url\":\"https:\\\/\\\/www.bellunopress.it\\\/\",\"name\":\"Bellunopress - Dolomiti\",\"description\":\"e-mail: redazione@bellunopress.it\",\"publisher\":{\"@id\":\"https:\\\/\\\/www.bellunopress.it\\\/#organization\"},\"potentialAction\":[{\"@type\":\"SearchAction\",\"target\":{\"@type\":\"EntryPoint\",\"urlTemplate\":\"https:\\\/\\\/www.bellunopress.it\\\/?s={search_term_string}\"},\"query-input\":{\"@type\":\"PropertyValueSpecification\",\"valueRequired\":true,\"valueName\":\"search_term_string\"}}],\"inLanguage\":\"fr-FR\"},{\"@type\":\"Organization\",\"@id\":\"https:\\\/\\\/www.bellunopress.it\\\/#organization\",\"name\":\"Bellunopress\",\"url\":\"https:\\\/\\\/www.bellunopress.it\\\/\",\"logo\":{\"@type\":\"ImageObject\",\"inLanguage\":\"fr-FR\",\"@id\":\"https:\\\/\\\/www.bellunopress.it\\\/#\\\/schema\\\/logo\\\/image\\\/\",\"url\":\"https:\\\/\\\/www.bellunopress.it\\\/wp-content\\\/uploads\\\/2011\\\/05\\\/cropped-logo-bellunopress-.jpg\",\"contentUrl\":\"https:\\\/\\\/www.bellunopress.it\\\/wp-content\\\/uploads\\\/2011\\\/05\\\/cropped-logo-bellunopress-.jpg\",\"width\":512,\"height\":512,\"caption\":\"Bellunopress\"},\"image\":{\"@id\":\"https:\\\/\\\/www.bellunopress.it\\\/#\\\/schema\\\/logo\\\/image\\\/\"},\"sameAs\":[\"https:\\\/\\\/www.facebook.com\\\/profile.php?id=100008943462799\",\"https:\\\/\\\/x.com\\\/bellunopress\",\"https:\\\/\\\/www.linkedin.com\\\/hp\\\/?dnr=JBzUWaJfMUw8vbXJJ2tVW5-I3jZKvC4wsoxE&amp;amp;amp;amp;amp;amp;trk=nav_responsive_tab_home\",\"https:\\\/\\\/www.youtube.com\\\/channel\\\/UCxL0wu1uN0_3_7hGG0306cw\"]},{\"@type\":\"Person\",\"@id\":\"https:\\\/\\\/www.bellunopress.it\\\/#\\\/schema\\\/person\\\/79bb06722b37ece1c03d3e94beb30d73\",\"name\":\"redazione\",\"image\":{\"@type\":\"ImageObject\",\"inLanguage\":\"fr-FR\",\"@id\":\"https:\\\/\\\/secure.gravatar.com\\\/avatar\\\/37d968a2e67a6fd04c169c4bdef102d0bc5d31b2546345219e348575eb80e9a0?s=96&d=mm&r=g\",\"url\":\"https:\\\/\\\/secure.gravatar.com\\\/avatar\\\/37d968a2e67a6fd04c169c4bdef102d0bc5d31b2546345219e348575eb80e9a0?s=96&d=mm&r=g\",\"contentUrl\":\"https:\\\/\\\/secure.gravatar.com\\\/avatar\\\/37d968a2e67a6fd04c169c4bdef102d0bc5d31b2546345219e348575eb80e9a0?s=96&d=mm&r=g\",\"caption\":\"redazione\"},\"sameAs\":[\"http:\\\/\\\/www.bellunopress.it\",\"https:\\\/\\\/x.com\\\/bellunopress\"],\"url\":\"https:\\\/\\\/www.bellunopress.it\\\/fr\\\/author\\\/redazione\\\/\"}]}<\/script>\n<!-- \/ Yoast SEO plugin. -->","yoast_head_json":{"title":"Presentato in Veneto il nuovo rapporto sulla salute mentale. Rovigo, Adria, Belluno e Bassano le Uls con il numero maggiore di pazienti - Bellunopress - Dolomiti","robots":{"index":"index","follow":"follow","max-snippet":"max-snippet:-1","max-image-preview":"max-image-preview:large","max-video-preview":"max-video-preview:-1"},"canonical":"https:\/\/www.bellunopress.it\/fr\/2009\/10\/29\/presentato-in-veneto-il-nuovo-rapporto-sulla-salute-mentale-rovigo-adria-belluno-e-bassano-le-uls-con-il-numero-maggiore-di-pazienti\/","og_locale":"fr_FR","og_type":"article","og_title":"Presentato in Veneto il nuovo rapporto sulla salute mentale. Rovigo, Adria, Belluno e Bassano le Uls con il numero maggiore di pazienti - Bellunopress - Dolomiti","og_description":"I cittadini veneti con patologie di tipo psichiatrico assistiti negli Ospedali o nei servizi territoriali sono 67.170, pari a 16,7 persone ogni 1000 residenti, con un\u2019et\u00e0 media di 51,9 anni, e con prevalenza delle femmine (58%). Si concentrano, sia tra i maschi che tra le femmine, nella fascia tra 40 e 50 anni d\u2019et\u00e0. Tra [&hellip;]","og_url":"https:\/\/www.bellunopress.it\/fr\/2009\/10\/29\/presentato-in-veneto-il-nuovo-rapporto-sulla-salute-mentale-rovigo-adria-belluno-e-bassano-le-uls-con-il-numero-maggiore-di-pazienti\/","og_site_name":"Bellunopress - Dolomiti","article_publisher":"https:\/\/www.facebook.com\/profile.php?id=100008943462799","article_published_time":"2009-10-29T22:22:25+00:00","article_modified_time":"2009-10-30T12:17:59+00:00","og_image":[{"url":"http:\/\/www.bellunopress.it\/wp-content\/uploads\/2009\/09\/ospedale-san-martino-1.jpg","type":"","width":"","height":""}],"author":"redazione","twitter_card":"summary_large_image","twitter_creator":"@bellunopress","twitter_site":"@bellunopress","twitter_misc":{"Written by":"redazione","Est. reading time":"3 minutes"},"schema":{"@context":"https:\/\/schema.org","@graph":[{"@type":"Article","@id":"https:\/\/www.bellunopress.it\/2009\/10\/29\/presentato-in-veneto-il-nuovo-rapporto-sulla-salute-mentale-rovigo-adria-belluno-e-bassano-le-uls-con-il-numero-maggiore-di-pazienti\/#article","isPartOf":{"@id":"https:\/\/www.bellunopress.it\/2009\/10\/29\/presentato-in-veneto-il-nuovo-rapporto-sulla-salute-mentale-rovigo-adria-belluno-e-bassano-le-uls-con-il-numero-maggiore-di-pazienti\/"},"author":{"name":"redazione","@id":"https:\/\/www.bellunopress.it\/#\/schema\/person\/79bb06722b37ece1c03d3e94beb30d73"},"headline":"Presentato in Veneto il nuovo rapporto sulla salute mentale. Rovigo, Adria, Belluno e Bassano le Uls con il numero maggiore di pazienti","datePublished":"2009-10-29T22:22:25+00:00","dateModified":"2009-10-30T12:17:59+00:00","mainEntityOfPage":{"@id":"https:\/\/www.bellunopress.it\/2009\/10\/29\/presentato-in-veneto-il-nuovo-rapporto-sulla-salute-mentale-rovigo-adria-belluno-e-bassano-le-uls-con-il-numero-maggiore-di-pazienti\/"},"wordCount":624,"publisher":{"@id":"https:\/\/www.bellunopress.it\/#organization"},"image":{"@id":"https:\/\/www.bellunopress.it\/2009\/10\/29\/presentato-in-veneto-il-nuovo-rapporto-sulla-salute-mentale-rovigo-adria-belluno-e-bassano-le-uls-con-il-numero-maggiore-di-pazienti\/#primaryimage"},"thumbnailUrl":"http:\/\/www.bellunopress.it\/wp-content\/uploads\/2009\/09\/ospedale-san-martino-1.jpg","keywords":["Sanit\u00e0"],"articleSection":["Prima Pagina","Sanit\u00e0 Medicina"],"inLanguage":"fr-FR"},{"@type":"WebPage","@id":"https:\/\/www.bellunopress.it\/2009\/10\/29\/presentato-in-veneto-il-nuovo-rapporto-sulla-salute-mentale-rovigo-adria-belluno-e-bassano-le-uls-con-il-numero-maggiore-di-pazienti\/","url":"https:\/\/www.bellunopress.it\/2009\/10\/29\/presentato-in-veneto-il-nuovo-rapporto-sulla-salute-mentale-rovigo-adria-belluno-e-bassano-le-uls-con-il-numero-maggiore-di-pazienti\/","name":"Presentato in Veneto il nuovo rapporto sulla salute mentale. Rovigo, Adria, Belluno e Bassano le Uls con il numero maggiore di pazienti - Bellunopress - Dolomiti","isPartOf":{"@id":"https:\/\/www.bellunopress.it\/#website"},"primaryImageOfPage":{"@id":"https:\/\/www.bellunopress.it\/2009\/10\/29\/presentato-in-veneto-il-nuovo-rapporto-sulla-salute-mentale-rovigo-adria-belluno-e-bassano-le-uls-con-il-numero-maggiore-di-pazienti\/#primaryimage"},"image":{"@id":"https:\/\/www.bellunopress.it\/2009\/10\/29\/presentato-in-veneto-il-nuovo-rapporto-sulla-salute-mentale-rovigo-adria-belluno-e-bassano-le-uls-con-il-numero-maggiore-di-pazienti\/#primaryimage"},"thumbnailUrl":"http:\/\/www.bellunopress.it\/wp-content\/uploads\/2009\/09\/ospedale-san-martino-1.jpg","datePublished":"2009-10-29T22:22:25+00:00","dateModified":"2009-10-30T12:17:59+00:00","breadcrumb":{"@id":"https:\/\/www.bellunopress.it\/2009\/10\/29\/presentato-in-veneto-il-nuovo-rapporto-sulla-salute-mentale-rovigo-adria-belluno-e-bassano-le-uls-con-il-numero-maggiore-di-pazienti\/#breadcrumb"},"inLanguage":"fr-FR","potentialAction":[{"@type":"ReadAction","target":["https:\/\/www.bellunopress.it\/2009\/10\/29\/presentato-in-veneto-il-nuovo-rapporto-sulla-salute-mentale-rovigo-adria-belluno-e-bassano-le-uls-con-il-numero-maggiore-di-pazienti\/"]}]},{"@type":"ImageObject","inLanguage":"fr-FR","@id":"https:\/\/www.bellunopress.it\/2009\/10\/29\/presentato-in-veneto-il-nuovo-rapporto-sulla-salute-mentale-rovigo-adria-belluno-e-bassano-le-uls-con-il-numero-maggiore-di-pazienti\/#primaryimage","url":"http:\/\/www.bellunopress.it\/wp-content\/uploads\/2009\/09\/ospedale-san-martino-1.jpg","contentUrl":"http:\/\/www.bellunopress.it\/wp-content\/uploads\/2009\/09\/ospedale-san-martino-1.jpg"},{"@type":"BreadcrumbList","@id":"https:\/\/www.bellunopress.it\/2009\/10\/29\/presentato-in-veneto-il-nuovo-rapporto-sulla-salute-mentale-rovigo-adria-belluno-e-bassano-le-uls-con-il-numero-maggiore-di-pazienti\/#breadcrumb","itemListElement":[{"@type":"ListItem","position":1,"name":"Home","item":"https:\/\/www.bellunopress.it\/"},{"@type":"ListItem","position":2,"name":"Presentato in Veneto il nuovo rapporto sulla salute mentale. Rovigo, Adria, Belluno e Bassano le Uls con il numero maggiore di pazienti"}]},{"@type":"WebSite","@id":"https:\/\/www.bellunopress.it\/#website","url":"https:\/\/www.bellunopress.it\/","name":"Bellunopress - Dolomiti","description":"e-mail: redazione@bellunopress.it","publisher":{"@id":"https:\/\/www.bellunopress.it\/#organization"},"potentialAction":[{"@type":"SearchAction","target":{"@type":"EntryPoint","urlTemplate":"https:\/\/www.bellunopress.it\/?s={search_term_string}"},"query-input":{"@type":"PropertyValueSpecification","valueRequired":true,"valueName":"search_term_string"}}],"inLanguage":"fr-FR"},{"@type":"Organization","@id":"https:\/\/www.bellunopress.it\/#organization","name":"Bellunopress","url":"https:\/\/www.bellunopress.it\/","logo":{"@type":"ImageObject","inLanguage":"fr-FR","@id":"https:\/\/www.bellunopress.it\/#\/schema\/logo\/image\/","url":"https:\/\/www.bellunopress.it\/wp-content\/uploads\/2011\/05\/cropped-logo-bellunopress-.jpg","contentUrl":"https:\/\/www.bellunopress.it\/wp-content\/uploads\/2011\/05\/cropped-logo-bellunopress-.jpg","width":512,"height":512,"caption":"Bellunopress"},"image":{"@id":"https:\/\/www.bellunopress.it\/#\/schema\/logo\/image\/"},"sameAs":["https:\/\/www.facebook.com\/profile.php?id=100008943462799","https:\/\/x.com\/bellunopress","https:\/\/www.linkedin.com\/hp\/?dnr=JBzUWaJfMUw8vbXJJ2tVW5-I3jZKvC4wsoxE&amp;amp;amp;amp;amp;amp;trk=nav_responsive_tab_home","https:\/\/www.youtube.com\/channel\/UCxL0wu1uN0_3_7hGG0306cw"]},{"@type":"Person","@id":"https:\/\/www.bellunopress.it\/#\/schema\/person\/79bb06722b37ece1c03d3e94beb30d73","name":"r\u00e9daction","image":{"@type":"ImageObject","inLanguage":"fr-FR","@id":"https:\/\/secure.gravatar.com\/avatar\/37d968a2e67a6fd04c169c4bdef102d0bc5d31b2546345219e348575eb80e9a0?s=96&d=mm&r=g","url":"https:\/\/secure.gravatar.com\/avatar\/37d968a2e67a6fd04c169c4bdef102d0bc5d31b2546345219e348575eb80e9a0?s=96&d=mm&r=g","contentUrl":"https:\/\/secure.gravatar.com\/avatar\/37d968a2e67a6fd04c169c4bdef102d0bc5d31b2546345219e348575eb80e9a0?s=96&d=mm&r=g","caption":"redazione"},"sameAs":["http:\/\/www.bellunopress.it","https:\/\/x.com\/bellunopress"],"url":"https:\/\/www.bellunopress.it\/fr\/author\/redazione\/"}]}},"_links":{"self":[{"href":"https:\/\/www.bellunopress.it\/fr\/wp-json\/wp\/v2\/posts\/9276","targetHints":{"allow":["GET"]}}],"collection":[{"href":"https:\/\/www.bellunopress.it\/fr\/wp-json\/wp\/v2\/posts"}],"about":[{"href":"https:\/\/www.bellunopress.it\/fr\/wp-json\/wp\/v2\/types\/post"}],"author":[{"embeddable":true,"href":"https:\/\/www.bellunopress.it\/fr\/wp-json\/wp\/v2\/users\/2"}],"replies":[{"embeddable":true,"href":"https:\/\/www.bellunopress.it\/fr\/wp-json\/wp\/v2\/comments?post=9276"}],"version-history":[{"count":4,"href":"https:\/\/www.bellunopress.it\/fr\/wp-json\/wp\/v2\/posts\/9276\/revisions"}],"predecessor-version":[{"id":9283,"href":"https:\/\/www.bellunopress.it\/fr\/wp-json\/wp\/v2\/posts\/9276\/revisions\/9283"}],"wp:attachment":[{"href":"https:\/\/www.bellunopress.it\/fr\/wp-json\/wp\/v2\/media?parent=9276"}],"wp:term":[{"taxonomy":"category","embeddable":true,"href":"https:\/\/www.bellunopress.it\/fr\/wp-json\/wp\/v2\/categories?post=9276"},{"taxonomy":"post_tag","embeddable":true,"href":"https:\/\/www.bellunopress.it\/fr\/wp-json\/wp\/v2\/tags?post=9276"}],"curies":[{"name":"wp","href":"https:\/\/api.w.org\/{rel}","templated":true}]}}