{"id":9273,"date":"2009-10-29T23:17:06","date_gmt":"2009-10-29T22:17:06","guid":{"rendered":"http:\/\/www.bellunopress.it\/?p=9273"},"modified":"2009-10-29T23:17:06","modified_gmt":"2009-10-29T22:17:06","slug":"via-alle-iscrizioni-per-la-prima-comelgo-loppet-in-palio-anche-un-viaggio-a-sharm-el-sheik","status":"publish","type":"post","link":"https:\/\/www.bellunopress.it\/fr\/2009\/10\/29\/via-alle-iscrizioni-per-la-prima-comelgo-loppet-in-palio-anche-un-viaggio-a-sharm-el-sheik\/","title":{"rendered":"Via alle iscrizioni per la prima Comelgo loppet. In palio anche un viaggio a Sharm el Sheik"},"content":{"rendered":"<p><a href=\"http:\/\/www.bellunopress.it\/wp-content\/uploads\/2009\/10\/centro-del-fondo-padola.jpg\"><img loading=\"lazy\" decoding=\"async\" class=\"alignleft size-medium wp-image-9274\" title=\"centro-del-fondo-padola\" src=\"http:\/\/www.bellunopress.it\/wp-content\/uploads\/2009\/10\/centro-del-fondo-padola.jpg\" alt=\"\" width=\"280\" height=\"187\" \/><\/a>Sono aperte le iscrizioni alla prima edizione della Comelgo Loppet, la gran fondo sugli sci che si disputer\u00e0 domenica 3 gennaio 2010 a Padola di Comelico Superiore (Belluno). La manifestazione, che avr\u00e0 il carattere dell\u2019internazionalit\u00e0 e sar\u00e0\u00a0 inserita nel circuito Master Tour 2009-2010 di sci di fondo, si snoder\u00e0 su un tracciato, di 15 chilometri da ripetersi due volte, ricavato nell\u2019Alta Val Comelico. Per chi si iscriver\u00e0 entro il 24 dicembre la quota \u00e8 fissata in 20 euro, mentre per chi si iscriver\u00e0 dal 25 dicembre al 2 gennaio ci sar\u00e0 una maggiorazione di 5 euro.<br \/>\nL\u2019organizzazione, curata da Comelico Nordic Ski e Unione sportiva Valpadola, garantisce comunque la possibilit\u00e0 di iscriversi anche la mattina della gara: in questo caso, per\u00f2, la quota di iscrizione \u00e8 stata fissata in 30 euro.<br \/>\nPer iscriversi si pu\u00f2 contattare lo 0435.470007 oppure consultare il sito <a href=\"http:\/\/www.comeliconordiski.com\">www.comeliconordiski.com<\/a>. La quota di iscrizione dar\u00e0 diritto all\u2019assistenza medico-sanitaria, alla possibilit\u00e0 di usufruire dei ristori lungo il tracciato e del pasta party finale. In pi\u00f9, per ogni partecipante \u00e8 previsto un ricco pacco-gara il cui \u201cpezzo forte\u201d sar\u00e0 costituto da una maglietta tecnica \u201cJersey Lomellina\u201d, capo underwear pensato per gli sport di resistenza che, come lo sci di fondo, vengono praticati nei periodi freddi. Per quanto riguarda le premiazioni, esse sono previste per i primi otto classificati assoluti della categoria maschile e femminile, ma anche per i primi tre di ogni categoria prevista dal Master Tour, challenge di sci nordico amatoriale, nato dall&#8217; idea del gruppo sportivo Hartmann di Trento, che raggruppa alcune tra le pi\u00f9 belle gran fondo italiane. In pi\u00f9, verranno premiati i primi 10 atleti e le prime 10 atlete provenienti dal Comelico e dal Cadore. Numerosi saranno anche i premi a sorteggio: quello principale sar\u00e0 costituito da un viaggio di una settimana, per una persona, a Sharm El Sheik.<br \/>\nPer informazioni e contatti: <a href=\"http:\/\/www.comeliconordicski.com\">www.comeliconordicski.com<\/a>.<\/p>","protected":false},"excerpt":{"rendered":"<p>Sono aperte le iscrizioni alla prima edizione della Comelgo Loppet, la gran fondo sugli sci che si disputer\u00e0 domenica 3 gennaio 2010 a Padola di Comelico Superiore (Belluno). La manifestazione, che avr\u00e0 il carattere dell\u2019internazionalit\u00e0 e sar\u00e0\u00a0 inserita nel circuito Master Tour 2009-2010 di sci di fondo, si snoder\u00e0 su un tracciato, di 15 chilometri [&hellip;]<\/p>\n","protected":false},"author":2,"featured_media":0,"comment_status":"closed","ping_status":"open","sticky":false,"template":"","format":"standard","meta":{"footnotes":""},"categories":[25,4],"tags":[139,151],"class_list":["post-9273","post","type-post","status-publish","format-standard","category-pausa-caffe","category-sport","tag-belluno","tag-cadore"],"yoast_head":"<!-- This site is optimized with the Yoast SEO plugin v28.4 - https:\/\/yoast.com\/product\/yoast-seo-wordpress\/ -->\n<title>Via alle iscrizioni per la prima Comelgo loppet. In palio anche un viaggio a Sharm el Sheik - Bellunopress - Dolomiti<\/title>\n<meta name=\"robots\" content=\"index, follow, max-snippet:-1, max-image-preview:large, max-video-preview:-1\" \/>\n<link rel=\"canonical\" href=\"https:\/\/www.bellunopress.it\/fr\/2009\/10\/29\/via-alle-iscrizioni-per-la-prima-comelgo-loppet-in-palio-anche-un-viaggio-a-sharm-el-sheik\/\" \/>\n<meta property=\"og:locale\" content=\"fr_FR\" \/>\n<meta property=\"og:type\" content=\"article\" \/>\n<meta property=\"og:title\" content=\"Via alle iscrizioni per la prima Comelgo loppet. In palio anche un viaggio a Sharm el Sheik - Bellunopress - Dolomiti\" \/>\n<meta property=\"og:description\" content=\"Sono aperte le iscrizioni alla prima edizione della Comelgo Loppet, la gran fondo sugli sci che si disputer\u00e0 domenica 3 gennaio 2010 a Padola di Comelico Superiore (Belluno). La manifestazione, che avr\u00e0 il carattere dell\u2019internazionalit\u00e0 e sar\u00e0\u00a0 inserita nel circuito Master Tour 2009-2010 di sci di fondo, si snoder\u00e0 su un tracciato, di 15 chilometri [&hellip;]\" \/>\n<meta property=\"og:url\" content=\"https:\/\/www.bellunopress.it\/fr\/2009\/10\/29\/via-alle-iscrizioni-per-la-prima-comelgo-loppet-in-palio-anche-un-viaggio-a-sharm-el-sheik\/\" \/>\n<meta property=\"og:site_name\" content=\"Bellunopress - Dolomiti\" \/>\n<meta property=\"article:publisher\" content=\"https:\/\/www.facebook.com\/profile.php?id=100008943462799\" \/>\n<meta property=\"article:published_time\" content=\"2009-10-29T22:17:06+00:00\" \/>\n<meta property=\"og:image\" content=\"http:\/\/www.bellunopress.it\/wp-content\/uploads\/2009\/10\/centro-del-fondo-padola.jpg\" \/>\n<meta name=\"author\" content=\"redazione\" \/>\n<meta name=\"twitter:card\" content=\"summary_large_image\" \/>\n<meta name=\"twitter:creator\" content=\"@bellunopress\" \/>\n<meta name=\"twitter:site\" content=\"@bellunopress\" \/>\n<meta name=\"twitter:label1\" content=\"\u00c9crit par\" \/>\n\t<meta name=\"twitter:data1\" content=\"redazione\" \/>\n\t<meta name=\"twitter:label2\" content=\"Dur\u00e9e de lecture estim\u00e9e\" \/>\n\t<meta name=\"twitter:data2\" content=\"2 minutes\" \/>\n<script type=\"application\/ld+json\" class=\"yoast-schema-graph\">{\"@context\":\"https:\\\/\\\/schema.org\",\"@graph\":[{\"@type\":\"Article\",\"@id\":\"https:\\\/\\\/www.bellunopress.it\\\/2009\\\/10\\\/29\\\/via-alle-iscrizioni-per-la-prima-comelgo-loppet-in-palio-anche-un-viaggio-a-sharm-el-sheik\\\/#article\",\"isPartOf\":{\"@id\":\"https:\\\/\\\/www.bellunopress.it\\\/2009\\\/10\\\/29\\\/via-alle-iscrizioni-per-la-prima-comelgo-loppet-in-palio-anche-un-viaggio-a-sharm-el-sheik\\\/\"},\"author\":{\"name\":\"redazione\",\"@id\":\"https:\\\/\\\/www.bellunopress.it\\\/#\\\/schema\\\/person\\\/79bb06722b37ece1c03d3e94beb30d73\"},\"headline\":\"Via alle iscrizioni per la prima Comelgo loppet. In palio anche un viaggio a Sharm el Sheik\",\"datePublished\":\"2009-10-29T22:17:06+00:00\",\"mainEntityOfPage\":{\"@id\":\"https:\\\/\\\/www.bellunopress.it\\\/2009\\\/10\\\/29\\\/via-alle-iscrizioni-per-la-prima-comelgo-loppet-in-palio-anche-un-viaggio-a-sharm-el-sheik\\\/\"},\"wordCount\":320,\"publisher\":{\"@id\":\"https:\\\/\\\/www.bellunopress.it\\\/#organization\"},\"image\":{\"@id\":\"https:\\\/\\\/www.bellunopress.it\\\/2009\\\/10\\\/29\\\/via-alle-iscrizioni-per-la-prima-comelgo-loppet-in-palio-anche-un-viaggio-a-sharm-el-sheik\\\/#primaryimage\"},\"thumbnailUrl\":\"http:\\\/\\\/www.bellunopress.it\\\/wp-content\\\/uploads\\\/2009\\\/10\\\/centro-del-fondo-padola.jpg\",\"keywords\":[\"Belluno\",\"Cadore\"],\"articleSection\":[\"Pausa Caff\u00e8\",\"Sport, tempo libero\"],\"inLanguage\":\"fr-FR\"},{\"@type\":\"WebPage\",\"@id\":\"https:\\\/\\\/www.bellunopress.it\\\/2009\\\/10\\\/29\\\/via-alle-iscrizioni-per-la-prima-comelgo-loppet-in-palio-anche-un-viaggio-a-sharm-el-sheik\\\/\",\"url\":\"https:\\\/\\\/www.bellunopress.it\\\/2009\\\/10\\\/29\\\/via-alle-iscrizioni-per-la-prima-comelgo-loppet-in-palio-anche-un-viaggio-a-sharm-el-sheik\\\/\",\"name\":\"Via alle iscrizioni per la prima Comelgo loppet. In palio anche un viaggio a Sharm el Sheik - Bellunopress - Dolomiti\",\"isPartOf\":{\"@id\":\"https:\\\/\\\/www.bellunopress.it\\\/#website\"},\"primaryImageOfPage\":{\"@id\":\"https:\\\/\\\/www.bellunopress.it\\\/2009\\\/10\\\/29\\\/via-alle-iscrizioni-per-la-prima-comelgo-loppet-in-palio-anche-un-viaggio-a-sharm-el-sheik\\\/#primaryimage\"},\"image\":{\"@id\":\"https:\\\/\\\/www.bellunopress.it\\\/2009\\\/10\\\/29\\\/via-alle-iscrizioni-per-la-prima-comelgo-loppet-in-palio-anche-un-viaggio-a-sharm-el-sheik\\\/#primaryimage\"},\"thumbnailUrl\":\"http:\\\/\\\/www.bellunopress.it\\\/wp-content\\\/uploads\\\/2009\\\/10\\\/centro-del-fondo-padola.jpg\",\"datePublished\":\"2009-10-29T22:17:06+00:00\",\"breadcrumb\":{\"@id\":\"https:\\\/\\\/www.bellunopress.it\\\/2009\\\/10\\\/29\\\/via-alle-iscrizioni-per-la-prima-comelgo-loppet-in-palio-anche-un-viaggio-a-sharm-el-sheik\\\/#breadcrumb\"},\"inLanguage\":\"fr-FR\",\"potentialAction\":[{\"@type\":\"ReadAction\",\"target\":[\"https:\\\/\\\/www.bellunopress.it\\\/2009\\\/10\\\/29\\\/via-alle-iscrizioni-per-la-prima-comelgo-loppet-in-palio-anche-un-viaggio-a-sharm-el-sheik\\\/\"]}]},{\"@type\":\"ImageObject\",\"inLanguage\":\"fr-FR\",\"@id\":\"https:\\\/\\\/www.bellunopress.it\\\/2009\\\/10\\\/29\\\/via-alle-iscrizioni-per-la-prima-comelgo-loppet-in-palio-anche-un-viaggio-a-sharm-el-sheik\\\/#primaryimage\",\"url\":\"http:\\\/\\\/www.bellunopress.it\\\/wp-content\\\/uploads\\\/2009\\\/10\\\/centro-del-fondo-padola.jpg\",\"contentUrl\":\"http:\\\/\\\/www.bellunopress.it\\\/wp-content\\\/uploads\\\/2009\\\/10\\\/centro-del-fondo-padola.jpg\"},{\"@type\":\"BreadcrumbList\",\"@id\":\"https:\\\/\\\/www.bellunopress.it\\\/2009\\\/10\\\/29\\\/via-alle-iscrizioni-per-la-prima-comelgo-loppet-in-palio-anche-un-viaggio-a-sharm-el-sheik\\\/#breadcrumb\",\"itemListElement\":[{\"@type\":\"ListItem\",\"position\":1,\"name\":\"Home\",\"item\":\"https:\\\/\\\/www.bellunopress.it\\\/\"},{\"@type\":\"ListItem\",\"position\":2,\"name\":\"Via alle iscrizioni per la prima Comelgo loppet. In palio anche un viaggio a Sharm el Sheik\"}]},{\"@type\":\"WebSite\",\"@id\":\"https:\\\/\\\/www.bellunopress.it\\\/#website\",\"url\":\"https:\\\/\\\/www.bellunopress.it\\\/\",\"name\":\"Bellunopress - Dolomiti\",\"description\":\"e-mail: redazione@bellunopress.it\",\"publisher\":{\"@id\":\"https:\\\/\\\/www.bellunopress.it\\\/#organization\"},\"potentialAction\":[{\"@type\":\"SearchAction\",\"target\":{\"@type\":\"EntryPoint\",\"urlTemplate\":\"https:\\\/\\\/www.bellunopress.it\\\/?s={search_term_string}\"},\"query-input\":{\"@type\":\"PropertyValueSpecification\",\"valueRequired\":true,\"valueName\":\"search_term_string\"}}],\"inLanguage\":\"fr-FR\"},{\"@type\":\"Organization\",\"@id\":\"https:\\\/\\\/www.bellunopress.it\\\/#organization\",\"name\":\"Bellunopress\",\"url\":\"https:\\\/\\\/www.bellunopress.it\\\/\",\"logo\":{\"@type\":\"ImageObject\",\"inLanguage\":\"fr-FR\",\"@id\":\"https:\\\/\\\/www.bellunopress.it\\\/#\\\/schema\\\/logo\\\/image\\\/\",\"url\":\"https:\\\/\\\/www.bellunopress.it\\\/wp-content\\\/uploads\\\/2011\\\/05\\\/cropped-logo-bellunopress-.jpg\",\"contentUrl\":\"https:\\\/\\\/www.bellunopress.it\\\/wp-content\\\/uploads\\\/2011\\\/05\\\/cropped-logo-bellunopress-.jpg\",\"width\":512,\"height\":512,\"caption\":\"Bellunopress\"},\"image\":{\"@id\":\"https:\\\/\\\/www.bellunopress.it\\\/#\\\/schema\\\/logo\\\/image\\\/\"},\"sameAs\":[\"https:\\\/\\\/www.facebook.com\\\/profile.php?id=100008943462799\",\"https:\\\/\\\/x.com\\\/bellunopress\",\"https:\\\/\\\/www.linkedin.com\\\/hp\\\/?dnr=JBzUWaJfMUw8vbXJJ2tVW5-I3jZKvC4wsoxE&amp;amp;amp;amp;amp;amp;trk=nav_responsive_tab_home\",\"https:\\\/\\\/www.youtube.com\\\/channel\\\/UCxL0wu1uN0_3_7hGG0306cw\"]},{\"@type\":\"Person\",\"@id\":\"https:\\\/\\\/www.bellunopress.it\\\/#\\\/schema\\\/person\\\/79bb06722b37ece1c03d3e94beb30d73\",\"name\":\"redazione\",\"image\":{\"@type\":\"ImageObject\",\"inLanguage\":\"fr-FR\",\"@id\":\"https:\\\/\\\/secure.gravatar.com\\\/avatar\\\/37d968a2e67a6fd04c169c4bdef102d0bc5d31b2546345219e348575eb80e9a0?s=96&d=mm&r=g\",\"url\":\"https:\\\/\\\/secure.gravatar.com\\\/avatar\\\/37d968a2e67a6fd04c169c4bdef102d0bc5d31b2546345219e348575eb80e9a0?s=96&d=mm&r=g\",\"contentUrl\":\"https:\\\/\\\/secure.gravatar.com\\\/avatar\\\/37d968a2e67a6fd04c169c4bdef102d0bc5d31b2546345219e348575eb80e9a0?s=96&d=mm&r=g\",\"caption\":\"redazione\"},\"sameAs\":[\"http:\\\/\\\/www.bellunopress.it\",\"https:\\\/\\\/x.com\\\/bellunopress\"],\"url\":\"https:\\\/\\\/www.bellunopress.it\\\/fr\\\/author\\\/redazione\\\/\"}]}<\/script>\n<!-- \/ Yoast SEO plugin. -->","yoast_head_json":{"title":"Via alle iscrizioni per la prima Comelgo loppet. In palio anche un viaggio a Sharm el Sheik - Bellunopress - Dolomiti","robots":{"index":"index","follow":"follow","max-snippet":"max-snippet:-1","max-image-preview":"max-image-preview:large","max-video-preview":"max-video-preview:-1"},"canonical":"https:\/\/www.bellunopress.it\/fr\/2009\/10\/29\/via-alle-iscrizioni-per-la-prima-comelgo-loppet-in-palio-anche-un-viaggio-a-sharm-el-sheik\/","og_locale":"fr_FR","og_type":"article","og_title":"Via alle iscrizioni per la prima Comelgo loppet. In palio anche un viaggio a Sharm el Sheik - Bellunopress - Dolomiti","og_description":"Sono aperte le iscrizioni alla prima edizione della Comelgo Loppet, la gran fondo sugli sci che si disputer\u00e0 domenica 3 gennaio 2010 a Padola di Comelico Superiore (Belluno). La manifestazione, che avr\u00e0 il carattere dell\u2019internazionalit\u00e0 e sar\u00e0\u00a0 inserita nel circuito Master Tour 2009-2010 di sci di fondo, si snoder\u00e0 su un tracciato, di 15 chilometri [&hellip;]","og_url":"https:\/\/www.bellunopress.it\/fr\/2009\/10\/29\/via-alle-iscrizioni-per-la-prima-comelgo-loppet-in-palio-anche-un-viaggio-a-sharm-el-sheik\/","og_site_name":"Bellunopress - Dolomiti","article_publisher":"https:\/\/www.facebook.com\/profile.php?id=100008943462799","article_published_time":"2009-10-29T22:17:06+00:00","og_image":[{"url":"http:\/\/www.bellunopress.it\/wp-content\/uploads\/2009\/10\/centro-del-fondo-padola.jpg","type":"","width":"","height":""}],"author":"redazione","twitter_card":"summary_large_image","twitter_creator":"@bellunopress","twitter_site":"@bellunopress","twitter_misc":{"\u00c9crit par":"redazione","Dur\u00e9e de lecture estim\u00e9e":"2 minutes"},"schema":{"@context":"https:\/\/schema.org","@graph":[{"@type":"Article","@id":"https:\/\/www.bellunopress.it\/2009\/10\/29\/via-alle-iscrizioni-per-la-prima-comelgo-loppet-in-palio-anche-un-viaggio-a-sharm-el-sheik\/#article","isPartOf":{"@id":"https:\/\/www.bellunopress.it\/2009\/10\/29\/via-alle-iscrizioni-per-la-prima-comelgo-loppet-in-palio-anche-un-viaggio-a-sharm-el-sheik\/"},"author":{"name":"redazione","@id":"https:\/\/www.bellunopress.it\/#\/schema\/person\/79bb06722b37ece1c03d3e94beb30d73"},"headline":"Via alle iscrizioni per la prima Comelgo loppet. In palio anche un viaggio a Sharm el Sheik","datePublished":"2009-10-29T22:17:06+00:00","mainEntityOfPage":{"@id":"https:\/\/www.bellunopress.it\/2009\/10\/29\/via-alle-iscrizioni-per-la-prima-comelgo-loppet-in-palio-anche-un-viaggio-a-sharm-el-sheik\/"},"wordCount":320,"publisher":{"@id":"https:\/\/www.bellunopress.it\/#organization"},"image":{"@id":"https:\/\/www.bellunopress.it\/2009\/10\/29\/via-alle-iscrizioni-per-la-prima-comelgo-loppet-in-palio-anche-un-viaggio-a-sharm-el-sheik\/#primaryimage"},"thumbnailUrl":"http:\/\/www.bellunopress.it\/wp-content\/uploads\/2009\/10\/centro-del-fondo-padola.jpg","keywords":["Belluno","Cadore"],"articleSection":["Pausa Caff\u00e8","Sport, tempo libero"],"inLanguage":"fr-FR"},{"@type":"WebPage","@id":"https:\/\/www.bellunopress.it\/2009\/10\/29\/via-alle-iscrizioni-per-la-prima-comelgo-loppet-in-palio-anche-un-viaggio-a-sharm-el-sheik\/","url":"https:\/\/www.bellunopress.it\/2009\/10\/29\/via-alle-iscrizioni-per-la-prima-comelgo-loppet-in-palio-anche-un-viaggio-a-sharm-el-sheik\/","name":"Via alle iscrizioni per la prima Comelgo loppet. In palio anche un viaggio a Sharm el Sheik - Bellunopress - Dolomiti","isPartOf":{"@id":"https:\/\/www.bellunopress.it\/#website"},"primaryImageOfPage":{"@id":"https:\/\/www.bellunopress.it\/2009\/10\/29\/via-alle-iscrizioni-per-la-prima-comelgo-loppet-in-palio-anche-un-viaggio-a-sharm-el-sheik\/#primaryimage"},"image":{"@id":"https:\/\/www.bellunopress.it\/2009\/10\/29\/via-alle-iscrizioni-per-la-prima-comelgo-loppet-in-palio-anche-un-viaggio-a-sharm-el-sheik\/#primaryimage"},"thumbnailUrl":"http:\/\/www.bellunopress.it\/wp-content\/uploads\/2009\/10\/centro-del-fondo-padola.jpg","datePublished":"2009-10-29T22:17:06+00:00","breadcrumb":{"@id":"https:\/\/www.bellunopress.it\/2009\/10\/29\/via-alle-iscrizioni-per-la-prima-comelgo-loppet-in-palio-anche-un-viaggio-a-sharm-el-sheik\/#breadcrumb"},"inLanguage":"fr-FR","potentialAction":[{"@type":"ReadAction","target":["https:\/\/www.bellunopress.it\/2009\/10\/29\/via-alle-iscrizioni-per-la-prima-comelgo-loppet-in-palio-anche-un-viaggio-a-sharm-el-sheik\/"]}]},{"@type":"ImageObject","inLanguage":"fr-FR","@id":"https:\/\/www.bellunopress.it\/2009\/10\/29\/via-alle-iscrizioni-per-la-prima-comelgo-loppet-in-palio-anche-un-viaggio-a-sharm-el-sheik\/#primaryimage","url":"http:\/\/www.bellunopress.it\/wp-content\/uploads\/2009\/10\/centro-del-fondo-padola.jpg","contentUrl":"http:\/\/www.bellunopress.it\/wp-content\/uploads\/2009\/10\/centro-del-fondo-padola.jpg"},{"@type":"BreadcrumbList","@id":"https:\/\/www.bellunopress.it\/2009\/10\/29\/via-alle-iscrizioni-per-la-prima-comelgo-loppet-in-palio-anche-un-viaggio-a-sharm-el-sheik\/#breadcrumb","itemListElement":[{"@type":"ListItem","position":1,"name":"Home","item":"https:\/\/www.bellunopress.it\/"},{"@type":"ListItem","position":2,"name":"Via alle iscrizioni per la prima Comelgo loppet. In palio anche un viaggio a Sharm el Sheik"}]},{"@type":"WebSite","@id":"https:\/\/www.bellunopress.it\/#website","url":"https:\/\/www.bellunopress.it\/","name":"Bellunopress - Dolomiti","description":"e-mail: redazione@bellunopress.it","publisher":{"@id":"https:\/\/www.bellunopress.it\/#organization"},"potentialAction":[{"@type":"SearchAction","target":{"@type":"EntryPoint","urlTemplate":"https:\/\/www.bellunopress.it\/?s={search_term_string}"},"query-input":{"@type":"PropertyValueSpecification","valueRequired":true,"valueName":"search_term_string"}}],"inLanguage":"fr-FR"},{"@type":"Organization","@id":"https:\/\/www.bellunopress.it\/#organization","name":"Bellunopress","url":"https:\/\/www.bellunopress.it\/","logo":{"@type":"ImageObject","inLanguage":"fr-FR","@id":"https:\/\/www.bellunopress.it\/#\/schema\/logo\/image\/","url":"https:\/\/www.bellunopress.it\/wp-content\/uploads\/2011\/05\/cropped-logo-bellunopress-.jpg","contentUrl":"https:\/\/www.bellunopress.it\/wp-content\/uploads\/2011\/05\/cropped-logo-bellunopress-.jpg","width":512,"height":512,"caption":"Bellunopress"},"image":{"@id":"https:\/\/www.bellunopress.it\/#\/schema\/logo\/image\/"},"sameAs":["https:\/\/www.facebook.com\/profile.php?id=100008943462799","https:\/\/x.com\/bellunopress","https:\/\/www.linkedin.com\/hp\/?dnr=JBzUWaJfMUw8vbXJJ2tVW5-I3jZKvC4wsoxE&amp;amp;amp;amp;amp;amp;trk=nav_responsive_tab_home","https:\/\/www.youtube.com\/channel\/UCxL0wu1uN0_3_7hGG0306cw"]},{"@type":"Person","@id":"https:\/\/www.bellunopress.it\/#\/schema\/person\/79bb06722b37ece1c03d3e94beb30d73","name":"r\u00e9daction","image":{"@type":"ImageObject","inLanguage":"fr-FR","@id":"https:\/\/secure.gravatar.com\/avatar\/37d968a2e67a6fd04c169c4bdef102d0bc5d31b2546345219e348575eb80e9a0?s=96&d=mm&r=g","url":"https:\/\/secure.gravatar.com\/avatar\/37d968a2e67a6fd04c169c4bdef102d0bc5d31b2546345219e348575eb80e9a0?s=96&d=mm&r=g","contentUrl":"https:\/\/secure.gravatar.com\/avatar\/37d968a2e67a6fd04c169c4bdef102d0bc5d31b2546345219e348575eb80e9a0?s=96&d=mm&r=g","caption":"redazione"},"sameAs":["http:\/\/www.bellunopress.it","https:\/\/x.com\/bellunopress"],"url":"https:\/\/www.bellunopress.it\/fr\/author\/redazione\/"}]}},"_links":{"self":[{"href":"https:\/\/www.bellunopress.it\/fr\/wp-json\/wp\/v2\/posts\/9273","targetHints":{"allow":["GET"]}}],"collection":[{"href":"https:\/\/www.bellunopress.it\/fr\/wp-json\/wp\/v2\/posts"}],"about":[{"href":"https:\/\/www.bellunopress.it\/fr\/wp-json\/wp\/v2\/types\/post"}],"author":[{"embeddable":true,"href":"https:\/\/www.bellunopress.it\/fr\/wp-json\/wp\/v2\/users\/2"}],"replies":[{"embeddable":true,"href":"https:\/\/www.bellunopress.it\/fr\/wp-json\/wp\/v2\/comments?post=9273"}],"version-history":[{"count":1,"href":"https:\/\/www.bellunopress.it\/fr\/wp-json\/wp\/v2\/posts\/9273\/revisions"}],"predecessor-version":[{"id":9275,"href":"https:\/\/www.bellunopress.it\/fr\/wp-json\/wp\/v2\/posts\/9273\/revisions\/9275"}],"wp:attachment":[{"href":"https:\/\/www.bellunopress.it\/fr\/wp-json\/wp\/v2\/media?parent=9273"}],"wp:term":[{"taxonomy":"category","embeddable":true,"href":"https:\/\/www.bellunopress.it\/fr\/wp-json\/wp\/v2\/categories?post=9273"},{"taxonomy":"post_tag","embeddable":true,"href":"https:\/\/www.bellunopress.it\/fr\/wp-json\/wp\/v2\/tags?post=9273"}],"curies":[{"name":"wp","href":"https:\/\/api.w.org\/{rel}","templated":true}]}}