{"id":9203,"date":"2009-10-27T20:54:16","date_gmt":"2009-10-27T19:54:16","guid":{"rendered":"http:\/\/www.bellunopress.it\/?p=9203"},"modified":"2009-10-27T20:54:16","modified_gmt":"2009-10-27T19:54:16","slug":"raccolta-firme-contro-la-chiusura-degli-uffici-postali-c%e2%80%99e-anche-quella-del-presidente-bottacin","status":"publish","type":"post","link":"https:\/\/www.bellunopress.it\/fr\/2009\/10\/27\/raccolta-firme-contro-la-chiusura-degli-uffici-postali-c%e2%80%99e-anche-quella-del-presidente-bottacin\/","title":{"rendered":"Raccolta firme contro la chiusura degli uffici postali. C\u2019\u00e8 anche quella del presidente Bottacin"},"content":{"rendered":"<p><a href=\"http:\/\/www.bellunopress.it\/wp-content\/uploads\/2009\/02\/poste-belluno.jpg\"><img loading=\"lazy\" decoding=\"async\" class=\"alignleft size-medium wp-image-463\" title=\"poste-belluno\" src=\"http:\/\/www.bellunopress.it\/wp-content\/uploads\/2009\/02\/poste-belluno.jpg\" alt=\"\" width=\"241\" height=\"181\" \/><\/a>Vertice quest\u2019oggi (marted\u00ec 27) in Prefettura a Belluno per discutere della riduzione d\u2019orario di cinque uffici postali periferici in quattro comuni della provincia. Preoccupato il presidente Gianpaolo Bottacin: \u00abIniziare a garantire un mezzo servizio ai cittadini \u00e8 solo il preludio alla cancellazione totale dello stesso e noi non possiamo accettarlo\u00bb.\u00a0 All\u2019incontro di stamani a Belluno erano presenti, oltre al prefetto Carlo Boffi, al presidente della Provincia e al consigliere provinciale di minoranza Angelo Levis, i sindaci dei Comuni di Ponte nelle Alpi, Trichiana, Arsi\u00e8 e Alano di Piave, dove l\u2019apertura degli sportelli \u00e8 gi\u00e0 a singhiozzo.\u00abSoprattutto per le zone periferiche di montagna, quello degli uffici postali \u00e8 un servizio storicamente essenziale e, psicologicamente, un presidio importante &#8211; ha commentato Bottacin &#8211; . Cancellare gli sportelli rischia di creare grosse difficolt\u00e0 alle genti di quei luoghi, gi\u00e0 troppo isolati. Non si mette in dubbio che la S.p.A. di Poste Italiane debba guardare ai numeri, ma se \u00e8 vero che non sono molte le operazioni agli uffici delle frazioni dei Comuni in questione, \u00e8 altrettanto vero che i depositi custoditi non sono di poco conto. In aggiunta, non si spiega come mai, dinanzi ad una societ\u00e0 che gli stessi rappresentanti hanno definito \u201cin buona salute\u201d, si debba procedere a simili drastici tagli\u00bb. Il prefetto ha dunque dato appuntamento alle parti per un incontro nel prossimo futuro, dove si valuteranno i nuovi scenari. Bottacin, che ha ringraziato lo stesso prefetto per l\u2019interessamento e l\u2019attenzione rivolta al problema, ha quindi concluso spiegando che \u00abda parte nostra, come amministratori pubblici, ci impegneremo politicamente per garantire che l\u2019apertura degli uffici postali rimanga costante e inviteremo i cittadini ad utilizzare quegli stessi sportelli, accedendo anche ai servizi collaterali che essi garantiscono, a dimostrazione della loro utilit\u00e0 in quelle zone. Dal canto loro, Poste Italiane ha assicurato che far\u00e0 presente ai propri referenti regionali e nazionali le istanze del bellunese emerse quest\u2019oggi, consegnando ai vertici aziendali le oltre milletrecento firme raccolte dal Comitato, fra le quali c\u2019\u00e8 pure la mia\u00bb.<\/p>","protected":false},"excerpt":{"rendered":"<p>Vertice quest\u2019oggi (marted\u00ec 27) in Prefettura a Belluno per discutere della riduzione d\u2019orario di cinque uffici postali periferici in quattro comuni della provincia. Preoccupato il presidente Gianpaolo Bottacin: \u00abIniziare a garantire un mezzo servizio ai cittadini \u00e8 solo il preludio alla cancellazione totale dello stesso e noi non possiamo accettarlo\u00bb.\u00a0 All\u2019incontro di stamani a Belluno [&hellip;]<\/p>\n","protected":false},"author":2,"featured_media":0,"comment_status":"closed","ping_status":"open","sticky":false,"template":"","format":"standard","meta":{"footnotes":""},"categories":[5],"tags":[139],"class_list":["post-9203","post","type-post","status-publish","format-standard","category-cronaca","tag-belluno"],"yoast_head":"<!-- This site is optimized with the Yoast SEO plugin v28.4 - https:\/\/yoast.com\/product\/yoast-seo-wordpress\/ -->\n<title>Raccolta firme contro la chiusura degli uffici postali. C\u2019\u00e8 anche quella del presidente Bottacin - Bellunopress - Dolomiti<\/title>\n<meta name=\"robots\" content=\"index, follow, max-snippet:-1, max-image-preview:large, max-video-preview:-1\" \/>\n<link rel=\"canonical\" href=\"https:\/\/www.bellunopress.it\/fr\/2009\/10\/27\/raccolta-firme-contro-la-chiusura-degli-uffici-postali-c\u2019e-anche-quella-del-presidente-bottacin\/\" \/>\n<meta property=\"og:locale\" content=\"fr_FR\" \/>\n<meta property=\"og:type\" content=\"article\" \/>\n<meta property=\"og:title\" content=\"Raccolta firme contro la chiusura degli uffici postali. C\u2019\u00e8 anche quella del presidente Bottacin - Bellunopress - Dolomiti\" \/>\n<meta property=\"og:description\" content=\"Vertice quest\u2019oggi (marted\u00ec 27) in Prefettura a Belluno per discutere della riduzione d\u2019orario di cinque uffici postali periferici in quattro comuni della provincia. Preoccupato il presidente Gianpaolo Bottacin: \u00abIniziare a garantire un mezzo servizio ai cittadini \u00e8 solo il preludio alla cancellazione totale dello stesso e noi non possiamo accettarlo\u00bb.\u00a0 All\u2019incontro di stamani a Belluno [&hellip;]\" \/>\n<meta property=\"og:url\" content=\"https:\/\/www.bellunopress.it\/fr\/2009\/10\/27\/raccolta-firme-contro-la-chiusura-degli-uffici-postali-c\u2019e-anche-quella-del-presidente-bottacin\/\" \/>\n<meta property=\"og:site_name\" content=\"Bellunopress - Dolomiti\" \/>\n<meta property=\"article:publisher\" content=\"https:\/\/www.facebook.com\/profile.php?id=100008943462799\" \/>\n<meta property=\"article:published_time\" content=\"2009-10-27T19:54:16+00:00\" \/>\n<meta property=\"og:image\" content=\"http:\/\/www.bellunopress.it\/wp-content\/uploads\/2009\/02\/poste-belluno.jpg\" \/>\n<meta name=\"author\" content=\"redazione\" \/>\n<meta name=\"twitter:card\" content=\"summary_large_image\" \/>\n<meta name=\"twitter:creator\" content=\"@bellunopress\" \/>\n<meta name=\"twitter:site\" content=\"@bellunopress\" \/>\n<meta name=\"twitter:label1\" content=\"\u00c9crit par\" \/>\n\t<meta name=\"twitter:data1\" content=\"redazione\" \/>\n\t<meta name=\"twitter:label2\" content=\"Dur\u00e9e de lecture estim\u00e9e\" \/>\n\t<meta name=\"twitter:data2\" content=\"2 minutes\" \/>\n<script type=\"application\/ld+json\" class=\"yoast-schema-graph\">{\"@context\":\"https:\\\/\\\/schema.org\",\"@graph\":[{\"@type\":\"Article\",\"@id\":\"https:\\\/\\\/www.bellunopress.it\\\/2009\\\/10\\\/27\\\/raccolta-firme-contro-la-chiusura-degli-uffici-postali-c%e2%80%99e-anche-quella-del-presidente-bottacin\\\/#article\",\"isPartOf\":{\"@id\":\"https:\\\/\\\/www.bellunopress.it\\\/2009\\\/10\\\/27\\\/raccolta-firme-contro-la-chiusura-degli-uffici-postali-c%e2%80%99e-anche-quella-del-presidente-bottacin\\\/\"},\"author\":{\"name\":\"redazione\",\"@id\":\"https:\\\/\\\/www.bellunopress.it\\\/#\\\/schema\\\/person\\\/79bb06722b37ece1c03d3e94beb30d73\"},\"headline\":\"Raccolta firme contro la chiusura degli uffici postali. C\u2019\u00e8 anche quella del presidente Bottacin\",\"datePublished\":\"2009-10-27T19:54:16+00:00\",\"mainEntityOfPage\":{\"@id\":\"https:\\\/\\\/www.bellunopress.it\\\/2009\\\/10\\\/27\\\/raccolta-firme-contro-la-chiusura-degli-uffici-postali-c%e2%80%99e-anche-quella-del-presidente-bottacin\\\/\"},\"wordCount\":350,\"publisher\":{\"@id\":\"https:\\\/\\\/www.bellunopress.it\\\/#organization\"},\"image\":{\"@id\":\"https:\\\/\\\/www.bellunopress.it\\\/2009\\\/10\\\/27\\\/raccolta-firme-contro-la-chiusura-degli-uffici-postali-c%e2%80%99e-anche-quella-del-presidente-bottacin\\\/#primaryimage\"},\"thumbnailUrl\":\"http:\\\/\\\/www.bellunopress.it\\\/wp-content\\\/uploads\\\/2009\\\/02\\\/poste-belluno.jpg\",\"keywords\":[\"Belluno\"],\"articleSection\":[\"Cronaca\\\/Politica\"],\"inLanguage\":\"fr-FR\"},{\"@type\":\"WebPage\",\"@id\":\"https:\\\/\\\/www.bellunopress.it\\\/2009\\\/10\\\/27\\\/raccolta-firme-contro-la-chiusura-degli-uffici-postali-c%e2%80%99e-anche-quella-del-presidente-bottacin\\\/\",\"url\":\"https:\\\/\\\/www.bellunopress.it\\\/2009\\\/10\\\/27\\\/raccolta-firme-contro-la-chiusura-degli-uffici-postali-c%e2%80%99e-anche-quella-del-presidente-bottacin\\\/\",\"name\":\"Raccolta firme contro la chiusura degli uffici postali. C\u2019\u00e8 anche quella del presidente Bottacin - Bellunopress - Dolomiti\",\"isPartOf\":{\"@id\":\"https:\\\/\\\/www.bellunopress.it\\\/#website\"},\"primaryImageOfPage\":{\"@id\":\"https:\\\/\\\/www.bellunopress.it\\\/2009\\\/10\\\/27\\\/raccolta-firme-contro-la-chiusura-degli-uffici-postali-c%e2%80%99e-anche-quella-del-presidente-bottacin\\\/#primaryimage\"},\"image\":{\"@id\":\"https:\\\/\\\/www.bellunopress.it\\\/2009\\\/10\\\/27\\\/raccolta-firme-contro-la-chiusura-degli-uffici-postali-c%e2%80%99e-anche-quella-del-presidente-bottacin\\\/#primaryimage\"},\"thumbnailUrl\":\"http:\\\/\\\/www.bellunopress.it\\\/wp-content\\\/uploads\\\/2009\\\/02\\\/poste-belluno.jpg\",\"datePublished\":\"2009-10-27T19:54:16+00:00\",\"breadcrumb\":{\"@id\":\"https:\\\/\\\/www.bellunopress.it\\\/2009\\\/10\\\/27\\\/raccolta-firme-contro-la-chiusura-degli-uffici-postali-c%e2%80%99e-anche-quella-del-presidente-bottacin\\\/#breadcrumb\"},\"inLanguage\":\"fr-FR\",\"potentialAction\":[{\"@type\":\"ReadAction\",\"target\":[\"https:\\\/\\\/www.bellunopress.it\\\/2009\\\/10\\\/27\\\/raccolta-firme-contro-la-chiusura-degli-uffici-postali-c%e2%80%99e-anche-quella-del-presidente-bottacin\\\/\"]}]},{\"@type\":\"ImageObject\",\"inLanguage\":\"fr-FR\",\"@id\":\"https:\\\/\\\/www.bellunopress.it\\\/2009\\\/10\\\/27\\\/raccolta-firme-contro-la-chiusura-degli-uffici-postali-c%e2%80%99e-anche-quella-del-presidente-bottacin\\\/#primaryimage\",\"url\":\"http:\\\/\\\/www.bellunopress.it\\\/wp-content\\\/uploads\\\/2009\\\/02\\\/poste-belluno.jpg\",\"contentUrl\":\"http:\\\/\\\/www.bellunopress.it\\\/wp-content\\\/uploads\\\/2009\\\/02\\\/poste-belluno.jpg\"},{\"@type\":\"BreadcrumbList\",\"@id\":\"https:\\\/\\\/www.bellunopress.it\\\/2009\\\/10\\\/27\\\/raccolta-firme-contro-la-chiusura-degli-uffici-postali-c%e2%80%99e-anche-quella-del-presidente-bottacin\\\/#breadcrumb\",\"itemListElement\":[{\"@type\":\"ListItem\",\"position\":1,\"name\":\"Home\",\"item\":\"https:\\\/\\\/www.bellunopress.it\\\/\"},{\"@type\":\"ListItem\",\"position\":2,\"name\":\"Raccolta firme contro la chiusura degli uffici postali. C\u2019\u00e8 anche quella del presidente Bottacin\"}]},{\"@type\":\"WebSite\",\"@id\":\"https:\\\/\\\/www.bellunopress.it\\\/#website\",\"url\":\"https:\\\/\\\/www.bellunopress.it\\\/\",\"name\":\"Bellunopress - Dolomiti\",\"description\":\"e-mail: redazione@bellunopress.it\",\"publisher\":{\"@id\":\"https:\\\/\\\/www.bellunopress.it\\\/#organization\"},\"potentialAction\":[{\"@type\":\"SearchAction\",\"target\":{\"@type\":\"EntryPoint\",\"urlTemplate\":\"https:\\\/\\\/www.bellunopress.it\\\/?s={search_term_string}\"},\"query-input\":{\"@type\":\"PropertyValueSpecification\",\"valueRequired\":true,\"valueName\":\"search_term_string\"}}],\"inLanguage\":\"fr-FR\"},{\"@type\":\"Organization\",\"@id\":\"https:\\\/\\\/www.bellunopress.it\\\/#organization\",\"name\":\"Bellunopress\",\"url\":\"https:\\\/\\\/www.bellunopress.it\\\/\",\"logo\":{\"@type\":\"ImageObject\",\"inLanguage\":\"fr-FR\",\"@id\":\"https:\\\/\\\/www.bellunopress.it\\\/#\\\/schema\\\/logo\\\/image\\\/\",\"url\":\"https:\\\/\\\/www.bellunopress.it\\\/wp-content\\\/uploads\\\/2011\\\/05\\\/cropped-logo-bellunopress-.jpg\",\"contentUrl\":\"https:\\\/\\\/www.bellunopress.it\\\/wp-content\\\/uploads\\\/2011\\\/05\\\/cropped-logo-bellunopress-.jpg\",\"width\":512,\"height\":512,\"caption\":\"Bellunopress\"},\"image\":{\"@id\":\"https:\\\/\\\/www.bellunopress.it\\\/#\\\/schema\\\/logo\\\/image\\\/\"},\"sameAs\":[\"https:\\\/\\\/www.facebook.com\\\/profile.php?id=100008943462799\",\"https:\\\/\\\/x.com\\\/bellunopress\",\"https:\\\/\\\/www.linkedin.com\\\/hp\\\/?dnr=JBzUWaJfMUw8vbXJJ2tVW5-I3jZKvC4wsoxE&amp;amp;amp;amp;amp;amp;trk=nav_responsive_tab_home\",\"https:\\\/\\\/www.youtube.com\\\/channel\\\/UCxL0wu1uN0_3_7hGG0306cw\"]},{\"@type\":\"Person\",\"@id\":\"https:\\\/\\\/www.bellunopress.it\\\/#\\\/schema\\\/person\\\/79bb06722b37ece1c03d3e94beb30d73\",\"name\":\"redazione\",\"image\":{\"@type\":\"ImageObject\",\"inLanguage\":\"fr-FR\",\"@id\":\"https:\\\/\\\/secure.gravatar.com\\\/avatar\\\/37d968a2e67a6fd04c169c4bdef102d0bc5d31b2546345219e348575eb80e9a0?s=96&d=mm&r=g\",\"url\":\"https:\\\/\\\/secure.gravatar.com\\\/avatar\\\/37d968a2e67a6fd04c169c4bdef102d0bc5d31b2546345219e348575eb80e9a0?s=96&d=mm&r=g\",\"contentUrl\":\"https:\\\/\\\/secure.gravatar.com\\\/avatar\\\/37d968a2e67a6fd04c169c4bdef102d0bc5d31b2546345219e348575eb80e9a0?s=96&d=mm&r=g\",\"caption\":\"redazione\"},\"sameAs\":[\"http:\\\/\\\/www.bellunopress.it\",\"https:\\\/\\\/x.com\\\/bellunopress\"],\"url\":\"https:\\\/\\\/www.bellunopress.it\\\/fr\\\/author\\\/redazione\\\/\"}]}<\/script>\n<!-- \/ Yoast SEO plugin. -->","yoast_head_json":{"title":"Raccolta firme contro la chiusura degli uffici postali. C\u2019\u00e8 anche quella del presidente Bottacin - Bellunopress - Dolomiti","robots":{"index":"index","follow":"follow","max-snippet":"max-snippet:-1","max-image-preview":"max-image-preview:large","max-video-preview":"max-video-preview:-1"},"canonical":"https:\/\/www.bellunopress.it\/fr\/2009\/10\/27\/raccolta-firme-contro-la-chiusura-degli-uffici-postali-c\u2019e-anche-quella-del-presidente-bottacin\/","og_locale":"fr_FR","og_type":"article","og_title":"Raccolta firme contro la chiusura degli uffici postali. C\u2019\u00e8 anche quella del presidente Bottacin - Bellunopress - Dolomiti","og_description":"Vertice quest\u2019oggi (marted\u00ec 27) in Prefettura a Belluno per discutere della riduzione d\u2019orario di cinque uffici postali periferici in quattro comuni della provincia. Preoccupato il presidente Gianpaolo Bottacin: \u00abIniziare a garantire un mezzo servizio ai cittadini \u00e8 solo il preludio alla cancellazione totale dello stesso e noi non possiamo accettarlo\u00bb.\u00a0 All\u2019incontro di stamani a Belluno [&hellip;]","og_url":"https:\/\/www.bellunopress.it\/fr\/2009\/10\/27\/raccolta-firme-contro-la-chiusura-degli-uffici-postali-c\u2019e-anche-quella-del-presidente-bottacin\/","og_site_name":"Bellunopress - Dolomiti","article_publisher":"https:\/\/www.facebook.com\/profile.php?id=100008943462799","article_published_time":"2009-10-27T19:54:16+00:00","og_image":[{"url":"http:\/\/www.bellunopress.it\/wp-content\/uploads\/2009\/02\/poste-belluno.jpg","type":"","width":"","height":""}],"author":"redazione","twitter_card":"summary_large_image","twitter_creator":"@bellunopress","twitter_site":"@bellunopress","twitter_misc":{"\u00c9crit par":"redazione","Dur\u00e9e de lecture estim\u00e9e":"2 minutes"},"schema":{"@context":"https:\/\/schema.org","@graph":[{"@type":"Article","@id":"https:\/\/www.bellunopress.it\/2009\/10\/27\/raccolta-firme-contro-la-chiusura-degli-uffici-postali-c%e2%80%99e-anche-quella-del-presidente-bottacin\/#article","isPartOf":{"@id":"https:\/\/www.bellunopress.it\/2009\/10\/27\/raccolta-firme-contro-la-chiusura-degli-uffici-postali-c%e2%80%99e-anche-quella-del-presidente-bottacin\/"},"author":{"name":"redazione","@id":"https:\/\/www.bellunopress.it\/#\/schema\/person\/79bb06722b37ece1c03d3e94beb30d73"},"headline":"Raccolta firme contro la chiusura degli uffici postali. C\u2019\u00e8 anche quella del presidente Bottacin","datePublished":"2009-10-27T19:54:16+00:00","mainEntityOfPage":{"@id":"https:\/\/www.bellunopress.it\/2009\/10\/27\/raccolta-firme-contro-la-chiusura-degli-uffici-postali-c%e2%80%99e-anche-quella-del-presidente-bottacin\/"},"wordCount":350,"publisher":{"@id":"https:\/\/www.bellunopress.it\/#organization"},"image":{"@id":"https:\/\/www.bellunopress.it\/2009\/10\/27\/raccolta-firme-contro-la-chiusura-degli-uffici-postali-c%e2%80%99e-anche-quella-del-presidente-bottacin\/#primaryimage"},"thumbnailUrl":"http:\/\/www.bellunopress.it\/wp-content\/uploads\/2009\/02\/poste-belluno.jpg","keywords":["Belluno"],"articleSection":["Cronaca\/Politica"],"inLanguage":"fr-FR"},{"@type":"WebPage","@id":"https:\/\/www.bellunopress.it\/2009\/10\/27\/raccolta-firme-contro-la-chiusura-degli-uffici-postali-c%e2%80%99e-anche-quella-del-presidente-bottacin\/","url":"https:\/\/www.bellunopress.it\/2009\/10\/27\/raccolta-firme-contro-la-chiusura-degli-uffici-postali-c%e2%80%99e-anche-quella-del-presidente-bottacin\/","name":"Raccolta firme contro la chiusura degli uffici postali. C\u2019\u00e8 anche quella del presidente Bottacin - Bellunopress - Dolomiti","isPartOf":{"@id":"https:\/\/www.bellunopress.it\/#website"},"primaryImageOfPage":{"@id":"https:\/\/www.bellunopress.it\/2009\/10\/27\/raccolta-firme-contro-la-chiusura-degli-uffici-postali-c%e2%80%99e-anche-quella-del-presidente-bottacin\/#primaryimage"},"image":{"@id":"https:\/\/www.bellunopress.it\/2009\/10\/27\/raccolta-firme-contro-la-chiusura-degli-uffici-postali-c%e2%80%99e-anche-quella-del-presidente-bottacin\/#primaryimage"},"thumbnailUrl":"http:\/\/www.bellunopress.it\/wp-content\/uploads\/2009\/02\/poste-belluno.jpg","datePublished":"2009-10-27T19:54:16+00:00","breadcrumb":{"@id":"https:\/\/www.bellunopress.it\/2009\/10\/27\/raccolta-firme-contro-la-chiusura-degli-uffici-postali-c%e2%80%99e-anche-quella-del-presidente-bottacin\/#breadcrumb"},"inLanguage":"fr-FR","potentialAction":[{"@type":"ReadAction","target":["https:\/\/www.bellunopress.it\/2009\/10\/27\/raccolta-firme-contro-la-chiusura-degli-uffici-postali-c%e2%80%99e-anche-quella-del-presidente-bottacin\/"]}]},{"@type":"ImageObject","inLanguage":"fr-FR","@id":"https:\/\/www.bellunopress.it\/2009\/10\/27\/raccolta-firme-contro-la-chiusura-degli-uffici-postali-c%e2%80%99e-anche-quella-del-presidente-bottacin\/#primaryimage","url":"http:\/\/www.bellunopress.it\/wp-content\/uploads\/2009\/02\/poste-belluno.jpg","contentUrl":"http:\/\/www.bellunopress.it\/wp-content\/uploads\/2009\/02\/poste-belluno.jpg"},{"@type":"BreadcrumbList","@id":"https:\/\/www.bellunopress.it\/2009\/10\/27\/raccolta-firme-contro-la-chiusura-degli-uffici-postali-c%e2%80%99e-anche-quella-del-presidente-bottacin\/#breadcrumb","itemListElement":[{"@type":"ListItem","position":1,"name":"Home","item":"https:\/\/www.bellunopress.it\/"},{"@type":"ListItem","position":2,"name":"Raccolta firme contro la chiusura degli uffici postali. C\u2019\u00e8 anche quella del presidente Bottacin"}]},{"@type":"WebSite","@id":"https:\/\/www.bellunopress.it\/#website","url":"https:\/\/www.bellunopress.it\/","name":"Bellunopress - Dolomiti","description":"e-mail: redazione@bellunopress.it","publisher":{"@id":"https:\/\/www.bellunopress.it\/#organization"},"potentialAction":[{"@type":"SearchAction","target":{"@type":"EntryPoint","urlTemplate":"https:\/\/www.bellunopress.it\/?s={search_term_string}"},"query-input":{"@type":"PropertyValueSpecification","valueRequired":true,"valueName":"search_term_string"}}],"inLanguage":"fr-FR"},{"@type":"Organization","@id":"https:\/\/www.bellunopress.it\/#organization","name":"Bellunopress","url":"https:\/\/www.bellunopress.it\/","logo":{"@type":"ImageObject","inLanguage":"fr-FR","@id":"https:\/\/www.bellunopress.it\/#\/schema\/logo\/image\/","url":"https:\/\/www.bellunopress.it\/wp-content\/uploads\/2011\/05\/cropped-logo-bellunopress-.jpg","contentUrl":"https:\/\/www.bellunopress.it\/wp-content\/uploads\/2011\/05\/cropped-logo-bellunopress-.jpg","width":512,"height":512,"caption":"Bellunopress"},"image":{"@id":"https:\/\/www.bellunopress.it\/#\/schema\/logo\/image\/"},"sameAs":["https:\/\/www.facebook.com\/profile.php?id=100008943462799","https:\/\/x.com\/bellunopress","https:\/\/www.linkedin.com\/hp\/?dnr=JBzUWaJfMUw8vbXJJ2tVW5-I3jZKvC4wsoxE&amp;amp;amp;amp;amp;amp;trk=nav_responsive_tab_home","https:\/\/www.youtube.com\/channel\/UCxL0wu1uN0_3_7hGG0306cw"]},{"@type":"Person","@id":"https:\/\/www.bellunopress.it\/#\/schema\/person\/79bb06722b37ece1c03d3e94beb30d73","name":"r\u00e9daction","image":{"@type":"ImageObject","inLanguage":"fr-FR","@id":"https:\/\/secure.gravatar.com\/avatar\/37d968a2e67a6fd04c169c4bdef102d0bc5d31b2546345219e348575eb80e9a0?s=96&d=mm&r=g","url":"https:\/\/secure.gravatar.com\/avatar\/37d968a2e67a6fd04c169c4bdef102d0bc5d31b2546345219e348575eb80e9a0?s=96&d=mm&r=g","contentUrl":"https:\/\/secure.gravatar.com\/avatar\/37d968a2e67a6fd04c169c4bdef102d0bc5d31b2546345219e348575eb80e9a0?s=96&d=mm&r=g","caption":"redazione"},"sameAs":["http:\/\/www.bellunopress.it","https:\/\/x.com\/bellunopress"],"url":"https:\/\/www.bellunopress.it\/fr\/author\/redazione\/"}]}},"_links":{"self":[{"href":"https:\/\/www.bellunopress.it\/fr\/wp-json\/wp\/v2\/posts\/9203","targetHints":{"allow":["GET"]}}],"collection":[{"href":"https:\/\/www.bellunopress.it\/fr\/wp-json\/wp\/v2\/posts"}],"about":[{"href":"https:\/\/www.bellunopress.it\/fr\/wp-json\/wp\/v2\/types\/post"}],"author":[{"embeddable":true,"href":"https:\/\/www.bellunopress.it\/fr\/wp-json\/wp\/v2\/users\/2"}],"replies":[{"embeddable":true,"href":"https:\/\/www.bellunopress.it\/fr\/wp-json\/wp\/v2\/comments?post=9203"}],"version-history":[{"count":1,"href":"https:\/\/www.bellunopress.it\/fr\/wp-json\/wp\/v2\/posts\/9203\/revisions"}],"predecessor-version":[{"id":9204,"href":"https:\/\/www.bellunopress.it\/fr\/wp-json\/wp\/v2\/posts\/9203\/revisions\/9204"}],"wp:attachment":[{"href":"https:\/\/www.bellunopress.it\/fr\/wp-json\/wp\/v2\/media?parent=9203"}],"wp:term":[{"taxonomy":"category","embeddable":true,"href":"https:\/\/www.bellunopress.it\/fr\/wp-json\/wp\/v2\/categories?post=9203"},{"taxonomy":"post_tag","embeddable":true,"href":"https:\/\/www.bellunopress.it\/fr\/wp-json\/wp\/v2\/tags?post=9203"}],"curies":[{"name":"wp","href":"https:\/\/api.w.org\/{rel}","templated":true}]}}