{"id":9200,"date":"2009-10-27T20:43:19","date_gmt":"2009-10-27T19:43:19","guid":{"rendered":"http:\/\/www.bellunopress.it\/?p=9200"},"modified":"2009-10-27T20:43:19","modified_gmt":"2009-10-27T19:43:19","slug":"le-fiamme-gialle-individuano-18-discariche-abusive-nel-veneto","status":"publish","type":"post","link":"https:\/\/www.bellunopress.it\/fr\/2009\/10\/27\/le-fiamme-gialle-individuano-18-discariche-abusive-nel-veneto\/","title":{"rendered":"Le Fiamme gialle individuano 18 discariche abusive nel Veneto"},"content":{"rendered":"<p><a href=\"http:\/\/www.bellunopress.it\/wp-content\/uploads\/2009\/10\/guardia-di-finanza-tutela-ambientale.jpg\"><img loading=\"lazy\" decoding=\"async\" class=\"alignleft size-medium wp-image-9201\" title=\"guardia-di-finanza-tutela-ambientale\" src=\"http:\/\/www.bellunopress.it\/wp-content\/uploads\/2009\/10\/guardia-di-finanza-tutela-ambientale.jpg\" alt=\"\" width=\"130\" height=\"130\" \/><\/a>Sequestrate 18 porzioni di terreno, per oltre 39.000 metri quadrati, e svariate tonnellate di rifiuti altamente tossici, tra i quali figurano lastre di amianto, materiale plastico, batterie, autoveicoli e loro parti, pneumatici, oli lubrificanti esausti, elettrodomestici. Rilevate 41 violazioni alla vigente disciplina dettata dal \u201cCodice dell\u2019ambiente\u201d, delle quali 15 hanno comportato la segnalazione di altrettante persone alla Procura della Repubblica competente, che ora rischiano una pena dell\u2019arresto fino a due anni ed un\u2019ammenda fino a 26.000 euro. E&#8217; il risultato dell&#8217;accorta attivit\u00e0 di monitoraggio che i mezzi aerei e navali del Corpo del Comando Regionale Veneto svolgono ordinariamente, con sorvoli sul territorio e mediante navigazione lungo i litorali, ha dato, ancora una volta, i suoi frutti, consentendo l\u2019individuazione di numerosi siti, adibiti a discarica abusiva, ove sono \u201cstoccati\u201d rifiuti di ogni specie, anche di\u00a0 tipo \u201cspeciale\u201d, altamente inquinanti. E\u2019 proprio sulla scorta degli spunti investigativi originati dalla componente aeronavale del Corpo che si \u00e8 mossa la componente \u201cterritoriale\u201d della Guardia di Finanza del Veneto, diretta dal generale Mario D\u2019Alonzo, il quale ha coordinato un intervento congiunto presso tutte le aree in precedenza segnalate.\u00a0 Nelle province di Padova, Verona e Rovigo si sono realizzati gli interventi pi\u00f9 significativi. L\u2019operazione, condotta nei confronti di gestori legali e illegali di discariche e nei confronti di trasportatori di rifiuti, si pone l\u2019obiettivo di valorizzare appieno le prerogative di polizia economica e finanziaria del Corpo, anche mediante l\u2019esame della posizione fiscale dei soggetti coinvolti, in relazione ai proventi illeciti percepiti, che sono, comunque, da ricondurre a tassazione.\u00a0Il dispositivo aeronavale regionale svolge una costante azione di controllo sul territorio, sulle acque interne e sui litorali, raccordandosi costantemente con i reparti ordinari per l\u2019esecuzione degli interventi repressivi.<\/p>","protected":false},"excerpt":{"rendered":"<p>Sequestrate 18 porzioni di terreno, per oltre 39.000 metri quadrati, e svariate tonnellate di rifiuti altamente tossici, tra i quali figurano lastre di amianto, materiale plastico, batterie, autoveicoli e loro parti, pneumatici, oli lubrificanti esausti, elettrodomestici. Rilevate 41 violazioni alla vigente disciplina dettata dal \u201cCodice dell\u2019ambiente\u201d, delle quali 15 hanno comportato la segnalazione di altrettante [&hellip;]<\/p>\n","protected":false},"author":2,"featured_media":0,"comment_status":"closed","ping_status":"open","sticky":false,"template":"","format":"standard","meta":{"footnotes":""},"categories":[5,26],"tags":[139],"class_list":["post-9200","post","type-post","status-publish","format-standard","category-cronaca","category-prima-pagina","tag-belluno"],"yoast_head":"<!-- This site is optimized with the Yoast SEO plugin v28.4 - https:\/\/yoast.com\/product\/yoast-seo-wordpress\/ -->\n<title>Le Fiamme gialle individuano 18 discariche abusive nel Veneto - Bellunopress - Dolomiti<\/title>\n<meta name=\"robots\" content=\"index, follow, max-snippet:-1, max-image-preview:large, max-video-preview:-1\" \/>\n<link rel=\"canonical\" href=\"https:\/\/www.bellunopress.it\/fr\/2009\/10\/27\/le-fiamme-gialle-individuano-18-discariche-abusive-nel-veneto\/\" \/>\n<meta property=\"og:locale\" content=\"fr_FR\" \/>\n<meta property=\"og:type\" content=\"article\" \/>\n<meta property=\"og:title\" content=\"Le Fiamme gialle individuano 18 discariche abusive nel Veneto - Bellunopress - Dolomiti\" \/>\n<meta property=\"og:description\" content=\"Sequestrate 18 porzioni di terreno, per oltre 39.000 metri quadrati, e svariate tonnellate di rifiuti altamente tossici, tra i quali figurano lastre di amianto, materiale plastico, batterie, autoveicoli e loro parti, pneumatici, oli lubrificanti esausti, elettrodomestici. Rilevate 41 violazioni alla vigente disciplina dettata dal \u201cCodice dell\u2019ambiente\u201d, delle quali 15 hanno comportato la segnalazione di altrettante [&hellip;]\" \/>\n<meta property=\"og:url\" content=\"https:\/\/www.bellunopress.it\/fr\/2009\/10\/27\/le-fiamme-gialle-individuano-18-discariche-abusive-nel-veneto\/\" \/>\n<meta property=\"og:site_name\" content=\"Bellunopress - Dolomiti\" \/>\n<meta property=\"article:publisher\" content=\"https:\/\/www.facebook.com\/profile.php?id=100008943462799\" \/>\n<meta property=\"article:published_time\" content=\"2009-10-27T19:43:19+00:00\" \/>\n<meta property=\"og:image\" content=\"http:\/\/www.bellunopress.it\/wp-content\/uploads\/2009\/10\/guardia-di-finanza-tutela-ambientale.jpg\" \/>\n<meta name=\"author\" content=\"redazione\" \/>\n<meta name=\"twitter:card\" content=\"summary_large_image\" \/>\n<meta name=\"twitter:creator\" content=\"@bellunopress\" \/>\n<meta name=\"twitter:site\" content=\"@bellunopress\" \/>\n<meta name=\"twitter:label1\" content=\"\u00c9crit par\" \/>\n\t<meta name=\"twitter:data1\" content=\"redazione\" \/>\n\t<meta name=\"twitter:label2\" content=\"Dur\u00e9e de lecture estim\u00e9e\" \/>\n\t<meta name=\"twitter:data2\" content=\"1 minute\" \/>\n<script type=\"application\/ld+json\" class=\"yoast-schema-graph\">{\"@context\":\"https:\\\/\\\/schema.org\",\"@graph\":[{\"@type\":\"Article\",\"@id\":\"https:\\\/\\\/www.bellunopress.it\\\/2009\\\/10\\\/27\\\/le-fiamme-gialle-individuano-18-discariche-abusive-nel-veneto\\\/#article\",\"isPartOf\":{\"@id\":\"https:\\\/\\\/www.bellunopress.it\\\/2009\\\/10\\\/27\\\/le-fiamme-gialle-individuano-18-discariche-abusive-nel-veneto\\\/\"},\"author\":{\"name\":\"redazione\",\"@id\":\"https:\\\/\\\/www.bellunopress.it\\\/#\\\/schema\\\/person\\\/79bb06722b37ece1c03d3e94beb30d73\"},\"headline\":\"Le Fiamme gialle individuano 18 discariche abusive nel Veneto\",\"datePublished\":\"2009-10-27T19:43:19+00:00\",\"mainEntityOfPage\":{\"@id\":\"https:\\\/\\\/www.bellunopress.it\\\/2009\\\/10\\\/27\\\/le-fiamme-gialle-individuano-18-discariche-abusive-nel-veneto\\\/\"},\"wordCount\":293,\"publisher\":{\"@id\":\"https:\\\/\\\/www.bellunopress.it\\\/#organization\"},\"image\":{\"@id\":\"https:\\\/\\\/www.bellunopress.it\\\/2009\\\/10\\\/27\\\/le-fiamme-gialle-individuano-18-discariche-abusive-nel-veneto\\\/#primaryimage\"},\"thumbnailUrl\":\"http:\\\/\\\/www.bellunopress.it\\\/wp-content\\\/uploads\\\/2009\\\/10\\\/guardia-di-finanza-tutela-ambientale.jpg\",\"keywords\":[\"Belluno\"],\"articleSection\":[\"Cronaca\\\/Politica\",\"Prima Pagina\"],\"inLanguage\":\"fr-FR\"},{\"@type\":\"WebPage\",\"@id\":\"https:\\\/\\\/www.bellunopress.it\\\/2009\\\/10\\\/27\\\/le-fiamme-gialle-individuano-18-discariche-abusive-nel-veneto\\\/\",\"url\":\"https:\\\/\\\/www.bellunopress.it\\\/2009\\\/10\\\/27\\\/le-fiamme-gialle-individuano-18-discariche-abusive-nel-veneto\\\/\",\"name\":\"Le Fiamme gialle individuano 18 discariche abusive nel Veneto - Bellunopress - Dolomiti\",\"isPartOf\":{\"@id\":\"https:\\\/\\\/www.bellunopress.it\\\/#website\"},\"primaryImageOfPage\":{\"@id\":\"https:\\\/\\\/www.bellunopress.it\\\/2009\\\/10\\\/27\\\/le-fiamme-gialle-individuano-18-discariche-abusive-nel-veneto\\\/#primaryimage\"},\"image\":{\"@id\":\"https:\\\/\\\/www.bellunopress.it\\\/2009\\\/10\\\/27\\\/le-fiamme-gialle-individuano-18-discariche-abusive-nel-veneto\\\/#primaryimage\"},\"thumbnailUrl\":\"http:\\\/\\\/www.bellunopress.it\\\/wp-content\\\/uploads\\\/2009\\\/10\\\/guardia-di-finanza-tutela-ambientale.jpg\",\"datePublished\":\"2009-10-27T19:43:19+00:00\",\"breadcrumb\":{\"@id\":\"https:\\\/\\\/www.bellunopress.it\\\/2009\\\/10\\\/27\\\/le-fiamme-gialle-individuano-18-discariche-abusive-nel-veneto\\\/#breadcrumb\"},\"inLanguage\":\"fr-FR\",\"potentialAction\":[{\"@type\":\"ReadAction\",\"target\":[\"https:\\\/\\\/www.bellunopress.it\\\/2009\\\/10\\\/27\\\/le-fiamme-gialle-individuano-18-discariche-abusive-nel-veneto\\\/\"]}]},{\"@type\":\"ImageObject\",\"inLanguage\":\"fr-FR\",\"@id\":\"https:\\\/\\\/www.bellunopress.it\\\/2009\\\/10\\\/27\\\/le-fiamme-gialle-individuano-18-discariche-abusive-nel-veneto\\\/#primaryimage\",\"url\":\"http:\\\/\\\/www.bellunopress.it\\\/wp-content\\\/uploads\\\/2009\\\/10\\\/guardia-di-finanza-tutela-ambientale.jpg\",\"contentUrl\":\"http:\\\/\\\/www.bellunopress.it\\\/wp-content\\\/uploads\\\/2009\\\/10\\\/guardia-di-finanza-tutela-ambientale.jpg\"},{\"@type\":\"BreadcrumbList\",\"@id\":\"https:\\\/\\\/www.bellunopress.it\\\/2009\\\/10\\\/27\\\/le-fiamme-gialle-individuano-18-discariche-abusive-nel-veneto\\\/#breadcrumb\",\"itemListElement\":[{\"@type\":\"ListItem\",\"position\":1,\"name\":\"Home\",\"item\":\"https:\\\/\\\/www.bellunopress.it\\\/\"},{\"@type\":\"ListItem\",\"position\":2,\"name\":\"Le Fiamme gialle individuano 18 discariche abusive nel Veneto\"}]},{\"@type\":\"WebSite\",\"@id\":\"https:\\\/\\\/www.bellunopress.it\\\/#website\",\"url\":\"https:\\\/\\\/www.bellunopress.it\\\/\",\"name\":\"Bellunopress - Dolomiti\",\"description\":\"e-mail: redazione@bellunopress.it\",\"publisher\":{\"@id\":\"https:\\\/\\\/www.bellunopress.it\\\/#organization\"},\"potentialAction\":[{\"@type\":\"SearchAction\",\"target\":{\"@type\":\"EntryPoint\",\"urlTemplate\":\"https:\\\/\\\/www.bellunopress.it\\\/?s={search_term_string}\"},\"query-input\":{\"@type\":\"PropertyValueSpecification\",\"valueRequired\":true,\"valueName\":\"search_term_string\"}}],\"inLanguage\":\"fr-FR\"},{\"@type\":\"Organization\",\"@id\":\"https:\\\/\\\/www.bellunopress.it\\\/#organization\",\"name\":\"Bellunopress\",\"url\":\"https:\\\/\\\/www.bellunopress.it\\\/\",\"logo\":{\"@type\":\"ImageObject\",\"inLanguage\":\"fr-FR\",\"@id\":\"https:\\\/\\\/www.bellunopress.it\\\/#\\\/schema\\\/logo\\\/image\\\/\",\"url\":\"https:\\\/\\\/www.bellunopress.it\\\/wp-content\\\/uploads\\\/2011\\\/05\\\/cropped-logo-bellunopress-.jpg\",\"contentUrl\":\"https:\\\/\\\/www.bellunopress.it\\\/wp-content\\\/uploads\\\/2011\\\/05\\\/cropped-logo-bellunopress-.jpg\",\"width\":512,\"height\":512,\"caption\":\"Bellunopress\"},\"image\":{\"@id\":\"https:\\\/\\\/www.bellunopress.it\\\/#\\\/schema\\\/logo\\\/image\\\/\"},\"sameAs\":[\"https:\\\/\\\/www.facebook.com\\\/profile.php?id=100008943462799\",\"https:\\\/\\\/x.com\\\/bellunopress\",\"https:\\\/\\\/www.linkedin.com\\\/hp\\\/?dnr=JBzUWaJfMUw8vbXJJ2tVW5-I3jZKvC4wsoxE&amp;amp;amp;amp;amp;amp;trk=nav_responsive_tab_home\",\"https:\\\/\\\/www.youtube.com\\\/channel\\\/UCxL0wu1uN0_3_7hGG0306cw\"]},{\"@type\":\"Person\",\"@id\":\"https:\\\/\\\/www.bellunopress.it\\\/#\\\/schema\\\/person\\\/79bb06722b37ece1c03d3e94beb30d73\",\"name\":\"redazione\",\"image\":{\"@type\":\"ImageObject\",\"inLanguage\":\"fr-FR\",\"@id\":\"https:\\\/\\\/secure.gravatar.com\\\/avatar\\\/37d968a2e67a6fd04c169c4bdef102d0bc5d31b2546345219e348575eb80e9a0?s=96&d=mm&r=g\",\"url\":\"https:\\\/\\\/secure.gravatar.com\\\/avatar\\\/37d968a2e67a6fd04c169c4bdef102d0bc5d31b2546345219e348575eb80e9a0?s=96&d=mm&r=g\",\"contentUrl\":\"https:\\\/\\\/secure.gravatar.com\\\/avatar\\\/37d968a2e67a6fd04c169c4bdef102d0bc5d31b2546345219e348575eb80e9a0?s=96&d=mm&r=g\",\"caption\":\"redazione\"},\"sameAs\":[\"http:\\\/\\\/www.bellunopress.it\",\"https:\\\/\\\/x.com\\\/bellunopress\"],\"url\":\"https:\\\/\\\/www.bellunopress.it\\\/fr\\\/author\\\/redazione\\\/\"}]}<\/script>\n<!-- \/ Yoast SEO plugin. -->","yoast_head_json":{"title":"Le Fiamme gialle individuano 18 discariche abusive nel Veneto - Bellunopress - Dolomiti","robots":{"index":"index","follow":"follow","max-snippet":"max-snippet:-1","max-image-preview":"max-image-preview:large","max-video-preview":"max-video-preview:-1"},"canonical":"https:\/\/www.bellunopress.it\/fr\/2009\/10\/27\/le-fiamme-gialle-individuano-18-discariche-abusive-nel-veneto\/","og_locale":"fr_FR","og_type":"article","og_title":"Le Fiamme gialle individuano 18 discariche abusive nel Veneto - Bellunopress - Dolomiti","og_description":"Sequestrate 18 porzioni di terreno, per oltre 39.000 metri quadrati, e svariate tonnellate di rifiuti altamente tossici, tra i quali figurano lastre di amianto, materiale plastico, batterie, autoveicoli e loro parti, pneumatici, oli lubrificanti esausti, elettrodomestici. Rilevate 41 violazioni alla vigente disciplina dettata dal \u201cCodice dell\u2019ambiente\u201d, delle quali 15 hanno comportato la segnalazione di altrettante [&hellip;]","og_url":"https:\/\/www.bellunopress.it\/fr\/2009\/10\/27\/le-fiamme-gialle-individuano-18-discariche-abusive-nel-veneto\/","og_site_name":"Bellunopress - Dolomiti","article_publisher":"https:\/\/www.facebook.com\/profile.php?id=100008943462799","article_published_time":"2009-10-27T19:43:19+00:00","og_image":[{"url":"http:\/\/www.bellunopress.it\/wp-content\/uploads\/2009\/10\/guardia-di-finanza-tutela-ambientale.jpg","type":"","width":"","height":""}],"author":"redazione","twitter_card":"summary_large_image","twitter_creator":"@bellunopress","twitter_site":"@bellunopress","twitter_misc":{"\u00c9crit par":"redazione","Dur\u00e9e de lecture estim\u00e9e":"1 minute"},"schema":{"@context":"https:\/\/schema.org","@graph":[{"@type":"Article","@id":"https:\/\/www.bellunopress.it\/2009\/10\/27\/le-fiamme-gialle-individuano-18-discariche-abusive-nel-veneto\/#article","isPartOf":{"@id":"https:\/\/www.bellunopress.it\/2009\/10\/27\/le-fiamme-gialle-individuano-18-discariche-abusive-nel-veneto\/"},"author":{"name":"redazione","@id":"https:\/\/www.bellunopress.it\/#\/schema\/person\/79bb06722b37ece1c03d3e94beb30d73"},"headline":"Le Fiamme gialle individuano 18 discariche abusive nel Veneto","datePublished":"2009-10-27T19:43:19+00:00","mainEntityOfPage":{"@id":"https:\/\/www.bellunopress.it\/2009\/10\/27\/le-fiamme-gialle-individuano-18-discariche-abusive-nel-veneto\/"},"wordCount":293,"publisher":{"@id":"https:\/\/www.bellunopress.it\/#organization"},"image":{"@id":"https:\/\/www.bellunopress.it\/2009\/10\/27\/le-fiamme-gialle-individuano-18-discariche-abusive-nel-veneto\/#primaryimage"},"thumbnailUrl":"http:\/\/www.bellunopress.it\/wp-content\/uploads\/2009\/10\/guardia-di-finanza-tutela-ambientale.jpg","keywords":["Belluno"],"articleSection":["Cronaca\/Politica","Prima Pagina"],"inLanguage":"fr-FR"},{"@type":"WebPage","@id":"https:\/\/www.bellunopress.it\/2009\/10\/27\/le-fiamme-gialle-individuano-18-discariche-abusive-nel-veneto\/","url":"https:\/\/www.bellunopress.it\/2009\/10\/27\/le-fiamme-gialle-individuano-18-discariche-abusive-nel-veneto\/","name":"Le Fiamme gialle individuano 18 discariche abusive nel Veneto - Bellunopress - Dolomiti","isPartOf":{"@id":"https:\/\/www.bellunopress.it\/#website"},"primaryImageOfPage":{"@id":"https:\/\/www.bellunopress.it\/2009\/10\/27\/le-fiamme-gialle-individuano-18-discariche-abusive-nel-veneto\/#primaryimage"},"image":{"@id":"https:\/\/www.bellunopress.it\/2009\/10\/27\/le-fiamme-gialle-individuano-18-discariche-abusive-nel-veneto\/#primaryimage"},"thumbnailUrl":"http:\/\/www.bellunopress.it\/wp-content\/uploads\/2009\/10\/guardia-di-finanza-tutela-ambientale.jpg","datePublished":"2009-10-27T19:43:19+00:00","breadcrumb":{"@id":"https:\/\/www.bellunopress.it\/2009\/10\/27\/le-fiamme-gialle-individuano-18-discariche-abusive-nel-veneto\/#breadcrumb"},"inLanguage":"fr-FR","potentialAction":[{"@type":"ReadAction","target":["https:\/\/www.bellunopress.it\/2009\/10\/27\/le-fiamme-gialle-individuano-18-discariche-abusive-nel-veneto\/"]}]},{"@type":"ImageObject","inLanguage":"fr-FR","@id":"https:\/\/www.bellunopress.it\/2009\/10\/27\/le-fiamme-gialle-individuano-18-discariche-abusive-nel-veneto\/#primaryimage","url":"http:\/\/www.bellunopress.it\/wp-content\/uploads\/2009\/10\/guardia-di-finanza-tutela-ambientale.jpg","contentUrl":"http:\/\/www.bellunopress.it\/wp-content\/uploads\/2009\/10\/guardia-di-finanza-tutela-ambientale.jpg"},{"@type":"BreadcrumbList","@id":"https:\/\/www.bellunopress.it\/2009\/10\/27\/le-fiamme-gialle-individuano-18-discariche-abusive-nel-veneto\/#breadcrumb","itemListElement":[{"@type":"ListItem","position":1,"name":"Home","item":"https:\/\/www.bellunopress.it\/"},{"@type":"ListItem","position":2,"name":"Le Fiamme gialle individuano 18 discariche abusive nel Veneto"}]},{"@type":"WebSite","@id":"https:\/\/www.bellunopress.it\/#website","url":"https:\/\/www.bellunopress.it\/","name":"Bellunopress - Dolomiti","description":"e-mail: redazione@bellunopress.it","publisher":{"@id":"https:\/\/www.bellunopress.it\/#organization"},"potentialAction":[{"@type":"SearchAction","target":{"@type":"EntryPoint","urlTemplate":"https:\/\/www.bellunopress.it\/?s={search_term_string}"},"query-input":{"@type":"PropertyValueSpecification","valueRequired":true,"valueName":"search_term_string"}}],"inLanguage":"fr-FR"},{"@type":"Organization","@id":"https:\/\/www.bellunopress.it\/#organization","name":"Bellunopress","url":"https:\/\/www.bellunopress.it\/","logo":{"@type":"ImageObject","inLanguage":"fr-FR","@id":"https:\/\/www.bellunopress.it\/#\/schema\/logo\/image\/","url":"https:\/\/www.bellunopress.it\/wp-content\/uploads\/2011\/05\/cropped-logo-bellunopress-.jpg","contentUrl":"https:\/\/www.bellunopress.it\/wp-content\/uploads\/2011\/05\/cropped-logo-bellunopress-.jpg","width":512,"height":512,"caption":"Bellunopress"},"image":{"@id":"https:\/\/www.bellunopress.it\/#\/schema\/logo\/image\/"},"sameAs":["https:\/\/www.facebook.com\/profile.php?id=100008943462799","https:\/\/x.com\/bellunopress","https:\/\/www.linkedin.com\/hp\/?dnr=JBzUWaJfMUw8vbXJJ2tVW5-I3jZKvC4wsoxE&amp;amp;amp;amp;amp;amp;trk=nav_responsive_tab_home","https:\/\/www.youtube.com\/channel\/UCxL0wu1uN0_3_7hGG0306cw"]},{"@type":"Person","@id":"https:\/\/www.bellunopress.it\/#\/schema\/person\/79bb06722b37ece1c03d3e94beb30d73","name":"r\u00e9daction","image":{"@type":"ImageObject","inLanguage":"fr-FR","@id":"https:\/\/secure.gravatar.com\/avatar\/37d968a2e67a6fd04c169c4bdef102d0bc5d31b2546345219e348575eb80e9a0?s=96&d=mm&r=g","url":"https:\/\/secure.gravatar.com\/avatar\/37d968a2e67a6fd04c169c4bdef102d0bc5d31b2546345219e348575eb80e9a0?s=96&d=mm&r=g","contentUrl":"https:\/\/secure.gravatar.com\/avatar\/37d968a2e67a6fd04c169c4bdef102d0bc5d31b2546345219e348575eb80e9a0?s=96&d=mm&r=g","caption":"redazione"},"sameAs":["http:\/\/www.bellunopress.it","https:\/\/x.com\/bellunopress"],"url":"https:\/\/www.bellunopress.it\/fr\/author\/redazione\/"}]}},"_links":{"self":[{"href":"https:\/\/www.bellunopress.it\/fr\/wp-json\/wp\/v2\/posts\/9200","targetHints":{"allow":["GET"]}}],"collection":[{"href":"https:\/\/www.bellunopress.it\/fr\/wp-json\/wp\/v2\/posts"}],"about":[{"href":"https:\/\/www.bellunopress.it\/fr\/wp-json\/wp\/v2\/types\/post"}],"author":[{"embeddable":true,"href":"https:\/\/www.bellunopress.it\/fr\/wp-json\/wp\/v2\/users\/2"}],"replies":[{"embeddable":true,"href":"https:\/\/www.bellunopress.it\/fr\/wp-json\/wp\/v2\/comments?post=9200"}],"version-history":[{"count":1,"href":"https:\/\/www.bellunopress.it\/fr\/wp-json\/wp\/v2\/posts\/9200\/revisions"}],"predecessor-version":[{"id":9202,"href":"https:\/\/www.bellunopress.it\/fr\/wp-json\/wp\/v2\/posts\/9200\/revisions\/9202"}],"wp:attachment":[{"href":"https:\/\/www.bellunopress.it\/fr\/wp-json\/wp\/v2\/media?parent=9200"}],"wp:term":[{"taxonomy":"category","embeddable":true,"href":"https:\/\/www.bellunopress.it\/fr\/wp-json\/wp\/v2\/categories?post=9200"},{"taxonomy":"post_tag","embeddable":true,"href":"https:\/\/www.bellunopress.it\/fr\/wp-json\/wp\/v2\/tags?post=9200"}],"curies":[{"name":"wp","href":"https:\/\/api.w.org\/{rel}","templated":true}]}}