{"id":91790,"date":"2017-12-27T21:56:27","date_gmt":"2017-12-27T20:56:27","guid":{"rendered":"http:\/\/www.bellunopress.it\/?p=91790"},"modified":"2017-12-29T22:03:42","modified_gmt":"2017-12-29T21:03:42","slug":"walter-resentera-il-ritratto-di-unepoca-italiana-venerdi-alla-galleria-rizzarda-di-feltre","status":"publish","type":"post","link":"https:\/\/www.bellunopress.it\/fr\/2017\/12\/27\/walter-resentera-il-ritratto-di-unepoca-italiana-venerdi-alla-galleria-rizzarda-di-feltre\/","title":{"rendered":"Walter Resentera: il ritratto di un&#8217;epoca italiana. Venerd\u00ec ore 17 al Teatro La Sena poi alla Galleria Rizzarda di Feltre\u00a0"},"content":{"rendered":"<p>L&#8217;Amministrazione Comunale di Feltre\u00a0 dedica a Walter Resentera (Seren del Grappa 1907-Schio 1995) la mostra che si inaugurer\u00e0 venerd\u00ec 29 dicembre\u00a0alle 17.00 nel Teatro de La Sena con gli interventi del sindaco Paolo Perenzin, dell&#8217;Assessore alla Cultura Alessandro Del Bianco, della curatrice Tiziana Casagrande, dell&#8217;architetto allestitore Giuliana Zanella e di Michela Tessari, autrice di un saggio in catalogo, che introdurr\u00e0 il video sulla pittura murale realizzato di Matteo Meldolesi. Seguir\u00e0 la visita alla mostra nella Galleria d&#8217;arte moderna \u00abCarlo Rizzarda\u00bb.<\/p>\n<figure id=\"attachment_91791\" aria-describedby=\"caption-attachment-91791\" style=\"width: 300px\" class=\"wp-caption alignleft\"><a href=\"http:\/\/www.bellunopress.it\/fr\/2017\/12\/27\/walter-resentera-il-ritratto-di-unepoca-italiana-venerdi-alla-galleria-rizzarda-di-feltre\/galleria-darte-moderna-rizzarda-feltre\/\" rel=\"attachment wp-att-91791\"><img loading=\"lazy\" decoding=\"async\" class=\"size-full wp-image-91791\" src=\"http:\/\/www.bellunopress.it\/wp-content\/uploads\/2017\/12\/galleria-darte-moderna-rizzarda-feltre.jpg\" alt=\"\" width=\"300\" height=\"218\" \/><\/a><figcaption id=\"caption-attachment-91791\" class=\"wp-caption-text\"><strong>Galleria d&#8217;arte moderna &#8220;Carlo Rizzarda&#8221; &#8211; Feltre<\/strong><\/figcaption><\/figure>\n<p>Per la riuscita della mostra sono stati fondamentali la donazione alla Galleria di un cospicuo fondo di disegni ed opere da parte di Gian Paolo Resentera, nipote dell&#8217;artista, e la collaborazione del Museo Nazionale Collezione Salce di Treviso.<\/p>\n<p>Suddivisa in 8 sezioni che rendono giustizia alla figura dell&#8217;artista feltrino, collocandolo nel giusto rilievo nazionale, la mostra illustra gli aspetti pi\u00f9 significativi della sua personalit\u00e0 e della sua rete di relazioni: pittura murale, illustrazione e cartellonistica, oltre al difficile rapporto con il suo mentore Dudovich, ripercorrendo attraverso le opere il periodo storico tra gli anni &#8217;30 e &#8217;50 e delineando il ritratto di un&#8217;epoca.<\/p>\n<p>Esplorando l&#8217;ampio panorama artistico dedicato alla pittura celebrativa murale, che ha coinvolto buona parte della produzione di Resentera, una sezione della mostra \u00e8 dedicata ai grandi modelli della pittura murale di cui propone opere di importanza nazionale e di grandi dimensioni. Di Achille Funi viene esposto lo studio per l&#8217; Allegoria delle Trattative Commerciali, trasposto ad affresco per la sede milanese del Banco di Roma, gli fa da contraltare l&#8217;olio su tela Concerto, appartenente all&#8217;omonima serie di Massimo Campigli, tema sul quale aveva realizzato il bozzetto per il Teatro E42 di Roma. Conclude la carrellata di grandi opera il Grande bozzetto per il mosaico l&#8217;Italia corporativa, di Mario Sironi che viene esposto per la prima volta in Veneto.<\/p>\n<p>L&#8217;obiettivo principale dell&#8217;esposizione feltrina \u00e8 soprattutto quello di mettere in rilievo l&#8217;ecletticit\u00e0 di un artista che \u00e8 stato non solo testimone, ma anche protagonista di un&#8217;epoca storica italiana nella quale arte e contesto storico-politico erano allineate in una sorta di simbiosi creativa. Si pensi, ad esempio, alla produzione cartellonistica del ventennio fascista, in cui il tratto grafico, chiaroscuri ed impostazione volumetrica, contribuivano a consolidare e far nascere un&#8217;estetica di regime. Copiosa anche la produzione che Resentera dedicher\u00e0 alla cartellonistica pubblicitaria, agli albori delle operazioni di marketing di un&#8217; Italia degli anni &#8217;30 che si affacciava al commercio di massa, attraverso il lancio della prima grafica pubblicitaria italiana.<\/p>\n<p>Il percorso nella cartellonistica della mostra feltrina espone rarissimi pezzi dell&#8217;arte di Resentera sia pubblicitari- manifesti di Borsalino, Carlo Erba, Ital Rayon- sia celebrativi quali il manifesto dedicato all&#8217;Asse Roma-Berlino, quello della Festa delle Legioni e il cartellone Uaddan Hotel-Casino Tripoli d&#8217;Affrica, espressione del colonialismo di regime.<\/p>\n<p>Nella valutazione del percorso artistico di Resentera cartellonista \u00e8 spontaneo il paragone con uno stile e un timbro artistico sinergici ad una propaganda di regime che faceva del gigantismo una grancassa per il suo operato, e della comunicazione uno strumento importante per l&#8217;affiliazione politica. Tuttavia, come diceva Sironi : \u201cL\u2019arte non ha bisogno di riuscire simpatica, ma esige grandezza\u00bb e quindi, prescindendo dallo scopo di certa produzione del ventennio fascista di Resentera, dobbiamo soffermarci solo ed unicamente sulla sua grandezza artistica e sul suo respiro creativo.<\/p>\n<p>La mostra, visitabile dal 30 dicembre 2017 al 29 aprile 2018, propone l&#8217;istantanea di un&#8217;epoca storica, in particolare il periodo a cavallo tra gli anni &#8217;30 e &#8217;40.<\/p>\n<p>Orari: dal marted\u00ec alla domenica, 10.30-12.30 e 15.00-18.00. Biglietti: intero \u20ac 5, ridotto \u20ac 3. Maggiori informazioni e tutti i dettagli della mostra a questo link. Per la presentazione in Teatro posti limitati: \u00e8 necessaria la prenotazione allo 0439\/885242.<\/p>\n<p>&nbsp;<\/p>","protected":false},"excerpt":{"rendered":"<p>L&#8217;Amministrazione Comunale di Feltre\u00a0 dedica a Walter Resentera (Seren del Grappa 1907-Schio 1995) la mostra che si inaugurer\u00e0 venerd\u00ec 29 dicembre\u00a0alle 17.00 nel Teatro de La Sena con gli interventi del sindaco Paolo Perenzin, dell&#8217;Assessore alla Cultura Alessandro Del Bianco, della curatrice Tiziana Casagrande, dell&#8217;architetto allestitore Giuliana Zanella e di Michela Tessari, autrice di un [&hellip;]<\/p>\n","protected":false},"author":2,"featured_media":0,"comment_status":"closed","ping_status":"open","sticky":false,"template":"","format":"standard","meta":{"footnotes":""},"categories":[3],"tags":[],"class_list":["post-91790","post","type-post","status-publish","format-standard","category-arte-cultura-spettacoli-scienza-archivi"],"yoast_head":"<!-- This site is optimized with the Yoast SEO plugin v28.4 - https:\/\/yoast.com\/product\/yoast-seo-wordpress\/ -->\n<title>Walter Resentera: il ritratto di un&#039;epoca italiana. Venerd\u00ec ore 17 al Teatro La Sena poi alla Galleria Rizzarda di Feltre\u00a0 - Bellunopress - Dolomiti<\/title>\n<meta name=\"robots\" content=\"index, follow, max-snippet:-1, max-image-preview:large, max-video-preview:-1\" \/>\n<link rel=\"canonical\" href=\"https:\/\/www.bellunopress.it\/fr\/2017\/12\/27\/walter-resentera-il-ritratto-di-unepoca-italiana-venerdi-alla-galleria-rizzarda-di-feltre\/\" \/>\n<meta property=\"og:locale\" content=\"fr_FR\" \/>\n<meta property=\"og:type\" content=\"article\" \/>\n<meta property=\"og:title\" content=\"Walter Resentera: il ritratto di un&#039;epoca italiana. Venerd\u00ec ore 17 al Teatro La Sena poi alla Galleria Rizzarda di Feltre\u00a0 - Bellunopress - Dolomiti\" \/>\n<meta property=\"og:description\" content=\"L&#8217;Amministrazione Comunale di Feltre\u00a0 dedica a Walter Resentera (Seren del Grappa 1907-Schio 1995) la mostra che si inaugurer\u00e0 venerd\u00ec 29 dicembre\u00a0alle 17.00 nel Teatro de La Sena con gli interventi del sindaco Paolo Perenzin, dell&#8217;Assessore alla Cultura Alessandro Del Bianco, della curatrice Tiziana Casagrande, dell&#8217;architetto allestitore Giuliana Zanella e di Michela Tessari, autrice di un [&hellip;]\" \/>\n<meta property=\"og:url\" content=\"https:\/\/www.bellunopress.it\/fr\/2017\/12\/27\/walter-resentera-il-ritratto-di-unepoca-italiana-venerdi-alla-galleria-rizzarda-di-feltre\/\" \/>\n<meta property=\"og:site_name\" content=\"Bellunopress - Dolomiti\" \/>\n<meta property=\"article:publisher\" content=\"https:\/\/www.facebook.com\/profile.php?id=100008943462799\" \/>\n<meta property=\"article:published_time\" content=\"2017-12-27T20:56:27+00:00\" \/>\n<meta property=\"article:modified_time\" content=\"2017-12-29T21:03:42+00:00\" \/>\n<meta property=\"og:image\" content=\"http:\/\/www.bellunopress.it\/wp-content\/uploads\/2017\/12\/galleria-darte-moderna-rizzarda-feltre.jpg\" \/>\n<meta name=\"author\" content=\"redazione\" \/>\n<meta name=\"twitter:card\" content=\"summary_large_image\" \/>\n<meta name=\"twitter:creator\" content=\"@bellunopress\" \/>\n<meta name=\"twitter:site\" content=\"@bellunopress\" \/>\n<meta name=\"twitter:label1\" content=\"\u00c9crit par\" \/>\n\t<meta name=\"twitter:data1\" content=\"redazione\" \/>\n\t<meta name=\"twitter:label2\" content=\"Dur\u00e9e de lecture estim\u00e9e\" \/>\n\t<meta name=\"twitter:data2\" content=\"3 minutes\" \/>\n<script type=\"application\/ld+json\" class=\"yoast-schema-graph\">{\"@context\":\"https:\\\/\\\/schema.org\",\"@graph\":[{\"@type\":\"Article\",\"@id\":\"https:\\\/\\\/www.bellunopress.it\\\/2017\\\/12\\\/27\\\/walter-resentera-il-ritratto-di-unepoca-italiana-venerdi-alla-galleria-rizzarda-di-feltre\\\/#article\",\"isPartOf\":{\"@id\":\"https:\\\/\\\/www.bellunopress.it\\\/2017\\\/12\\\/27\\\/walter-resentera-il-ritratto-di-unepoca-italiana-venerdi-alla-galleria-rizzarda-di-feltre\\\/\"},\"author\":{\"name\":\"redazione\",\"@id\":\"https:\\\/\\\/www.bellunopress.it\\\/#\\\/schema\\\/person\\\/79bb06722b37ece1c03d3e94beb30d73\"},\"headline\":\"Walter Resentera: il ritratto di un&#8217;epoca italiana. Venerd\u00ec ore 17 al Teatro La Sena poi alla Galleria Rizzarda di Feltre\u00a0\",\"datePublished\":\"2017-12-27T20:56:27+00:00\",\"dateModified\":\"2017-12-29T21:03:42+00:00\",\"mainEntityOfPage\":{\"@id\":\"https:\\\/\\\/www.bellunopress.it\\\/2017\\\/12\\\/27\\\/walter-resentera-il-ritratto-di-unepoca-italiana-venerdi-alla-galleria-rizzarda-di-feltre\\\/\"},\"wordCount\":644,\"publisher\":{\"@id\":\"https:\\\/\\\/www.bellunopress.it\\\/#organization\"},\"image\":{\"@id\":\"https:\\\/\\\/www.bellunopress.it\\\/2017\\\/12\\\/27\\\/walter-resentera-il-ritratto-di-unepoca-italiana-venerdi-alla-galleria-rizzarda-di-feltre\\\/#primaryimage\"},\"thumbnailUrl\":\"http:\\\/\\\/www.bellunopress.it\\\/wp-content\\\/uploads\\\/2017\\\/12\\\/galleria-darte-moderna-rizzarda-feltre.jpg\",\"articleSection\":[\"Arte, Cultura, Spettacoli, Scienza\"],\"inLanguage\":\"fr-FR\"},{\"@type\":\"WebPage\",\"@id\":\"https:\\\/\\\/www.bellunopress.it\\\/2017\\\/12\\\/27\\\/walter-resentera-il-ritratto-di-unepoca-italiana-venerdi-alla-galleria-rizzarda-di-feltre\\\/\",\"url\":\"https:\\\/\\\/www.bellunopress.it\\\/2017\\\/12\\\/27\\\/walter-resentera-il-ritratto-di-unepoca-italiana-venerdi-alla-galleria-rizzarda-di-feltre\\\/\",\"name\":\"Walter Resentera: il ritratto di un'epoca italiana. Venerd\u00ec ore 17 al Teatro La Sena poi alla Galleria Rizzarda di Feltre\u00a0 - Bellunopress - Dolomiti\",\"isPartOf\":{\"@id\":\"https:\\\/\\\/www.bellunopress.it\\\/#website\"},\"primaryImageOfPage\":{\"@id\":\"https:\\\/\\\/www.bellunopress.it\\\/2017\\\/12\\\/27\\\/walter-resentera-il-ritratto-di-unepoca-italiana-venerdi-alla-galleria-rizzarda-di-feltre\\\/#primaryimage\"},\"image\":{\"@id\":\"https:\\\/\\\/www.bellunopress.it\\\/2017\\\/12\\\/27\\\/walter-resentera-il-ritratto-di-unepoca-italiana-venerdi-alla-galleria-rizzarda-di-feltre\\\/#primaryimage\"},\"thumbnailUrl\":\"http:\\\/\\\/www.bellunopress.it\\\/wp-content\\\/uploads\\\/2017\\\/12\\\/galleria-darte-moderna-rizzarda-feltre.jpg\",\"datePublished\":\"2017-12-27T20:56:27+00:00\",\"dateModified\":\"2017-12-29T21:03:42+00:00\",\"breadcrumb\":{\"@id\":\"https:\\\/\\\/www.bellunopress.it\\\/2017\\\/12\\\/27\\\/walter-resentera-il-ritratto-di-unepoca-italiana-venerdi-alla-galleria-rizzarda-di-feltre\\\/#breadcrumb\"},\"inLanguage\":\"fr-FR\",\"potentialAction\":[{\"@type\":\"ReadAction\",\"target\":[\"https:\\\/\\\/www.bellunopress.it\\\/2017\\\/12\\\/27\\\/walter-resentera-il-ritratto-di-unepoca-italiana-venerdi-alla-galleria-rizzarda-di-feltre\\\/\"]}]},{\"@type\":\"ImageObject\",\"inLanguage\":\"fr-FR\",\"@id\":\"https:\\\/\\\/www.bellunopress.it\\\/2017\\\/12\\\/27\\\/walter-resentera-il-ritratto-di-unepoca-italiana-venerdi-alla-galleria-rizzarda-di-feltre\\\/#primaryimage\",\"url\":\"http:\\\/\\\/www.bellunopress.it\\\/wp-content\\\/uploads\\\/2017\\\/12\\\/galleria-darte-moderna-rizzarda-feltre.jpg\",\"contentUrl\":\"http:\\\/\\\/www.bellunopress.it\\\/wp-content\\\/uploads\\\/2017\\\/12\\\/galleria-darte-moderna-rizzarda-feltre.jpg\"},{\"@type\":\"BreadcrumbList\",\"@id\":\"https:\\\/\\\/www.bellunopress.it\\\/2017\\\/12\\\/27\\\/walter-resentera-il-ritratto-di-unepoca-italiana-venerdi-alla-galleria-rizzarda-di-feltre\\\/#breadcrumb\",\"itemListElement\":[{\"@type\":\"ListItem\",\"position\":1,\"name\":\"Home\",\"item\":\"https:\\\/\\\/www.bellunopress.it\\\/\"},{\"@type\":\"ListItem\",\"position\":2,\"name\":\"Walter Resentera: il ritratto di un&#8217;epoca italiana. Venerd\u00ec ore 17 al Teatro La Sena poi alla Galleria Rizzarda di Feltre\u00a0\"}]},{\"@type\":\"WebSite\",\"@id\":\"https:\\\/\\\/www.bellunopress.it\\\/#website\",\"url\":\"https:\\\/\\\/www.bellunopress.it\\\/\",\"name\":\"Bellunopress - Dolomiti\",\"description\":\"e-mail: redazione@bellunopress.it\",\"publisher\":{\"@id\":\"https:\\\/\\\/www.bellunopress.it\\\/#organization\"},\"potentialAction\":[{\"@type\":\"SearchAction\",\"target\":{\"@type\":\"EntryPoint\",\"urlTemplate\":\"https:\\\/\\\/www.bellunopress.it\\\/?s={search_term_string}\"},\"query-input\":{\"@type\":\"PropertyValueSpecification\",\"valueRequired\":true,\"valueName\":\"search_term_string\"}}],\"inLanguage\":\"fr-FR\"},{\"@type\":\"Organization\",\"@id\":\"https:\\\/\\\/www.bellunopress.it\\\/#organization\",\"name\":\"Bellunopress\",\"url\":\"https:\\\/\\\/www.bellunopress.it\\\/\",\"logo\":{\"@type\":\"ImageObject\",\"inLanguage\":\"fr-FR\",\"@id\":\"https:\\\/\\\/www.bellunopress.it\\\/#\\\/schema\\\/logo\\\/image\\\/\",\"url\":\"https:\\\/\\\/www.bellunopress.it\\\/wp-content\\\/uploads\\\/2011\\\/05\\\/cropped-logo-bellunopress-.jpg\",\"contentUrl\":\"https:\\\/\\\/www.bellunopress.it\\\/wp-content\\\/uploads\\\/2011\\\/05\\\/cropped-logo-bellunopress-.jpg\",\"width\":512,\"height\":512,\"caption\":\"Bellunopress\"},\"image\":{\"@id\":\"https:\\\/\\\/www.bellunopress.it\\\/#\\\/schema\\\/logo\\\/image\\\/\"},\"sameAs\":[\"https:\\\/\\\/www.facebook.com\\\/profile.php?id=100008943462799\",\"https:\\\/\\\/x.com\\\/bellunopress\",\"https:\\\/\\\/www.linkedin.com\\\/hp\\\/?dnr=JBzUWaJfMUw8vbXJJ2tVW5-I3jZKvC4wsoxE&amp;amp;amp;amp;amp;amp;trk=nav_responsive_tab_home\",\"https:\\\/\\\/www.youtube.com\\\/channel\\\/UCxL0wu1uN0_3_7hGG0306cw\"]},{\"@type\":\"Person\",\"@id\":\"https:\\\/\\\/www.bellunopress.it\\\/#\\\/schema\\\/person\\\/79bb06722b37ece1c03d3e94beb30d73\",\"name\":\"redazione\",\"image\":{\"@type\":\"ImageObject\",\"inLanguage\":\"fr-FR\",\"@id\":\"https:\\\/\\\/secure.gravatar.com\\\/avatar\\\/37d968a2e67a6fd04c169c4bdef102d0bc5d31b2546345219e348575eb80e9a0?s=96&d=mm&r=g\",\"url\":\"https:\\\/\\\/secure.gravatar.com\\\/avatar\\\/37d968a2e67a6fd04c169c4bdef102d0bc5d31b2546345219e348575eb80e9a0?s=96&d=mm&r=g\",\"contentUrl\":\"https:\\\/\\\/secure.gravatar.com\\\/avatar\\\/37d968a2e67a6fd04c169c4bdef102d0bc5d31b2546345219e348575eb80e9a0?s=96&d=mm&r=g\",\"caption\":\"redazione\"},\"sameAs\":[\"http:\\\/\\\/www.bellunopress.it\",\"https:\\\/\\\/x.com\\\/bellunopress\"],\"url\":\"https:\\\/\\\/www.bellunopress.it\\\/fr\\\/author\\\/redazione\\\/\"}]}<\/script>\n<!-- \/ Yoast SEO plugin. -->","yoast_head_json":{"title":"Walter Resentera: il ritratto di un'epoca italiana. Venerd\u00ec ore 17 al Teatro La Sena poi alla Galleria Rizzarda di Feltre\u00a0 - Bellunopress - Dolomiti","robots":{"index":"index","follow":"follow","max-snippet":"max-snippet:-1","max-image-preview":"max-image-preview:large","max-video-preview":"max-video-preview:-1"},"canonical":"https:\/\/www.bellunopress.it\/fr\/2017\/12\/27\/walter-resentera-il-ritratto-di-unepoca-italiana-venerdi-alla-galleria-rizzarda-di-feltre\/","og_locale":"fr_FR","og_type":"article","og_title":"Walter Resentera: il ritratto di un'epoca italiana. Venerd\u00ec ore 17 al Teatro La Sena poi alla Galleria Rizzarda di Feltre\u00a0 - Bellunopress - Dolomiti","og_description":"L&#8217;Amministrazione Comunale di Feltre\u00a0 dedica a Walter Resentera (Seren del Grappa 1907-Schio 1995) la mostra che si inaugurer\u00e0 venerd\u00ec 29 dicembre\u00a0alle 17.00 nel Teatro de La Sena con gli interventi del sindaco Paolo Perenzin, dell&#8217;Assessore alla Cultura Alessandro Del Bianco, della curatrice Tiziana Casagrande, dell&#8217;architetto allestitore Giuliana Zanella e di Michela Tessari, autrice di un [&hellip;]","og_url":"https:\/\/www.bellunopress.it\/fr\/2017\/12\/27\/walter-resentera-il-ritratto-di-unepoca-italiana-venerdi-alla-galleria-rizzarda-di-feltre\/","og_site_name":"Bellunopress - Dolomiti","article_publisher":"https:\/\/www.facebook.com\/profile.php?id=100008943462799","article_published_time":"2017-12-27T20:56:27+00:00","article_modified_time":"2017-12-29T21:03:42+00:00","og_image":[{"url":"http:\/\/www.bellunopress.it\/wp-content\/uploads\/2017\/12\/galleria-darte-moderna-rizzarda-feltre.jpg","type":"","width":"","height":""}],"author":"redazione","twitter_card":"summary_large_image","twitter_creator":"@bellunopress","twitter_site":"@bellunopress","twitter_misc":{"\u00c9crit par":"redazione","Dur\u00e9e de lecture estim\u00e9e":"3 minutes"},"schema":{"@context":"https:\/\/schema.org","@graph":[{"@type":"Article","@id":"https:\/\/www.bellunopress.it\/2017\/12\/27\/walter-resentera-il-ritratto-di-unepoca-italiana-venerdi-alla-galleria-rizzarda-di-feltre\/#article","isPartOf":{"@id":"https:\/\/www.bellunopress.it\/2017\/12\/27\/walter-resentera-il-ritratto-di-unepoca-italiana-venerdi-alla-galleria-rizzarda-di-feltre\/"},"author":{"name":"redazione","@id":"https:\/\/www.bellunopress.it\/#\/schema\/person\/79bb06722b37ece1c03d3e94beb30d73"},"headline":"Walter Resentera: il ritratto di un&#8217;epoca italiana. Venerd\u00ec ore 17 al Teatro La Sena poi alla Galleria Rizzarda di Feltre\u00a0","datePublished":"2017-12-27T20:56:27+00:00","dateModified":"2017-12-29T21:03:42+00:00","mainEntityOfPage":{"@id":"https:\/\/www.bellunopress.it\/2017\/12\/27\/walter-resentera-il-ritratto-di-unepoca-italiana-venerdi-alla-galleria-rizzarda-di-feltre\/"},"wordCount":644,"publisher":{"@id":"https:\/\/www.bellunopress.it\/#organization"},"image":{"@id":"https:\/\/www.bellunopress.it\/2017\/12\/27\/walter-resentera-il-ritratto-di-unepoca-italiana-venerdi-alla-galleria-rizzarda-di-feltre\/#primaryimage"},"thumbnailUrl":"http:\/\/www.bellunopress.it\/wp-content\/uploads\/2017\/12\/galleria-darte-moderna-rizzarda-feltre.jpg","articleSection":["Arte, Cultura, Spettacoli, Scienza"],"inLanguage":"fr-FR"},{"@type":"WebPage","@id":"https:\/\/www.bellunopress.it\/2017\/12\/27\/walter-resentera-il-ritratto-di-unepoca-italiana-venerdi-alla-galleria-rizzarda-di-feltre\/","url":"https:\/\/www.bellunopress.it\/2017\/12\/27\/walter-resentera-il-ritratto-di-unepoca-italiana-venerdi-alla-galleria-rizzarda-di-feltre\/","name":"Walter Resentera: il ritratto di un'epoca italiana. Venerd\u00ec ore 17 al Teatro La Sena poi alla Galleria Rizzarda di Feltre\u00a0 - Bellunopress - Dolomiti","isPartOf":{"@id":"https:\/\/www.bellunopress.it\/#website"},"primaryImageOfPage":{"@id":"https:\/\/www.bellunopress.it\/2017\/12\/27\/walter-resentera-il-ritratto-di-unepoca-italiana-venerdi-alla-galleria-rizzarda-di-feltre\/#primaryimage"},"image":{"@id":"https:\/\/www.bellunopress.it\/2017\/12\/27\/walter-resentera-il-ritratto-di-unepoca-italiana-venerdi-alla-galleria-rizzarda-di-feltre\/#primaryimage"},"thumbnailUrl":"http:\/\/www.bellunopress.it\/wp-content\/uploads\/2017\/12\/galleria-darte-moderna-rizzarda-feltre.jpg","datePublished":"2017-12-27T20:56:27+00:00","dateModified":"2017-12-29T21:03:42+00:00","breadcrumb":{"@id":"https:\/\/www.bellunopress.it\/2017\/12\/27\/walter-resentera-il-ritratto-di-unepoca-italiana-venerdi-alla-galleria-rizzarda-di-feltre\/#breadcrumb"},"inLanguage":"fr-FR","potentialAction":[{"@type":"ReadAction","target":["https:\/\/www.bellunopress.it\/2017\/12\/27\/walter-resentera-il-ritratto-di-unepoca-italiana-venerdi-alla-galleria-rizzarda-di-feltre\/"]}]},{"@type":"ImageObject","inLanguage":"fr-FR","@id":"https:\/\/www.bellunopress.it\/2017\/12\/27\/walter-resentera-il-ritratto-di-unepoca-italiana-venerdi-alla-galleria-rizzarda-di-feltre\/#primaryimage","url":"http:\/\/www.bellunopress.it\/wp-content\/uploads\/2017\/12\/galleria-darte-moderna-rizzarda-feltre.jpg","contentUrl":"http:\/\/www.bellunopress.it\/wp-content\/uploads\/2017\/12\/galleria-darte-moderna-rizzarda-feltre.jpg"},{"@type":"BreadcrumbList","@id":"https:\/\/www.bellunopress.it\/2017\/12\/27\/walter-resentera-il-ritratto-di-unepoca-italiana-venerdi-alla-galleria-rizzarda-di-feltre\/#breadcrumb","itemListElement":[{"@type":"ListItem","position":1,"name":"Home","item":"https:\/\/www.bellunopress.it\/"},{"@type":"ListItem","position":2,"name":"Walter Resentera: il ritratto di un&#8217;epoca italiana. Venerd\u00ec ore 17 al Teatro La Sena poi alla Galleria Rizzarda di Feltre\u00a0"}]},{"@type":"WebSite","@id":"https:\/\/www.bellunopress.it\/#website","url":"https:\/\/www.bellunopress.it\/","name":"Bellunopress - Dolomiti","description":"e-mail: redazione@bellunopress.it","publisher":{"@id":"https:\/\/www.bellunopress.it\/#organization"},"potentialAction":[{"@type":"SearchAction","target":{"@type":"EntryPoint","urlTemplate":"https:\/\/www.bellunopress.it\/?s={search_term_string}"},"query-input":{"@type":"PropertyValueSpecification","valueRequired":true,"valueName":"search_term_string"}}],"inLanguage":"fr-FR"},{"@type":"Organization","@id":"https:\/\/www.bellunopress.it\/#organization","name":"Bellunopress","url":"https:\/\/www.bellunopress.it\/","logo":{"@type":"ImageObject","inLanguage":"fr-FR","@id":"https:\/\/www.bellunopress.it\/#\/schema\/logo\/image\/","url":"https:\/\/www.bellunopress.it\/wp-content\/uploads\/2011\/05\/cropped-logo-bellunopress-.jpg","contentUrl":"https:\/\/www.bellunopress.it\/wp-content\/uploads\/2011\/05\/cropped-logo-bellunopress-.jpg","width":512,"height":512,"caption":"Bellunopress"},"image":{"@id":"https:\/\/www.bellunopress.it\/#\/schema\/logo\/image\/"},"sameAs":["https:\/\/www.facebook.com\/profile.php?id=100008943462799","https:\/\/x.com\/bellunopress","https:\/\/www.linkedin.com\/hp\/?dnr=JBzUWaJfMUw8vbXJJ2tVW5-I3jZKvC4wsoxE&amp;amp;amp;amp;amp;amp;trk=nav_responsive_tab_home","https:\/\/www.youtube.com\/channel\/UCxL0wu1uN0_3_7hGG0306cw"]},{"@type":"Person","@id":"https:\/\/www.bellunopress.it\/#\/schema\/person\/79bb06722b37ece1c03d3e94beb30d73","name":"r\u00e9daction","image":{"@type":"ImageObject","inLanguage":"fr-FR","@id":"https:\/\/secure.gravatar.com\/avatar\/37d968a2e67a6fd04c169c4bdef102d0bc5d31b2546345219e348575eb80e9a0?s=96&d=mm&r=g","url":"https:\/\/secure.gravatar.com\/avatar\/37d968a2e67a6fd04c169c4bdef102d0bc5d31b2546345219e348575eb80e9a0?s=96&d=mm&r=g","contentUrl":"https:\/\/secure.gravatar.com\/avatar\/37d968a2e67a6fd04c169c4bdef102d0bc5d31b2546345219e348575eb80e9a0?s=96&d=mm&r=g","caption":"redazione"},"sameAs":["http:\/\/www.bellunopress.it","https:\/\/x.com\/bellunopress"],"url":"https:\/\/www.bellunopress.it\/fr\/author\/redazione\/"}]}},"_links":{"self":[{"href":"https:\/\/www.bellunopress.it\/fr\/wp-json\/wp\/v2\/posts\/91790","targetHints":{"allow":["GET"]}}],"collection":[{"href":"https:\/\/www.bellunopress.it\/fr\/wp-json\/wp\/v2\/posts"}],"about":[{"href":"https:\/\/www.bellunopress.it\/fr\/wp-json\/wp\/v2\/types\/post"}],"author":[{"embeddable":true,"href":"https:\/\/www.bellunopress.it\/fr\/wp-json\/wp\/v2\/users\/2"}],"replies":[{"embeddable":true,"href":"https:\/\/www.bellunopress.it\/fr\/wp-json\/wp\/v2\/comments?post=91790"}],"version-history":[{"count":4,"href":"https:\/\/www.bellunopress.it\/fr\/wp-json\/wp\/v2\/posts\/91790\/revisions"}],"predecessor-version":[{"id":91824,"href":"https:\/\/www.bellunopress.it\/fr\/wp-json\/wp\/v2\/posts\/91790\/revisions\/91824"}],"wp:attachment":[{"href":"https:\/\/www.bellunopress.it\/fr\/wp-json\/wp\/v2\/media?parent=91790"}],"wp:term":[{"taxonomy":"category","embeddable":true,"href":"https:\/\/www.bellunopress.it\/fr\/wp-json\/wp\/v2\/categories?post=91790"},{"taxonomy":"post_tag","embeddable":true,"href":"https:\/\/www.bellunopress.it\/fr\/wp-json\/wp\/v2\/tags?post=91790"}],"curies":[{"name":"wp","href":"https:\/\/api.w.org\/{rel}","templated":true}]}}