{"id":91786,"date":"2017-12-27T21:37:12","date_gmt":"2017-12-27T20:37:12","guid":{"rendered":"http:\/\/www.bellunopress.it\/?p=91786"},"modified":"2017-12-27T21:37:12","modified_gmt":"2017-12-27T20:37:12","slug":"la-fotografia-astratta-dipingere-con-la-luce-le-immagini-di-roberto-ghedina-al-miramonti-di-cortina","status":"publish","type":"post","link":"https:\/\/www.bellunopress.it\/fr\/2017\/12\/27\/la-fotografia-astratta-dipingere-con-la-luce-le-immagini-di-roberto-ghedina-al-miramonti-di-cortina\/","title":{"rendered":"La fotografia astratta, dipingere con la luce. Le immagini di Roberto Ghedina al Miramonti di Cortina"},"content":{"rendered":"<p>Roberto Ghedina, ampezzano di nascita e residenza, dopo una vita dedicata alla fotografia di montagna si \u00e8 cimentato ad innalzare alcuni scatti nella sfera di un\u2019arte pura, usando la sola luce per creare immagini indipendenti da riferimenti oggettuali e riconoscibili nel mondo.<br \/>\nHanno girato per l\u2019Italia le sue belle mostre dei Giganti delle Dolomiti e Il Silenzio nel Deserto, dedicata alla vita nelle Certose, fino a sfondare i portoni di Palazzo Ruspoli e il Tempietto sconsacrato di S. Rita a Roma; alla Biblioteca Nazionale di Firenze e il Palazzo Vescovile di Fiesole; la chiesa sconsacrata di S. Cristoforo a Lucca; al Circolo del Club Fotografico di Fiorenzuola d\u2019Arda, tanto per nominare qualcuna della quarantina di mostre esposte.<\/p>\n<figure id=\"attachment_91787\" aria-describedby=\"caption-attachment-91787\" style=\"width: 138px\" class=\"wp-caption alignleft\"><a href=\"http:\/\/www.bellunopress.it\/fr\/2017\/12\/27\/la-fotografia-astratta-dipingere-con-la-luce-le-immagini-di-roberto-ghedina-al-miramonti-di-cortina\/roberto-ghedina-fotografo\/\" rel=\"attachment wp-att-91787\"><img loading=\"lazy\" decoding=\"async\" class=\"size-full wp-image-91787\" src=\"http:\/\/www.bellunopress.it\/wp-content\/uploads\/2017\/12\/roberto-ghedina-fotografo.jpg\" alt=\"\" width=\"138\" height=\"166\" \/><\/a><figcaption id=\"caption-attachment-91787\" class=\"wp-caption-text\"><em><strong>Roberto Ghedina fotografo<\/strong><\/em><\/figcaption><\/figure>\n<p>Queste in esposizione alla Sala Cristallo del Majestic Miramonti, sono fotografie ottenute con scatti purissimi; non vi \u00e8 alcun trucco, alcuna falsificazione del reale, ma la semplice rincorsa all\u2019irriconoscibilit\u00e0 del reale, percorsa in modo deciso col suo solito mezzo fotografico.<br \/>\nSe la fotografia \u00e8 l\u2019arte della realt\u00e0, l\u2019astrazione della fotografia \u00e8 ovunque intorno a noi e pu\u00f2 sembrare un paradosso, se si pensa alla sua funzione di riproduzione meccanica e descrittiva della realt\u00e0. Bisogna solo capire come guardare le cose che ci circondano, perch\u00e9 il fotografo registra comunque una realt\u00e0: in effetti \u00e8 il pensiero del fotografo che \u00e8 astratto. Questo \u00e8 il punto.<\/p>\n<p>Vi \u00e8 nell\u2019artista che si accinge al foto-astrattismo, una inversione di tendenza della fotografia classica, che tende a voler \u201criconoscere\u201d il reale nel suo processo di creazione dell\u2019immagine, per preferire piuttosto un\u2019immagine che non si presti al riconoscimento di alcun riferimento reale. L\u2019artista, quindi, interviene creativamente fino a proporre con lo stimolo ottico una sfida all\u2019osservatore che, cogliendola, completa l\u2019atto creativo, interpretando liberamente l\u2019immagine.<br \/>\nLa fotografia astratta \u00e8 una forma di fotografia che non esiste nel reale, ma che si pu\u00f2 riprodurre con la creativit\u00e0 del pensiero del fotografo. Va quindi ricercata nelle forme e nei colori. L\u2019intenzione quindi \u00e8 quella di dare all\u2019osservatore uno stimolo emotivo per catturare una bellezza visiva. Principio fondamentale nella fotografia astratta rimane la luce, con la funzione non solo di rivelare e rendere visibile, ma anche di essere sfruttata come soggetto stesso delle foto, illuminando superfici e volumi. Il movimento e la sfocatura sono altri aspetti dell\u2019astrazione in fotografia.<\/p>\n<p>La fotografia astratta si concentra sulle tonalit\u00e0 dei colori, sui giochi di ombre e di luce, sulle geometrie delle immagini reali captate dall\u2019obiettivo del fotografo. Esse sfuggono ad ogni logica della realt\u00e0, per lasciare via libera all\u2019immagine astratta, come gioco di forma e colori. Tutti questi elementi attirano l\u2019attenzione di chi osserva l\u2019immagine, risvegliando emozioni.<br \/>\nIn pratica, la fotografia astratta offre un nuovo modo di guardare il mondo per scoprire nuove forme, nuove emozioni, nuovi stimoli per osservare, per pensare, per progettare la visione di una nuova realt\u00e0. Per questa capacit\u00e0 di coinvolgere sia la visione che le sensazioni, essa \u00e8 una forma artistica delle pi\u00f9 emozionali.<br \/>\nApprezzare, amare e capire l\u2019astrattismo presuppone il liberarsi dalle strutture abituali di percezione, operazione per alcuni molto difficile, che cambia radicalmente la modalit\u00e0 di visione: lasciarsi andare al piacere di esplorare una linea o forma, come se fosse un sentiero sconosciuto, o indagare un\u2019immagine fino a perdersi in uno spazio sconosciuto, senza appoggiarsi al bisogno di orientarsi, ma \u2013 piuttosto \u2013 a tentoni affidarsi alle emozioni e al sentire.<\/p>\n<p>Osservate bene queste fotografie esposte nella sala Cristallo del Miramonti, e vi renderete conto che spesso, meglio di quanto possa fare una fotografia descrittiva, la fotografia astratta restituisce direttamente allo sguardo la nostra vera esperienza della percezione della realt\u00e0, che per lo pi\u00f9 \u00e8 inspiegabile, imprevista, misteriosa, se non qualche volta confusa.<br \/>\nIn conclusione, la fotografia astratta, sar\u00e0 tanto pi\u00f9 apprezzata, quanto pi\u00f9, per le sue qualit\u00e0 intrinseche estetiche, lascer\u00e0 la mente di chi l\u2019osserva godere della libera immaginazione. Sar\u00e0 quindi proibito pretendere un\u2019inutile spiegazione logica.<\/p>\n<p>La mostra sar\u00e0 visibile per tutta la stagione invernale.<\/p>","protected":false},"excerpt":{"rendered":"<p>Roberto Ghedina, ampezzano di nascita e residenza, dopo una vita dedicata alla fotografia di montagna si \u00e8 cimentato ad innalzare alcuni scatti nella sfera di un\u2019arte pura, usando la sola luce per creare immagini indipendenti da riferimenti oggettuali e riconoscibili nel mondo. Hanno girato per l\u2019Italia le sue belle mostre dei Giganti delle Dolomiti e [&hellip;]<\/p>\n","protected":false},"author":2,"featured_media":0,"comment_status":"closed","ping_status":"open","sticky":false,"template":"","format":"standard","meta":{"footnotes":""},"categories":[27,3,25],"tags":[],"class_list":["post-91786","post","type-post","status-publish","format-standard","category-appuntamenti","category-arte-cultura-spettacoli-scienza-archivi","category-pausa-caffe"],"yoast_head":"<!-- This site is optimized with the Yoast SEO plugin v28.4 - https:\/\/yoast.com\/product\/yoast-seo-wordpress\/ -->\n<title>La fotografia astratta, dipingere con la luce. Le immagini di Roberto Ghedina al Miramonti di Cortina - Bellunopress - Dolomiti<\/title>\n<meta name=\"robots\" content=\"index, follow, max-snippet:-1, max-image-preview:large, max-video-preview:-1\" \/>\n<link rel=\"canonical\" href=\"https:\/\/www.bellunopress.it\/fr\/2017\/12\/27\/la-fotografia-astratta-dipingere-con-la-luce-le-immagini-di-roberto-ghedina-al-miramonti-di-cortina\/\" \/>\n<meta property=\"og:locale\" content=\"fr_FR\" \/>\n<meta property=\"og:type\" content=\"article\" \/>\n<meta property=\"og:title\" content=\"La fotografia astratta, dipingere con la luce. Le immagini di Roberto Ghedina al Miramonti di Cortina - Bellunopress - Dolomiti\" \/>\n<meta property=\"og:description\" content=\"Roberto Ghedina, ampezzano di nascita e residenza, dopo una vita dedicata alla fotografia di montagna si \u00e8 cimentato ad innalzare alcuni scatti nella sfera di un\u2019arte pura, usando la sola luce per creare immagini indipendenti da riferimenti oggettuali e riconoscibili nel mondo. Hanno girato per l\u2019Italia le sue belle mostre dei Giganti delle Dolomiti e [&hellip;]\" \/>\n<meta property=\"og:url\" content=\"https:\/\/www.bellunopress.it\/fr\/2017\/12\/27\/la-fotografia-astratta-dipingere-con-la-luce-le-immagini-di-roberto-ghedina-al-miramonti-di-cortina\/\" \/>\n<meta property=\"og:site_name\" content=\"Bellunopress - Dolomiti\" \/>\n<meta property=\"article:publisher\" content=\"https:\/\/www.facebook.com\/profile.php?id=100008943462799\" \/>\n<meta property=\"article:published_time\" content=\"2017-12-27T20:37:12+00:00\" \/>\n<meta property=\"og:image\" content=\"http:\/\/www.bellunopress.it\/wp-content\/uploads\/2017\/12\/roberto-ghedina-fotografo.jpg\" \/>\n<meta name=\"author\" content=\"redazione\" \/>\n<meta name=\"twitter:card\" content=\"summary_large_image\" \/>\n<meta name=\"twitter:creator\" content=\"@bellunopress\" \/>\n<meta name=\"twitter:site\" content=\"@bellunopress\" \/>\n<meta name=\"twitter:label1\" content=\"\u00c9crit par\" \/>\n\t<meta name=\"twitter:data1\" content=\"redazione\" \/>\n\t<meta name=\"twitter:label2\" content=\"Dur\u00e9e de lecture estim\u00e9e\" \/>\n\t<meta name=\"twitter:data2\" content=\"3 minutes\" \/>\n<script type=\"application\/ld+json\" class=\"yoast-schema-graph\">{\"@context\":\"https:\\\/\\\/schema.org\",\"@graph\":[{\"@type\":\"Article\",\"@id\":\"https:\\\/\\\/www.bellunopress.it\\\/2017\\\/12\\\/27\\\/la-fotografia-astratta-dipingere-con-la-luce-le-immagini-di-roberto-ghedina-al-miramonti-di-cortina\\\/#article\",\"isPartOf\":{\"@id\":\"https:\\\/\\\/www.bellunopress.it\\\/2017\\\/12\\\/27\\\/la-fotografia-astratta-dipingere-con-la-luce-le-immagini-di-roberto-ghedina-al-miramonti-di-cortina\\\/\"},\"author\":{\"name\":\"redazione\",\"@id\":\"https:\\\/\\\/www.bellunopress.it\\\/#\\\/schema\\\/person\\\/79bb06722b37ece1c03d3e94beb30d73\"},\"headline\":\"La fotografia astratta, dipingere con la luce. Le immagini di Roberto Ghedina al Miramonti di Cortina\",\"datePublished\":\"2017-12-27T20:37:12+00:00\",\"mainEntityOfPage\":{\"@id\":\"https:\\\/\\\/www.bellunopress.it\\\/2017\\\/12\\\/27\\\/la-fotografia-astratta-dipingere-con-la-luce-le-immagini-di-roberto-ghedina-al-miramonti-di-cortina\\\/\"},\"wordCount\":683,\"publisher\":{\"@id\":\"https:\\\/\\\/www.bellunopress.it\\\/#organization\"},\"image\":{\"@id\":\"https:\\\/\\\/www.bellunopress.it\\\/2017\\\/12\\\/27\\\/la-fotografia-astratta-dipingere-con-la-luce-le-immagini-di-roberto-ghedina-al-miramonti-di-cortina\\\/#primaryimage\"},\"thumbnailUrl\":\"http:\\\/\\\/www.bellunopress.it\\\/wp-content\\\/uploads\\\/2017\\\/12\\\/roberto-ghedina-fotografo.jpg\",\"articleSection\":[\"Appuntamenti, Eventi\",\"Arte, Cultura, Spettacoli, Scienza\",\"Pausa Caff\u00e8\"],\"inLanguage\":\"fr-FR\"},{\"@type\":\"WebPage\",\"@id\":\"https:\\\/\\\/www.bellunopress.it\\\/2017\\\/12\\\/27\\\/la-fotografia-astratta-dipingere-con-la-luce-le-immagini-di-roberto-ghedina-al-miramonti-di-cortina\\\/\",\"url\":\"https:\\\/\\\/www.bellunopress.it\\\/2017\\\/12\\\/27\\\/la-fotografia-astratta-dipingere-con-la-luce-le-immagini-di-roberto-ghedina-al-miramonti-di-cortina\\\/\",\"name\":\"La fotografia astratta, dipingere con la luce. Le immagini di Roberto Ghedina al Miramonti di Cortina - Bellunopress - Dolomiti\",\"isPartOf\":{\"@id\":\"https:\\\/\\\/www.bellunopress.it\\\/#website\"},\"primaryImageOfPage\":{\"@id\":\"https:\\\/\\\/www.bellunopress.it\\\/2017\\\/12\\\/27\\\/la-fotografia-astratta-dipingere-con-la-luce-le-immagini-di-roberto-ghedina-al-miramonti-di-cortina\\\/#primaryimage\"},\"image\":{\"@id\":\"https:\\\/\\\/www.bellunopress.it\\\/2017\\\/12\\\/27\\\/la-fotografia-astratta-dipingere-con-la-luce-le-immagini-di-roberto-ghedina-al-miramonti-di-cortina\\\/#primaryimage\"},\"thumbnailUrl\":\"http:\\\/\\\/www.bellunopress.it\\\/wp-content\\\/uploads\\\/2017\\\/12\\\/roberto-ghedina-fotografo.jpg\",\"datePublished\":\"2017-12-27T20:37:12+00:00\",\"breadcrumb\":{\"@id\":\"https:\\\/\\\/www.bellunopress.it\\\/2017\\\/12\\\/27\\\/la-fotografia-astratta-dipingere-con-la-luce-le-immagini-di-roberto-ghedina-al-miramonti-di-cortina\\\/#breadcrumb\"},\"inLanguage\":\"fr-FR\",\"potentialAction\":[{\"@type\":\"ReadAction\",\"target\":[\"https:\\\/\\\/www.bellunopress.it\\\/2017\\\/12\\\/27\\\/la-fotografia-astratta-dipingere-con-la-luce-le-immagini-di-roberto-ghedina-al-miramonti-di-cortina\\\/\"]}]},{\"@type\":\"ImageObject\",\"inLanguage\":\"fr-FR\",\"@id\":\"https:\\\/\\\/www.bellunopress.it\\\/2017\\\/12\\\/27\\\/la-fotografia-astratta-dipingere-con-la-luce-le-immagini-di-roberto-ghedina-al-miramonti-di-cortina\\\/#primaryimage\",\"url\":\"http:\\\/\\\/www.bellunopress.it\\\/wp-content\\\/uploads\\\/2017\\\/12\\\/roberto-ghedina-fotografo.jpg\",\"contentUrl\":\"http:\\\/\\\/www.bellunopress.it\\\/wp-content\\\/uploads\\\/2017\\\/12\\\/roberto-ghedina-fotografo.jpg\"},{\"@type\":\"BreadcrumbList\",\"@id\":\"https:\\\/\\\/www.bellunopress.it\\\/2017\\\/12\\\/27\\\/la-fotografia-astratta-dipingere-con-la-luce-le-immagini-di-roberto-ghedina-al-miramonti-di-cortina\\\/#breadcrumb\",\"itemListElement\":[{\"@type\":\"ListItem\",\"position\":1,\"name\":\"Home\",\"item\":\"https:\\\/\\\/www.bellunopress.it\\\/\"},{\"@type\":\"ListItem\",\"position\":2,\"name\":\"La fotografia astratta, dipingere con la luce. Le immagini di Roberto Ghedina al Miramonti di Cortina\"}]},{\"@type\":\"WebSite\",\"@id\":\"https:\\\/\\\/www.bellunopress.it\\\/#website\",\"url\":\"https:\\\/\\\/www.bellunopress.it\\\/\",\"name\":\"Bellunopress - Dolomiti\",\"description\":\"e-mail: redazione@bellunopress.it\",\"publisher\":{\"@id\":\"https:\\\/\\\/www.bellunopress.it\\\/#organization\"},\"potentialAction\":[{\"@type\":\"SearchAction\",\"target\":{\"@type\":\"EntryPoint\",\"urlTemplate\":\"https:\\\/\\\/www.bellunopress.it\\\/?s={search_term_string}\"},\"query-input\":{\"@type\":\"PropertyValueSpecification\",\"valueRequired\":true,\"valueName\":\"search_term_string\"}}],\"inLanguage\":\"fr-FR\"},{\"@type\":\"Organization\",\"@id\":\"https:\\\/\\\/www.bellunopress.it\\\/#organization\",\"name\":\"Bellunopress\",\"url\":\"https:\\\/\\\/www.bellunopress.it\\\/\",\"logo\":{\"@type\":\"ImageObject\",\"inLanguage\":\"fr-FR\",\"@id\":\"https:\\\/\\\/www.bellunopress.it\\\/#\\\/schema\\\/logo\\\/image\\\/\",\"url\":\"https:\\\/\\\/www.bellunopress.it\\\/wp-content\\\/uploads\\\/2011\\\/05\\\/cropped-logo-bellunopress-.jpg\",\"contentUrl\":\"https:\\\/\\\/www.bellunopress.it\\\/wp-content\\\/uploads\\\/2011\\\/05\\\/cropped-logo-bellunopress-.jpg\",\"width\":512,\"height\":512,\"caption\":\"Bellunopress\"},\"image\":{\"@id\":\"https:\\\/\\\/www.bellunopress.it\\\/#\\\/schema\\\/logo\\\/image\\\/\"},\"sameAs\":[\"https:\\\/\\\/www.facebook.com\\\/profile.php?id=100008943462799\",\"https:\\\/\\\/x.com\\\/bellunopress\",\"https:\\\/\\\/www.linkedin.com\\\/hp\\\/?dnr=JBzUWaJfMUw8vbXJJ2tVW5-I3jZKvC4wsoxE&amp;amp;amp;amp;amp;amp;trk=nav_responsive_tab_home\",\"https:\\\/\\\/www.youtube.com\\\/channel\\\/UCxL0wu1uN0_3_7hGG0306cw\"]},{\"@type\":\"Person\",\"@id\":\"https:\\\/\\\/www.bellunopress.it\\\/#\\\/schema\\\/person\\\/79bb06722b37ece1c03d3e94beb30d73\",\"name\":\"redazione\",\"image\":{\"@type\":\"ImageObject\",\"inLanguage\":\"fr-FR\",\"@id\":\"https:\\\/\\\/secure.gravatar.com\\\/avatar\\\/37d968a2e67a6fd04c169c4bdef102d0bc5d31b2546345219e348575eb80e9a0?s=96&d=mm&r=g\",\"url\":\"https:\\\/\\\/secure.gravatar.com\\\/avatar\\\/37d968a2e67a6fd04c169c4bdef102d0bc5d31b2546345219e348575eb80e9a0?s=96&d=mm&r=g\",\"contentUrl\":\"https:\\\/\\\/secure.gravatar.com\\\/avatar\\\/37d968a2e67a6fd04c169c4bdef102d0bc5d31b2546345219e348575eb80e9a0?s=96&d=mm&r=g\",\"caption\":\"redazione\"},\"sameAs\":[\"http:\\\/\\\/www.bellunopress.it\",\"https:\\\/\\\/x.com\\\/bellunopress\"],\"url\":\"https:\\\/\\\/www.bellunopress.it\\\/fr\\\/author\\\/redazione\\\/\"}]}<\/script>\n<!-- \/ Yoast SEO plugin. -->","yoast_head_json":{"title":"La fotografia astratta, dipingere con la luce. Le immagini di Roberto Ghedina al Miramonti di Cortina - Bellunopress - Dolomiti","robots":{"index":"index","follow":"follow","max-snippet":"max-snippet:-1","max-image-preview":"max-image-preview:large","max-video-preview":"max-video-preview:-1"},"canonical":"https:\/\/www.bellunopress.it\/fr\/2017\/12\/27\/la-fotografia-astratta-dipingere-con-la-luce-le-immagini-di-roberto-ghedina-al-miramonti-di-cortina\/","og_locale":"fr_FR","og_type":"article","og_title":"La fotografia astratta, dipingere con la luce. Le immagini di Roberto Ghedina al Miramonti di Cortina - Bellunopress - Dolomiti","og_description":"Roberto Ghedina, ampezzano di nascita e residenza, dopo una vita dedicata alla fotografia di montagna si \u00e8 cimentato ad innalzare alcuni scatti nella sfera di un\u2019arte pura, usando la sola luce per creare immagini indipendenti da riferimenti oggettuali e riconoscibili nel mondo. Hanno girato per l\u2019Italia le sue belle mostre dei Giganti delle Dolomiti e [&hellip;]","og_url":"https:\/\/www.bellunopress.it\/fr\/2017\/12\/27\/la-fotografia-astratta-dipingere-con-la-luce-le-immagini-di-roberto-ghedina-al-miramonti-di-cortina\/","og_site_name":"Bellunopress - Dolomiti","article_publisher":"https:\/\/www.facebook.com\/profile.php?id=100008943462799","article_published_time":"2017-12-27T20:37:12+00:00","og_image":[{"url":"http:\/\/www.bellunopress.it\/wp-content\/uploads\/2017\/12\/roberto-ghedina-fotografo.jpg","type":"","width":"","height":""}],"author":"redazione","twitter_card":"summary_large_image","twitter_creator":"@bellunopress","twitter_site":"@bellunopress","twitter_misc":{"\u00c9crit par":"redazione","Dur\u00e9e de lecture estim\u00e9e":"3 minutes"},"schema":{"@context":"https:\/\/schema.org","@graph":[{"@type":"Article","@id":"https:\/\/www.bellunopress.it\/2017\/12\/27\/la-fotografia-astratta-dipingere-con-la-luce-le-immagini-di-roberto-ghedina-al-miramonti-di-cortina\/#article","isPartOf":{"@id":"https:\/\/www.bellunopress.it\/2017\/12\/27\/la-fotografia-astratta-dipingere-con-la-luce-le-immagini-di-roberto-ghedina-al-miramonti-di-cortina\/"},"author":{"name":"redazione","@id":"https:\/\/www.bellunopress.it\/#\/schema\/person\/79bb06722b37ece1c03d3e94beb30d73"},"headline":"La fotografia astratta, dipingere con la luce. Le immagini di Roberto Ghedina al Miramonti di Cortina","datePublished":"2017-12-27T20:37:12+00:00","mainEntityOfPage":{"@id":"https:\/\/www.bellunopress.it\/2017\/12\/27\/la-fotografia-astratta-dipingere-con-la-luce-le-immagini-di-roberto-ghedina-al-miramonti-di-cortina\/"},"wordCount":683,"publisher":{"@id":"https:\/\/www.bellunopress.it\/#organization"},"image":{"@id":"https:\/\/www.bellunopress.it\/2017\/12\/27\/la-fotografia-astratta-dipingere-con-la-luce-le-immagini-di-roberto-ghedina-al-miramonti-di-cortina\/#primaryimage"},"thumbnailUrl":"http:\/\/www.bellunopress.it\/wp-content\/uploads\/2017\/12\/roberto-ghedina-fotografo.jpg","articleSection":["Appuntamenti, Eventi","Arte, Cultura, Spettacoli, Scienza","Pausa Caff\u00e8"],"inLanguage":"fr-FR"},{"@type":"WebPage","@id":"https:\/\/www.bellunopress.it\/2017\/12\/27\/la-fotografia-astratta-dipingere-con-la-luce-le-immagini-di-roberto-ghedina-al-miramonti-di-cortina\/","url":"https:\/\/www.bellunopress.it\/2017\/12\/27\/la-fotografia-astratta-dipingere-con-la-luce-le-immagini-di-roberto-ghedina-al-miramonti-di-cortina\/","name":"La fotografia astratta, dipingere con la luce. Le immagini di Roberto Ghedina al Miramonti di Cortina - Bellunopress - Dolomiti","isPartOf":{"@id":"https:\/\/www.bellunopress.it\/#website"},"primaryImageOfPage":{"@id":"https:\/\/www.bellunopress.it\/2017\/12\/27\/la-fotografia-astratta-dipingere-con-la-luce-le-immagini-di-roberto-ghedina-al-miramonti-di-cortina\/#primaryimage"},"image":{"@id":"https:\/\/www.bellunopress.it\/2017\/12\/27\/la-fotografia-astratta-dipingere-con-la-luce-le-immagini-di-roberto-ghedina-al-miramonti-di-cortina\/#primaryimage"},"thumbnailUrl":"http:\/\/www.bellunopress.it\/wp-content\/uploads\/2017\/12\/roberto-ghedina-fotografo.jpg","datePublished":"2017-12-27T20:37:12+00:00","breadcrumb":{"@id":"https:\/\/www.bellunopress.it\/2017\/12\/27\/la-fotografia-astratta-dipingere-con-la-luce-le-immagini-di-roberto-ghedina-al-miramonti-di-cortina\/#breadcrumb"},"inLanguage":"fr-FR","potentialAction":[{"@type":"ReadAction","target":["https:\/\/www.bellunopress.it\/2017\/12\/27\/la-fotografia-astratta-dipingere-con-la-luce-le-immagini-di-roberto-ghedina-al-miramonti-di-cortina\/"]}]},{"@type":"ImageObject","inLanguage":"fr-FR","@id":"https:\/\/www.bellunopress.it\/2017\/12\/27\/la-fotografia-astratta-dipingere-con-la-luce-le-immagini-di-roberto-ghedina-al-miramonti-di-cortina\/#primaryimage","url":"http:\/\/www.bellunopress.it\/wp-content\/uploads\/2017\/12\/roberto-ghedina-fotografo.jpg","contentUrl":"http:\/\/www.bellunopress.it\/wp-content\/uploads\/2017\/12\/roberto-ghedina-fotografo.jpg"},{"@type":"BreadcrumbList","@id":"https:\/\/www.bellunopress.it\/2017\/12\/27\/la-fotografia-astratta-dipingere-con-la-luce-le-immagini-di-roberto-ghedina-al-miramonti-di-cortina\/#breadcrumb","itemListElement":[{"@type":"ListItem","position":1,"name":"Home","item":"https:\/\/www.bellunopress.it\/"},{"@type":"ListItem","position":2,"name":"La fotografia astratta, dipingere con la luce. Le immagini di Roberto Ghedina al Miramonti di Cortina"}]},{"@type":"WebSite","@id":"https:\/\/www.bellunopress.it\/#website","url":"https:\/\/www.bellunopress.it\/","name":"Bellunopress - Dolomiti","description":"e-mail: redazione@bellunopress.it","publisher":{"@id":"https:\/\/www.bellunopress.it\/#organization"},"potentialAction":[{"@type":"SearchAction","target":{"@type":"EntryPoint","urlTemplate":"https:\/\/www.bellunopress.it\/?s={search_term_string}"},"query-input":{"@type":"PropertyValueSpecification","valueRequired":true,"valueName":"search_term_string"}}],"inLanguage":"fr-FR"},{"@type":"Organization","@id":"https:\/\/www.bellunopress.it\/#organization","name":"Bellunopress","url":"https:\/\/www.bellunopress.it\/","logo":{"@type":"ImageObject","inLanguage":"fr-FR","@id":"https:\/\/www.bellunopress.it\/#\/schema\/logo\/image\/","url":"https:\/\/www.bellunopress.it\/wp-content\/uploads\/2011\/05\/cropped-logo-bellunopress-.jpg","contentUrl":"https:\/\/www.bellunopress.it\/wp-content\/uploads\/2011\/05\/cropped-logo-bellunopress-.jpg","width":512,"height":512,"caption":"Bellunopress"},"image":{"@id":"https:\/\/www.bellunopress.it\/#\/schema\/logo\/image\/"},"sameAs":["https:\/\/www.facebook.com\/profile.php?id=100008943462799","https:\/\/x.com\/bellunopress","https:\/\/www.linkedin.com\/hp\/?dnr=JBzUWaJfMUw8vbXJJ2tVW5-I3jZKvC4wsoxE&amp;amp;amp;amp;amp;amp;trk=nav_responsive_tab_home","https:\/\/www.youtube.com\/channel\/UCxL0wu1uN0_3_7hGG0306cw"]},{"@type":"Person","@id":"https:\/\/www.bellunopress.it\/#\/schema\/person\/79bb06722b37ece1c03d3e94beb30d73","name":"r\u00e9daction","image":{"@type":"ImageObject","inLanguage":"fr-FR","@id":"https:\/\/secure.gravatar.com\/avatar\/37d968a2e67a6fd04c169c4bdef102d0bc5d31b2546345219e348575eb80e9a0?s=96&d=mm&r=g","url":"https:\/\/secure.gravatar.com\/avatar\/37d968a2e67a6fd04c169c4bdef102d0bc5d31b2546345219e348575eb80e9a0?s=96&d=mm&r=g","contentUrl":"https:\/\/secure.gravatar.com\/avatar\/37d968a2e67a6fd04c169c4bdef102d0bc5d31b2546345219e348575eb80e9a0?s=96&d=mm&r=g","caption":"redazione"},"sameAs":["http:\/\/www.bellunopress.it","https:\/\/x.com\/bellunopress"],"url":"https:\/\/www.bellunopress.it\/fr\/author\/redazione\/"}]}},"_links":{"self":[{"href":"https:\/\/www.bellunopress.it\/fr\/wp-json\/wp\/v2\/posts\/91786","targetHints":{"allow":["GET"]}}],"collection":[{"href":"https:\/\/www.bellunopress.it\/fr\/wp-json\/wp\/v2\/posts"}],"about":[{"href":"https:\/\/www.bellunopress.it\/fr\/wp-json\/wp\/v2\/types\/post"}],"author":[{"embeddable":true,"href":"https:\/\/www.bellunopress.it\/fr\/wp-json\/wp\/v2\/users\/2"}],"replies":[{"embeddable":true,"href":"https:\/\/www.bellunopress.it\/fr\/wp-json\/wp\/v2\/comments?post=91786"}],"version-history":[{"count":2,"href":"https:\/\/www.bellunopress.it\/fr\/wp-json\/wp\/v2\/posts\/91786\/revisions"}],"predecessor-version":[{"id":91789,"href":"https:\/\/www.bellunopress.it\/fr\/wp-json\/wp\/v2\/posts\/91786\/revisions\/91789"}],"wp:attachment":[{"href":"https:\/\/www.bellunopress.it\/fr\/wp-json\/wp\/v2\/media?parent=91786"}],"wp:term":[{"taxonomy":"category","embeddable":true,"href":"https:\/\/www.bellunopress.it\/fr\/wp-json\/wp\/v2\/categories?post=91786"},{"taxonomy":"post_tag","embeddable":true,"href":"https:\/\/www.bellunopress.it\/fr\/wp-json\/wp\/v2\/tags?post=91786"}],"curies":[{"name":"wp","href":"https:\/\/api.w.org\/{rel}","templated":true}]}}