{"id":91782,"date":"2017-12-27T21:12:02","date_gmt":"2017-12-27T20:12:02","guid":{"rendered":"http:\/\/www.bellunopress.it\/?p=91782"},"modified":"2017-12-27T21:12:03","modified_gmt":"2017-12-27T20:12:03","slug":"referendum-provinciale-e-richieste-di-maggiore-autonomie-lo-strano-caso-della-provincia-di-belluno-nel-libro-di-trabucco-e-de-dona","status":"publish","type":"post","link":"https:\/\/www.bellunopress.it\/fr\/2017\/12\/27\/referendum-provinciale-e-richieste-di-maggiore-autonomie-lo-strano-caso-della-provincia-di-belluno-nel-libro-di-trabucco-e-de-dona\/","title":{"rendered":"Referendum provinciale e richieste di maggiore autonomie. Lo strano caso della Provincia di Belluno nel libro di Trabucco e De Don\u00e0"},"content":{"rendered":"<figure id=\"attachment_39796\" aria-describedby=\"caption-attachment-39796\" style=\"width: 213px\" class=\"wp-caption alignleft\"><a href=\"http:\/\/www.bellunopress.it\/fr\/2012\/07\/05\/la-legge-regionale-n-182012-sullesercizio-associato-di-funzioni-e-servizi-comunali-piu-ombre-che-luci-di-daniele-trabucco\/daniele-trabucco\/\" rel=\"attachment wp-att-39796\"><img loading=\"lazy\" decoding=\"async\" class=\"size-full wp-image-39796\" src=\"http:\/\/www.bellunopress.it\/wp-content\/uploads\/2012\/07\/daniele-trabucco.jpg\" alt=\"\" width=\"213\" height=\"290\" \/><\/a><figcaption id=\"caption-attachment-39796\" class=\"wp-caption-text\">Daniele Trabucco<\/figcaption><\/figure>\n<p>E&#8217; uscito in questi giorni per i tipi della Editoriale Scientifica di Napoli, nella prestigiosa collana \u00abStudi di attualit\u00e0 giuridiche\u00bb, il libro di Daniele Trabucco (Universit\u00e0 di Padova) e Michelangelo De Don\u00e0 (Universit\u00e0 di Pavia) dal titolo \u00abReferendum provinciale e richieste di maggiore autonomie. Lo \u201cstrano caso\u201d della provincia di Belluno\u00bb.<\/p>\n<p>Partendo dall\u2019indizione di un referendum consultivo per l\u2019ampliamento dell\u2019autonomia amministrativa, regolamentare e finanziaria della Provincia di Belluno, i due autori si interrogano sulla ammissibilit\u00e0 di consultazione referendarie di questo tipo, pervenendo a conclusioni negative in ragione della violazione del criterio di esclusivit\u00e0 della materia, quale limite ai referendum degli enti locali territoriali, e della supposta concezione dell\u2019autonomia come materia, anzich\u00e9 quale condizione dell\u2019ente.<\/p>\n<p>\u00abSe da una parte sono comprensibili le ragioni di coloro che hanno affiancato il referendum provinciale a quello regionale veneto che si \u00e8 celebrato il 22 ottobre scorso al fine di ottenere, per l\u2019effetto traino, una legittimazione maggiore a sostegno delle rivendicazioni autonomistiche, dall\u2019altra non si \u00e8 minimamente esplorata la via dello stesso regionalismo differenziato previsto dall&#8217;art. 116 della Costituzione\u00bb dichiarano Trabucco e De Don\u00e0 che aggiungono: \u00abSi tratta infatti di una norma dove \u00e8 previsto che l\u2019iniziativa della Regione non possa prescindere dal punto di vista degli enti locali territoriali (Comuni, Province e Citt\u00e0 metropolitane). Proprio in questa sede, allora, avrebbero potuto e potrebbero ancora trovare collocazione quelle richieste di maggiore autonomia per la Provincia di Belluno. I sostenitori del referendum ritengono che la consultazione referendaria abbia attribuito alla Provincia dolomitica una maggiore forza politica nel dialogo con la Regione Veneto in relazione al procedimento contenuto nell\u2019art. 116 della Costituzione. Questo \u00e8 certamente vero, ma non pu\u00f2 tuttavia condurre a travalicare i limiti cui, per legge, sono soggetti i referendum degli enti locali, snaturandone natura e funzioni\u00bb.<\/p>\n<figure id=\"attachment_91783\" aria-describedby=\"caption-attachment-91783\" style=\"width: 267px\" class=\"wp-caption alignleft\"><a href=\"http:\/\/www.bellunopress.it\/fr\/2017\/12\/27\/referendum-provinciale-e-richieste-di-maggiore-autonomie-lo-strano-caso-della-provincia-di-belluno-nel-libro-di-trabucco-e-de-dona\/michelangelo-de-dona-2\/\" rel=\"attachment wp-att-91783\"><img loading=\"lazy\" decoding=\"async\" class=\"size-full wp-image-91783\" src=\"http:\/\/www.bellunopress.it\/wp-content\/uploads\/2017\/12\/michelangelo-de-don\u00e0.jpg\" alt=\"\" width=\"267\" height=\"300\" \/><\/a><figcaption id=\"caption-attachment-91783\" class=\"wp-caption-text\">Michelangelo De Don\u00e0<\/figcaption><\/figure>\n<p>Il libro di Trabucco e De Don\u00e0, rispettivamente docenti a contratto di diritto dell&#8217;Unione Europea e di diritto internazionale presso Unimed di Milano e campus Ciels di Padova, si avvale di un saggio introduttivo di Mario Ciampi, docente di Storia delle Istituzioni Politiche e di Storia Costituzionale presso la Facolt\u00e0 di Scienze Politiche dell\u2019Universit\u00e0 Guglielmo Marconi di Roma, di un breve intervento di Paolo Gamba, consigliere comunale di Belluno e della postfazione di Maurizio Mistri, studioso senior nell\u2019Universit\u00e0 degli Studi di Padova e docente di Strategie Internazionali per lo Sviluppo economico presso Campus universitario Ciels di Padova.<\/p>\n<p>A conclusione del libro un&#8217;appendice con alcuni articoli attinenti al tema estratti dalla Costituzione italiana vigente e dallo Statuto provinciale di Belluno e il testo del Decreto n. 41 del 21 luglio 2017 relativo all&#8217;indizione del referendum consultivo provinciale per una maggiore autonomia della Provincia di Belluno.<\/p>","protected":false},"excerpt":{"rendered":"<p>E&#8217; uscito in questi giorni per i tipi della Editoriale Scientifica di Napoli, nella prestigiosa collana \u00abStudi di attualit\u00e0 giuridiche\u00bb, il libro di Daniele Trabucco (Universit\u00e0 di Padova) e Michelangelo De Don\u00e0 (Universit\u00e0 di Pavia) dal titolo \u00abReferendum provinciale e richieste di maggiore autonomie. Lo \u201cstrano caso\u201d della provincia di Belluno\u00bb. Partendo dall\u2019indizione di un [&hellip;]<\/p>\n","protected":false},"author":2,"featured_media":0,"comment_status":"closed","ping_status":"open","sticky":false,"template":"","format":"standard","meta":{"footnotes":""},"categories":[3,26],"tags":[],"class_list":["post-91782","post","type-post","status-publish","format-standard","category-arte-cultura-spettacoli-scienza-archivi","category-prima-pagina"],"yoast_head":"<!-- This site is optimized with the Yoast SEO plugin v28.4 - https:\/\/yoast.com\/product\/yoast-seo-wordpress\/ -->\n<title>Referendum provinciale e richieste di maggiore autonomie. Lo strano caso della Provincia di Belluno nel libro di Trabucco e De Don\u00e0 - Bellunopress - Dolomiti<\/title>\n<meta name=\"robots\" content=\"index, follow, max-snippet:-1, max-image-preview:large, max-video-preview:-1\" \/>\n<link rel=\"canonical\" href=\"https:\/\/www.bellunopress.it\/fr\/2017\/12\/27\/referendum-provinciale-e-richieste-di-maggiore-autonomie-lo-strano-caso-della-provincia-di-belluno-nel-libro-di-trabucco-e-de-dona\/\" \/>\n<meta property=\"og:locale\" content=\"fr_FR\" \/>\n<meta property=\"og:type\" content=\"article\" \/>\n<meta property=\"og:title\" content=\"Referendum provinciale e richieste di maggiore autonomie. Lo strano caso della Provincia di Belluno nel libro di Trabucco e De Don\u00e0 - Bellunopress - Dolomiti\" \/>\n<meta property=\"og:description\" content=\"E&#8217; uscito in questi giorni per i tipi della Editoriale Scientifica di Napoli, nella prestigiosa collana \u00abStudi di attualit\u00e0 giuridiche\u00bb, il libro di Daniele Trabucco (Universit\u00e0 di Padova) e Michelangelo De Don\u00e0 (Universit\u00e0 di Pavia) dal titolo \u00abReferendum provinciale e richieste di maggiore autonomie. Lo \u201cstrano caso\u201d della provincia di Belluno\u00bb. Partendo dall\u2019indizione di un [&hellip;]\" \/>\n<meta property=\"og:url\" content=\"https:\/\/www.bellunopress.it\/fr\/2017\/12\/27\/referendum-provinciale-e-richieste-di-maggiore-autonomie-lo-strano-caso-della-provincia-di-belluno-nel-libro-di-trabucco-e-de-dona\/\" \/>\n<meta property=\"og:site_name\" content=\"Bellunopress - Dolomiti\" \/>\n<meta property=\"article:publisher\" content=\"https:\/\/www.facebook.com\/profile.php?id=100008943462799\" \/>\n<meta property=\"article:published_time\" content=\"2017-12-27T20:12:02+00:00\" \/>\n<meta property=\"article:modified_time\" content=\"2017-12-27T20:12:03+00:00\" \/>\n<meta property=\"og:image\" content=\"http:\/\/www.bellunopress.it\/wp-content\/uploads\/2012\/07\/daniele-trabucco.jpg\" \/>\n<meta name=\"author\" content=\"redazione\" \/>\n<meta name=\"twitter:card\" content=\"summary_large_image\" \/>\n<meta name=\"twitter:creator\" content=\"@bellunopress\" \/>\n<meta name=\"twitter:site\" content=\"@bellunopress\" \/>\n<meta name=\"twitter:label1\" content=\"\u00c9crit par\" \/>\n\t<meta name=\"twitter:data1\" content=\"redazione\" \/>\n\t<meta name=\"twitter:label2\" content=\"Dur\u00e9e de lecture estim\u00e9e\" \/>\n\t<meta name=\"twitter:data2\" content=\"2 minutes\" \/>\n<script type=\"application\/ld+json\" class=\"yoast-schema-graph\">{\"@context\":\"https:\\\/\\\/schema.org\",\"@graph\":[{\"@type\":\"Article\",\"@id\":\"https:\\\/\\\/www.bellunopress.it\\\/2017\\\/12\\\/27\\\/referendum-provinciale-e-richieste-di-maggiore-autonomie-lo-strano-caso-della-provincia-di-belluno-nel-libro-di-trabucco-e-de-dona\\\/#article\",\"isPartOf\":{\"@id\":\"https:\\\/\\\/www.bellunopress.it\\\/2017\\\/12\\\/27\\\/referendum-provinciale-e-richieste-di-maggiore-autonomie-lo-strano-caso-della-provincia-di-belluno-nel-libro-di-trabucco-e-de-dona\\\/\"},\"author\":{\"name\":\"redazione\",\"@id\":\"https:\\\/\\\/www.bellunopress.it\\\/#\\\/schema\\\/person\\\/79bb06722b37ece1c03d3e94beb30d73\"},\"headline\":\"Referendum provinciale e richieste di maggiore autonomie. Lo strano caso della Provincia di Belluno nel libro di Trabucco e De Don\u00e0\",\"datePublished\":\"2017-12-27T20:12:02+00:00\",\"dateModified\":\"2017-12-27T20:12:03+00:00\",\"mainEntityOfPage\":{\"@id\":\"https:\\\/\\\/www.bellunopress.it\\\/2017\\\/12\\\/27\\\/referendum-provinciale-e-richieste-di-maggiore-autonomie-lo-strano-caso-della-provincia-di-belluno-nel-libro-di-trabucco-e-de-dona\\\/\"},\"wordCount\":481,\"publisher\":{\"@id\":\"https:\\\/\\\/www.bellunopress.it\\\/#organization\"},\"image\":{\"@id\":\"https:\\\/\\\/www.bellunopress.it\\\/2017\\\/12\\\/27\\\/referendum-provinciale-e-richieste-di-maggiore-autonomie-lo-strano-caso-della-provincia-di-belluno-nel-libro-di-trabucco-e-de-dona\\\/#primaryimage\"},\"thumbnailUrl\":\"http:\\\/\\\/www.bellunopress.it\\\/wp-content\\\/uploads\\\/2012\\\/07\\\/daniele-trabucco.jpg\",\"articleSection\":[\"Arte, Cultura, Spettacoli, Scienza\",\"Prima Pagina\"],\"inLanguage\":\"fr-FR\"},{\"@type\":\"WebPage\",\"@id\":\"https:\\\/\\\/www.bellunopress.it\\\/2017\\\/12\\\/27\\\/referendum-provinciale-e-richieste-di-maggiore-autonomie-lo-strano-caso-della-provincia-di-belluno-nel-libro-di-trabucco-e-de-dona\\\/\",\"url\":\"https:\\\/\\\/www.bellunopress.it\\\/2017\\\/12\\\/27\\\/referendum-provinciale-e-richieste-di-maggiore-autonomie-lo-strano-caso-della-provincia-di-belluno-nel-libro-di-trabucco-e-de-dona\\\/\",\"name\":\"Referendum provinciale e richieste di maggiore autonomie. Lo strano caso della Provincia di Belluno nel libro di Trabucco e De Don\u00e0 - Bellunopress - Dolomiti\",\"isPartOf\":{\"@id\":\"https:\\\/\\\/www.bellunopress.it\\\/#website\"},\"primaryImageOfPage\":{\"@id\":\"https:\\\/\\\/www.bellunopress.it\\\/2017\\\/12\\\/27\\\/referendum-provinciale-e-richieste-di-maggiore-autonomie-lo-strano-caso-della-provincia-di-belluno-nel-libro-di-trabucco-e-de-dona\\\/#primaryimage\"},\"image\":{\"@id\":\"https:\\\/\\\/www.bellunopress.it\\\/2017\\\/12\\\/27\\\/referendum-provinciale-e-richieste-di-maggiore-autonomie-lo-strano-caso-della-provincia-di-belluno-nel-libro-di-trabucco-e-de-dona\\\/#primaryimage\"},\"thumbnailUrl\":\"http:\\\/\\\/www.bellunopress.it\\\/wp-content\\\/uploads\\\/2012\\\/07\\\/daniele-trabucco.jpg\",\"datePublished\":\"2017-12-27T20:12:02+00:00\",\"dateModified\":\"2017-12-27T20:12:03+00:00\",\"breadcrumb\":{\"@id\":\"https:\\\/\\\/www.bellunopress.it\\\/2017\\\/12\\\/27\\\/referendum-provinciale-e-richieste-di-maggiore-autonomie-lo-strano-caso-della-provincia-di-belluno-nel-libro-di-trabucco-e-de-dona\\\/#breadcrumb\"},\"inLanguage\":\"fr-FR\",\"potentialAction\":[{\"@type\":\"ReadAction\",\"target\":[\"https:\\\/\\\/www.bellunopress.it\\\/2017\\\/12\\\/27\\\/referendum-provinciale-e-richieste-di-maggiore-autonomie-lo-strano-caso-della-provincia-di-belluno-nel-libro-di-trabucco-e-de-dona\\\/\"]}]},{\"@type\":\"ImageObject\",\"inLanguage\":\"fr-FR\",\"@id\":\"https:\\\/\\\/www.bellunopress.it\\\/2017\\\/12\\\/27\\\/referendum-provinciale-e-richieste-di-maggiore-autonomie-lo-strano-caso-della-provincia-di-belluno-nel-libro-di-trabucco-e-de-dona\\\/#primaryimage\",\"url\":\"http:\\\/\\\/www.bellunopress.it\\\/wp-content\\\/uploads\\\/2012\\\/07\\\/daniele-trabucco.jpg\",\"contentUrl\":\"http:\\\/\\\/www.bellunopress.it\\\/wp-content\\\/uploads\\\/2012\\\/07\\\/daniele-trabucco.jpg\"},{\"@type\":\"BreadcrumbList\",\"@id\":\"https:\\\/\\\/www.bellunopress.it\\\/2017\\\/12\\\/27\\\/referendum-provinciale-e-richieste-di-maggiore-autonomie-lo-strano-caso-della-provincia-di-belluno-nel-libro-di-trabucco-e-de-dona\\\/#breadcrumb\",\"itemListElement\":[{\"@type\":\"ListItem\",\"position\":1,\"name\":\"Home\",\"item\":\"https:\\\/\\\/www.bellunopress.it\\\/\"},{\"@type\":\"ListItem\",\"position\":2,\"name\":\"Referendum provinciale e richieste di maggiore autonomie. Lo strano caso della Provincia di Belluno nel libro di Trabucco e De Don\u00e0\"}]},{\"@type\":\"WebSite\",\"@id\":\"https:\\\/\\\/www.bellunopress.it\\\/#website\",\"url\":\"https:\\\/\\\/www.bellunopress.it\\\/\",\"name\":\"Bellunopress - Dolomiti\",\"description\":\"e-mail: redazione@bellunopress.it\",\"publisher\":{\"@id\":\"https:\\\/\\\/www.bellunopress.it\\\/#organization\"},\"potentialAction\":[{\"@type\":\"SearchAction\",\"target\":{\"@type\":\"EntryPoint\",\"urlTemplate\":\"https:\\\/\\\/www.bellunopress.it\\\/?s={search_term_string}\"},\"query-input\":{\"@type\":\"PropertyValueSpecification\",\"valueRequired\":true,\"valueName\":\"search_term_string\"}}],\"inLanguage\":\"fr-FR\"},{\"@type\":\"Organization\",\"@id\":\"https:\\\/\\\/www.bellunopress.it\\\/#organization\",\"name\":\"Bellunopress\",\"url\":\"https:\\\/\\\/www.bellunopress.it\\\/\",\"logo\":{\"@type\":\"ImageObject\",\"inLanguage\":\"fr-FR\",\"@id\":\"https:\\\/\\\/www.bellunopress.it\\\/#\\\/schema\\\/logo\\\/image\\\/\",\"url\":\"https:\\\/\\\/www.bellunopress.it\\\/wp-content\\\/uploads\\\/2011\\\/05\\\/cropped-logo-bellunopress-.jpg\",\"contentUrl\":\"https:\\\/\\\/www.bellunopress.it\\\/wp-content\\\/uploads\\\/2011\\\/05\\\/cropped-logo-bellunopress-.jpg\",\"width\":512,\"height\":512,\"caption\":\"Bellunopress\"},\"image\":{\"@id\":\"https:\\\/\\\/www.bellunopress.it\\\/#\\\/schema\\\/logo\\\/image\\\/\"},\"sameAs\":[\"https:\\\/\\\/www.facebook.com\\\/profile.php?id=100008943462799\",\"https:\\\/\\\/x.com\\\/bellunopress\",\"https:\\\/\\\/www.linkedin.com\\\/hp\\\/?dnr=JBzUWaJfMUw8vbXJJ2tVW5-I3jZKvC4wsoxE&amp;amp;amp;amp;amp;amp;trk=nav_responsive_tab_home\",\"https:\\\/\\\/www.youtube.com\\\/channel\\\/UCxL0wu1uN0_3_7hGG0306cw\"]},{\"@type\":\"Person\",\"@id\":\"https:\\\/\\\/www.bellunopress.it\\\/#\\\/schema\\\/person\\\/79bb06722b37ece1c03d3e94beb30d73\",\"name\":\"redazione\",\"image\":{\"@type\":\"ImageObject\",\"inLanguage\":\"fr-FR\",\"@id\":\"https:\\\/\\\/secure.gravatar.com\\\/avatar\\\/37d968a2e67a6fd04c169c4bdef102d0bc5d31b2546345219e348575eb80e9a0?s=96&d=mm&r=g\",\"url\":\"https:\\\/\\\/secure.gravatar.com\\\/avatar\\\/37d968a2e67a6fd04c169c4bdef102d0bc5d31b2546345219e348575eb80e9a0?s=96&d=mm&r=g\",\"contentUrl\":\"https:\\\/\\\/secure.gravatar.com\\\/avatar\\\/37d968a2e67a6fd04c169c4bdef102d0bc5d31b2546345219e348575eb80e9a0?s=96&d=mm&r=g\",\"caption\":\"redazione\"},\"sameAs\":[\"http:\\\/\\\/www.bellunopress.it\",\"https:\\\/\\\/x.com\\\/bellunopress\"],\"url\":\"https:\\\/\\\/www.bellunopress.it\\\/fr\\\/author\\\/redazione\\\/\"}]}<\/script>\n<!-- \/ Yoast SEO plugin. -->","yoast_head_json":{"title":"Referendum provinciale e richieste di maggiore autonomie. Lo strano caso della Provincia di Belluno nel libro di Trabucco e De Don\u00e0 - Bellunopress - Dolomiti","robots":{"index":"index","follow":"follow","max-snippet":"max-snippet:-1","max-image-preview":"max-image-preview:large","max-video-preview":"max-video-preview:-1"},"canonical":"https:\/\/www.bellunopress.it\/fr\/2017\/12\/27\/referendum-provinciale-e-richieste-di-maggiore-autonomie-lo-strano-caso-della-provincia-di-belluno-nel-libro-di-trabucco-e-de-dona\/","og_locale":"fr_FR","og_type":"article","og_title":"Referendum provinciale e richieste di maggiore autonomie. Lo strano caso della Provincia di Belluno nel libro di Trabucco e De Don\u00e0 - Bellunopress - Dolomiti","og_description":"E&#8217; uscito in questi giorni per i tipi della Editoriale Scientifica di Napoli, nella prestigiosa collana \u00abStudi di attualit\u00e0 giuridiche\u00bb, il libro di Daniele Trabucco (Universit\u00e0 di Padova) e Michelangelo De Don\u00e0 (Universit\u00e0 di Pavia) dal titolo \u00abReferendum provinciale e richieste di maggiore autonomie. Lo \u201cstrano caso\u201d della provincia di Belluno\u00bb. Partendo dall\u2019indizione di un [&hellip;]","og_url":"https:\/\/www.bellunopress.it\/fr\/2017\/12\/27\/referendum-provinciale-e-richieste-di-maggiore-autonomie-lo-strano-caso-della-provincia-di-belluno-nel-libro-di-trabucco-e-de-dona\/","og_site_name":"Bellunopress - Dolomiti","article_publisher":"https:\/\/www.facebook.com\/profile.php?id=100008943462799","article_published_time":"2017-12-27T20:12:02+00:00","article_modified_time":"2017-12-27T20:12:03+00:00","og_image":[{"url":"http:\/\/www.bellunopress.it\/wp-content\/uploads\/2012\/07\/daniele-trabucco.jpg","type":"","width":"","height":""}],"author":"redazione","twitter_card":"summary_large_image","twitter_creator":"@bellunopress","twitter_site":"@bellunopress","twitter_misc":{"\u00c9crit par":"redazione","Dur\u00e9e de lecture estim\u00e9e":"2 minutes"},"schema":{"@context":"https:\/\/schema.org","@graph":[{"@type":"Article","@id":"https:\/\/www.bellunopress.it\/2017\/12\/27\/referendum-provinciale-e-richieste-di-maggiore-autonomie-lo-strano-caso-della-provincia-di-belluno-nel-libro-di-trabucco-e-de-dona\/#article","isPartOf":{"@id":"https:\/\/www.bellunopress.it\/2017\/12\/27\/referendum-provinciale-e-richieste-di-maggiore-autonomie-lo-strano-caso-della-provincia-di-belluno-nel-libro-di-trabucco-e-de-dona\/"},"author":{"name":"redazione","@id":"https:\/\/www.bellunopress.it\/#\/schema\/person\/79bb06722b37ece1c03d3e94beb30d73"},"headline":"Referendum provinciale e richieste di maggiore autonomie. Lo strano caso della Provincia di Belluno nel libro di Trabucco e De Don\u00e0","datePublished":"2017-12-27T20:12:02+00:00","dateModified":"2017-12-27T20:12:03+00:00","mainEntityOfPage":{"@id":"https:\/\/www.bellunopress.it\/2017\/12\/27\/referendum-provinciale-e-richieste-di-maggiore-autonomie-lo-strano-caso-della-provincia-di-belluno-nel-libro-di-trabucco-e-de-dona\/"},"wordCount":481,"publisher":{"@id":"https:\/\/www.bellunopress.it\/#organization"},"image":{"@id":"https:\/\/www.bellunopress.it\/2017\/12\/27\/referendum-provinciale-e-richieste-di-maggiore-autonomie-lo-strano-caso-della-provincia-di-belluno-nel-libro-di-trabucco-e-de-dona\/#primaryimage"},"thumbnailUrl":"http:\/\/www.bellunopress.it\/wp-content\/uploads\/2012\/07\/daniele-trabucco.jpg","articleSection":["Arte, Cultura, Spettacoli, Scienza","Prima Pagina"],"inLanguage":"fr-FR"},{"@type":"WebPage","@id":"https:\/\/www.bellunopress.it\/2017\/12\/27\/referendum-provinciale-e-richieste-di-maggiore-autonomie-lo-strano-caso-della-provincia-di-belluno-nel-libro-di-trabucco-e-de-dona\/","url":"https:\/\/www.bellunopress.it\/2017\/12\/27\/referendum-provinciale-e-richieste-di-maggiore-autonomie-lo-strano-caso-della-provincia-di-belluno-nel-libro-di-trabucco-e-de-dona\/","name":"Referendum provinciale e richieste di maggiore autonomie. Lo strano caso della Provincia di Belluno nel libro di Trabucco e De Don\u00e0 - Bellunopress - Dolomiti","isPartOf":{"@id":"https:\/\/www.bellunopress.it\/#website"},"primaryImageOfPage":{"@id":"https:\/\/www.bellunopress.it\/2017\/12\/27\/referendum-provinciale-e-richieste-di-maggiore-autonomie-lo-strano-caso-della-provincia-di-belluno-nel-libro-di-trabucco-e-de-dona\/#primaryimage"},"image":{"@id":"https:\/\/www.bellunopress.it\/2017\/12\/27\/referendum-provinciale-e-richieste-di-maggiore-autonomie-lo-strano-caso-della-provincia-di-belluno-nel-libro-di-trabucco-e-de-dona\/#primaryimage"},"thumbnailUrl":"http:\/\/www.bellunopress.it\/wp-content\/uploads\/2012\/07\/daniele-trabucco.jpg","datePublished":"2017-12-27T20:12:02+00:00","dateModified":"2017-12-27T20:12:03+00:00","breadcrumb":{"@id":"https:\/\/www.bellunopress.it\/2017\/12\/27\/referendum-provinciale-e-richieste-di-maggiore-autonomie-lo-strano-caso-della-provincia-di-belluno-nel-libro-di-trabucco-e-de-dona\/#breadcrumb"},"inLanguage":"fr-FR","potentialAction":[{"@type":"ReadAction","target":["https:\/\/www.bellunopress.it\/2017\/12\/27\/referendum-provinciale-e-richieste-di-maggiore-autonomie-lo-strano-caso-della-provincia-di-belluno-nel-libro-di-trabucco-e-de-dona\/"]}]},{"@type":"ImageObject","inLanguage":"fr-FR","@id":"https:\/\/www.bellunopress.it\/2017\/12\/27\/referendum-provinciale-e-richieste-di-maggiore-autonomie-lo-strano-caso-della-provincia-di-belluno-nel-libro-di-trabucco-e-de-dona\/#primaryimage","url":"http:\/\/www.bellunopress.it\/wp-content\/uploads\/2012\/07\/daniele-trabucco.jpg","contentUrl":"http:\/\/www.bellunopress.it\/wp-content\/uploads\/2012\/07\/daniele-trabucco.jpg"},{"@type":"BreadcrumbList","@id":"https:\/\/www.bellunopress.it\/2017\/12\/27\/referendum-provinciale-e-richieste-di-maggiore-autonomie-lo-strano-caso-della-provincia-di-belluno-nel-libro-di-trabucco-e-de-dona\/#breadcrumb","itemListElement":[{"@type":"ListItem","position":1,"name":"Home","item":"https:\/\/www.bellunopress.it\/"},{"@type":"ListItem","position":2,"name":"Referendum provinciale e richieste di maggiore autonomie. Lo strano caso della Provincia di Belluno nel libro di Trabucco e De Don\u00e0"}]},{"@type":"WebSite","@id":"https:\/\/www.bellunopress.it\/#website","url":"https:\/\/www.bellunopress.it\/","name":"Bellunopress - Dolomiti","description":"e-mail: redazione@bellunopress.it","publisher":{"@id":"https:\/\/www.bellunopress.it\/#organization"},"potentialAction":[{"@type":"SearchAction","target":{"@type":"EntryPoint","urlTemplate":"https:\/\/www.bellunopress.it\/?s={search_term_string}"},"query-input":{"@type":"PropertyValueSpecification","valueRequired":true,"valueName":"search_term_string"}}],"inLanguage":"fr-FR"},{"@type":"Organization","@id":"https:\/\/www.bellunopress.it\/#organization","name":"Bellunopress","url":"https:\/\/www.bellunopress.it\/","logo":{"@type":"ImageObject","inLanguage":"fr-FR","@id":"https:\/\/www.bellunopress.it\/#\/schema\/logo\/image\/","url":"https:\/\/www.bellunopress.it\/wp-content\/uploads\/2011\/05\/cropped-logo-bellunopress-.jpg","contentUrl":"https:\/\/www.bellunopress.it\/wp-content\/uploads\/2011\/05\/cropped-logo-bellunopress-.jpg","width":512,"height":512,"caption":"Bellunopress"},"image":{"@id":"https:\/\/www.bellunopress.it\/#\/schema\/logo\/image\/"},"sameAs":["https:\/\/www.facebook.com\/profile.php?id=100008943462799","https:\/\/x.com\/bellunopress","https:\/\/www.linkedin.com\/hp\/?dnr=JBzUWaJfMUw8vbXJJ2tVW5-I3jZKvC4wsoxE&amp;amp;amp;amp;amp;amp;trk=nav_responsive_tab_home","https:\/\/www.youtube.com\/channel\/UCxL0wu1uN0_3_7hGG0306cw"]},{"@type":"Person","@id":"https:\/\/www.bellunopress.it\/#\/schema\/person\/79bb06722b37ece1c03d3e94beb30d73","name":"r\u00e9daction","image":{"@type":"ImageObject","inLanguage":"fr-FR","@id":"https:\/\/secure.gravatar.com\/avatar\/37d968a2e67a6fd04c169c4bdef102d0bc5d31b2546345219e348575eb80e9a0?s=96&d=mm&r=g","url":"https:\/\/secure.gravatar.com\/avatar\/37d968a2e67a6fd04c169c4bdef102d0bc5d31b2546345219e348575eb80e9a0?s=96&d=mm&r=g","contentUrl":"https:\/\/secure.gravatar.com\/avatar\/37d968a2e67a6fd04c169c4bdef102d0bc5d31b2546345219e348575eb80e9a0?s=96&d=mm&r=g","caption":"redazione"},"sameAs":["http:\/\/www.bellunopress.it","https:\/\/x.com\/bellunopress"],"url":"https:\/\/www.bellunopress.it\/fr\/author\/redazione\/"}]}},"_links":{"self":[{"href":"https:\/\/www.bellunopress.it\/fr\/wp-json\/wp\/v2\/posts\/91782","targetHints":{"allow":["GET"]}}],"collection":[{"href":"https:\/\/www.bellunopress.it\/fr\/wp-json\/wp\/v2\/posts"}],"about":[{"href":"https:\/\/www.bellunopress.it\/fr\/wp-json\/wp\/v2\/types\/post"}],"author":[{"embeddable":true,"href":"https:\/\/www.bellunopress.it\/fr\/wp-json\/wp\/v2\/users\/2"}],"replies":[{"embeddable":true,"href":"https:\/\/www.bellunopress.it\/fr\/wp-json\/wp\/v2\/comments?post=91782"}],"version-history":[{"count":2,"href":"https:\/\/www.bellunopress.it\/fr\/wp-json\/wp\/v2\/posts\/91782\/revisions"}],"predecessor-version":[{"id":91785,"href":"https:\/\/www.bellunopress.it\/fr\/wp-json\/wp\/v2\/posts\/91782\/revisions\/91785"}],"wp:attachment":[{"href":"https:\/\/www.bellunopress.it\/fr\/wp-json\/wp\/v2\/media?parent=91782"}],"wp:term":[{"taxonomy":"category","embeddable":true,"href":"https:\/\/www.bellunopress.it\/fr\/wp-json\/wp\/v2\/categories?post=91782"},{"taxonomy":"post_tag","embeddable":true,"href":"https:\/\/www.bellunopress.it\/fr\/wp-json\/wp\/v2\/tags?post=91782"}],"curies":[{"name":"wp","href":"https:\/\/api.w.org\/{rel}","templated":true}]}}