{"id":91776,"date":"2017-12-27T20:37:46","date_gmt":"2017-12-27T19:37:46","guid":{"rendered":"http:\/\/www.bellunopress.it\/?p=91776"},"modified":"2018-03-06T15:30:37","modified_gmt":"2018-03-06T14:30:37","slug":"axelero-innovazione-nel-bellunese","status":"publish","type":"post","link":"https:\/\/www.bellunopress.it\/fr\/2017\/12\/27\/axelero-innovazione-nel-bellunese\/","title":{"rendered":"axelero, innovazione nel Bellunese"},"content":{"rendered":"<p align=\"LEFT\">Modello di successo negli Stati Uniti e nel Nord Europa, la start up rappresenta una realt\u00e0 viva, un modello imprenditoriale che si sta diffondendo anche in Italia e nel Bellunese. Le piccole dimensioni tipiche delle imprese del territorio, unite alla voglia di innovazione e di digitalizzazione degli imprenditori, stanno dando vita a una ricetta di business particolarmente interessante. La scommessa vincente di un numero sempre pi\u00f9 grande di PMI che hanno deciso di affrontare le sfide della digitalizzazione in maniera seria e consapevole.<\/p>\n<p align=\"LEFT\"><a href=\"http:\/\/www.bellunopress.it\/fr\/2017\/12\/27\/axelero-innovazione-nel-bellunese\/axelero-innovazione-nel-bellunese\/\" rel=\"attachment wp-att-91777\"><img loading=\"lazy\" decoding=\"async\" class=\"alignleft size-full wp-image-91777\" src=\"http:\/\/www.bellunopress.it\/wp-content\/uploads\/2017\/12\/axelero-innovazione-nel-bellunese.jpg\" alt=\"\" width=\"300\" height=\"200\" \/><\/a>All\u2019interno di questo panorama generale si inseriscono le recensioni e le opinioni delle digital company axelero, con sede a Milano e specializzata nel settore dell\u2019innovazione e dell\u2019industria 4.0. axelero \u00e8 un\u2019azienda che vede nel potenziale delle start-up un vero punto di svolta per l\u2019economia del territorio, offrendo agli imprenditori che intendono cogliere le opportunit\u00e0 del mercato consulenza, indicazioni e servizi informatici di diverso genere.<\/p>\n<p align=\"LEFT\">L\u2019alto contenuto innovativo delle start up del Bellunese, spesso specializzate nel mondo dell\u2019informatica e della tecnologia, pu\u00f2 essere impiegato anche nella gestione o nell\u2019offerta di PMI attive anche in settori differenti, come nei mercati pi\u00f9 tradizionali. Le stesse recensioni di axelero individuano nella versatilit\u00e0 degli strumenti del web una strategia di vendita e produzione, basata sulle nuove tecnologie, estremamente utile per varie tipologie di attivit\u00e0. Su questo fronte l\u2019azienda milanese ha avviato un progetto pensato per aziende e professionisti che vogliono ampliare la loro presenza sul web, una serie di guide e risorse online dedicate ai diversi settori merceologici, un esempio nel sito realizzato da <a href=\"http:\/\/mysuite.it\/\">axelero<\/a> per tutti i professionisti del settore salute.<\/p>\n<p align=\"LEFT\">Considerata la popolarit\u00e0 sempre crescente dello shopping elettronico, per esempio, sono diverse le imprese che decidono di fornirsi di un portale informativo, di vendita, o anche solo promozionale. Anche per quanto riguarda l\u2019attivit\u00e0 in azienda, a giudicare dalle recensioni di axelero, la gestione della produzione pu\u00f2 risultare semplificata, pi\u00f9 veloce ed efficiente, con l\u2019implementazione di soluzioni digital sviluppate ad hoc per le necessit\u00e0 dell\u2019impresa.<\/p>\n<p align=\"LEFT\">Con l\u2019apporto degli specialisti informatici e dei professionisti dell\u2019innovazione, il senso pratico e del lavoro incentrato sulla qualit\u00e0 del prodotto tipico delle attivit\u00e0 nostrane trova nelle innovazioni presenti sul mercato un positivo alleato per la crescita.<\/p>\n<p align=\"LEFT\">axelero evidenzia come la digitalizzazione offra una vasta scelta di possibilit\u00e0. Si tratta di un investimento utile per microaziende e realt\u00e0 dalle piccole dimensioni, che possono approfittare della forza di canali di marketing come Facebook, Google e YouTube, per costruire una brand image di successo in poco tempo e anche con un budget limitato. Ma questo non esclude le grandi aziende, che dal digitale possono trarre spunti e idee per una crescita duratura nel tempo.<\/p>\n<p align=\"LEFT\">L\u2019opinione delle aziende del settore si concentra proprio sul fatto che il dinamismo che oggi caratterizza la competizione per soddisfare i consumatori, sempre pi\u00f9 esigenti, rende possibile che attivit\u00e0 solidamente ancorate al proprio mercato possano sfruttare le innovazioni della cultura delle start up e dell\u2019industria 4.0, ed apprezzare sul fatturato i benefici di un approccio digitale al lavoro.<\/p>\n<p align=\"LEFT\">La digitalizzazione delle imprese \u00e8 un fenomeno che investe industrie di tutti i settori, e dalle dimensioni differenti, grazie alla capacit\u00e0 del boom tecnologico di internet degli ultimi anni, che ha permesso di ampliare i mercati disponibili alle vastissime frontiere del commercio online. Con corsi di aggiornamento, bandi informativi, e diversi tipi di sostegno economico alle imprese che decidono di puntare alla svolta innovativa sul web con le nuove tecnologie, il territorio di Belluno sembra essere ormai maturo per prepararsi a un nuovo approccio alla produzione e al business.<\/p>\n<p align=\"LEFT\">La sinergia tra PMI venete e nuove aziende specializzate nell\u2019informatica e nel marketing online si rivela gi\u00e0 promettente. Se, come recensito da axelero, il trend sempre pi\u00f9 importante del digital verr\u00e0 cavalcato a dovere, con seriet\u00e0 e consapevolezza, il territorio andr\u00e0 a brillare ancora una volta per la potenza innovativa e la qualit\u00e0 dei prodotti e dell\u2019offerta che hanno gi\u00e0 caratterizzato in passato il mercato della regione.<\/p>","protected":false},"excerpt":{"rendered":"<p>Modello di successo negli Stati Uniti e nel Nord Europa, la start up rappresenta una realt\u00e0 viva, un modello imprenditoriale che si sta diffondendo anche in Italia e nel Bellunese. Le piccole dimensioni tipiche delle imprese del territorio, unite alla voglia di innovazione e di digitalizzazione degli imprenditori, stanno dando vita a una ricetta di [&hellip;]<\/p>\n","protected":false},"author":2,"featured_media":0,"comment_status":"closed","ping_status":"open","sticky":false,"template":"","format":"standard","meta":{"footnotes":""},"categories":[25,50],"tags":[],"class_list":["post-91776","post","type-post","status-publish","format-standard","category-pausa-caffe","category-pubbliredazionali"],"yoast_head":"<!-- This site is optimized with the Yoast SEO plugin v28.4 - https:\/\/yoast.com\/product\/yoast-seo-wordpress\/ -->\n<title>axelero, innovazione nel Bellunese - Bellunopress - Dolomiti<\/title>\n<meta name=\"robots\" content=\"index, follow, max-snippet:-1, max-image-preview:large, max-video-preview:-1\" \/>\n<link rel=\"canonical\" href=\"https:\/\/www.bellunopress.it\/fr\/2017\/12\/27\/axelero-innovazione-nel-bellunese\/\" \/>\n<meta property=\"og:locale\" content=\"fr_FR\" \/>\n<meta property=\"og:type\" content=\"article\" \/>\n<meta property=\"og:title\" content=\"axelero, innovazione nel Bellunese - Bellunopress - Dolomiti\" \/>\n<meta property=\"og:description\" content=\"Modello di successo negli Stati Uniti e nel Nord Europa, la start up rappresenta una realt\u00e0 viva, un modello imprenditoriale che si sta diffondendo anche in Italia e nel Bellunese. Le piccole dimensioni tipiche delle imprese del territorio, unite alla voglia di innovazione e di digitalizzazione degli imprenditori, stanno dando vita a una ricetta di [&hellip;]\" \/>\n<meta property=\"og:url\" content=\"https:\/\/www.bellunopress.it\/fr\/2017\/12\/27\/axelero-innovazione-nel-bellunese\/\" \/>\n<meta property=\"og:site_name\" content=\"Bellunopress - Dolomiti\" \/>\n<meta property=\"article:publisher\" content=\"https:\/\/www.facebook.com\/profile.php?id=100008943462799\" \/>\n<meta property=\"article:published_time\" content=\"2017-12-27T19:37:46+00:00\" \/>\n<meta property=\"article:modified_time\" content=\"2018-03-06T14:30:37+00:00\" \/>\n<meta property=\"og:image\" content=\"http:\/\/www.bellunopress.it\/wp-content\/uploads\/2017\/12\/axelero-innovazione-nel-bellunese.jpg\" \/>\n<meta name=\"author\" content=\"redazione\" \/>\n<meta name=\"twitter:card\" content=\"summary_large_image\" \/>\n<meta name=\"twitter:creator\" content=\"@bellunopress\" \/>\n<meta name=\"twitter:site\" content=\"@bellunopress\" \/>\n<meta name=\"twitter:label1\" content=\"\u00c9crit par\" \/>\n\t<meta name=\"twitter:data1\" content=\"redazione\" \/>\n\t<meta name=\"twitter:label2\" content=\"Dur\u00e9e de lecture estim\u00e9e\" \/>\n\t<meta name=\"twitter:data2\" content=\"3 minutes\" \/>\n<script type=\"application\/ld+json\" class=\"yoast-schema-graph\">{\"@context\":\"https:\\\/\\\/schema.org\",\"@graph\":[{\"@type\":\"Article\",\"@id\":\"https:\\\/\\\/www.bellunopress.it\\\/2017\\\/12\\\/27\\\/axelero-innovazione-nel-bellunese\\\/#article\",\"isPartOf\":{\"@id\":\"https:\\\/\\\/www.bellunopress.it\\\/2017\\\/12\\\/27\\\/axelero-innovazione-nel-bellunese\\\/\"},\"author\":{\"name\":\"redazione\",\"@id\":\"https:\\\/\\\/www.bellunopress.it\\\/#\\\/schema\\\/person\\\/79bb06722b37ece1c03d3e94beb30d73\"},\"headline\":\"axelero, innovazione nel Bellunese\",\"datePublished\":\"2017-12-27T19:37:46+00:00\",\"dateModified\":\"2018-03-06T14:30:37+00:00\",\"mainEntityOfPage\":{\"@id\":\"https:\\\/\\\/www.bellunopress.it\\\/2017\\\/12\\\/27\\\/axelero-innovazione-nel-bellunese\\\/\"},\"wordCount\":667,\"publisher\":{\"@id\":\"https:\\\/\\\/www.bellunopress.it\\\/#organization\"},\"image\":{\"@id\":\"https:\\\/\\\/www.bellunopress.it\\\/2017\\\/12\\\/27\\\/axelero-innovazione-nel-bellunese\\\/#primaryimage\"},\"thumbnailUrl\":\"http:\\\/\\\/www.bellunopress.it\\\/wp-content\\\/uploads\\\/2017\\\/12\\\/axelero-innovazione-nel-bellunese.jpg\",\"articleSection\":[\"Pausa Caff\u00e8\",\"Pubbliredazionali\"],\"inLanguage\":\"fr-FR\"},{\"@type\":\"WebPage\",\"@id\":\"https:\\\/\\\/www.bellunopress.it\\\/2017\\\/12\\\/27\\\/axelero-innovazione-nel-bellunese\\\/\",\"url\":\"https:\\\/\\\/www.bellunopress.it\\\/2017\\\/12\\\/27\\\/axelero-innovazione-nel-bellunese\\\/\",\"name\":\"axelero, innovazione nel Bellunese - Bellunopress - Dolomiti\",\"isPartOf\":{\"@id\":\"https:\\\/\\\/www.bellunopress.it\\\/#website\"},\"primaryImageOfPage\":{\"@id\":\"https:\\\/\\\/www.bellunopress.it\\\/2017\\\/12\\\/27\\\/axelero-innovazione-nel-bellunese\\\/#primaryimage\"},\"image\":{\"@id\":\"https:\\\/\\\/www.bellunopress.it\\\/2017\\\/12\\\/27\\\/axelero-innovazione-nel-bellunese\\\/#primaryimage\"},\"thumbnailUrl\":\"http:\\\/\\\/www.bellunopress.it\\\/wp-content\\\/uploads\\\/2017\\\/12\\\/axelero-innovazione-nel-bellunese.jpg\",\"datePublished\":\"2017-12-27T19:37:46+00:00\",\"dateModified\":\"2018-03-06T14:30:37+00:00\",\"breadcrumb\":{\"@id\":\"https:\\\/\\\/www.bellunopress.it\\\/2017\\\/12\\\/27\\\/axelero-innovazione-nel-bellunese\\\/#breadcrumb\"},\"inLanguage\":\"fr-FR\",\"potentialAction\":[{\"@type\":\"ReadAction\",\"target\":[\"https:\\\/\\\/www.bellunopress.it\\\/2017\\\/12\\\/27\\\/axelero-innovazione-nel-bellunese\\\/\"]}]},{\"@type\":\"ImageObject\",\"inLanguage\":\"fr-FR\",\"@id\":\"https:\\\/\\\/www.bellunopress.it\\\/2017\\\/12\\\/27\\\/axelero-innovazione-nel-bellunese\\\/#primaryimage\",\"url\":\"http:\\\/\\\/www.bellunopress.it\\\/wp-content\\\/uploads\\\/2017\\\/12\\\/axelero-innovazione-nel-bellunese.jpg\",\"contentUrl\":\"http:\\\/\\\/www.bellunopress.it\\\/wp-content\\\/uploads\\\/2017\\\/12\\\/axelero-innovazione-nel-bellunese.jpg\"},{\"@type\":\"BreadcrumbList\",\"@id\":\"https:\\\/\\\/www.bellunopress.it\\\/2017\\\/12\\\/27\\\/axelero-innovazione-nel-bellunese\\\/#breadcrumb\",\"itemListElement\":[{\"@type\":\"ListItem\",\"position\":1,\"name\":\"Home\",\"item\":\"https:\\\/\\\/www.bellunopress.it\\\/\"},{\"@type\":\"ListItem\",\"position\":2,\"name\":\"axelero, innovazione nel Bellunese\"}]},{\"@type\":\"WebSite\",\"@id\":\"https:\\\/\\\/www.bellunopress.it\\\/#website\",\"url\":\"https:\\\/\\\/www.bellunopress.it\\\/\",\"name\":\"Bellunopress - Dolomiti\",\"description\":\"e-mail: redazione@bellunopress.it\",\"publisher\":{\"@id\":\"https:\\\/\\\/www.bellunopress.it\\\/#organization\"},\"potentialAction\":[{\"@type\":\"SearchAction\",\"target\":{\"@type\":\"EntryPoint\",\"urlTemplate\":\"https:\\\/\\\/www.bellunopress.it\\\/?s={search_term_string}\"},\"query-input\":{\"@type\":\"PropertyValueSpecification\",\"valueRequired\":true,\"valueName\":\"search_term_string\"}}],\"inLanguage\":\"fr-FR\"},{\"@type\":\"Organization\",\"@id\":\"https:\\\/\\\/www.bellunopress.it\\\/#organization\",\"name\":\"Bellunopress\",\"url\":\"https:\\\/\\\/www.bellunopress.it\\\/\",\"logo\":{\"@type\":\"ImageObject\",\"inLanguage\":\"fr-FR\",\"@id\":\"https:\\\/\\\/www.bellunopress.it\\\/#\\\/schema\\\/logo\\\/image\\\/\",\"url\":\"https:\\\/\\\/www.bellunopress.it\\\/wp-content\\\/uploads\\\/2011\\\/05\\\/cropped-logo-bellunopress-.jpg\",\"contentUrl\":\"https:\\\/\\\/www.bellunopress.it\\\/wp-content\\\/uploads\\\/2011\\\/05\\\/cropped-logo-bellunopress-.jpg\",\"width\":512,\"height\":512,\"caption\":\"Bellunopress\"},\"image\":{\"@id\":\"https:\\\/\\\/www.bellunopress.it\\\/#\\\/schema\\\/logo\\\/image\\\/\"},\"sameAs\":[\"https:\\\/\\\/www.facebook.com\\\/profile.php?id=100008943462799\",\"https:\\\/\\\/x.com\\\/bellunopress\",\"https:\\\/\\\/www.linkedin.com\\\/hp\\\/?dnr=JBzUWaJfMUw8vbXJJ2tVW5-I3jZKvC4wsoxE&amp;amp;amp;amp;amp;amp;trk=nav_responsive_tab_home\",\"https:\\\/\\\/www.youtube.com\\\/channel\\\/UCxL0wu1uN0_3_7hGG0306cw\"]},{\"@type\":\"Person\",\"@id\":\"https:\\\/\\\/www.bellunopress.it\\\/#\\\/schema\\\/person\\\/79bb06722b37ece1c03d3e94beb30d73\",\"name\":\"redazione\",\"image\":{\"@type\":\"ImageObject\",\"inLanguage\":\"fr-FR\",\"@id\":\"https:\\\/\\\/secure.gravatar.com\\\/avatar\\\/37d968a2e67a6fd04c169c4bdef102d0bc5d31b2546345219e348575eb80e9a0?s=96&d=mm&r=g\",\"url\":\"https:\\\/\\\/secure.gravatar.com\\\/avatar\\\/37d968a2e67a6fd04c169c4bdef102d0bc5d31b2546345219e348575eb80e9a0?s=96&d=mm&r=g\",\"contentUrl\":\"https:\\\/\\\/secure.gravatar.com\\\/avatar\\\/37d968a2e67a6fd04c169c4bdef102d0bc5d31b2546345219e348575eb80e9a0?s=96&d=mm&r=g\",\"caption\":\"redazione\"},\"sameAs\":[\"http:\\\/\\\/www.bellunopress.it\",\"https:\\\/\\\/x.com\\\/bellunopress\"],\"url\":\"https:\\\/\\\/www.bellunopress.it\\\/fr\\\/author\\\/redazione\\\/\"}]}<\/script>\n<!-- \/ Yoast SEO plugin. -->","yoast_head_json":{"title":"axelero, innovazione nel Bellunese - Bellunopress - Dolomiti","robots":{"index":"index","follow":"follow","max-snippet":"max-snippet:-1","max-image-preview":"max-image-preview:large","max-video-preview":"max-video-preview:-1"},"canonical":"https:\/\/www.bellunopress.it\/fr\/2017\/12\/27\/axelero-innovazione-nel-bellunese\/","og_locale":"fr_FR","og_type":"article","og_title":"axelero, innovazione nel Bellunese - Bellunopress - Dolomiti","og_description":"Modello di successo negli Stati Uniti e nel Nord Europa, la start up rappresenta una realt\u00e0 viva, un modello imprenditoriale che si sta diffondendo anche in Italia e nel Bellunese. Le piccole dimensioni tipiche delle imprese del territorio, unite alla voglia di innovazione e di digitalizzazione degli imprenditori, stanno dando vita a una ricetta di [&hellip;]","og_url":"https:\/\/www.bellunopress.it\/fr\/2017\/12\/27\/axelero-innovazione-nel-bellunese\/","og_site_name":"Bellunopress - Dolomiti","article_publisher":"https:\/\/www.facebook.com\/profile.php?id=100008943462799","article_published_time":"2017-12-27T19:37:46+00:00","article_modified_time":"2018-03-06T14:30:37+00:00","og_image":[{"url":"http:\/\/www.bellunopress.it\/wp-content\/uploads\/2017\/12\/axelero-innovazione-nel-bellunese.jpg","type":"","width":"","height":""}],"author":"redazione","twitter_card":"summary_large_image","twitter_creator":"@bellunopress","twitter_site":"@bellunopress","twitter_misc":{"\u00c9crit par":"redazione","Dur\u00e9e de lecture estim\u00e9e":"3 minutes"},"schema":{"@context":"https:\/\/schema.org","@graph":[{"@type":"Article","@id":"https:\/\/www.bellunopress.it\/2017\/12\/27\/axelero-innovazione-nel-bellunese\/#article","isPartOf":{"@id":"https:\/\/www.bellunopress.it\/2017\/12\/27\/axelero-innovazione-nel-bellunese\/"},"author":{"name":"redazione","@id":"https:\/\/www.bellunopress.it\/#\/schema\/person\/79bb06722b37ece1c03d3e94beb30d73"},"headline":"axelero, innovazione nel Bellunese","datePublished":"2017-12-27T19:37:46+00:00","dateModified":"2018-03-06T14:30:37+00:00","mainEntityOfPage":{"@id":"https:\/\/www.bellunopress.it\/2017\/12\/27\/axelero-innovazione-nel-bellunese\/"},"wordCount":667,"publisher":{"@id":"https:\/\/www.bellunopress.it\/#organization"},"image":{"@id":"https:\/\/www.bellunopress.it\/2017\/12\/27\/axelero-innovazione-nel-bellunese\/#primaryimage"},"thumbnailUrl":"http:\/\/www.bellunopress.it\/wp-content\/uploads\/2017\/12\/axelero-innovazione-nel-bellunese.jpg","articleSection":["Pausa Caff\u00e8","Pubbliredazionali"],"inLanguage":"fr-FR"},{"@type":"WebPage","@id":"https:\/\/www.bellunopress.it\/2017\/12\/27\/axelero-innovazione-nel-bellunese\/","url":"https:\/\/www.bellunopress.it\/2017\/12\/27\/axelero-innovazione-nel-bellunese\/","name":"axelero, innovazione nel Bellunese - Bellunopress - Dolomiti","isPartOf":{"@id":"https:\/\/www.bellunopress.it\/#website"},"primaryImageOfPage":{"@id":"https:\/\/www.bellunopress.it\/2017\/12\/27\/axelero-innovazione-nel-bellunese\/#primaryimage"},"image":{"@id":"https:\/\/www.bellunopress.it\/2017\/12\/27\/axelero-innovazione-nel-bellunese\/#primaryimage"},"thumbnailUrl":"http:\/\/www.bellunopress.it\/wp-content\/uploads\/2017\/12\/axelero-innovazione-nel-bellunese.jpg","datePublished":"2017-12-27T19:37:46+00:00","dateModified":"2018-03-06T14:30:37+00:00","breadcrumb":{"@id":"https:\/\/www.bellunopress.it\/2017\/12\/27\/axelero-innovazione-nel-bellunese\/#breadcrumb"},"inLanguage":"fr-FR","potentialAction":[{"@type":"ReadAction","target":["https:\/\/www.bellunopress.it\/2017\/12\/27\/axelero-innovazione-nel-bellunese\/"]}]},{"@type":"ImageObject","inLanguage":"fr-FR","@id":"https:\/\/www.bellunopress.it\/2017\/12\/27\/axelero-innovazione-nel-bellunese\/#primaryimage","url":"http:\/\/www.bellunopress.it\/wp-content\/uploads\/2017\/12\/axelero-innovazione-nel-bellunese.jpg","contentUrl":"http:\/\/www.bellunopress.it\/wp-content\/uploads\/2017\/12\/axelero-innovazione-nel-bellunese.jpg"},{"@type":"BreadcrumbList","@id":"https:\/\/www.bellunopress.it\/2017\/12\/27\/axelero-innovazione-nel-bellunese\/#breadcrumb","itemListElement":[{"@type":"ListItem","position":1,"name":"Home","item":"https:\/\/www.bellunopress.it\/"},{"@type":"ListItem","position":2,"name":"axelero, innovazione nel Bellunese"}]},{"@type":"WebSite","@id":"https:\/\/www.bellunopress.it\/#website","url":"https:\/\/www.bellunopress.it\/","name":"Bellunopress - Dolomiti","description":"e-mail: redazione@bellunopress.it","publisher":{"@id":"https:\/\/www.bellunopress.it\/#organization"},"potentialAction":[{"@type":"SearchAction","target":{"@type":"EntryPoint","urlTemplate":"https:\/\/www.bellunopress.it\/?s={search_term_string}"},"query-input":{"@type":"PropertyValueSpecification","valueRequired":true,"valueName":"search_term_string"}}],"inLanguage":"fr-FR"},{"@type":"Organization","@id":"https:\/\/www.bellunopress.it\/#organization","name":"Bellunopress","url":"https:\/\/www.bellunopress.it\/","logo":{"@type":"ImageObject","inLanguage":"fr-FR","@id":"https:\/\/www.bellunopress.it\/#\/schema\/logo\/image\/","url":"https:\/\/www.bellunopress.it\/wp-content\/uploads\/2011\/05\/cropped-logo-bellunopress-.jpg","contentUrl":"https:\/\/www.bellunopress.it\/wp-content\/uploads\/2011\/05\/cropped-logo-bellunopress-.jpg","width":512,"height":512,"caption":"Bellunopress"},"image":{"@id":"https:\/\/www.bellunopress.it\/#\/schema\/logo\/image\/"},"sameAs":["https:\/\/www.facebook.com\/profile.php?id=100008943462799","https:\/\/x.com\/bellunopress","https:\/\/www.linkedin.com\/hp\/?dnr=JBzUWaJfMUw8vbXJJ2tVW5-I3jZKvC4wsoxE&amp;amp;amp;amp;amp;amp;trk=nav_responsive_tab_home","https:\/\/www.youtube.com\/channel\/UCxL0wu1uN0_3_7hGG0306cw"]},{"@type":"Person","@id":"https:\/\/www.bellunopress.it\/#\/schema\/person\/79bb06722b37ece1c03d3e94beb30d73","name":"r\u00e9daction","image":{"@type":"ImageObject","inLanguage":"fr-FR","@id":"https:\/\/secure.gravatar.com\/avatar\/37d968a2e67a6fd04c169c4bdef102d0bc5d31b2546345219e348575eb80e9a0?s=96&d=mm&r=g","url":"https:\/\/secure.gravatar.com\/avatar\/37d968a2e67a6fd04c169c4bdef102d0bc5d31b2546345219e348575eb80e9a0?s=96&d=mm&r=g","contentUrl":"https:\/\/secure.gravatar.com\/avatar\/37d968a2e67a6fd04c169c4bdef102d0bc5d31b2546345219e348575eb80e9a0?s=96&d=mm&r=g","caption":"redazione"},"sameAs":["http:\/\/www.bellunopress.it","https:\/\/x.com\/bellunopress"],"url":"https:\/\/www.bellunopress.it\/fr\/author\/redazione\/"}]}},"_links":{"self":[{"href":"https:\/\/www.bellunopress.it\/fr\/wp-json\/wp\/v2\/posts\/91776","targetHints":{"allow":["GET"]}}],"collection":[{"href":"https:\/\/www.bellunopress.it\/fr\/wp-json\/wp\/v2\/posts"}],"about":[{"href":"https:\/\/www.bellunopress.it\/fr\/wp-json\/wp\/v2\/types\/post"}],"author":[{"embeddable":true,"href":"https:\/\/www.bellunopress.it\/fr\/wp-json\/wp\/v2\/users\/2"}],"replies":[{"embeddable":true,"href":"https:\/\/www.bellunopress.it\/fr\/wp-json\/wp\/v2\/comments?post=91776"}],"version-history":[{"count":6,"href":"https:\/\/www.bellunopress.it\/fr\/wp-json\/wp\/v2\/posts\/91776\/revisions"}],"predecessor-version":[{"id":92103,"href":"https:\/\/www.bellunopress.it\/fr\/wp-json\/wp\/v2\/posts\/91776\/revisions\/92103"}],"wp:attachment":[{"href":"https:\/\/www.bellunopress.it\/fr\/wp-json\/wp\/v2\/media?parent=91776"}],"wp:term":[{"taxonomy":"category","embeddable":true,"href":"https:\/\/www.bellunopress.it\/fr\/wp-json\/wp\/v2\/categories?post=91776"},{"taxonomy":"post_tag","embeddable":true,"href":"https:\/\/www.bellunopress.it\/fr\/wp-json\/wp\/v2\/tags?post=91776"}],"curies":[{"name":"wp","href":"https:\/\/api.w.org\/{rel}","templated":true}]}}