{"id":91774,"date":"2017-12-27T20:23:41","date_gmt":"2017-12-27T19:23:41","guid":{"rendered":"http:\/\/www.bellunopress.it\/?p=91774"},"modified":"2017-12-27T20:23:41","modified_gmt":"2017-12-27T19:23:41","slug":"riunito-in-prefettura-il-comitato-per-la-viabilita-si-raccomandano-catene-montate-da-agordo-e-da-longarone","status":"publish","type":"post","link":"https:\/\/www.bellunopress.it\/fr\/2017\/12\/27\/riunito-in-prefettura-il-comitato-per-la-viabilita-si-raccomandano-catene-montate-da-agordo-e-da-longarone\/","title":{"rendered":"Riunito in Prefettura il Comitato per la viabilit\u00e0. Si raccomandano catene montate da Agordo e da Longarone"},"content":{"rendered":"<p><a href=\"http:\/\/www.bellunopress.it\/fr\/2015\/08\/08\/ancora-chiusa-la-statale-51-per-cortina-dampezzo\/prefettura-riunione-viabilita\/\" rel=\"attachment wp-att-70762\"><img loading=\"lazy\" decoding=\"async\" class=\"alignleft size-full wp-image-70762\" src=\"http:\/\/www.bellunopress.it\/wp-content\/uploads\/2015\/08\/prefettura-riunione-viabilit\u00e0.jpg\" alt=\"\" width=\"300\" height=\"169\" \/><\/a>Belluno 27 dicembre 2017\u00a0 &#8211;\u00a0 Presieduta dal prefetto di Belluno, Francesco Esposito, si \u00e8 tenuta nel pomeriggio odierno, in Prefettura, la riunione del Comitato Operativo per la Viabilit\u00e0 (COV), che ha visto la partecipazione dei rappresentanti delle Forze di polizia, dei Vigili del fuoco, della componente del volontariato provinciale e dell&#8217;Enel per quanto attiene la verifica della puntuale erogazione del servizio elettrico.<\/p>\n<p>Il tavolo, che si era gi\u00e0 riunito ieri, a seguito della diramazione degli avvisi meteo regionali di protezione civile, ha lo scopo di monitorare l\u2019evoluzione della circolazione stradale nel territorio in occasione dell\u2019ondata di maltempo in atto, segnatamente nell\u2019area alpina.<\/p>\n<p>La circolazione, al momento, \u00e8 assicurata in tutta la provincia, nonostante l\u2019intraversamento di alcuni mezzi abbia causato situazioni di momentanea interruzione o congestionamento del traffico e talvolta ostacolato l\u2019intervento dei mezzi spazzaneve.<\/p>\n<p>Si raccomanda l&#8217;uso delle catene da Agordo a salire verso Cencenighe e da Longarone verso il Cadore. Sulle tratte indicate le Forze di polizia attuano specifici momenti di filtraggio, dando indicazione ai veicoli sprovvisti di invertire la marcia.<\/p>\n<p>Non sono state segnalate, invece, particolari criticit\u00e0\u00a0 per la popolazione, o isolamento di nuclei abitativi. Le risorse del volontariato sono state comunque preallertate per ogni possibile necessit\u00e0.<\/p>\n<p>Fino a cessata esigenza, il Comitato verr\u00e0 mantenuto costantemente attivo e pronto a riunirsi per fronteggiare le difficolt\u00e0 che dovessero insorgere.<\/p>\n<p>&nbsp;<\/p>","protected":false},"excerpt":{"rendered":"<p>Belluno 27 dicembre 2017\u00a0 &#8211;\u00a0 Presieduta dal prefetto di Belluno, Francesco Esposito, si \u00e8 tenuta nel pomeriggio odierno, in Prefettura, la riunione del Comitato Operativo per la Viabilit\u00e0 (COV), che ha visto la partecipazione dei rappresentanti delle Forze di polizia, dei Vigili del fuoco, della componente del volontariato provinciale e dell&#8217;Enel per quanto attiene la [&hellip;]<\/p>\n","protected":false},"author":2,"featured_media":0,"comment_status":"closed","ping_status":"open","sticky":false,"template":"","format":"standard","meta":{"footnotes":""},"categories":[5,26,8],"tags":[],"class_list":["post-91774","post","type-post","status-publish","format-standard","category-cronaca","category-prima-pagina","category-societa-istituzioni"],"yoast_head":"<!-- This site is optimized with the Yoast SEO plugin v28.4 - https:\/\/yoast.com\/product\/yoast-seo-wordpress\/ -->\n<title>Riunito in Prefettura il Comitato per la viabilit\u00e0. Si raccomandano catene montate da Agordo e da Longarone - Bellunopress - Dolomiti<\/title>\n<meta name=\"robots\" content=\"index, follow, max-snippet:-1, max-image-preview:large, max-video-preview:-1\" \/>\n<link rel=\"canonical\" href=\"https:\/\/www.bellunopress.it\/fr\/2017\/12\/27\/riunito-in-prefettura-il-comitato-per-la-viabilita-si-raccomandano-catene-montate-da-agordo-e-da-longarone\/\" \/>\n<meta property=\"og:locale\" content=\"fr_FR\" \/>\n<meta property=\"og:type\" content=\"article\" \/>\n<meta property=\"og:title\" content=\"Riunito in Prefettura il Comitato per la viabilit\u00e0. Si raccomandano catene montate da Agordo e da Longarone - Bellunopress - Dolomiti\" \/>\n<meta property=\"og:description\" content=\"Belluno 27 dicembre 2017\u00a0 &#8211;\u00a0 Presieduta dal prefetto di Belluno, Francesco Esposito, si \u00e8 tenuta nel pomeriggio odierno, in Prefettura, la riunione del Comitato Operativo per la Viabilit\u00e0 (COV), che ha visto la partecipazione dei rappresentanti delle Forze di polizia, dei Vigili del fuoco, della componente del volontariato provinciale e dell&#8217;Enel per quanto attiene la [&hellip;]\" \/>\n<meta property=\"og:url\" content=\"https:\/\/www.bellunopress.it\/fr\/2017\/12\/27\/riunito-in-prefettura-il-comitato-per-la-viabilita-si-raccomandano-catene-montate-da-agordo-e-da-longarone\/\" \/>\n<meta property=\"og:site_name\" content=\"Bellunopress - Dolomiti\" \/>\n<meta property=\"article:publisher\" content=\"https:\/\/www.facebook.com\/profile.php?id=100008943462799\" \/>\n<meta property=\"article:published_time\" content=\"2017-12-27T19:23:41+00:00\" \/>\n<meta property=\"og:image\" content=\"http:\/\/www.bellunopress.it\/wp-content\/uploads\/2015\/08\/prefettura-riunione-viabilit\u00e0.jpg\" \/>\n<meta name=\"author\" content=\"redazione\" \/>\n<meta name=\"twitter:card\" content=\"summary_large_image\" \/>\n<meta name=\"twitter:creator\" content=\"@bellunopress\" \/>\n<meta name=\"twitter:site\" content=\"@bellunopress\" \/>\n<meta name=\"twitter:label1\" content=\"\u00c9crit par\" \/>\n\t<meta name=\"twitter:data1\" content=\"redazione\" \/>\n\t<meta name=\"twitter:label2\" content=\"Dur\u00e9e de lecture estim\u00e9e\" \/>\n\t<meta name=\"twitter:data2\" content=\"1 minute\" \/>\n<script type=\"application\/ld+json\" class=\"yoast-schema-graph\">{\"@context\":\"https:\\\/\\\/schema.org\",\"@graph\":[{\"@type\":\"Article\",\"@id\":\"https:\\\/\\\/www.bellunopress.it\\\/2017\\\/12\\\/27\\\/riunito-in-prefettura-il-comitato-per-la-viabilita-si-raccomandano-catene-montate-da-agordo-e-da-longarone\\\/#article\",\"isPartOf\":{\"@id\":\"https:\\\/\\\/www.bellunopress.it\\\/2017\\\/12\\\/27\\\/riunito-in-prefettura-il-comitato-per-la-viabilita-si-raccomandano-catene-montate-da-agordo-e-da-longarone\\\/\"},\"author\":{\"name\":\"redazione\",\"@id\":\"https:\\\/\\\/www.bellunopress.it\\\/#\\\/schema\\\/person\\\/79bb06722b37ece1c03d3e94beb30d73\"},\"headline\":\"Riunito in Prefettura il Comitato per la viabilit\u00e0. Si raccomandano catene montate da Agordo e da Longarone\",\"datePublished\":\"2017-12-27T19:23:41+00:00\",\"mainEntityOfPage\":{\"@id\":\"https:\\\/\\\/www.bellunopress.it\\\/2017\\\/12\\\/27\\\/riunito-in-prefettura-il-comitato-per-la-viabilita-si-raccomandano-catene-montate-da-agordo-e-da-longarone\\\/\"},\"wordCount\":241,\"publisher\":{\"@id\":\"https:\\\/\\\/www.bellunopress.it\\\/#organization\"},\"articleSection\":[\"Cronaca\\\/Politica\",\"Prima Pagina\",\"Societ\u00e0, Associazioni, Istituzioni\"],\"inLanguage\":\"fr-FR\"},{\"@type\":\"WebPage\",\"@id\":\"https:\\\/\\\/www.bellunopress.it\\\/2017\\\/12\\\/27\\\/riunito-in-prefettura-il-comitato-per-la-viabilita-si-raccomandano-catene-montate-da-agordo-e-da-longarone\\\/\",\"url\":\"https:\\\/\\\/www.bellunopress.it\\\/2017\\\/12\\\/27\\\/riunito-in-prefettura-il-comitato-per-la-viabilita-si-raccomandano-catene-montate-da-agordo-e-da-longarone\\\/\",\"name\":\"Riunito in Prefettura il Comitato per la viabilit\u00e0. Si raccomandano catene montate da Agordo e da Longarone - Bellunopress - Dolomiti\",\"isPartOf\":{\"@id\":\"https:\\\/\\\/www.bellunopress.it\\\/#website\"},\"datePublished\":\"2017-12-27T19:23:41+00:00\",\"breadcrumb\":{\"@id\":\"https:\\\/\\\/www.bellunopress.it\\\/2017\\\/12\\\/27\\\/riunito-in-prefettura-il-comitato-per-la-viabilita-si-raccomandano-catene-montate-da-agordo-e-da-longarone\\\/#breadcrumb\"},\"inLanguage\":\"fr-FR\",\"potentialAction\":[{\"@type\":\"ReadAction\",\"target\":[\"https:\\\/\\\/www.bellunopress.it\\\/2017\\\/12\\\/27\\\/riunito-in-prefettura-il-comitato-per-la-viabilita-si-raccomandano-catene-montate-da-agordo-e-da-longarone\\\/\"]}]},{\"@type\":\"BreadcrumbList\",\"@id\":\"https:\\\/\\\/www.bellunopress.it\\\/2017\\\/12\\\/27\\\/riunito-in-prefettura-il-comitato-per-la-viabilita-si-raccomandano-catene-montate-da-agordo-e-da-longarone\\\/#breadcrumb\",\"itemListElement\":[{\"@type\":\"ListItem\",\"position\":1,\"name\":\"Home\",\"item\":\"https:\\\/\\\/www.bellunopress.it\\\/\"},{\"@type\":\"ListItem\",\"position\":2,\"name\":\"Riunito in Prefettura il Comitato per la viabilit\u00e0. Si raccomandano catene montate da Agordo e da Longarone\"}]},{\"@type\":\"WebSite\",\"@id\":\"https:\\\/\\\/www.bellunopress.it\\\/#website\",\"url\":\"https:\\\/\\\/www.bellunopress.it\\\/\",\"name\":\"Bellunopress - Dolomiti\",\"description\":\"e-mail: redazione@bellunopress.it\",\"publisher\":{\"@id\":\"https:\\\/\\\/www.bellunopress.it\\\/#organization\"},\"potentialAction\":[{\"@type\":\"SearchAction\",\"target\":{\"@type\":\"EntryPoint\",\"urlTemplate\":\"https:\\\/\\\/www.bellunopress.it\\\/?s={search_term_string}\"},\"query-input\":{\"@type\":\"PropertyValueSpecification\",\"valueRequired\":true,\"valueName\":\"search_term_string\"}}],\"inLanguage\":\"fr-FR\"},{\"@type\":\"Organization\",\"@id\":\"https:\\\/\\\/www.bellunopress.it\\\/#organization\",\"name\":\"Bellunopress\",\"url\":\"https:\\\/\\\/www.bellunopress.it\\\/\",\"logo\":{\"@type\":\"ImageObject\",\"inLanguage\":\"fr-FR\",\"@id\":\"https:\\\/\\\/www.bellunopress.it\\\/#\\\/schema\\\/logo\\\/image\\\/\",\"url\":\"https:\\\/\\\/www.bellunopress.it\\\/wp-content\\\/uploads\\\/2011\\\/05\\\/cropped-logo-bellunopress-.jpg\",\"contentUrl\":\"https:\\\/\\\/www.bellunopress.it\\\/wp-content\\\/uploads\\\/2011\\\/05\\\/cropped-logo-bellunopress-.jpg\",\"width\":512,\"height\":512,\"caption\":\"Bellunopress\"},\"image\":{\"@id\":\"https:\\\/\\\/www.bellunopress.it\\\/#\\\/schema\\\/logo\\\/image\\\/\"},\"sameAs\":[\"https:\\\/\\\/www.facebook.com\\\/profile.php?id=100008943462799\",\"https:\\\/\\\/x.com\\\/bellunopress\",\"https:\\\/\\\/www.linkedin.com\\\/hp\\\/?dnr=JBzUWaJfMUw8vbXJJ2tVW5-I3jZKvC4wsoxE&amp;amp;amp;amp;amp;amp;trk=nav_responsive_tab_home\",\"https:\\\/\\\/www.youtube.com\\\/channel\\\/UCxL0wu1uN0_3_7hGG0306cw\"]},{\"@type\":\"Person\",\"@id\":\"https:\\\/\\\/www.bellunopress.it\\\/#\\\/schema\\\/person\\\/79bb06722b37ece1c03d3e94beb30d73\",\"name\":\"redazione\",\"image\":{\"@type\":\"ImageObject\",\"inLanguage\":\"fr-FR\",\"@id\":\"https:\\\/\\\/secure.gravatar.com\\\/avatar\\\/37d968a2e67a6fd04c169c4bdef102d0bc5d31b2546345219e348575eb80e9a0?s=96&d=mm&r=g\",\"url\":\"https:\\\/\\\/secure.gravatar.com\\\/avatar\\\/37d968a2e67a6fd04c169c4bdef102d0bc5d31b2546345219e348575eb80e9a0?s=96&d=mm&r=g\",\"contentUrl\":\"https:\\\/\\\/secure.gravatar.com\\\/avatar\\\/37d968a2e67a6fd04c169c4bdef102d0bc5d31b2546345219e348575eb80e9a0?s=96&d=mm&r=g\",\"caption\":\"redazione\"},\"sameAs\":[\"http:\\\/\\\/www.bellunopress.it\",\"https:\\\/\\\/x.com\\\/bellunopress\"],\"url\":\"https:\\\/\\\/www.bellunopress.it\\\/fr\\\/author\\\/redazione\\\/\"}]}<\/script>\n<!-- \/ Yoast SEO plugin. -->","yoast_head_json":{"title":"Riunito in Prefettura il Comitato per la viabilit\u00e0. Si raccomandano catene montate da Agordo e da Longarone - Bellunopress - Dolomiti","robots":{"index":"index","follow":"follow","max-snippet":"max-snippet:-1","max-image-preview":"max-image-preview:large","max-video-preview":"max-video-preview:-1"},"canonical":"https:\/\/www.bellunopress.it\/fr\/2017\/12\/27\/riunito-in-prefettura-il-comitato-per-la-viabilita-si-raccomandano-catene-montate-da-agordo-e-da-longarone\/","og_locale":"fr_FR","og_type":"article","og_title":"Riunito in Prefettura il Comitato per la viabilit\u00e0. Si raccomandano catene montate da Agordo e da Longarone - Bellunopress - Dolomiti","og_description":"Belluno 27 dicembre 2017\u00a0 &#8211;\u00a0 Presieduta dal prefetto di Belluno, Francesco Esposito, si \u00e8 tenuta nel pomeriggio odierno, in Prefettura, la riunione del Comitato Operativo per la Viabilit\u00e0 (COV), che ha visto la partecipazione dei rappresentanti delle Forze di polizia, dei Vigili del fuoco, della componente del volontariato provinciale e dell&#8217;Enel per quanto attiene la [&hellip;]","og_url":"https:\/\/www.bellunopress.it\/fr\/2017\/12\/27\/riunito-in-prefettura-il-comitato-per-la-viabilita-si-raccomandano-catene-montate-da-agordo-e-da-longarone\/","og_site_name":"Bellunopress - Dolomiti","article_publisher":"https:\/\/www.facebook.com\/profile.php?id=100008943462799","article_published_time":"2017-12-27T19:23:41+00:00","og_image":[{"url":"http:\/\/www.bellunopress.it\/wp-content\/uploads\/2015\/08\/prefettura-riunione-viabilit\u00e0.jpg","type":"","width":"","height":""}],"author":"redazione","twitter_card":"summary_large_image","twitter_creator":"@bellunopress","twitter_site":"@bellunopress","twitter_misc":{"\u00c9crit par":"redazione","Dur\u00e9e de lecture estim\u00e9e":"1 minute"},"schema":{"@context":"https:\/\/schema.org","@graph":[{"@type":"Article","@id":"https:\/\/www.bellunopress.it\/2017\/12\/27\/riunito-in-prefettura-il-comitato-per-la-viabilita-si-raccomandano-catene-montate-da-agordo-e-da-longarone\/#article","isPartOf":{"@id":"https:\/\/www.bellunopress.it\/2017\/12\/27\/riunito-in-prefettura-il-comitato-per-la-viabilita-si-raccomandano-catene-montate-da-agordo-e-da-longarone\/"},"author":{"name":"redazione","@id":"https:\/\/www.bellunopress.it\/#\/schema\/person\/79bb06722b37ece1c03d3e94beb30d73"},"headline":"Riunito in Prefettura il Comitato per la viabilit\u00e0. Si raccomandano catene montate da Agordo e da Longarone","datePublished":"2017-12-27T19:23:41+00:00","mainEntityOfPage":{"@id":"https:\/\/www.bellunopress.it\/2017\/12\/27\/riunito-in-prefettura-il-comitato-per-la-viabilita-si-raccomandano-catene-montate-da-agordo-e-da-longarone\/"},"wordCount":241,"publisher":{"@id":"https:\/\/www.bellunopress.it\/#organization"},"articleSection":["Cronaca\/Politica","Prima Pagina","Societ\u00e0, Associazioni, Istituzioni"],"inLanguage":"fr-FR"},{"@type":"WebPage","@id":"https:\/\/www.bellunopress.it\/2017\/12\/27\/riunito-in-prefettura-il-comitato-per-la-viabilita-si-raccomandano-catene-montate-da-agordo-e-da-longarone\/","url":"https:\/\/www.bellunopress.it\/2017\/12\/27\/riunito-in-prefettura-il-comitato-per-la-viabilita-si-raccomandano-catene-montate-da-agordo-e-da-longarone\/","name":"Riunito in Prefettura il Comitato per la viabilit\u00e0. Si raccomandano catene montate da Agordo e da Longarone - Bellunopress - Dolomiti","isPartOf":{"@id":"https:\/\/www.bellunopress.it\/#website"},"datePublished":"2017-12-27T19:23:41+00:00","breadcrumb":{"@id":"https:\/\/www.bellunopress.it\/2017\/12\/27\/riunito-in-prefettura-il-comitato-per-la-viabilita-si-raccomandano-catene-montate-da-agordo-e-da-longarone\/#breadcrumb"},"inLanguage":"fr-FR","potentialAction":[{"@type":"ReadAction","target":["https:\/\/www.bellunopress.it\/2017\/12\/27\/riunito-in-prefettura-il-comitato-per-la-viabilita-si-raccomandano-catene-montate-da-agordo-e-da-longarone\/"]}]},{"@type":"BreadcrumbList","@id":"https:\/\/www.bellunopress.it\/2017\/12\/27\/riunito-in-prefettura-il-comitato-per-la-viabilita-si-raccomandano-catene-montate-da-agordo-e-da-longarone\/#breadcrumb","itemListElement":[{"@type":"ListItem","position":1,"name":"Home","item":"https:\/\/www.bellunopress.it\/"},{"@type":"ListItem","position":2,"name":"Riunito in Prefettura il Comitato per la viabilit\u00e0. Si raccomandano catene montate da Agordo e da Longarone"}]},{"@type":"WebSite","@id":"https:\/\/www.bellunopress.it\/#website","url":"https:\/\/www.bellunopress.it\/","name":"Bellunopress - Dolomiti","description":"e-mail: redazione@bellunopress.it","publisher":{"@id":"https:\/\/www.bellunopress.it\/#organization"},"potentialAction":[{"@type":"SearchAction","target":{"@type":"EntryPoint","urlTemplate":"https:\/\/www.bellunopress.it\/?s={search_term_string}"},"query-input":{"@type":"PropertyValueSpecification","valueRequired":true,"valueName":"search_term_string"}}],"inLanguage":"fr-FR"},{"@type":"Organization","@id":"https:\/\/www.bellunopress.it\/#organization","name":"Bellunopress","url":"https:\/\/www.bellunopress.it\/","logo":{"@type":"ImageObject","inLanguage":"fr-FR","@id":"https:\/\/www.bellunopress.it\/#\/schema\/logo\/image\/","url":"https:\/\/www.bellunopress.it\/wp-content\/uploads\/2011\/05\/cropped-logo-bellunopress-.jpg","contentUrl":"https:\/\/www.bellunopress.it\/wp-content\/uploads\/2011\/05\/cropped-logo-bellunopress-.jpg","width":512,"height":512,"caption":"Bellunopress"},"image":{"@id":"https:\/\/www.bellunopress.it\/#\/schema\/logo\/image\/"},"sameAs":["https:\/\/www.facebook.com\/profile.php?id=100008943462799","https:\/\/x.com\/bellunopress","https:\/\/www.linkedin.com\/hp\/?dnr=JBzUWaJfMUw8vbXJJ2tVW5-I3jZKvC4wsoxE&amp;amp;amp;amp;amp;amp;trk=nav_responsive_tab_home","https:\/\/www.youtube.com\/channel\/UCxL0wu1uN0_3_7hGG0306cw"]},{"@type":"Person","@id":"https:\/\/www.bellunopress.it\/#\/schema\/person\/79bb06722b37ece1c03d3e94beb30d73","name":"r\u00e9daction","image":{"@type":"ImageObject","inLanguage":"fr-FR","@id":"https:\/\/secure.gravatar.com\/avatar\/37d968a2e67a6fd04c169c4bdef102d0bc5d31b2546345219e348575eb80e9a0?s=96&d=mm&r=g","url":"https:\/\/secure.gravatar.com\/avatar\/37d968a2e67a6fd04c169c4bdef102d0bc5d31b2546345219e348575eb80e9a0?s=96&d=mm&r=g","contentUrl":"https:\/\/secure.gravatar.com\/avatar\/37d968a2e67a6fd04c169c4bdef102d0bc5d31b2546345219e348575eb80e9a0?s=96&d=mm&r=g","caption":"redazione"},"sameAs":["http:\/\/www.bellunopress.it","https:\/\/x.com\/bellunopress"],"url":"https:\/\/www.bellunopress.it\/fr\/author\/redazione\/"}]}},"_links":{"self":[{"href":"https:\/\/www.bellunopress.it\/fr\/wp-json\/wp\/v2\/posts\/91774","targetHints":{"allow":["GET"]}}],"collection":[{"href":"https:\/\/www.bellunopress.it\/fr\/wp-json\/wp\/v2\/posts"}],"about":[{"href":"https:\/\/www.bellunopress.it\/fr\/wp-json\/wp\/v2\/types\/post"}],"author":[{"embeddable":true,"href":"https:\/\/www.bellunopress.it\/fr\/wp-json\/wp\/v2\/users\/2"}],"replies":[{"embeddable":true,"href":"https:\/\/www.bellunopress.it\/fr\/wp-json\/wp\/v2\/comments?post=91774"}],"version-history":[{"count":1,"href":"https:\/\/www.bellunopress.it\/fr\/wp-json\/wp\/v2\/posts\/91774\/revisions"}],"predecessor-version":[{"id":91775,"href":"https:\/\/www.bellunopress.it\/fr\/wp-json\/wp\/v2\/posts\/91774\/revisions\/91775"}],"wp:attachment":[{"href":"https:\/\/www.bellunopress.it\/fr\/wp-json\/wp\/v2\/media?parent=91774"}],"wp:term":[{"taxonomy":"category","embeddable":true,"href":"https:\/\/www.bellunopress.it\/fr\/wp-json\/wp\/v2\/categories?post=91774"},{"taxonomy":"post_tag","embeddable":true,"href":"https:\/\/www.bellunopress.it\/fr\/wp-json\/wp\/v2\/tags?post=91774"}],"curies":[{"name":"wp","href":"https:\/\/api.w.org\/{rel}","templated":true}]}}