{"id":91761,"date":"2017-12-27T13:44:24","date_gmt":"2017-12-27T12:44:24","guid":{"rendered":"http:\/\/www.bellunopress.it\/?p=91761"},"modified":"2017-12-27T13:44:25","modified_gmt":"2017-12-27T12:44:25","slug":"doppio-successo-per-il-coro-polifonico-di-trichiana-inaugurata-anche-la-nuova-sede","status":"publish","type":"post","link":"https:\/\/www.bellunopress.it\/fr\/2017\/12\/27\/doppio-successo-per-il-coro-polifonico-di-trichiana-inaugurata-anche-la-nuova-sede\/","title":{"rendered":"Doppio successo per il coro polifonico di Trichiana. Inaugurata anche la nuova sede"},"content":{"rendered":"<p><a href=\"http:\/\/www.bellunopress.it\/fr\/2017\/12\/27\/doppio-successo-per-il-coro-polifonico-di-trichiana-inaugurata-anche-la-nuova-sede\/corotrichiana1-leggera\/\" rel=\"attachment wp-att-91762\"><img loading=\"lazy\" decoding=\"async\" class=\"alignleft size-full wp-image-91762\" src=\"http:\/\/www.bellunopress.it\/wp-content\/uploads\/2017\/12\/corotrichiana1-leggera.jpg\" alt=\"\" width=\"350\" height=\"254\" \/><\/a>Sabato 16 dicembre 2017, nella chiesa arcipretale di Trichiana, si \u00e8 svolto il Concerto di Natale, appuntamento divenuto ormai abituale e immancabile. Il concerto,\u00a0organizzato\u00a0dal coro polifonico di Trichiana, diventa occasione per un piacevole dono di musica corale e strumentale e un sincero augurio per le feste.<br \/>\nOgni anno c\u2019\u00e8 questo evento, ma mai come quest\u2019anno si \u00e8 avuta una chiesa cos\u00ec gremita di gente grazie anche agli ospiti della serata: l&#8217;orchestra d\u2019archi \u201cIncontro Armonico\u201d, diretta dal m\u00b0 Claudio Colmanet con il m\u00b0 Pio Sagrillo alla cornamusa scozzese e i gruppi corali giovanili \u201cNova Cantica\u201d di Belluno, diretti dal m\u00b0 Luciano Borin e dalla m\u00b0 Debora Piol.<br \/>\nUn ringraziamento particolare va al parroco don Egidio, sempre attento alle iniziative di cui il coro di Trichiana si fa promotore.<\/p>\n<p>La sera di luned\u00ec 18 dicembre 2017, il coro di Trichiana ha inaugurato la nuova sede situata nella stanza sopra la sacrestia della chiesa arcipretale.<\/p>\n<figure id=\"attachment_91763\" aria-describedby=\"caption-attachment-91763\" style=\"width: 400px\" class=\"wp-caption alignright\"><a href=\"http:\/\/www.bellunopress.it\/fr\/2017\/12\/27\/doppio-successo-per-il-coro-polifonico-di-trichiana-inaugurata-anche-la-nuova-sede\/taglio-nastro-nuova-sede\/\" rel=\"attachment wp-att-91763\"><img loading=\"lazy\" decoding=\"async\" class=\"size-full wp-image-91763\" src=\"http:\/\/www.bellunopress.it\/wp-content\/uploads\/2017\/12\/Taglio-nastro-nuova-sede.jpg\" alt=\"\" width=\"400\" height=\"225\" \/><\/a><figcaption id=\"caption-attachment-91763\" class=\"wp-caption-text\">Inaugurazione nuova sede<\/figcaption><\/figure>\n<p>Finalmente i coristi potranno d\u2019ora in poi allenare la voce in questo spazio concesso in uso quasi in forma gratuita dalla parrocchia e ristrutturato con un buon impianto di riscaldamento.<br \/>\nAnche qui il coro si sente in dovere di ringraziare il parroco presente per la benedizione e il consiglio pastorale per la concessione, tramite una convenzione, del locale.<br \/>\nIl consiglio direttivo del coro, ha donato un cesto al m\u00b0 Stefano Bittante come ringraziamento per la sua tenacia, caparbiet\u00e0 e forza di volont\u00e0, doti che ci hanno portati a questo risultato.<br \/>\nNaturalmente si \u00e8 concluso con un brindisi di Natale.<\/p>\n<p>Parafrasando la celeberrima frase di Massimo d&#8217;Azeglio\u00a0\u00abAbbiamo fatto l&#8217;Italia. Ora si tratta di fare gli italiani\u00bb,\u00a0il presidente del coro di Trichiana\u00a0Paolo Gardenal lancia questo appello &#8220;Abbiamo rinnovato la sede del coro, ora si tratta di riempirla di coristi&#8221;: \u00e8 un invito\u00a0a coloro che hanno un po&#8217; di passione per il canto ad entrare in questo gruppo corale. Il divertimento e la soddisfazione saranno garantiti.<\/p>\n<p>Paolo Gardenal<\/p>\n<p>presidente del coro polifonico di Trichiana<\/p>","protected":false},"excerpt":{"rendered":"<p>Sabato 16 dicembre 2017, nella chiesa arcipretale di Trichiana, si \u00e8 svolto il Concerto di Natale, appuntamento divenuto ormai abituale e immancabile. Il concerto,\u00a0organizzato\u00a0dal coro polifonico di Trichiana, diventa occasione per un piacevole dono di musica corale e strumentale e un sincero augurio per le feste. Ogni anno c\u2019\u00e8 questo evento, ma mai come quest\u2019anno [&hellip;]<\/p>\n","protected":false},"author":2,"featured_media":0,"comment_status":"closed","ping_status":"open","sticky":false,"template":"","format":"standard","meta":{"footnotes":""},"categories":[27,3,25],"tags":[],"class_list":["post-91761","post","type-post","status-publish","format-standard","category-appuntamenti","category-arte-cultura-spettacoli-scienza-archivi","category-pausa-caffe"],"yoast_head":"<!-- This site is optimized with the Yoast SEO plugin v28.4 - https:\/\/yoast.com\/product\/yoast-seo-wordpress\/ -->\n<title>Doppio successo per il coro polifonico di Trichiana. Inaugurata anche la nuova sede - Bellunopress - Dolomiti<\/title>\n<meta name=\"robots\" content=\"index, follow, max-snippet:-1, max-image-preview:large, max-video-preview:-1\" \/>\n<link rel=\"canonical\" href=\"https:\/\/www.bellunopress.it\/fr\/2017\/12\/27\/doppio-successo-per-il-coro-polifonico-di-trichiana-inaugurata-anche-la-nuova-sede\/\" \/>\n<meta property=\"og:locale\" content=\"fr_FR\" \/>\n<meta property=\"og:type\" content=\"article\" \/>\n<meta property=\"og:title\" content=\"Doppio successo per il coro polifonico di Trichiana. Inaugurata anche la nuova sede - Bellunopress - Dolomiti\" \/>\n<meta property=\"og:description\" content=\"Sabato 16 dicembre 2017, nella chiesa arcipretale di Trichiana, si \u00e8 svolto il Concerto di Natale, appuntamento divenuto ormai abituale e immancabile. Il concerto,\u00a0organizzato\u00a0dal coro polifonico di Trichiana, diventa occasione per un piacevole dono di musica corale e strumentale e un sincero augurio per le feste. Ogni anno c\u2019\u00e8 questo evento, ma mai come quest\u2019anno [&hellip;]\" \/>\n<meta property=\"og:url\" content=\"https:\/\/www.bellunopress.it\/fr\/2017\/12\/27\/doppio-successo-per-il-coro-polifonico-di-trichiana-inaugurata-anche-la-nuova-sede\/\" \/>\n<meta property=\"og:site_name\" content=\"Bellunopress - Dolomiti\" \/>\n<meta property=\"article:publisher\" content=\"https:\/\/www.facebook.com\/profile.php?id=100008943462799\" \/>\n<meta property=\"article:published_time\" content=\"2017-12-27T12:44:24+00:00\" \/>\n<meta property=\"article:modified_time\" content=\"2017-12-27T12:44:25+00:00\" \/>\n<meta property=\"og:image\" content=\"http:\/\/www.bellunopress.it\/wp-content\/uploads\/2017\/12\/corotrichiana1-leggera.jpg\" \/>\n<meta name=\"author\" content=\"redazione\" \/>\n<meta name=\"twitter:card\" content=\"summary_large_image\" \/>\n<meta name=\"twitter:creator\" content=\"@bellunopress\" \/>\n<meta name=\"twitter:site\" content=\"@bellunopress\" \/>\n<meta name=\"twitter:label1\" content=\"\u00c9crit par\" \/>\n\t<meta name=\"twitter:data1\" content=\"redazione\" \/>\n\t<meta name=\"twitter:label2\" content=\"Dur\u00e9e de lecture estim\u00e9e\" \/>\n\t<meta name=\"twitter:data2\" content=\"2 minutes\" \/>\n<script type=\"application\/ld+json\" class=\"yoast-schema-graph\">{\"@context\":\"https:\\\/\\\/schema.org\",\"@graph\":[{\"@type\":\"Article\",\"@id\":\"https:\\\/\\\/www.bellunopress.it\\\/2017\\\/12\\\/27\\\/doppio-successo-per-il-coro-polifonico-di-trichiana-inaugurata-anche-la-nuova-sede\\\/#article\",\"isPartOf\":{\"@id\":\"https:\\\/\\\/www.bellunopress.it\\\/2017\\\/12\\\/27\\\/doppio-successo-per-il-coro-polifonico-di-trichiana-inaugurata-anche-la-nuova-sede\\\/\"},\"author\":{\"name\":\"redazione\",\"@id\":\"https:\\\/\\\/www.bellunopress.it\\\/#\\\/schema\\\/person\\\/79bb06722b37ece1c03d3e94beb30d73\"},\"headline\":\"Doppio successo per il coro polifonico di Trichiana. Inaugurata anche la nuova sede\",\"datePublished\":\"2017-12-27T12:44:24+00:00\",\"dateModified\":\"2017-12-27T12:44:25+00:00\",\"mainEntityOfPage\":{\"@id\":\"https:\\\/\\\/www.bellunopress.it\\\/2017\\\/12\\\/27\\\/doppio-successo-per-il-coro-polifonico-di-trichiana-inaugurata-anche-la-nuova-sede\\\/\"},\"wordCount\":350,\"publisher\":{\"@id\":\"https:\\\/\\\/www.bellunopress.it\\\/#organization\"},\"image\":{\"@id\":\"https:\\\/\\\/www.bellunopress.it\\\/2017\\\/12\\\/27\\\/doppio-successo-per-il-coro-polifonico-di-trichiana-inaugurata-anche-la-nuova-sede\\\/#primaryimage\"},\"thumbnailUrl\":\"http:\\\/\\\/www.bellunopress.it\\\/wp-content\\\/uploads\\\/2017\\\/12\\\/corotrichiana1-leggera.jpg\",\"articleSection\":[\"Appuntamenti, Eventi\",\"Arte, Cultura, Spettacoli, Scienza\",\"Pausa Caff\u00e8\"],\"inLanguage\":\"fr-FR\"},{\"@type\":\"WebPage\",\"@id\":\"https:\\\/\\\/www.bellunopress.it\\\/2017\\\/12\\\/27\\\/doppio-successo-per-il-coro-polifonico-di-trichiana-inaugurata-anche-la-nuova-sede\\\/\",\"url\":\"https:\\\/\\\/www.bellunopress.it\\\/2017\\\/12\\\/27\\\/doppio-successo-per-il-coro-polifonico-di-trichiana-inaugurata-anche-la-nuova-sede\\\/\",\"name\":\"Doppio successo per il coro polifonico di Trichiana. Inaugurata anche la nuova sede - Bellunopress - Dolomiti\",\"isPartOf\":{\"@id\":\"https:\\\/\\\/www.bellunopress.it\\\/#website\"},\"primaryImageOfPage\":{\"@id\":\"https:\\\/\\\/www.bellunopress.it\\\/2017\\\/12\\\/27\\\/doppio-successo-per-il-coro-polifonico-di-trichiana-inaugurata-anche-la-nuova-sede\\\/#primaryimage\"},\"image\":{\"@id\":\"https:\\\/\\\/www.bellunopress.it\\\/2017\\\/12\\\/27\\\/doppio-successo-per-il-coro-polifonico-di-trichiana-inaugurata-anche-la-nuova-sede\\\/#primaryimage\"},\"thumbnailUrl\":\"http:\\\/\\\/www.bellunopress.it\\\/wp-content\\\/uploads\\\/2017\\\/12\\\/corotrichiana1-leggera.jpg\",\"datePublished\":\"2017-12-27T12:44:24+00:00\",\"dateModified\":\"2017-12-27T12:44:25+00:00\",\"breadcrumb\":{\"@id\":\"https:\\\/\\\/www.bellunopress.it\\\/2017\\\/12\\\/27\\\/doppio-successo-per-il-coro-polifonico-di-trichiana-inaugurata-anche-la-nuova-sede\\\/#breadcrumb\"},\"inLanguage\":\"fr-FR\",\"potentialAction\":[{\"@type\":\"ReadAction\",\"target\":[\"https:\\\/\\\/www.bellunopress.it\\\/2017\\\/12\\\/27\\\/doppio-successo-per-il-coro-polifonico-di-trichiana-inaugurata-anche-la-nuova-sede\\\/\"]}]},{\"@type\":\"ImageObject\",\"inLanguage\":\"fr-FR\",\"@id\":\"https:\\\/\\\/www.bellunopress.it\\\/2017\\\/12\\\/27\\\/doppio-successo-per-il-coro-polifonico-di-trichiana-inaugurata-anche-la-nuova-sede\\\/#primaryimage\",\"url\":\"http:\\\/\\\/www.bellunopress.it\\\/wp-content\\\/uploads\\\/2017\\\/12\\\/corotrichiana1-leggera.jpg\",\"contentUrl\":\"http:\\\/\\\/www.bellunopress.it\\\/wp-content\\\/uploads\\\/2017\\\/12\\\/corotrichiana1-leggera.jpg\"},{\"@type\":\"BreadcrumbList\",\"@id\":\"https:\\\/\\\/www.bellunopress.it\\\/2017\\\/12\\\/27\\\/doppio-successo-per-il-coro-polifonico-di-trichiana-inaugurata-anche-la-nuova-sede\\\/#breadcrumb\",\"itemListElement\":[{\"@type\":\"ListItem\",\"position\":1,\"name\":\"Home\",\"item\":\"https:\\\/\\\/www.bellunopress.it\\\/\"},{\"@type\":\"ListItem\",\"position\":2,\"name\":\"Doppio successo per il coro polifonico di Trichiana. Inaugurata anche la nuova sede\"}]},{\"@type\":\"WebSite\",\"@id\":\"https:\\\/\\\/www.bellunopress.it\\\/#website\",\"url\":\"https:\\\/\\\/www.bellunopress.it\\\/\",\"name\":\"Bellunopress - Dolomiti\",\"description\":\"e-mail: redazione@bellunopress.it\",\"publisher\":{\"@id\":\"https:\\\/\\\/www.bellunopress.it\\\/#organization\"},\"potentialAction\":[{\"@type\":\"SearchAction\",\"target\":{\"@type\":\"EntryPoint\",\"urlTemplate\":\"https:\\\/\\\/www.bellunopress.it\\\/?s={search_term_string}\"},\"query-input\":{\"@type\":\"PropertyValueSpecification\",\"valueRequired\":true,\"valueName\":\"search_term_string\"}}],\"inLanguage\":\"fr-FR\"},{\"@type\":\"Organization\",\"@id\":\"https:\\\/\\\/www.bellunopress.it\\\/#organization\",\"name\":\"Bellunopress\",\"url\":\"https:\\\/\\\/www.bellunopress.it\\\/\",\"logo\":{\"@type\":\"ImageObject\",\"inLanguage\":\"fr-FR\",\"@id\":\"https:\\\/\\\/www.bellunopress.it\\\/#\\\/schema\\\/logo\\\/image\\\/\",\"url\":\"https:\\\/\\\/www.bellunopress.it\\\/wp-content\\\/uploads\\\/2011\\\/05\\\/cropped-logo-bellunopress-.jpg\",\"contentUrl\":\"https:\\\/\\\/www.bellunopress.it\\\/wp-content\\\/uploads\\\/2011\\\/05\\\/cropped-logo-bellunopress-.jpg\",\"width\":512,\"height\":512,\"caption\":\"Bellunopress\"},\"image\":{\"@id\":\"https:\\\/\\\/www.bellunopress.it\\\/#\\\/schema\\\/logo\\\/image\\\/\"},\"sameAs\":[\"https:\\\/\\\/www.facebook.com\\\/profile.php?id=100008943462799\",\"https:\\\/\\\/x.com\\\/bellunopress\",\"https:\\\/\\\/www.linkedin.com\\\/hp\\\/?dnr=JBzUWaJfMUw8vbXJJ2tVW5-I3jZKvC4wsoxE&amp;amp;amp;amp;amp;amp;trk=nav_responsive_tab_home\",\"https:\\\/\\\/www.youtube.com\\\/channel\\\/UCxL0wu1uN0_3_7hGG0306cw\"]},{\"@type\":\"Person\",\"@id\":\"https:\\\/\\\/www.bellunopress.it\\\/#\\\/schema\\\/person\\\/79bb06722b37ece1c03d3e94beb30d73\",\"name\":\"redazione\",\"image\":{\"@type\":\"ImageObject\",\"inLanguage\":\"fr-FR\",\"@id\":\"https:\\\/\\\/secure.gravatar.com\\\/avatar\\\/37d968a2e67a6fd04c169c4bdef102d0bc5d31b2546345219e348575eb80e9a0?s=96&d=mm&r=g\",\"url\":\"https:\\\/\\\/secure.gravatar.com\\\/avatar\\\/37d968a2e67a6fd04c169c4bdef102d0bc5d31b2546345219e348575eb80e9a0?s=96&d=mm&r=g\",\"contentUrl\":\"https:\\\/\\\/secure.gravatar.com\\\/avatar\\\/37d968a2e67a6fd04c169c4bdef102d0bc5d31b2546345219e348575eb80e9a0?s=96&d=mm&r=g\",\"caption\":\"redazione\"},\"sameAs\":[\"http:\\\/\\\/www.bellunopress.it\",\"https:\\\/\\\/x.com\\\/bellunopress\"],\"url\":\"https:\\\/\\\/www.bellunopress.it\\\/fr\\\/author\\\/redazione\\\/\"}]}<\/script>\n<!-- \/ Yoast SEO plugin. -->","yoast_head_json":{"title":"Doppio successo per il coro polifonico di Trichiana. Inaugurata anche la nuova sede - Bellunopress - Dolomiti","robots":{"index":"index","follow":"follow","max-snippet":"max-snippet:-1","max-image-preview":"max-image-preview:large","max-video-preview":"max-video-preview:-1"},"canonical":"https:\/\/www.bellunopress.it\/fr\/2017\/12\/27\/doppio-successo-per-il-coro-polifonico-di-trichiana-inaugurata-anche-la-nuova-sede\/","og_locale":"fr_FR","og_type":"article","og_title":"Doppio successo per il coro polifonico di Trichiana. Inaugurata anche la nuova sede - Bellunopress - Dolomiti","og_description":"Sabato 16 dicembre 2017, nella chiesa arcipretale di Trichiana, si \u00e8 svolto il Concerto di Natale, appuntamento divenuto ormai abituale e immancabile. Il concerto,\u00a0organizzato\u00a0dal coro polifonico di Trichiana, diventa occasione per un piacevole dono di musica corale e strumentale e un sincero augurio per le feste. Ogni anno c\u2019\u00e8 questo evento, ma mai come quest\u2019anno [&hellip;]","og_url":"https:\/\/www.bellunopress.it\/fr\/2017\/12\/27\/doppio-successo-per-il-coro-polifonico-di-trichiana-inaugurata-anche-la-nuova-sede\/","og_site_name":"Bellunopress - Dolomiti","article_publisher":"https:\/\/www.facebook.com\/profile.php?id=100008943462799","article_published_time":"2017-12-27T12:44:24+00:00","article_modified_time":"2017-12-27T12:44:25+00:00","og_image":[{"url":"http:\/\/www.bellunopress.it\/wp-content\/uploads\/2017\/12\/corotrichiana1-leggera.jpg","type":"","width":"","height":""}],"author":"redazione","twitter_card":"summary_large_image","twitter_creator":"@bellunopress","twitter_site":"@bellunopress","twitter_misc":{"\u00c9crit par":"redazione","Dur\u00e9e de lecture estim\u00e9e":"2 minutes"},"schema":{"@context":"https:\/\/schema.org","@graph":[{"@type":"Article","@id":"https:\/\/www.bellunopress.it\/2017\/12\/27\/doppio-successo-per-il-coro-polifonico-di-trichiana-inaugurata-anche-la-nuova-sede\/#article","isPartOf":{"@id":"https:\/\/www.bellunopress.it\/2017\/12\/27\/doppio-successo-per-il-coro-polifonico-di-trichiana-inaugurata-anche-la-nuova-sede\/"},"author":{"name":"redazione","@id":"https:\/\/www.bellunopress.it\/#\/schema\/person\/79bb06722b37ece1c03d3e94beb30d73"},"headline":"Doppio successo per il coro polifonico di Trichiana. Inaugurata anche la nuova sede","datePublished":"2017-12-27T12:44:24+00:00","dateModified":"2017-12-27T12:44:25+00:00","mainEntityOfPage":{"@id":"https:\/\/www.bellunopress.it\/2017\/12\/27\/doppio-successo-per-il-coro-polifonico-di-trichiana-inaugurata-anche-la-nuova-sede\/"},"wordCount":350,"publisher":{"@id":"https:\/\/www.bellunopress.it\/#organization"},"image":{"@id":"https:\/\/www.bellunopress.it\/2017\/12\/27\/doppio-successo-per-il-coro-polifonico-di-trichiana-inaugurata-anche-la-nuova-sede\/#primaryimage"},"thumbnailUrl":"http:\/\/www.bellunopress.it\/wp-content\/uploads\/2017\/12\/corotrichiana1-leggera.jpg","articleSection":["Appuntamenti, Eventi","Arte, Cultura, Spettacoli, Scienza","Pausa Caff\u00e8"],"inLanguage":"fr-FR"},{"@type":"WebPage","@id":"https:\/\/www.bellunopress.it\/2017\/12\/27\/doppio-successo-per-il-coro-polifonico-di-trichiana-inaugurata-anche-la-nuova-sede\/","url":"https:\/\/www.bellunopress.it\/2017\/12\/27\/doppio-successo-per-il-coro-polifonico-di-trichiana-inaugurata-anche-la-nuova-sede\/","name":"Doppio successo per il coro polifonico di Trichiana. Inaugurata anche la nuova sede - Bellunopress - Dolomiti","isPartOf":{"@id":"https:\/\/www.bellunopress.it\/#website"},"primaryImageOfPage":{"@id":"https:\/\/www.bellunopress.it\/2017\/12\/27\/doppio-successo-per-il-coro-polifonico-di-trichiana-inaugurata-anche-la-nuova-sede\/#primaryimage"},"image":{"@id":"https:\/\/www.bellunopress.it\/2017\/12\/27\/doppio-successo-per-il-coro-polifonico-di-trichiana-inaugurata-anche-la-nuova-sede\/#primaryimage"},"thumbnailUrl":"http:\/\/www.bellunopress.it\/wp-content\/uploads\/2017\/12\/corotrichiana1-leggera.jpg","datePublished":"2017-12-27T12:44:24+00:00","dateModified":"2017-12-27T12:44:25+00:00","breadcrumb":{"@id":"https:\/\/www.bellunopress.it\/2017\/12\/27\/doppio-successo-per-il-coro-polifonico-di-trichiana-inaugurata-anche-la-nuova-sede\/#breadcrumb"},"inLanguage":"fr-FR","potentialAction":[{"@type":"ReadAction","target":["https:\/\/www.bellunopress.it\/2017\/12\/27\/doppio-successo-per-il-coro-polifonico-di-trichiana-inaugurata-anche-la-nuova-sede\/"]}]},{"@type":"ImageObject","inLanguage":"fr-FR","@id":"https:\/\/www.bellunopress.it\/2017\/12\/27\/doppio-successo-per-il-coro-polifonico-di-trichiana-inaugurata-anche-la-nuova-sede\/#primaryimage","url":"http:\/\/www.bellunopress.it\/wp-content\/uploads\/2017\/12\/corotrichiana1-leggera.jpg","contentUrl":"http:\/\/www.bellunopress.it\/wp-content\/uploads\/2017\/12\/corotrichiana1-leggera.jpg"},{"@type":"BreadcrumbList","@id":"https:\/\/www.bellunopress.it\/2017\/12\/27\/doppio-successo-per-il-coro-polifonico-di-trichiana-inaugurata-anche-la-nuova-sede\/#breadcrumb","itemListElement":[{"@type":"ListItem","position":1,"name":"Home","item":"https:\/\/www.bellunopress.it\/"},{"@type":"ListItem","position":2,"name":"Doppio successo per il coro polifonico di Trichiana. Inaugurata anche la nuova sede"}]},{"@type":"WebSite","@id":"https:\/\/www.bellunopress.it\/#website","url":"https:\/\/www.bellunopress.it\/","name":"Bellunopress - Dolomiti","description":"e-mail: redazione@bellunopress.it","publisher":{"@id":"https:\/\/www.bellunopress.it\/#organization"},"potentialAction":[{"@type":"SearchAction","target":{"@type":"EntryPoint","urlTemplate":"https:\/\/www.bellunopress.it\/?s={search_term_string}"},"query-input":{"@type":"PropertyValueSpecification","valueRequired":true,"valueName":"search_term_string"}}],"inLanguage":"fr-FR"},{"@type":"Organization","@id":"https:\/\/www.bellunopress.it\/#organization","name":"Bellunopress","url":"https:\/\/www.bellunopress.it\/","logo":{"@type":"ImageObject","inLanguage":"fr-FR","@id":"https:\/\/www.bellunopress.it\/#\/schema\/logo\/image\/","url":"https:\/\/www.bellunopress.it\/wp-content\/uploads\/2011\/05\/cropped-logo-bellunopress-.jpg","contentUrl":"https:\/\/www.bellunopress.it\/wp-content\/uploads\/2011\/05\/cropped-logo-bellunopress-.jpg","width":512,"height":512,"caption":"Bellunopress"},"image":{"@id":"https:\/\/www.bellunopress.it\/#\/schema\/logo\/image\/"},"sameAs":["https:\/\/www.facebook.com\/profile.php?id=100008943462799","https:\/\/x.com\/bellunopress","https:\/\/www.linkedin.com\/hp\/?dnr=JBzUWaJfMUw8vbXJJ2tVW5-I3jZKvC4wsoxE&amp;amp;amp;amp;amp;amp;trk=nav_responsive_tab_home","https:\/\/www.youtube.com\/channel\/UCxL0wu1uN0_3_7hGG0306cw"]},{"@type":"Person","@id":"https:\/\/www.bellunopress.it\/#\/schema\/person\/79bb06722b37ece1c03d3e94beb30d73","name":"r\u00e9daction","image":{"@type":"ImageObject","inLanguage":"fr-FR","@id":"https:\/\/secure.gravatar.com\/avatar\/37d968a2e67a6fd04c169c4bdef102d0bc5d31b2546345219e348575eb80e9a0?s=96&d=mm&r=g","url":"https:\/\/secure.gravatar.com\/avatar\/37d968a2e67a6fd04c169c4bdef102d0bc5d31b2546345219e348575eb80e9a0?s=96&d=mm&r=g","contentUrl":"https:\/\/secure.gravatar.com\/avatar\/37d968a2e67a6fd04c169c4bdef102d0bc5d31b2546345219e348575eb80e9a0?s=96&d=mm&r=g","caption":"redazione"},"sameAs":["http:\/\/www.bellunopress.it","https:\/\/x.com\/bellunopress"],"url":"https:\/\/www.bellunopress.it\/fr\/author\/redazione\/"}]}},"_links":{"self":[{"href":"https:\/\/www.bellunopress.it\/fr\/wp-json\/wp\/v2\/posts\/91761","targetHints":{"allow":["GET"]}}],"collection":[{"href":"https:\/\/www.bellunopress.it\/fr\/wp-json\/wp\/v2\/posts"}],"about":[{"href":"https:\/\/www.bellunopress.it\/fr\/wp-json\/wp\/v2\/types\/post"}],"author":[{"embeddable":true,"href":"https:\/\/www.bellunopress.it\/fr\/wp-json\/wp\/v2\/users\/2"}],"replies":[{"embeddable":true,"href":"https:\/\/www.bellunopress.it\/fr\/wp-json\/wp\/v2\/comments?post=91761"}],"version-history":[{"count":2,"href":"https:\/\/www.bellunopress.it\/fr\/wp-json\/wp\/v2\/posts\/91761\/revisions"}],"predecessor-version":[{"id":91765,"href":"https:\/\/www.bellunopress.it\/fr\/wp-json\/wp\/v2\/posts\/91761\/revisions\/91765"}],"wp:attachment":[{"href":"https:\/\/www.bellunopress.it\/fr\/wp-json\/wp\/v2\/media?parent=91761"}],"wp:term":[{"taxonomy":"category","embeddable":true,"href":"https:\/\/www.bellunopress.it\/fr\/wp-json\/wp\/v2\/categories?post=91761"},{"taxonomy":"post_tag","embeddable":true,"href":"https:\/\/www.bellunopress.it\/fr\/wp-json\/wp\/v2\/tags?post=91761"}],"curies":[{"name":"wp","href":"https:\/\/api.w.org\/{rel}","templated":true}]}}