{"id":91759,"date":"2017-12-27T12:28:12","date_gmt":"2017-12-27T11:28:12","guid":{"rendered":"http:\/\/www.bellunopress.it\/?p=91759"},"modified":"2017-12-27T12:28:12","modified_gmt":"2017-12-27T11:28:12","slug":"natale-a-belluno-gli-appuntamenti-di-fine-2017-bimbi-al-museo-e-capodanno-in-piazza-dei-martiri","status":"publish","type":"post","link":"https:\/\/www.bellunopress.it\/fr\/2017\/12\/27\/natale-a-belluno-gli-appuntamenti-di-fine-2017-bimbi-al-museo-e-capodanno-in-piazza-dei-martiri\/","title":{"rendered":"Natale a Belluno: gli appuntamenti di fine 2017. Bimbi al Museo e Capodanno in Piazza dei Martiri"},"content":{"rendered":"<p><a href=\"http:\/\/www.bellunopress.it\/fr\/2017\/01\/02\/oltre-10mila-persone-al-capodanno-in-piazza-dei-martiri\/bcapodanno-2017-bellunolanotte\/\" rel=\"attachment wp-att-83347\"><img loading=\"lazy\" decoding=\"async\" class=\"alignleft size-full wp-image-83347\" src=\"http:\/\/www.bellunopress.it\/wp-content\/uploads\/2017\/01\/Bcapodanno-2017-bellunolanotte.jpg\" alt=\"\" width=\"350\" height=\"233\" \/><\/a>Ultimi appuntamenti del 2017 per il \u201cNatale a Belluno\u201d, tra degustazioni, cultura e tanto divertimento.<br \/>\n<strong>Serata al museo<\/strong><br \/>\nPorte aperte gioved\u00ec 28 dicembre a Palazzo Fulcis per una serata tutta dedicata ai pi\u00f9 piccoli. I bambini delle 3\u00b0, 4\u00b0 e 5\u00b0 elementari potranno scoprire i tesori del nuovo Museo civico in una notte tutta dedicata a loro, dalle 18.30 alle 22.00. Per informazioni e prenotazioni: prenotazionimuseo@comune.belluno.it<br \/>\nScarpetta Night<br \/>\nVenerd\u00ec 29 ritrovo alle ore 19.00 in Piazza Duomo per un viaggio alla scoperta dei sapori tradizionali. A condurre la serata sar\u00e0 il famoso chef Andy Luotto, che coordiner\u00e0 gli chef e guider\u00e0 i presenti nella degustazione dei piatti tipici del nostro territorio, tutti da gustare fino in fondo con la \u201cscarpetta\u201d.<br \/>\n<strong>Capodanno in Piazza<\/strong><br \/>\nSar\u00e0 Piazza dei Martiri ad ospitare domenica 31 dicembre la tradizionale festa di Capodanno. La manifestazione avr\u00e0 inizio intorno alle 19.00; ad animare la festa, con l&#8217;organizzazione dei ragazzi di BellunoLaNotte, saranno i disk jockey che si alterneranno sul palco posizionato in Campedel, verso la zona dei giardini, con un imponente impianto audio e luci. Ad accompagnare i bellunesi nel nuovo anno e fin oltre la mezzanotte, saranno quindi balli e musica per tutti i gusti, dalla commerciale alla dance, passando per gli anni &#8217;80. L&#8217;animazione ci porter\u00e0 al conto alla rovescia finale per brindare insieme all\u2019arrivo del nuovo anno. L\u2019ingresso alla festa \u00e8 ovviamente gratuito.<br \/>\n<strong>Gli altri appuntamenti<\/strong><br \/>\nDal 29 dicembre al 1 gennaio, in Piazza dei Martiri, ci saranno i Mercatini di Capodanno, nell&#8217;ambito dell&#8217;iniziativa \u201cAssaggi di artigianato\u201d. Per tutte le giornate, dal mattino fino a sera, saranno aperte le casette dove si potranno acquistare prodotti tipici e artigianali.<br \/>\nOrario prolungato l&#8217;ultimo dell&#8217;anno per la pista di pattinaggio di Piazza Duomo: domenica 31, infatti, si potr\u00e0 scendere sul ghiaccio dalle 16.00 fino alle 2.00 del mattino del giorno di Capodanno. Restano invariati gli orari delle altre giornate e gli appuntamenti del mercoled\u00ec sera dalle 21.30 alle 22.30 con le partite di broomball.<br \/>\nProsegue infine, con grande successo, al Museo Fulcis la mostra dedicata ad Andrea Brustolon e alla donazione Pagani Cesa: al sabato alle 17.00 vengono organizzate anche visite guidate per scoprire le opere lignee di Brustolon, Valentino Panciera Besarel e Matteo Cesa. (prenotazione obbligatoria a prenotazionimuseo@comune.belluno.it). Il Museo rester\u00e0 chiuso domenica 31 dicembre e luned\u00ec 1 gennaio.<\/p>","protected":false},"excerpt":{"rendered":"<p>Ultimi appuntamenti del 2017 per il \u201cNatale a Belluno\u201d, tra degustazioni, cultura e tanto divertimento. Serata al museo Porte aperte gioved\u00ec 28 dicembre a Palazzo Fulcis per una serata tutta dedicata ai pi\u00f9 piccoli. I bambini delle 3\u00b0, 4\u00b0 e 5\u00b0 elementari potranno scoprire i tesori del nuovo Museo civico in una notte tutta dedicata [&hellip;]<\/p>\n","protected":false},"author":2,"featured_media":0,"comment_status":"closed","ping_status":"open","sticky":false,"template":"","format":"standard","meta":{"footnotes":""},"categories":[27,3],"tags":[],"class_list":["post-91759","post","type-post","status-publish","format-standard","category-appuntamenti","category-arte-cultura-spettacoli-scienza-archivi"],"yoast_head":"<!-- This site is optimized with the Yoast SEO plugin v28.4 - https:\/\/yoast.com\/product\/yoast-seo-wordpress\/ -->\n<title>Natale a Belluno: gli appuntamenti di fine 2017. Bimbi al Museo e Capodanno in Piazza dei Martiri - Bellunopress - Dolomiti<\/title>\n<meta name=\"robots\" content=\"index, follow, max-snippet:-1, max-image-preview:large, max-video-preview:-1\" \/>\n<link rel=\"canonical\" href=\"https:\/\/www.bellunopress.it\/fr\/2017\/12\/27\/natale-a-belluno-gli-appuntamenti-di-fine-2017-bimbi-al-museo-e-capodanno-in-piazza-dei-martiri\/\" \/>\n<meta property=\"og:locale\" content=\"fr_FR\" \/>\n<meta property=\"og:type\" content=\"article\" \/>\n<meta property=\"og:title\" content=\"Natale a Belluno: gli appuntamenti di fine 2017. Bimbi al Museo e Capodanno in Piazza dei Martiri - Bellunopress - Dolomiti\" \/>\n<meta property=\"og:description\" content=\"Ultimi appuntamenti del 2017 per il \u201cNatale a Belluno\u201d, tra degustazioni, cultura e tanto divertimento. Serata al museo Porte aperte gioved\u00ec 28 dicembre a Palazzo Fulcis per una serata tutta dedicata ai pi\u00f9 piccoli. I bambini delle 3\u00b0, 4\u00b0 e 5\u00b0 elementari potranno scoprire i tesori del nuovo Museo civico in una notte tutta dedicata [&hellip;]\" \/>\n<meta property=\"og:url\" content=\"https:\/\/www.bellunopress.it\/fr\/2017\/12\/27\/natale-a-belluno-gli-appuntamenti-di-fine-2017-bimbi-al-museo-e-capodanno-in-piazza-dei-martiri\/\" \/>\n<meta property=\"og:site_name\" content=\"Bellunopress - Dolomiti\" \/>\n<meta property=\"article:publisher\" content=\"https:\/\/www.facebook.com\/profile.php?id=100008943462799\" \/>\n<meta property=\"article:published_time\" content=\"2017-12-27T11:28:12+00:00\" \/>\n<meta property=\"og:image\" content=\"http:\/\/www.bellunopress.it\/wp-content\/uploads\/2017\/01\/Bcapodanno-2017-bellunolanotte.jpg\" \/>\n<meta name=\"author\" content=\"redazione\" \/>\n<meta name=\"twitter:card\" content=\"summary_large_image\" \/>\n<meta name=\"twitter:creator\" content=\"@bellunopress\" \/>\n<meta name=\"twitter:site\" content=\"@bellunopress\" \/>\n<meta name=\"twitter:label1\" content=\"\u00c9crit par\" \/>\n\t<meta name=\"twitter:data1\" content=\"redazione\" \/>\n\t<meta name=\"twitter:label2\" content=\"Dur\u00e9e de lecture estim\u00e9e\" \/>\n\t<meta name=\"twitter:data2\" content=\"2 minutes\" \/>\n<script type=\"application\/ld+json\" class=\"yoast-schema-graph\">{\"@context\":\"https:\\\/\\\/schema.org\",\"@graph\":[{\"@type\":\"Article\",\"@id\":\"https:\\\/\\\/www.bellunopress.it\\\/2017\\\/12\\\/27\\\/natale-a-belluno-gli-appuntamenti-di-fine-2017-bimbi-al-museo-e-capodanno-in-piazza-dei-martiri\\\/#article\",\"isPartOf\":{\"@id\":\"https:\\\/\\\/www.bellunopress.it\\\/2017\\\/12\\\/27\\\/natale-a-belluno-gli-appuntamenti-di-fine-2017-bimbi-al-museo-e-capodanno-in-piazza-dei-martiri\\\/\"},\"author\":{\"name\":\"redazione\",\"@id\":\"https:\\\/\\\/www.bellunopress.it\\\/#\\\/schema\\\/person\\\/79bb06722b37ece1c03d3e94beb30d73\"},\"headline\":\"Natale a Belluno: gli appuntamenti di fine 2017. Bimbi al Museo e Capodanno in Piazza dei Martiri\",\"datePublished\":\"2017-12-27T11:28:12+00:00\",\"mainEntityOfPage\":{\"@id\":\"https:\\\/\\\/www.bellunopress.it\\\/2017\\\/12\\\/27\\\/natale-a-belluno-gli-appuntamenti-di-fine-2017-bimbi-al-museo-e-capodanno-in-piazza-dei-martiri\\\/\"},\"wordCount\":390,\"publisher\":{\"@id\":\"https:\\\/\\\/www.bellunopress.it\\\/#organization\"},\"image\":{\"@id\":\"https:\\\/\\\/www.bellunopress.it\\\/2017\\\/12\\\/27\\\/natale-a-belluno-gli-appuntamenti-di-fine-2017-bimbi-al-museo-e-capodanno-in-piazza-dei-martiri\\\/#primaryimage\"},\"thumbnailUrl\":\"http:\\\/\\\/www.bellunopress.it\\\/wp-content\\\/uploads\\\/2017\\\/01\\\/Bcapodanno-2017-bellunolanotte.jpg\",\"articleSection\":[\"Appuntamenti, Eventi\",\"Arte, Cultura, Spettacoli, Scienza\"],\"inLanguage\":\"fr-FR\"},{\"@type\":\"WebPage\",\"@id\":\"https:\\\/\\\/www.bellunopress.it\\\/2017\\\/12\\\/27\\\/natale-a-belluno-gli-appuntamenti-di-fine-2017-bimbi-al-museo-e-capodanno-in-piazza-dei-martiri\\\/\",\"url\":\"https:\\\/\\\/www.bellunopress.it\\\/2017\\\/12\\\/27\\\/natale-a-belluno-gli-appuntamenti-di-fine-2017-bimbi-al-museo-e-capodanno-in-piazza-dei-martiri\\\/\",\"name\":\"Natale a Belluno: gli appuntamenti di fine 2017. Bimbi al Museo e Capodanno in Piazza dei Martiri - Bellunopress - Dolomiti\",\"isPartOf\":{\"@id\":\"https:\\\/\\\/www.bellunopress.it\\\/#website\"},\"primaryImageOfPage\":{\"@id\":\"https:\\\/\\\/www.bellunopress.it\\\/2017\\\/12\\\/27\\\/natale-a-belluno-gli-appuntamenti-di-fine-2017-bimbi-al-museo-e-capodanno-in-piazza-dei-martiri\\\/#primaryimage\"},\"image\":{\"@id\":\"https:\\\/\\\/www.bellunopress.it\\\/2017\\\/12\\\/27\\\/natale-a-belluno-gli-appuntamenti-di-fine-2017-bimbi-al-museo-e-capodanno-in-piazza-dei-martiri\\\/#primaryimage\"},\"thumbnailUrl\":\"http:\\\/\\\/www.bellunopress.it\\\/wp-content\\\/uploads\\\/2017\\\/01\\\/Bcapodanno-2017-bellunolanotte.jpg\",\"datePublished\":\"2017-12-27T11:28:12+00:00\",\"breadcrumb\":{\"@id\":\"https:\\\/\\\/www.bellunopress.it\\\/2017\\\/12\\\/27\\\/natale-a-belluno-gli-appuntamenti-di-fine-2017-bimbi-al-museo-e-capodanno-in-piazza-dei-martiri\\\/#breadcrumb\"},\"inLanguage\":\"fr-FR\",\"potentialAction\":[{\"@type\":\"ReadAction\",\"target\":[\"https:\\\/\\\/www.bellunopress.it\\\/2017\\\/12\\\/27\\\/natale-a-belluno-gli-appuntamenti-di-fine-2017-bimbi-al-museo-e-capodanno-in-piazza-dei-martiri\\\/\"]}]},{\"@type\":\"ImageObject\",\"inLanguage\":\"fr-FR\",\"@id\":\"https:\\\/\\\/www.bellunopress.it\\\/2017\\\/12\\\/27\\\/natale-a-belluno-gli-appuntamenti-di-fine-2017-bimbi-al-museo-e-capodanno-in-piazza-dei-martiri\\\/#primaryimage\",\"url\":\"http:\\\/\\\/www.bellunopress.it\\\/wp-content\\\/uploads\\\/2017\\\/01\\\/Bcapodanno-2017-bellunolanotte.jpg\",\"contentUrl\":\"http:\\\/\\\/www.bellunopress.it\\\/wp-content\\\/uploads\\\/2017\\\/01\\\/Bcapodanno-2017-bellunolanotte.jpg\"},{\"@type\":\"BreadcrumbList\",\"@id\":\"https:\\\/\\\/www.bellunopress.it\\\/2017\\\/12\\\/27\\\/natale-a-belluno-gli-appuntamenti-di-fine-2017-bimbi-al-museo-e-capodanno-in-piazza-dei-martiri\\\/#breadcrumb\",\"itemListElement\":[{\"@type\":\"ListItem\",\"position\":1,\"name\":\"Home\",\"item\":\"https:\\\/\\\/www.bellunopress.it\\\/\"},{\"@type\":\"ListItem\",\"position\":2,\"name\":\"Natale a Belluno: gli appuntamenti di fine 2017. Bimbi al Museo e Capodanno in Piazza dei Martiri\"}]},{\"@type\":\"WebSite\",\"@id\":\"https:\\\/\\\/www.bellunopress.it\\\/#website\",\"url\":\"https:\\\/\\\/www.bellunopress.it\\\/\",\"name\":\"Bellunopress - Dolomiti\",\"description\":\"e-mail: redazione@bellunopress.it\",\"publisher\":{\"@id\":\"https:\\\/\\\/www.bellunopress.it\\\/#organization\"},\"potentialAction\":[{\"@type\":\"SearchAction\",\"target\":{\"@type\":\"EntryPoint\",\"urlTemplate\":\"https:\\\/\\\/www.bellunopress.it\\\/?s={search_term_string}\"},\"query-input\":{\"@type\":\"PropertyValueSpecification\",\"valueRequired\":true,\"valueName\":\"search_term_string\"}}],\"inLanguage\":\"fr-FR\"},{\"@type\":\"Organization\",\"@id\":\"https:\\\/\\\/www.bellunopress.it\\\/#organization\",\"name\":\"Bellunopress\",\"url\":\"https:\\\/\\\/www.bellunopress.it\\\/\",\"logo\":{\"@type\":\"ImageObject\",\"inLanguage\":\"fr-FR\",\"@id\":\"https:\\\/\\\/www.bellunopress.it\\\/#\\\/schema\\\/logo\\\/image\\\/\",\"url\":\"https:\\\/\\\/www.bellunopress.it\\\/wp-content\\\/uploads\\\/2011\\\/05\\\/cropped-logo-bellunopress-.jpg\",\"contentUrl\":\"https:\\\/\\\/www.bellunopress.it\\\/wp-content\\\/uploads\\\/2011\\\/05\\\/cropped-logo-bellunopress-.jpg\",\"width\":512,\"height\":512,\"caption\":\"Bellunopress\"},\"image\":{\"@id\":\"https:\\\/\\\/www.bellunopress.it\\\/#\\\/schema\\\/logo\\\/image\\\/\"},\"sameAs\":[\"https:\\\/\\\/www.facebook.com\\\/profile.php?id=100008943462799\",\"https:\\\/\\\/x.com\\\/bellunopress\",\"https:\\\/\\\/www.linkedin.com\\\/hp\\\/?dnr=JBzUWaJfMUw8vbXJJ2tVW5-I3jZKvC4wsoxE&amp;amp;amp;amp;amp;amp;trk=nav_responsive_tab_home\",\"https:\\\/\\\/www.youtube.com\\\/channel\\\/UCxL0wu1uN0_3_7hGG0306cw\"]},{\"@type\":\"Person\",\"@id\":\"https:\\\/\\\/www.bellunopress.it\\\/#\\\/schema\\\/person\\\/79bb06722b37ece1c03d3e94beb30d73\",\"name\":\"redazione\",\"image\":{\"@type\":\"ImageObject\",\"inLanguage\":\"fr-FR\",\"@id\":\"https:\\\/\\\/secure.gravatar.com\\\/avatar\\\/37d968a2e67a6fd04c169c4bdef102d0bc5d31b2546345219e348575eb80e9a0?s=96&d=mm&r=g\",\"url\":\"https:\\\/\\\/secure.gravatar.com\\\/avatar\\\/37d968a2e67a6fd04c169c4bdef102d0bc5d31b2546345219e348575eb80e9a0?s=96&d=mm&r=g\",\"contentUrl\":\"https:\\\/\\\/secure.gravatar.com\\\/avatar\\\/37d968a2e67a6fd04c169c4bdef102d0bc5d31b2546345219e348575eb80e9a0?s=96&d=mm&r=g\",\"caption\":\"redazione\"},\"sameAs\":[\"http:\\\/\\\/www.bellunopress.it\",\"https:\\\/\\\/x.com\\\/bellunopress\"],\"url\":\"https:\\\/\\\/www.bellunopress.it\\\/fr\\\/author\\\/redazione\\\/\"}]}<\/script>\n<!-- \/ Yoast SEO plugin. -->","yoast_head_json":{"title":"Natale a Belluno: gli appuntamenti di fine 2017. Bimbi al Museo e Capodanno in Piazza dei Martiri - Bellunopress - Dolomiti","robots":{"index":"index","follow":"follow","max-snippet":"max-snippet:-1","max-image-preview":"max-image-preview:large","max-video-preview":"max-video-preview:-1"},"canonical":"https:\/\/www.bellunopress.it\/fr\/2017\/12\/27\/natale-a-belluno-gli-appuntamenti-di-fine-2017-bimbi-al-museo-e-capodanno-in-piazza-dei-martiri\/","og_locale":"fr_FR","og_type":"article","og_title":"Natale a Belluno: gli appuntamenti di fine 2017. Bimbi al Museo e Capodanno in Piazza dei Martiri - Bellunopress - Dolomiti","og_description":"Ultimi appuntamenti del 2017 per il \u201cNatale a Belluno\u201d, tra degustazioni, cultura e tanto divertimento. Serata al museo Porte aperte gioved\u00ec 28 dicembre a Palazzo Fulcis per una serata tutta dedicata ai pi\u00f9 piccoli. I bambini delle 3\u00b0, 4\u00b0 e 5\u00b0 elementari potranno scoprire i tesori del nuovo Museo civico in una notte tutta dedicata [&hellip;]","og_url":"https:\/\/www.bellunopress.it\/fr\/2017\/12\/27\/natale-a-belluno-gli-appuntamenti-di-fine-2017-bimbi-al-museo-e-capodanno-in-piazza-dei-martiri\/","og_site_name":"Bellunopress - Dolomiti","article_publisher":"https:\/\/www.facebook.com\/profile.php?id=100008943462799","article_published_time":"2017-12-27T11:28:12+00:00","og_image":[{"url":"http:\/\/www.bellunopress.it\/wp-content\/uploads\/2017\/01\/Bcapodanno-2017-bellunolanotte.jpg","type":"","width":"","height":""}],"author":"redazione","twitter_card":"summary_large_image","twitter_creator":"@bellunopress","twitter_site":"@bellunopress","twitter_misc":{"\u00c9crit par":"redazione","Dur\u00e9e de lecture estim\u00e9e":"2 minutes"},"schema":{"@context":"https:\/\/schema.org","@graph":[{"@type":"Article","@id":"https:\/\/www.bellunopress.it\/2017\/12\/27\/natale-a-belluno-gli-appuntamenti-di-fine-2017-bimbi-al-museo-e-capodanno-in-piazza-dei-martiri\/#article","isPartOf":{"@id":"https:\/\/www.bellunopress.it\/2017\/12\/27\/natale-a-belluno-gli-appuntamenti-di-fine-2017-bimbi-al-museo-e-capodanno-in-piazza-dei-martiri\/"},"author":{"name":"redazione","@id":"https:\/\/www.bellunopress.it\/#\/schema\/person\/79bb06722b37ece1c03d3e94beb30d73"},"headline":"Natale a Belluno: gli appuntamenti di fine 2017. Bimbi al Museo e Capodanno in Piazza dei Martiri","datePublished":"2017-12-27T11:28:12+00:00","mainEntityOfPage":{"@id":"https:\/\/www.bellunopress.it\/2017\/12\/27\/natale-a-belluno-gli-appuntamenti-di-fine-2017-bimbi-al-museo-e-capodanno-in-piazza-dei-martiri\/"},"wordCount":390,"publisher":{"@id":"https:\/\/www.bellunopress.it\/#organization"},"image":{"@id":"https:\/\/www.bellunopress.it\/2017\/12\/27\/natale-a-belluno-gli-appuntamenti-di-fine-2017-bimbi-al-museo-e-capodanno-in-piazza-dei-martiri\/#primaryimage"},"thumbnailUrl":"http:\/\/www.bellunopress.it\/wp-content\/uploads\/2017\/01\/Bcapodanno-2017-bellunolanotte.jpg","articleSection":["Appuntamenti, Eventi","Arte, Cultura, Spettacoli, Scienza"],"inLanguage":"fr-FR"},{"@type":"WebPage","@id":"https:\/\/www.bellunopress.it\/2017\/12\/27\/natale-a-belluno-gli-appuntamenti-di-fine-2017-bimbi-al-museo-e-capodanno-in-piazza-dei-martiri\/","url":"https:\/\/www.bellunopress.it\/2017\/12\/27\/natale-a-belluno-gli-appuntamenti-di-fine-2017-bimbi-al-museo-e-capodanno-in-piazza-dei-martiri\/","name":"Natale a Belluno: gli appuntamenti di fine 2017. Bimbi al Museo e Capodanno in Piazza dei Martiri - Bellunopress - Dolomiti","isPartOf":{"@id":"https:\/\/www.bellunopress.it\/#website"},"primaryImageOfPage":{"@id":"https:\/\/www.bellunopress.it\/2017\/12\/27\/natale-a-belluno-gli-appuntamenti-di-fine-2017-bimbi-al-museo-e-capodanno-in-piazza-dei-martiri\/#primaryimage"},"image":{"@id":"https:\/\/www.bellunopress.it\/2017\/12\/27\/natale-a-belluno-gli-appuntamenti-di-fine-2017-bimbi-al-museo-e-capodanno-in-piazza-dei-martiri\/#primaryimage"},"thumbnailUrl":"http:\/\/www.bellunopress.it\/wp-content\/uploads\/2017\/01\/Bcapodanno-2017-bellunolanotte.jpg","datePublished":"2017-12-27T11:28:12+00:00","breadcrumb":{"@id":"https:\/\/www.bellunopress.it\/2017\/12\/27\/natale-a-belluno-gli-appuntamenti-di-fine-2017-bimbi-al-museo-e-capodanno-in-piazza-dei-martiri\/#breadcrumb"},"inLanguage":"fr-FR","potentialAction":[{"@type":"ReadAction","target":["https:\/\/www.bellunopress.it\/2017\/12\/27\/natale-a-belluno-gli-appuntamenti-di-fine-2017-bimbi-al-museo-e-capodanno-in-piazza-dei-martiri\/"]}]},{"@type":"ImageObject","inLanguage":"fr-FR","@id":"https:\/\/www.bellunopress.it\/2017\/12\/27\/natale-a-belluno-gli-appuntamenti-di-fine-2017-bimbi-al-museo-e-capodanno-in-piazza-dei-martiri\/#primaryimage","url":"http:\/\/www.bellunopress.it\/wp-content\/uploads\/2017\/01\/Bcapodanno-2017-bellunolanotte.jpg","contentUrl":"http:\/\/www.bellunopress.it\/wp-content\/uploads\/2017\/01\/Bcapodanno-2017-bellunolanotte.jpg"},{"@type":"BreadcrumbList","@id":"https:\/\/www.bellunopress.it\/2017\/12\/27\/natale-a-belluno-gli-appuntamenti-di-fine-2017-bimbi-al-museo-e-capodanno-in-piazza-dei-martiri\/#breadcrumb","itemListElement":[{"@type":"ListItem","position":1,"name":"Home","item":"https:\/\/www.bellunopress.it\/"},{"@type":"ListItem","position":2,"name":"Natale a Belluno: gli appuntamenti di fine 2017. Bimbi al Museo e Capodanno in Piazza dei Martiri"}]},{"@type":"WebSite","@id":"https:\/\/www.bellunopress.it\/#website","url":"https:\/\/www.bellunopress.it\/","name":"Bellunopress - Dolomiti","description":"e-mail: redazione@bellunopress.it","publisher":{"@id":"https:\/\/www.bellunopress.it\/#organization"},"potentialAction":[{"@type":"SearchAction","target":{"@type":"EntryPoint","urlTemplate":"https:\/\/www.bellunopress.it\/?s={search_term_string}"},"query-input":{"@type":"PropertyValueSpecification","valueRequired":true,"valueName":"search_term_string"}}],"inLanguage":"fr-FR"},{"@type":"Organization","@id":"https:\/\/www.bellunopress.it\/#organization","name":"Bellunopress","url":"https:\/\/www.bellunopress.it\/","logo":{"@type":"ImageObject","inLanguage":"fr-FR","@id":"https:\/\/www.bellunopress.it\/#\/schema\/logo\/image\/","url":"https:\/\/www.bellunopress.it\/wp-content\/uploads\/2011\/05\/cropped-logo-bellunopress-.jpg","contentUrl":"https:\/\/www.bellunopress.it\/wp-content\/uploads\/2011\/05\/cropped-logo-bellunopress-.jpg","width":512,"height":512,"caption":"Bellunopress"},"image":{"@id":"https:\/\/www.bellunopress.it\/#\/schema\/logo\/image\/"},"sameAs":["https:\/\/www.facebook.com\/profile.php?id=100008943462799","https:\/\/x.com\/bellunopress","https:\/\/www.linkedin.com\/hp\/?dnr=JBzUWaJfMUw8vbXJJ2tVW5-I3jZKvC4wsoxE&amp;amp;amp;amp;amp;amp;trk=nav_responsive_tab_home","https:\/\/www.youtube.com\/channel\/UCxL0wu1uN0_3_7hGG0306cw"]},{"@type":"Person","@id":"https:\/\/www.bellunopress.it\/#\/schema\/person\/79bb06722b37ece1c03d3e94beb30d73","name":"r\u00e9daction","image":{"@type":"ImageObject","inLanguage":"fr-FR","@id":"https:\/\/secure.gravatar.com\/avatar\/37d968a2e67a6fd04c169c4bdef102d0bc5d31b2546345219e348575eb80e9a0?s=96&d=mm&r=g","url":"https:\/\/secure.gravatar.com\/avatar\/37d968a2e67a6fd04c169c4bdef102d0bc5d31b2546345219e348575eb80e9a0?s=96&d=mm&r=g","contentUrl":"https:\/\/secure.gravatar.com\/avatar\/37d968a2e67a6fd04c169c4bdef102d0bc5d31b2546345219e348575eb80e9a0?s=96&d=mm&r=g","caption":"redazione"},"sameAs":["http:\/\/www.bellunopress.it","https:\/\/x.com\/bellunopress"],"url":"https:\/\/www.bellunopress.it\/fr\/author\/redazione\/"}]}},"_links":{"self":[{"href":"https:\/\/www.bellunopress.it\/fr\/wp-json\/wp\/v2\/posts\/91759","targetHints":{"allow":["GET"]}}],"collection":[{"href":"https:\/\/www.bellunopress.it\/fr\/wp-json\/wp\/v2\/posts"}],"about":[{"href":"https:\/\/www.bellunopress.it\/fr\/wp-json\/wp\/v2\/types\/post"}],"author":[{"embeddable":true,"href":"https:\/\/www.bellunopress.it\/fr\/wp-json\/wp\/v2\/users\/2"}],"replies":[{"embeddable":true,"href":"https:\/\/www.bellunopress.it\/fr\/wp-json\/wp\/v2\/comments?post=91759"}],"version-history":[{"count":1,"href":"https:\/\/www.bellunopress.it\/fr\/wp-json\/wp\/v2\/posts\/91759\/revisions"}],"predecessor-version":[{"id":91760,"href":"https:\/\/www.bellunopress.it\/fr\/wp-json\/wp\/v2\/posts\/91759\/revisions\/91760"}],"wp:attachment":[{"href":"https:\/\/www.bellunopress.it\/fr\/wp-json\/wp\/v2\/media?parent=91759"}],"wp:term":[{"taxonomy":"category","embeddable":true,"href":"https:\/\/www.bellunopress.it\/fr\/wp-json\/wp\/v2\/categories?post=91759"},{"taxonomy":"post_tag","embeddable":true,"href":"https:\/\/www.bellunopress.it\/fr\/wp-json\/wp\/v2\/tags?post=91759"}],"curies":[{"name":"wp","href":"https:\/\/api.w.org\/{rel}","templated":true}]}}