{"id":91600,"date":"2017-12-18T21:21:43","date_gmt":"2017-12-18T20:21:43","guid":{"rendered":"http:\/\/www.bellunopress.it\/?p=91600"},"modified":"2017-12-18T21:21:44","modified_gmt":"2017-12-18T20:21:44","slug":"salce-raddoppia-la-donazione-benefica-a-favore-dellulss-n-1-dolomiti","status":"publish","type":"post","link":"https:\/\/www.bellunopress.it\/fr\/2017\/12\/18\/salce-raddoppia-la-donazione-benefica-a-favore-dellulss-n-1-dolomiti\/","title":{"rendered":"Salce raddoppia la donazione benefica a favore dell\u2019Ulss n. 1 Dolomiti"},"content":{"rendered":"<p><a href=\"http:\/\/www.bellunopress.it\/fr\/2017\/12\/18\/salce-raddoppia-la-donazione-benefica-a-favore-dellulss-n-1-dolomiti\/i-primari-pagano-e-dantimo-con-gli-organizzatori-di-salce\/\" rel=\"attachment wp-att-91601\"><img loading=\"lazy\" decoding=\"async\" class=\"alignleft size-full wp-image-91601\" src=\"http:\/\/www.bellunopress.it\/wp-content\/uploads\/2017\/12\/i-primari-Pagano-e-DAntimo-con-gli-organizzatori-di-Salce.jpeg\" alt=\"\" width=\"300\" height=\"139\" \/><\/a>Un polisonnigrafo avanzato per l&#8217;Otorinolaringoiatria dell\u2019ospedale di Feltre, e un software per la gestione delle operazioni chirurgiche all\u2019Ortopedia dell&#8217;ospedale di Belluno.<\/p>\n<p>Il progetto delle donazioni, nato in occasione della Sagra di San Bartolomeo a Salce dello scorso agosto, \u00e8 andato in porto.<br \/>\nA rendere possibile il tutto, \u00e8 stata l\u2019unione di diverse realt\u00e0: la Sagra di San Bartolomeo a Salce che ha destinato l\u2019intero ricavato per l\u2019acquisto del polisonnigrafo, gli Alpini del Gruppo di Salce che hanno donato parte degli introiti della manifestazione \u201cIl pastin in piazza\u201d, il Mercatino di San Martino a Salce che ha devoluto una parte del ricavato della giornata. E poi il contributo prezioso di un benefattore anonimo e della Ditta Dolomitibus S.p.a.<\/p>\n<p>Alla cena con tutti i volontari delle manifestazioni salcesi tenutasi il primo dicembre, erano presenti i primari dei Reparti, Otorinolaringoiatria il dottor Pagano e Ortopedia il dottor D\u2019Antimo, che hanno colto l&#8217;occasione per ringraziare tutti i soggetti coinvolti e hanno esposto le caratteristiche delle donazioni.<\/p>\n<p>Il polisonnigrafo avanzato, sembra essere il primo di questo genere ad arrivare in Veneto e servir\u00e0 per una diagnosi pi\u00f9 accurata delle apnee notturne, malattia sempre pi\u00f9 frequente che pu\u00f2 portare anche ai colpi di sonno alla guida (ecco perch\u00e9 Dolomitibus come sponsor). La seconda donazione \u00e8 il pacchetto software che permetter\u00e0 al chirurgo ortopedico di eseguire, grazie alle indicazioni digitali del software interventi pi\u00f9 precisi e personalizzati ad ogni paziente; verranno inoltre velocizzati i tempi chirurgici e si risparmieranno le stampe delle radiografie e i relativi costi.<\/p>\n<p>Nella foto,\u00a0i primari D\u2019Antimo e Pagano con gli degli organizzatori delle manifestazioni di Salce<\/p>\n<p>&nbsp;<\/p>","protected":false},"excerpt":{"rendered":"<p>Un polisonnigrafo avanzato per l&#8217;Otorinolaringoiatria dell\u2019ospedale di Feltre, e un software per la gestione delle operazioni chirurgiche all\u2019Ortopedia dell&#8217;ospedale di Belluno. Il progetto delle donazioni, nato in occasione della Sagra di San Bartolomeo a Salce dello scorso agosto, \u00e8 andato in porto. A rendere possibile il tutto, \u00e8 stata l\u2019unione di diverse realt\u00e0: la Sagra [&hellip;]<\/p>\n","protected":false},"author":2,"featured_media":0,"comment_status":"closed","ping_status":"open","sticky":false,"template":"","format":"standard","meta":{"footnotes":""},"categories":[26,8],"tags":[],"class_list":["post-91600","post","type-post","status-publish","format-standard","category-prima-pagina","category-societa-istituzioni"],"yoast_head":"<!-- This site is optimized with the Yoast SEO plugin v28.4 - https:\/\/yoast.com\/product\/yoast-seo-wordpress\/ -->\n<title>Salce raddoppia la donazione benefica a favore dell\u2019Ulss n. 1 Dolomiti - Bellunopress - Dolomiti<\/title>\n<meta name=\"robots\" content=\"index, follow, max-snippet:-1, max-image-preview:large, max-video-preview:-1\" \/>\n<link rel=\"canonical\" href=\"https:\/\/www.bellunopress.it\/fr\/2017\/12\/18\/salce-raddoppia-la-donazione-benefica-a-favore-dellulss-n-1-dolomiti\/\" \/>\n<meta property=\"og:locale\" content=\"fr_FR\" \/>\n<meta property=\"og:type\" content=\"article\" \/>\n<meta property=\"og:title\" content=\"Salce raddoppia la donazione benefica a favore dell\u2019Ulss n. 1 Dolomiti - Bellunopress - Dolomiti\" \/>\n<meta property=\"og:description\" content=\"Un polisonnigrafo avanzato per l&#8217;Otorinolaringoiatria dell\u2019ospedale di Feltre, e un software per la gestione delle operazioni chirurgiche all\u2019Ortopedia dell&#8217;ospedale di Belluno. Il progetto delle donazioni, nato in occasione della Sagra di San Bartolomeo a Salce dello scorso agosto, \u00e8 andato in porto. A rendere possibile il tutto, \u00e8 stata l\u2019unione di diverse realt\u00e0: la Sagra [&hellip;]\" \/>\n<meta property=\"og:url\" content=\"https:\/\/www.bellunopress.it\/fr\/2017\/12\/18\/salce-raddoppia-la-donazione-benefica-a-favore-dellulss-n-1-dolomiti\/\" \/>\n<meta property=\"og:site_name\" content=\"Bellunopress - Dolomiti\" \/>\n<meta property=\"article:publisher\" content=\"https:\/\/www.facebook.com\/profile.php?id=100008943462799\" \/>\n<meta property=\"article:published_time\" content=\"2017-12-18T20:21:43+00:00\" \/>\n<meta property=\"article:modified_time\" content=\"2017-12-18T20:21:44+00:00\" \/>\n<meta property=\"og:image\" content=\"http:\/\/www.bellunopress.it\/wp-content\/uploads\/2017\/12\/i-primari-Pagano-e-DAntimo-con-gli-organizzatori-di-Salce.jpeg\" \/>\n<meta name=\"author\" content=\"redazione\" \/>\n<meta name=\"twitter:card\" content=\"summary_large_image\" \/>\n<meta name=\"twitter:creator\" content=\"@bellunopress\" \/>\n<meta name=\"twitter:site\" content=\"@bellunopress\" \/>\n<meta name=\"twitter:label1\" content=\"\u00c9crit par\" \/>\n\t<meta name=\"twitter:data1\" content=\"redazione\" \/>\n\t<meta name=\"twitter:label2\" content=\"Dur\u00e9e de lecture estim\u00e9e\" \/>\n\t<meta name=\"twitter:data2\" content=\"1 minute\" \/>\n<script type=\"application\/ld+json\" class=\"yoast-schema-graph\">{\"@context\":\"https:\\\/\\\/schema.org\",\"@graph\":[{\"@type\":\"Article\",\"@id\":\"https:\\\/\\\/www.bellunopress.it\\\/2017\\\/12\\\/18\\\/salce-raddoppia-la-donazione-benefica-a-favore-dellulss-n-1-dolomiti\\\/#article\",\"isPartOf\":{\"@id\":\"https:\\\/\\\/www.bellunopress.it\\\/2017\\\/12\\\/18\\\/salce-raddoppia-la-donazione-benefica-a-favore-dellulss-n-1-dolomiti\\\/\"},\"author\":{\"name\":\"redazione\",\"@id\":\"https:\\\/\\\/www.bellunopress.it\\\/#\\\/schema\\\/person\\\/79bb06722b37ece1c03d3e94beb30d73\"},\"headline\":\"Salce raddoppia la donazione benefica a favore dell\u2019Ulss n. 1 Dolomiti\",\"datePublished\":\"2017-12-18T20:21:43+00:00\",\"dateModified\":\"2017-12-18T20:21:44+00:00\",\"mainEntityOfPage\":{\"@id\":\"https:\\\/\\\/www.bellunopress.it\\\/2017\\\/12\\\/18\\\/salce-raddoppia-la-donazione-benefica-a-favore-dellulss-n-1-dolomiti\\\/\"},\"wordCount\":286,\"publisher\":{\"@id\":\"https:\\\/\\\/www.bellunopress.it\\\/#organization\"},\"image\":{\"@id\":\"https:\\\/\\\/www.bellunopress.it\\\/2017\\\/12\\\/18\\\/salce-raddoppia-la-donazione-benefica-a-favore-dellulss-n-1-dolomiti\\\/#primaryimage\"},\"thumbnailUrl\":\"http:\\\/\\\/www.bellunopress.it\\\/wp-content\\\/uploads\\\/2017\\\/12\\\/i-primari-Pagano-e-DAntimo-con-gli-organizzatori-di-Salce.jpeg\",\"articleSection\":[\"Prima Pagina\",\"Societ\u00e0, Associazioni, Istituzioni\"],\"inLanguage\":\"fr-FR\"},{\"@type\":\"WebPage\",\"@id\":\"https:\\\/\\\/www.bellunopress.it\\\/2017\\\/12\\\/18\\\/salce-raddoppia-la-donazione-benefica-a-favore-dellulss-n-1-dolomiti\\\/\",\"url\":\"https:\\\/\\\/www.bellunopress.it\\\/2017\\\/12\\\/18\\\/salce-raddoppia-la-donazione-benefica-a-favore-dellulss-n-1-dolomiti\\\/\",\"name\":\"Salce raddoppia la donazione benefica a favore dell\u2019Ulss n. 1 Dolomiti - Bellunopress - Dolomiti\",\"isPartOf\":{\"@id\":\"https:\\\/\\\/www.bellunopress.it\\\/#website\"},\"primaryImageOfPage\":{\"@id\":\"https:\\\/\\\/www.bellunopress.it\\\/2017\\\/12\\\/18\\\/salce-raddoppia-la-donazione-benefica-a-favore-dellulss-n-1-dolomiti\\\/#primaryimage\"},\"image\":{\"@id\":\"https:\\\/\\\/www.bellunopress.it\\\/2017\\\/12\\\/18\\\/salce-raddoppia-la-donazione-benefica-a-favore-dellulss-n-1-dolomiti\\\/#primaryimage\"},\"thumbnailUrl\":\"http:\\\/\\\/www.bellunopress.it\\\/wp-content\\\/uploads\\\/2017\\\/12\\\/i-primari-Pagano-e-DAntimo-con-gli-organizzatori-di-Salce.jpeg\",\"datePublished\":\"2017-12-18T20:21:43+00:00\",\"dateModified\":\"2017-12-18T20:21:44+00:00\",\"breadcrumb\":{\"@id\":\"https:\\\/\\\/www.bellunopress.it\\\/2017\\\/12\\\/18\\\/salce-raddoppia-la-donazione-benefica-a-favore-dellulss-n-1-dolomiti\\\/#breadcrumb\"},\"inLanguage\":\"fr-FR\",\"potentialAction\":[{\"@type\":\"ReadAction\",\"target\":[\"https:\\\/\\\/www.bellunopress.it\\\/2017\\\/12\\\/18\\\/salce-raddoppia-la-donazione-benefica-a-favore-dellulss-n-1-dolomiti\\\/\"]}]},{\"@type\":\"ImageObject\",\"inLanguage\":\"fr-FR\",\"@id\":\"https:\\\/\\\/www.bellunopress.it\\\/2017\\\/12\\\/18\\\/salce-raddoppia-la-donazione-benefica-a-favore-dellulss-n-1-dolomiti\\\/#primaryimage\",\"url\":\"http:\\\/\\\/www.bellunopress.it\\\/wp-content\\\/uploads\\\/2017\\\/12\\\/i-primari-Pagano-e-DAntimo-con-gli-organizzatori-di-Salce.jpeg\",\"contentUrl\":\"http:\\\/\\\/www.bellunopress.it\\\/wp-content\\\/uploads\\\/2017\\\/12\\\/i-primari-Pagano-e-DAntimo-con-gli-organizzatori-di-Salce.jpeg\"},{\"@type\":\"BreadcrumbList\",\"@id\":\"https:\\\/\\\/www.bellunopress.it\\\/2017\\\/12\\\/18\\\/salce-raddoppia-la-donazione-benefica-a-favore-dellulss-n-1-dolomiti\\\/#breadcrumb\",\"itemListElement\":[{\"@type\":\"ListItem\",\"position\":1,\"name\":\"Home\",\"item\":\"https:\\\/\\\/www.bellunopress.it\\\/\"},{\"@type\":\"ListItem\",\"position\":2,\"name\":\"Salce raddoppia la donazione benefica a favore dell\u2019Ulss n. 1 Dolomiti\"}]},{\"@type\":\"WebSite\",\"@id\":\"https:\\\/\\\/www.bellunopress.it\\\/#website\",\"url\":\"https:\\\/\\\/www.bellunopress.it\\\/\",\"name\":\"Bellunopress - Dolomiti\",\"description\":\"e-mail: redazione@bellunopress.it\",\"publisher\":{\"@id\":\"https:\\\/\\\/www.bellunopress.it\\\/#organization\"},\"potentialAction\":[{\"@type\":\"SearchAction\",\"target\":{\"@type\":\"EntryPoint\",\"urlTemplate\":\"https:\\\/\\\/www.bellunopress.it\\\/?s={search_term_string}\"},\"query-input\":{\"@type\":\"PropertyValueSpecification\",\"valueRequired\":true,\"valueName\":\"search_term_string\"}}],\"inLanguage\":\"fr-FR\"},{\"@type\":\"Organization\",\"@id\":\"https:\\\/\\\/www.bellunopress.it\\\/#organization\",\"name\":\"Bellunopress\",\"url\":\"https:\\\/\\\/www.bellunopress.it\\\/\",\"logo\":{\"@type\":\"ImageObject\",\"inLanguage\":\"fr-FR\",\"@id\":\"https:\\\/\\\/www.bellunopress.it\\\/#\\\/schema\\\/logo\\\/image\\\/\",\"url\":\"https:\\\/\\\/www.bellunopress.it\\\/wp-content\\\/uploads\\\/2011\\\/05\\\/cropped-logo-bellunopress-.jpg\",\"contentUrl\":\"https:\\\/\\\/www.bellunopress.it\\\/wp-content\\\/uploads\\\/2011\\\/05\\\/cropped-logo-bellunopress-.jpg\",\"width\":512,\"height\":512,\"caption\":\"Bellunopress\"},\"image\":{\"@id\":\"https:\\\/\\\/www.bellunopress.it\\\/#\\\/schema\\\/logo\\\/image\\\/\"},\"sameAs\":[\"https:\\\/\\\/www.facebook.com\\\/profile.php?id=100008943462799\",\"https:\\\/\\\/x.com\\\/bellunopress\",\"https:\\\/\\\/www.linkedin.com\\\/hp\\\/?dnr=JBzUWaJfMUw8vbXJJ2tVW5-I3jZKvC4wsoxE&amp;amp;amp;amp;amp;amp;trk=nav_responsive_tab_home\",\"https:\\\/\\\/www.youtube.com\\\/channel\\\/UCxL0wu1uN0_3_7hGG0306cw\"]},{\"@type\":\"Person\",\"@id\":\"https:\\\/\\\/www.bellunopress.it\\\/#\\\/schema\\\/person\\\/79bb06722b37ece1c03d3e94beb30d73\",\"name\":\"redazione\",\"image\":{\"@type\":\"ImageObject\",\"inLanguage\":\"fr-FR\",\"@id\":\"https:\\\/\\\/secure.gravatar.com\\\/avatar\\\/37d968a2e67a6fd04c169c4bdef102d0bc5d31b2546345219e348575eb80e9a0?s=96&d=mm&r=g\",\"url\":\"https:\\\/\\\/secure.gravatar.com\\\/avatar\\\/37d968a2e67a6fd04c169c4bdef102d0bc5d31b2546345219e348575eb80e9a0?s=96&d=mm&r=g\",\"contentUrl\":\"https:\\\/\\\/secure.gravatar.com\\\/avatar\\\/37d968a2e67a6fd04c169c4bdef102d0bc5d31b2546345219e348575eb80e9a0?s=96&d=mm&r=g\",\"caption\":\"redazione\"},\"sameAs\":[\"http:\\\/\\\/www.bellunopress.it\",\"https:\\\/\\\/x.com\\\/bellunopress\"],\"url\":\"https:\\\/\\\/www.bellunopress.it\\\/fr\\\/author\\\/redazione\\\/\"}]}<\/script>\n<!-- \/ Yoast SEO plugin. -->","yoast_head_json":{"title":"Salce raddoppia la donazione benefica a favore dell\u2019Ulss n. 1 Dolomiti - Bellunopress - Dolomiti","robots":{"index":"index","follow":"follow","max-snippet":"max-snippet:-1","max-image-preview":"max-image-preview:large","max-video-preview":"max-video-preview:-1"},"canonical":"https:\/\/www.bellunopress.it\/fr\/2017\/12\/18\/salce-raddoppia-la-donazione-benefica-a-favore-dellulss-n-1-dolomiti\/","og_locale":"fr_FR","og_type":"article","og_title":"Salce raddoppia la donazione benefica a favore dell\u2019Ulss n. 1 Dolomiti - Bellunopress - Dolomiti","og_description":"Un polisonnigrafo avanzato per l&#8217;Otorinolaringoiatria dell\u2019ospedale di Feltre, e un software per la gestione delle operazioni chirurgiche all\u2019Ortopedia dell&#8217;ospedale di Belluno. Il progetto delle donazioni, nato in occasione della Sagra di San Bartolomeo a Salce dello scorso agosto, \u00e8 andato in porto. A rendere possibile il tutto, \u00e8 stata l\u2019unione di diverse realt\u00e0: la Sagra [&hellip;]","og_url":"https:\/\/www.bellunopress.it\/fr\/2017\/12\/18\/salce-raddoppia-la-donazione-benefica-a-favore-dellulss-n-1-dolomiti\/","og_site_name":"Bellunopress - Dolomiti","article_publisher":"https:\/\/www.facebook.com\/profile.php?id=100008943462799","article_published_time":"2017-12-18T20:21:43+00:00","article_modified_time":"2017-12-18T20:21:44+00:00","og_image":[{"url":"http:\/\/www.bellunopress.it\/wp-content\/uploads\/2017\/12\/i-primari-Pagano-e-DAntimo-con-gli-organizzatori-di-Salce.jpeg","type":"","width":"","height":""}],"author":"redazione","twitter_card":"summary_large_image","twitter_creator":"@bellunopress","twitter_site":"@bellunopress","twitter_misc":{"\u00c9crit par":"redazione","Dur\u00e9e de lecture estim\u00e9e":"1 minute"},"schema":{"@context":"https:\/\/schema.org","@graph":[{"@type":"Article","@id":"https:\/\/www.bellunopress.it\/2017\/12\/18\/salce-raddoppia-la-donazione-benefica-a-favore-dellulss-n-1-dolomiti\/#article","isPartOf":{"@id":"https:\/\/www.bellunopress.it\/2017\/12\/18\/salce-raddoppia-la-donazione-benefica-a-favore-dellulss-n-1-dolomiti\/"},"author":{"name":"redazione","@id":"https:\/\/www.bellunopress.it\/#\/schema\/person\/79bb06722b37ece1c03d3e94beb30d73"},"headline":"Salce raddoppia la donazione benefica a favore dell\u2019Ulss n. 1 Dolomiti","datePublished":"2017-12-18T20:21:43+00:00","dateModified":"2017-12-18T20:21:44+00:00","mainEntityOfPage":{"@id":"https:\/\/www.bellunopress.it\/2017\/12\/18\/salce-raddoppia-la-donazione-benefica-a-favore-dellulss-n-1-dolomiti\/"},"wordCount":286,"publisher":{"@id":"https:\/\/www.bellunopress.it\/#organization"},"image":{"@id":"https:\/\/www.bellunopress.it\/2017\/12\/18\/salce-raddoppia-la-donazione-benefica-a-favore-dellulss-n-1-dolomiti\/#primaryimage"},"thumbnailUrl":"http:\/\/www.bellunopress.it\/wp-content\/uploads\/2017\/12\/i-primari-Pagano-e-DAntimo-con-gli-organizzatori-di-Salce.jpeg","articleSection":["Prima Pagina","Societ\u00e0, Associazioni, Istituzioni"],"inLanguage":"fr-FR"},{"@type":"WebPage","@id":"https:\/\/www.bellunopress.it\/2017\/12\/18\/salce-raddoppia-la-donazione-benefica-a-favore-dellulss-n-1-dolomiti\/","url":"https:\/\/www.bellunopress.it\/2017\/12\/18\/salce-raddoppia-la-donazione-benefica-a-favore-dellulss-n-1-dolomiti\/","name":"Salce raddoppia la donazione benefica a favore dell\u2019Ulss n. 1 Dolomiti - Bellunopress - Dolomiti","isPartOf":{"@id":"https:\/\/www.bellunopress.it\/#website"},"primaryImageOfPage":{"@id":"https:\/\/www.bellunopress.it\/2017\/12\/18\/salce-raddoppia-la-donazione-benefica-a-favore-dellulss-n-1-dolomiti\/#primaryimage"},"image":{"@id":"https:\/\/www.bellunopress.it\/2017\/12\/18\/salce-raddoppia-la-donazione-benefica-a-favore-dellulss-n-1-dolomiti\/#primaryimage"},"thumbnailUrl":"http:\/\/www.bellunopress.it\/wp-content\/uploads\/2017\/12\/i-primari-Pagano-e-DAntimo-con-gli-organizzatori-di-Salce.jpeg","datePublished":"2017-12-18T20:21:43+00:00","dateModified":"2017-12-18T20:21:44+00:00","breadcrumb":{"@id":"https:\/\/www.bellunopress.it\/2017\/12\/18\/salce-raddoppia-la-donazione-benefica-a-favore-dellulss-n-1-dolomiti\/#breadcrumb"},"inLanguage":"fr-FR","potentialAction":[{"@type":"ReadAction","target":["https:\/\/www.bellunopress.it\/2017\/12\/18\/salce-raddoppia-la-donazione-benefica-a-favore-dellulss-n-1-dolomiti\/"]}]},{"@type":"ImageObject","inLanguage":"fr-FR","@id":"https:\/\/www.bellunopress.it\/2017\/12\/18\/salce-raddoppia-la-donazione-benefica-a-favore-dellulss-n-1-dolomiti\/#primaryimage","url":"http:\/\/www.bellunopress.it\/wp-content\/uploads\/2017\/12\/i-primari-Pagano-e-DAntimo-con-gli-organizzatori-di-Salce.jpeg","contentUrl":"http:\/\/www.bellunopress.it\/wp-content\/uploads\/2017\/12\/i-primari-Pagano-e-DAntimo-con-gli-organizzatori-di-Salce.jpeg"},{"@type":"BreadcrumbList","@id":"https:\/\/www.bellunopress.it\/2017\/12\/18\/salce-raddoppia-la-donazione-benefica-a-favore-dellulss-n-1-dolomiti\/#breadcrumb","itemListElement":[{"@type":"ListItem","position":1,"name":"Home","item":"https:\/\/www.bellunopress.it\/"},{"@type":"ListItem","position":2,"name":"Salce raddoppia la donazione benefica a favore dell\u2019Ulss n. 1 Dolomiti"}]},{"@type":"WebSite","@id":"https:\/\/www.bellunopress.it\/#website","url":"https:\/\/www.bellunopress.it\/","name":"Bellunopress - Dolomiti","description":"e-mail: redazione@bellunopress.it","publisher":{"@id":"https:\/\/www.bellunopress.it\/#organization"},"potentialAction":[{"@type":"SearchAction","target":{"@type":"EntryPoint","urlTemplate":"https:\/\/www.bellunopress.it\/?s={search_term_string}"},"query-input":{"@type":"PropertyValueSpecification","valueRequired":true,"valueName":"search_term_string"}}],"inLanguage":"fr-FR"},{"@type":"Organization","@id":"https:\/\/www.bellunopress.it\/#organization","name":"Bellunopress","url":"https:\/\/www.bellunopress.it\/","logo":{"@type":"ImageObject","inLanguage":"fr-FR","@id":"https:\/\/www.bellunopress.it\/#\/schema\/logo\/image\/","url":"https:\/\/www.bellunopress.it\/wp-content\/uploads\/2011\/05\/cropped-logo-bellunopress-.jpg","contentUrl":"https:\/\/www.bellunopress.it\/wp-content\/uploads\/2011\/05\/cropped-logo-bellunopress-.jpg","width":512,"height":512,"caption":"Bellunopress"},"image":{"@id":"https:\/\/www.bellunopress.it\/#\/schema\/logo\/image\/"},"sameAs":["https:\/\/www.facebook.com\/profile.php?id=100008943462799","https:\/\/x.com\/bellunopress","https:\/\/www.linkedin.com\/hp\/?dnr=JBzUWaJfMUw8vbXJJ2tVW5-I3jZKvC4wsoxE&amp;amp;amp;amp;amp;amp;trk=nav_responsive_tab_home","https:\/\/www.youtube.com\/channel\/UCxL0wu1uN0_3_7hGG0306cw"]},{"@type":"Person","@id":"https:\/\/www.bellunopress.it\/#\/schema\/person\/79bb06722b37ece1c03d3e94beb30d73","name":"r\u00e9daction","image":{"@type":"ImageObject","inLanguage":"fr-FR","@id":"https:\/\/secure.gravatar.com\/avatar\/37d968a2e67a6fd04c169c4bdef102d0bc5d31b2546345219e348575eb80e9a0?s=96&d=mm&r=g","url":"https:\/\/secure.gravatar.com\/avatar\/37d968a2e67a6fd04c169c4bdef102d0bc5d31b2546345219e348575eb80e9a0?s=96&d=mm&r=g","contentUrl":"https:\/\/secure.gravatar.com\/avatar\/37d968a2e67a6fd04c169c4bdef102d0bc5d31b2546345219e348575eb80e9a0?s=96&d=mm&r=g","caption":"redazione"},"sameAs":["http:\/\/www.bellunopress.it","https:\/\/x.com\/bellunopress"],"url":"https:\/\/www.bellunopress.it\/fr\/author\/redazione\/"}]}},"_links":{"self":[{"href":"https:\/\/www.bellunopress.it\/fr\/wp-json\/wp\/v2\/posts\/91600","targetHints":{"allow":["GET"]}}],"collection":[{"href":"https:\/\/www.bellunopress.it\/fr\/wp-json\/wp\/v2\/posts"}],"about":[{"href":"https:\/\/www.bellunopress.it\/fr\/wp-json\/wp\/v2\/types\/post"}],"author":[{"embeddable":true,"href":"https:\/\/www.bellunopress.it\/fr\/wp-json\/wp\/v2\/users\/2"}],"replies":[{"embeddable":true,"href":"https:\/\/www.bellunopress.it\/fr\/wp-json\/wp\/v2\/comments?post=91600"}],"version-history":[{"count":2,"href":"https:\/\/www.bellunopress.it\/fr\/wp-json\/wp\/v2\/posts\/91600\/revisions"}],"predecessor-version":[{"id":91603,"href":"https:\/\/www.bellunopress.it\/fr\/wp-json\/wp\/v2\/posts\/91600\/revisions\/91603"}],"wp:attachment":[{"href":"https:\/\/www.bellunopress.it\/fr\/wp-json\/wp\/v2\/media?parent=91600"}],"wp:term":[{"taxonomy":"category","embeddable":true,"href":"https:\/\/www.bellunopress.it\/fr\/wp-json\/wp\/v2\/categories?post=91600"},{"taxonomy":"post_tag","embeddable":true,"href":"https:\/\/www.bellunopress.it\/fr\/wp-json\/wp\/v2\/tags?post=91600"}],"curies":[{"name":"wp","href":"https:\/\/api.w.org\/{rel}","templated":true}]}}