{"id":91590,"date":"2017-12-18T19:44:18","date_gmt":"2017-12-18T18:44:18","guid":{"rendered":"http:\/\/www.bellunopress.it\/?p=91590"},"modified":"2017-12-18T19:44:19","modified_gmt":"2017-12-18T18:44:19","slug":"volkswagen-polo-city-car-moderna-e-compatta","status":"publish","type":"post","link":"https:\/\/www.bellunopress.it\/fr\/2017\/12\/18\/volkswagen-polo-city-car-moderna-e-compatta\/","title":{"rendered":"Volkswagen Polo: city car moderna e compatta"},"content":{"rendered":"<p align=\"LEFT\">Uno dei modelli pi\u00f9 rinomati di casa Volkswagen \u00e8 sicuramente la Polo: un\u2019auto dalle dimensioni contenute che piace molto ai giovani grazie al proprio stile sportivo, la guida leggera e tanto comfort interno. \u00c8 una city car adatta a tutti quei giovani abituati a girare sulle strade cittadine e che non disdegnando qualche viaggio saltuario, senza doversi preoccupare di spendere troppo denaro per il carburante grazie ai consumi contenuti, particolare a cui Volkswagen tiene molto. Nei prossimi paragrafi approfondiremo le caratteristiche della nuova Polo, non perdeteveli!<\/p>\n<p align=\"LEFT\"><strong><a href=\"http:\/\/www.bellunopress.it\/fr\/2017\/12\/18\/volkswagen-polo-city-car-moderna-e-compatta\/vw-polo\/\" rel=\"attachment wp-att-91591\"><img loading=\"lazy\" decoding=\"async\" class=\"alignleft size-full wp-image-91591\" src=\"http:\/\/www.bellunopress.it\/wp-content\/uploads\/2017\/12\/vw-polo.jpg\" alt=\"\" width=\"300\" height=\"226\" \/><\/a>Design moderno e ridefinito<\/strong><\/p>\n<p align=\"LEFT\">Nuove linee per questa city car che le donano un aspetto moderno ed accattivante. Il cofano si sviluppa verso il basso, trasmette una grande energia e fa risaltare il design tridimensionale dei gruppi ottici con luci diurne a LED. Il listello che li unisce enfatizza la larghezza del paraurti, il quale \u00e8 dotato di prese d\u2019aria e fari fendinebbia integrati (su richiesta). Le dimensioni della <a href=\"https:\/\/www.volkswagen.it\/it\/modelli\/nuova-polo.html\">nuova Polo<\/a> sono aumentate: \u00e8 pi\u00f9 lunga e pi\u00f9 larga, offre un passo aumentato ed un migliore comfort interno oltre ad una maggiore capacit\u00e0 di carico. Solamente l\u2019altezza \u00e8 stata ridotta ma giusto di pochi millimetri, con questa modifica l\u2019assetto \u00e8 stato reso pi\u00f9 sportivo aumentando la tenuta di strada.<\/p>\n<p align=\"LEFT\">Internamente troviamo una plancia totalmente digitalizzata, sviluppata in orizzontale, che crea una sorta di console tecnologica a portata del conducente. Il nuovo design dell\u2019abitacolo presenta elementi di comando e visualizzazione posizionati pi\u00f9 in alto rispetto alle versioni precedenti, cosicch\u00e9 il guidatore non perda il contatto visivo con la strada e rimanga concentrato. Il comfort all\u2019interno della vettura \u00e8 favorito dai 4 metri di lunghezza della city car, in cui i passeggeri possono muoversi liberamente, sempre nel rispetto della sicurezza.<\/p>\n<p align=\"LEFT\"><strong>Connettersi con la propria auto non \u00e8 mai stato cos\u00ec semplice<\/strong><\/p>\n<p align=\"LEFT\">Vista l\u2019epoca tecnologica in cui viviamo, Volkswagen ha sviluppato la propria applicazione con cui l\u2019automobilista pu\u00f2 facilmente connettersi al proprio veicolo! L\u2019app si chiama Volkswagen Connect e permette al guidatore di monitorare lo stato della city car, ricordare gli appuntamenti fissati nei centri Volkswagen service, analizzare lo stile di guida, geolocalizzare la vettura cos\u00ec da ritrovarla facilmente e molto altro ancora!<\/p>\n<p align=\"LEFT\">Questo \u00e8 solo uno dei molti componenti high tech che la casa automobilistica tedesca propone: nella nuova Polo sono stati istallati molti apparecchi tech come l\u2019Active Info Display, il sistema di infotainment Composition Media con schermo touch screen ed il sistema di navigazione Discover Media. Volkswagen sa che i componenti high tech sono fondamentali oggigiorno visto il rapido sviluppo tecnologico, inoltre i conducenti sono abituati a schiacciare un semplice tasto e gestire contemporaneamente funzioni differenti, ecco perch\u00e9 ha integrato anche il volante multifunzione con cui poter organizzare ed utilizzare i vari servizi.<\/p>\n<p align=\"LEFT\"><strong>Quanto costa la nuova Polo?<\/strong><\/p>\n<p align=\"LEFT\">Il prezzo di questo gioiellino parte da 13.600\u20ac, <a href=\"https:\/\/www.alvolante.it\/listino_auto\/volkswagen-polo\">Volkswagen Polo<\/a> offre diversi metodi di personalizzazione: dagli allestimenti standard, ai diversi tipi di motore fino ai vari optional aggiuntivi. Anche questa volta la casa automobilistica \u00e8 riuscita a creare una city car adatta a tutti, con un costo decisamente moderato ed una qualit\u00e0 dei materiali di alto livello: essa si conferma ancora leader nel settore automotive.<\/p>","protected":false},"excerpt":{"rendered":"<p>Uno dei modelli pi\u00f9 rinomati di casa Volkswagen \u00e8 sicuramente la Polo: un\u2019auto dalle dimensioni contenute che piace molto ai giovani grazie al proprio stile sportivo, la guida leggera e tanto comfort interno. \u00c8 una city car adatta a tutti quei giovani abituati a girare sulle strade cittadine e che non disdegnando qualche viaggio saltuario, [&hellip;]<\/p>\n","protected":false},"author":2,"featured_media":0,"comment_status":"closed","ping_status":"open","sticky":false,"template":"","format":"standard","meta":{"footnotes":""},"categories":[25,50],"tags":[],"class_list":["post-91590","post","type-post","status-publish","format-standard","category-pausa-caffe","category-pubbliredazionali"],"yoast_head":"<!-- This site is optimized with the Yoast SEO plugin v28.4 - https:\/\/yoast.com\/product\/yoast-seo-wordpress\/ -->\n<title>Volkswagen Polo: city car moderna e compatta - Bellunopress - Dolomiti<\/title>\n<meta name=\"robots\" content=\"index, follow, max-snippet:-1, max-image-preview:large, max-video-preview:-1\" \/>\n<link rel=\"canonical\" href=\"https:\/\/www.bellunopress.it\/fr\/2017\/12\/18\/volkswagen-polo-city-car-moderna-e-compatta\/\" \/>\n<meta property=\"og:locale\" content=\"fr_FR\" \/>\n<meta property=\"og:type\" content=\"article\" \/>\n<meta property=\"og:title\" content=\"Volkswagen Polo: city car moderna e compatta - Bellunopress - Dolomiti\" \/>\n<meta property=\"og:description\" content=\"Uno dei modelli pi\u00f9 rinomati di casa Volkswagen \u00e8 sicuramente la Polo: un\u2019auto dalle dimensioni contenute che piace molto ai giovani grazie al proprio stile sportivo, la guida leggera e tanto comfort interno. \u00c8 una city car adatta a tutti quei giovani abituati a girare sulle strade cittadine e che non disdegnando qualche viaggio saltuario, [&hellip;]\" \/>\n<meta property=\"og:url\" content=\"https:\/\/www.bellunopress.it\/fr\/2017\/12\/18\/volkswagen-polo-city-car-moderna-e-compatta\/\" \/>\n<meta property=\"og:site_name\" content=\"Bellunopress - Dolomiti\" \/>\n<meta property=\"article:publisher\" content=\"https:\/\/www.facebook.com\/profile.php?id=100008943462799\" \/>\n<meta property=\"article:published_time\" content=\"2017-12-18T18:44:18+00:00\" \/>\n<meta property=\"article:modified_time\" content=\"2017-12-18T18:44:19+00:00\" \/>\n<meta property=\"og:image\" content=\"http:\/\/www.bellunopress.it\/wp-content\/uploads\/2017\/12\/vw-polo.jpg\" \/>\n<meta name=\"author\" content=\"redazione\" \/>\n<meta name=\"twitter:card\" content=\"summary_large_image\" \/>\n<meta name=\"twitter:creator\" content=\"@bellunopress\" \/>\n<meta name=\"twitter:site\" content=\"@bellunopress\" \/>\n<meta name=\"twitter:label1\" content=\"\u00c9crit par\" \/>\n\t<meta name=\"twitter:data1\" content=\"redazione\" \/>\n\t<meta name=\"twitter:label2\" content=\"Dur\u00e9e de lecture estim\u00e9e\" \/>\n\t<meta name=\"twitter:data2\" content=\"3 minutes\" \/>\n<script type=\"application\/ld+json\" class=\"yoast-schema-graph\">{\"@context\":\"https:\\\/\\\/schema.org\",\"@graph\":[{\"@type\":\"Article\",\"@id\":\"https:\\\/\\\/www.bellunopress.it\\\/2017\\\/12\\\/18\\\/volkswagen-polo-city-car-moderna-e-compatta\\\/#article\",\"isPartOf\":{\"@id\":\"https:\\\/\\\/www.bellunopress.it\\\/2017\\\/12\\\/18\\\/volkswagen-polo-city-car-moderna-e-compatta\\\/\"},\"author\":{\"name\":\"redazione\",\"@id\":\"https:\\\/\\\/www.bellunopress.it\\\/#\\\/schema\\\/person\\\/79bb06722b37ece1c03d3e94beb30d73\"},\"headline\":\"Volkswagen Polo: city car moderna e compatta\",\"datePublished\":\"2017-12-18T18:44:18+00:00\",\"dateModified\":\"2017-12-18T18:44:19+00:00\",\"mainEntityOfPage\":{\"@id\":\"https:\\\/\\\/www.bellunopress.it\\\/2017\\\/12\\\/18\\\/volkswagen-polo-city-car-moderna-e-compatta\\\/\"},\"wordCount\":523,\"publisher\":{\"@id\":\"https:\\\/\\\/www.bellunopress.it\\\/#organization\"},\"image\":{\"@id\":\"https:\\\/\\\/www.bellunopress.it\\\/2017\\\/12\\\/18\\\/volkswagen-polo-city-car-moderna-e-compatta\\\/#primaryimage\"},\"thumbnailUrl\":\"http:\\\/\\\/www.bellunopress.it\\\/wp-content\\\/uploads\\\/2017\\\/12\\\/vw-polo.jpg\",\"articleSection\":[\"Pausa Caff\u00e8\",\"Pubbliredazionali\"],\"inLanguage\":\"fr-FR\"},{\"@type\":\"WebPage\",\"@id\":\"https:\\\/\\\/www.bellunopress.it\\\/2017\\\/12\\\/18\\\/volkswagen-polo-city-car-moderna-e-compatta\\\/\",\"url\":\"https:\\\/\\\/www.bellunopress.it\\\/2017\\\/12\\\/18\\\/volkswagen-polo-city-car-moderna-e-compatta\\\/\",\"name\":\"Volkswagen Polo: city car moderna e compatta - Bellunopress - Dolomiti\",\"isPartOf\":{\"@id\":\"https:\\\/\\\/www.bellunopress.it\\\/#website\"},\"primaryImageOfPage\":{\"@id\":\"https:\\\/\\\/www.bellunopress.it\\\/2017\\\/12\\\/18\\\/volkswagen-polo-city-car-moderna-e-compatta\\\/#primaryimage\"},\"image\":{\"@id\":\"https:\\\/\\\/www.bellunopress.it\\\/2017\\\/12\\\/18\\\/volkswagen-polo-city-car-moderna-e-compatta\\\/#primaryimage\"},\"thumbnailUrl\":\"http:\\\/\\\/www.bellunopress.it\\\/wp-content\\\/uploads\\\/2017\\\/12\\\/vw-polo.jpg\",\"datePublished\":\"2017-12-18T18:44:18+00:00\",\"dateModified\":\"2017-12-18T18:44:19+00:00\",\"breadcrumb\":{\"@id\":\"https:\\\/\\\/www.bellunopress.it\\\/2017\\\/12\\\/18\\\/volkswagen-polo-city-car-moderna-e-compatta\\\/#breadcrumb\"},\"inLanguage\":\"fr-FR\",\"potentialAction\":[{\"@type\":\"ReadAction\",\"target\":[\"https:\\\/\\\/www.bellunopress.it\\\/2017\\\/12\\\/18\\\/volkswagen-polo-city-car-moderna-e-compatta\\\/\"]}]},{\"@type\":\"ImageObject\",\"inLanguage\":\"fr-FR\",\"@id\":\"https:\\\/\\\/www.bellunopress.it\\\/2017\\\/12\\\/18\\\/volkswagen-polo-city-car-moderna-e-compatta\\\/#primaryimage\",\"url\":\"http:\\\/\\\/www.bellunopress.it\\\/wp-content\\\/uploads\\\/2017\\\/12\\\/vw-polo.jpg\",\"contentUrl\":\"http:\\\/\\\/www.bellunopress.it\\\/wp-content\\\/uploads\\\/2017\\\/12\\\/vw-polo.jpg\"},{\"@type\":\"BreadcrumbList\",\"@id\":\"https:\\\/\\\/www.bellunopress.it\\\/2017\\\/12\\\/18\\\/volkswagen-polo-city-car-moderna-e-compatta\\\/#breadcrumb\",\"itemListElement\":[{\"@type\":\"ListItem\",\"position\":1,\"name\":\"Home\",\"item\":\"https:\\\/\\\/www.bellunopress.it\\\/\"},{\"@type\":\"ListItem\",\"position\":2,\"name\":\"Volkswagen Polo: city car moderna e compatta\"}]},{\"@type\":\"WebSite\",\"@id\":\"https:\\\/\\\/www.bellunopress.it\\\/#website\",\"url\":\"https:\\\/\\\/www.bellunopress.it\\\/\",\"name\":\"Bellunopress - Dolomiti\",\"description\":\"e-mail: redazione@bellunopress.it\",\"publisher\":{\"@id\":\"https:\\\/\\\/www.bellunopress.it\\\/#organization\"},\"potentialAction\":[{\"@type\":\"SearchAction\",\"target\":{\"@type\":\"EntryPoint\",\"urlTemplate\":\"https:\\\/\\\/www.bellunopress.it\\\/?s={search_term_string}\"},\"query-input\":{\"@type\":\"PropertyValueSpecification\",\"valueRequired\":true,\"valueName\":\"search_term_string\"}}],\"inLanguage\":\"fr-FR\"},{\"@type\":\"Organization\",\"@id\":\"https:\\\/\\\/www.bellunopress.it\\\/#organization\",\"name\":\"Bellunopress\",\"url\":\"https:\\\/\\\/www.bellunopress.it\\\/\",\"logo\":{\"@type\":\"ImageObject\",\"inLanguage\":\"fr-FR\",\"@id\":\"https:\\\/\\\/www.bellunopress.it\\\/#\\\/schema\\\/logo\\\/image\\\/\",\"url\":\"https:\\\/\\\/www.bellunopress.it\\\/wp-content\\\/uploads\\\/2011\\\/05\\\/cropped-logo-bellunopress-.jpg\",\"contentUrl\":\"https:\\\/\\\/www.bellunopress.it\\\/wp-content\\\/uploads\\\/2011\\\/05\\\/cropped-logo-bellunopress-.jpg\",\"width\":512,\"height\":512,\"caption\":\"Bellunopress\"},\"image\":{\"@id\":\"https:\\\/\\\/www.bellunopress.it\\\/#\\\/schema\\\/logo\\\/image\\\/\"},\"sameAs\":[\"https:\\\/\\\/www.facebook.com\\\/profile.php?id=100008943462799\",\"https:\\\/\\\/x.com\\\/bellunopress\",\"https:\\\/\\\/www.linkedin.com\\\/hp\\\/?dnr=JBzUWaJfMUw8vbXJJ2tVW5-I3jZKvC4wsoxE&amp;amp;amp;amp;amp;amp;trk=nav_responsive_tab_home\",\"https:\\\/\\\/www.youtube.com\\\/channel\\\/UCxL0wu1uN0_3_7hGG0306cw\"]},{\"@type\":\"Person\",\"@id\":\"https:\\\/\\\/www.bellunopress.it\\\/#\\\/schema\\\/person\\\/79bb06722b37ece1c03d3e94beb30d73\",\"name\":\"redazione\",\"image\":{\"@type\":\"ImageObject\",\"inLanguage\":\"fr-FR\",\"@id\":\"https:\\\/\\\/secure.gravatar.com\\\/avatar\\\/37d968a2e67a6fd04c169c4bdef102d0bc5d31b2546345219e348575eb80e9a0?s=96&d=mm&r=g\",\"url\":\"https:\\\/\\\/secure.gravatar.com\\\/avatar\\\/37d968a2e67a6fd04c169c4bdef102d0bc5d31b2546345219e348575eb80e9a0?s=96&d=mm&r=g\",\"contentUrl\":\"https:\\\/\\\/secure.gravatar.com\\\/avatar\\\/37d968a2e67a6fd04c169c4bdef102d0bc5d31b2546345219e348575eb80e9a0?s=96&d=mm&r=g\",\"caption\":\"redazione\"},\"sameAs\":[\"http:\\\/\\\/www.bellunopress.it\",\"https:\\\/\\\/x.com\\\/bellunopress\"],\"url\":\"https:\\\/\\\/www.bellunopress.it\\\/fr\\\/author\\\/redazione\\\/\"}]}<\/script>\n<!-- \/ Yoast SEO plugin. -->","yoast_head_json":{"title":"Volkswagen Polo: city car moderna e compatta - Bellunopress - Dolomiti","robots":{"index":"index","follow":"follow","max-snippet":"max-snippet:-1","max-image-preview":"max-image-preview:large","max-video-preview":"max-video-preview:-1"},"canonical":"https:\/\/www.bellunopress.it\/fr\/2017\/12\/18\/volkswagen-polo-city-car-moderna-e-compatta\/","og_locale":"fr_FR","og_type":"article","og_title":"Volkswagen Polo: city car moderna e compatta - Bellunopress - Dolomiti","og_description":"Uno dei modelli pi\u00f9 rinomati di casa Volkswagen \u00e8 sicuramente la Polo: un\u2019auto dalle dimensioni contenute che piace molto ai giovani grazie al proprio stile sportivo, la guida leggera e tanto comfort interno. \u00c8 una city car adatta a tutti quei giovani abituati a girare sulle strade cittadine e che non disdegnando qualche viaggio saltuario, [&hellip;]","og_url":"https:\/\/www.bellunopress.it\/fr\/2017\/12\/18\/volkswagen-polo-city-car-moderna-e-compatta\/","og_site_name":"Bellunopress - Dolomiti","article_publisher":"https:\/\/www.facebook.com\/profile.php?id=100008943462799","article_published_time":"2017-12-18T18:44:18+00:00","article_modified_time":"2017-12-18T18:44:19+00:00","og_image":[{"url":"http:\/\/www.bellunopress.it\/wp-content\/uploads\/2017\/12\/vw-polo.jpg","type":"","width":"","height":""}],"author":"redazione","twitter_card":"summary_large_image","twitter_creator":"@bellunopress","twitter_site":"@bellunopress","twitter_misc":{"\u00c9crit par":"redazione","Dur\u00e9e de lecture estim\u00e9e":"3 minutes"},"schema":{"@context":"https:\/\/schema.org","@graph":[{"@type":"Article","@id":"https:\/\/www.bellunopress.it\/2017\/12\/18\/volkswagen-polo-city-car-moderna-e-compatta\/#article","isPartOf":{"@id":"https:\/\/www.bellunopress.it\/2017\/12\/18\/volkswagen-polo-city-car-moderna-e-compatta\/"},"author":{"name":"redazione","@id":"https:\/\/www.bellunopress.it\/#\/schema\/person\/79bb06722b37ece1c03d3e94beb30d73"},"headline":"Volkswagen Polo: city car moderna e compatta","datePublished":"2017-12-18T18:44:18+00:00","dateModified":"2017-12-18T18:44:19+00:00","mainEntityOfPage":{"@id":"https:\/\/www.bellunopress.it\/2017\/12\/18\/volkswagen-polo-city-car-moderna-e-compatta\/"},"wordCount":523,"publisher":{"@id":"https:\/\/www.bellunopress.it\/#organization"},"image":{"@id":"https:\/\/www.bellunopress.it\/2017\/12\/18\/volkswagen-polo-city-car-moderna-e-compatta\/#primaryimage"},"thumbnailUrl":"http:\/\/www.bellunopress.it\/wp-content\/uploads\/2017\/12\/vw-polo.jpg","articleSection":["Pausa Caff\u00e8","Pubbliredazionali"],"inLanguage":"fr-FR"},{"@type":"WebPage","@id":"https:\/\/www.bellunopress.it\/2017\/12\/18\/volkswagen-polo-city-car-moderna-e-compatta\/","url":"https:\/\/www.bellunopress.it\/2017\/12\/18\/volkswagen-polo-city-car-moderna-e-compatta\/","name":"Volkswagen Polo: city car moderna e compatta - Bellunopress - Dolomiti","isPartOf":{"@id":"https:\/\/www.bellunopress.it\/#website"},"primaryImageOfPage":{"@id":"https:\/\/www.bellunopress.it\/2017\/12\/18\/volkswagen-polo-city-car-moderna-e-compatta\/#primaryimage"},"image":{"@id":"https:\/\/www.bellunopress.it\/2017\/12\/18\/volkswagen-polo-city-car-moderna-e-compatta\/#primaryimage"},"thumbnailUrl":"http:\/\/www.bellunopress.it\/wp-content\/uploads\/2017\/12\/vw-polo.jpg","datePublished":"2017-12-18T18:44:18+00:00","dateModified":"2017-12-18T18:44:19+00:00","breadcrumb":{"@id":"https:\/\/www.bellunopress.it\/2017\/12\/18\/volkswagen-polo-city-car-moderna-e-compatta\/#breadcrumb"},"inLanguage":"fr-FR","potentialAction":[{"@type":"ReadAction","target":["https:\/\/www.bellunopress.it\/2017\/12\/18\/volkswagen-polo-city-car-moderna-e-compatta\/"]}]},{"@type":"ImageObject","inLanguage":"fr-FR","@id":"https:\/\/www.bellunopress.it\/2017\/12\/18\/volkswagen-polo-city-car-moderna-e-compatta\/#primaryimage","url":"http:\/\/www.bellunopress.it\/wp-content\/uploads\/2017\/12\/vw-polo.jpg","contentUrl":"http:\/\/www.bellunopress.it\/wp-content\/uploads\/2017\/12\/vw-polo.jpg"},{"@type":"BreadcrumbList","@id":"https:\/\/www.bellunopress.it\/2017\/12\/18\/volkswagen-polo-city-car-moderna-e-compatta\/#breadcrumb","itemListElement":[{"@type":"ListItem","position":1,"name":"Home","item":"https:\/\/www.bellunopress.it\/"},{"@type":"ListItem","position":2,"name":"Volkswagen Polo: city car moderna e compatta"}]},{"@type":"WebSite","@id":"https:\/\/www.bellunopress.it\/#website","url":"https:\/\/www.bellunopress.it\/","name":"Bellunopress - Dolomiti","description":"e-mail: redazione@bellunopress.it","publisher":{"@id":"https:\/\/www.bellunopress.it\/#organization"},"potentialAction":[{"@type":"SearchAction","target":{"@type":"EntryPoint","urlTemplate":"https:\/\/www.bellunopress.it\/?s={search_term_string}"},"query-input":{"@type":"PropertyValueSpecification","valueRequired":true,"valueName":"search_term_string"}}],"inLanguage":"fr-FR"},{"@type":"Organization","@id":"https:\/\/www.bellunopress.it\/#organization","name":"Bellunopress","url":"https:\/\/www.bellunopress.it\/","logo":{"@type":"ImageObject","inLanguage":"fr-FR","@id":"https:\/\/www.bellunopress.it\/#\/schema\/logo\/image\/","url":"https:\/\/www.bellunopress.it\/wp-content\/uploads\/2011\/05\/cropped-logo-bellunopress-.jpg","contentUrl":"https:\/\/www.bellunopress.it\/wp-content\/uploads\/2011\/05\/cropped-logo-bellunopress-.jpg","width":512,"height":512,"caption":"Bellunopress"},"image":{"@id":"https:\/\/www.bellunopress.it\/#\/schema\/logo\/image\/"},"sameAs":["https:\/\/www.facebook.com\/profile.php?id=100008943462799","https:\/\/x.com\/bellunopress","https:\/\/www.linkedin.com\/hp\/?dnr=JBzUWaJfMUw8vbXJJ2tVW5-I3jZKvC4wsoxE&amp;amp;amp;amp;amp;amp;trk=nav_responsive_tab_home","https:\/\/www.youtube.com\/channel\/UCxL0wu1uN0_3_7hGG0306cw"]},{"@type":"Person","@id":"https:\/\/www.bellunopress.it\/#\/schema\/person\/79bb06722b37ece1c03d3e94beb30d73","name":"r\u00e9daction","image":{"@type":"ImageObject","inLanguage":"fr-FR","@id":"https:\/\/secure.gravatar.com\/avatar\/37d968a2e67a6fd04c169c4bdef102d0bc5d31b2546345219e348575eb80e9a0?s=96&d=mm&r=g","url":"https:\/\/secure.gravatar.com\/avatar\/37d968a2e67a6fd04c169c4bdef102d0bc5d31b2546345219e348575eb80e9a0?s=96&d=mm&r=g","contentUrl":"https:\/\/secure.gravatar.com\/avatar\/37d968a2e67a6fd04c169c4bdef102d0bc5d31b2546345219e348575eb80e9a0?s=96&d=mm&r=g","caption":"redazione"},"sameAs":["http:\/\/www.bellunopress.it","https:\/\/x.com\/bellunopress"],"url":"https:\/\/www.bellunopress.it\/fr\/author\/redazione\/"}]}},"_links":{"self":[{"href":"https:\/\/www.bellunopress.it\/fr\/wp-json\/wp\/v2\/posts\/91590","targetHints":{"allow":["GET"]}}],"collection":[{"href":"https:\/\/www.bellunopress.it\/fr\/wp-json\/wp\/v2\/posts"}],"about":[{"href":"https:\/\/www.bellunopress.it\/fr\/wp-json\/wp\/v2\/types\/post"}],"author":[{"embeddable":true,"href":"https:\/\/www.bellunopress.it\/fr\/wp-json\/wp\/v2\/users\/2"}],"replies":[{"embeddable":true,"href":"https:\/\/www.bellunopress.it\/fr\/wp-json\/wp\/v2\/comments?post=91590"}],"version-history":[{"count":2,"href":"https:\/\/www.bellunopress.it\/fr\/wp-json\/wp\/v2\/posts\/91590\/revisions"}],"predecessor-version":[{"id":91593,"href":"https:\/\/www.bellunopress.it\/fr\/wp-json\/wp\/v2\/posts\/91590\/revisions\/91593"}],"wp:attachment":[{"href":"https:\/\/www.bellunopress.it\/fr\/wp-json\/wp\/v2\/media?parent=91590"}],"wp:term":[{"taxonomy":"category","embeddable":true,"href":"https:\/\/www.bellunopress.it\/fr\/wp-json\/wp\/v2\/categories?post=91590"},{"taxonomy":"post_tag","embeddable":true,"href":"https:\/\/www.bellunopress.it\/fr\/wp-json\/wp\/v2\/tags?post=91590"}],"curies":[{"name":"wp","href":"https:\/\/api.w.org\/{rel}","templated":true}]}}