{"id":91588,"date":"2017-12-18T17:10:15","date_gmt":"2017-12-18T16:10:15","guid":{"rendered":"http:\/\/www.bellunopress.it\/?p=91588"},"modified":"2017-12-18T17:10:15","modified_gmt":"2017-12-18T16:10:15","slug":"referendum-canale-dagordo-falcade-piccoli-un-esercizio-di-democrazia-si-riparta-dalla-programmazione-degli-interventi-e-dalla-lotta-allo-spopolamento","status":"publish","type":"post","link":"https:\/\/www.bellunopress.it\/fr\/2017\/12\/18\/referendum-canale-dagordo-falcade-piccoli-un-esercizio-di-democrazia-si-riparta-dalla-programmazione-degli-interventi-e-dalla-lotta-allo-spopolamento\/","title":{"rendered":"Referendum Canale d&#8217;Agordo &#8211; Falcade. Piccoli: &#8220;Un esercizio di democrazia. Si riparta dalla programmazione degli interventi e dalla lotta allo spopolamento&#8221;"},"content":{"rendered":"<figure id=\"attachment_70445\" aria-describedby=\"caption-attachment-70445\" style=\"width: 251px\" class=\"wp-caption alignleft\"><a href=\"http:\/\/www.bellunopress.it\/fr\/2015\/07\/29\/il-senatore-piccoli-puntualizza-alla-boldrini-attenzione-al-razzismo-al-contrario\/giovanni-piccoli-2\/\" rel=\"attachment wp-att-70445\"><img loading=\"lazy\" decoding=\"async\" class=\"size-full wp-image-70445\" src=\"http:\/\/www.bellunopress.it\/wp-content\/uploads\/2015\/07\/giovanni-piccoli.jpg\" alt=\"\" width=\"251\" height=\"300\" \/><\/a><figcaption id=\"caption-attachment-70445\" class=\"wp-caption-text\">Giovanni Piccoli, senatore Forza Italia<\/figcaption><\/figure>\n<p>&#8220;E&#8217; stato comunque un esercizio di democrazia, un modo per interrogarsi sul futuro del proprio territorio e trovare dei rimedi. Si prenda atto della volont\u00e0 popolare e da qui si riparta per programmare il futuro di un intero territorio, quello agordino, che ha delle innegabili specificit\u00e0. La lotta allo spopolamento resta la priorit\u00e0 della priorit\u00e0&#8221;.<\/p>\n<p>Cos\u00ec il senatore Giovanni Piccoli commenta l&#8217;esito del referendum per la fusione dei comuni di Falcade e Canale d&#8217;Agordo, che si \u00e8 tenuto nella giornata di ieri.<\/p>\n<p>&#8220;I cittadini hanno detto no: significa che la maggioranza di chi si \u00e8 espresso vuole mantenere le proprie peculiarit\u00e0. C&#8217;\u00e8 ancora un forte senso di appartenenza e di comunit\u00e0, il che \u00e8 positivo. Contemporaneamente non si pu\u00f2 non fare un plauso alle amministrazioni comunali che hanno lavorato sodo per arrivare alla consultazione popolare e che, pur di attivare economie di scala, hanno saputo guardare al di l\u00e0 dei loro steccati&#8221;.<\/p>\n<p>&#8220;Indipendentemente dall&#8217;esito del referendum, occorre andare avanti su questa strada, far partecipare i cittadini alla vita amministrativa, studiare soluzioni lungimiranti e coraggiose per garantirsi un futuro sul proprio territorio&#8221;.<\/p>\n<p>&#8220;In questi anni il Bellunese \u00e8 stato uno dei territori pi\u00f9 vivi sotto l&#8217;aspetto della vita amministrativa. I cittadini si sono espressi pi\u00f9 volte \u2013 dai referendum cosiddetti secessionisti (che hanno avuto esiti differenti) al referendum per l&#8217;autonomia provinciale passando per i referendum di fusione per i municipi. Un fermento che dimostra da un lato voglia di partecipazione, dall&#8217;altro che la montagna ordinaria ha bisogno urgente di strumenti. Continuare a girarsi dall&#8217;altra parte \u2013 come ha fatto il Governo del Pd in questi anni \u2013 non ha fatto altro che aggravare la situazione. Mi auguro che la prossima campagna elettorale possa essere un momento \u2013 seppure aspro \u2013 per rimettere il territorio al centro e che soprattutto il prossimo Governo sappia dare il giusto riconoscimento ai singoli territori e a chi li abita. Dopo i referendum, c&#8217;\u00e8 solo l&#8217;indifferenza e dopo l&#8217;indifferenza la morte civile dei nostri territori. Si riparta da una rinnovata programmazione e da una gestione nuova delle risorse&#8221;.<\/p>","protected":false},"excerpt":{"rendered":"<p>&#8220;E&#8217; stato comunque un esercizio di democrazia, un modo per interrogarsi sul futuro del proprio territorio e trovare dei rimedi. Si prenda atto della volont\u00e0 popolare e da qui si riparta per programmare il futuro di un intero territorio, quello agordino, che ha delle innegabili specificit\u00e0. La lotta allo spopolamento resta la priorit\u00e0 della priorit\u00e0&#8221;. [&hellip;]<\/p>\n","protected":false},"author":2,"featured_media":0,"comment_status":"closed","ping_status":"open","sticky":false,"template":"","format":"standard","meta":{"footnotes":""},"categories":[5,26],"tags":[],"class_list":["post-91588","post","type-post","status-publish","format-standard","category-cronaca","category-prima-pagina"],"yoast_head":"<!-- This site is optimized with the Yoast SEO plugin v28.4 - https:\/\/yoast.com\/product\/yoast-seo-wordpress\/ -->\n<title>Referendum Canale d&#039;Agordo - Falcade. Piccoli: &quot;Un esercizio di democrazia. Si riparta dalla programmazione degli interventi e dalla lotta allo spopolamento&quot; - Bellunopress - Dolomiti<\/title>\n<meta name=\"robots\" content=\"index, follow, max-snippet:-1, max-image-preview:large, max-video-preview:-1\" \/>\n<link rel=\"canonical\" href=\"https:\/\/www.bellunopress.it\/fr\/2017\/12\/18\/referendum-canale-dagordo-falcade-piccoli-un-esercizio-di-democrazia-si-riparta-dalla-programmazione-degli-interventi-e-dalla-lotta-allo-spopolamento\/\" \/>\n<meta property=\"og:locale\" content=\"fr_FR\" \/>\n<meta property=\"og:type\" content=\"article\" \/>\n<meta property=\"og:title\" content=\"Referendum Canale d&#039;Agordo - Falcade. Piccoli: &quot;Un esercizio di democrazia. Si riparta dalla programmazione degli interventi e dalla lotta allo spopolamento&quot; - Bellunopress - Dolomiti\" \/>\n<meta property=\"og:description\" content=\"&#8220;E&#8217; stato comunque un esercizio di democrazia, un modo per interrogarsi sul futuro del proprio territorio e trovare dei rimedi. Si prenda atto della volont\u00e0 popolare e da qui si riparta per programmare il futuro di un intero territorio, quello agordino, che ha delle innegabili specificit\u00e0. La lotta allo spopolamento resta la priorit\u00e0 della priorit\u00e0&#8221;. [&hellip;]\" \/>\n<meta property=\"og:url\" content=\"https:\/\/www.bellunopress.it\/fr\/2017\/12\/18\/referendum-canale-dagordo-falcade-piccoli-un-esercizio-di-democrazia-si-riparta-dalla-programmazione-degli-interventi-e-dalla-lotta-allo-spopolamento\/\" \/>\n<meta property=\"og:site_name\" content=\"Bellunopress - Dolomiti\" \/>\n<meta property=\"article:publisher\" content=\"https:\/\/www.facebook.com\/profile.php?id=100008943462799\" \/>\n<meta property=\"article:published_time\" content=\"2017-12-18T16:10:15+00:00\" \/>\n<meta property=\"og:image\" content=\"http:\/\/www.bellunopress.it\/wp-content\/uploads\/2015\/07\/giovanni-piccoli.jpg\" \/>\n<meta name=\"author\" content=\"redazione\" \/>\n<meta name=\"twitter:card\" content=\"summary_large_image\" \/>\n<meta name=\"twitter:creator\" content=\"@bellunopress\" \/>\n<meta name=\"twitter:site\" content=\"@bellunopress\" \/>\n<meta name=\"twitter:label1\" content=\"\u00c9crit par\" \/>\n\t<meta name=\"twitter:data1\" content=\"redazione\" \/>\n\t<meta name=\"twitter:label2\" content=\"Dur\u00e9e de lecture estim\u00e9e\" \/>\n\t<meta name=\"twitter:data2\" content=\"2 minutes\" \/>\n<script type=\"application\/ld+json\" class=\"yoast-schema-graph\">{\"@context\":\"https:\\\/\\\/schema.org\",\"@graph\":[{\"@type\":\"Article\",\"@id\":\"https:\\\/\\\/www.bellunopress.it\\\/2017\\\/12\\\/18\\\/referendum-canale-dagordo-falcade-piccoli-un-esercizio-di-democrazia-si-riparta-dalla-programmazione-degli-interventi-e-dalla-lotta-allo-spopolamento\\\/#article\",\"isPartOf\":{\"@id\":\"https:\\\/\\\/www.bellunopress.it\\\/2017\\\/12\\\/18\\\/referendum-canale-dagordo-falcade-piccoli-un-esercizio-di-democrazia-si-riparta-dalla-programmazione-degli-interventi-e-dalla-lotta-allo-spopolamento\\\/\"},\"author\":{\"name\":\"redazione\",\"@id\":\"https:\\\/\\\/www.bellunopress.it\\\/#\\\/schema\\\/person\\\/79bb06722b37ece1c03d3e94beb30d73\"},\"headline\":\"Referendum Canale d&#8217;Agordo &#8211; Falcade. Piccoli: &#8220;Un esercizio di democrazia. Si riparta dalla programmazione degli interventi e dalla lotta allo spopolamento&#8221;\",\"datePublished\":\"2017-12-18T16:10:15+00:00\",\"mainEntityOfPage\":{\"@id\":\"https:\\\/\\\/www.bellunopress.it\\\/2017\\\/12\\\/18\\\/referendum-canale-dagordo-falcade-piccoli-un-esercizio-di-democrazia-si-riparta-dalla-programmazione-degli-interventi-e-dalla-lotta-allo-spopolamento\\\/\"},\"wordCount\":376,\"publisher\":{\"@id\":\"https:\\\/\\\/www.bellunopress.it\\\/#organization\"},\"image\":{\"@id\":\"https:\\\/\\\/www.bellunopress.it\\\/2017\\\/12\\\/18\\\/referendum-canale-dagordo-falcade-piccoli-un-esercizio-di-democrazia-si-riparta-dalla-programmazione-degli-interventi-e-dalla-lotta-allo-spopolamento\\\/#primaryimage\"},\"thumbnailUrl\":\"http:\\\/\\\/www.bellunopress.it\\\/wp-content\\\/uploads\\\/2015\\\/07\\\/giovanni-piccoli.jpg\",\"articleSection\":[\"Cronaca\\\/Politica\",\"Prima Pagina\"],\"inLanguage\":\"fr-FR\"},{\"@type\":\"WebPage\",\"@id\":\"https:\\\/\\\/www.bellunopress.it\\\/2017\\\/12\\\/18\\\/referendum-canale-dagordo-falcade-piccoli-un-esercizio-di-democrazia-si-riparta-dalla-programmazione-degli-interventi-e-dalla-lotta-allo-spopolamento\\\/\",\"url\":\"https:\\\/\\\/www.bellunopress.it\\\/2017\\\/12\\\/18\\\/referendum-canale-dagordo-falcade-piccoli-un-esercizio-di-democrazia-si-riparta-dalla-programmazione-degli-interventi-e-dalla-lotta-allo-spopolamento\\\/\",\"name\":\"Referendum Canale d'Agordo - Falcade. Piccoli: \\\"Un esercizio di democrazia. Si riparta dalla programmazione degli interventi e dalla lotta allo spopolamento\\\" - Bellunopress - Dolomiti\",\"isPartOf\":{\"@id\":\"https:\\\/\\\/www.bellunopress.it\\\/#website\"},\"primaryImageOfPage\":{\"@id\":\"https:\\\/\\\/www.bellunopress.it\\\/2017\\\/12\\\/18\\\/referendum-canale-dagordo-falcade-piccoli-un-esercizio-di-democrazia-si-riparta-dalla-programmazione-degli-interventi-e-dalla-lotta-allo-spopolamento\\\/#primaryimage\"},\"image\":{\"@id\":\"https:\\\/\\\/www.bellunopress.it\\\/2017\\\/12\\\/18\\\/referendum-canale-dagordo-falcade-piccoli-un-esercizio-di-democrazia-si-riparta-dalla-programmazione-degli-interventi-e-dalla-lotta-allo-spopolamento\\\/#primaryimage\"},\"thumbnailUrl\":\"http:\\\/\\\/www.bellunopress.it\\\/wp-content\\\/uploads\\\/2015\\\/07\\\/giovanni-piccoli.jpg\",\"datePublished\":\"2017-12-18T16:10:15+00:00\",\"breadcrumb\":{\"@id\":\"https:\\\/\\\/www.bellunopress.it\\\/2017\\\/12\\\/18\\\/referendum-canale-dagordo-falcade-piccoli-un-esercizio-di-democrazia-si-riparta-dalla-programmazione-degli-interventi-e-dalla-lotta-allo-spopolamento\\\/#breadcrumb\"},\"inLanguage\":\"fr-FR\",\"potentialAction\":[{\"@type\":\"ReadAction\",\"target\":[\"https:\\\/\\\/www.bellunopress.it\\\/2017\\\/12\\\/18\\\/referendum-canale-dagordo-falcade-piccoli-un-esercizio-di-democrazia-si-riparta-dalla-programmazione-degli-interventi-e-dalla-lotta-allo-spopolamento\\\/\"]}]},{\"@type\":\"ImageObject\",\"inLanguage\":\"fr-FR\",\"@id\":\"https:\\\/\\\/www.bellunopress.it\\\/2017\\\/12\\\/18\\\/referendum-canale-dagordo-falcade-piccoli-un-esercizio-di-democrazia-si-riparta-dalla-programmazione-degli-interventi-e-dalla-lotta-allo-spopolamento\\\/#primaryimage\",\"url\":\"http:\\\/\\\/www.bellunopress.it\\\/wp-content\\\/uploads\\\/2015\\\/07\\\/giovanni-piccoli.jpg\",\"contentUrl\":\"http:\\\/\\\/www.bellunopress.it\\\/wp-content\\\/uploads\\\/2015\\\/07\\\/giovanni-piccoli.jpg\"},{\"@type\":\"BreadcrumbList\",\"@id\":\"https:\\\/\\\/www.bellunopress.it\\\/2017\\\/12\\\/18\\\/referendum-canale-dagordo-falcade-piccoli-un-esercizio-di-democrazia-si-riparta-dalla-programmazione-degli-interventi-e-dalla-lotta-allo-spopolamento\\\/#breadcrumb\",\"itemListElement\":[{\"@type\":\"ListItem\",\"position\":1,\"name\":\"Home\",\"item\":\"https:\\\/\\\/www.bellunopress.it\\\/\"},{\"@type\":\"ListItem\",\"position\":2,\"name\":\"Referendum Canale d&#8217;Agordo &#8211; Falcade. Piccoli: &#8220;Un esercizio di democrazia. Si riparta dalla programmazione degli interventi e dalla lotta allo spopolamento&#8221;\"}]},{\"@type\":\"WebSite\",\"@id\":\"https:\\\/\\\/www.bellunopress.it\\\/#website\",\"url\":\"https:\\\/\\\/www.bellunopress.it\\\/\",\"name\":\"Bellunopress - Dolomiti\",\"description\":\"e-mail: redazione@bellunopress.it\",\"publisher\":{\"@id\":\"https:\\\/\\\/www.bellunopress.it\\\/#organization\"},\"potentialAction\":[{\"@type\":\"SearchAction\",\"target\":{\"@type\":\"EntryPoint\",\"urlTemplate\":\"https:\\\/\\\/www.bellunopress.it\\\/?s={search_term_string}\"},\"query-input\":{\"@type\":\"PropertyValueSpecification\",\"valueRequired\":true,\"valueName\":\"search_term_string\"}}],\"inLanguage\":\"fr-FR\"},{\"@type\":\"Organization\",\"@id\":\"https:\\\/\\\/www.bellunopress.it\\\/#organization\",\"name\":\"Bellunopress\",\"url\":\"https:\\\/\\\/www.bellunopress.it\\\/\",\"logo\":{\"@type\":\"ImageObject\",\"inLanguage\":\"fr-FR\",\"@id\":\"https:\\\/\\\/www.bellunopress.it\\\/#\\\/schema\\\/logo\\\/image\\\/\",\"url\":\"https:\\\/\\\/www.bellunopress.it\\\/wp-content\\\/uploads\\\/2011\\\/05\\\/cropped-logo-bellunopress-.jpg\",\"contentUrl\":\"https:\\\/\\\/www.bellunopress.it\\\/wp-content\\\/uploads\\\/2011\\\/05\\\/cropped-logo-bellunopress-.jpg\",\"width\":512,\"height\":512,\"caption\":\"Bellunopress\"},\"image\":{\"@id\":\"https:\\\/\\\/www.bellunopress.it\\\/#\\\/schema\\\/logo\\\/image\\\/\"},\"sameAs\":[\"https:\\\/\\\/www.facebook.com\\\/profile.php?id=100008943462799\",\"https:\\\/\\\/x.com\\\/bellunopress\",\"https:\\\/\\\/www.linkedin.com\\\/hp\\\/?dnr=JBzUWaJfMUw8vbXJJ2tVW5-I3jZKvC4wsoxE&amp;amp;amp;amp;amp;amp;trk=nav_responsive_tab_home\",\"https:\\\/\\\/www.youtube.com\\\/channel\\\/UCxL0wu1uN0_3_7hGG0306cw\"]},{\"@type\":\"Person\",\"@id\":\"https:\\\/\\\/www.bellunopress.it\\\/#\\\/schema\\\/person\\\/79bb06722b37ece1c03d3e94beb30d73\",\"name\":\"redazione\",\"image\":{\"@type\":\"ImageObject\",\"inLanguage\":\"fr-FR\",\"@id\":\"https:\\\/\\\/secure.gravatar.com\\\/avatar\\\/37d968a2e67a6fd04c169c4bdef102d0bc5d31b2546345219e348575eb80e9a0?s=96&d=mm&r=g\",\"url\":\"https:\\\/\\\/secure.gravatar.com\\\/avatar\\\/37d968a2e67a6fd04c169c4bdef102d0bc5d31b2546345219e348575eb80e9a0?s=96&d=mm&r=g\",\"contentUrl\":\"https:\\\/\\\/secure.gravatar.com\\\/avatar\\\/37d968a2e67a6fd04c169c4bdef102d0bc5d31b2546345219e348575eb80e9a0?s=96&d=mm&r=g\",\"caption\":\"redazione\"},\"sameAs\":[\"http:\\\/\\\/www.bellunopress.it\",\"https:\\\/\\\/x.com\\\/bellunopress\"],\"url\":\"https:\\\/\\\/www.bellunopress.it\\\/fr\\\/author\\\/redazione\\\/\"}]}<\/script>\n<!-- \/ Yoast SEO plugin. -->","yoast_head_json":{"title":"Referendum Canale d'Agordo - Falcade. Piccoli: \"Un esercizio di democrazia. Si riparta dalla programmazione degli interventi e dalla lotta allo spopolamento\" - Bellunopress - Dolomiti","robots":{"index":"index","follow":"follow","max-snippet":"max-snippet:-1","max-image-preview":"max-image-preview:large","max-video-preview":"max-video-preview:-1"},"canonical":"https:\/\/www.bellunopress.it\/fr\/2017\/12\/18\/referendum-canale-dagordo-falcade-piccoli-un-esercizio-di-democrazia-si-riparta-dalla-programmazione-degli-interventi-e-dalla-lotta-allo-spopolamento\/","og_locale":"fr_FR","og_type":"article","og_title":"Referendum Canale d'Agordo - Falcade. Piccoli: \"Un esercizio di democrazia. Si riparta dalla programmazione degli interventi e dalla lotta allo spopolamento\" - Bellunopress - Dolomiti","og_description":"&#8220;E&#8217; stato comunque un esercizio di democrazia, un modo per interrogarsi sul futuro del proprio territorio e trovare dei rimedi. Si prenda atto della volont\u00e0 popolare e da qui si riparta per programmare il futuro di un intero territorio, quello agordino, che ha delle innegabili specificit\u00e0. La lotta allo spopolamento resta la priorit\u00e0 della priorit\u00e0&#8221;. [&hellip;]","og_url":"https:\/\/www.bellunopress.it\/fr\/2017\/12\/18\/referendum-canale-dagordo-falcade-piccoli-un-esercizio-di-democrazia-si-riparta-dalla-programmazione-degli-interventi-e-dalla-lotta-allo-spopolamento\/","og_site_name":"Bellunopress - Dolomiti","article_publisher":"https:\/\/www.facebook.com\/profile.php?id=100008943462799","article_published_time":"2017-12-18T16:10:15+00:00","og_image":[{"url":"http:\/\/www.bellunopress.it\/wp-content\/uploads\/2015\/07\/giovanni-piccoli.jpg","type":"","width":"","height":""}],"author":"redazione","twitter_card":"summary_large_image","twitter_creator":"@bellunopress","twitter_site":"@bellunopress","twitter_misc":{"\u00c9crit par":"redazione","Dur\u00e9e de lecture estim\u00e9e":"2 minutes"},"schema":{"@context":"https:\/\/schema.org","@graph":[{"@type":"Article","@id":"https:\/\/www.bellunopress.it\/2017\/12\/18\/referendum-canale-dagordo-falcade-piccoli-un-esercizio-di-democrazia-si-riparta-dalla-programmazione-degli-interventi-e-dalla-lotta-allo-spopolamento\/#article","isPartOf":{"@id":"https:\/\/www.bellunopress.it\/2017\/12\/18\/referendum-canale-dagordo-falcade-piccoli-un-esercizio-di-democrazia-si-riparta-dalla-programmazione-degli-interventi-e-dalla-lotta-allo-spopolamento\/"},"author":{"name":"redazione","@id":"https:\/\/www.bellunopress.it\/#\/schema\/person\/79bb06722b37ece1c03d3e94beb30d73"},"headline":"Referendum Canale d&#8217;Agordo &#8211; Falcade. Piccoli: &#8220;Un esercizio di democrazia. Si riparta dalla programmazione degli interventi e dalla lotta allo spopolamento&#8221;","datePublished":"2017-12-18T16:10:15+00:00","mainEntityOfPage":{"@id":"https:\/\/www.bellunopress.it\/2017\/12\/18\/referendum-canale-dagordo-falcade-piccoli-un-esercizio-di-democrazia-si-riparta-dalla-programmazione-degli-interventi-e-dalla-lotta-allo-spopolamento\/"},"wordCount":376,"publisher":{"@id":"https:\/\/www.bellunopress.it\/#organization"},"image":{"@id":"https:\/\/www.bellunopress.it\/2017\/12\/18\/referendum-canale-dagordo-falcade-piccoli-un-esercizio-di-democrazia-si-riparta-dalla-programmazione-degli-interventi-e-dalla-lotta-allo-spopolamento\/#primaryimage"},"thumbnailUrl":"http:\/\/www.bellunopress.it\/wp-content\/uploads\/2015\/07\/giovanni-piccoli.jpg","articleSection":["Cronaca\/Politica","Prima Pagina"],"inLanguage":"fr-FR"},{"@type":"WebPage","@id":"https:\/\/www.bellunopress.it\/2017\/12\/18\/referendum-canale-dagordo-falcade-piccoli-un-esercizio-di-democrazia-si-riparta-dalla-programmazione-degli-interventi-e-dalla-lotta-allo-spopolamento\/","url":"https:\/\/www.bellunopress.it\/2017\/12\/18\/referendum-canale-dagordo-falcade-piccoli-un-esercizio-di-democrazia-si-riparta-dalla-programmazione-degli-interventi-e-dalla-lotta-allo-spopolamento\/","name":"Referendum Canale d'Agordo - Falcade. Piccoli: \"Un esercizio di democrazia. Si riparta dalla programmazione degli interventi e dalla lotta allo spopolamento\" - Bellunopress - Dolomiti","isPartOf":{"@id":"https:\/\/www.bellunopress.it\/#website"},"primaryImageOfPage":{"@id":"https:\/\/www.bellunopress.it\/2017\/12\/18\/referendum-canale-dagordo-falcade-piccoli-un-esercizio-di-democrazia-si-riparta-dalla-programmazione-degli-interventi-e-dalla-lotta-allo-spopolamento\/#primaryimage"},"image":{"@id":"https:\/\/www.bellunopress.it\/2017\/12\/18\/referendum-canale-dagordo-falcade-piccoli-un-esercizio-di-democrazia-si-riparta-dalla-programmazione-degli-interventi-e-dalla-lotta-allo-spopolamento\/#primaryimage"},"thumbnailUrl":"http:\/\/www.bellunopress.it\/wp-content\/uploads\/2015\/07\/giovanni-piccoli.jpg","datePublished":"2017-12-18T16:10:15+00:00","breadcrumb":{"@id":"https:\/\/www.bellunopress.it\/2017\/12\/18\/referendum-canale-dagordo-falcade-piccoli-un-esercizio-di-democrazia-si-riparta-dalla-programmazione-degli-interventi-e-dalla-lotta-allo-spopolamento\/#breadcrumb"},"inLanguage":"fr-FR","potentialAction":[{"@type":"ReadAction","target":["https:\/\/www.bellunopress.it\/2017\/12\/18\/referendum-canale-dagordo-falcade-piccoli-un-esercizio-di-democrazia-si-riparta-dalla-programmazione-degli-interventi-e-dalla-lotta-allo-spopolamento\/"]}]},{"@type":"ImageObject","inLanguage":"fr-FR","@id":"https:\/\/www.bellunopress.it\/2017\/12\/18\/referendum-canale-dagordo-falcade-piccoli-un-esercizio-di-democrazia-si-riparta-dalla-programmazione-degli-interventi-e-dalla-lotta-allo-spopolamento\/#primaryimage","url":"http:\/\/www.bellunopress.it\/wp-content\/uploads\/2015\/07\/giovanni-piccoli.jpg","contentUrl":"http:\/\/www.bellunopress.it\/wp-content\/uploads\/2015\/07\/giovanni-piccoli.jpg"},{"@type":"BreadcrumbList","@id":"https:\/\/www.bellunopress.it\/2017\/12\/18\/referendum-canale-dagordo-falcade-piccoli-un-esercizio-di-democrazia-si-riparta-dalla-programmazione-degli-interventi-e-dalla-lotta-allo-spopolamento\/#breadcrumb","itemListElement":[{"@type":"ListItem","position":1,"name":"Home","item":"https:\/\/www.bellunopress.it\/"},{"@type":"ListItem","position":2,"name":"Referendum Canale d&#8217;Agordo &#8211; Falcade. Piccoli: &#8220;Un esercizio di democrazia. Si riparta dalla programmazione degli interventi e dalla lotta allo spopolamento&#8221;"}]},{"@type":"WebSite","@id":"https:\/\/www.bellunopress.it\/#website","url":"https:\/\/www.bellunopress.it\/","name":"Bellunopress - Dolomiti","description":"e-mail: redazione@bellunopress.it","publisher":{"@id":"https:\/\/www.bellunopress.it\/#organization"},"potentialAction":[{"@type":"SearchAction","target":{"@type":"EntryPoint","urlTemplate":"https:\/\/www.bellunopress.it\/?s={search_term_string}"},"query-input":{"@type":"PropertyValueSpecification","valueRequired":true,"valueName":"search_term_string"}}],"inLanguage":"fr-FR"},{"@type":"Organization","@id":"https:\/\/www.bellunopress.it\/#organization","name":"Bellunopress","url":"https:\/\/www.bellunopress.it\/","logo":{"@type":"ImageObject","inLanguage":"fr-FR","@id":"https:\/\/www.bellunopress.it\/#\/schema\/logo\/image\/","url":"https:\/\/www.bellunopress.it\/wp-content\/uploads\/2011\/05\/cropped-logo-bellunopress-.jpg","contentUrl":"https:\/\/www.bellunopress.it\/wp-content\/uploads\/2011\/05\/cropped-logo-bellunopress-.jpg","width":512,"height":512,"caption":"Bellunopress"},"image":{"@id":"https:\/\/www.bellunopress.it\/#\/schema\/logo\/image\/"},"sameAs":["https:\/\/www.facebook.com\/profile.php?id=100008943462799","https:\/\/x.com\/bellunopress","https:\/\/www.linkedin.com\/hp\/?dnr=JBzUWaJfMUw8vbXJJ2tVW5-I3jZKvC4wsoxE&amp;amp;amp;amp;amp;amp;trk=nav_responsive_tab_home","https:\/\/www.youtube.com\/channel\/UCxL0wu1uN0_3_7hGG0306cw"]},{"@type":"Person","@id":"https:\/\/www.bellunopress.it\/#\/schema\/person\/79bb06722b37ece1c03d3e94beb30d73","name":"r\u00e9daction","image":{"@type":"ImageObject","inLanguage":"fr-FR","@id":"https:\/\/secure.gravatar.com\/avatar\/37d968a2e67a6fd04c169c4bdef102d0bc5d31b2546345219e348575eb80e9a0?s=96&d=mm&r=g","url":"https:\/\/secure.gravatar.com\/avatar\/37d968a2e67a6fd04c169c4bdef102d0bc5d31b2546345219e348575eb80e9a0?s=96&d=mm&r=g","contentUrl":"https:\/\/secure.gravatar.com\/avatar\/37d968a2e67a6fd04c169c4bdef102d0bc5d31b2546345219e348575eb80e9a0?s=96&d=mm&r=g","caption":"redazione"},"sameAs":["http:\/\/www.bellunopress.it","https:\/\/x.com\/bellunopress"],"url":"https:\/\/www.bellunopress.it\/fr\/author\/redazione\/"}]}},"_links":{"self":[{"href":"https:\/\/www.bellunopress.it\/fr\/wp-json\/wp\/v2\/posts\/91588","targetHints":{"allow":["GET"]}}],"collection":[{"href":"https:\/\/www.bellunopress.it\/fr\/wp-json\/wp\/v2\/posts"}],"about":[{"href":"https:\/\/www.bellunopress.it\/fr\/wp-json\/wp\/v2\/types\/post"}],"author":[{"embeddable":true,"href":"https:\/\/www.bellunopress.it\/fr\/wp-json\/wp\/v2\/users\/2"}],"replies":[{"embeddable":true,"href":"https:\/\/www.bellunopress.it\/fr\/wp-json\/wp\/v2\/comments?post=91588"}],"version-history":[{"count":1,"href":"https:\/\/www.bellunopress.it\/fr\/wp-json\/wp\/v2\/posts\/91588\/revisions"}],"predecessor-version":[{"id":91589,"href":"https:\/\/www.bellunopress.it\/fr\/wp-json\/wp\/v2\/posts\/91588\/revisions\/91589"}],"wp:attachment":[{"href":"https:\/\/www.bellunopress.it\/fr\/wp-json\/wp\/v2\/media?parent=91588"}],"wp:term":[{"taxonomy":"category","embeddable":true,"href":"https:\/\/www.bellunopress.it\/fr\/wp-json\/wp\/v2\/categories?post=91588"},{"taxonomy":"post_tag","embeddable":true,"href":"https:\/\/www.bellunopress.it\/fr\/wp-json\/wp\/v2\/tags?post=91588"}],"curies":[{"name":"wp","href":"https:\/\/api.w.org\/{rel}","templated":true}]}}