{"id":91579,"date":"2017-12-18T13:48:55","date_gmt":"2017-12-18T12:48:55","guid":{"rendered":"http:\/\/www.bellunopress.it\/?p=91579"},"modified":"2017-12-18T13:48:55","modified_gmt":"2017-12-18T12:48:55","slug":"completata-la-consegna-di-4-coppie-di-pastore-maremmano-a-difesa-delle-greggi","status":"publish","type":"post","link":"https:\/\/www.bellunopress.it\/fr\/2017\/12\/18\/completata-la-consegna-di-4-coppie-di-pastore-maremmano-a-difesa-delle-greggi\/","title":{"rendered":"Completata la consegna di 4 coppie di pastore maremmano a difesa delle greggi"},"content":{"rendered":"<p>Venezia, 18 dicembre 2017 \u00a0&#8211; \u00a0E\u2019 stata completata da parte della Regione Veneto la consegna delle quattro coppie di maremmano-abruzzesi agli allevatori dell\u2019Alpago, del Col Visentin, del Trevigiano e della Lessinia orientale.<\/p>\n<p><a href=\"http:\/\/www.bellunopress.it\/fr\/2017\/12\/18\/completata-la-consegna-di-4-coppie-di-pastore-maremmano-a-difesa-delle-greggi\/cani-pastore-maremmano\/\" rel=\"attachment wp-att-91580\"><img loading=\"lazy\" decoding=\"async\" class=\"alignleft size-full wp-image-91580\" src=\"http:\/\/www.bellunopress.it\/wp-content\/uploads\/2017\/12\/cani-pastore-maremmano.jpg\" alt=\"\" width=\"300\" height=\"189\" \/><\/a>Gli otto cani da guardia, acquistati da un allevamento viterbese, e ora inseriti negli ovili a familiarizzare con pastori e ovicaprini, difenderanno le greggi delle quattro aziende dalle eventuali incursioni di lupi e grandi carnivori. La consegna \u00e8 avvenuta sulla base di un\u2019accurata selezione da parte di veterinari esperti che hanno individuato le aziende pi\u00f9 idonee a garantire l\u2019utilit\u00e0 e il benessere e dei cani pastore, nonch\u00e9 ad impegnarsi per una corretta educazione dei maremmani e per informare eventuali turisti e visitatori di passaggio sul corretto comportamento da adottare. \u201cIl pastore maremmano-abruzzese \u00e8 un cane intelligente ed equilibrato: \u2013 informano gli esperti \u2013 i cani consegnati oggi in Veneto, selezionati da ottime genealogie di cani da lavoro, sono ben socializzati con le persone affinch\u00e9, pur mantenendo un alto istinto di protezione verso gli animali del gregge, non manifestino aggressivit\u00e0 nei confronti delle persone. E\u2019 per\u00f2 importante che chi li avvicina adotti comportamenti corretti, come illustrato nei cartelli di segnalazione, in dotazione agli allevatori che li esporranno nei pressi delle aree di presenza delle greggi protette dai cani: \u00e8 sconsigliato avvicinarsi troppo, i ciclisti devono scendere dalla bici, chi passeggia con il proprio cane lo deve tenere al guinzaglio\u201d.<\/p>\n<p>Tra le \u2018clausole\u2019 del contratto di consegna c\u2019\u00e8 inoltre l\u2019impegno \u2013 da parte degli allevatori \u2013 di mettere a disposizione della Regione uno o pi\u00f9 cuccioli (almeno il 50 per cento) che nasceranno dalle coppie fornite dal progetto comunitario, per darli ad altri allevatori delle aree a rischio che ne faranno richiesta.<\/p>\n<figure id=\"attachment_90995\" aria-describedby=\"caption-attachment-90995\" style=\"width: 232px\" class=\"wp-caption alignleft\"><a href=\"http:\/\/www.bellunopress.it\/fr\/2017\/11\/24\/fondi-sviluppo-rurale-395-milioni-per-lagricoltura-di-montagna-assessore-pan-la-regione-dedica-oltre-un-terzo-dei-fondi-psr-2014-2020-alle-terre-alte\/assessore-pan\/\" rel=\"attachment wp-att-90995\"><img loading=\"lazy\" decoding=\"async\" class=\"size-full wp-image-90995\" src=\"http:\/\/www.bellunopress.it\/wp-content\/uploads\/2017\/11\/assessore-Pan.jpg\" alt=\"\" width=\"232\" height=\"289\" \/><\/a><figcaption id=\"caption-attachment-90995\" class=\"wp-caption-text\">Giuseppe Pan, assessore regionale<\/figcaption><\/figure>\n<p>\u201cLa razza maremmano-abruzzese, geneticamente selezionata per fronteggiare assalti e predazioni del lupo, \u00e8 uno dei migliori presidi di difesa per greggi e armenti \u2013 sottolinea l\u2019assessore all\u2019Agricoltura Giuseppe Pan \u2013 Con la consegna degli otto cani pastore, salgono i 13 gli esemplari da guardia consegnati agli allevatori delle zone montane del Veneto grazie ai fondi del progetto europeo Life WolfAlps. Oltre ai cani pastore, quest\u2019anno la Regione ha consegnato 160 recinti elettrificati e pagato indennizzi agli allevatori colpiti da predazioni per oltre 130 mila euro. Complessivamente, grazie ai progetti Life Wolfalps e Dinalp Bear, in questi anni abbiamo destinato agli allevatori veneti circa 190.000 \u20ac di risorse per interventi di prevenzione e dissuasione, e &#8211; grazie alle risorse regionali ordinarie &#8211; \u00e8 stato sempre garantito l\u2019indennizzo integrale dei danni da predazione accertati. Un impegno considerevole per reintrodurre nei pascoli, nelle malghe e negli allevamenti una cultura di difesa dal lupo e dagli altri grandi predatori selvatici, alla quale il Veneto da secoli non era pi\u00f9 abituato\u201d.<\/p>\n<p>Le segnalazioni pi\u00f9 recenti indicano la presenza di sei branchi riproduttivi stabili tra Veneto e Trentino Alto Adige, per un totale stimato di oltre una quarantina di esemplari. Il monitoraggio sistematico, attualmente in corso grazie all\u2019impegno coordinato delle Polizie provinciali, dei Carabinieri Forestali e di volontari formati, fornir\u00e0 la prossima primavera i dati completi ed esaustivi di presenza e genetica.<\/p>","protected":false},"excerpt":{"rendered":"<p>Venezia, 18 dicembre 2017 \u00a0&#8211; \u00a0E\u2019 stata completata da parte della Regione Veneto la consegna delle quattro coppie di maremmano-abruzzesi agli allevatori dell\u2019Alpago, del Col Visentin, del Trevigiano e della Lessinia orientale. Gli otto cani da guardia, acquistati da un allevamento viterbese, e ora inseriti negli ovili a familiarizzare con pastori e ovicaprini, difenderanno le [&hellip;]<\/p>\n","protected":false},"author":2,"featured_media":0,"comment_status":"closed","ping_status":"open","sticky":false,"template":"","format":"standard","meta":{"footnotes":""},"categories":[5,38,26],"tags":[],"class_list":["post-91579","post","type-post","status-publish","format-standard","category-cronaca","category-natura-ambiente","category-prima-pagina"],"yoast_head":"<!-- This site is optimized with the Yoast SEO plugin v28.4 - https:\/\/yoast.com\/product\/yoast-seo-wordpress\/ -->\n<title>Completata la consegna di 4 coppie di pastore maremmano a difesa delle greggi - Bellunopress - Dolomiti<\/title>\n<meta name=\"robots\" content=\"index, follow, max-snippet:-1, max-image-preview:large, max-video-preview:-1\" \/>\n<link rel=\"canonical\" href=\"https:\/\/www.bellunopress.it\/fr\/2017\/12\/18\/completata-la-consegna-di-4-coppie-di-pastore-maremmano-a-difesa-delle-greggi\/\" \/>\n<meta property=\"og:locale\" content=\"fr_FR\" \/>\n<meta property=\"og:type\" content=\"article\" \/>\n<meta property=\"og:title\" content=\"Completata la consegna di 4 coppie di pastore maremmano a difesa delle greggi - Bellunopress - Dolomiti\" \/>\n<meta property=\"og:description\" content=\"Venezia, 18 dicembre 2017 \u00a0&#8211; \u00a0E\u2019 stata completata da parte della Regione Veneto la consegna delle quattro coppie di maremmano-abruzzesi agli allevatori dell\u2019Alpago, del Col Visentin, del Trevigiano e della Lessinia orientale. Gli otto cani da guardia, acquistati da un allevamento viterbese, e ora inseriti negli ovili a familiarizzare con pastori e ovicaprini, difenderanno le [&hellip;]\" \/>\n<meta property=\"og:url\" content=\"https:\/\/www.bellunopress.it\/fr\/2017\/12\/18\/completata-la-consegna-di-4-coppie-di-pastore-maremmano-a-difesa-delle-greggi\/\" \/>\n<meta property=\"og:site_name\" content=\"Bellunopress - Dolomiti\" \/>\n<meta property=\"article:publisher\" content=\"https:\/\/www.facebook.com\/profile.php?id=100008943462799\" \/>\n<meta property=\"article:published_time\" content=\"2017-12-18T12:48:55+00:00\" \/>\n<meta property=\"og:image\" content=\"http:\/\/www.bellunopress.it\/wp-content\/uploads\/2017\/12\/cani-pastore-maremmano.jpg\" \/>\n<meta name=\"author\" content=\"redazione\" \/>\n<meta name=\"twitter:card\" content=\"summary_large_image\" \/>\n<meta name=\"twitter:creator\" content=\"@bellunopress\" \/>\n<meta name=\"twitter:site\" content=\"@bellunopress\" \/>\n<meta name=\"twitter:label1\" content=\"\u00c9crit par\" \/>\n\t<meta name=\"twitter:data1\" content=\"redazione\" \/>\n\t<meta name=\"twitter:label2\" content=\"Dur\u00e9e de lecture estim\u00e9e\" \/>\n\t<meta name=\"twitter:data2\" content=\"3 minutes\" \/>\n<script type=\"application\/ld+json\" class=\"yoast-schema-graph\">{\"@context\":\"https:\\\/\\\/schema.org\",\"@graph\":[{\"@type\":\"Article\",\"@id\":\"https:\\\/\\\/www.bellunopress.it\\\/2017\\\/12\\\/18\\\/completata-la-consegna-di-4-coppie-di-pastore-maremmano-a-difesa-delle-greggi\\\/#article\",\"isPartOf\":{\"@id\":\"https:\\\/\\\/www.bellunopress.it\\\/2017\\\/12\\\/18\\\/completata-la-consegna-di-4-coppie-di-pastore-maremmano-a-difesa-delle-greggi\\\/\"},\"author\":{\"name\":\"redazione\",\"@id\":\"https:\\\/\\\/www.bellunopress.it\\\/#\\\/schema\\\/person\\\/79bb06722b37ece1c03d3e94beb30d73\"},\"headline\":\"Completata la consegna di 4 coppie di pastore maremmano a difesa delle greggi\",\"datePublished\":\"2017-12-18T12:48:55+00:00\",\"mainEntityOfPage\":{\"@id\":\"https:\\\/\\\/www.bellunopress.it\\\/2017\\\/12\\\/18\\\/completata-la-consegna-di-4-coppie-di-pastore-maremmano-a-difesa-delle-greggi\\\/\"},\"wordCount\":521,\"publisher\":{\"@id\":\"https:\\\/\\\/www.bellunopress.it\\\/#organization\"},\"image\":{\"@id\":\"https:\\\/\\\/www.bellunopress.it\\\/2017\\\/12\\\/18\\\/completata-la-consegna-di-4-coppie-di-pastore-maremmano-a-difesa-delle-greggi\\\/#primaryimage\"},\"thumbnailUrl\":\"http:\\\/\\\/www.bellunopress.it\\\/wp-content\\\/uploads\\\/2017\\\/12\\\/cani-pastore-maremmano.jpg\",\"articleSection\":[\"Cronaca\\\/Politica\",\"Meteo, natura, ambiente, animali\",\"Prima Pagina\"],\"inLanguage\":\"fr-FR\"},{\"@type\":\"WebPage\",\"@id\":\"https:\\\/\\\/www.bellunopress.it\\\/2017\\\/12\\\/18\\\/completata-la-consegna-di-4-coppie-di-pastore-maremmano-a-difesa-delle-greggi\\\/\",\"url\":\"https:\\\/\\\/www.bellunopress.it\\\/2017\\\/12\\\/18\\\/completata-la-consegna-di-4-coppie-di-pastore-maremmano-a-difesa-delle-greggi\\\/\",\"name\":\"Completata la consegna di 4 coppie di pastore maremmano a difesa delle greggi - Bellunopress - Dolomiti\",\"isPartOf\":{\"@id\":\"https:\\\/\\\/www.bellunopress.it\\\/#website\"},\"primaryImageOfPage\":{\"@id\":\"https:\\\/\\\/www.bellunopress.it\\\/2017\\\/12\\\/18\\\/completata-la-consegna-di-4-coppie-di-pastore-maremmano-a-difesa-delle-greggi\\\/#primaryimage\"},\"image\":{\"@id\":\"https:\\\/\\\/www.bellunopress.it\\\/2017\\\/12\\\/18\\\/completata-la-consegna-di-4-coppie-di-pastore-maremmano-a-difesa-delle-greggi\\\/#primaryimage\"},\"thumbnailUrl\":\"http:\\\/\\\/www.bellunopress.it\\\/wp-content\\\/uploads\\\/2017\\\/12\\\/cani-pastore-maremmano.jpg\",\"datePublished\":\"2017-12-18T12:48:55+00:00\",\"breadcrumb\":{\"@id\":\"https:\\\/\\\/www.bellunopress.it\\\/2017\\\/12\\\/18\\\/completata-la-consegna-di-4-coppie-di-pastore-maremmano-a-difesa-delle-greggi\\\/#breadcrumb\"},\"inLanguage\":\"fr-FR\",\"potentialAction\":[{\"@type\":\"ReadAction\",\"target\":[\"https:\\\/\\\/www.bellunopress.it\\\/2017\\\/12\\\/18\\\/completata-la-consegna-di-4-coppie-di-pastore-maremmano-a-difesa-delle-greggi\\\/\"]}]},{\"@type\":\"ImageObject\",\"inLanguage\":\"fr-FR\",\"@id\":\"https:\\\/\\\/www.bellunopress.it\\\/2017\\\/12\\\/18\\\/completata-la-consegna-di-4-coppie-di-pastore-maremmano-a-difesa-delle-greggi\\\/#primaryimage\",\"url\":\"http:\\\/\\\/www.bellunopress.it\\\/wp-content\\\/uploads\\\/2017\\\/12\\\/cani-pastore-maremmano.jpg\",\"contentUrl\":\"http:\\\/\\\/www.bellunopress.it\\\/wp-content\\\/uploads\\\/2017\\\/12\\\/cani-pastore-maremmano.jpg\"},{\"@type\":\"BreadcrumbList\",\"@id\":\"https:\\\/\\\/www.bellunopress.it\\\/2017\\\/12\\\/18\\\/completata-la-consegna-di-4-coppie-di-pastore-maremmano-a-difesa-delle-greggi\\\/#breadcrumb\",\"itemListElement\":[{\"@type\":\"ListItem\",\"position\":1,\"name\":\"Home\",\"item\":\"https:\\\/\\\/www.bellunopress.it\\\/\"},{\"@type\":\"ListItem\",\"position\":2,\"name\":\"Completata la consegna di 4 coppie di pastore maremmano a difesa delle greggi\"}]},{\"@type\":\"WebSite\",\"@id\":\"https:\\\/\\\/www.bellunopress.it\\\/#website\",\"url\":\"https:\\\/\\\/www.bellunopress.it\\\/\",\"name\":\"Bellunopress - Dolomiti\",\"description\":\"e-mail: redazione@bellunopress.it\",\"publisher\":{\"@id\":\"https:\\\/\\\/www.bellunopress.it\\\/#organization\"},\"potentialAction\":[{\"@type\":\"SearchAction\",\"target\":{\"@type\":\"EntryPoint\",\"urlTemplate\":\"https:\\\/\\\/www.bellunopress.it\\\/?s={search_term_string}\"},\"query-input\":{\"@type\":\"PropertyValueSpecification\",\"valueRequired\":true,\"valueName\":\"search_term_string\"}}],\"inLanguage\":\"fr-FR\"},{\"@type\":\"Organization\",\"@id\":\"https:\\\/\\\/www.bellunopress.it\\\/#organization\",\"name\":\"Bellunopress\",\"url\":\"https:\\\/\\\/www.bellunopress.it\\\/\",\"logo\":{\"@type\":\"ImageObject\",\"inLanguage\":\"fr-FR\",\"@id\":\"https:\\\/\\\/www.bellunopress.it\\\/#\\\/schema\\\/logo\\\/image\\\/\",\"url\":\"https:\\\/\\\/www.bellunopress.it\\\/wp-content\\\/uploads\\\/2011\\\/05\\\/cropped-logo-bellunopress-.jpg\",\"contentUrl\":\"https:\\\/\\\/www.bellunopress.it\\\/wp-content\\\/uploads\\\/2011\\\/05\\\/cropped-logo-bellunopress-.jpg\",\"width\":512,\"height\":512,\"caption\":\"Bellunopress\"},\"image\":{\"@id\":\"https:\\\/\\\/www.bellunopress.it\\\/#\\\/schema\\\/logo\\\/image\\\/\"},\"sameAs\":[\"https:\\\/\\\/www.facebook.com\\\/profile.php?id=100008943462799\",\"https:\\\/\\\/x.com\\\/bellunopress\",\"https:\\\/\\\/www.linkedin.com\\\/hp\\\/?dnr=JBzUWaJfMUw8vbXJJ2tVW5-I3jZKvC4wsoxE&amp;amp;amp;amp;amp;amp;trk=nav_responsive_tab_home\",\"https:\\\/\\\/www.youtube.com\\\/channel\\\/UCxL0wu1uN0_3_7hGG0306cw\"]},{\"@type\":\"Person\",\"@id\":\"https:\\\/\\\/www.bellunopress.it\\\/#\\\/schema\\\/person\\\/79bb06722b37ece1c03d3e94beb30d73\",\"name\":\"redazione\",\"image\":{\"@type\":\"ImageObject\",\"inLanguage\":\"fr-FR\",\"@id\":\"https:\\\/\\\/secure.gravatar.com\\\/avatar\\\/37d968a2e67a6fd04c169c4bdef102d0bc5d31b2546345219e348575eb80e9a0?s=96&d=mm&r=g\",\"url\":\"https:\\\/\\\/secure.gravatar.com\\\/avatar\\\/37d968a2e67a6fd04c169c4bdef102d0bc5d31b2546345219e348575eb80e9a0?s=96&d=mm&r=g\",\"contentUrl\":\"https:\\\/\\\/secure.gravatar.com\\\/avatar\\\/37d968a2e67a6fd04c169c4bdef102d0bc5d31b2546345219e348575eb80e9a0?s=96&d=mm&r=g\",\"caption\":\"redazione\"},\"sameAs\":[\"http:\\\/\\\/www.bellunopress.it\",\"https:\\\/\\\/x.com\\\/bellunopress\"],\"url\":\"https:\\\/\\\/www.bellunopress.it\\\/fr\\\/author\\\/redazione\\\/\"}]}<\/script>\n<!-- \/ Yoast SEO plugin. -->","yoast_head_json":{"title":"Completata la consegna di 4 coppie di pastore maremmano a difesa delle greggi - Bellunopress - Dolomiti","robots":{"index":"index","follow":"follow","max-snippet":"max-snippet:-1","max-image-preview":"max-image-preview:large","max-video-preview":"max-video-preview:-1"},"canonical":"https:\/\/www.bellunopress.it\/fr\/2017\/12\/18\/completata-la-consegna-di-4-coppie-di-pastore-maremmano-a-difesa-delle-greggi\/","og_locale":"fr_FR","og_type":"article","og_title":"Completata la consegna di 4 coppie di pastore maremmano a difesa delle greggi - Bellunopress - Dolomiti","og_description":"Venezia, 18 dicembre 2017 \u00a0&#8211; \u00a0E\u2019 stata completata da parte della Regione Veneto la consegna delle quattro coppie di maremmano-abruzzesi agli allevatori dell\u2019Alpago, del Col Visentin, del Trevigiano e della Lessinia orientale. Gli otto cani da guardia, acquistati da un allevamento viterbese, e ora inseriti negli ovili a familiarizzare con pastori e ovicaprini, difenderanno le [&hellip;]","og_url":"https:\/\/www.bellunopress.it\/fr\/2017\/12\/18\/completata-la-consegna-di-4-coppie-di-pastore-maremmano-a-difesa-delle-greggi\/","og_site_name":"Bellunopress - Dolomiti","article_publisher":"https:\/\/www.facebook.com\/profile.php?id=100008943462799","article_published_time":"2017-12-18T12:48:55+00:00","og_image":[{"url":"http:\/\/www.bellunopress.it\/wp-content\/uploads\/2017\/12\/cani-pastore-maremmano.jpg","type":"","width":"","height":""}],"author":"redazione","twitter_card":"summary_large_image","twitter_creator":"@bellunopress","twitter_site":"@bellunopress","twitter_misc":{"\u00c9crit par":"redazione","Dur\u00e9e de lecture estim\u00e9e":"3 minutes"},"schema":{"@context":"https:\/\/schema.org","@graph":[{"@type":"Article","@id":"https:\/\/www.bellunopress.it\/2017\/12\/18\/completata-la-consegna-di-4-coppie-di-pastore-maremmano-a-difesa-delle-greggi\/#article","isPartOf":{"@id":"https:\/\/www.bellunopress.it\/2017\/12\/18\/completata-la-consegna-di-4-coppie-di-pastore-maremmano-a-difesa-delle-greggi\/"},"author":{"name":"redazione","@id":"https:\/\/www.bellunopress.it\/#\/schema\/person\/79bb06722b37ece1c03d3e94beb30d73"},"headline":"Completata la consegna di 4 coppie di pastore maremmano a difesa delle greggi","datePublished":"2017-12-18T12:48:55+00:00","mainEntityOfPage":{"@id":"https:\/\/www.bellunopress.it\/2017\/12\/18\/completata-la-consegna-di-4-coppie-di-pastore-maremmano-a-difesa-delle-greggi\/"},"wordCount":521,"publisher":{"@id":"https:\/\/www.bellunopress.it\/#organization"},"image":{"@id":"https:\/\/www.bellunopress.it\/2017\/12\/18\/completata-la-consegna-di-4-coppie-di-pastore-maremmano-a-difesa-delle-greggi\/#primaryimage"},"thumbnailUrl":"http:\/\/www.bellunopress.it\/wp-content\/uploads\/2017\/12\/cani-pastore-maremmano.jpg","articleSection":["Cronaca\/Politica","Meteo, natura, ambiente, animali","Prima Pagina"],"inLanguage":"fr-FR"},{"@type":"WebPage","@id":"https:\/\/www.bellunopress.it\/2017\/12\/18\/completata-la-consegna-di-4-coppie-di-pastore-maremmano-a-difesa-delle-greggi\/","url":"https:\/\/www.bellunopress.it\/2017\/12\/18\/completata-la-consegna-di-4-coppie-di-pastore-maremmano-a-difesa-delle-greggi\/","name":"Completata la consegna di 4 coppie di pastore maremmano a difesa delle greggi - Bellunopress - Dolomiti","isPartOf":{"@id":"https:\/\/www.bellunopress.it\/#website"},"primaryImageOfPage":{"@id":"https:\/\/www.bellunopress.it\/2017\/12\/18\/completata-la-consegna-di-4-coppie-di-pastore-maremmano-a-difesa-delle-greggi\/#primaryimage"},"image":{"@id":"https:\/\/www.bellunopress.it\/2017\/12\/18\/completata-la-consegna-di-4-coppie-di-pastore-maremmano-a-difesa-delle-greggi\/#primaryimage"},"thumbnailUrl":"http:\/\/www.bellunopress.it\/wp-content\/uploads\/2017\/12\/cani-pastore-maremmano.jpg","datePublished":"2017-12-18T12:48:55+00:00","breadcrumb":{"@id":"https:\/\/www.bellunopress.it\/2017\/12\/18\/completata-la-consegna-di-4-coppie-di-pastore-maremmano-a-difesa-delle-greggi\/#breadcrumb"},"inLanguage":"fr-FR","potentialAction":[{"@type":"ReadAction","target":["https:\/\/www.bellunopress.it\/2017\/12\/18\/completata-la-consegna-di-4-coppie-di-pastore-maremmano-a-difesa-delle-greggi\/"]}]},{"@type":"ImageObject","inLanguage":"fr-FR","@id":"https:\/\/www.bellunopress.it\/2017\/12\/18\/completata-la-consegna-di-4-coppie-di-pastore-maremmano-a-difesa-delle-greggi\/#primaryimage","url":"http:\/\/www.bellunopress.it\/wp-content\/uploads\/2017\/12\/cani-pastore-maremmano.jpg","contentUrl":"http:\/\/www.bellunopress.it\/wp-content\/uploads\/2017\/12\/cani-pastore-maremmano.jpg"},{"@type":"BreadcrumbList","@id":"https:\/\/www.bellunopress.it\/2017\/12\/18\/completata-la-consegna-di-4-coppie-di-pastore-maremmano-a-difesa-delle-greggi\/#breadcrumb","itemListElement":[{"@type":"ListItem","position":1,"name":"Home","item":"https:\/\/www.bellunopress.it\/"},{"@type":"ListItem","position":2,"name":"Completata la consegna di 4 coppie di pastore maremmano a difesa delle greggi"}]},{"@type":"WebSite","@id":"https:\/\/www.bellunopress.it\/#website","url":"https:\/\/www.bellunopress.it\/","name":"Bellunopress - Dolomiti","description":"e-mail: redazione@bellunopress.it","publisher":{"@id":"https:\/\/www.bellunopress.it\/#organization"},"potentialAction":[{"@type":"SearchAction","target":{"@type":"EntryPoint","urlTemplate":"https:\/\/www.bellunopress.it\/?s={search_term_string}"},"query-input":{"@type":"PropertyValueSpecification","valueRequired":true,"valueName":"search_term_string"}}],"inLanguage":"fr-FR"},{"@type":"Organization","@id":"https:\/\/www.bellunopress.it\/#organization","name":"Bellunopress","url":"https:\/\/www.bellunopress.it\/","logo":{"@type":"ImageObject","inLanguage":"fr-FR","@id":"https:\/\/www.bellunopress.it\/#\/schema\/logo\/image\/","url":"https:\/\/www.bellunopress.it\/wp-content\/uploads\/2011\/05\/cropped-logo-bellunopress-.jpg","contentUrl":"https:\/\/www.bellunopress.it\/wp-content\/uploads\/2011\/05\/cropped-logo-bellunopress-.jpg","width":512,"height":512,"caption":"Bellunopress"},"image":{"@id":"https:\/\/www.bellunopress.it\/#\/schema\/logo\/image\/"},"sameAs":["https:\/\/www.facebook.com\/profile.php?id=100008943462799","https:\/\/x.com\/bellunopress","https:\/\/www.linkedin.com\/hp\/?dnr=JBzUWaJfMUw8vbXJJ2tVW5-I3jZKvC4wsoxE&amp;amp;amp;amp;amp;amp;trk=nav_responsive_tab_home","https:\/\/www.youtube.com\/channel\/UCxL0wu1uN0_3_7hGG0306cw"]},{"@type":"Person","@id":"https:\/\/www.bellunopress.it\/#\/schema\/person\/79bb06722b37ece1c03d3e94beb30d73","name":"r\u00e9daction","image":{"@type":"ImageObject","inLanguage":"fr-FR","@id":"https:\/\/secure.gravatar.com\/avatar\/37d968a2e67a6fd04c169c4bdef102d0bc5d31b2546345219e348575eb80e9a0?s=96&d=mm&r=g","url":"https:\/\/secure.gravatar.com\/avatar\/37d968a2e67a6fd04c169c4bdef102d0bc5d31b2546345219e348575eb80e9a0?s=96&d=mm&r=g","contentUrl":"https:\/\/secure.gravatar.com\/avatar\/37d968a2e67a6fd04c169c4bdef102d0bc5d31b2546345219e348575eb80e9a0?s=96&d=mm&r=g","caption":"redazione"},"sameAs":["http:\/\/www.bellunopress.it","https:\/\/x.com\/bellunopress"],"url":"https:\/\/www.bellunopress.it\/fr\/author\/redazione\/"}]}},"_links":{"self":[{"href":"https:\/\/www.bellunopress.it\/fr\/wp-json\/wp\/v2\/posts\/91579","targetHints":{"allow":["GET"]}}],"collection":[{"href":"https:\/\/www.bellunopress.it\/fr\/wp-json\/wp\/v2\/posts"}],"about":[{"href":"https:\/\/www.bellunopress.it\/fr\/wp-json\/wp\/v2\/types\/post"}],"author":[{"embeddable":true,"href":"https:\/\/www.bellunopress.it\/fr\/wp-json\/wp\/v2\/users\/2"}],"replies":[{"embeddable":true,"href":"https:\/\/www.bellunopress.it\/fr\/wp-json\/wp\/v2\/comments?post=91579"}],"version-history":[{"count":2,"href":"https:\/\/www.bellunopress.it\/fr\/wp-json\/wp\/v2\/posts\/91579\/revisions"}],"predecessor-version":[{"id":91582,"href":"https:\/\/www.bellunopress.it\/fr\/wp-json\/wp\/v2\/posts\/91579\/revisions\/91582"}],"wp:attachment":[{"href":"https:\/\/www.bellunopress.it\/fr\/wp-json\/wp\/v2\/media?parent=91579"}],"wp:term":[{"taxonomy":"category","embeddable":true,"href":"https:\/\/www.bellunopress.it\/fr\/wp-json\/wp\/v2\/categories?post=91579"},{"taxonomy":"post_tag","embeddable":true,"href":"https:\/\/www.bellunopress.it\/fr\/wp-json\/wp\/v2\/tags?post=91579"}],"curies":[{"name":"wp","href":"https:\/\/api.w.org\/{rel}","templated":true}]}}