{"id":9120,"date":"2009-10-23T11:26:46","date_gmt":"2009-10-23T10:26:46","guid":{"rendered":"http:\/\/www.bellunopress.it\/?p=9120"},"modified":"2009-10-23T11:26:46","modified_gmt":"2009-10-23T10:26:46","slug":"l%e2%80%99assessore-de-gan-%c2%absest-i-lavoratori-e-l%e2%80%99azienda-hanno-dato-una-lezione-di-grande-senso-di-responsabilita%c2%bb","status":"publish","type":"post","link":"https:\/\/www.bellunopress.it\/fr\/2009\/10\/23\/l%e2%80%99assessore-de-gan-%c2%absest-i-lavoratori-e-l%e2%80%99azienda-hanno-dato-una-lezione-di-grande-senso-di-responsabilita%c2%bb\/","title":{"rendered":"L\u2019assessore De Gan: \u00abSest, i lavoratori e l\u2019azienda hanno dato una lezione di grande senso di responsabilit\u00e0\u00bb"},"content":{"rendered":"<figure id=\"attachment_9121\" aria-describedby=\"caption-attachment-9121\" style=\"width: 145px\" class=\"wp-caption alignleft\"><a href=\"http:\/\/www.bellunopress.it\/wp-content\/uploads\/2009\/10\/stefano-de-gan.jpg\"><img loading=\"lazy\" decoding=\"async\" class=\"size-medium wp-image-9121\" title=\"stefano-de-gan\" src=\"http:\/\/www.bellunopress.it\/wp-content\/uploads\/2009\/10\/stefano-de-gan.jpg\" alt=\"Stefano De Gan assessore provinciale\" width=\"145\" height=\"90\" \/><\/a><figcaption id=\"caption-attachment-9121\" class=\"wp-caption-text\">Stefano De Gan assessore provinciale<\/figcaption><\/figure>\n<p>L\u2019assessore provinciale alle Politiche del Lavoro, Stefano De Gan, interviene sulla vicenda dell\u2019azienda Sest: \u00abUna dimostrazione di grande responsabilit\u00e0 da parte di tutti, che fa ben sperare per il futuro dell\u2019occupazione bellunese\u00bb. \u00ab Non posso che dirmi soddisfatto per come sembra si stia risolvendo la vicenda della Sest &#8211; ha commentato l\u2019assessore &#8211; . Intendo rivolgere un plauso ai lavoratori dello stabilimento: hanno messo in campo un grande senso di maturit\u00e0, manifestando una responsabile apertura a quanto pianificato dai vertici aziendali. Si sono dimostrati consapevoli che lo sforzo richiesto pu\u00f2 garantire un futuro pi\u00f9 sereno a tutti, soprattutto se messo a confronto con quanto sta avvenendo ai lavoratori occupati in altre realt\u00e0 produttive della provincia\u00bb. \u00ab Non posso poi che congratularmi con l\u2019azienda stessa, che ha intrapreso la via meno redditizia (per esempio, avrebbe potuto delocalizzare) per i propri bilanci, dimostrando di credere nel territorio e nel lavoro bellunese. In questa operazione, ancora una volta, si assiste alla differenza fra una gestione industriale dell\u2019attivit\u00e0 e quella finanziaria\u00bb. \u00abL a Provincia di Belluno non pu\u00f2 che dirsi disponibile a sostenere quelle azioni di politica industriale volte a mantenere l\u2019occupazione sul nostro territorio, a condizioni complessivamente non peggiorative &#8211; ha concluso De Gan &#8211; . Maspetto ora che anche i sindacati capiscano la situazione. Sono certo che vorranno mettere da parte le ideologie, contribuendo a dare quelle certezze richieste a gran voce dai lavoratori della Sest. D\u2019altronde, alle casse dei supermercati non viene ancora accettata l\u2019ideologia come mezzo di pagamento\u00bb.<\/p>","protected":false},"excerpt":{"rendered":"<p>L\u2019assessore provinciale alle Politiche del Lavoro, Stefano De Gan, interviene sulla vicenda dell\u2019azienda Sest: \u00abUna dimostrazione di grande responsabilit\u00e0 da parte di tutti, che fa ben sperare per il futuro dell\u2019occupazione bellunese\u00bb. \u00ab Non posso che dirmi soddisfatto per come sembra si stia risolvendo la vicenda della Sest &#8211; ha commentato l\u2019assessore &#8211; . Intendo [&hellip;]<\/p>\n","protected":false},"author":2,"featured_media":0,"comment_status":"closed","ping_status":"open","sticky":false,"template":"","format":"standard","meta":{"footnotes":""},"categories":[5,36,26],"tags":[139],"class_list":["post-9120","post","type-post","status-publish","format-standard","category-cronaca","category-lavoro-economia","category-prima-pagina","tag-belluno"],"yoast_head":"<!-- This site is optimized with the Yoast SEO plugin v28.4 - https:\/\/yoast.com\/product\/yoast-seo-wordpress\/ -->\n<title>L\u2019assessore De Gan: \u00abSest, i lavoratori e l\u2019azienda hanno dato una lezione di grande senso di responsabilit\u00e0\u00bb - Bellunopress - Dolomiti<\/title>\n<meta name=\"robots\" content=\"index, follow, max-snippet:-1, max-image-preview:large, max-video-preview:-1\" \/>\n<link rel=\"canonical\" href=\"https:\/\/www.bellunopress.it\/fr\/2009\/10\/23\/l\u2019assessore-de-gan-\u00absest-i-lavoratori-e-l\u2019azienda-hanno-dato-una-lezione-di-grande-senso-di-responsabilita\u00bb\/\" \/>\n<meta property=\"og:locale\" content=\"fr_FR\" \/>\n<meta property=\"og:type\" content=\"article\" \/>\n<meta property=\"og:title\" content=\"L\u2019assessore De Gan: \u00abSest, i lavoratori e l\u2019azienda hanno dato una lezione di grande senso di responsabilit\u00e0\u00bb - Bellunopress - Dolomiti\" \/>\n<meta property=\"og:description\" content=\"L\u2019assessore provinciale alle Politiche del Lavoro, Stefano De Gan, interviene sulla vicenda dell\u2019azienda Sest: \u00abUna dimostrazione di grande responsabilit\u00e0 da parte di tutti, che fa ben sperare per il futuro dell\u2019occupazione bellunese\u00bb. \u00ab Non posso che dirmi soddisfatto per come sembra si stia risolvendo la vicenda della Sest &#8211; ha commentato l\u2019assessore &#8211; . Intendo [&hellip;]\" \/>\n<meta property=\"og:url\" content=\"https:\/\/www.bellunopress.it\/fr\/2009\/10\/23\/l\u2019assessore-de-gan-\u00absest-i-lavoratori-e-l\u2019azienda-hanno-dato-una-lezione-di-grande-senso-di-responsabilita\u00bb\/\" \/>\n<meta property=\"og:site_name\" content=\"Bellunopress - Dolomiti\" \/>\n<meta property=\"article:publisher\" content=\"https:\/\/www.facebook.com\/profile.php?id=100008943462799\" \/>\n<meta property=\"article:published_time\" content=\"2009-10-23T10:26:46+00:00\" \/>\n<meta property=\"og:image\" content=\"http:\/\/www.bellunopress.it\/wp-content\/uploads\/2009\/10\/stefano-de-gan.jpg\" \/>\n<meta name=\"author\" content=\"redazione\" \/>\n<meta name=\"twitter:card\" content=\"summary_large_image\" \/>\n<meta name=\"twitter:creator\" content=\"@bellunopress\" \/>\n<meta name=\"twitter:site\" content=\"@bellunopress\" \/>\n<meta name=\"twitter:label1\" content=\"\u00c9crit par\" \/>\n\t<meta name=\"twitter:data1\" content=\"redazione\" \/>\n\t<meta name=\"twitter:label2\" content=\"Dur\u00e9e de lecture estim\u00e9e\" \/>\n\t<meta name=\"twitter:data2\" content=\"1 minute\" \/>\n<script type=\"application\/ld+json\" class=\"yoast-schema-graph\">{\"@context\":\"https:\\\/\\\/schema.org\",\"@graph\":[{\"@type\":\"Article\",\"@id\":\"https:\\\/\\\/www.bellunopress.it\\\/2009\\\/10\\\/23\\\/l%e2%80%99assessore-de-gan-%c2%absest-i-lavoratori-e-l%e2%80%99azienda-hanno-dato-una-lezione-di-grande-senso-di-responsabilita%c2%bb\\\/#article\",\"isPartOf\":{\"@id\":\"https:\\\/\\\/www.bellunopress.it\\\/2009\\\/10\\\/23\\\/l%e2%80%99assessore-de-gan-%c2%absest-i-lavoratori-e-l%e2%80%99azienda-hanno-dato-una-lezione-di-grande-senso-di-responsabilita%c2%bb\\\/\"},\"author\":{\"name\":\"redazione\",\"@id\":\"https:\\\/\\\/www.bellunopress.it\\\/#\\\/schema\\\/person\\\/79bb06722b37ece1c03d3e94beb30d73\"},\"headline\":\"L\u2019assessore De Gan: \u00abSest, i lavoratori e l\u2019azienda hanno dato una lezione di grande senso di responsabilit\u00e0\u00bb\",\"datePublished\":\"2009-10-23T10:26:46+00:00\",\"mainEntityOfPage\":{\"@id\":\"https:\\\/\\\/www.bellunopress.it\\\/2009\\\/10\\\/23\\\/l%e2%80%99assessore-de-gan-%c2%absest-i-lavoratori-e-l%e2%80%99azienda-hanno-dato-una-lezione-di-grande-senso-di-responsabilita%c2%bb\\\/\"},\"wordCount\":285,\"publisher\":{\"@id\":\"https:\\\/\\\/www.bellunopress.it\\\/#organization\"},\"image\":{\"@id\":\"https:\\\/\\\/www.bellunopress.it\\\/2009\\\/10\\\/23\\\/l%e2%80%99assessore-de-gan-%c2%absest-i-lavoratori-e-l%e2%80%99azienda-hanno-dato-una-lezione-di-grande-senso-di-responsabilita%c2%bb\\\/#primaryimage\"},\"thumbnailUrl\":\"http:\\\/\\\/www.bellunopress.it\\\/wp-content\\\/uploads\\\/2009\\\/10\\\/stefano-de-gan.jpg\",\"keywords\":[\"Belluno\"],\"articleSection\":[\"Cronaca\\\/Politica\",\"Lavoro, Economia, Turismo\",\"Prima Pagina\"],\"inLanguage\":\"fr-FR\"},{\"@type\":\"WebPage\",\"@id\":\"https:\\\/\\\/www.bellunopress.it\\\/2009\\\/10\\\/23\\\/l%e2%80%99assessore-de-gan-%c2%absest-i-lavoratori-e-l%e2%80%99azienda-hanno-dato-una-lezione-di-grande-senso-di-responsabilita%c2%bb\\\/\",\"url\":\"https:\\\/\\\/www.bellunopress.it\\\/2009\\\/10\\\/23\\\/l%e2%80%99assessore-de-gan-%c2%absest-i-lavoratori-e-l%e2%80%99azienda-hanno-dato-una-lezione-di-grande-senso-di-responsabilita%c2%bb\\\/\",\"name\":\"L\u2019assessore De Gan: \u00abSest, i lavoratori e l\u2019azienda hanno dato una lezione di grande senso di responsabilit\u00e0\u00bb - Bellunopress - Dolomiti\",\"isPartOf\":{\"@id\":\"https:\\\/\\\/www.bellunopress.it\\\/#website\"},\"primaryImageOfPage\":{\"@id\":\"https:\\\/\\\/www.bellunopress.it\\\/2009\\\/10\\\/23\\\/l%e2%80%99assessore-de-gan-%c2%absest-i-lavoratori-e-l%e2%80%99azienda-hanno-dato-una-lezione-di-grande-senso-di-responsabilita%c2%bb\\\/#primaryimage\"},\"image\":{\"@id\":\"https:\\\/\\\/www.bellunopress.it\\\/2009\\\/10\\\/23\\\/l%e2%80%99assessore-de-gan-%c2%absest-i-lavoratori-e-l%e2%80%99azienda-hanno-dato-una-lezione-di-grande-senso-di-responsabilita%c2%bb\\\/#primaryimage\"},\"thumbnailUrl\":\"http:\\\/\\\/www.bellunopress.it\\\/wp-content\\\/uploads\\\/2009\\\/10\\\/stefano-de-gan.jpg\",\"datePublished\":\"2009-10-23T10:26:46+00:00\",\"breadcrumb\":{\"@id\":\"https:\\\/\\\/www.bellunopress.it\\\/2009\\\/10\\\/23\\\/l%e2%80%99assessore-de-gan-%c2%absest-i-lavoratori-e-l%e2%80%99azienda-hanno-dato-una-lezione-di-grande-senso-di-responsabilita%c2%bb\\\/#breadcrumb\"},\"inLanguage\":\"fr-FR\",\"potentialAction\":[{\"@type\":\"ReadAction\",\"target\":[\"https:\\\/\\\/www.bellunopress.it\\\/2009\\\/10\\\/23\\\/l%e2%80%99assessore-de-gan-%c2%absest-i-lavoratori-e-l%e2%80%99azienda-hanno-dato-una-lezione-di-grande-senso-di-responsabilita%c2%bb\\\/\"]}]},{\"@type\":\"ImageObject\",\"inLanguage\":\"fr-FR\",\"@id\":\"https:\\\/\\\/www.bellunopress.it\\\/2009\\\/10\\\/23\\\/l%e2%80%99assessore-de-gan-%c2%absest-i-lavoratori-e-l%e2%80%99azienda-hanno-dato-una-lezione-di-grande-senso-di-responsabilita%c2%bb\\\/#primaryimage\",\"url\":\"http:\\\/\\\/www.bellunopress.it\\\/wp-content\\\/uploads\\\/2009\\\/10\\\/stefano-de-gan.jpg\",\"contentUrl\":\"http:\\\/\\\/www.bellunopress.it\\\/wp-content\\\/uploads\\\/2009\\\/10\\\/stefano-de-gan.jpg\"},{\"@type\":\"BreadcrumbList\",\"@id\":\"https:\\\/\\\/www.bellunopress.it\\\/2009\\\/10\\\/23\\\/l%e2%80%99assessore-de-gan-%c2%absest-i-lavoratori-e-l%e2%80%99azienda-hanno-dato-una-lezione-di-grande-senso-di-responsabilita%c2%bb\\\/#breadcrumb\",\"itemListElement\":[{\"@type\":\"ListItem\",\"position\":1,\"name\":\"Home\",\"item\":\"https:\\\/\\\/www.bellunopress.it\\\/\"},{\"@type\":\"ListItem\",\"position\":2,\"name\":\"L\u2019assessore De Gan: \u00abSest, i lavoratori e l\u2019azienda hanno dato una lezione di grande senso di responsabilit\u00e0\u00bb\"}]},{\"@type\":\"WebSite\",\"@id\":\"https:\\\/\\\/www.bellunopress.it\\\/#website\",\"url\":\"https:\\\/\\\/www.bellunopress.it\\\/\",\"name\":\"Bellunopress - Dolomiti\",\"description\":\"e-mail: redazione@bellunopress.it\",\"publisher\":{\"@id\":\"https:\\\/\\\/www.bellunopress.it\\\/#organization\"},\"potentialAction\":[{\"@type\":\"SearchAction\",\"target\":{\"@type\":\"EntryPoint\",\"urlTemplate\":\"https:\\\/\\\/www.bellunopress.it\\\/?s={search_term_string}\"},\"query-input\":{\"@type\":\"PropertyValueSpecification\",\"valueRequired\":true,\"valueName\":\"search_term_string\"}}],\"inLanguage\":\"fr-FR\"},{\"@type\":\"Organization\",\"@id\":\"https:\\\/\\\/www.bellunopress.it\\\/#organization\",\"name\":\"Bellunopress\",\"url\":\"https:\\\/\\\/www.bellunopress.it\\\/\",\"logo\":{\"@type\":\"ImageObject\",\"inLanguage\":\"fr-FR\",\"@id\":\"https:\\\/\\\/www.bellunopress.it\\\/#\\\/schema\\\/logo\\\/image\\\/\",\"url\":\"https:\\\/\\\/www.bellunopress.it\\\/wp-content\\\/uploads\\\/2011\\\/05\\\/cropped-logo-bellunopress-.jpg\",\"contentUrl\":\"https:\\\/\\\/www.bellunopress.it\\\/wp-content\\\/uploads\\\/2011\\\/05\\\/cropped-logo-bellunopress-.jpg\",\"width\":512,\"height\":512,\"caption\":\"Bellunopress\"},\"image\":{\"@id\":\"https:\\\/\\\/www.bellunopress.it\\\/#\\\/schema\\\/logo\\\/image\\\/\"},\"sameAs\":[\"https:\\\/\\\/www.facebook.com\\\/profile.php?id=100008943462799\",\"https:\\\/\\\/x.com\\\/bellunopress\",\"https:\\\/\\\/www.linkedin.com\\\/hp\\\/?dnr=JBzUWaJfMUw8vbXJJ2tVW5-I3jZKvC4wsoxE&amp;amp;amp;amp;amp;amp;trk=nav_responsive_tab_home\",\"https:\\\/\\\/www.youtube.com\\\/channel\\\/UCxL0wu1uN0_3_7hGG0306cw\"]},{\"@type\":\"Person\",\"@id\":\"https:\\\/\\\/www.bellunopress.it\\\/#\\\/schema\\\/person\\\/79bb06722b37ece1c03d3e94beb30d73\",\"name\":\"redazione\",\"image\":{\"@type\":\"ImageObject\",\"inLanguage\":\"fr-FR\",\"@id\":\"https:\\\/\\\/secure.gravatar.com\\\/avatar\\\/37d968a2e67a6fd04c169c4bdef102d0bc5d31b2546345219e348575eb80e9a0?s=96&d=mm&r=g\",\"url\":\"https:\\\/\\\/secure.gravatar.com\\\/avatar\\\/37d968a2e67a6fd04c169c4bdef102d0bc5d31b2546345219e348575eb80e9a0?s=96&d=mm&r=g\",\"contentUrl\":\"https:\\\/\\\/secure.gravatar.com\\\/avatar\\\/37d968a2e67a6fd04c169c4bdef102d0bc5d31b2546345219e348575eb80e9a0?s=96&d=mm&r=g\",\"caption\":\"redazione\"},\"sameAs\":[\"http:\\\/\\\/www.bellunopress.it\",\"https:\\\/\\\/x.com\\\/bellunopress\"],\"url\":\"https:\\\/\\\/www.bellunopress.it\\\/fr\\\/author\\\/redazione\\\/\"}]}<\/script>\n<!-- \/ Yoast SEO plugin. -->","yoast_head_json":{"title":"L\u2019assessore De Gan: \u00abSest, i lavoratori e l\u2019azienda hanno dato una lezione di grande senso di responsabilit\u00e0\u00bb - Bellunopress - Dolomiti","robots":{"index":"index","follow":"follow","max-snippet":"max-snippet:-1","max-image-preview":"max-image-preview:large","max-video-preview":"max-video-preview:-1"},"canonical":"https:\/\/www.bellunopress.it\/fr\/2009\/10\/23\/l\u2019assessore-de-gan-\u00absest-i-lavoratori-e-l\u2019azienda-hanno-dato-una-lezione-di-grande-senso-di-responsabilita\u00bb\/","og_locale":"fr_FR","og_type":"article","og_title":"L\u2019assessore De Gan: \u00abSest, i lavoratori e l\u2019azienda hanno dato una lezione di grande senso di responsabilit\u00e0\u00bb - Bellunopress - Dolomiti","og_description":"L\u2019assessore provinciale alle Politiche del Lavoro, Stefano De Gan, interviene sulla vicenda dell\u2019azienda Sest: \u00abUna dimostrazione di grande responsabilit\u00e0 da parte di tutti, che fa ben sperare per il futuro dell\u2019occupazione bellunese\u00bb. \u00ab Non posso che dirmi soddisfatto per come sembra si stia risolvendo la vicenda della Sest &#8211; ha commentato l\u2019assessore &#8211; . Intendo [&hellip;]","og_url":"https:\/\/www.bellunopress.it\/fr\/2009\/10\/23\/l\u2019assessore-de-gan-\u00absest-i-lavoratori-e-l\u2019azienda-hanno-dato-una-lezione-di-grande-senso-di-responsabilita\u00bb\/","og_site_name":"Bellunopress - Dolomiti","article_publisher":"https:\/\/www.facebook.com\/profile.php?id=100008943462799","article_published_time":"2009-10-23T10:26:46+00:00","og_image":[{"url":"http:\/\/www.bellunopress.it\/wp-content\/uploads\/2009\/10\/stefano-de-gan.jpg","type":"","width":"","height":""}],"author":"redazione","twitter_card":"summary_large_image","twitter_creator":"@bellunopress","twitter_site":"@bellunopress","twitter_misc":{"\u00c9crit par":"redazione","Dur\u00e9e de lecture estim\u00e9e":"1 minute"},"schema":{"@context":"https:\/\/schema.org","@graph":[{"@type":"Article","@id":"https:\/\/www.bellunopress.it\/2009\/10\/23\/l%e2%80%99assessore-de-gan-%c2%absest-i-lavoratori-e-l%e2%80%99azienda-hanno-dato-una-lezione-di-grande-senso-di-responsabilita%c2%bb\/#article","isPartOf":{"@id":"https:\/\/www.bellunopress.it\/2009\/10\/23\/l%e2%80%99assessore-de-gan-%c2%absest-i-lavoratori-e-l%e2%80%99azienda-hanno-dato-una-lezione-di-grande-senso-di-responsabilita%c2%bb\/"},"author":{"name":"redazione","@id":"https:\/\/www.bellunopress.it\/#\/schema\/person\/79bb06722b37ece1c03d3e94beb30d73"},"headline":"L\u2019assessore De Gan: \u00abSest, i lavoratori e l\u2019azienda hanno dato una lezione di grande senso di responsabilit\u00e0\u00bb","datePublished":"2009-10-23T10:26:46+00:00","mainEntityOfPage":{"@id":"https:\/\/www.bellunopress.it\/2009\/10\/23\/l%e2%80%99assessore-de-gan-%c2%absest-i-lavoratori-e-l%e2%80%99azienda-hanno-dato-una-lezione-di-grande-senso-di-responsabilita%c2%bb\/"},"wordCount":285,"publisher":{"@id":"https:\/\/www.bellunopress.it\/#organization"},"image":{"@id":"https:\/\/www.bellunopress.it\/2009\/10\/23\/l%e2%80%99assessore-de-gan-%c2%absest-i-lavoratori-e-l%e2%80%99azienda-hanno-dato-una-lezione-di-grande-senso-di-responsabilita%c2%bb\/#primaryimage"},"thumbnailUrl":"http:\/\/www.bellunopress.it\/wp-content\/uploads\/2009\/10\/stefano-de-gan.jpg","keywords":["Belluno"],"articleSection":["Cronaca\/Politica","Lavoro, Economia, Turismo","Prima Pagina"],"inLanguage":"fr-FR"},{"@type":"WebPage","@id":"https:\/\/www.bellunopress.it\/2009\/10\/23\/l%e2%80%99assessore-de-gan-%c2%absest-i-lavoratori-e-l%e2%80%99azienda-hanno-dato-una-lezione-di-grande-senso-di-responsabilita%c2%bb\/","url":"https:\/\/www.bellunopress.it\/2009\/10\/23\/l%e2%80%99assessore-de-gan-%c2%absest-i-lavoratori-e-l%e2%80%99azienda-hanno-dato-una-lezione-di-grande-senso-di-responsabilita%c2%bb\/","name":"L\u2019assessore De Gan: \u00abSest, i lavoratori e l\u2019azienda hanno dato una lezione di grande senso di responsabilit\u00e0\u00bb - Bellunopress - Dolomiti","isPartOf":{"@id":"https:\/\/www.bellunopress.it\/#website"},"primaryImageOfPage":{"@id":"https:\/\/www.bellunopress.it\/2009\/10\/23\/l%e2%80%99assessore-de-gan-%c2%absest-i-lavoratori-e-l%e2%80%99azienda-hanno-dato-una-lezione-di-grande-senso-di-responsabilita%c2%bb\/#primaryimage"},"image":{"@id":"https:\/\/www.bellunopress.it\/2009\/10\/23\/l%e2%80%99assessore-de-gan-%c2%absest-i-lavoratori-e-l%e2%80%99azienda-hanno-dato-una-lezione-di-grande-senso-di-responsabilita%c2%bb\/#primaryimage"},"thumbnailUrl":"http:\/\/www.bellunopress.it\/wp-content\/uploads\/2009\/10\/stefano-de-gan.jpg","datePublished":"2009-10-23T10:26:46+00:00","breadcrumb":{"@id":"https:\/\/www.bellunopress.it\/2009\/10\/23\/l%e2%80%99assessore-de-gan-%c2%absest-i-lavoratori-e-l%e2%80%99azienda-hanno-dato-una-lezione-di-grande-senso-di-responsabilita%c2%bb\/#breadcrumb"},"inLanguage":"fr-FR","potentialAction":[{"@type":"ReadAction","target":["https:\/\/www.bellunopress.it\/2009\/10\/23\/l%e2%80%99assessore-de-gan-%c2%absest-i-lavoratori-e-l%e2%80%99azienda-hanno-dato-una-lezione-di-grande-senso-di-responsabilita%c2%bb\/"]}]},{"@type":"ImageObject","inLanguage":"fr-FR","@id":"https:\/\/www.bellunopress.it\/2009\/10\/23\/l%e2%80%99assessore-de-gan-%c2%absest-i-lavoratori-e-l%e2%80%99azienda-hanno-dato-una-lezione-di-grande-senso-di-responsabilita%c2%bb\/#primaryimage","url":"http:\/\/www.bellunopress.it\/wp-content\/uploads\/2009\/10\/stefano-de-gan.jpg","contentUrl":"http:\/\/www.bellunopress.it\/wp-content\/uploads\/2009\/10\/stefano-de-gan.jpg"},{"@type":"BreadcrumbList","@id":"https:\/\/www.bellunopress.it\/2009\/10\/23\/l%e2%80%99assessore-de-gan-%c2%absest-i-lavoratori-e-l%e2%80%99azienda-hanno-dato-una-lezione-di-grande-senso-di-responsabilita%c2%bb\/#breadcrumb","itemListElement":[{"@type":"ListItem","position":1,"name":"Home","item":"https:\/\/www.bellunopress.it\/"},{"@type":"ListItem","position":2,"name":"L\u2019assessore De Gan: \u00abSest, i lavoratori e l\u2019azienda hanno dato una lezione di grande senso di responsabilit\u00e0\u00bb"}]},{"@type":"WebSite","@id":"https:\/\/www.bellunopress.it\/#website","url":"https:\/\/www.bellunopress.it\/","name":"Bellunopress - Dolomiti","description":"e-mail: redazione@bellunopress.it","publisher":{"@id":"https:\/\/www.bellunopress.it\/#organization"},"potentialAction":[{"@type":"SearchAction","target":{"@type":"EntryPoint","urlTemplate":"https:\/\/www.bellunopress.it\/?s={search_term_string}"},"query-input":{"@type":"PropertyValueSpecification","valueRequired":true,"valueName":"search_term_string"}}],"inLanguage":"fr-FR"},{"@type":"Organization","@id":"https:\/\/www.bellunopress.it\/#organization","name":"Bellunopress","url":"https:\/\/www.bellunopress.it\/","logo":{"@type":"ImageObject","inLanguage":"fr-FR","@id":"https:\/\/www.bellunopress.it\/#\/schema\/logo\/image\/","url":"https:\/\/www.bellunopress.it\/wp-content\/uploads\/2011\/05\/cropped-logo-bellunopress-.jpg","contentUrl":"https:\/\/www.bellunopress.it\/wp-content\/uploads\/2011\/05\/cropped-logo-bellunopress-.jpg","width":512,"height":512,"caption":"Bellunopress"},"image":{"@id":"https:\/\/www.bellunopress.it\/#\/schema\/logo\/image\/"},"sameAs":["https:\/\/www.facebook.com\/profile.php?id=100008943462799","https:\/\/x.com\/bellunopress","https:\/\/www.linkedin.com\/hp\/?dnr=JBzUWaJfMUw8vbXJJ2tVW5-I3jZKvC4wsoxE&amp;amp;amp;amp;amp;amp;trk=nav_responsive_tab_home","https:\/\/www.youtube.com\/channel\/UCxL0wu1uN0_3_7hGG0306cw"]},{"@type":"Person","@id":"https:\/\/www.bellunopress.it\/#\/schema\/person\/79bb06722b37ece1c03d3e94beb30d73","name":"r\u00e9daction","image":{"@type":"ImageObject","inLanguage":"fr-FR","@id":"https:\/\/secure.gravatar.com\/avatar\/37d968a2e67a6fd04c169c4bdef102d0bc5d31b2546345219e348575eb80e9a0?s=96&d=mm&r=g","url":"https:\/\/secure.gravatar.com\/avatar\/37d968a2e67a6fd04c169c4bdef102d0bc5d31b2546345219e348575eb80e9a0?s=96&d=mm&r=g","contentUrl":"https:\/\/secure.gravatar.com\/avatar\/37d968a2e67a6fd04c169c4bdef102d0bc5d31b2546345219e348575eb80e9a0?s=96&d=mm&r=g","caption":"redazione"},"sameAs":["http:\/\/www.bellunopress.it","https:\/\/x.com\/bellunopress"],"url":"https:\/\/www.bellunopress.it\/fr\/author\/redazione\/"}]}},"_links":{"self":[{"href":"https:\/\/www.bellunopress.it\/fr\/wp-json\/wp\/v2\/posts\/9120","targetHints":{"allow":["GET"]}}],"collection":[{"href":"https:\/\/www.bellunopress.it\/fr\/wp-json\/wp\/v2\/posts"}],"about":[{"href":"https:\/\/www.bellunopress.it\/fr\/wp-json\/wp\/v2\/types\/post"}],"author":[{"embeddable":true,"href":"https:\/\/www.bellunopress.it\/fr\/wp-json\/wp\/v2\/users\/2"}],"replies":[{"embeddable":true,"href":"https:\/\/www.bellunopress.it\/fr\/wp-json\/wp\/v2\/comments?post=9120"}],"version-history":[{"count":1,"href":"https:\/\/www.bellunopress.it\/fr\/wp-json\/wp\/v2\/posts\/9120\/revisions"}],"predecessor-version":[{"id":9122,"href":"https:\/\/www.bellunopress.it\/fr\/wp-json\/wp\/v2\/posts\/9120\/revisions\/9122"}],"wp:attachment":[{"href":"https:\/\/www.bellunopress.it\/fr\/wp-json\/wp\/v2\/media?parent=9120"}],"wp:term":[{"taxonomy":"category","embeddable":true,"href":"https:\/\/www.bellunopress.it\/fr\/wp-json\/wp\/v2\/categories?post=9120"},{"taxonomy":"post_tag","embeddable":true,"href":"https:\/\/www.bellunopress.it\/fr\/wp-json\/wp\/v2\/tags?post=9120"}],"curies":[{"name":"wp","href":"https:\/\/api.w.org\/{rel}","templated":true}]}}