{"id":9118,"date":"2009-10-23T11:15:36","date_gmt":"2009-10-23T10:15:36","guid":{"rendered":"http:\/\/www.bellunopress.it\/?p=9118"},"modified":"2009-10-23T11:15:36","modified_gmt":"2009-10-23T10:15:36","slug":"dobbiamo-aprire-il-ciclo-del-pd-quello-dell%e2%80%99ulivo-e-dell%e2%80%99unione-e-finito","status":"publish","type":"post","link":"https:\/\/www.bellunopress.it\/fr\/2009\/10\/23\/dobbiamo-aprire-il-ciclo-del-pd-quello-dell%e2%80%99ulivo-e-dell%e2%80%99unione-e-finito\/","title":{"rendered":"Dobbiamo aprire il ciclo del Pd, quello dell\u2019Ulivo e dell\u2019Unione \u00e8 finito"},"content":{"rendered":"<p>Il 25 ottobre 2009 con una forte partecipazione al voto potremmo avere la forza di presentare un\u2019alternativa credibile al modello berlusconiano di societ\u00e0 e di governo dello stato e dei nostri territori. Lo faremo proponendoci con 3 proposte congressuali che, al loro interno, hanno una base comune sui programmi e azioni da intraprendere. Ma che presentano delle differenze interpretate dai 3 candidati Franceschini. Marino, Bersani.<br \/>\nMa partiamo dall\u2019inizio. L\u2019Ulivo. Un Ulivo che fino ad oggi ha fatto un bel pezzo di strada. Inizia nel 1991 con la cosa 1 dal PCI al PDS. Nel 1998 dal PDS ai DS. Nel 2000 i Popolari, i Democratici e altre 2 sigle si fondono nella Margherita.<br \/>\nOggi la scelta del segretario privileger\u00e0 2 visioni di partito, di alleanze e di uomini. Una interpretata da\u00a0 Bersani l\u2019altra da Franceschini. Bersani \u00e8 orientato a portarci dal PD al PsD. Un partito socialdemocratico laico e di sinistra incentrato su una classe dirigente che si evince dai capilista e candidati alle primarie nelle varie citt\u00e0 e regioni: D\u2019Alema, Jervolino, Bassolino, La Ganga, Loiero. Con Bindi e Letta con il ruolo di cristiano sociali.<br \/>\nGli alleati naturali del PsD saranno da una parte un partito centrista, di ispirazione cattolica, e dall\u2019altra, all\u2019estrema sinistra del PD la rivitalizzazione degli apparati partitico-personalistici che hanno caratterizzato il cartello dell\u2019Unione di prodiana memoria.<br \/>\nQuesto percorso l\u2019abbiamo gi\u00e0 fatto e questa prospettiva non \u00e8 la mia.<br \/>\nL\u2019altra visione possibile \u00e8 quella con Franceschini segretario. Dall\u2019 Ulivo al Partito Democratico. La somma di storie diverse dentro un progetto comune, in un partito \u201caccogliente\u201d che sappia rappresentare una larga parte delle persone rispettando le differenze e facendone occasione di confronto, senza escludere nessuno. Un partito che non pu\u00f2 avere un\u2019identit\u00e0 granitica \u201dlaica e di sinistra\u201d.\u00a0 Un partito nel quale fanno politica uomini e donne diverse come la Binetti e la Serracchini, condividendo le regole del gioco , compresa quella che dopo la discussione si cerca la sintesi politica, altrimenti si vota a maggioranza.<br \/>\nUn Partito Democratico capace di innovare,\u00a0 rinnovare la propria classe dirigente cos\u00ec come avvenuto nelle candidature nelle liste con Debora Serracchiani, David Sassoli, Rita Borsellino e il candidato alla Segreteria Regionale Andrea Causin.<br \/>\nCon loro a livello locale Roger De Menech, neo sindaco di Ponte nelle Alpi e Irma Visalli.<br \/>\nUn Partito democratico a vocazione maggioritaria capace di fare alleanze in grado di reggere l\u2019impegno di Governare un paese, lasciando alla storia il cartello elettorale dell\u2019Unione.<br \/>\nPer tutto questo il 25 ottobre\u00a0 voto Dario Franceschini segretario nazionale e Andrea Causin segretario regionale.<br \/>\nMichele Dal Farra<br \/>\nIscritto e Elettore del PD<\/p>","protected":false},"excerpt":{"rendered":"<p>Il 25 ottobre 2009 con una forte partecipazione al voto potremmo avere la forza di presentare un\u2019alternativa credibile al modello berlusconiano di societ\u00e0 e di governo dello stato e dei nostri territori. Lo faremo proponendoci con 3 proposte congressuali che, al loro interno, hanno una base comune sui programmi e azioni da intraprendere. Ma che [&hellip;]<\/p>\n","protected":false},"author":2,"featured_media":0,"comment_status":"closed","ping_status":"open","sticky":false,"template":"","format":"standard","meta":{"footnotes":""},"categories":[1],"tags":[],"class_list":["post-9118","post","type-post","status-publish","format-standard","category-leo"],"yoast_head":"<!-- This site is optimized with the Yoast SEO plugin v28.4 - https:\/\/yoast.com\/product\/yoast-seo-wordpress\/ -->\n<title>Dobbiamo aprire il ciclo del Pd, quello dell\u2019Ulivo e dell\u2019Unione \u00e8 finito - Bellunopress - Dolomiti<\/title>\n<meta name=\"robots\" content=\"index, follow, max-snippet:-1, max-image-preview:large, max-video-preview:-1\" \/>\n<link rel=\"canonical\" href=\"https:\/\/www.bellunopress.it\/fr\/2009\/10\/23\/dobbiamo-aprire-il-ciclo-del-pd-quello-dell\u2019ulivo-e-dell\u2019unione-e-finito\/\" \/>\n<meta property=\"og:locale\" content=\"fr_FR\" \/>\n<meta property=\"og:type\" content=\"article\" \/>\n<meta property=\"og:title\" content=\"Dobbiamo aprire il ciclo del Pd, quello dell\u2019Ulivo e dell\u2019Unione \u00e8 finito - Bellunopress - Dolomiti\" \/>\n<meta property=\"og:description\" content=\"Il 25 ottobre 2009 con una forte partecipazione al voto potremmo avere la forza di presentare un\u2019alternativa credibile al modello berlusconiano di societ\u00e0 e di governo dello stato e dei nostri territori. Lo faremo proponendoci con 3 proposte congressuali che, al loro interno, hanno una base comune sui programmi e azioni da intraprendere. Ma che [&hellip;]\" \/>\n<meta property=\"og:url\" content=\"https:\/\/www.bellunopress.it\/fr\/2009\/10\/23\/dobbiamo-aprire-il-ciclo-del-pd-quello-dell\u2019ulivo-e-dell\u2019unione-e-finito\/\" \/>\n<meta property=\"og:site_name\" content=\"Bellunopress - Dolomiti\" \/>\n<meta property=\"article:publisher\" content=\"https:\/\/www.facebook.com\/profile.php?id=100008943462799\" \/>\n<meta property=\"article:published_time\" content=\"2009-10-23T10:15:36+00:00\" \/>\n<meta property=\"og:image\" content=\"http:\/\/www.bellunopress.it\/wp-content\/uploads\/2012\/07\/logo-bellunopress-250x250-2012.jpg\" \/>\n<meta name=\"author\" content=\"redazione\" \/>\n<meta name=\"twitter:card\" content=\"summary_large_image\" \/>\n<meta name=\"twitter:creator\" content=\"@bellunopress\" \/>\n<meta name=\"twitter:site\" content=\"@bellunopress\" \/>\n<meta name=\"twitter:label1\" content=\"\u00c9crit par\" \/>\n\t<meta name=\"twitter:data1\" content=\"redazione\" \/>\n\t<meta name=\"twitter:label2\" content=\"Dur\u00e9e de lecture estim\u00e9e\" \/>\n\t<meta name=\"twitter:data2\" content=\"2 minutes\" \/>\n<script type=\"application\/ld+json\" class=\"yoast-schema-graph\">{\"@context\":\"https:\\\/\\\/schema.org\",\"@graph\":[{\"@type\":\"Article\",\"@id\":\"https:\\\/\\\/www.bellunopress.it\\\/2009\\\/10\\\/23\\\/dobbiamo-aprire-il-ciclo-del-pd-quello-dell%e2%80%99ulivo-e-dell%e2%80%99unione-e-finito\\\/#article\",\"isPartOf\":{\"@id\":\"https:\\\/\\\/www.bellunopress.it\\\/2009\\\/10\\\/23\\\/dobbiamo-aprire-il-ciclo-del-pd-quello-dell%e2%80%99ulivo-e-dell%e2%80%99unione-e-finito\\\/\"},\"author\":{\"name\":\"redazione\",\"@id\":\"https:\\\/\\\/www.bellunopress.it\\\/#\\\/schema\\\/person\\\/79bb06722b37ece1c03d3e94beb30d73\"},\"headline\":\"Dobbiamo aprire il ciclo del Pd, quello dell\u2019Ulivo e dell\u2019Unione \u00e8 finito\",\"datePublished\":\"2009-10-23T10:15:36+00:00\",\"mainEntityOfPage\":{\"@id\":\"https:\\\/\\\/www.bellunopress.it\\\/2009\\\/10\\\/23\\\/dobbiamo-aprire-il-ciclo-del-pd-quello-dell%e2%80%99ulivo-e-dell%e2%80%99unione-e-finito\\\/\"},\"wordCount\":439,\"publisher\":{\"@id\":\"https:\\\/\\\/www.bellunopress.it\\\/#organization\"},\"articleSection\":[\"Lettere Opinioni\"],\"inLanguage\":\"fr-FR\"},{\"@type\":\"WebPage\",\"@id\":\"https:\\\/\\\/www.bellunopress.it\\\/2009\\\/10\\\/23\\\/dobbiamo-aprire-il-ciclo-del-pd-quello-dell%e2%80%99ulivo-e-dell%e2%80%99unione-e-finito\\\/\",\"url\":\"https:\\\/\\\/www.bellunopress.it\\\/2009\\\/10\\\/23\\\/dobbiamo-aprire-il-ciclo-del-pd-quello-dell%e2%80%99ulivo-e-dell%e2%80%99unione-e-finito\\\/\",\"name\":\"Dobbiamo aprire il ciclo del Pd, quello dell\u2019Ulivo e dell\u2019Unione \u00e8 finito - Bellunopress - Dolomiti\",\"isPartOf\":{\"@id\":\"https:\\\/\\\/www.bellunopress.it\\\/#website\"},\"datePublished\":\"2009-10-23T10:15:36+00:00\",\"breadcrumb\":{\"@id\":\"https:\\\/\\\/www.bellunopress.it\\\/2009\\\/10\\\/23\\\/dobbiamo-aprire-il-ciclo-del-pd-quello-dell%e2%80%99ulivo-e-dell%e2%80%99unione-e-finito\\\/#breadcrumb\"},\"inLanguage\":\"fr-FR\",\"potentialAction\":[{\"@type\":\"ReadAction\",\"target\":[\"https:\\\/\\\/www.bellunopress.it\\\/2009\\\/10\\\/23\\\/dobbiamo-aprire-il-ciclo-del-pd-quello-dell%e2%80%99ulivo-e-dell%e2%80%99unione-e-finito\\\/\"]}]},{\"@type\":\"BreadcrumbList\",\"@id\":\"https:\\\/\\\/www.bellunopress.it\\\/2009\\\/10\\\/23\\\/dobbiamo-aprire-il-ciclo-del-pd-quello-dell%e2%80%99ulivo-e-dell%e2%80%99unione-e-finito\\\/#breadcrumb\",\"itemListElement\":[{\"@type\":\"ListItem\",\"position\":1,\"name\":\"Home\",\"item\":\"https:\\\/\\\/www.bellunopress.it\\\/\"},{\"@type\":\"ListItem\",\"position\":2,\"name\":\"Dobbiamo aprire il ciclo del Pd, quello dell\u2019Ulivo e dell\u2019Unione \u00e8 finito\"}]},{\"@type\":\"WebSite\",\"@id\":\"https:\\\/\\\/www.bellunopress.it\\\/#website\",\"url\":\"https:\\\/\\\/www.bellunopress.it\\\/\",\"name\":\"Bellunopress - Dolomiti\",\"description\":\"e-mail: redazione@bellunopress.it\",\"publisher\":{\"@id\":\"https:\\\/\\\/www.bellunopress.it\\\/#organization\"},\"potentialAction\":[{\"@type\":\"SearchAction\",\"target\":{\"@type\":\"EntryPoint\",\"urlTemplate\":\"https:\\\/\\\/www.bellunopress.it\\\/?s={search_term_string}\"},\"query-input\":{\"@type\":\"PropertyValueSpecification\",\"valueRequired\":true,\"valueName\":\"search_term_string\"}}],\"inLanguage\":\"fr-FR\"},{\"@type\":\"Organization\",\"@id\":\"https:\\\/\\\/www.bellunopress.it\\\/#organization\",\"name\":\"Bellunopress\",\"url\":\"https:\\\/\\\/www.bellunopress.it\\\/\",\"logo\":{\"@type\":\"ImageObject\",\"inLanguage\":\"fr-FR\",\"@id\":\"https:\\\/\\\/www.bellunopress.it\\\/#\\\/schema\\\/logo\\\/image\\\/\",\"url\":\"https:\\\/\\\/www.bellunopress.it\\\/wp-content\\\/uploads\\\/2011\\\/05\\\/cropped-logo-bellunopress-.jpg\",\"contentUrl\":\"https:\\\/\\\/www.bellunopress.it\\\/wp-content\\\/uploads\\\/2011\\\/05\\\/cropped-logo-bellunopress-.jpg\",\"width\":512,\"height\":512,\"caption\":\"Bellunopress\"},\"image\":{\"@id\":\"https:\\\/\\\/www.bellunopress.it\\\/#\\\/schema\\\/logo\\\/image\\\/\"},\"sameAs\":[\"https:\\\/\\\/www.facebook.com\\\/profile.php?id=100008943462799\",\"https:\\\/\\\/x.com\\\/bellunopress\",\"https:\\\/\\\/www.linkedin.com\\\/hp\\\/?dnr=JBzUWaJfMUw8vbXJJ2tVW5-I3jZKvC4wsoxE&amp;amp;amp;amp;amp;amp;trk=nav_responsive_tab_home\",\"https:\\\/\\\/www.youtube.com\\\/channel\\\/UCxL0wu1uN0_3_7hGG0306cw\"]},{\"@type\":\"Person\",\"@id\":\"https:\\\/\\\/www.bellunopress.it\\\/#\\\/schema\\\/person\\\/79bb06722b37ece1c03d3e94beb30d73\",\"name\":\"redazione\",\"image\":{\"@type\":\"ImageObject\",\"inLanguage\":\"fr-FR\",\"@id\":\"https:\\\/\\\/secure.gravatar.com\\\/avatar\\\/37d968a2e67a6fd04c169c4bdef102d0bc5d31b2546345219e348575eb80e9a0?s=96&d=mm&r=g\",\"url\":\"https:\\\/\\\/secure.gravatar.com\\\/avatar\\\/37d968a2e67a6fd04c169c4bdef102d0bc5d31b2546345219e348575eb80e9a0?s=96&d=mm&r=g\",\"contentUrl\":\"https:\\\/\\\/secure.gravatar.com\\\/avatar\\\/37d968a2e67a6fd04c169c4bdef102d0bc5d31b2546345219e348575eb80e9a0?s=96&d=mm&r=g\",\"caption\":\"redazione\"},\"sameAs\":[\"http:\\\/\\\/www.bellunopress.it\",\"https:\\\/\\\/x.com\\\/bellunopress\"],\"url\":\"https:\\\/\\\/www.bellunopress.it\\\/fr\\\/author\\\/redazione\\\/\"}]}<\/script>\n<!-- \/ Yoast SEO plugin. -->","yoast_head_json":{"title":"Dobbiamo aprire il ciclo del Pd, quello dell\u2019Ulivo e dell\u2019Unione \u00e8 finito - Bellunopress - Dolomiti","robots":{"index":"index","follow":"follow","max-snippet":"max-snippet:-1","max-image-preview":"max-image-preview:large","max-video-preview":"max-video-preview:-1"},"canonical":"https:\/\/www.bellunopress.it\/fr\/2009\/10\/23\/dobbiamo-aprire-il-ciclo-del-pd-quello-dell\u2019ulivo-e-dell\u2019unione-e-finito\/","og_locale":"fr_FR","og_type":"article","og_title":"Dobbiamo aprire il ciclo del Pd, quello dell\u2019Ulivo e dell\u2019Unione \u00e8 finito - Bellunopress - Dolomiti","og_description":"Il 25 ottobre 2009 con una forte partecipazione al voto potremmo avere la forza di presentare un\u2019alternativa credibile al modello berlusconiano di societ\u00e0 e di governo dello stato e dei nostri territori. Lo faremo proponendoci con 3 proposte congressuali che, al loro interno, hanno una base comune sui programmi e azioni da intraprendere. Ma che [&hellip;]","og_url":"https:\/\/www.bellunopress.it\/fr\/2009\/10\/23\/dobbiamo-aprire-il-ciclo-del-pd-quello-dell\u2019ulivo-e-dell\u2019unione-e-finito\/","og_site_name":"Bellunopress - Dolomiti","article_publisher":"https:\/\/www.facebook.com\/profile.php?id=100008943462799","article_published_time":"2009-10-23T10:15:36+00:00","og_image":[{"url":"http:\/\/www.bellunopress.it\/wp-content\/uploads\/2012\/07\/logo-bellunopress-250x250-2012.jpg","type":"","width":"","height":""}],"author":"redazione","twitter_card":"summary_large_image","twitter_creator":"@bellunopress","twitter_site":"@bellunopress","twitter_misc":{"\u00c9crit par":"redazione","Dur\u00e9e de lecture estim\u00e9e":"2 minutes"},"schema":{"@context":"https:\/\/schema.org","@graph":[{"@type":"Article","@id":"https:\/\/www.bellunopress.it\/2009\/10\/23\/dobbiamo-aprire-il-ciclo-del-pd-quello-dell%e2%80%99ulivo-e-dell%e2%80%99unione-e-finito\/#article","isPartOf":{"@id":"https:\/\/www.bellunopress.it\/2009\/10\/23\/dobbiamo-aprire-il-ciclo-del-pd-quello-dell%e2%80%99ulivo-e-dell%e2%80%99unione-e-finito\/"},"author":{"name":"redazione","@id":"https:\/\/www.bellunopress.it\/#\/schema\/person\/79bb06722b37ece1c03d3e94beb30d73"},"headline":"Dobbiamo aprire il ciclo del Pd, quello dell\u2019Ulivo e dell\u2019Unione \u00e8 finito","datePublished":"2009-10-23T10:15:36+00:00","mainEntityOfPage":{"@id":"https:\/\/www.bellunopress.it\/2009\/10\/23\/dobbiamo-aprire-il-ciclo-del-pd-quello-dell%e2%80%99ulivo-e-dell%e2%80%99unione-e-finito\/"},"wordCount":439,"publisher":{"@id":"https:\/\/www.bellunopress.it\/#organization"},"articleSection":["Lettere Opinioni"],"inLanguage":"fr-FR"},{"@type":"WebPage","@id":"https:\/\/www.bellunopress.it\/2009\/10\/23\/dobbiamo-aprire-il-ciclo-del-pd-quello-dell%e2%80%99ulivo-e-dell%e2%80%99unione-e-finito\/","url":"https:\/\/www.bellunopress.it\/2009\/10\/23\/dobbiamo-aprire-il-ciclo-del-pd-quello-dell%e2%80%99ulivo-e-dell%e2%80%99unione-e-finito\/","name":"Dobbiamo aprire il ciclo del Pd, quello dell\u2019Ulivo e dell\u2019Unione \u00e8 finito - Bellunopress - Dolomiti","isPartOf":{"@id":"https:\/\/www.bellunopress.it\/#website"},"datePublished":"2009-10-23T10:15:36+00:00","breadcrumb":{"@id":"https:\/\/www.bellunopress.it\/2009\/10\/23\/dobbiamo-aprire-il-ciclo-del-pd-quello-dell%e2%80%99ulivo-e-dell%e2%80%99unione-e-finito\/#breadcrumb"},"inLanguage":"fr-FR","potentialAction":[{"@type":"ReadAction","target":["https:\/\/www.bellunopress.it\/2009\/10\/23\/dobbiamo-aprire-il-ciclo-del-pd-quello-dell%e2%80%99ulivo-e-dell%e2%80%99unione-e-finito\/"]}]},{"@type":"BreadcrumbList","@id":"https:\/\/www.bellunopress.it\/2009\/10\/23\/dobbiamo-aprire-il-ciclo-del-pd-quello-dell%e2%80%99ulivo-e-dell%e2%80%99unione-e-finito\/#breadcrumb","itemListElement":[{"@type":"ListItem","position":1,"name":"Home","item":"https:\/\/www.bellunopress.it\/"},{"@type":"ListItem","position":2,"name":"Dobbiamo aprire il ciclo del Pd, quello dell\u2019Ulivo e dell\u2019Unione \u00e8 finito"}]},{"@type":"WebSite","@id":"https:\/\/www.bellunopress.it\/#website","url":"https:\/\/www.bellunopress.it\/","name":"Bellunopress - Dolomiti","description":"e-mail: redazione@bellunopress.it","publisher":{"@id":"https:\/\/www.bellunopress.it\/#organization"},"potentialAction":[{"@type":"SearchAction","target":{"@type":"EntryPoint","urlTemplate":"https:\/\/www.bellunopress.it\/?s={search_term_string}"},"query-input":{"@type":"PropertyValueSpecification","valueRequired":true,"valueName":"search_term_string"}}],"inLanguage":"fr-FR"},{"@type":"Organization","@id":"https:\/\/www.bellunopress.it\/#organization","name":"Bellunopress","url":"https:\/\/www.bellunopress.it\/","logo":{"@type":"ImageObject","inLanguage":"fr-FR","@id":"https:\/\/www.bellunopress.it\/#\/schema\/logo\/image\/","url":"https:\/\/www.bellunopress.it\/wp-content\/uploads\/2011\/05\/cropped-logo-bellunopress-.jpg","contentUrl":"https:\/\/www.bellunopress.it\/wp-content\/uploads\/2011\/05\/cropped-logo-bellunopress-.jpg","width":512,"height":512,"caption":"Bellunopress"},"image":{"@id":"https:\/\/www.bellunopress.it\/#\/schema\/logo\/image\/"},"sameAs":["https:\/\/www.facebook.com\/profile.php?id=100008943462799","https:\/\/x.com\/bellunopress","https:\/\/www.linkedin.com\/hp\/?dnr=JBzUWaJfMUw8vbXJJ2tVW5-I3jZKvC4wsoxE&amp;amp;amp;amp;amp;amp;trk=nav_responsive_tab_home","https:\/\/www.youtube.com\/channel\/UCxL0wu1uN0_3_7hGG0306cw"]},{"@type":"Person","@id":"https:\/\/www.bellunopress.it\/#\/schema\/person\/79bb06722b37ece1c03d3e94beb30d73","name":"r\u00e9daction","image":{"@type":"ImageObject","inLanguage":"fr-FR","@id":"https:\/\/secure.gravatar.com\/avatar\/37d968a2e67a6fd04c169c4bdef102d0bc5d31b2546345219e348575eb80e9a0?s=96&d=mm&r=g","url":"https:\/\/secure.gravatar.com\/avatar\/37d968a2e67a6fd04c169c4bdef102d0bc5d31b2546345219e348575eb80e9a0?s=96&d=mm&r=g","contentUrl":"https:\/\/secure.gravatar.com\/avatar\/37d968a2e67a6fd04c169c4bdef102d0bc5d31b2546345219e348575eb80e9a0?s=96&d=mm&r=g","caption":"redazione"},"sameAs":["http:\/\/www.bellunopress.it","https:\/\/x.com\/bellunopress"],"url":"https:\/\/www.bellunopress.it\/fr\/author\/redazione\/"}]}},"_links":{"self":[{"href":"https:\/\/www.bellunopress.it\/fr\/wp-json\/wp\/v2\/posts\/9118","targetHints":{"allow":["GET"]}}],"collection":[{"href":"https:\/\/www.bellunopress.it\/fr\/wp-json\/wp\/v2\/posts"}],"about":[{"href":"https:\/\/www.bellunopress.it\/fr\/wp-json\/wp\/v2\/types\/post"}],"author":[{"embeddable":true,"href":"https:\/\/www.bellunopress.it\/fr\/wp-json\/wp\/v2\/users\/2"}],"replies":[{"embeddable":true,"href":"https:\/\/www.bellunopress.it\/fr\/wp-json\/wp\/v2\/comments?post=9118"}],"version-history":[{"count":1,"href":"https:\/\/www.bellunopress.it\/fr\/wp-json\/wp\/v2\/posts\/9118\/revisions"}],"predecessor-version":[{"id":9119,"href":"https:\/\/www.bellunopress.it\/fr\/wp-json\/wp\/v2\/posts\/9118\/revisions\/9119"}],"wp:attachment":[{"href":"https:\/\/www.bellunopress.it\/fr\/wp-json\/wp\/v2\/media?parent=9118"}],"wp:term":[{"taxonomy":"category","embeddable":true,"href":"https:\/\/www.bellunopress.it\/fr\/wp-json\/wp\/v2\/categories?post=9118"},{"taxonomy":"post_tag","embeddable":true,"href":"https:\/\/www.bellunopress.it\/fr\/wp-json\/wp\/v2\/tags?post=9118"}],"curies":[{"name":"wp","href":"https:\/\/api.w.org\/{rel}","templated":true}]}}