{"id":9107,"date":"2009-10-22T22:12:52","date_gmt":"2009-10-22T21:12:52","guid":{"rendered":"http:\/\/www.bellunopress.it\/?p=9107"},"modified":"2009-10-22T22:12:52","modified_gmt":"2009-10-22T21:12:52","slug":"sicurezza-stradale-riunione-in-prefettura-della-conferenza-provinciale-permanente","status":"publish","type":"post","link":"https:\/\/www.bellunopress.it\/fr\/2009\/10\/22\/sicurezza-stradale-riunione-in-prefettura-della-conferenza-provinciale-permanente\/","title":{"rendered":"Sicurezza stradale:  riunione in Prefettura della Conferenza provinciale permanente"},"content":{"rendered":"<p><a href=\"http:\/\/www.bellunopress.it\/wp-content\/uploads\/2009\/07\/prefettura-250x180.jpg\"><img loading=\"lazy\" decoding=\"async\" class=\"alignleft size-medium wp-image-6267\" title=\"prefettura-250x180\" src=\"http:\/\/www.bellunopress.it\/wp-content\/uploads\/2009\/07\/prefettura-250x180.jpg\" alt=\"\" width=\"253\" height=\"181\" \/><\/a>Il tema della sicurezza stradale e delle azioni volte ad infrenare il numero degli incidenti \u00e8 stato nella mattinata odierna (gioved\u00ec 22) al centro di una riunione della Conferenza Provinciale Permanente,\u00a0 alla quale hanno preso parte la Provincia ed il Comune di Belluno,\u00a0 il Procuratore della Repubblica, il Questore, il Comandante Provinciale dei Carabinieri, il Comandante Provinciale della Guardia di Finanza, il Vice Comandante del Corpo Forestale dello Stato, il Comandante della Sezione di Polizia Stradale, il Presidente dell\u2019ACI di Belluno, il Direttore della Motorizzazione Civile, i rappresentanti dei Comuni di Agordo, Cortina, Farra d\u2019Alpago, Feltre, Mel e Ponte nelle Alpi, i dirigenti di Anas e Veneto Strade. Nel corso dell\u2019incontro sono state approfondite ed analizzate le linee guida dettate dalla \u201cDirettiva per garantire un\u2019azione coordinata di prevenzione e contrasto dell\u2019eccesso di velocit\u00e0 sulle strade\u201d del Ministro dell\u2019interno del 14 agosto scorso che disciplina anche in modo dettagliato l\u2019utilizzo delle apparecchiature automatiche di controllo della velocit\u00e0, nell\u2019ottica di conseguire una maggiore sicurezza stradale; allo scopo di ridurre l\u2019incidentalit\u00e0 stradale determinata dalla velocit\u00e0, la direttiva\u00a0 richiede l\u2019intensificazione dell\u2019azione di contrasto delle forze di polizia e delle polizie municipali, specie sui tratti di strada in cui l\u2019incidentalit\u00e0 \u00e8 maggiore, nonch\u00e9 una azione di coordinamento delle risorse provinciali insieme ad un\u2019adeguata pianificazione degli interventi<br \/>\nLa Polizia stradale ha portato all\u2019attenzione del tavolo i dati relativi all\u2019incidentalit\u00e0 stradale degli anni: 2007 (fonte dati Istat \u2013 ACI) con 691 sinistri che hanno causato 971 feriti (di cui 132 motociclisti), 39 morti (di cui 17 motociclisti); 2008 (fonte dati Forze dell\u2019Ordine in corso di esame e validazione da parte dell\u2019ISTAT) con 915 sinistri che hanno causato 532 feriti, 14 morti (di cui 7 motociclisti); 2009 (fonte dati Forze dell\u2019Ordine aggiornati al 31.08.2009) con 616 sinistri che hanno causato 403 feriti, 9 morti (di cui 3 motociclisti). L\u2019elaborazione dei dati della Polizia stradale ha altres\u00ec permesso di individuare i tratti stradali interessati dagli incidenti sulla SS50, SS51, SP1, SR203,SR348 e la SR48. Nel corso del dibattito \u00e8 stata rilevata la necessit\u00e0 di\u00a0 procedere ad un coordinamento territoriale tra Forze di Polizia e Polizie locali in modo da evitare duplicazioni di rilevamenti nella medesima zona, attraverso una pi\u00f9 adeguata attivit\u00e0 di individuazione dei punti stradali pi\u00f9 critici per la circolazione e dei tratti di strada in cui \u00e8 consentito l&#8217;impiego di sistemi di controllo remoto delle violazioni. La Provincia ha inoltre sottolineato sia l\u2019importanza della diffusione di una cultura della sicurezza stradale che punti alla prevenzione degli incidenti attraverso la sensibilizzazione e l\u2019educazione degli utenti sia l\u2019opportunit\u00e0 di attuare una campagna di comunicazione sul tema. Infine, verr\u00e0 costituito, d\u2019intesa con l\u2019Amministrazione provinciale, un Osservatorio finalizzato al monitoraggio degli incidenti stradali dipendenti dall\u2019eccesso di velocit\u00e0. Lo stesso misurer\u00e0 l\u2019efficacia delle attivit\u00e0 di contrasto che verranno adottate, analizzer\u00e0 i dati provenienti dalle rilevazioni curate dagli organi di polizia stradale, monitorer\u00e0 lo stato della sicurezza sulle strade e proporr\u00e0 le eventuali ulteriori iniziative da intraprendere. La Conferenza permanente, dopo questo primo incontro di analisi ed approfondimento conoscitivo dei dati, proceder\u00e0 ad avviare iniziative concrete allo scopo di attuare una coordinata politica della sicurezza stradale provinciale, in attuazione della direttiva del Ministro dell\u2019interno.<\/p>","protected":false},"excerpt":{"rendered":"<p>Il tema della sicurezza stradale e delle azioni volte ad infrenare il numero degli incidenti \u00e8 stato nella mattinata odierna (gioved\u00ec 22) al centro di una riunione della Conferenza Provinciale Permanente,\u00a0 alla quale hanno preso parte la Provincia ed il Comune di Belluno,\u00a0 il Procuratore della Repubblica, il Questore, il Comandante Provinciale dei Carabinieri, il [&hellip;]<\/p>\n","protected":false},"author":2,"featured_media":0,"comment_status":"closed","ping_status":"open","sticky":false,"template":"","format":"standard","meta":{"footnotes":""},"categories":[5,26],"tags":[139,302],"class_list":["post-9107","post","type-post","status-publish","format-standard","category-cronaca","category-prima-pagina","tag-belluno","tag-feltre"],"yoast_head":"<!-- This site is optimized with the Yoast SEO plugin v28.4 - https:\/\/yoast.com\/product\/yoast-seo-wordpress\/ -->\n<title>Sicurezza stradale: riunione in Prefettura della Conferenza provinciale permanente - Bellunopress - Dolomiti<\/title>\n<meta name=\"robots\" content=\"index, follow, max-snippet:-1, max-image-preview:large, max-video-preview:-1\" \/>\n<link rel=\"canonical\" href=\"https:\/\/www.bellunopress.it\/fr\/2009\/10\/22\/sicurezza-stradale-riunione-in-prefettura-della-conferenza-provinciale-permanente\/\" \/>\n<meta property=\"og:locale\" content=\"fr_FR\" \/>\n<meta property=\"og:type\" content=\"article\" \/>\n<meta property=\"og:title\" content=\"Sicurezza stradale: riunione in Prefettura della Conferenza provinciale permanente - Bellunopress - Dolomiti\" \/>\n<meta property=\"og:description\" content=\"Il tema della sicurezza stradale e delle azioni volte ad infrenare il numero degli incidenti \u00e8 stato nella mattinata odierna (gioved\u00ec 22) al centro di una riunione della Conferenza Provinciale Permanente,\u00a0 alla quale hanno preso parte la Provincia ed il Comune di Belluno,\u00a0 il Procuratore della Repubblica, il Questore, il Comandante Provinciale dei Carabinieri, il [&hellip;]\" \/>\n<meta property=\"og:url\" content=\"https:\/\/www.bellunopress.it\/fr\/2009\/10\/22\/sicurezza-stradale-riunione-in-prefettura-della-conferenza-provinciale-permanente\/\" \/>\n<meta property=\"og:site_name\" content=\"Bellunopress - Dolomiti\" \/>\n<meta property=\"article:publisher\" content=\"https:\/\/www.facebook.com\/profile.php?id=100008943462799\" \/>\n<meta property=\"article:published_time\" content=\"2009-10-22T21:12:52+00:00\" \/>\n<meta property=\"og:image\" content=\"http:\/\/www.bellunopress.it\/wp-content\/uploads\/2009\/07\/prefettura-250x180.jpg\" \/>\n<meta name=\"author\" content=\"redazione\" \/>\n<meta name=\"twitter:card\" content=\"summary_large_image\" \/>\n<meta name=\"twitter:creator\" content=\"@bellunopress\" \/>\n<meta name=\"twitter:site\" content=\"@bellunopress\" \/>\n<meta name=\"twitter:label1\" content=\"\u00c9crit par\" \/>\n\t<meta name=\"twitter:data1\" content=\"redazione\" \/>\n\t<meta name=\"twitter:label2\" content=\"Dur\u00e9e de lecture estim\u00e9e\" \/>\n\t<meta name=\"twitter:data2\" content=\"3 minutes\" \/>\n<script type=\"application\/ld+json\" class=\"yoast-schema-graph\">{\"@context\":\"https:\\\/\\\/schema.org\",\"@graph\":[{\"@type\":\"Article\",\"@id\":\"https:\\\/\\\/www.bellunopress.it\\\/2009\\\/10\\\/22\\\/sicurezza-stradale-riunione-in-prefettura-della-conferenza-provinciale-permanente\\\/#article\",\"isPartOf\":{\"@id\":\"https:\\\/\\\/www.bellunopress.it\\\/2009\\\/10\\\/22\\\/sicurezza-stradale-riunione-in-prefettura-della-conferenza-provinciale-permanente\\\/\"},\"author\":{\"name\":\"redazione\",\"@id\":\"https:\\\/\\\/www.bellunopress.it\\\/#\\\/schema\\\/person\\\/79bb06722b37ece1c03d3e94beb30d73\"},\"headline\":\"Sicurezza stradale: riunione in Prefettura della Conferenza provinciale permanente\",\"datePublished\":\"2009-10-22T21:12:52+00:00\",\"mainEntityOfPage\":{\"@id\":\"https:\\\/\\\/www.bellunopress.it\\\/2009\\\/10\\\/22\\\/sicurezza-stradale-riunione-in-prefettura-della-conferenza-provinciale-permanente\\\/\"},\"wordCount\":535,\"publisher\":{\"@id\":\"https:\\\/\\\/www.bellunopress.it\\\/#organization\"},\"image\":{\"@id\":\"https:\\\/\\\/www.bellunopress.it\\\/2009\\\/10\\\/22\\\/sicurezza-stradale-riunione-in-prefettura-della-conferenza-provinciale-permanente\\\/#primaryimage\"},\"thumbnailUrl\":\"http:\\\/\\\/www.bellunopress.it\\\/wp-content\\\/uploads\\\/2009\\\/07\\\/prefettura-250x180.jpg\",\"keywords\":[\"Belluno\",\"Feltre\"],\"articleSection\":[\"Cronaca\\\/Politica\",\"Prima Pagina\"],\"inLanguage\":\"fr-FR\"},{\"@type\":\"WebPage\",\"@id\":\"https:\\\/\\\/www.bellunopress.it\\\/2009\\\/10\\\/22\\\/sicurezza-stradale-riunione-in-prefettura-della-conferenza-provinciale-permanente\\\/\",\"url\":\"https:\\\/\\\/www.bellunopress.it\\\/2009\\\/10\\\/22\\\/sicurezza-stradale-riunione-in-prefettura-della-conferenza-provinciale-permanente\\\/\",\"name\":\"Sicurezza stradale: riunione in Prefettura della Conferenza provinciale permanente - Bellunopress - Dolomiti\",\"isPartOf\":{\"@id\":\"https:\\\/\\\/www.bellunopress.it\\\/#website\"},\"primaryImageOfPage\":{\"@id\":\"https:\\\/\\\/www.bellunopress.it\\\/2009\\\/10\\\/22\\\/sicurezza-stradale-riunione-in-prefettura-della-conferenza-provinciale-permanente\\\/#primaryimage\"},\"image\":{\"@id\":\"https:\\\/\\\/www.bellunopress.it\\\/2009\\\/10\\\/22\\\/sicurezza-stradale-riunione-in-prefettura-della-conferenza-provinciale-permanente\\\/#primaryimage\"},\"thumbnailUrl\":\"http:\\\/\\\/www.bellunopress.it\\\/wp-content\\\/uploads\\\/2009\\\/07\\\/prefettura-250x180.jpg\",\"datePublished\":\"2009-10-22T21:12:52+00:00\",\"breadcrumb\":{\"@id\":\"https:\\\/\\\/www.bellunopress.it\\\/2009\\\/10\\\/22\\\/sicurezza-stradale-riunione-in-prefettura-della-conferenza-provinciale-permanente\\\/#breadcrumb\"},\"inLanguage\":\"fr-FR\",\"potentialAction\":[{\"@type\":\"ReadAction\",\"target\":[\"https:\\\/\\\/www.bellunopress.it\\\/2009\\\/10\\\/22\\\/sicurezza-stradale-riunione-in-prefettura-della-conferenza-provinciale-permanente\\\/\"]}]},{\"@type\":\"ImageObject\",\"inLanguage\":\"fr-FR\",\"@id\":\"https:\\\/\\\/www.bellunopress.it\\\/2009\\\/10\\\/22\\\/sicurezza-stradale-riunione-in-prefettura-della-conferenza-provinciale-permanente\\\/#primaryimage\",\"url\":\"http:\\\/\\\/www.bellunopress.it\\\/wp-content\\\/uploads\\\/2009\\\/07\\\/prefettura-250x180.jpg\",\"contentUrl\":\"http:\\\/\\\/www.bellunopress.it\\\/wp-content\\\/uploads\\\/2009\\\/07\\\/prefettura-250x180.jpg\"},{\"@type\":\"BreadcrumbList\",\"@id\":\"https:\\\/\\\/www.bellunopress.it\\\/2009\\\/10\\\/22\\\/sicurezza-stradale-riunione-in-prefettura-della-conferenza-provinciale-permanente\\\/#breadcrumb\",\"itemListElement\":[{\"@type\":\"ListItem\",\"position\":1,\"name\":\"Home\",\"item\":\"https:\\\/\\\/www.bellunopress.it\\\/\"},{\"@type\":\"ListItem\",\"position\":2,\"name\":\"Sicurezza stradale: riunione in Prefettura della Conferenza provinciale permanente\"}]},{\"@type\":\"WebSite\",\"@id\":\"https:\\\/\\\/www.bellunopress.it\\\/#website\",\"url\":\"https:\\\/\\\/www.bellunopress.it\\\/\",\"name\":\"Bellunopress - Dolomiti\",\"description\":\"e-mail: redazione@bellunopress.it\",\"publisher\":{\"@id\":\"https:\\\/\\\/www.bellunopress.it\\\/#organization\"},\"potentialAction\":[{\"@type\":\"SearchAction\",\"target\":{\"@type\":\"EntryPoint\",\"urlTemplate\":\"https:\\\/\\\/www.bellunopress.it\\\/?s={search_term_string}\"},\"query-input\":{\"@type\":\"PropertyValueSpecification\",\"valueRequired\":true,\"valueName\":\"search_term_string\"}}],\"inLanguage\":\"fr-FR\"},{\"@type\":\"Organization\",\"@id\":\"https:\\\/\\\/www.bellunopress.it\\\/#organization\",\"name\":\"Bellunopress\",\"url\":\"https:\\\/\\\/www.bellunopress.it\\\/\",\"logo\":{\"@type\":\"ImageObject\",\"inLanguage\":\"fr-FR\",\"@id\":\"https:\\\/\\\/www.bellunopress.it\\\/#\\\/schema\\\/logo\\\/image\\\/\",\"url\":\"https:\\\/\\\/www.bellunopress.it\\\/wp-content\\\/uploads\\\/2011\\\/05\\\/cropped-logo-bellunopress-.jpg\",\"contentUrl\":\"https:\\\/\\\/www.bellunopress.it\\\/wp-content\\\/uploads\\\/2011\\\/05\\\/cropped-logo-bellunopress-.jpg\",\"width\":512,\"height\":512,\"caption\":\"Bellunopress\"},\"image\":{\"@id\":\"https:\\\/\\\/www.bellunopress.it\\\/#\\\/schema\\\/logo\\\/image\\\/\"},\"sameAs\":[\"https:\\\/\\\/www.facebook.com\\\/profile.php?id=100008943462799\",\"https:\\\/\\\/x.com\\\/bellunopress\",\"https:\\\/\\\/www.linkedin.com\\\/hp\\\/?dnr=JBzUWaJfMUw8vbXJJ2tVW5-I3jZKvC4wsoxE&amp;amp;amp;amp;amp;amp;trk=nav_responsive_tab_home\",\"https:\\\/\\\/www.youtube.com\\\/channel\\\/UCxL0wu1uN0_3_7hGG0306cw\"]},{\"@type\":\"Person\",\"@id\":\"https:\\\/\\\/www.bellunopress.it\\\/#\\\/schema\\\/person\\\/79bb06722b37ece1c03d3e94beb30d73\",\"name\":\"redazione\",\"image\":{\"@type\":\"ImageObject\",\"inLanguage\":\"fr-FR\",\"@id\":\"https:\\\/\\\/secure.gravatar.com\\\/avatar\\\/37d968a2e67a6fd04c169c4bdef102d0bc5d31b2546345219e348575eb80e9a0?s=96&d=mm&r=g\",\"url\":\"https:\\\/\\\/secure.gravatar.com\\\/avatar\\\/37d968a2e67a6fd04c169c4bdef102d0bc5d31b2546345219e348575eb80e9a0?s=96&d=mm&r=g\",\"contentUrl\":\"https:\\\/\\\/secure.gravatar.com\\\/avatar\\\/37d968a2e67a6fd04c169c4bdef102d0bc5d31b2546345219e348575eb80e9a0?s=96&d=mm&r=g\",\"caption\":\"redazione\"},\"sameAs\":[\"http:\\\/\\\/www.bellunopress.it\",\"https:\\\/\\\/x.com\\\/bellunopress\"],\"url\":\"https:\\\/\\\/www.bellunopress.it\\\/fr\\\/author\\\/redazione\\\/\"}]}<\/script>\n<!-- \/ Yoast SEO plugin. -->","yoast_head_json":{"title":"Sicurezza stradale: riunione in Prefettura della Conferenza provinciale permanente - Bellunopress - Dolomiti","robots":{"index":"index","follow":"follow","max-snippet":"max-snippet:-1","max-image-preview":"max-image-preview:large","max-video-preview":"max-video-preview:-1"},"canonical":"https:\/\/www.bellunopress.it\/fr\/2009\/10\/22\/sicurezza-stradale-riunione-in-prefettura-della-conferenza-provinciale-permanente\/","og_locale":"fr_FR","og_type":"article","og_title":"Sicurezza stradale: riunione in Prefettura della Conferenza provinciale permanente - Bellunopress - Dolomiti","og_description":"Il tema della sicurezza stradale e delle azioni volte ad infrenare il numero degli incidenti \u00e8 stato nella mattinata odierna (gioved\u00ec 22) al centro di una riunione della Conferenza Provinciale Permanente,\u00a0 alla quale hanno preso parte la Provincia ed il Comune di Belluno,\u00a0 il Procuratore della Repubblica, il Questore, il Comandante Provinciale dei Carabinieri, il [&hellip;]","og_url":"https:\/\/www.bellunopress.it\/fr\/2009\/10\/22\/sicurezza-stradale-riunione-in-prefettura-della-conferenza-provinciale-permanente\/","og_site_name":"Bellunopress - Dolomiti","article_publisher":"https:\/\/www.facebook.com\/profile.php?id=100008943462799","article_published_time":"2009-10-22T21:12:52+00:00","og_image":[{"url":"http:\/\/www.bellunopress.it\/wp-content\/uploads\/2009\/07\/prefettura-250x180.jpg","type":"","width":"","height":""}],"author":"redazione","twitter_card":"summary_large_image","twitter_creator":"@bellunopress","twitter_site":"@bellunopress","twitter_misc":{"\u00c9crit par":"redazione","Dur\u00e9e de lecture estim\u00e9e":"3 minutes"},"schema":{"@context":"https:\/\/schema.org","@graph":[{"@type":"Article","@id":"https:\/\/www.bellunopress.it\/2009\/10\/22\/sicurezza-stradale-riunione-in-prefettura-della-conferenza-provinciale-permanente\/#article","isPartOf":{"@id":"https:\/\/www.bellunopress.it\/2009\/10\/22\/sicurezza-stradale-riunione-in-prefettura-della-conferenza-provinciale-permanente\/"},"author":{"name":"redazione","@id":"https:\/\/www.bellunopress.it\/#\/schema\/person\/79bb06722b37ece1c03d3e94beb30d73"},"headline":"Sicurezza stradale: riunione in Prefettura della Conferenza provinciale permanente","datePublished":"2009-10-22T21:12:52+00:00","mainEntityOfPage":{"@id":"https:\/\/www.bellunopress.it\/2009\/10\/22\/sicurezza-stradale-riunione-in-prefettura-della-conferenza-provinciale-permanente\/"},"wordCount":535,"publisher":{"@id":"https:\/\/www.bellunopress.it\/#organization"},"image":{"@id":"https:\/\/www.bellunopress.it\/2009\/10\/22\/sicurezza-stradale-riunione-in-prefettura-della-conferenza-provinciale-permanente\/#primaryimage"},"thumbnailUrl":"http:\/\/www.bellunopress.it\/wp-content\/uploads\/2009\/07\/prefettura-250x180.jpg","keywords":["Belluno","Feltre"],"articleSection":["Cronaca\/Politica","Prima Pagina"],"inLanguage":"fr-FR"},{"@type":"WebPage","@id":"https:\/\/www.bellunopress.it\/2009\/10\/22\/sicurezza-stradale-riunione-in-prefettura-della-conferenza-provinciale-permanente\/","url":"https:\/\/www.bellunopress.it\/2009\/10\/22\/sicurezza-stradale-riunione-in-prefettura-della-conferenza-provinciale-permanente\/","name":"Sicurezza stradale: riunione in Prefettura della Conferenza provinciale permanente - Bellunopress - Dolomiti","isPartOf":{"@id":"https:\/\/www.bellunopress.it\/#website"},"primaryImageOfPage":{"@id":"https:\/\/www.bellunopress.it\/2009\/10\/22\/sicurezza-stradale-riunione-in-prefettura-della-conferenza-provinciale-permanente\/#primaryimage"},"image":{"@id":"https:\/\/www.bellunopress.it\/2009\/10\/22\/sicurezza-stradale-riunione-in-prefettura-della-conferenza-provinciale-permanente\/#primaryimage"},"thumbnailUrl":"http:\/\/www.bellunopress.it\/wp-content\/uploads\/2009\/07\/prefettura-250x180.jpg","datePublished":"2009-10-22T21:12:52+00:00","breadcrumb":{"@id":"https:\/\/www.bellunopress.it\/2009\/10\/22\/sicurezza-stradale-riunione-in-prefettura-della-conferenza-provinciale-permanente\/#breadcrumb"},"inLanguage":"fr-FR","potentialAction":[{"@type":"ReadAction","target":["https:\/\/www.bellunopress.it\/2009\/10\/22\/sicurezza-stradale-riunione-in-prefettura-della-conferenza-provinciale-permanente\/"]}]},{"@type":"ImageObject","inLanguage":"fr-FR","@id":"https:\/\/www.bellunopress.it\/2009\/10\/22\/sicurezza-stradale-riunione-in-prefettura-della-conferenza-provinciale-permanente\/#primaryimage","url":"http:\/\/www.bellunopress.it\/wp-content\/uploads\/2009\/07\/prefettura-250x180.jpg","contentUrl":"http:\/\/www.bellunopress.it\/wp-content\/uploads\/2009\/07\/prefettura-250x180.jpg"},{"@type":"BreadcrumbList","@id":"https:\/\/www.bellunopress.it\/2009\/10\/22\/sicurezza-stradale-riunione-in-prefettura-della-conferenza-provinciale-permanente\/#breadcrumb","itemListElement":[{"@type":"ListItem","position":1,"name":"Home","item":"https:\/\/www.bellunopress.it\/"},{"@type":"ListItem","position":2,"name":"Sicurezza stradale: riunione in Prefettura della Conferenza provinciale permanente"}]},{"@type":"WebSite","@id":"https:\/\/www.bellunopress.it\/#website","url":"https:\/\/www.bellunopress.it\/","name":"Bellunopress - Dolomiti","description":"e-mail: redazione@bellunopress.it","publisher":{"@id":"https:\/\/www.bellunopress.it\/#organization"},"potentialAction":[{"@type":"SearchAction","target":{"@type":"EntryPoint","urlTemplate":"https:\/\/www.bellunopress.it\/?s={search_term_string}"},"query-input":{"@type":"PropertyValueSpecification","valueRequired":true,"valueName":"search_term_string"}}],"inLanguage":"fr-FR"},{"@type":"Organization","@id":"https:\/\/www.bellunopress.it\/#organization","name":"Bellunopress","url":"https:\/\/www.bellunopress.it\/","logo":{"@type":"ImageObject","inLanguage":"fr-FR","@id":"https:\/\/www.bellunopress.it\/#\/schema\/logo\/image\/","url":"https:\/\/www.bellunopress.it\/wp-content\/uploads\/2011\/05\/cropped-logo-bellunopress-.jpg","contentUrl":"https:\/\/www.bellunopress.it\/wp-content\/uploads\/2011\/05\/cropped-logo-bellunopress-.jpg","width":512,"height":512,"caption":"Bellunopress"},"image":{"@id":"https:\/\/www.bellunopress.it\/#\/schema\/logo\/image\/"},"sameAs":["https:\/\/www.facebook.com\/profile.php?id=100008943462799","https:\/\/x.com\/bellunopress","https:\/\/www.linkedin.com\/hp\/?dnr=JBzUWaJfMUw8vbXJJ2tVW5-I3jZKvC4wsoxE&amp;amp;amp;amp;amp;amp;trk=nav_responsive_tab_home","https:\/\/www.youtube.com\/channel\/UCxL0wu1uN0_3_7hGG0306cw"]},{"@type":"Person","@id":"https:\/\/www.bellunopress.it\/#\/schema\/person\/79bb06722b37ece1c03d3e94beb30d73","name":"r\u00e9daction","image":{"@type":"ImageObject","inLanguage":"fr-FR","@id":"https:\/\/secure.gravatar.com\/avatar\/37d968a2e67a6fd04c169c4bdef102d0bc5d31b2546345219e348575eb80e9a0?s=96&d=mm&r=g","url":"https:\/\/secure.gravatar.com\/avatar\/37d968a2e67a6fd04c169c4bdef102d0bc5d31b2546345219e348575eb80e9a0?s=96&d=mm&r=g","contentUrl":"https:\/\/secure.gravatar.com\/avatar\/37d968a2e67a6fd04c169c4bdef102d0bc5d31b2546345219e348575eb80e9a0?s=96&d=mm&r=g","caption":"redazione"},"sameAs":["http:\/\/www.bellunopress.it","https:\/\/x.com\/bellunopress"],"url":"https:\/\/www.bellunopress.it\/fr\/author\/redazione\/"}]}},"_links":{"self":[{"href":"https:\/\/www.bellunopress.it\/fr\/wp-json\/wp\/v2\/posts\/9107","targetHints":{"allow":["GET"]}}],"collection":[{"href":"https:\/\/www.bellunopress.it\/fr\/wp-json\/wp\/v2\/posts"}],"about":[{"href":"https:\/\/www.bellunopress.it\/fr\/wp-json\/wp\/v2\/types\/post"}],"author":[{"embeddable":true,"href":"https:\/\/www.bellunopress.it\/fr\/wp-json\/wp\/v2\/users\/2"}],"replies":[{"embeddable":true,"href":"https:\/\/www.bellunopress.it\/fr\/wp-json\/wp\/v2\/comments?post=9107"}],"version-history":[{"count":1,"href":"https:\/\/www.bellunopress.it\/fr\/wp-json\/wp\/v2\/posts\/9107\/revisions"}],"predecessor-version":[{"id":9108,"href":"https:\/\/www.bellunopress.it\/fr\/wp-json\/wp\/v2\/posts\/9107\/revisions\/9108"}],"wp:attachment":[{"href":"https:\/\/www.bellunopress.it\/fr\/wp-json\/wp\/v2\/media?parent=9107"}],"wp:term":[{"taxonomy":"category","embeddable":true,"href":"https:\/\/www.bellunopress.it\/fr\/wp-json\/wp\/v2\/categories?post=9107"},{"taxonomy":"post_tag","embeddable":true,"href":"https:\/\/www.bellunopress.it\/fr\/wp-json\/wp\/v2\/tags?post=9107"}],"curies":[{"name":"wp","href":"https:\/\/api.w.org\/{rel}","templated":true}]}}